{"id":8575,"date":"2022-02-04T21:31:49","date_gmt":"2022-02-04T19:31:49","guid":{"rendered":"https:\/\/www.welovecycling.com\/es\/?p=8575"},"modified":"2022-02-04T21:31:49","modified_gmt":"2022-02-04T19:31:49","slug":"roglic-2","status":"publish","type":"post","link":"https:\/\/www.welovecycling.com\/es\/2022\/02\/04\/roglic-2\/","title":{"rendered":"Roglic pregunta al Jumbo-Visma cual es la estrategia para el Tour"},"content":{"rendered":"<p><strong>Aunque faltan seis meses para el Tour de Francia, est\u00e1 claro que Roglic o alg\u00fan corredor de Jumbo Visma estar\u00e1n entre los favoritos y sus principales rivales ser\u00e1n Pogacar y los Ineos (salvo un acontecimiento inesperado, como una enfermedad o una lesi\u00f3n como la sufrida por Bernal).<\/strong><\/p>\n<p><!--more--><\/p>\n<p>Por ejemplo, ahora podemos decir con confianza que el Jumbo-Visma volver\u00e1 a ser uno de los equipos m\u00e1s fuertes del pelot\u00f3n, con no uno, ni dos, sino <a href=\"https:\/\/www.velo101.com\/pros\/article\/lrequipe-jumbovisma-se-montre-ambitieuse-pour-la-saison-2022--22508\">tres l\u00edderes<\/a>, el eterno favorito del Tour Primo\u017e Rogli\u010d, la sorpresa del Tour de Francia del a\u00f1o pasado, Jonas Vingegaard, y el polifac\u00e9tico Wout van Aert.<\/p>\n<p>De hecho, el exceso de talento en el equipo holand\u00e9s puede suponer un problema, ya que Roglic y Vingegaard aspiran al maillot amarillo y Van Aert al verde. Como ha dicho Roglic, el Jumbo-Visma tambi\u00e9n podr\u00eda aspirar al maillot de lunares porque cuenta con un magn\u00edfico escalador, Sepp Kuss, que se espera que corra el Tour.<\/p>\n<div class=\"embed-controller-wrapper\">\n<blockquote class=\"twitter-tweet\" data-width=\"500\" data-dnt=\"true\">\n<p lang=\"en\" dir=\"ltr\">We wish @JumboVismaIce good luck at the Olympics!\ud83d\udcaa\ud83c\udffc<br \/>Here are 5 tips from our side\ud83d\ude1c<a href=\"https:\/\/twitter.com\/hashtag\/olympics?src=hash&amp;ref_src=twsrc%5Etfw\">#olympics<\/a> <a href=\"https:\/\/twitter.com\/hashtag\/Beijing2022?src=hash&amp;ref_src=twsrc%5Etfw\">#Beijing2022<\/a> <a href=\"https:\/\/t.co\/lCj1cimEJF\">pic.twitter.com\/lCj1cimEJF<\/a><\/p>\n<p>&mdash; Team Visma | Lease a Bike (@vismaleaseabike) <a href=\"https:\/\/twitter.com\/vismaleaseabike\/status\/1487025478703722501?ref_src=twsrc%5Etfw\">January 28, 2022<\/a><\/p><\/blockquote>\n<p><script async data-src=\"https:\/\/platform.twitter.com\/widgets.js\" charset=\"utf-8\"><\/script><\/div>\n<p>Roglic -que recientemente firm\u00f3 una pr\u00f3rroga de su contrato con el equipo holand\u00e9s hasta 2025- se muestra cauteloso ante la posibilidad de <a href=\"https:\/\/www.cyclingnews.com\/news\/roglic-says-jumbo-visma-need-to-think-carefully-about-balancing-his-and-van-aerts-tour-de-france-ambitions\/\">compartir galones<\/a> y ha pedido al equipo que &#8220;piense cuidadosamente&#8221; en c\u00f3mo abordar el Tour de Francia de 2022.<\/p>\n<p>Dado que Van Aert ha declarado p\u00fablicamente que tiene el<a href=\"https:\/\/www.welovecycling.com\/es\/2021\/12\/19\/van-aert-skoda\/\"> maillot verde <\/a>de Skoda en su punto de mira este a\u00f1o, esto podr\u00eda suponer un problema para las ambiciones de los otros dos l\u00edderes del equipo, Roglic y Vingegaard.<\/p>\n<p>El belga hab\u00eda sido vital para los anteriores intentos de Roglic de ganar el maillot amarillo, con victorias de etapa cuando surg\u00eda una oportunidad o, como el a\u00f1o pasado, despu\u00e9s de que el esloveno ya no estuviera en la carrera.<\/p>\n<p>En una entrevista con el peri\u00f3dico belga <a href=\"https:\/\/www.hln.be\/wielrennen\/een-openhartig-interview-met-primoz-roglic-en-zijn-kersverse-bruid-lora-hij-zat-te-mediteren-op-de-leuning-van-zijn-balkon-in-zijn-ondergoed-met-een-appel-ik-dacht-wat-een-gek~afe77f5d\/?cb=28fb58d50b248ce6cc21f6112c543237&amp;auth_rd=1\">Het Laatste Nieuws<\/a>, Roglic dijo que exist\u00eda el peligro de que el equipo repartiera demasiado sus recursos, especialmente con dos corredores que iban a por el mismo premio.<\/p>\n<p><a href=\"https:\/\/d2p6e6u75xmxt8.cloudfront.net\/6\/2021\/08\/Carapaz-Roglic.jpg\"><img loading=\"lazy\" decoding=\"async\" class=\"aligncenter size-full wp-image-7982\" src=\"https:\/\/d2p6e6u75xmxt8.cloudfront.net\/6\/2021\/08\/Carapaz-Roglic.jpg\" alt=\"\" width=\"1000\" height=\"666\" srcset=\"https:\/\/d2p6e6u75xmxt8.cloudfront.net\/6\/2021\/08\/Carapaz-Roglic.jpg 1000w, https:\/\/d2p6e6u75xmxt8.cloudfront.net\/6\/2021\/08\/Carapaz-Roglic-300x200.jpg 300w, https:\/\/d2p6e6u75xmxt8.cloudfront.net\/6\/2021\/08\/Carapaz-Roglic-768x511.jpg 768w, https:\/\/d2p6e6u75xmxt8.cloudfront.net\/6\/2021\/08\/Carapaz-Roglic-272x182.jpg 272w\" sizes=\"auto, (max-width: 1000px) 100vw, 1000px\" \/><\/a><\/p>\n<p>&#8220;En teor\u00eda, todo es posible&#8221;, dijo.\u00a0&#8220;Pero el equipo tiene que determinar cu\u00e1l es nuestro principal objetivo, y luego tenemos que tener un plan que funcione para los dos. La intenci\u00f3n debe ser que Wout y yo nos ayudemos mutuamente.\u00a0Tenemos que encontrar la manera de que \u00e9l pueda ir a por una victoria de etapa y yo pueda intentar conseguir algo de tiempo al mismo tiempo.\u00a0Tenemos que pensarlo bien&#8221;.<\/p>\n<p>Rogli\u010d dijo que su b\u00fasqueda de una victoria en la general del Tour de Francia no es una &#8220;obsesi\u00f3n&#8221;, insistiendo en que prefiere ser recordado como un &#8220;luchador&#8221; que ser juzgado por sus trofeos. Sin embargo, a sus 32 a\u00f1os, \u00e9sta puede ser la \u00faltima oportunidad realista que tenga de ganar el maillot amarillo.<\/p>\n<p>&#8220;Me encantar\u00eda ganar el Tour, claro, pero no necesito ser recordado como el corredor que gan\u00f3 o no gan\u00f3 el Tour&#8221;, dijo Roglic. &#8220;Prefiero que la gente piense en m\u00ed como el hombre que luch\u00f3 por ello cada vez, el hombre que dio lo mejor de s\u00ed mismo en cada carrera. Eso es lo que quiero ser&#8221;.<\/p>\n<p>El esloveno termin\u00f3 cuarto en la general del Tour 2018 en lo que fue su irrupci\u00f3n como potencial campe\u00f3n de una vuelta de tres semanas. Volvi\u00f3 en 2020 tras ganar la Vuelta a Espa\u00f1a, pero sufri\u00f3 una desgarradora derrota en la pen\u00faltima jornada a manos de su compatriota Tadej Poga\u010dar. Una ca\u00edda temprana puso fin a sus ambiciones el a\u00f1o pasado.<\/p>\n<p>Cuando se le pregunt\u00f3 si segu\u00eda confiando en que pod\u00eda ganar el maillot amarillo, declar\u00f3: &#8220;S\u00ed, creo en ello&#8221;.<\/p>\n","protected":false},"excerpt":{"rendered":"<p>Aunque faltan seis meses para el Tour de Francia, est\u00e1 claro que Roglic o alg\u00fan corredor de Jumbo Visma estar\u00e1n [&hellip;]<\/p>\n","protected":false},"author":29,"featured_media":8577,"comment_status":"open","ping_status":"open","sticky":false,"template":"","format":"standard","meta":{"footnotes":""},"categories":[1],"tags":[168],"global-categories":[],"class_list":["post-8575","post","type-post","status-publish","format-standard","has-post-thumbnail","hentry","category-uncategorized","tag-tour"],"yoast_head":"<!-- This site is optimized with the Yoast SEO Premium plugin v25.3 (Yoast SEO v25.9) - https:\/\/yoast.com\/wordpress\/plugins\/seo\/ -->\n<title>Roglic pregunta al Jumbo-Visma cual es la estrategia para el Tour<\/title>\n<meta name=\"description\" content=\"Roglic pregunta al Jumbo-Visma cual es la estrategia para el Tour. No tiene claro que compartir galones pueda llegar a ser beneficioso.\" \/>\n<meta name=\"robots\" content=\"index, follow, max-snippet:-1, max-image-preview:large, max-video-preview:-1\" \/>\n<link rel=\"canonical\" href=\"https:\/\/www.welovecycling.com\/es\/2022\/02\/04\/roglic-2\/\" \/>\n<meta property=\"og:locale\" content=\"es_ES\" \/>\n<meta property=\"og:type\" content=\"article\" \/>\n<meta property=\"og:title\" content=\"Roglic pregunta al Jumbo-Visma cual es la estrategia para el Tour\" \/>\n<meta property=\"og:description\" content=\"Roglic pregunta al Jumbo-Visma cual es la estrategia para el Tour. No tiene claro que compartir galones pueda llegar a ser beneficioso.\" \/>\n<meta property=\"og:url\" content=\"https:\/\/www.welovecycling.com\/es\/2022\/02\/04\/roglic-2\/\" \/>\n<meta property=\"og:site_name\" content=\"\u0160koda We Love Cycling - Spain\" \/>\n<meta property=\"article:published_time\" content=\"2022-02-04T19:31:49+00:00\" \/>\n<meta property=\"og:image\" content=\"https:\/\/d2p6e6u75xmxt8.cloudfront.net\/6\/2022\/02\/Primoz-Roglic-profimedia-0651974953-CVR.jpg\" \/>\n\t<meta property=\"og:image:width\" content=\"1366\" \/>\n\t<meta property=\"og:image:height\" content=\"600\" \/>\n\t<meta property=\"og:image:type\" content=\"image\/jpeg\" \/>\n<meta name=\"author\" content=\"We Love Cycling Spain\" \/>\n<meta name=\"twitter:card\" content=\"summary_large_image\" \/>\n<meta name=\"twitter:title\" content=\"Roglic pregunta al Jumbo-Visma cual es la estrategia para el Tour\" \/>\n<meta name=\"twitter:description\" content=\"Roglic pregunta al Jumbo-Visma cual es la estrategia para el Tour. No tiene claro que compartir galones pueda llegar a ser beneficioso.\" \/>\n<meta name=\"twitter:label1\" content=\"Written by\" \/>\n\t<meta name=\"twitter:data1\" content=\"Siegfried Mortkowitz\" \/>\n\t<meta name=\"twitter:label2\" content=\"Est. reading time\" \/>\n\t<meta name=\"twitter:data2\" content=\"5\" \/>\n<script type=\"application\/ld+json\" class=\"yoast-schema-graph\">{\"@context\":\"https:\/\/schema.org\",\"@graph\":[{\"@type\":\"WebPage\",\"@id\":\"https:\/\/www.welovecycling.com\/es\/2022\/02\/04\/roglic-2\/\",\"url\":\"https:\/\/www.welovecycling.com\/es\/2022\/02\/04\/roglic-2\/\",\"name\":\"Roglic pregunta al Jumbo-Visma cual es la estrategia para el Tour\",\"isPartOf\":{\"@id\":\"https:\/\/www.welovecycling.com\/es\/#website\"},\"primaryImageOfPage\":{\"@id\":\"https:\/\/www.welovecycling.com\/es\/2022\/02\/04\/roglic-2\/#primaryimage\"},\"image\":{\"@id\":\"https:\/\/www.welovecycling.com\/es\/2022\/02\/04\/roglic-2\/#primaryimage\"},\"thumbnailUrl\":\"https:\/\/d2p6e6u75xmxt8.cloudfront.net\/6\/2022\/02\/Primoz-Roglic-profimedia-0651974953-CVR.jpg\",\"datePublished\":\"2022-02-04T19:31:49+00:00\",\"author\":{\"@id\":\"https:\/\/www.welovecycling.com\/es\/#\/schema\/person\/deb61715b5812698ee79fb96f343ccd4\"},\"description\":\"Roglic pregunta al Jumbo-Visma cual es la estrategia para el Tour. No tiene claro que compartir galones pueda llegar a ser beneficioso.\",\"breadcrumb\":{\"@id\":\"https:\/\/www.welovecycling.com\/es\/2022\/02\/04\/roglic-2\/#breadcrumb\"},\"inLanguage\":\"es-ES\",\"potentialAction\":[{\"@type\":\"ReadAction\",\"target\":[\"https:\/\/www.welovecycling.com\/es\/2022\/02\/04\/roglic-2\/\"]}]},{\"@type\":\"ImageObject\",\"inLanguage\":\"es-ES\",\"@id\":\"https:\/\/www.welovecycling.com\/es\/2022\/02\/04\/roglic-2\/#primaryimage\",\"url\":\"https:\/\/d2p6e6u75xmxt8.cloudfront.net\/6\/2022\/02\/Primoz-Roglic-profimedia-0651974953-CVR.jpg\",\"contentUrl\":\"https:\/\/d2p6e6u75xmxt8.cloudfront.net\/6\/2022\/02\/Primoz-Roglic-profimedia-0651974953-CVR.jpg\",\"width\":1366,\"height\":600,\"caption\":\"Primo\u017e Rogli\u010d\"},{\"@type\":\"BreadcrumbList\",\"@id\":\"https:\/\/www.welovecycling.com\/es\/2022\/02\/04\/roglic-2\/#breadcrumb\",\"itemListElement\":[{\"@type\":\"ListItem\",\"position\":1,\"name\":\"Home\",\"item\":\"https:\/\/www.welovecycling.com\/es\/\"},{\"@type\":\"ListItem\",\"position\":2,\"name\":\"Roglic pregunta al Jumbo-Visma cual es la estrategia para el Tour\"}]},{\"@type\":\"WebSite\",\"@id\":\"https:\/\/www.welovecycling.com\/es\/#website\",\"url\":\"https:\/\/www.welovecycling.com\/es\/\",\"name\":\"\u0160koda We Love Cycling - Spain\",\"description\":\"\u0160koda WeLoveCycling Spain\",\"potentialAction\":[{\"@type\":\"SearchAction\",\"target\":{\"@type\":\"EntryPoint\",\"urlTemplate\":\"https:\/\/www.welovecycling.com\/es\/?s={search_term_string}\"},\"query-input\":{\"@type\":\"PropertyValueSpecification\",\"valueRequired\":true,\"valueName\":\"search_term_string\"}}],\"inLanguage\":\"es-ES\"},{\"@type\":\"Person\",\"@id\":\"https:\/\/www.welovecycling.com\/es\/#\/schema\/person\/deb61715b5812698ee79fb96f343ccd4\",\"name\":\"We Love Cycling Spain\",\"image\":{\"@type\":\"ImageObject\",\"inLanguage\":\"es-ES\",\"@id\":\"https:\/\/www.welovecycling.com\/es\/#\/schema\/person\/image\/\",\"url\":\"https:\/\/secure.gravatar.com\/avatar\/c824b04e6df0e37a03219d0b6481672889df542894588964102459e46513159c?s=96&d=mm&r=g\",\"contentUrl\":\"https:\/\/secure.gravatar.com\/avatar\/c824b04e6df0e37a03219d0b6481672889df542894588964102459e46513159c?s=96&d=mm&r=g\",\"caption\":\"We Love Cycling Spain\"},\"url\":\"https:\/\/www.welovecycling.com\/es\/author\/amunoz\/\"}]}<\/script>\n<!-- \/ Yoast SEO Premium plugin. -->","yoast_head_json":{"title":"Roglic pregunta al Jumbo-Visma cual es la estrategia para el Tour","description":"Roglic pregunta al Jumbo-Visma cual es la estrategia para el Tour. No tiene claro que compartir galones pueda llegar a ser beneficioso.","robots":{"index":"index","follow":"follow","max-snippet":"max-snippet:-1","max-image-preview":"max-image-preview:large","max-video-preview":"max-video-preview:-1"},"canonical":"https:\/\/www.welovecycling.com\/es\/2022\/02\/04\/roglic-2\/","og_locale":"es_ES","og_type":"article","og_title":"Roglic pregunta al Jumbo-Visma cual es la estrategia para el Tour","og_description":"Roglic pregunta al Jumbo-Visma cual es la estrategia para el Tour. No tiene claro que compartir galones pueda llegar a ser beneficioso.","og_url":"https:\/\/www.welovecycling.com\/es\/2022\/02\/04\/roglic-2\/","og_site_name":"\u0160koda We Love Cycling - Spain","article_published_time":"2022-02-04T19:31:49+00:00","og_image":[{"width":1366,"height":600,"url":"https:\/\/d2p6e6u75xmxt8.cloudfront.net\/6\/2022\/02\/Primoz-Roglic-profimedia-0651974953-CVR.jpg","type":"image\/jpeg"}],"author":"We Love Cycling Spain","twitter_card":"summary_large_image","twitter_title":"Roglic pregunta al Jumbo-Visma cual es la estrategia para el Tour","twitter_description":"Roglic pregunta al Jumbo-Visma cual es la estrategia para el Tour. No tiene claro que compartir galones pueda llegar a ser beneficioso.","twitter_misc":{"Written by":"Siegfried Mortkowitz","Est. reading time":"5"},"schema":{"@context":"https:\/\/schema.org","@graph":[{"@type":"WebPage","@id":"https:\/\/www.welovecycling.com\/es\/2022\/02\/04\/roglic-2\/","url":"https:\/\/www.welovecycling.com\/es\/2022\/02\/04\/roglic-2\/","name":"Roglic pregunta al Jumbo-Visma cual es la estrategia para el Tour","isPartOf":{"@id":"https:\/\/www.welovecycling.com\/es\/#website"},"primaryImageOfPage":{"@id":"https:\/\/www.welovecycling.com\/es\/2022\/02\/04\/roglic-2\/#primaryimage"},"image":{"@id":"https:\/\/www.welovecycling.com\/es\/2022\/02\/04\/roglic-2\/#primaryimage"},"thumbnailUrl":"https:\/\/d2p6e6u75xmxt8.cloudfront.net\/6\/2022\/02\/Primoz-Roglic-profimedia-0651974953-CVR.jpg","datePublished":"2022-02-04T19:31:49+00:00","author":{"@id":"https:\/\/www.welovecycling.com\/es\/#\/schema\/person\/deb61715b5812698ee79fb96f343ccd4"},"description":"Roglic pregunta al Jumbo-Visma cual es la estrategia para el Tour. No tiene claro que compartir galones pueda llegar a ser beneficioso.","breadcrumb":{"@id":"https:\/\/www.welovecycling.com\/es\/2022\/02\/04\/roglic-2\/#breadcrumb"},"inLanguage":"es-ES","potentialAction":[{"@type":"ReadAction","target":["https:\/\/www.welovecycling.com\/es\/2022\/02\/04\/roglic-2\/"]}]},{"@type":"ImageObject","inLanguage":"es-ES","@id":"https:\/\/www.welovecycling.com\/es\/2022\/02\/04\/roglic-2\/#primaryimage","url":"https:\/\/d2p6e6u75xmxt8.cloudfront.net\/6\/2022\/02\/Primoz-Roglic-profimedia-0651974953-CVR.jpg","contentUrl":"https:\/\/d2p6e6u75xmxt8.cloudfront.net\/6\/2022\/02\/Primoz-Roglic-profimedia-0651974953-CVR.jpg","width":1366,"height":600,"caption":"Primo\u017e Rogli\u010d"},{"@type":"BreadcrumbList","@id":"https:\/\/www.welovecycling.com\/es\/2022\/02\/04\/roglic-2\/#breadcrumb","itemListElement":[{"@type":"ListItem","position":1,"name":"Home","item":"https:\/\/www.welovecycling.com\/es\/"},{"@type":"ListItem","position":2,"name":"Roglic pregunta al Jumbo-Visma cual es la estrategia para el Tour"}]},{"@type":"WebSite","@id":"https:\/\/www.welovecycling.com\/es\/#website","url":"https:\/\/www.welovecycling.com\/es\/","name":"\u0160koda We Love Cycling - Spain","description":"\u0160koda WeLoveCycling Spain","potentialAction":[{"@type":"SearchAction","target":{"@type":"EntryPoint","urlTemplate":"https:\/\/www.welovecycling.com\/es\/?s={search_term_string}"},"query-input":{"@type":"PropertyValueSpecification","valueRequired":true,"valueName":"search_term_string"}}],"inLanguage":"es-ES"},{"@type":"Person","@id":"https:\/\/www.welovecycling.com\/es\/#\/schema\/person\/deb61715b5812698ee79fb96f343ccd4","name":"We Love Cycling Spain","image":{"@type":"ImageObject","inLanguage":"es-ES","@id":"https:\/\/www.welovecycling.com\/es\/#\/schema\/person\/image\/","url":"https:\/\/secure.gravatar.com\/avatar\/c824b04e6df0e37a03219d0b6481672889df542894588964102459e46513159c?s=96&d=mm&r=g","contentUrl":"https:\/\/secure.gravatar.com\/avatar\/c824b04e6df0e37a03219d0b6481672889df542894588964102459e46513159c?s=96&d=mm&r=g","caption":"We Love Cycling Spain"},"url":"https:\/\/www.welovecycling.com\/es\/author\/amunoz\/"}]}},"_links":{"self":[{"href":"https:\/\/www.welovecycling.com\/es\/wp-json\/wp\/v2\/posts\/8575","targetHints":{"allow":["GET"]}}],"collection":[{"href":"https:\/\/www.welovecycling.com\/es\/wp-json\/wp\/v2\/posts"}],"about":[{"href":"https:\/\/www.welovecycling.com\/es\/wp-json\/wp\/v2\/types\/post"}],"author":[{"embeddable":true,"href":"https:\/\/www.welovecycling.com\/es\/wp-json\/wp\/v2\/users\/29"}],"replies":[{"embeddable":true,"href":"https:\/\/www.welovecycling.com\/es\/wp-json\/wp\/v2\/comments?post=8575"}],"version-history":[{"count":1,"href":"https:\/\/www.welovecycling.com\/es\/wp-json\/wp\/v2\/posts\/8575\/revisions"}],"predecessor-version":[{"id":8578,"href":"https:\/\/www.welovecycling.com\/es\/wp-json\/wp\/v2\/posts\/8575\/revisions\/8578"}],"wp:featuredmedia":[{"embeddable":true,"href":"https:\/\/www.welovecycling.com\/es\/wp-json\/wp\/v2\/media\/8577"}],"wp:attachment":[{"href":"https:\/\/www.welovecycling.com\/es\/wp-json\/wp\/v2\/media?parent=8575"}],"wp:term":[{"taxonomy":"category","embeddable":true,"href":"https:\/\/www.welovecycling.com\/es\/wp-json\/wp\/v2\/categories?post=8575"},{"taxonomy":"post_tag","embeddable":true,"href":"https:\/\/www.welovecycling.com\/es\/wp-json\/wp\/v2\/tags?post=8575"},{"taxonomy":"global-categories","embeddable":true,"href":"https:\/\/www.welovecycling.com\/es\/wp-json\/wp\/v2\/global-categories?post=8575"}],"curies":[{"name":"wp","href":"https:\/\/api.w.org\/{rel}","templated":true}]}}