{"id":8571,"date":"2022-01-28T14:13:03","date_gmt":"2022-01-28T12:13:03","guid":{"rendered":"https:\/\/www.welovecycling.com\/es\/?p=8571"},"modified":"2022-01-28T14:13:03","modified_gmt":"2022-01-28T12:13:03","slug":"tadej-pogacar","status":"publish","type":"post","link":"https:\/\/www.welovecycling.com\/es\/2022\/01\/28\/tadej-pogacar\/","title":{"rendered":"\u00bfHabr\u00e1 una era Tadej Pogacar?"},"content":{"rendered":"<p><strong>No ha cumplido todav\u00eda 24 a\u00f1os y va a empezar su cuarta temporada como profesional, pero ahora mismo Tadej Pogacar ya tiene en su palmar\u00e9s dos <a href=\"https:\/\/www.welovecycling.com\/es\/2021\/06\/25\/favoritos-al-tour-2021\/\">Tour de Francia,<\/a> una Lieja-Bastogne-Lieja, un Giro de Lombardia, una Tirreno-Adri\u00e1tico, un podio en La Vuelta y una medalla ol\u00edmpica. Con un palmar\u00e9s as\u00ed el 99% de los ciclistas que pasan a profesionales se podr\u00edan retirar ya. Para el esloveno puede ser solo el inicio de su reinado.<\/strong><\/p>\n<p><!--more--><\/p>\n<p>Sumar juventud, premura y victorias en Grandes Vueltas no es una ecuaci\u00f3n que se vea con facilidad el ciclismo. Solo est\u00e1 al alcance de grandes \u00eddolos que llegaron a marcar una era propia en el ciclismo. Lo hizo <a href=\"https:\/\/www.procyclingstats.com\/rider\/fausto-coppi\/1938\">Fausto Coppi<\/a>, que con 21 y solo dos a\u00f1os de profesional gan\u00f3 su primer Giro. Algo m\u00e1s tard\u00f3 <a href=\"https:\/\/www.procyclingstats.com\/rider\/jacques-anquetil\/1957\">Jacques Anquetil<\/a>, que hasta los 23 no se llev\u00f3 su primer Tour.\u00a0 Eddy Merckx ten\u00eda 23 a\u00f1os y necesit\u00f3 cuatro de profesional para ganar su primer Giro e 1968, luego ya no par\u00f3. <a href=\"https:\/\/www.procyclingstats.com\/rider\/bernard-hinault\/1977\">Bernard Hinault<\/a> tuvo que cumplir 24 y pelearse durante cinco a\u00f1os en profesional para empezar a acumular Tours. Indurain (28 a\u00f1os), Armstrong (28 a\u00f1os) y Froome (26 su primera Vuelta por la eliminaci\u00f3n de Cobo) lo hicieron a\u00fan m\u00e1s tarde.<\/p>\n<h2><strong>Antes que Merckx e Hinault<\/strong><\/h2>\n<p>Con Pogacar estamos en un caso excepcional en el ciclismo. Por lo pronto ya es el ganador m\u00e1s joven del Tour de la era moderna y lo ha confirmado con un segundo Tour (el de 2021) vencido con galones y con una exhibici\u00f3n, la de Le Grand Bornard, al alcance de muy pocos ciclistas. Est\u00e1 en la l\u00ednea de salida de marcar una \u00e9poca como los Merckx o Hinault, pero la historia del ciclismo tambi\u00e9n nos recuerda casos de precocidad que no tuvieron continuidad.<\/p>\n<p><a href=\"https:\/\/www.procyclingstats.com\/rider\/laurent-fignon\/1982\">Laurent Fignon<\/a> gan\u00f3 el primer Tour que disput\u00f3 en 1983 con solo 23 a\u00f1os, repiti\u00f3 con dominio absoluto en la temporada siguiente y no volvi\u00f3 a subirse a lo m\u00e1s alto del podio de Paris. Lesiones, ca\u00eddas y los malditos 8 segundos del Tour de 1989 se lo impidieron. Con <a href=\"https:\/\/www.procyclingstats.com\/race\/tour-de-france\/1997\/gc\">Jan Ullrich<\/a> pas\u00f3 algo similar. En su debut en el Tour 96 sin haber cumplido todav\u00eda los 23 a\u00f1os acab\u00f3 segundo y porque el ganador fue su l\u00edder Bjarne Riis. En 1997 se exhibi\u00f3 con dias como el de Arcalis y sac\u00f3 a Virenque, segundo, m\u00e1s de 9 minutos. Pantani, tercero, acab\u00f3 a casi cuarto de hora.<br \/>\nParec\u00eda que hab\u00eda &#8216;kaiser&#8217; del Tour para rato y se tuvo que conformar con ser cuatro veces segundo por detr\u00e1s de Armstrong.<\/p>\n<p><a href=\"https:\/\/d2p6e6u75xmxt8.cloudfront.net\/6\/2021\/07\/pogacar-luz-ardiden.jpg\"><img loading=\"lazy\" decoding=\"async\" class=\"aligncenter size-full wp-image-7911\" src=\"https:\/\/d2p6e6u75xmxt8.cloudfront.net\/6\/2021\/07\/pogacar-luz-ardiden.jpg\" alt=\"\" width=\"1000\" height=\"666\" srcset=\"https:\/\/d2p6e6u75xmxt8.cloudfront.net\/6\/2021\/07\/pogacar-luz-ardiden.jpg 1000w, https:\/\/d2p6e6u75xmxt8.cloudfront.net\/6\/2021\/07\/pogacar-luz-ardiden-300x200.jpg 300w, https:\/\/d2p6e6u75xmxt8.cloudfront.net\/6\/2021\/07\/pogacar-luz-ardiden-768x511.jpg 768w, https:\/\/d2p6e6u75xmxt8.cloudfront.net\/6\/2021\/07\/pogacar-luz-ardiden-272x182.jpg 272w\" sizes=\"auto, (max-width: 1000px) 100vw, 1000px\" \/><\/a><\/p>\n<p>&nbsp;<\/p>\n<h2><strong>Lesiones, ca\u00eddas, rivales&#8230;<\/strong><\/h2>\n<p>Para que haya una era Tadej Pogacar necesita salvar los tres problemas que se encontraron Fignon y Ullrich. Lesiones, ca\u00eddas&#8230;. y nuevos rivales. Con el ciclismo hipertecnificado de hoy en d\u00eda parece raro que un ciclista profesional con los cuidados que tiene Tadej Pogacar pueda sufrir lesiones que no vengan derivadas de ca\u00eddas. Hinault se fastidi\u00f3 una rodilla por forzar y no escuchar a sus m\u00e9dicos. El bret\u00f3n es as\u00ed. A Fignon le pas\u00f3 algo parecido y luego enganch\u00f3 un virus raro (lo cuenta en su biograf\u00eda<a href=\"http:\/\/www.cultura-ciclista.com\/?page_id=1068\"> &#8216;Eramos j\u00f3venes e inconscientes&#8217;<\/a>). Ullrich no era el mejor ejemplo de cuidarse y sol\u00eda llegar al mes de marzo y abril con una decena de kilos de m\u00e1s.<\/p>\n<p><strong>Tadej Pogacar<\/strong> tiene a su disposici\u00f3n ahora mismo uno de los equipos con m\u00e1s presupuesto de World Tour, una preparaci\u00f3n exclusiva que empez\u00f3 en enero en la Costa Blanca y ahora sigue en Sierra Nevada y un seguimiento tan exhaustivo que ser\u00eda extra\u00f1o que le pasara lo que a Fignon o Ullrich.<\/p>\n<p>Del tema de las ca\u00eddas no est\u00e1 exento, claro. Pelotones a todo trapo, bajadas con agua, la loca primera semana de Tour&#8230; pero tiene una ventaja, ahora mismo corre sin presi\u00f3n por todo lo que ya ha ganado y sabe que en monta\u00f1a es el m\u00e1s fuerte. El mejor ejemplo lo vimos en el pasado Giro de Lombardia. Ataque a 35 de meta subiendo el Selvino. M\u00e1s de 40 segundos sobre el grupo de favoritos y en la bajada le atrap\u00f3 <strong>Fausto Masnada,<\/strong> que se conoc\u00eda la bajada al dedillo porque es de la zona y arriesg\u00f3 m\u00e1s que nadie. En meta, con un repecho previo para subir a la ciudad vieja de B\u00e9rgamo, Tadej no tuvo rival.<\/p>\n<p>Ese punto de tener la situaci\u00f3n controlada reduce el riesgo de ca\u00eddas. <strong>Kruisjwijk<\/strong> perdi\u00f3 &#8216;su&#8217; Giro en el descenso del Agnello despu\u00e9s de chocarse con un muro de nieve porque lleg\u00f3 a la cima sin fuerzas ni tiempo para abrigarse despu\u00e9s del ataque de Nibali. Oca\u00f1a no gan\u00f3 &#8216;su&#8217; Tour\u00a0 por arriesgar bajando el Col de Ment\u00e9 cuando ten\u00eda a Merckx a un pu\u00f1ado de minutos (el conquense era m\u00e1s de orgullo que de pararse a pensar). A Pogacar, por ejemplo, no le hizo falta jugarse los cuartos bajando el <strong>Mont Ventoux porque ten\u00eda un colch\u00f3n suficiente sobre Vingegaard<\/strong> y sab\u00eda que despu\u00e9s quedaban todos los Pirineos.<\/p>\n<p>Los rivales tambi\u00e9n cuentan, claro. Por ahora su m\u00e1ximo contrincante es <strong>Primoz Roglic,<\/strong> al que ya le ha ganado dos Tour de Francia y con el que ha perdido una Vuelta a Espa\u00f1a. Ambos son muy similares, fuertes en la crono y en alta monta\u00f1a, aunque por edad su compatriota tiene un h\u00e1ndicap. En 2022 cumple los 33 a\u00f1os y normalmente a partir de esa edad los ciclistas suelen bajar su rendimiento.<\/p>\n<figure id=\"attachment_7729\" aria-describedby=\"caption-attachment-7729\" style=\"width: 1024px\" class=\"wp-caption aligncenter\"><a href=\"https:\/\/d2p6e6u75xmxt8.cloudfront.net\/6\/2021\/06\/profimedia-0557802599-1.jpg\"><img loading=\"lazy\" decoding=\"async\" class=\"size-large wp-image-7729\" src=\"https:\/\/d2p6e6u75xmxt8.cloudfront.net\/6\/2021\/06\/profimedia-0557802599-1-1024x682.jpg\" alt=\"Poga\u010dar at Tour\" width=\"1024\" height=\"682\" srcset=\"https:\/\/d2p6e6u75xmxt8.cloudfront.net\/6\/2021\/06\/profimedia-0557802599-1-1024x682.jpg 1024w, https:\/\/d2p6e6u75xmxt8.cloudfront.net\/6\/2021\/06\/profimedia-0557802599-1-300x200.jpg 300w, https:\/\/d2p6e6u75xmxt8.cloudfront.net\/6\/2021\/06\/profimedia-0557802599-1-768x512.jpg 768w, https:\/\/d2p6e6u75xmxt8.cloudfront.net\/6\/2021\/06\/profimedia-0557802599-1-272x182.jpg 272w, https:\/\/d2p6e6u75xmxt8.cloudfront.net\/6\/2021\/06\/profimedia-0557802599-1.jpg 1250w\" sizes=\"auto, (max-width: 1024px) 100vw, 1024px\" \/><\/a><figcaption id=\"caption-attachment-7729\" class=\"wp-caption-text\">Tadej Poga\u010dar bate a Rogli\u010d.<\/figcaption><\/figure>\n<p>Su gran contrincante generacional podr\u00eda ser <strong>Egan Bernal<\/strong>. Por palmar\u00e9s, por edad, por su rendimiento en la alta monta\u00f1a y por correr en Ineos, el equipo con m\u00e1s presupuesto del mundo, podr\u00eda serlo. Pero ahora mismo su futuro es una inc\u00f3gnita despu\u00e9s del grave accidente de hace unos d\u00edas en Colombia. Vingegaard y Carapaz le acompa\u00f1aron en 2021 en el podio del Tour, pero no parecen estar a su altura.<\/p>\n<p>Quiz\u00e1s sus grandes enemigos en el futuro hay que buscarlos en la juventud. <strong>Remco Evenepoel<\/strong> parece el designado. Con solo 22 a\u00f1os ya ha ganado en pruebas de un d\u00eda y vueltas peque\u00f1as por etapas. Pero le falta todav\u00eda demostrar que puede con la alta monta\u00f1a y con carreras de tres semanas. Su experiencia negativa en el Giro 2021, despu\u00e9s de la lesi\u00f3n de Lombardia 2020, no parece la mejor para tomar referencias.<\/p>\n<p><strong>Juan Ayuso<\/strong> tiene n\u00fameros espectaculares y gan\u00f3 el Giro de Italia sub-23 a lo Merckx, pero por ahora corre en el mismo equipo que Pogacar y solo ha disputado un pu\u00f1ado de carreras profesionales. Aunque eso de la dualidad de l\u00edderes en una misma escuadra ya lo vivimos con el Fignon-Hinault, Lemond-Hinault (si, el franc\u00e9s est\u00e1 en todas), Ullrich-Riis o Wiggins-Froome.<\/p>\n<h2><strong>Un calendario 2022 para hacer historia<\/strong><\/h2>\n<p>Si hay algo que diferencia a Tadej Pogacar con los tres anteriores dominadores del Tour (Indurain, Armstrong y Froome) es su capacidad para rendir y ganar en pruebas de un d\u00eda mientras prepara la carrera francesa. Ya se ha anotado Lieja-Bastogne-Lieja en abril y Giro de Lombardia en octubre en la misma temporada. Y para 2022 su calendario le va a llevar a algunas carreras de m\u00e1xima exigencia que, en teor\u00eda, no ser\u00edan las m\u00e1s adecuadas para un ganador de grandes vueltas que quiere hacer Tour de Francia y Vuelta a Espa\u00f1a.<\/p>\n<p>Sorprenden sobre todo su debut en marzo en La<strong> Milan Sanremo<\/strong>, un lugar indicado para los velocistas puros y que vaya a probar en los adoquines y las carreteras estrechas del <strong>Tour de Flandes<\/strong> en abril. Aunque es cierto que en su \u00e9poca junior ya tuvo buenos resultados all\u00ed y en Paris Roubaix (que posiblemente dejar\u00e1 para la \u00faltima en su pelea por ganar los cinco monumentos).<\/p>\n<p>Repetir\u00e1 en <strong>Lieja en la primavera y en el Giro de Lombardia en oto\u00f1o<\/strong>, adem\u00e1s de Tour\/Vuelta y <strong>Campeonato del Mundo en Australia<\/strong>. Sumamos <strong>Strade Bianche y Flecha Brabanzona<\/strong> como pruebas de nivel de un d\u00eda,<strong> Itzulia<\/strong> en la que se qued\u00f3 en 2021 a las puertas, del triunfo, y <strong>UAE Tour y Tour de Eslovenia<\/strong> como carreras sentimentales (una del patrocinador y otra suya propia). Y al final se queda con un calendario de m\u00e1xima exigencia y ante los mejores rivales posibles.<\/p>\n<blockquote class=\"instagram-media\" style=\"background: #FFF; border: 0; border-radius: 3px; box-shadow: 0 0 1px 0 rgba(0,0,0,0.5),0 1px 10px 0 rgba(0,0,0,0.15); margin: 1px; max-width: 540px; min-width: 326px; padding: 0; width: calc(100% - 2px);\" data-instgrm-captioned=\"\" data-instgrm-permalink=\"https:\/\/www.instagram.com\/p\/CU-TUvJMvsT\/?utm_source=ig_embed&amp;utm_campaign=loading\" data-instgrm-version=\"14\">\n<div style=\"padding: 16px;\">\n<p>&nbsp;<\/p>\n<div style=\"display: flex; flex-direction: row; align-items: center;\">\n<div style=\"background-color: #f4f4f4; border-radius: 50%; flex-grow: 0; height: 40px; margin-right: 14px; width: 40px;\"><\/div>\n<div style=\"display: flex; flex-direction: column; flex-grow: 1; justify-content: center;\">\n<div style=\"background-color: #f4f4f4; border-radius: 4px; flex-grow: 0; height: 14px; margin-bottom: 6px; width: 100px;\"><\/div>\n<div style=\"background-color: #f4f4f4; border-radius: 4px; flex-grow: 0; height: 14px; width: 60px;\"><\/div>\n<\/div>\n<\/div>\n<div style=\"padding: 19% 0;\"><\/div>\n<div style=\"display: block; height: 50px; margin: 0 auto 12px; width: 50px;\"><\/div>\n<div style=\"padding-top: 8px;\">\n<div style=\"color: #3897f0; font-family: Arial,sans-serif; font-size: 14px; font-style: normal; font-weight: 550; line-height: 18px;\">Ver esta publicaci\u00f3n en Instagram<\/div>\n<\/div>\n<div style=\"padding: 12.5% 0;\"><\/div>\n<div style=\"display: flex; flex-direction: row; margin-bottom: 14px; align-items: center;\">\n<div>\n<div style=\"background-color: #f4f4f4; border-radius: 50%; height: 12.5px; width: 12.5px; transform: translateX(0px) translateY(7px);\"><\/div>\n<div style=\"background-color: #f4f4f4; height: 12.5px; transform: rotate(-45deg) translateX(3px) translateY(1px); width: 12.5px; flex-grow: 0; margin-right: 14px; margin-left: 2px;\"><\/div>\n<div style=\"background-color: #f4f4f4; border-radius: 50%; height: 12.5px; width: 12.5px; transform: translateX(9px) translateY(-18px);\"><\/div>\n<\/div>\n<div style=\"margin-left: 8px;\">\n<div style=\"background-color: #f4f4f4; border-radius: 50%; flex-grow: 0; height: 20px; width: 20px;\"><\/div>\n<div style=\"width: 0; height: 0; border-top: 2px solid transparent; border-left: 6px solid #f4f4f4; border-bottom: 2px solid transparent; transform: translateX(16px) translateY(-4px) rotate(30deg);\"><\/div>\n<\/div>\n<div style=\"margin-left: auto;\">\n<div style=\"width: 0px; border-top: 8px solid #F4F4F4; border-right: 8px solid transparent; transform: translateY(16px);\"><\/div>\n<div style=\"background-color: #f4f4f4; flex-grow: 0; height: 12px; width: 16px; transform: translateY(-4px);\"><\/div>\n<div style=\"width: 0; height: 0; border-top: 8px solid #F4F4F4; border-left: 8px solid transparent; transform: translateY(-4px) translateX(8px);\"><\/div>\n<\/div>\n<\/div>\n<div style=\"display: flex; flex-direction: column; flex-grow: 1; justify-content: center; margin-bottom: 24px;\">\n<div style=\"background-color: #f4f4f4; border-radius: 4px; flex-grow: 0; height: 14px; margin-bottom: 6px; width: 224px;\"><\/div>\n<div style=\"background-color: #f4f4f4; border-radius: 4px; flex-grow: 0; height: 14px; width: 144px;\"><\/div>\n<\/div>\n<p>&nbsp;<\/p>\n<p style=\"color: #c9c8cd; font-family: Arial,sans-serif; font-size: 14px; line-height: 17px; margin-bottom: 0; margin-top: 8px; overflow: hidden; padding: 8px 0 7px; text-align: center; text-overflow: ellipsis; white-space: nowrap;\"><a style=\"color: #c9c8cd; font-family: Arial,sans-serif; font-size: 14px; font-style: normal; font-weight: normal; line-height: 17px; text-decoration: none;\" href=\"https:\/\/www.instagram.com\/p\/CU-TUvJMvsT\/?utm_source=ig_embed&amp;utm_campaign=loading\" target=\"_blank\" rel=\"noopener\">Una publicaci\u00f3n compartida de Tadej Pogac\u030car (@tadejpogacar)<\/a><\/p>\n<\/div>\n<\/blockquote>\n<p><script async src=\"\/\/www.instagram.com\/embed.js\"><\/script><\/p>\n","protected":false},"excerpt":{"rendered":"<p>No ha cumplido todav\u00eda 24 a\u00f1os y va a empezar su cuarta temporada como profesional, pero ahora mismo Tadej Pogacar [&hellip;]<\/p>\n","protected":false},"author":29,"featured_media":7038,"comment_status":"open","ping_status":"open","sticky":false,"template":"","format":"standard","meta":{"footnotes":""},"categories":[7],"tags":[1219,557],"global-categories":[1164],"class_list":["post-8571","post","type-post","status-publish","format-standard","has-post-thumbnail","hentry","category-carretera","tag-pogacar","tag-tour-de-francia","global-categories-cycling"],"yoast_head":"<!-- This site is optimized with the Yoast SEO Premium plugin v25.3 (Yoast SEO v25.9) - https:\/\/yoast.com\/wordpress\/plugins\/seo\/ -->\n<title>\u00bfHabr\u00e1 una era Tadej Pogacar? - \u0160koda We Love Cycling - Spain<\/title>\n<meta name=\"description\" content=\"\u00bfHabr\u00e1 una era Tadej Pogacar? \u00bfTiene el ciclista esloveno la capacidad de llegar al nivel de Eddy Merckx, Hinault, Coppi o Indurain?\" \/>\n<meta name=\"robots\" content=\"index, follow, max-snippet:-1, max-image-preview:large, max-video-preview:-1\" \/>\n<link rel=\"canonical\" href=\"https:\/\/www.welovecycling.com\/es\/2022\/01\/28\/tadej-pogacar\/\" \/>\n<meta property=\"og:locale\" content=\"es_ES\" \/>\n<meta property=\"og:type\" content=\"article\" \/>\n<meta property=\"og:title\" content=\"\u00bfHabr\u00e1 una era Tadej Pogacar?\" \/>\n<meta property=\"og:description\" content=\"\u00bfHabr\u00e1 una era Tadej Pogacar? \u00bfTiene el ciclista esloveno la capacidad de llegar al nivel de Eddy Merckx, Hinault, Coppi o Indurain?\" \/>\n<meta property=\"og:url\" content=\"https:\/\/www.welovecycling.com\/es\/2022\/01\/28\/tadej-pogacar\/\" \/>\n<meta property=\"og:site_name\" content=\"\u0160koda We Love Cycling - Spain\" \/>\n<meta property=\"article:published_time\" content=\"2022-01-28T12:13:03+00:00\" \/>\n<meta property=\"og:image\" content=\"https:\/\/d2p6e6u75xmxt8.cloudfront.net\/6\/2020\/12\/Pogacar-Tour-profimedia-0558807037-CVR.jpg\" \/>\n\t<meta property=\"og:image:width\" content=\"1366\" \/>\n\t<meta property=\"og:image:height\" content=\"600\" \/>\n\t<meta property=\"og:image:type\" content=\"image\/jpeg\" \/>\n<meta name=\"author\" content=\"We Love Cycling Spain\" \/>\n<meta name=\"twitter:card\" content=\"summary_large_image\" \/>\n<meta name=\"twitter:title\" content=\"\u00bfHabr\u00e1 una era Tadej Pogacar?\" \/>\n<meta name=\"twitter:description\" content=\"\u00bfHabr\u00e1 una era Tadej Pogacar? \u00bfTiene el ciclista esloveno la capacidad de llegar al nivel de Eddy Merckx, Hinault, Coppi o Indurain?\" \/>\n<meta name=\"twitter:label1\" content=\"Written by\" \/>\n\t<meta name=\"twitter:data1\" content=\"Luis Ortega @Ciclored\" \/>\n\t<meta name=\"twitter:label2\" content=\"Est. reading time\" \/>\n\t<meta name=\"twitter:data2\" content=\"7 minutes\" \/>\n<script type=\"application\/ld+json\" class=\"yoast-schema-graph\">{\"@context\":\"https:\/\/schema.org\",\"@graph\":[{\"@type\":\"WebPage\",\"@id\":\"https:\/\/www.welovecycling.com\/es\/2022\/01\/28\/tadej-pogacar\/\",\"url\":\"https:\/\/www.welovecycling.com\/es\/2022\/01\/28\/tadej-pogacar\/\",\"name\":\"\u00bfHabr\u00e1 una era Tadej Pogacar? - \u0160koda We Love Cycling - Spain\",\"isPartOf\":{\"@id\":\"https:\/\/www.welovecycling.com\/es\/#website\"},\"primaryImageOfPage\":{\"@id\":\"https:\/\/www.welovecycling.com\/es\/2022\/01\/28\/tadej-pogacar\/#primaryimage\"},\"image\":{\"@id\":\"https:\/\/www.welovecycling.com\/es\/2022\/01\/28\/tadej-pogacar\/#primaryimage\"},\"thumbnailUrl\":\"https:\/\/d2p6e6u75xmxt8.cloudfront.net\/6\/2020\/12\/Pogacar-Tour-profimedia-0558807037-CVR.jpg\",\"datePublished\":\"2022-01-28T12:13:03+00:00\",\"author\":{\"@id\":\"https:\/\/www.welovecycling.com\/es\/#\/schema\/person\/deb61715b5812698ee79fb96f343ccd4\"},\"description\":\"\u00bfHabr\u00e1 una era Tadej Pogacar? \u00bfTiene el ciclista esloveno la capacidad de llegar al nivel de Eddy Merckx, Hinault, Coppi o Indurain?\",\"breadcrumb\":{\"@id\":\"https:\/\/www.welovecycling.com\/es\/2022\/01\/28\/tadej-pogacar\/#breadcrumb\"},\"inLanguage\":\"es-ES\",\"potentialAction\":[{\"@type\":\"ReadAction\",\"target\":[\"https:\/\/www.welovecycling.com\/es\/2022\/01\/28\/tadej-pogacar\/\"]}]},{\"@type\":\"ImageObject\",\"inLanguage\":\"es-ES\",\"@id\":\"https:\/\/www.welovecycling.com\/es\/2022\/01\/28\/tadej-pogacar\/#primaryimage\",\"url\":\"https:\/\/d2p6e6u75xmxt8.cloudfront.net\/6\/2020\/12\/Pogacar-Tour-profimedia-0558807037-CVR.jpg\",\"contentUrl\":\"https:\/\/d2p6e6u75xmxt8.cloudfront.net\/6\/2020\/12\/Pogacar-Tour-profimedia-0558807037-CVR.jpg\",\"width\":1366,\"height\":600,\"caption\":\"Tadej Poga\u010dar\"},{\"@type\":\"BreadcrumbList\",\"@id\":\"https:\/\/www.welovecycling.com\/es\/2022\/01\/28\/tadej-pogacar\/#breadcrumb\",\"itemListElement\":[{\"@type\":\"ListItem\",\"position\":1,\"name\":\"Home\",\"item\":\"https:\/\/www.welovecycling.com\/es\/\"},{\"@type\":\"ListItem\",\"position\":2,\"name\":\"\u00bfHabr\u00e1 una era Tadej Pogacar?\"}]},{\"@type\":\"WebSite\",\"@id\":\"https:\/\/www.welovecycling.com\/es\/#website\",\"url\":\"https:\/\/www.welovecycling.com\/es\/\",\"name\":\"\u0160koda We Love Cycling - Spain\",\"description\":\"\u0160koda WeLoveCycling Spain\",\"potentialAction\":[{\"@type\":\"SearchAction\",\"target\":{\"@type\":\"EntryPoint\",\"urlTemplate\":\"https:\/\/www.welovecycling.com\/es\/?s={search_term_string}\"},\"query-input\":{\"@type\":\"PropertyValueSpecification\",\"valueRequired\":true,\"valueName\":\"search_term_string\"}}],\"inLanguage\":\"es-ES\"},{\"@type\":\"Person\",\"@id\":\"https:\/\/www.welovecycling.com\/es\/#\/schema\/person\/deb61715b5812698ee79fb96f343ccd4\",\"name\":\"We Love Cycling Spain\",\"image\":{\"@type\":\"ImageObject\",\"inLanguage\":\"es-ES\",\"@id\":\"https:\/\/www.welovecycling.com\/es\/#\/schema\/person\/image\/\",\"url\":\"https:\/\/secure.gravatar.com\/avatar\/c824b04e6df0e37a03219d0b6481672889df542894588964102459e46513159c?s=96&d=mm&r=g\",\"contentUrl\":\"https:\/\/secure.gravatar.com\/avatar\/c824b04e6df0e37a03219d0b6481672889df542894588964102459e46513159c?s=96&d=mm&r=g\",\"caption\":\"We Love Cycling Spain\"},\"url\":\"https:\/\/www.welovecycling.com\/es\/author\/amunoz\/\"}]}<\/script>\n<!-- \/ Yoast SEO Premium plugin. -->","yoast_head_json":{"title":"\u00bfHabr\u00e1 una era Tadej Pogacar? - \u0160koda We Love Cycling - Spain","description":"\u00bfHabr\u00e1 una era Tadej Pogacar? \u00bfTiene el ciclista esloveno la capacidad de llegar al nivel de Eddy Merckx, Hinault, Coppi o Indurain?","robots":{"index":"index","follow":"follow","max-snippet":"max-snippet:-1","max-image-preview":"max-image-preview:large","max-video-preview":"max-video-preview:-1"},"canonical":"https:\/\/www.welovecycling.com\/es\/2022\/01\/28\/tadej-pogacar\/","og_locale":"es_ES","og_type":"article","og_title":"\u00bfHabr\u00e1 una era Tadej Pogacar?","og_description":"\u00bfHabr\u00e1 una era Tadej Pogacar? \u00bfTiene el ciclista esloveno la capacidad de llegar al nivel de Eddy Merckx, Hinault, Coppi o Indurain?","og_url":"https:\/\/www.welovecycling.com\/es\/2022\/01\/28\/tadej-pogacar\/","og_site_name":"\u0160koda We Love Cycling - Spain","article_published_time":"2022-01-28T12:13:03+00:00","og_image":[{"width":1366,"height":600,"url":"https:\/\/d2p6e6u75xmxt8.cloudfront.net\/6\/2020\/12\/Pogacar-Tour-profimedia-0558807037-CVR.jpg","type":"image\/jpeg"}],"author":"We Love Cycling Spain","twitter_card":"summary_large_image","twitter_title":"\u00bfHabr\u00e1 una era Tadej Pogacar?","twitter_description":"\u00bfHabr\u00e1 una era Tadej Pogacar? \u00bfTiene el ciclista esloveno la capacidad de llegar al nivel de Eddy Merckx, Hinault, Coppi o Indurain?","twitter_misc":{"Written by":"Luis Ortega @Ciclored","Est. reading time":"7 minutes"},"schema":{"@context":"https:\/\/schema.org","@graph":[{"@type":"WebPage","@id":"https:\/\/www.welovecycling.com\/es\/2022\/01\/28\/tadej-pogacar\/","url":"https:\/\/www.welovecycling.com\/es\/2022\/01\/28\/tadej-pogacar\/","name":"\u00bfHabr\u00e1 una era Tadej Pogacar? - \u0160koda We Love Cycling - Spain","isPartOf":{"@id":"https:\/\/www.welovecycling.com\/es\/#website"},"primaryImageOfPage":{"@id":"https:\/\/www.welovecycling.com\/es\/2022\/01\/28\/tadej-pogacar\/#primaryimage"},"image":{"@id":"https:\/\/www.welovecycling.com\/es\/2022\/01\/28\/tadej-pogacar\/#primaryimage"},"thumbnailUrl":"https:\/\/d2p6e6u75xmxt8.cloudfront.net\/6\/2020\/12\/Pogacar-Tour-profimedia-0558807037-CVR.jpg","datePublished":"2022-01-28T12:13:03+00:00","author":{"@id":"https:\/\/www.welovecycling.com\/es\/#\/schema\/person\/deb61715b5812698ee79fb96f343ccd4"},"description":"\u00bfHabr\u00e1 una era Tadej Pogacar? \u00bfTiene el ciclista esloveno la capacidad de llegar al nivel de Eddy Merckx, Hinault, Coppi o Indurain?","breadcrumb":{"@id":"https:\/\/www.welovecycling.com\/es\/2022\/01\/28\/tadej-pogacar\/#breadcrumb"},"inLanguage":"es-ES","potentialAction":[{"@type":"ReadAction","target":["https:\/\/www.welovecycling.com\/es\/2022\/01\/28\/tadej-pogacar\/"]}]},{"@type":"ImageObject","inLanguage":"es-ES","@id":"https:\/\/www.welovecycling.com\/es\/2022\/01\/28\/tadej-pogacar\/#primaryimage","url":"https:\/\/d2p6e6u75xmxt8.cloudfront.net\/6\/2020\/12\/Pogacar-Tour-profimedia-0558807037-CVR.jpg","contentUrl":"https:\/\/d2p6e6u75xmxt8.cloudfront.net\/6\/2020\/12\/Pogacar-Tour-profimedia-0558807037-CVR.jpg","width":1366,"height":600,"caption":"Tadej Poga\u010dar"},{"@type":"BreadcrumbList","@id":"https:\/\/www.welovecycling.com\/es\/2022\/01\/28\/tadej-pogacar\/#breadcrumb","itemListElement":[{"@type":"ListItem","position":1,"name":"Home","item":"https:\/\/www.welovecycling.com\/es\/"},{"@type":"ListItem","position":2,"name":"\u00bfHabr\u00e1 una era Tadej Pogacar?"}]},{"@type":"WebSite","@id":"https:\/\/www.welovecycling.com\/es\/#website","url":"https:\/\/www.welovecycling.com\/es\/","name":"\u0160koda We Love Cycling - Spain","description":"\u0160koda WeLoveCycling Spain","potentialAction":[{"@type":"SearchAction","target":{"@type":"EntryPoint","urlTemplate":"https:\/\/www.welovecycling.com\/es\/?s={search_term_string}"},"query-input":{"@type":"PropertyValueSpecification","valueRequired":true,"valueName":"search_term_string"}}],"inLanguage":"es-ES"},{"@type":"Person","@id":"https:\/\/www.welovecycling.com\/es\/#\/schema\/person\/deb61715b5812698ee79fb96f343ccd4","name":"We Love Cycling Spain","image":{"@type":"ImageObject","inLanguage":"es-ES","@id":"https:\/\/www.welovecycling.com\/es\/#\/schema\/person\/image\/","url":"https:\/\/secure.gravatar.com\/avatar\/c824b04e6df0e37a03219d0b6481672889df542894588964102459e46513159c?s=96&d=mm&r=g","contentUrl":"https:\/\/secure.gravatar.com\/avatar\/c824b04e6df0e37a03219d0b6481672889df542894588964102459e46513159c?s=96&d=mm&r=g","caption":"We Love Cycling Spain"},"url":"https:\/\/www.welovecycling.com\/es\/author\/amunoz\/"}]}},"_links":{"self":[{"href":"https:\/\/www.welovecycling.com\/es\/wp-json\/wp\/v2\/posts\/8571","targetHints":{"allow":["GET"]}}],"collection":[{"href":"https:\/\/www.welovecycling.com\/es\/wp-json\/wp\/v2\/posts"}],"about":[{"href":"https:\/\/www.welovecycling.com\/es\/wp-json\/wp\/v2\/types\/post"}],"author":[{"embeddable":true,"href":"https:\/\/www.welovecycling.com\/es\/wp-json\/wp\/v2\/users\/29"}],"replies":[{"embeddable":true,"href":"https:\/\/www.welovecycling.com\/es\/wp-json\/wp\/v2\/comments?post=8571"}],"version-history":[{"count":2,"href":"https:\/\/www.welovecycling.com\/es\/wp-json\/wp\/v2\/posts\/8571\/revisions"}],"predecessor-version":[{"id":8574,"href":"https:\/\/www.welovecycling.com\/es\/wp-json\/wp\/v2\/posts\/8571\/revisions\/8574"}],"wp:featuredmedia":[{"embeddable":true,"href":"https:\/\/www.welovecycling.com\/es\/wp-json\/wp\/v2\/media\/7038"}],"wp:attachment":[{"href":"https:\/\/www.welovecycling.com\/es\/wp-json\/wp\/v2\/media?parent=8571"}],"wp:term":[{"taxonomy":"category","embeddable":true,"href":"https:\/\/www.welovecycling.com\/es\/wp-json\/wp\/v2\/categories?post=8571"},{"taxonomy":"post_tag","embeddable":true,"href":"https:\/\/www.welovecycling.com\/es\/wp-json\/wp\/v2\/tags?post=8571"},{"taxonomy":"global-categories","embeddable":true,"href":"https:\/\/www.welovecycling.com\/es\/wp-json\/wp\/v2\/global-categories?post=8571"}],"curies":[{"name":"wp","href":"https:\/\/api.w.org\/{rel}","templated":true}]}}