{"id":8563,"date":"2022-01-25T21:24:26","date_gmt":"2022-01-25T19:24:26","guid":{"rendered":"https:\/\/www.welovecycling.com\/es\/?p=8563"},"modified":"2022-01-28T12:13:47","modified_gmt":"2022-01-28T10:13:47","slug":"velosol","status":"publish","type":"post","link":"https:\/\/www.welovecycling.com\/es\/2022\/01\/25\/velosol\/","title":{"rendered":"Velosol, el ciclismo de Flandes en la Costa Blanca"},"content":{"rendered":"<p><strong>Si pasas a tomar un caf\u00e9 a mediod\u00eda entre noviembre y enero no es raro encontrarse all\u00ed a Remco Evenepoel reponiendo fuerzas durante un entrenamiento largo de pretemporada. Puedes beberte una Kwaremont mientras ves una colecci\u00f3n de fotos hist\u00f3ricas de Eddy Merckx. Y no, no est\u00e1s en Flandes, sino en Jal\u00f3n (Alicante), <a href=\"https:\/\/es.velosolcycling.com\/\">dentro del bar<\/a> Velosol, que es pura esencia de ciclismo de Flandes.<\/strong><\/p>\n<p><!--more--><\/p>\n<p>El bar Velosol naci\u00f3 hace poco m\u00e1s de un lustro. La idea surgi\u00f3 de una familia de belgas flamencos que ya llevaban un par de d\u00e9cadas en Espa\u00f1a. El concepto era sencillo. Todo el entorno de la<strong> Costa Blanca, desde Benidorm a Denia, est\u00e1 copado en invierno por equipos profesionales ciclistas<\/strong>, muchos de ellos belgas, holandeses y del norte de Europa. Eso tambi\u00e9n atrae a cicloturistas de esos pa\u00edses, que a la hora de parar a tomar un caf\u00e9 y comer les gusta hacerlo en un lugar con &#8216;caracter&#8217; ciclista.<\/p>\n<p><a href=\"https:\/\/d2p6e6u75xmxt8.cloudfront.net\/6\/2022\/01\/5db3dfd2-2f49-4bcf-8dc9-ab74330c83ae.jpg\"><img loading=\"lazy\" decoding=\"async\" class=\"aligncenter size-large wp-image-8569\" src=\"https:\/\/d2p6e6u75xmxt8.cloudfront.net\/6\/2022\/01\/5db3dfd2-2f49-4bcf-8dc9-ab74330c83ae-1024x768.jpg\" alt=\"\" width=\"1024\" height=\"768\" srcset=\"https:\/\/d2p6e6u75xmxt8.cloudfront.net\/6\/2022\/01\/5db3dfd2-2f49-4bcf-8dc9-ab74330c83ae-1024x768.jpg 1024w, https:\/\/d2p6e6u75xmxt8.cloudfront.net\/6\/2022\/01\/5db3dfd2-2f49-4bcf-8dc9-ab74330c83ae-300x225.jpg 300w, https:\/\/d2p6e6u75xmxt8.cloudfront.net\/6\/2022\/01\/5db3dfd2-2f49-4bcf-8dc9-ab74330c83ae-768x576.jpg 768w, https:\/\/d2p6e6u75xmxt8.cloudfront.net\/6\/2022\/01\/5db3dfd2-2f49-4bcf-8dc9-ab74330c83ae-1536x1152.jpg 1536w, https:\/\/d2p6e6u75xmxt8.cloudfront.net\/6\/2022\/01\/5db3dfd2-2f49-4bcf-8dc9-ab74330c83ae.jpg 1600w\" sizes=\"auto, (max-width: 1024px) 100vw, 1024px\" \/><\/a><\/p>\n<p>Uno de los puntos claves de todas las rutas cicloturistas de la <a href=\"https:\/\/www.welovecycling.com\/es\/2018\/11\/19\/entrenar-en-invierno-sol-y-calor\/\">Costa Blanca<\/a> es Jal\u00f3n (Xal\u00f3 en valenciano). Por all\u00ed hay que pasar si subes desde Calpe para ir al <strong>Coll de Rates<\/strong>, uno de los m\u00e1s transitados por profesionales y cicloturistas, y tambi\u00e9n a la <strong>Sierra de Bernia<\/strong>, otra de las subidas &#8216;obligadas&#8217; de la zona. Sin grande rampas, sin tr\u00e1fico y con unas vistas espectaculares.<\/p>\n<p>Y all\u00ed, en Jal\u00f3n, a pie de la subida de <a href=\"https:\/\/www.welovecycling.com\/es\/2018\/01\/29\/entrenamiento-equipos-profesionales\/\">Bernia<\/a> y poco m\u00e1s de una decena de kil\u00f3metros del Coll de Rates est\u00e1 situado Velosol, el bar m\u00e1s &#8216;flamenco&#8217; de la Costa Blanca. Solo con pasar por el exterior ya sabes que all\u00ed hay cicistas. Una foto de <strong>Remco Evenepoel<\/strong> levantando los brazos avisa al ciclista de que all\u00ed se va a sentir como en casa.<\/p>\n<p><a href=\"https:\/\/d2p6e6u75xmxt8.cloudfront.net\/6\/2022\/01\/IMG_20211228_134041-scaled.jpg\"><img loading=\"lazy\" decoding=\"async\" class=\"aligncenter size-large wp-image-8566\" src=\"https:\/\/d2p6e6u75xmxt8.cloudfront.net\/6\/2022\/01\/IMG_20211228_134041-1024x472.jpg\" alt=\"\" width=\"1024\" height=\"472\" srcset=\"https:\/\/d2p6e6u75xmxt8.cloudfront.net\/6\/2022\/01\/IMG_20211228_134041-1024x472.jpg 1024w, https:\/\/d2p6e6u75xmxt8.cloudfront.net\/6\/2022\/01\/IMG_20211228_134041-300x138.jpg 300w, https:\/\/d2p6e6u75xmxt8.cloudfront.net\/6\/2022\/01\/IMG_20211228_134041-768x354.jpg 768w, https:\/\/d2p6e6u75xmxt8.cloudfront.net\/6\/2022\/01\/IMG_20211228_134041-1536x708.jpg 1536w, https:\/\/d2p6e6u75xmxt8.cloudfront.net\/6\/2022\/01\/IMG_20211228_134041-2048x944.jpg 2048w, https:\/\/d2p6e6u75xmxt8.cloudfront.net\/6\/2022\/01\/IMG_20211228_134041-1920x885.jpg 1920w, https:\/\/d2p6e6u75xmxt8.cloudfront.net\/6\/2022\/01\/IMG_20211228_134041-1920x885.jpg 1920w\" sizes=\"auto, (max-width: 1024px) 100vw, 1024px\" \/><\/a><\/p>\n<h2><strong>Boonen, Kapelmuur, Kwaremont y Eddy Merckx<\/strong><\/h2>\n<p>Los d\u00edas de sol (la mayor\u00eda) hay que buscar hueco en la terraza del patio interior, casi siempre lleno de ciclistas. Un aparcamiento de bicis y los ojos se van a los bidones de equipos hist\u00f3ricos, los asientos de los taburetes (con los colores de conjuntos m\u00edticos), la foto de <strong>Boonen en el Kapelmuur, los maillots firmados por corredores, la carta con cervezas de Flandes<\/strong>&#8230;<\/p>\n<p>En la parte interior encuentras casi un museo. Fotos de casi todas las carreras que puedes ver en Flandes. Desde <strong>Omloop a Gante Wevelgem.<\/strong> Maillots firmados y fotograf\u00edas de todos los ciclistas profesionales que han pasado por all\u00ed a tomar un caf\u00e9 durante sus entrenamientos por la Costa Blanca. Bicicletas antiguas. Carteles y flechas de casi cualquiera carrera profesional. Incluso una <a href=\"https:\/\/es.velosolcycling.com\/shop\">tienda propia<\/a> con camisetas del Coll de Rates o Bernia y bicicletas de alquiler Eddy Merckx.<\/p>\n<p>Y es que Velosol tambi\u00e9n tiene un equipo m\u00e1ster que disputa las carreras de a Comunidad Valenciana, un<a href=\"https:\/\/es.velosolcycling.com\/fitness\"> gimnasio<\/a> para preparar la temporada, una tienda de componentes de bicis y una curiosidad. Solo lo encontrar\u00e1s abierto de martes a s\u00e1bado de 10:00 a 17:00, horario ciclista. Los domingos te tienes que conformar con visitar alguna de las otras cafeter\u00edas que han adoptado el mismo rol ciclista en los alrededores.<br \/>\n<a href=\"https:\/\/d2p6e6u75xmxt8.cloudfront.net\/6\/2022\/01\/IMG_20211228_133732-scaled.jpg\"><img loading=\"lazy\" decoding=\"async\" class=\"aligncenter size-large wp-image-8568\" src=\"https:\/\/d2p6e6u75xmxt8.cloudfront.net\/6\/2022\/01\/IMG_20211228_133732-1024x473.jpg\" alt=\"\" width=\"1024\" height=\"473\" srcset=\"https:\/\/d2p6e6u75xmxt8.cloudfront.net\/6\/2022\/01\/IMG_20211228_133732-1024x473.jpg 1024w, https:\/\/d2p6e6u75xmxt8.cloudfront.net\/6\/2022\/01\/IMG_20211228_133732-300x138.jpg 300w, https:\/\/d2p6e6u75xmxt8.cloudfront.net\/6\/2022\/01\/IMG_20211228_133732-768x354.jpg 768w, https:\/\/d2p6e6u75xmxt8.cloudfront.net\/6\/2022\/01\/IMG_20211228_133732-1536x709.jpg 1536w, https:\/\/d2p6e6u75xmxt8.cloudfront.net\/6\/2022\/01\/IMG_20211228_133732-2048x945.jpg 2048w, https:\/\/d2p6e6u75xmxt8.cloudfront.net\/6\/2022\/01\/IMG_20211228_133732-1920x886.jpg 1920w, https:\/\/d2p6e6u75xmxt8.cloudfront.net\/6\/2022\/01\/IMG_20211228_133732-1920x886.jpg 1920w\" sizes=\"auto, (max-width: 1024px) 100vw, 1024px\" \/><\/a><\/p>\n","protected":false},"excerpt":{"rendered":"<p>Si pasas a tomar un caf\u00e9 a mediod\u00eda entre noviembre y enero no es raro encontrarse all\u00ed a Remco Evenepoel [&hellip;]<\/p>\n","protected":false},"author":29,"featured_media":8567,"comment_status":"open","ping_status":"open","sticky":false,"template":"","format":"standard","meta":{"footnotes":""},"categories":[7,8],"tags":[],"global-categories":[1164],"class_list":["post-8563","post","type-post","status-publish","format-standard","has-post-thumbnail","hentry","category-carretera","category-life-style","global-categories-cycling"],"yoast_head":"<!-- This site is optimized with the Yoast SEO Premium plugin v25.3 (Yoast SEO v25.9) - https:\/\/yoast.com\/wordpress\/plugins\/seo\/ -->\n<title>Velosol, el ciclismo de Flandes en la Costa Blanca - \u0160koda We Love Cycling - Spain<\/title>\n<meta name=\"description\" content=\"Velosol, el ciclismo de Flandes en la Costa Blanca. El bar ciclista con esencia del ciclismo de Flandes. Fotos, maillots, bidones...\" \/>\n<meta name=\"robots\" content=\"index, follow, max-snippet:-1, max-image-preview:large, max-video-preview:-1\" \/>\n<link rel=\"canonical\" href=\"https:\/\/www.welovecycling.com\/es\/2022\/01\/25\/velosol\/\" \/>\n<meta property=\"og:locale\" content=\"es_ES\" \/>\n<meta property=\"og:type\" content=\"article\" \/>\n<meta property=\"og:title\" content=\"Velosol, el ciclismo de Flandes en la Costa Blanca\" \/>\n<meta property=\"og:description\" content=\"Velosol, el ciclismo de Flandes en la Costa Blanca. El bar ciclista con esencia del ciclismo de Flandes. Fotos, maillots, bidones...\" \/>\n<meta property=\"og:url\" content=\"https:\/\/www.welovecycling.com\/es\/2022\/01\/25\/velosol\/\" \/>\n<meta property=\"og:site_name\" content=\"\u0160koda We Love Cycling - Spain\" \/>\n<meta property=\"article:published_time\" content=\"2022-01-25T19:24:26+00:00\" \/>\n<meta property=\"article:modified_time\" content=\"2022-01-28T10:13:47+00:00\" \/>\n<meta property=\"og:image\" content=\"https:\/\/d2p6e6u75xmxt8.cloudfront.net\/6\/2022\/01\/IMG_20211228_133742-scaled.jpg\" \/>\n\t<meta property=\"og:image:width\" content=\"2560\" \/>\n\t<meta property=\"og:image:height\" content=\"1182\" \/>\n\t<meta property=\"og:image:type\" content=\"image\/jpeg\" \/>\n<meta name=\"author\" content=\"We Love Cycling Spain\" \/>\n<meta name=\"twitter:card\" content=\"summary_large_image\" \/>\n<meta name=\"twitter:title\" content=\"Velosol, el ciclismo de Flandes en la Costa Blanca\" \/>\n<meta name=\"twitter:description\" content=\"Velosol, el ciclismo de Flandes en la Costa Blanca. El bar ciclista con esencia del ciclismo de Flandes. Fotos, maillots, bidones...\" \/>\n<meta name=\"twitter:label1\" content=\"Written by\" \/>\n\t<meta name=\"twitter:data1\" content=\"Luis Ortega @Ciclored\" \/>\n\t<meta name=\"twitter:label2\" content=\"Est. reading time\" \/>\n\t<meta name=\"twitter:data2\" content=\"3 minutes\" \/>\n<script type=\"application\/ld+json\" class=\"yoast-schema-graph\">{\"@context\":\"https:\/\/schema.org\",\"@graph\":[{\"@type\":\"WebPage\",\"@id\":\"https:\/\/www.welovecycling.com\/es\/2022\/01\/25\/velosol\/\",\"url\":\"https:\/\/www.welovecycling.com\/es\/2022\/01\/25\/velosol\/\",\"name\":\"Velosol, el ciclismo de Flandes en la Costa Blanca - \u0160koda We Love Cycling - Spain\",\"isPartOf\":{\"@id\":\"https:\/\/www.welovecycling.com\/es\/#website\"},\"primaryImageOfPage\":{\"@id\":\"https:\/\/www.welovecycling.com\/es\/2022\/01\/25\/velosol\/#primaryimage\"},\"image\":{\"@id\":\"https:\/\/www.welovecycling.com\/es\/2022\/01\/25\/velosol\/#primaryimage\"},\"thumbnailUrl\":\"https:\/\/d2p6e6u75xmxt8.cloudfront.net\/6\/2022\/01\/IMG_20211228_133742-scaled.jpg\",\"datePublished\":\"2022-01-25T19:24:26+00:00\",\"dateModified\":\"2022-01-28T10:13:47+00:00\",\"author\":{\"@id\":\"https:\/\/www.welovecycling.com\/es\/#\/schema\/person\/deb61715b5812698ee79fb96f343ccd4\"},\"description\":\"Velosol, el ciclismo de Flandes en la Costa Blanca. El bar ciclista con esencia del ciclismo de Flandes. Fotos, maillots, bidones...\",\"breadcrumb\":{\"@id\":\"https:\/\/www.welovecycling.com\/es\/2022\/01\/25\/velosol\/#breadcrumb\"},\"inLanguage\":\"es-ES\",\"potentialAction\":[{\"@type\":\"ReadAction\",\"target\":[\"https:\/\/www.welovecycling.com\/es\/2022\/01\/25\/velosol\/\"]}]},{\"@type\":\"ImageObject\",\"inLanguage\":\"es-ES\",\"@id\":\"https:\/\/www.welovecycling.com\/es\/2022\/01\/25\/velosol\/#primaryimage\",\"url\":\"https:\/\/d2p6e6u75xmxt8.cloudfront.net\/6\/2022\/01\/IMG_20211228_133742-scaled.jpg\",\"contentUrl\":\"https:\/\/d2p6e6u75xmxt8.cloudfront.net\/6\/2022\/01\/IMG_20211228_133742-scaled.jpg\",\"width\":2560,\"height\":1182},{\"@type\":\"BreadcrumbList\",\"@id\":\"https:\/\/www.welovecycling.com\/es\/2022\/01\/25\/velosol\/#breadcrumb\",\"itemListElement\":[{\"@type\":\"ListItem\",\"position\":1,\"name\":\"Home\",\"item\":\"https:\/\/www.welovecycling.com\/es\/\"},{\"@type\":\"ListItem\",\"position\":2,\"name\":\"Velosol, el ciclismo de Flandes en la Costa Blanca\"}]},{\"@type\":\"WebSite\",\"@id\":\"https:\/\/www.welovecycling.com\/es\/#website\",\"url\":\"https:\/\/www.welovecycling.com\/es\/\",\"name\":\"\u0160koda We Love Cycling - Spain\",\"description\":\"\u0160koda WeLoveCycling Spain\",\"potentialAction\":[{\"@type\":\"SearchAction\",\"target\":{\"@type\":\"EntryPoint\",\"urlTemplate\":\"https:\/\/www.welovecycling.com\/es\/?s={search_term_string}\"},\"query-input\":{\"@type\":\"PropertyValueSpecification\",\"valueRequired\":true,\"valueName\":\"search_term_string\"}}],\"inLanguage\":\"es-ES\"},{\"@type\":\"Person\",\"@id\":\"https:\/\/www.welovecycling.com\/es\/#\/schema\/person\/deb61715b5812698ee79fb96f343ccd4\",\"name\":\"We Love Cycling Spain\",\"image\":{\"@type\":\"ImageObject\",\"inLanguage\":\"es-ES\",\"@id\":\"https:\/\/www.welovecycling.com\/es\/#\/schema\/person\/image\/\",\"url\":\"https:\/\/secure.gravatar.com\/avatar\/c824b04e6df0e37a03219d0b6481672889df542894588964102459e46513159c?s=96&d=mm&r=g\",\"contentUrl\":\"https:\/\/secure.gravatar.com\/avatar\/c824b04e6df0e37a03219d0b6481672889df542894588964102459e46513159c?s=96&d=mm&r=g\",\"caption\":\"We Love Cycling Spain\"},\"url\":\"https:\/\/www.welovecycling.com\/es\/author\/amunoz\/\"}]}<\/script>\n<!-- \/ Yoast SEO Premium plugin. -->","yoast_head_json":{"title":"Velosol, el ciclismo de Flandes en la Costa Blanca - \u0160koda We Love Cycling - Spain","description":"Velosol, el ciclismo de Flandes en la Costa Blanca. El bar ciclista con esencia del ciclismo de Flandes. Fotos, maillots, bidones...","robots":{"index":"index","follow":"follow","max-snippet":"max-snippet:-1","max-image-preview":"max-image-preview:large","max-video-preview":"max-video-preview:-1"},"canonical":"https:\/\/www.welovecycling.com\/es\/2022\/01\/25\/velosol\/","og_locale":"es_ES","og_type":"article","og_title":"Velosol, el ciclismo de Flandes en la Costa Blanca","og_description":"Velosol, el ciclismo de Flandes en la Costa Blanca. El bar ciclista con esencia del ciclismo de Flandes. Fotos, maillots, bidones...","og_url":"https:\/\/www.welovecycling.com\/es\/2022\/01\/25\/velosol\/","og_site_name":"\u0160koda We Love Cycling - Spain","article_published_time":"2022-01-25T19:24:26+00:00","article_modified_time":"2022-01-28T10:13:47+00:00","og_image":[{"width":2560,"height":1182,"url":"https:\/\/d2p6e6u75xmxt8.cloudfront.net\/6\/2022\/01\/IMG_20211228_133742-scaled.jpg","type":"image\/jpeg"}],"author":"We Love Cycling Spain","twitter_card":"summary_large_image","twitter_title":"Velosol, el ciclismo de Flandes en la Costa Blanca","twitter_description":"Velosol, el ciclismo de Flandes en la Costa Blanca. El bar ciclista con esencia del ciclismo de Flandes. Fotos, maillots, bidones...","twitter_misc":{"Written by":"Luis Ortega @Ciclored","Est. reading time":"3 minutes"},"schema":{"@context":"https:\/\/schema.org","@graph":[{"@type":"WebPage","@id":"https:\/\/www.welovecycling.com\/es\/2022\/01\/25\/velosol\/","url":"https:\/\/www.welovecycling.com\/es\/2022\/01\/25\/velosol\/","name":"Velosol, el ciclismo de Flandes en la Costa Blanca - \u0160koda We Love Cycling - Spain","isPartOf":{"@id":"https:\/\/www.welovecycling.com\/es\/#website"},"primaryImageOfPage":{"@id":"https:\/\/www.welovecycling.com\/es\/2022\/01\/25\/velosol\/#primaryimage"},"image":{"@id":"https:\/\/www.welovecycling.com\/es\/2022\/01\/25\/velosol\/#primaryimage"},"thumbnailUrl":"https:\/\/d2p6e6u75xmxt8.cloudfront.net\/6\/2022\/01\/IMG_20211228_133742-scaled.jpg","datePublished":"2022-01-25T19:24:26+00:00","dateModified":"2022-01-28T10:13:47+00:00","author":{"@id":"https:\/\/www.welovecycling.com\/es\/#\/schema\/person\/deb61715b5812698ee79fb96f343ccd4"},"description":"Velosol, el ciclismo de Flandes en la Costa Blanca. El bar ciclista con esencia del ciclismo de Flandes. Fotos, maillots, bidones...","breadcrumb":{"@id":"https:\/\/www.welovecycling.com\/es\/2022\/01\/25\/velosol\/#breadcrumb"},"inLanguage":"es-ES","potentialAction":[{"@type":"ReadAction","target":["https:\/\/www.welovecycling.com\/es\/2022\/01\/25\/velosol\/"]}]},{"@type":"ImageObject","inLanguage":"es-ES","@id":"https:\/\/www.welovecycling.com\/es\/2022\/01\/25\/velosol\/#primaryimage","url":"https:\/\/d2p6e6u75xmxt8.cloudfront.net\/6\/2022\/01\/IMG_20211228_133742-scaled.jpg","contentUrl":"https:\/\/d2p6e6u75xmxt8.cloudfront.net\/6\/2022\/01\/IMG_20211228_133742-scaled.jpg","width":2560,"height":1182},{"@type":"BreadcrumbList","@id":"https:\/\/www.welovecycling.com\/es\/2022\/01\/25\/velosol\/#breadcrumb","itemListElement":[{"@type":"ListItem","position":1,"name":"Home","item":"https:\/\/www.welovecycling.com\/es\/"},{"@type":"ListItem","position":2,"name":"Velosol, el ciclismo de Flandes en la Costa Blanca"}]},{"@type":"WebSite","@id":"https:\/\/www.welovecycling.com\/es\/#website","url":"https:\/\/www.welovecycling.com\/es\/","name":"\u0160koda We Love Cycling - Spain","description":"\u0160koda WeLoveCycling Spain","potentialAction":[{"@type":"SearchAction","target":{"@type":"EntryPoint","urlTemplate":"https:\/\/www.welovecycling.com\/es\/?s={search_term_string}"},"query-input":{"@type":"PropertyValueSpecification","valueRequired":true,"valueName":"search_term_string"}}],"inLanguage":"es-ES"},{"@type":"Person","@id":"https:\/\/www.welovecycling.com\/es\/#\/schema\/person\/deb61715b5812698ee79fb96f343ccd4","name":"We Love Cycling Spain","image":{"@type":"ImageObject","inLanguage":"es-ES","@id":"https:\/\/www.welovecycling.com\/es\/#\/schema\/person\/image\/","url":"https:\/\/secure.gravatar.com\/avatar\/c824b04e6df0e37a03219d0b6481672889df542894588964102459e46513159c?s=96&d=mm&r=g","contentUrl":"https:\/\/secure.gravatar.com\/avatar\/c824b04e6df0e37a03219d0b6481672889df542894588964102459e46513159c?s=96&d=mm&r=g","caption":"We Love Cycling Spain"},"url":"https:\/\/www.welovecycling.com\/es\/author\/amunoz\/"}]}},"_links":{"self":[{"href":"https:\/\/www.welovecycling.com\/es\/wp-json\/wp\/v2\/posts\/8563","targetHints":{"allow":["GET"]}}],"collection":[{"href":"https:\/\/www.welovecycling.com\/es\/wp-json\/wp\/v2\/posts"}],"about":[{"href":"https:\/\/www.welovecycling.com\/es\/wp-json\/wp\/v2\/types\/post"}],"author":[{"embeddable":true,"href":"https:\/\/www.welovecycling.com\/es\/wp-json\/wp\/v2\/users\/29"}],"replies":[{"embeddable":true,"href":"https:\/\/www.welovecycling.com\/es\/wp-json\/wp\/v2\/comments?post=8563"}],"version-history":[{"count":2,"href":"https:\/\/www.welovecycling.com\/es\/wp-json\/wp\/v2\/posts\/8563\/revisions"}],"predecessor-version":[{"id":8570,"href":"https:\/\/www.welovecycling.com\/es\/wp-json\/wp\/v2\/posts\/8563\/revisions\/8570"}],"wp:featuredmedia":[{"embeddable":true,"href":"https:\/\/www.welovecycling.com\/es\/wp-json\/wp\/v2\/media\/8567"}],"wp:attachment":[{"href":"https:\/\/www.welovecycling.com\/es\/wp-json\/wp\/v2\/media?parent=8563"}],"wp:term":[{"taxonomy":"category","embeddable":true,"href":"https:\/\/www.welovecycling.com\/es\/wp-json\/wp\/v2\/categories?post=8563"},{"taxonomy":"post_tag","embeddable":true,"href":"https:\/\/www.welovecycling.com\/es\/wp-json\/wp\/v2\/tags?post=8563"},{"taxonomy":"global-categories","embeddable":true,"href":"https:\/\/www.welovecycling.com\/es\/wp-json\/wp\/v2\/global-categories?post=8563"}],"curies":[{"name":"wp","href":"https:\/\/api.w.org\/{rel}","templated":true}]}}