{"id":8551,"date":"2022-01-24T22:21:46","date_gmt":"2022-01-24T20:21:46","guid":{"rendered":"https:\/\/www.welovecycling.com\/es\/?p=8551"},"modified":"2022-01-21T22:38:13","modified_gmt":"2022-01-21T20:38:13","slug":"coste-real-de-una-bicicleta","status":"publish","type":"post","link":"https:\/\/www.welovecycling.com\/es\/2022\/01\/24\/coste-real-de-una-bicicleta\/","title":{"rendered":"\u00bfCu\u00e1l es el coste real de una bicicleta?"},"content":{"rendered":"<p><strong>Hoy en d\u00eda, el coste de una bicicleta puede ser un aut\u00e9ntico aguafiestas. \u00bfPor qu\u00e9 algunas son m\u00e1s caras que otras? Para el consumidor con un ojo inexperto, es dif\u00edcil ver la diferencia y saber cual es el coste real de una bicicleta.<\/strong><\/p>\n<p><!--more--><\/p>\n<h2><strong>Tienda de bicis frente a gran almacen<\/strong><\/h2>\n<p>Las bicicletas que se venden en estos dos puntos de venta parecen similares, pero son muy diferentes. Las bicicletas que se venden en una gran tienda bajo el mismo techo que el material de jardiner\u00eda, las toallas de papel y los televisores son de calidad b\u00e1sica, dise\u00f1adas para satisfacer las expectativas financieras de lo que sus compradores consideran un precio correcto por dos ruedas, un par de pedales, un cuadro y unos cambios. \u00bfC\u00f3mo de cara puede ser una bicicleta?<\/p>\n<figure id=\"attachment_6896\" aria-describedby=\"caption-attachment-6896\" style=\"width: 1250px\" class=\"wp-caption alignnone\"><a href=\"https:\/\/d2p6e6u75xmxt8.cloudfront.net\/6\/2020\/11\/Bicycle-shop-profimedia-0556684330.jpg\"><img loading=\"lazy\" decoding=\"async\" class=\"size-full wp-image-6896\" src=\"https:\/\/d2p6e6u75xmxt8.cloudfront.net\/6\/2020\/11\/Bicycle-shop-profimedia-0556684330.jpg\" alt=\"Bicycle shop\" width=\"1250\" height=\"833\" srcset=\"https:\/\/d2p6e6u75xmxt8.cloudfront.net\/6\/2020\/11\/Bicycle-shop-profimedia-0556684330.jpg 1250w, https:\/\/d2p6e6u75xmxt8.cloudfront.net\/6\/2020\/11\/Bicycle-shop-profimedia-0556684330-300x200.jpg 300w, https:\/\/d2p6e6u75xmxt8.cloudfront.net\/6\/2020\/11\/Bicycle-shop-profimedia-0556684330-1024x682.jpg 1024w, https:\/\/d2p6e6u75xmxt8.cloudfront.net\/6\/2020\/11\/Bicycle-shop-profimedia-0556684330-768x512.jpg 768w, https:\/\/d2p6e6u75xmxt8.cloudfront.net\/6\/2020\/11\/Bicycle-shop-profimedia-0556684330-272x182.jpg 272w\" sizes=\"auto, (max-width: 1250px) 100vw, 1250px\" \/><\/a><figcaption id=\"caption-attachment-6896\" class=\"wp-caption-text\">\u00bfPor qu\u00e9 algunas bicicletas son m\u00e1s caras que otras? \u00a9 Profimedia<\/figcaption><\/figure>\n<p>&nbsp;<\/p>\n<p>Pues si no lo sabes, no lo sabes. La misma teor\u00eda se aplica a cualquier nicho de especialidad. Hay un mont\u00f3n de objetos que alcanzan precios desorbitados que me dejan incr\u00e9dulo. Simplemente no conozco los matices vitales para entender la diferencia.<\/p>\n<p>No hay nada malo en las bicicletas de las grandes superficies. Sirven a un p\u00fablico muy amplio y, en muchas situaciones, son la opci\u00f3n perfecta. Pero cuando un consumidor busca una bicicleta para unirse al entrenamiento de la tienda local o participar en su primer evento de gravel o gran fondo, no es el lugar al que debe acudir.<\/p>\n<h2><strong>Percepci\u00f3n frente a calidad<\/strong><\/h2>\n<p><a href=\"https:\/\/www.schwinnbikes.com\/\">Schwinn<\/a>, G.A.C. y Raleigh pueden ser nombres que conoces de tu infancia, marcas en las que crees que puedes confiar, pero ya no son lo que eran. Con el paso de los a\u00f1os, estas marcas familiares quebraron y fueron compradas por empresas m\u00e1s grandes para venderlas en cadenas de megatiendas.<\/p>\n<p>Los fabricantes de bicicletas que venden sus marcas en estos supercentros minimizan los costes sustituy\u00e9ndolos por materiales de menor calidad y menos duraderos. Se puede utilizar pl\u00e1stico inyectado para fabricar el cambio trasero de la bicicleta. El acero de bajo coste sustituye al aluminio para los cuadros y las ruedas. La bicicleta puede tener s\u00f3lo nueve velocidades en lugar de once o doce.<\/p>\n<p>\u00bfY qui\u00e9n fabrica estas bicicletas? Las prepara para la venta el mismo personal que monta los muebles de jard\u00edn u otros art\u00edculos expuestos, es decir, personas no especializadas en ciclismo. Las bicicletas son veh\u00edculos en movimiento y se necesitan frenos fiables para la seguridad personal. Siempre hay que elegir bien cuando se trata de la seguridad personal.<\/p>\n<h2><strong>Marcas directas al consumidor<\/strong><\/h2>\n<p>Puedes ahorrar dinero en una bicicleta compr\u00e1ndola a una marca de calidad que venda directamente al consumidor (DTC). Los compradores evitan totalmente el margen de beneficio del intermediario cuando compran a empresas DTC como Canyon, YT, Ventum, Ribble, Planet X, Rose, Commen\u00e7al y Fezzari, que fabrican fant\u00e1sticas bicicletas de carretera, de gravel y de monta\u00f1a en una gran variedad de materiales de cuadro y grupos.<\/p>\n<p>Las marcas de DTC son tan altas en calidad, fiabilidad y atenci\u00f3n al cliente como las marcas que se encuentran en las tiendas de bicicletas convencionales. Adem\u00e1s, pueden ofrecer m\u00e1s valor a los precios de las marcas de la competencia porque no pagan por el espacio en una red de tiendas de bicicletas. Si tienes los conocimientos y la habilidad para montar las piezas restantes de tu pedido, definitivamente vale la pena el esfuerzo. E incluso si no crees que pueda hacerlo por t\u00ed mismo, pagar a su tienda local de bicicletas para que lo haga por ti es una situaci\u00f3n en la que todos salen ganando.<\/p>\n<h2><strong>Tienda local de bicis<\/strong><\/h2>\n<p>Parte del precio de esa reluciente <a href=\"https:\/\/www.welovecycling.com\/es\/2019\/10\/10\/bici-nueva\/\">bicicleta nueva<\/a> en tu tienda local incluye el servicio profesional y la orientaci\u00f3n que recibes de los vendedores. Podr\u00e1s hablar con una persona real sobre el tipo de ciclismo que practicas y tus objetivos, compartir tus historias, y podr\u00e1n ver realmente c\u00f3mo encajas en la bicicleta. Su experiencia significa que comprar\u00e1s la bicicleta con las caracter\u00edsticas que satisfagan tus necesidades y el tama\u00f1o que mejor te convenga.<\/p>\n<figure id=\"attachment_8553\" aria-describedby=\"caption-attachment-8553\" style=\"width: 1250px\" class=\"wp-caption alignnone\"><a href=\"https:\/\/d2p6e6u75xmxt8.cloudfront.net\/6\/2022\/01\/profimedia-0351765066.jpg\"><img loading=\"lazy\" decoding=\"async\" class=\"wp-image-8553 size-full\" src=\"https:\/\/d2p6e6u75xmxt8.cloudfront.net\/6\/2022\/01\/profimedia-0351765066.jpg\" alt=\"BIke shop\" width=\"1250\" height=\"833\" srcset=\"https:\/\/d2p6e6u75xmxt8.cloudfront.net\/6\/2022\/01\/profimedia-0351765066.jpg 1250w, https:\/\/d2p6e6u75xmxt8.cloudfront.net\/6\/2022\/01\/profimedia-0351765066-300x200.jpg 300w, https:\/\/d2p6e6u75xmxt8.cloudfront.net\/6\/2022\/01\/profimedia-0351765066-1024x682.jpg 1024w, https:\/\/d2p6e6u75xmxt8.cloudfront.net\/6\/2022\/01\/profimedia-0351765066-768x512.jpg 768w, https:\/\/d2p6e6u75xmxt8.cloudfront.net\/6\/2022\/01\/profimedia-0351765066-272x182.jpg 272w\" sizes=\"auto, (max-width: 1250px) 100vw, 1250px\" \/><\/a><figcaption id=\"caption-attachment-8553\" class=\"wp-caption-text\">En una tienda puedes elegir la bici que te conviene. \u00a9 Profimedia<\/figcaption><\/figure>\n<h2><strong><br \/>\nMaterial de primera calidad<\/strong><\/h2>\n<p>La mayor parte del precio del coste real de una bicicleta se destina a las materias primas. Los <a href=\"https:\/\/www.welovecycling.com\/es\/2021\/03\/19\/reciclar-un-cuadro-de-carbono\/\">cuadros<\/a> y las ruedas de las bicicletas se fabrican con acero extruido, aluminio y titanio, o se moldean a partir de capas de diferentes tipos de fibra de carbono con exigentes tolerancias de f\u00e1brica. Las piezas y componentes que van en la bicicleta son tambi\u00e9n de marcas respetadas por la industria, como <a href=\"https:\/\/www.welovecycling.com\/es\/2021\/07\/07\/coches-neutros\/\">Shimano<\/a> y SRAM.<\/p>\n<p>Los trabajos de pintura son perfectos y las bicicletas son m\u00e1s ligeras y atractivas a la vista; incluso te hacen so\u00f1ar. Est\u00e1s comprando una calidad que se amortiza a largo plazo, ya que las bicicletas duran a\u00f1os si se mantienen correctamente. Esto contrasta con las bicicletas de las grandes superficies que pueden costar m\u00e1s de reparar que el precio de la propia bicicleta.<\/p>\n<h2><strong>Tecnolog\u00eda, innovaci\u00f3n y marketing<\/strong><\/h2>\n<p>Las marcas gastan una enorme cantidad de recursos en investigaci\u00f3n y desarrollo para seguir siendo competitivas en el mercado y ganarse su negocio. La bicicleta de moda del momento de una marca puede ser r\u00e1pidamente eclipsada por otra en el futuro, por lo que todas tienen que estar atentas.<\/p>\n<p>Las pruebas de materiales en t\u00faneles de viento para la aerodin\u00e1mica, las pruebas de fatiga de componentes de todas las bicicletas, horquillas y ruedas en m\u00e1quinas calibradas para garantizar la seguridad del consumidor, las tendencias futuras, el dise\u00f1o de los productos, las geometr\u00edas e incluso los colores de pintura m\u00e1s populares del pr\u00f3ximo a\u00f1o se investigan y desarrollan con antelaci\u00f3n para ofrecerle la mejor bicicleta posible.<\/p>\n<p>A esto hay que a\u00f1adir las compras de los empleados de la tienda y el bot\u00edn de prensa (art\u00edculos de promoci\u00f3n gratuitos), los productos para las rese\u00f1as de las publicaciones, los v\u00eddeos de producci\u00f3n de alta calidad, los anuncios impresos y las campa\u00f1as en l\u00ednea y en las redes sociales. Todas ellas son herramientas que ayudan a las marcas a captar tu atenci\u00f3n y su negocio. Al final, todos ellos influyen en el coste real de una bicicleta.<\/p>\n","protected":false},"excerpt":{"rendered":"<p>Hoy en d\u00eda, el coste de una bicicleta puede ser un aut\u00e9ntico aguafiestas. \u00bfPor qu\u00e9 algunas son m\u00e1s caras que [&hellip;]<\/p>\n","protected":false},"author":29,"featured_media":8556,"comment_status":"open","ping_status":"open","sticky":false,"template":"","format":"standard","meta":{"footnotes":""},"categories":[7,9],"tags":[],"global-categories":[],"class_list":["post-8551","post","type-post","status-publish","format-standard","has-post-thumbnail","hentry","category-carretera","category-mtb-aventura"],"yoast_head":"<!-- This site is optimized with the Yoast SEO Premium plugin v25.3 (Yoast SEO v25.9) - https:\/\/yoast.com\/wordpress\/plugins\/seo\/ -->\n<title>\u00bfCu\u00e1l es el coste real de una bicicleta? - We Love Cycling Magazine<\/title>\n<meta name=\"description\" content=\"\u00bfCu\u00e1l es el coste real de una bicicleta? Qu\u00e9 influye en que unas bicicletas sean m\u00e1s caras que otras. Te lo explicamos.\" \/>\n<meta name=\"robots\" content=\"index, follow, max-snippet:-1, max-image-preview:large, max-video-preview:-1\" \/>\n<link rel=\"canonical\" href=\"https:\/\/www.welovecycling.com\/es\/2022\/01\/24\/coste-real-de-una-bicicleta\/\" \/>\n<meta property=\"og:locale\" content=\"es_ES\" \/>\n<meta property=\"og:type\" content=\"article\" \/>\n<meta property=\"og:title\" content=\"\u00bfCu\u00e1l es el coste real de una bicicleta?\" \/>\n<meta property=\"og:description\" content=\"\u00bfCu\u00e1l es el coste real de una bicicleta? Qu\u00e9 influye en que unas bicicletas sean m\u00e1s caras que otras. Te lo explicamos.\" \/>\n<meta property=\"og:url\" content=\"https:\/\/www.welovecycling.com\/es\/2022\/01\/24\/coste-real-de-una-bicicleta\/\" \/>\n<meta property=\"og:site_name\" content=\"\u0160koda We Love Cycling - Spain\" \/>\n<meta property=\"article:published_time\" content=\"2022-01-24T20:21:46+00:00\" \/>\n<meta property=\"og:image\" content=\"https:\/\/d2p6e6u75xmxt8.cloudfront.net\/6\/2022\/01\/Parked-bicycles-profimedia-0460236598-CVR.jpg\" \/>\n\t<meta property=\"og:image:width\" content=\"1366\" \/>\n\t<meta property=\"og:image:height\" content=\"600\" \/>\n\t<meta property=\"og:image:type\" content=\"image\/jpeg\" \/>\n<meta name=\"author\" content=\"We Love Cycling Spain\" \/>\n<meta name=\"twitter:card\" content=\"summary_large_image\" \/>\n<meta name=\"twitter:title\" content=\"\u00bfCu\u00e1l es el coste real de una bicicleta?\" \/>\n<meta name=\"twitter:description\" content=\"\u00bfCu\u00e1l es el coste real de una bicicleta? Qu\u00e9 influye en que unas bicicletas sean m\u00e1s caras que otras. Te lo explicamos.\" \/>\n<meta name=\"twitter:label1\" content=\"Written by\" \/>\n\t<meta name=\"twitter:data1\" content=\"Andrea Champredonde\" \/>\n\t<meta name=\"twitter:label2\" content=\"Est. reading time\" \/>\n\t<meta name=\"twitter:data2\" content=\"6\" \/>\n<script type=\"application\/ld+json\" class=\"yoast-schema-graph\">{\"@context\":\"https:\/\/schema.org\",\"@graph\":[{\"@type\":\"WebPage\",\"@id\":\"https:\/\/www.welovecycling.com\/es\/2022\/01\/24\/coste-real-de-una-bicicleta\/\",\"url\":\"https:\/\/www.welovecycling.com\/es\/2022\/01\/24\/coste-real-de-una-bicicleta\/\",\"name\":\"\u00bfCu\u00e1l es el coste real de una bicicleta? - We Love Cycling Magazine\",\"isPartOf\":{\"@id\":\"https:\/\/www.welovecycling.com\/es\/#website\"},\"primaryImageOfPage\":{\"@id\":\"https:\/\/www.welovecycling.com\/es\/2022\/01\/24\/coste-real-de-una-bicicleta\/#primaryimage\"},\"image\":{\"@id\":\"https:\/\/www.welovecycling.com\/es\/2022\/01\/24\/coste-real-de-una-bicicleta\/#primaryimage\"},\"thumbnailUrl\":\"https:\/\/d2p6e6u75xmxt8.cloudfront.net\/6\/2022\/01\/Parked-bicycles-profimedia-0460236598-CVR.jpg\",\"datePublished\":\"2022-01-24T20:21:46+00:00\",\"author\":{\"@id\":\"https:\/\/www.welovecycling.com\/es\/#\/schema\/person\/deb61715b5812698ee79fb96f343ccd4\"},\"description\":\"\u00bfCu\u00e1l es el coste real de una bicicleta? Qu\u00e9 influye en que unas bicicletas sean m\u00e1s caras que otras. Te lo explicamos.\",\"breadcrumb\":{\"@id\":\"https:\/\/www.welovecycling.com\/es\/2022\/01\/24\/coste-real-de-una-bicicleta\/#breadcrumb\"},\"inLanguage\":\"es-ES\",\"potentialAction\":[{\"@type\":\"ReadAction\",\"target\":[\"https:\/\/www.welovecycling.com\/es\/2022\/01\/24\/coste-real-de-una-bicicleta\/\"]}]},{\"@type\":\"ImageObject\",\"inLanguage\":\"es-ES\",\"@id\":\"https:\/\/www.welovecycling.com\/es\/2022\/01\/24\/coste-real-de-una-bicicleta\/#primaryimage\",\"url\":\"https:\/\/d2p6e6u75xmxt8.cloudfront.net\/6\/2022\/01\/Parked-bicycles-profimedia-0460236598-CVR.jpg\",\"contentUrl\":\"https:\/\/d2p6e6u75xmxt8.cloudfront.net\/6\/2022\/01\/Parked-bicycles-profimedia-0460236598-CVR.jpg\",\"width\":1366,\"height\":600,\"caption\":\"Parked bicycles\"},{\"@type\":\"BreadcrumbList\",\"@id\":\"https:\/\/www.welovecycling.com\/es\/2022\/01\/24\/coste-real-de-una-bicicleta\/#breadcrumb\",\"itemListElement\":[{\"@type\":\"ListItem\",\"position\":1,\"name\":\"Home\",\"item\":\"https:\/\/www.welovecycling.com\/es\/\"},{\"@type\":\"ListItem\",\"position\":2,\"name\":\"\u00bfCu\u00e1l es el coste real de una bicicleta?\"}]},{\"@type\":\"WebSite\",\"@id\":\"https:\/\/www.welovecycling.com\/es\/#website\",\"url\":\"https:\/\/www.welovecycling.com\/es\/\",\"name\":\"\u0160koda We Love Cycling - Spain\",\"description\":\"\u0160koda WeLoveCycling Spain\",\"potentialAction\":[{\"@type\":\"SearchAction\",\"target\":{\"@type\":\"EntryPoint\",\"urlTemplate\":\"https:\/\/www.welovecycling.com\/es\/?s={search_term_string}\"},\"query-input\":{\"@type\":\"PropertyValueSpecification\",\"valueRequired\":true,\"valueName\":\"search_term_string\"}}],\"inLanguage\":\"es-ES\"},{\"@type\":\"Person\",\"@id\":\"https:\/\/www.welovecycling.com\/es\/#\/schema\/person\/deb61715b5812698ee79fb96f343ccd4\",\"name\":\"We Love Cycling Spain\",\"image\":{\"@type\":\"ImageObject\",\"inLanguage\":\"es-ES\",\"@id\":\"https:\/\/www.welovecycling.com\/es\/#\/schema\/person\/image\/\",\"url\":\"https:\/\/secure.gravatar.com\/avatar\/c824b04e6df0e37a03219d0b6481672889df542894588964102459e46513159c?s=96&d=mm&r=g\",\"contentUrl\":\"https:\/\/secure.gravatar.com\/avatar\/c824b04e6df0e37a03219d0b6481672889df542894588964102459e46513159c?s=96&d=mm&r=g\",\"caption\":\"We Love Cycling Spain\"},\"url\":\"https:\/\/www.welovecycling.com\/es\/author\/amunoz\/\"}]}<\/script>\n<!-- \/ Yoast SEO Premium plugin. -->","yoast_head_json":{"title":"\u00bfCu\u00e1l es el coste real de una bicicleta? - We Love Cycling Magazine","description":"\u00bfCu\u00e1l es el coste real de una bicicleta? Qu\u00e9 influye en que unas bicicletas sean m\u00e1s caras que otras. Te lo explicamos.","robots":{"index":"index","follow":"follow","max-snippet":"max-snippet:-1","max-image-preview":"max-image-preview:large","max-video-preview":"max-video-preview:-1"},"canonical":"https:\/\/www.welovecycling.com\/es\/2022\/01\/24\/coste-real-de-una-bicicleta\/","og_locale":"es_ES","og_type":"article","og_title":"\u00bfCu\u00e1l es el coste real de una bicicleta?","og_description":"\u00bfCu\u00e1l es el coste real de una bicicleta? Qu\u00e9 influye en que unas bicicletas sean m\u00e1s caras que otras. Te lo explicamos.","og_url":"https:\/\/www.welovecycling.com\/es\/2022\/01\/24\/coste-real-de-una-bicicleta\/","og_site_name":"\u0160koda We Love Cycling - Spain","article_published_time":"2022-01-24T20:21:46+00:00","og_image":[{"width":1366,"height":600,"url":"https:\/\/d2p6e6u75xmxt8.cloudfront.net\/6\/2022\/01\/Parked-bicycles-profimedia-0460236598-CVR.jpg","type":"image\/jpeg"}],"author":"We Love Cycling Spain","twitter_card":"summary_large_image","twitter_title":"\u00bfCu\u00e1l es el coste real de una bicicleta?","twitter_description":"\u00bfCu\u00e1l es el coste real de una bicicleta? Qu\u00e9 influye en que unas bicicletas sean m\u00e1s caras que otras. Te lo explicamos.","twitter_misc":{"Written by":"Andrea Champredonde","Est. reading time":"6"},"schema":{"@context":"https:\/\/schema.org","@graph":[{"@type":"WebPage","@id":"https:\/\/www.welovecycling.com\/es\/2022\/01\/24\/coste-real-de-una-bicicleta\/","url":"https:\/\/www.welovecycling.com\/es\/2022\/01\/24\/coste-real-de-una-bicicleta\/","name":"\u00bfCu\u00e1l es el coste real de una bicicleta? - We Love Cycling Magazine","isPartOf":{"@id":"https:\/\/www.welovecycling.com\/es\/#website"},"primaryImageOfPage":{"@id":"https:\/\/www.welovecycling.com\/es\/2022\/01\/24\/coste-real-de-una-bicicleta\/#primaryimage"},"image":{"@id":"https:\/\/www.welovecycling.com\/es\/2022\/01\/24\/coste-real-de-una-bicicleta\/#primaryimage"},"thumbnailUrl":"https:\/\/d2p6e6u75xmxt8.cloudfront.net\/6\/2022\/01\/Parked-bicycles-profimedia-0460236598-CVR.jpg","datePublished":"2022-01-24T20:21:46+00:00","author":{"@id":"https:\/\/www.welovecycling.com\/es\/#\/schema\/person\/deb61715b5812698ee79fb96f343ccd4"},"description":"\u00bfCu\u00e1l es el coste real de una bicicleta? Qu\u00e9 influye en que unas bicicletas sean m\u00e1s caras que otras. Te lo explicamos.","breadcrumb":{"@id":"https:\/\/www.welovecycling.com\/es\/2022\/01\/24\/coste-real-de-una-bicicleta\/#breadcrumb"},"inLanguage":"es-ES","potentialAction":[{"@type":"ReadAction","target":["https:\/\/www.welovecycling.com\/es\/2022\/01\/24\/coste-real-de-una-bicicleta\/"]}]},{"@type":"ImageObject","inLanguage":"es-ES","@id":"https:\/\/www.welovecycling.com\/es\/2022\/01\/24\/coste-real-de-una-bicicleta\/#primaryimage","url":"https:\/\/d2p6e6u75xmxt8.cloudfront.net\/6\/2022\/01\/Parked-bicycles-profimedia-0460236598-CVR.jpg","contentUrl":"https:\/\/d2p6e6u75xmxt8.cloudfront.net\/6\/2022\/01\/Parked-bicycles-profimedia-0460236598-CVR.jpg","width":1366,"height":600,"caption":"Parked bicycles"},{"@type":"BreadcrumbList","@id":"https:\/\/www.welovecycling.com\/es\/2022\/01\/24\/coste-real-de-una-bicicleta\/#breadcrumb","itemListElement":[{"@type":"ListItem","position":1,"name":"Home","item":"https:\/\/www.welovecycling.com\/es\/"},{"@type":"ListItem","position":2,"name":"\u00bfCu\u00e1l es el coste real de una bicicleta?"}]},{"@type":"WebSite","@id":"https:\/\/www.welovecycling.com\/es\/#website","url":"https:\/\/www.welovecycling.com\/es\/","name":"\u0160koda We Love Cycling - Spain","description":"\u0160koda WeLoveCycling Spain","potentialAction":[{"@type":"SearchAction","target":{"@type":"EntryPoint","urlTemplate":"https:\/\/www.welovecycling.com\/es\/?s={search_term_string}"},"query-input":{"@type":"PropertyValueSpecification","valueRequired":true,"valueName":"search_term_string"}}],"inLanguage":"es-ES"},{"@type":"Person","@id":"https:\/\/www.welovecycling.com\/es\/#\/schema\/person\/deb61715b5812698ee79fb96f343ccd4","name":"We Love Cycling Spain","image":{"@type":"ImageObject","inLanguage":"es-ES","@id":"https:\/\/www.welovecycling.com\/es\/#\/schema\/person\/image\/","url":"https:\/\/secure.gravatar.com\/avatar\/c824b04e6df0e37a03219d0b6481672889df542894588964102459e46513159c?s=96&d=mm&r=g","contentUrl":"https:\/\/secure.gravatar.com\/avatar\/c824b04e6df0e37a03219d0b6481672889df542894588964102459e46513159c?s=96&d=mm&r=g","caption":"We Love Cycling Spain"},"url":"https:\/\/www.welovecycling.com\/es\/author\/amunoz\/"}]}},"_links":{"self":[{"href":"https:\/\/www.welovecycling.com\/es\/wp-json\/wp\/v2\/posts\/8551","targetHints":{"allow":["GET"]}}],"collection":[{"href":"https:\/\/www.welovecycling.com\/es\/wp-json\/wp\/v2\/posts"}],"about":[{"href":"https:\/\/www.welovecycling.com\/es\/wp-json\/wp\/v2\/types\/post"}],"author":[{"embeddable":true,"href":"https:\/\/www.welovecycling.com\/es\/wp-json\/wp\/v2\/users\/29"}],"replies":[{"embeddable":true,"href":"https:\/\/www.welovecycling.com\/es\/wp-json\/wp\/v2\/comments?post=8551"}],"version-history":[{"count":2,"href":"https:\/\/www.welovecycling.com\/es\/wp-json\/wp\/v2\/posts\/8551\/revisions"}],"predecessor-version":[{"id":8561,"href":"https:\/\/www.welovecycling.com\/es\/wp-json\/wp\/v2\/posts\/8551\/revisions\/8561"}],"wp:featuredmedia":[{"embeddable":true,"href":"https:\/\/www.welovecycling.com\/es\/wp-json\/wp\/v2\/media\/8556"}],"wp:attachment":[{"href":"https:\/\/www.welovecycling.com\/es\/wp-json\/wp\/v2\/media?parent=8551"}],"wp:term":[{"taxonomy":"category","embeddable":true,"href":"https:\/\/www.welovecycling.com\/es\/wp-json\/wp\/v2\/categories?post=8551"},{"taxonomy":"post_tag","embeddable":true,"href":"https:\/\/www.welovecycling.com\/es\/wp-json\/wp\/v2\/tags?post=8551"},{"taxonomy":"global-categories","embeddable":true,"href":"https:\/\/www.welovecycling.com\/es\/wp-json\/wp\/v2\/global-categories?post=8551"}],"curies":[{"name":"wp","href":"https:\/\/api.w.org\/{rel}","templated":true}]}}