{"id":8542,"date":"2022-01-20T19:59:03","date_gmt":"2022-01-20T17:59:03","guid":{"rendered":"https:\/\/www.welovecycling.com\/es\/?p=8542"},"modified":"2022-01-15T20:40:36","modified_gmt":"2022-01-15T18:40:36","slug":"calendario-ciclismo-femenino-2022","status":"publish","type":"post","link":"https:\/\/www.welovecycling.com\/es\/2022\/01\/20\/calendario-ciclismo-femenino-2022\/","title":{"rendered":"Calendario de ciclismo femenino para 2022 y fichajes"},"content":{"rendered":"<p><strong>Se acabaron las vacaciones, y es hora de mirar hacia adelante para lo que promete ser un a\u00f1o estimulante para el pelot\u00f3n femenino. Por supuesto, lo m\u00e1s significativo en el calendario de ciclismo femenino 2022 es el Tour de France Femmes de ocho d\u00edas que tendr\u00e1 lugar del 24 al 31 de julio, directamente despu\u00e9s del Tour de France masculino. La segunda noticia m\u00e1s importante es la reinstalaci\u00f3n del Giro de Italia Femenino, o Giro Rosa, del 1 al 10 de julio.<\/strong><\/p>\n<p><!--more--><\/p>\n<p>Otros eventos destacados del calendario de ciclismo femenino 2022 son los tres d\u00edas de la <a href=\"https:\/\/www.ridelondon.co.uk\/the-classique\/the-classique\">RideLondon Classique<\/a> en mayo y la tan esperada Batalla del Norte. La carrera inaugural de seis d\u00edas por etapas en Dinamarca, Noruega y Suecia iba a comenzar en 2021, pero se pospuso debido a la pandemia. A principios de marzo, las mujeres iniciar\u00e1n su temporada del WWT con la <a href=\"https:\/\/www.welovecycling.com\/es\/2018\/03\/16\/strade-bianche-cicloturista-carrera-profesional\/\">Strade Bianche<\/a> y, en teor\u00eda, tendr\u00e1n muchos m\u00e1s d\u00edas de carrera del WWT en 2022 si todo va seg\u00fan lo previsto.<\/p>\n<figure id=\"attachment_8544\" aria-describedby=\"caption-attachment-8544\" style=\"width: 1096px\" class=\"wp-caption alignnone\"><a href=\"https:\/\/d2p6e6u75xmxt8.cloudfront.net\/6\/2022\/01\/Tokyo-women-peloton-profimedia-0623195770.jpg\"><img loading=\"lazy\" decoding=\"async\" class=\"wp-image-8544 size-full\" src=\"https:\/\/d2p6e6u75xmxt8.cloudfront.net\/6\/2022\/01\/Tokyo-women-peloton-profimedia-0623195770.jpg\" alt=\"Women's peloton\" width=\"1096\" height=\"832\" srcset=\"https:\/\/d2p6e6u75xmxt8.cloudfront.net\/6\/2022\/01\/Tokyo-women-peloton-profimedia-0623195770.jpg 1096w, https:\/\/d2p6e6u75xmxt8.cloudfront.net\/6\/2022\/01\/Tokyo-women-peloton-profimedia-0623195770-300x228.jpg 300w, https:\/\/d2p6e6u75xmxt8.cloudfront.net\/6\/2022\/01\/Tokyo-women-peloton-profimedia-0623195770-1024x777.jpg 1024w, https:\/\/d2p6e6u75xmxt8.cloudfront.net\/6\/2022\/01\/Tokyo-women-peloton-profimedia-0623195770-768x583.jpg 768w\" sizes=\"auto, (max-width: 1096px) 100vw, 1096px\" \/><\/a><figcaption id=\"caption-attachment-8544\" class=\"wp-caption-text\">\u00bfQu\u00e9 cambiar\u00e1 en el pelot\u00f3n 2022? \u00a9 Profimedia<\/figcaption><\/figure>\n<p>As\u00ed que, con todas esas carreras \u00e9picas por delante, \u00bfqui\u00e9n corre para qui\u00e9n? Como siempre, el mercado de fichajes estaba en pleno apogeo a finales del a\u00f1o pasado, y se te perdonar\u00eda que te perdieras algunos de los grandes movimientos que se produjeron antes de la temporada 2022. Por suerte, estamos aqu\u00ed para mantenerte al d\u00eda. As\u00ed que, sin m\u00e1s pre\u00e1mbulos, echemos un vistazo a algunos de las corredoras que esperan extender sus alas con un nuevo equipo o iniciar sus carreras WorldTour bajo algunos de los mejores equipos del.<\/p>\n<h2><strong>Lotte Kopecky cambiaLiv Racing por SD Worx<\/strong><\/h2>\n<p>Uno de los mayores movimientos antes de la temporada 2022 fue el salto de <a href=\"https:\/\/en.wikipedia.org\/wiki\/Lotte_Kopecky\">Lotte Kopecky<\/a> (posiblemente una de las corredoras m\u00e1s fuertes del pelot\u00f3n) del Liv Racing al SD Worx (posiblemente uno de los equipos m\u00e1s fuertes del pelot\u00f3n). Todo el mundo espera grandes cosas de la campeona nacional belga de fondo en carretera con su nuevo equipo. Gracias a la extraordinaria capacidad de sprint de Kopecky y a su inmensa potencia en llano y en cuestas cortas, deber\u00eda encajar bien entre ciclistas de la talla de Demi Vollering, Christine Majerus, Chantal van den Broek-Blaak y Kata Blanka Vas.<\/p>\n<h2><strong>Marlen Reusser tambi\u00e9n se va al SD Worx<\/strong><\/h2>\n<p>Otro de los fichajes estrella de SD Worx es el de Marlen Reusser, un talento destacado de 2021. Con seis de sus 12 victorias profesionales conseguidas el a\u00f1o pasado (incluyendo la contrarreloj de los Campeonatos de Europa, una etapa en el Desaf\u00edo Ceratizit de <a href=\"https:\/\/www.welovecycling.com\/wide\/2021\/12\/17\/vuelta-a-espana-2022-route-eight-summit-finishes-and-the-return-to-madrid\/\">La Vuelta<\/a> en la que termin\u00f3 segunda en la general, as\u00ed como los t\u00edtulos de carrera en ruta y contrarreloj de Suiza), est\u00e1 preparada para seguir cultivando su ya impresionante reputaci\u00f3n.<\/p>\n<h2><strong>Grace Brown dice adi\u00f3s al Team BikeExchange y ficha por el FDJ Nouvelle-Aquitaine Futuroscope<\/strong><\/h2>\n<p>El a\u00f1o 2021 tambi\u00e9n ha sido una temporada incre\u00edble para Grace Brown, que ha ido ganando protagonismo en los \u00faltimos a\u00f1os. Con las victorias en Brugge-de Panne y la etapa inaugural de la Vuelta a Burgos en su haber, se une a ciclistas de la talla de Cecilie Uttrup Ludwig, Marta Cavalli y Emilia Fahlin, que buscan conseguir m\u00e1s victorias en 2022.<\/p>\n<h2><strong>Hannah Barnes se separa de su hermana y va al Uno-X<\/strong><\/h2>\n<p>Un pilar del ciclismo brit\u00e1nico: cuando una de las hermanas Barnes da un salto, la gente presta atenci\u00f3n. A pesar de contar con unas impresionantes 12 victorias, 2021 signific\u00f3 menos tiempo en el centro de atenci\u00f3n para Barnes, que probablemente espera recuperar parte de su antigua gloria con un nuevo equipo a su lado. Si todo va seg\u00fan lo previsto, en 2022 tendr\u00e1 un papel protagonista en Uno-X, donde estar\u00e1 bien acompa\u00f1ada por su compatriota Elinor Barker, medallista ol\u00edmpica, y por el plusmarquista mundial de la hora Joss Lowden.<\/p>\n<h2><strong>Coryn Labecki (antes Rivera) al Jumbo-Visma<\/strong><\/h2>\n<p>Coryn Labecki se unir\u00e1 a Jumbo-Visma en 2022 procedente de DSM con un contrato de dos a\u00f1os. La estadounidense ha declarado que est\u00e1 deseando seguir desarroll\u00e1ndose y conocer una nueva forma de trabajar. De hecho, est\u00e1 bien posicionada para su \u00e9xito. En 2021, gan\u00f3 su primera etapa en el Giro, se clasific\u00f3 para el equipo ol\u00edmpico y logr\u00f3 podios en el Tour de Noruega y la Vuelta. Una excelente se\u00f1al para el Jumbo-Visma.<\/p>\n<h2><strong>Otros fichajes para 2022<\/strong><\/h2>\n<ul>\n<li>Lizzy Banks se desvincul\u00f3 por sorpresa del Ceratizit-WNT, por lo que el talento brit\u00e1nico correr\u00e1 con el equipo estadounidense EF Education-TIBCO-SVB en 2022 y 2023.<br \/>\nEl Trek-Segafredo sigui\u00f3 con su m\u00e9todo de fichar a las principales promesas y confirm\u00f3 en agosto un acuerdo de tres a\u00f1os con Elisa Balsamo.<br \/>\nAlexis Ryan dejar\u00e1 el Canyon-SRAM despu\u00e9s de seis a\u00f1os para correr en el creciente L39ION del equipo femenino de Los \u00c1ngeles en 2022.<br \/>\nLa prometedora australiana Sarah Gigante pasar\u00e1 del TIBCO-Silicon Valley Bank al Movistar.<br \/>\nEra s\u00f3lo cuesti\u00f3n de tiempo que la ciclista cubana Arlenis Sierra firmara un contrato con un equipo de primer nivel, y el afortunado es el Movistar.<\/p>\n<p>En definitiva, \u00a1puedes apostar a que habr\u00e1 algunas sorpresas en el arranque del calendario de ciclismo femenino 2022! Estamos encantados de ver el florecimiento de tanto talento mientras el pelot\u00f3n femenino sigue superando las expectativas.<\/li>\n<\/ul>\n","protected":false},"excerpt":{"rendered":"<p>Se acabaron las vacaciones, y es hora de mirar hacia adelante para lo que promete ser un a\u00f1o estimulante para [&hellip;]<\/p>\n","protected":false},"author":29,"featured_media":8547,"comment_status":"open","ping_status":"open","sticky":false,"template":"","format":"standard","meta":{"footnotes":""},"categories":[7],"tags":[2170,571],"global-categories":[],"class_list":["post-8542","post","type-post","status-publish","format-standard","has-post-thumbnail","hentry","category-carretera","tag-calendario-2022","tag-ciclismo-femenino"],"yoast_head":"<!-- This site is optimized with the Yoast SEO Premium plugin v25.3 (Yoast SEO v25.9) - https:\/\/yoast.com\/wordpress\/plugins\/seo\/ -->\n<title>Calendario de ciclismo femenino para 2022 y fichajes<\/title>\n<meta name=\"description\" content=\"Calendario de ciclismo femenino para 2022 y fichajes. Los movimientos del mercado de ciclismo femenino. Los fichajes m\u00e1s destacados.\" \/>\n<meta name=\"robots\" content=\"index, follow, max-snippet:-1, max-image-preview:large, max-video-preview:-1\" \/>\n<link rel=\"canonical\" href=\"https:\/\/www.welovecycling.com\/es\/2022\/01\/20\/calendario-ciclismo-femenino-2022\/\" \/>\n<meta property=\"og:locale\" content=\"es_ES\" \/>\n<meta property=\"og:type\" content=\"article\" \/>\n<meta property=\"og:title\" content=\"Calendario de ciclismo femenino para 2022 y fichajes\" \/>\n<meta property=\"og:description\" content=\"Calendario de ciclismo femenino para 2022 y fichajes. Los movimientos del mercado de ciclismo femenino. Los fichajes m\u00e1s destacados.\" \/>\n<meta property=\"og:url\" content=\"https:\/\/www.welovecycling.com\/es\/2022\/01\/20\/calendario-ciclismo-femenino-2022\/\" \/>\n<meta property=\"og:site_name\" content=\"\u0160koda We Love Cycling - Spain\" \/>\n<meta property=\"article:published_time\" content=\"2022-01-20T17:59:03+00:00\" \/>\n<meta property=\"og:image\" content=\"https:\/\/d2p6e6u75xmxt8.cloudfront.net\/6\/2022\/01\/Women-cycling-peloton-profimedia-0623189283-CVR.jpg\" \/>\n\t<meta property=\"og:image:width\" content=\"1366\" \/>\n\t<meta property=\"og:image:height\" content=\"600\" \/>\n\t<meta property=\"og:image:type\" content=\"image\/jpeg\" \/>\n<meta name=\"author\" content=\"We Love Cycling Spain\" \/>\n<meta name=\"twitter:card\" content=\"summary_large_image\" \/>\n<meta name=\"twitter:title\" content=\"Calendario de ciclismo femenino para 2022 y fichajes\" \/>\n<meta name=\"twitter:description\" content=\"Calendario de ciclismo femenino para 2022 y fichajes. Los movimientos del mercado de ciclismo femenino. Los fichajes m\u00e1s destacados.\" \/>\n<meta name=\"twitter:label1\" content=\"Written by\" \/>\n\t<meta name=\"twitter:data1\" content=\"Megan Flottorp\" \/>\n\t<meta name=\"twitter:label2\" content=\"Est. reading time\" \/>\n\t<meta name=\"twitter:data2\" content=\"6\" \/>\n<script type=\"application\/ld+json\" class=\"yoast-schema-graph\">{\"@context\":\"https:\/\/schema.org\",\"@graph\":[{\"@type\":\"WebPage\",\"@id\":\"https:\/\/www.welovecycling.com\/es\/2022\/01\/20\/calendario-ciclismo-femenino-2022\/\",\"url\":\"https:\/\/www.welovecycling.com\/es\/2022\/01\/20\/calendario-ciclismo-femenino-2022\/\",\"name\":\"Calendario de ciclismo femenino para 2022 y fichajes\",\"isPartOf\":{\"@id\":\"https:\/\/www.welovecycling.com\/es\/#website\"},\"primaryImageOfPage\":{\"@id\":\"https:\/\/www.welovecycling.com\/es\/2022\/01\/20\/calendario-ciclismo-femenino-2022\/#primaryimage\"},\"image\":{\"@id\":\"https:\/\/www.welovecycling.com\/es\/2022\/01\/20\/calendario-ciclismo-femenino-2022\/#primaryimage\"},\"thumbnailUrl\":\"https:\/\/d2p6e6u75xmxt8.cloudfront.net\/6\/2022\/01\/Women-cycling-peloton-profimedia-0623189283-CVR.jpg\",\"datePublished\":\"2022-01-20T17:59:03+00:00\",\"author\":{\"@id\":\"https:\/\/www.welovecycling.com\/es\/#\/schema\/person\/deb61715b5812698ee79fb96f343ccd4\"},\"description\":\"Calendario de ciclismo femenino para 2022 y fichajes. Los movimientos del mercado de ciclismo femenino. Los fichajes m\u00e1s destacados.\",\"breadcrumb\":{\"@id\":\"https:\/\/www.welovecycling.com\/es\/2022\/01\/20\/calendario-ciclismo-femenino-2022\/#breadcrumb\"},\"inLanguage\":\"es-ES\",\"potentialAction\":[{\"@type\":\"ReadAction\",\"target\":[\"https:\/\/www.welovecycling.com\/es\/2022\/01\/20\/calendario-ciclismo-femenino-2022\/\"]}]},{\"@type\":\"ImageObject\",\"inLanguage\":\"es-ES\",\"@id\":\"https:\/\/www.welovecycling.com\/es\/2022\/01\/20\/calendario-ciclismo-femenino-2022\/#primaryimage\",\"url\":\"https:\/\/d2p6e6u75xmxt8.cloudfront.net\/6\/2022\/01\/Women-cycling-peloton-profimedia-0623189283-CVR.jpg\",\"contentUrl\":\"https:\/\/d2p6e6u75xmxt8.cloudfront.net\/6\/2022\/01\/Women-cycling-peloton-profimedia-0623189283-CVR.jpg\",\"width\":1366,\"height\":600,\"caption\":\"Women's Cycling\"},{\"@type\":\"BreadcrumbList\",\"@id\":\"https:\/\/www.welovecycling.com\/es\/2022\/01\/20\/calendario-ciclismo-femenino-2022\/#breadcrumb\",\"itemListElement\":[{\"@type\":\"ListItem\",\"position\":1,\"name\":\"Home\",\"item\":\"https:\/\/www.welovecycling.com\/es\/\"},{\"@type\":\"ListItem\",\"position\":2,\"name\":\"Calendario de ciclismo femenino para 2022 y fichajes\"}]},{\"@type\":\"WebSite\",\"@id\":\"https:\/\/www.welovecycling.com\/es\/#website\",\"url\":\"https:\/\/www.welovecycling.com\/es\/\",\"name\":\"\u0160koda We Love Cycling - Spain\",\"description\":\"\u0160koda WeLoveCycling Spain\",\"potentialAction\":[{\"@type\":\"SearchAction\",\"target\":{\"@type\":\"EntryPoint\",\"urlTemplate\":\"https:\/\/www.welovecycling.com\/es\/?s={search_term_string}\"},\"query-input\":{\"@type\":\"PropertyValueSpecification\",\"valueRequired\":true,\"valueName\":\"search_term_string\"}}],\"inLanguage\":\"es-ES\"},{\"@type\":\"Person\",\"@id\":\"https:\/\/www.welovecycling.com\/es\/#\/schema\/person\/deb61715b5812698ee79fb96f343ccd4\",\"name\":\"We Love Cycling Spain\",\"image\":{\"@type\":\"ImageObject\",\"inLanguage\":\"es-ES\",\"@id\":\"https:\/\/www.welovecycling.com\/es\/#\/schema\/person\/image\/\",\"url\":\"https:\/\/secure.gravatar.com\/avatar\/c824b04e6df0e37a03219d0b6481672889df542894588964102459e46513159c?s=96&d=mm&r=g\",\"contentUrl\":\"https:\/\/secure.gravatar.com\/avatar\/c824b04e6df0e37a03219d0b6481672889df542894588964102459e46513159c?s=96&d=mm&r=g\",\"caption\":\"We Love Cycling Spain\"},\"url\":\"https:\/\/www.welovecycling.com\/es\/author\/amunoz\/\"}]}<\/script>\n<!-- \/ Yoast SEO Premium plugin. -->","yoast_head_json":{"title":"Calendario de ciclismo femenino para 2022 y fichajes","description":"Calendario de ciclismo femenino para 2022 y fichajes. Los movimientos del mercado de ciclismo femenino. Los fichajes m\u00e1s destacados.","robots":{"index":"index","follow":"follow","max-snippet":"max-snippet:-1","max-image-preview":"max-image-preview:large","max-video-preview":"max-video-preview:-1"},"canonical":"https:\/\/www.welovecycling.com\/es\/2022\/01\/20\/calendario-ciclismo-femenino-2022\/","og_locale":"es_ES","og_type":"article","og_title":"Calendario de ciclismo femenino para 2022 y fichajes","og_description":"Calendario de ciclismo femenino para 2022 y fichajes. Los movimientos del mercado de ciclismo femenino. Los fichajes m\u00e1s destacados.","og_url":"https:\/\/www.welovecycling.com\/es\/2022\/01\/20\/calendario-ciclismo-femenino-2022\/","og_site_name":"\u0160koda We Love Cycling - Spain","article_published_time":"2022-01-20T17:59:03+00:00","og_image":[{"width":1366,"height":600,"url":"https:\/\/d2p6e6u75xmxt8.cloudfront.net\/6\/2022\/01\/Women-cycling-peloton-profimedia-0623189283-CVR.jpg","type":"image\/jpeg"}],"author":"We Love Cycling Spain","twitter_card":"summary_large_image","twitter_title":"Calendario de ciclismo femenino para 2022 y fichajes","twitter_description":"Calendario de ciclismo femenino para 2022 y fichajes. Los movimientos del mercado de ciclismo femenino. Los fichajes m\u00e1s destacados.","twitter_misc":{"Written by":"Megan Flottorp","Est. reading time":"6"},"schema":{"@context":"https:\/\/schema.org","@graph":[{"@type":"WebPage","@id":"https:\/\/www.welovecycling.com\/es\/2022\/01\/20\/calendario-ciclismo-femenino-2022\/","url":"https:\/\/www.welovecycling.com\/es\/2022\/01\/20\/calendario-ciclismo-femenino-2022\/","name":"Calendario de ciclismo femenino para 2022 y fichajes","isPartOf":{"@id":"https:\/\/www.welovecycling.com\/es\/#website"},"primaryImageOfPage":{"@id":"https:\/\/www.welovecycling.com\/es\/2022\/01\/20\/calendario-ciclismo-femenino-2022\/#primaryimage"},"image":{"@id":"https:\/\/www.welovecycling.com\/es\/2022\/01\/20\/calendario-ciclismo-femenino-2022\/#primaryimage"},"thumbnailUrl":"https:\/\/d2p6e6u75xmxt8.cloudfront.net\/6\/2022\/01\/Women-cycling-peloton-profimedia-0623189283-CVR.jpg","datePublished":"2022-01-20T17:59:03+00:00","author":{"@id":"https:\/\/www.welovecycling.com\/es\/#\/schema\/person\/deb61715b5812698ee79fb96f343ccd4"},"description":"Calendario de ciclismo femenino para 2022 y fichajes. Los movimientos del mercado de ciclismo femenino. Los fichajes m\u00e1s destacados.","breadcrumb":{"@id":"https:\/\/www.welovecycling.com\/es\/2022\/01\/20\/calendario-ciclismo-femenino-2022\/#breadcrumb"},"inLanguage":"es-ES","potentialAction":[{"@type":"ReadAction","target":["https:\/\/www.welovecycling.com\/es\/2022\/01\/20\/calendario-ciclismo-femenino-2022\/"]}]},{"@type":"ImageObject","inLanguage":"es-ES","@id":"https:\/\/www.welovecycling.com\/es\/2022\/01\/20\/calendario-ciclismo-femenino-2022\/#primaryimage","url":"https:\/\/d2p6e6u75xmxt8.cloudfront.net\/6\/2022\/01\/Women-cycling-peloton-profimedia-0623189283-CVR.jpg","contentUrl":"https:\/\/d2p6e6u75xmxt8.cloudfront.net\/6\/2022\/01\/Women-cycling-peloton-profimedia-0623189283-CVR.jpg","width":1366,"height":600,"caption":"Women's Cycling"},{"@type":"BreadcrumbList","@id":"https:\/\/www.welovecycling.com\/es\/2022\/01\/20\/calendario-ciclismo-femenino-2022\/#breadcrumb","itemListElement":[{"@type":"ListItem","position":1,"name":"Home","item":"https:\/\/www.welovecycling.com\/es\/"},{"@type":"ListItem","position":2,"name":"Calendario de ciclismo femenino para 2022 y fichajes"}]},{"@type":"WebSite","@id":"https:\/\/www.welovecycling.com\/es\/#website","url":"https:\/\/www.welovecycling.com\/es\/","name":"\u0160koda We Love Cycling - Spain","description":"\u0160koda WeLoveCycling Spain","potentialAction":[{"@type":"SearchAction","target":{"@type":"EntryPoint","urlTemplate":"https:\/\/www.welovecycling.com\/es\/?s={search_term_string}"},"query-input":{"@type":"PropertyValueSpecification","valueRequired":true,"valueName":"search_term_string"}}],"inLanguage":"es-ES"},{"@type":"Person","@id":"https:\/\/www.welovecycling.com\/es\/#\/schema\/person\/deb61715b5812698ee79fb96f343ccd4","name":"We Love Cycling Spain","image":{"@type":"ImageObject","inLanguage":"es-ES","@id":"https:\/\/www.welovecycling.com\/es\/#\/schema\/person\/image\/","url":"https:\/\/secure.gravatar.com\/avatar\/c824b04e6df0e37a03219d0b6481672889df542894588964102459e46513159c?s=96&d=mm&r=g","contentUrl":"https:\/\/secure.gravatar.com\/avatar\/c824b04e6df0e37a03219d0b6481672889df542894588964102459e46513159c?s=96&d=mm&r=g","caption":"We Love Cycling Spain"},"url":"https:\/\/www.welovecycling.com\/es\/author\/amunoz\/"}]}},"_links":{"self":[{"href":"https:\/\/www.welovecycling.com\/es\/wp-json\/wp\/v2\/posts\/8542","targetHints":{"allow":["GET"]}}],"collection":[{"href":"https:\/\/www.welovecycling.com\/es\/wp-json\/wp\/v2\/posts"}],"about":[{"href":"https:\/\/www.welovecycling.com\/es\/wp-json\/wp\/v2\/types\/post"}],"author":[{"embeddable":true,"href":"https:\/\/www.welovecycling.com\/es\/wp-json\/wp\/v2\/users\/29"}],"replies":[{"embeddable":true,"href":"https:\/\/www.welovecycling.com\/es\/wp-json\/wp\/v2\/comments?post=8542"}],"version-history":[{"count":2,"href":"https:\/\/www.welovecycling.com\/es\/wp-json\/wp\/v2\/posts\/8542\/revisions"}],"predecessor-version":[{"id":8549,"href":"https:\/\/www.welovecycling.com\/es\/wp-json\/wp\/v2\/posts\/8542\/revisions\/8549"}],"wp:featuredmedia":[{"embeddable":true,"href":"https:\/\/www.welovecycling.com\/es\/wp-json\/wp\/v2\/media\/8547"}],"wp:attachment":[{"href":"https:\/\/www.welovecycling.com\/es\/wp-json\/wp\/v2\/media?parent=8542"}],"wp:term":[{"taxonomy":"category","embeddable":true,"href":"https:\/\/www.welovecycling.com\/es\/wp-json\/wp\/v2\/categories?post=8542"},{"taxonomy":"post_tag","embeddable":true,"href":"https:\/\/www.welovecycling.com\/es\/wp-json\/wp\/v2\/tags?post=8542"},{"taxonomy":"global-categories","embeddable":true,"href":"https:\/\/www.welovecycling.com\/es\/wp-json\/wp\/v2\/global-categories?post=8542"}],"curies":[{"name":"wp","href":"https:\/\/api.w.org\/{rel}","templated":true}]}}