{"id":8535,"date":"2022-01-15T21:37:19","date_gmt":"2022-01-15T19:37:19","guid":{"rendered":"https:\/\/www.welovecycling.com\/es\/?p=8535"},"modified":"2022-01-13T21:55:52","modified_gmt":"2022-01-13T19:55:52","slug":"novedades-bicicletas-gravel-2022","status":"publish","type":"post","link":"https:\/\/www.welovecycling.com\/es\/2022\/01\/15\/novedades-bicicletas-gravel-2022\/","title":{"rendered":"5 novedades de bicicletas gravel para 2022"},"content":{"rendered":"<p><strong>Muchos lectores estar\u00e1n de acuerdo en que las bicicletas de gravel son uno de los segmentos de la industria del ciclismo que m\u00e1s r\u00e1pido ha evolucionado. Desde los primeros pasos hasta el amplio reconocimiento del p\u00fablico, las bicicletas gravel experimentaron un enorme crecimento. Con muchos verdaderos fans alrededor, los productores ponen grandes esfuerzos en nuevos refinamientos. As\u00ed que, est\u00e1n son las novedades de bicicletas gravel para 2022?<\/strong><\/p>\n<p><!--more--><\/p>\n<h2><strong>Suspension<\/strong><\/h2>\n<p>Despu\u00e9s de a\u00f1os de rodar, los usuarios de las bicis gravel descubrieron algo que los ciclistas de monta\u00f1a sab\u00edan desde hace d\u00e9cadas: los baches en terrenos dif\u00edciles te hacen sentir dolorido y agotado. El primer intento de hacer que la conducci\u00f3n sea c\u00f3moda apareci\u00f3 hace apenas unos meses. Se pod\u00eda optar por una horquilla de suspensi\u00f3n para Cannondale o probar el mejorado <a href=\"https:\/\/www.specialized.com\/us\/en\/future-shock\">Specialized Future Shock<\/a>. La compa\u00f1\u00eda introdujo el cartucho de suspensi\u00f3n de bobina ajustable en la horquilla de su modelo Roubaix en 2019 y lo incorpor\u00f3 a la bicicleta de grava Diverge el a\u00f1o pasado.<\/p>\n<p>La suspensi\u00f3n se asienta sobre la direcci\u00f3n. Algunos quiz\u00e1 recuerden las potencias de suspensi\u00f3n que eran populares entre los ciclistas que no pod\u00edan permitirse una horquilla all\u00e1 por los a\u00f1os 90. Sin embargo, en lo que respecta al Future Shock, muchos coincidieron en que 20 mm de recorrido son suficientes para aislarte de los golpes de los caminos y hacer la conducci\u00f3n m\u00e1s agradable. Dado que podemos ver una repetici\u00f3n de pasos similares a los que experimentamos en los 90 con las MTB, no es una sorpresa dar la bienvenida a una nueva horquilla de suspensi\u00f3n <a href=\"https:\/\/www.sram.com\/en\/rockshox\/models\/fs-rudy-ult-a1\">Rock Shox Rudy<\/a> tambi\u00e9n en el \u00e1mbito de los novedades de las bicicletas de gravel para 2022<\/p>\n<figure id=\"attachment_8536\" aria-describedby=\"caption-attachment-8536\" style=\"width: 1013px\" class=\"wp-caption alignnone\"><a href=\"https:\/\/d2p6e6u75xmxt8.cloudfront.net\/6\/2022\/01\/Rockshox-Rudy-XPLR-gravel-fork_1-1.jpg\"><img loading=\"lazy\" decoding=\"async\" class=\"size-full wp-image-8536\" src=\"https:\/\/d2p6e6u75xmxt8.cloudfront.net\/6\/2022\/01\/Rockshox-Rudy-XPLR-gravel-fork_1-1.jpg\" alt=\"Rockshox Rudy gravel fork\" width=\"1013\" height=\"675\" srcset=\"https:\/\/d2p6e6u75xmxt8.cloudfront.net\/6\/2022\/01\/Rockshox-Rudy-XPLR-gravel-fork_1-1.jpg 1013w, https:\/\/d2p6e6u75xmxt8.cloudfront.net\/6\/2022\/01\/Rockshox-Rudy-XPLR-gravel-fork_1-1-300x200.jpg 300w, https:\/\/d2p6e6u75xmxt8.cloudfront.net\/6\/2022\/01\/Rockshox-Rudy-XPLR-gravel-fork_1-1-768x512.jpg 768w, https:\/\/d2p6e6u75xmxt8.cloudfront.net\/6\/2022\/01\/Rockshox-Rudy-XPLR-gravel-fork_1-1-272x182.jpg 272w\" sizes=\"auto, (max-width: 1013px) 100vw, 1013px\" \/><\/a><figcaption id=\"caption-attachment-8536\" class=\"wp-caption-text\">Rockshox Rudy para gravel.<\/figcaption><\/figure>\n<h2><strong><br \/>\nNeum\u00e1ticos anchos<\/strong><\/h2>\n<p>La tendencia de los neum\u00e1ticos m\u00e1s anchos est\u00e1 presente en todo tipo de ciclismo y las bicicletas de gravel no son una excepci\u00f3n. La idea tiene m\u00e1s beneficios, ya que un neum\u00e1tico m\u00e1s ancho proporciona una mayor comodidad, es menos propenso a los pinchazos e incluso puede rodar m\u00e1s r\u00e1pido en determinadas circunstancias. No es de extra\u00f1ar entonces que podamos ver la tendencia de los neum\u00e1ticos anchos aplicada tambi\u00e9n a la industria de las gravel<\/p>\n<p>.<\/p>\n<h2><strong>Cuadro con dise\u00f1o aero<\/strong><\/h2>\n<p>Mientras que la suspensi\u00f3n y los neum\u00e1ticos anchos hacen que la bicicleta gravel sea m\u00e1s parecida a la MTB, hay una tendencia que va en direcci\u00f3n contraria. Algunos fabricantes, como Cerv\u00e9lo, adoptaron el dise\u00f1o de cuadros aerodin\u00e1micos para hacer su modelo <a href=\"https:\/\/www.cervelo.com\/en\/aspero\">\u00c1spero<\/a> a\u00fan m\u00e1s competitivo. Mientras que muchos ciclistas disfrutan de las bicicletas de gravel por su prop\u00f3sito original, ya sea una sensaci\u00f3n de libertad en los senderos o en los viajes con alforjas, otros pueden preferir participar en las <a href=\"https:\/\/www.welovecycling.com\/es\/2020\/02\/28\/carreras-de-gravel\/\">carreras de gravel.<\/a> Los cuadros de dise\u00f1o aerodin\u00e1mico est\u00e1n sin duda pensados para este \u00faltimo grupo.<\/p>\n<figure id=\"attachment_8537\" aria-describedby=\"caption-attachment-8537\" style=\"width: 1022px\" class=\"wp-caption alignnone\"><a href=\"https:\/\/d2p6e6u75xmxt8.cloudfront.net\/6\/2022\/01\/cervelo_aspero.jpg\"><img loading=\"lazy\" decoding=\"async\" class=\"size-full wp-image-8537\" src=\"https:\/\/d2p6e6u75xmxt8.cloudfront.net\/6\/2022\/01\/cervelo_aspero.jpg\" alt=\"Cerv\u00e9lo \u00c1spero\" width=\"1022\" height=\"681\" srcset=\"https:\/\/d2p6e6u75xmxt8.cloudfront.net\/6\/2022\/01\/cervelo_aspero.jpg 1022w, https:\/\/d2p6e6u75xmxt8.cloudfront.net\/6\/2022\/01\/cervelo_aspero-300x200.jpg 300w, https:\/\/d2p6e6u75xmxt8.cloudfront.net\/6\/2022\/01\/cervelo_aspero-768x512.jpg 768w, https:\/\/d2p6e6u75xmxt8.cloudfront.net\/6\/2022\/01\/cervelo_aspero-272x182.jpg 272w\" sizes=\"auto, (max-width: 1022px) 100vw, 1022px\" \/><\/a><figcaption id=\"caption-attachment-8537\" class=\"wp-caption-text\">Modelo Cervelo Aspero<\/figcaption><\/figure>\n<p>&nbsp;<\/p>\n<h2><strong>Ropa espec\u00edfica<\/strong><\/h2>\n<p>M\u00e1s informal que la ropa de carretera habitual, pero mucho menos holgada que la ropa dise\u00f1ada para los ciclistas de monta\u00f1a: as\u00ed es como se nos aconseja reconocer la ropa dedicada a la bicicleta gravel. Por lo general, puedes montar en la bici de gravel con lo que te resulte c\u00f3modo sin darle un nombre extra, pero si realmente quieres tener algo especial, puedes poner tus manos en productos dedicados de Rapha, PEdALED o Morv\u00e9lo.<\/p>\n<h2><strong>Tija de sill\u00edn telesc\u00f3pica<\/strong><\/h2>\n<p>La invenci\u00f3n de una tija de sill\u00edn con telesc\u00f3pica lanz\u00f3 una revoluci\u00f3n sin precedentes en el ciclismo de monta\u00f1a, que no necesita ser descrita en detalle. Todo el mundo lo sabe. Bajar el sill\u00edn permite afrontar incluso terrenos muy empinados sin perder el control de la bicicleta. De hecho, es el \u00fanico elemento que distingue a las modernas bicicletas de gravel de las primeras bicicletas de monta\u00f1a. Si dotamos a una bicicleta de gravel de una horquilla de suspensi\u00f3n y neum\u00e1ticos m\u00e1s anchos, obtendremos una bicicleta muy similar a la que corr\u00eda la leyenda americana John Tomac en 1991. Incluyendo los manillares.<\/p>\n","protected":false},"excerpt":{"rendered":"<p>Muchos lectores estar\u00e1n de acuerdo en que las bicicletas de gravel son uno de los segmentos de la industria del [&hellip;]<\/p>\n","protected":false},"author":29,"featured_media":8539,"comment_status":"open","ping_status":"open","sticky":false,"template":"","format":"standard","meta":{"footnotes":""},"categories":[7,9],"tags":[867],"global-categories":[],"class_list":["post-8535","post","type-post","status-publish","format-standard","has-post-thumbnail","hentry","category-carretera","category-mtb-aventura","tag-gravel"],"yoast_head":"<!-- This site is optimized with the Yoast SEO Premium plugin v25.3 (Yoast SEO v25.9) - https:\/\/yoast.com\/wordpress\/plugins\/seo\/ -->\n<title>5 novedades de bicicletas gravel para 2022 - \u0160koda We Love Cycling - Spain<\/title>\n<meta name=\"description\" content=\"Novedades de bicicletas gravel para 2022. Las nuevas tendencias del mercado gravel. Desde suspensi\u00f3n a tija telesc\u00f3pica.\" \/>\n<meta name=\"robots\" content=\"index, follow, max-snippet:-1, max-image-preview:large, max-video-preview:-1\" \/>\n<link rel=\"canonical\" href=\"https:\/\/www.welovecycling.com\/es\/2022\/01\/15\/novedades-bicicletas-gravel-2022\/\" \/>\n<meta property=\"og:locale\" content=\"es_ES\" \/>\n<meta property=\"og:type\" content=\"article\" \/>\n<meta property=\"og:title\" content=\"Novedades de bicicletas gravel para 2022\" \/>\n<meta property=\"og:description\" content=\"Novedades de bicicletas gravel para 2022. Las nuevas tendencias del mercado gravel. Desde suspensi\u00f3n a tija telesc\u00f3pica.\" \/>\n<meta property=\"og:url\" content=\"https:\/\/www.welovecycling.com\/es\/2022\/01\/15\/novedades-bicicletas-gravel-2022\/\" \/>\n<meta property=\"og:site_name\" content=\"\u0160koda We Love Cycling - Spain\" \/>\n<meta property=\"article:published_time\" content=\"2022-01-15T19:37:19+00:00\" \/>\n<meta property=\"og:image\" content=\"https:\/\/d2p6e6u75xmxt8.cloudfront.net\/6\/2022\/01\/Gravel-bike-profimedia-0643762502-CVR.jpg\" \/>\n\t<meta property=\"og:image:width\" content=\"1366\" \/>\n\t<meta property=\"og:image:height\" content=\"600\" \/>\n\t<meta property=\"og:image:type\" content=\"image\/jpeg\" \/>\n<meta name=\"author\" content=\"We Love Cycling Spain\" \/>\n<meta name=\"twitter:card\" content=\"summary_large_image\" \/>\n<meta name=\"twitter:title\" content=\"Novedades de bicicletas gravel para 2022.\" \/>\n<meta name=\"twitter:description\" content=\"Novedades de bicicletas gravel para 2022. Las nuevas tendencias del mercado gravel. Desde suspensi\u00f3n a tija telesc\u00f3pica.\" \/>\n<meta name=\"twitter:label1\" content=\"Written by\" \/>\n\t<meta name=\"twitter:data1\" content=\"Adam Marsal\" \/>\n\t<meta name=\"twitter:label2\" content=\"Est. reading time\" \/>\n\t<meta name=\"twitter:data2\" content=\"5\" \/>\n<script type=\"application\/ld+json\" class=\"yoast-schema-graph\">{\"@context\":\"https:\/\/schema.org\",\"@graph\":[{\"@type\":\"WebPage\",\"@id\":\"https:\/\/www.welovecycling.com\/es\/2022\/01\/15\/novedades-bicicletas-gravel-2022\/\",\"url\":\"https:\/\/www.welovecycling.com\/es\/2022\/01\/15\/novedades-bicicletas-gravel-2022\/\",\"name\":\"5 novedades de bicicletas gravel para 2022 - \u0160koda We Love Cycling - Spain\",\"isPartOf\":{\"@id\":\"https:\/\/www.welovecycling.com\/es\/#website\"},\"primaryImageOfPage\":{\"@id\":\"https:\/\/www.welovecycling.com\/es\/2022\/01\/15\/novedades-bicicletas-gravel-2022\/#primaryimage\"},\"image\":{\"@id\":\"https:\/\/www.welovecycling.com\/es\/2022\/01\/15\/novedades-bicicletas-gravel-2022\/#primaryimage\"},\"thumbnailUrl\":\"https:\/\/d2p6e6u75xmxt8.cloudfront.net\/6\/2022\/01\/Gravel-bike-profimedia-0643762502-CVR.jpg\",\"datePublished\":\"2022-01-15T19:37:19+00:00\",\"author\":{\"@id\":\"https:\/\/www.welovecycling.com\/es\/#\/schema\/person\/deb61715b5812698ee79fb96f343ccd4\"},\"description\":\"Novedades de bicicletas gravel para 2022. Las nuevas tendencias del mercado gravel. Desde suspensi\u00f3n a tija telesc\u00f3pica.\",\"breadcrumb\":{\"@id\":\"https:\/\/www.welovecycling.com\/es\/2022\/01\/15\/novedades-bicicletas-gravel-2022\/#breadcrumb\"},\"inLanguage\":\"es-ES\",\"potentialAction\":[{\"@type\":\"ReadAction\",\"target\":[\"https:\/\/www.welovecycling.com\/es\/2022\/01\/15\/novedades-bicicletas-gravel-2022\/\"]}]},{\"@type\":\"ImageObject\",\"inLanguage\":\"es-ES\",\"@id\":\"https:\/\/www.welovecycling.com\/es\/2022\/01\/15\/novedades-bicicletas-gravel-2022\/#primaryimage\",\"url\":\"https:\/\/d2p6e6u75xmxt8.cloudfront.net\/6\/2022\/01\/Gravel-bike-profimedia-0643762502-CVR.jpg\",\"contentUrl\":\"https:\/\/d2p6e6u75xmxt8.cloudfront.net\/6\/2022\/01\/Gravel-bike-profimedia-0643762502-CVR.jpg\",\"width\":1366,\"height\":600,\"caption\":\"Gravel bike\"},{\"@type\":\"BreadcrumbList\",\"@id\":\"https:\/\/www.welovecycling.com\/es\/2022\/01\/15\/novedades-bicicletas-gravel-2022\/#breadcrumb\",\"itemListElement\":[{\"@type\":\"ListItem\",\"position\":1,\"name\":\"Home\",\"item\":\"https:\/\/www.welovecycling.com\/es\/\"},{\"@type\":\"ListItem\",\"position\":2,\"name\":\"5 novedades de bicicletas gravel para 2022\"}]},{\"@type\":\"WebSite\",\"@id\":\"https:\/\/www.welovecycling.com\/es\/#website\",\"url\":\"https:\/\/www.welovecycling.com\/es\/\",\"name\":\"\u0160koda We Love Cycling - Spain\",\"description\":\"\u0160koda WeLoveCycling Spain\",\"potentialAction\":[{\"@type\":\"SearchAction\",\"target\":{\"@type\":\"EntryPoint\",\"urlTemplate\":\"https:\/\/www.welovecycling.com\/es\/?s={search_term_string}\"},\"query-input\":{\"@type\":\"PropertyValueSpecification\",\"valueRequired\":true,\"valueName\":\"search_term_string\"}}],\"inLanguage\":\"es-ES\"},{\"@type\":\"Person\",\"@id\":\"https:\/\/www.welovecycling.com\/es\/#\/schema\/person\/deb61715b5812698ee79fb96f343ccd4\",\"name\":\"We Love Cycling Spain\",\"image\":{\"@type\":\"ImageObject\",\"inLanguage\":\"es-ES\",\"@id\":\"https:\/\/www.welovecycling.com\/es\/#\/schema\/person\/image\/\",\"url\":\"https:\/\/secure.gravatar.com\/avatar\/c824b04e6df0e37a03219d0b6481672889df542894588964102459e46513159c?s=96&d=mm&r=g\",\"contentUrl\":\"https:\/\/secure.gravatar.com\/avatar\/c824b04e6df0e37a03219d0b6481672889df542894588964102459e46513159c?s=96&d=mm&r=g\",\"caption\":\"We Love Cycling Spain\"},\"url\":\"https:\/\/www.welovecycling.com\/es\/author\/amunoz\/\"}]}<\/script>\n<!-- \/ Yoast SEO Premium plugin. -->","yoast_head_json":{"title":"5 novedades de bicicletas gravel para 2022 - \u0160koda We Love Cycling - Spain","description":"Novedades de bicicletas gravel para 2022. Las nuevas tendencias del mercado gravel. Desde suspensi\u00f3n a tija telesc\u00f3pica.","robots":{"index":"index","follow":"follow","max-snippet":"max-snippet:-1","max-image-preview":"max-image-preview:large","max-video-preview":"max-video-preview:-1"},"canonical":"https:\/\/www.welovecycling.com\/es\/2022\/01\/15\/novedades-bicicletas-gravel-2022\/","og_locale":"es_ES","og_type":"article","og_title":"Novedades de bicicletas gravel para 2022","og_description":"Novedades de bicicletas gravel para 2022. Las nuevas tendencias del mercado gravel. Desde suspensi\u00f3n a tija telesc\u00f3pica.","og_url":"https:\/\/www.welovecycling.com\/es\/2022\/01\/15\/novedades-bicicletas-gravel-2022\/","og_site_name":"\u0160koda We Love Cycling - Spain","article_published_time":"2022-01-15T19:37:19+00:00","og_image":[{"width":1366,"height":600,"url":"https:\/\/d2p6e6u75xmxt8.cloudfront.net\/6\/2022\/01\/Gravel-bike-profimedia-0643762502-CVR.jpg","type":"image\/jpeg"}],"author":"We Love Cycling Spain","twitter_card":"summary_large_image","twitter_title":"Novedades de bicicletas gravel para 2022.","twitter_description":"Novedades de bicicletas gravel para 2022. Las nuevas tendencias del mercado gravel. Desde suspensi\u00f3n a tija telesc\u00f3pica.","twitter_misc":{"Written by":"Adam Marsal","Est. reading time":"5"},"schema":{"@context":"https:\/\/schema.org","@graph":[{"@type":"WebPage","@id":"https:\/\/www.welovecycling.com\/es\/2022\/01\/15\/novedades-bicicletas-gravel-2022\/","url":"https:\/\/www.welovecycling.com\/es\/2022\/01\/15\/novedades-bicicletas-gravel-2022\/","name":"5 novedades de bicicletas gravel para 2022 - \u0160koda We Love Cycling - Spain","isPartOf":{"@id":"https:\/\/www.welovecycling.com\/es\/#website"},"primaryImageOfPage":{"@id":"https:\/\/www.welovecycling.com\/es\/2022\/01\/15\/novedades-bicicletas-gravel-2022\/#primaryimage"},"image":{"@id":"https:\/\/www.welovecycling.com\/es\/2022\/01\/15\/novedades-bicicletas-gravel-2022\/#primaryimage"},"thumbnailUrl":"https:\/\/d2p6e6u75xmxt8.cloudfront.net\/6\/2022\/01\/Gravel-bike-profimedia-0643762502-CVR.jpg","datePublished":"2022-01-15T19:37:19+00:00","author":{"@id":"https:\/\/www.welovecycling.com\/es\/#\/schema\/person\/deb61715b5812698ee79fb96f343ccd4"},"description":"Novedades de bicicletas gravel para 2022. Las nuevas tendencias del mercado gravel. Desde suspensi\u00f3n a tija telesc\u00f3pica.","breadcrumb":{"@id":"https:\/\/www.welovecycling.com\/es\/2022\/01\/15\/novedades-bicicletas-gravel-2022\/#breadcrumb"},"inLanguage":"es-ES","potentialAction":[{"@type":"ReadAction","target":["https:\/\/www.welovecycling.com\/es\/2022\/01\/15\/novedades-bicicletas-gravel-2022\/"]}]},{"@type":"ImageObject","inLanguage":"es-ES","@id":"https:\/\/www.welovecycling.com\/es\/2022\/01\/15\/novedades-bicicletas-gravel-2022\/#primaryimage","url":"https:\/\/d2p6e6u75xmxt8.cloudfront.net\/6\/2022\/01\/Gravel-bike-profimedia-0643762502-CVR.jpg","contentUrl":"https:\/\/d2p6e6u75xmxt8.cloudfront.net\/6\/2022\/01\/Gravel-bike-profimedia-0643762502-CVR.jpg","width":1366,"height":600,"caption":"Gravel bike"},{"@type":"BreadcrumbList","@id":"https:\/\/www.welovecycling.com\/es\/2022\/01\/15\/novedades-bicicletas-gravel-2022\/#breadcrumb","itemListElement":[{"@type":"ListItem","position":1,"name":"Home","item":"https:\/\/www.welovecycling.com\/es\/"},{"@type":"ListItem","position":2,"name":"5 novedades de bicicletas gravel para 2022"}]},{"@type":"WebSite","@id":"https:\/\/www.welovecycling.com\/es\/#website","url":"https:\/\/www.welovecycling.com\/es\/","name":"\u0160koda We Love Cycling - Spain","description":"\u0160koda WeLoveCycling Spain","potentialAction":[{"@type":"SearchAction","target":{"@type":"EntryPoint","urlTemplate":"https:\/\/www.welovecycling.com\/es\/?s={search_term_string}"},"query-input":{"@type":"PropertyValueSpecification","valueRequired":true,"valueName":"search_term_string"}}],"inLanguage":"es-ES"},{"@type":"Person","@id":"https:\/\/www.welovecycling.com\/es\/#\/schema\/person\/deb61715b5812698ee79fb96f343ccd4","name":"We Love Cycling Spain","image":{"@type":"ImageObject","inLanguage":"es-ES","@id":"https:\/\/www.welovecycling.com\/es\/#\/schema\/person\/image\/","url":"https:\/\/secure.gravatar.com\/avatar\/c824b04e6df0e37a03219d0b6481672889df542894588964102459e46513159c?s=96&d=mm&r=g","contentUrl":"https:\/\/secure.gravatar.com\/avatar\/c824b04e6df0e37a03219d0b6481672889df542894588964102459e46513159c?s=96&d=mm&r=g","caption":"We Love Cycling Spain"},"url":"https:\/\/www.welovecycling.com\/es\/author\/amunoz\/"}]}},"_links":{"self":[{"href":"https:\/\/www.welovecycling.com\/es\/wp-json\/wp\/v2\/posts\/8535","targetHints":{"allow":["GET"]}}],"collection":[{"href":"https:\/\/www.welovecycling.com\/es\/wp-json\/wp\/v2\/posts"}],"about":[{"href":"https:\/\/www.welovecycling.com\/es\/wp-json\/wp\/v2\/types\/post"}],"author":[{"embeddable":true,"href":"https:\/\/www.welovecycling.com\/es\/wp-json\/wp\/v2\/users\/29"}],"replies":[{"embeddable":true,"href":"https:\/\/www.welovecycling.com\/es\/wp-json\/wp\/v2\/comments?post=8535"}],"version-history":[{"count":2,"href":"https:\/\/www.welovecycling.com\/es\/wp-json\/wp\/v2\/posts\/8535\/revisions"}],"predecessor-version":[{"id":8540,"href":"https:\/\/www.welovecycling.com\/es\/wp-json\/wp\/v2\/posts\/8535\/revisions\/8540"}],"wp:featuredmedia":[{"embeddable":true,"href":"https:\/\/www.welovecycling.com\/es\/wp-json\/wp\/v2\/media\/8539"}],"wp:attachment":[{"href":"https:\/\/www.welovecycling.com\/es\/wp-json\/wp\/v2\/media?parent=8535"}],"wp:term":[{"taxonomy":"category","embeddable":true,"href":"https:\/\/www.welovecycling.com\/es\/wp-json\/wp\/v2\/categories?post=8535"},{"taxonomy":"post_tag","embeddable":true,"href":"https:\/\/www.welovecycling.com\/es\/wp-json\/wp\/v2\/tags?post=8535"},{"taxonomy":"global-categories","embeddable":true,"href":"https:\/\/www.welovecycling.com\/es\/wp-json\/wp\/v2\/global-categories?post=8535"}],"curies":[{"name":"wp","href":"https:\/\/api.w.org\/{rel}","templated":true}]}}