{"id":8500,"date":"2021-12-14T10:55:03","date_gmt":"2021-12-14T08:55:03","guid":{"rendered":"https:\/\/www.welovecycling.com\/es\/?p=8500"},"modified":"2021-12-23T11:53:19","modified_gmt":"2021-12-23T09:53:19","slug":"skoda-titan-series-almeria-2021","status":"publish","type":"post","link":"https:\/\/www.welovecycling.com\/es\/2021\/12\/14\/skoda-titan-series-almeria-2021\/","title":{"rendered":"\u0160koda Titan Series Almer\u00eda 2021: As\u00ed fue la carrera de d\u00fao mixto"},"content":{"rendered":"<p><strong>La competici\u00f3n por parejas exige que ambos ciclistas est\u00e9n a tope todos los d\u00edas. En la \u0160koda Titan Series Almer\u00eda 2021 el esfuerzo al que se somete al cuerpo es tan grande que cualquier problema se acaba pagando y tiene repercusiones en la clasificaci\u00f3n general. Tomy Misser y Misha Sekulova hab\u00edan rodado bien en el pr\u00f3logo y dominado la primera etapa en Almer\u00eda, pero todo cambi\u00f3 en segunda.\u00a0<\/strong><\/p>\n<p><!--more--><\/p>\n<p>La <strong>pareja \u0160koda We Love Cycling, Misser y Misha, comenz\u00f3 la su participaci\u00f3n en la\u0160koda Titan Series de Almer\u00eda 2021<\/strong>\u00a0con el pr\u00f3logo de 24 kil\u00f3metros que ten\u00eda preparada la organizaci\u00f3n en los alrededores de Almer\u00eda. Recorrido ideal para ir cogiendo ritmo de competici\u00f3n y que no era el m\u00e1s adecuado para Misha, m\u00e1s fondista que explosiva. Era el mi\u00e9rcoles 8 de diciembre y se acaba de dar el pistolezato de salida a una edici\u00f3n especial, por ser la primera en el formato series, que incluye un pr\u00f3logo y cuatro etapas en l\u00ednea.<\/p>\n<p>El jueves 9 de diciembre la <strong>pareja \u0160koda We Love Cycling<\/strong> complet\u00f3 su mejor actuaci\u00f3n. En un d\u00eda con viento, repechos, ramblas y sobre todo de fondo, 100 kil\u00f3metros con salida y llegada en El Toyo, Misha y Misser se llevaron el triunfo de etapa con tres minutos de ventaja sobre sus m\u00e1s directos rivales, lo que les pon\u00eda en el camino de acabar en el primer caj\u00f3n del podio. Sobre todo despu\u00e9s del trabajo y las horas de bici en pareja acumulados en la Titan Desert 2021 de Marruecos.<\/p>\n<p>Todo se torci\u00f3 en la segunda etapa, entre El Toyo y el campamento <a href=\"https:\/\/titanseriesalmeria.com\/\">Mini Hollywood de Tabernas<\/a>. De salida ritmo m\u00e1s tranquilo de lo habitual y, al igual que el d\u00eda anterior, viento fuerte. Todos estaban pendientes de la subida de N\u00edjar, el <a href=\"https:\/\/www.welovecycling.com\/es\/2021\/10\/05\/titan-desert-2021-skoda-adventure\/\">\u0160koda Challenge<\/a>, un puerto de una decena de kil\u00f3metros, con terreno mixto, asfalto y tierra, y que iba dar bonificaci\u00f3n a los primeros que pasaran por la cima. Desde el inicio Misser not\u00f3 que Misha no llevaba los vatios que en d\u00edas anteriores. Ejerci\u00f3 de gregario para protegerla del viento, no forzarla, darle \u00e1nimos y tirar de ella cuando se recuper\u00f3 en los \u00faltimos kil\u00f3metros de la bajada.<\/p>\n<p>En meta hab\u00edan perdido unos ocho minutos con respecto a los primeros clasificados y muchas de sus opciones de llevarse en triunfo. La raz\u00f3n, Misha hab\u00eda pasado un mal d\u00eda despu\u00e9s de que le viniese el per\u00edodo. Cosas de la competici\u00f3n.<\/p>\n<div class=\"embed-controller-wrapper\">\n<div class=\"embed-wrapper\"><iframe title=\"ETAPA 2 SKODA TITAN SERIES ALMERIA I TOMI MISSER\" width=\"500\" height=\"281\" data-src=\"https:\/\/www.youtube.com\/embed\/2Dlc7UJfwPM?feature=oembed\" frameborder=\"0\" allow=\"accelerometer; autoplay; clipboard-write; encrypted-media; gyroscope; picture-in-picture; web-share\" referrerpolicy=\"strict-origin-when-cross-origin\" allowfullscreen><\/iframe><\/div>\n<\/div>\n<p>&nbsp;<\/p>\n<h2><strong>A remontar<\/strong><\/h2>\n<p>Y despu\u00e9s de perder tiempo, pues toca intentar remontar. Ese era el objetivo de la pareja para la parte final de la <strong>\u0160koda <\/strong>Titan Series de Almer\u00eda 2021.<\/p>\n<p>El s\u00e1bado 11 tocaba un etapa pura de <strong>Desierto de Tabernas,<\/strong> con mucho terreno llano en los casi 100 kil\u00f3metros de recorrido y 1.300 metros de desnivel. Hab\u00eda que intentarlo en las subida de Sorbas a pero all\u00ed no hubo diferencias entre las tres parejas que se estaban jugando la carrera y al final todos llegaron juntos al sprint.<\/p>\n<p>Para el \u00faltimo d\u00eda, domingo 12 de diciembre, hab\u00eda poco terreno para intentar remontar tanto tiempo perdido. Salia de Tabernas con destino a El Toyo. Por el camino la zona m\u00e1s complicada eran los repechos de la base militar de la Legi\u00f3n.\u00a0 Nuevo intento, pero una vez m\u00e1s sin fruto. Eso s\u00ed, el premio segunda posici\u00f3n en la etapa y tambi\u00e9n en la clasificaci\u00f3n general.<\/p>\n<div class=\"embed-controller-wrapper\">\n<div class=\"embed-wrapper\"><iframe title=\"ETAPA 4 SKODA TITAN SERIES ALMERIA I TOMI MISSER\" width=\"500\" height=\"281\" data-src=\"https:\/\/www.youtube.com\/embed\/bHoTRSyk3yM?feature=oembed\" frameborder=\"0\" allow=\"accelerometer; autoplay; clipboard-write; encrypted-media; gyroscope; picture-in-picture; web-share\" referrerpolicy=\"strict-origin-when-cross-origin\" allowfullscreen><\/iframe><\/div>\n<\/div>\n","protected":false},"excerpt":{"rendered":"<p>La competici\u00f3n por parejas exige que ambos ciclistas est\u00e9n a tope todos los d\u00edas. En la \u0160koda Titan Series Almer\u00eda [&hellip;]<\/p>\n","protected":false},"author":29,"featured_media":8503,"comment_status":"open","ping_status":"open","sticky":false,"template":"","format":"standard","meta":{"footnotes":""},"categories":[9],"tags":[2163],"global-categories":[1164],"class_list":["post-8500","post","type-post","status-publish","format-standard","has-post-thumbnail","hentry","category-mtb-aventura","tag-titan-series-almeria","global-categories-cycling"],"yoast_head":"<!-- This site is optimized with the Yoast SEO Premium plugin v25.3 (Yoast SEO v25.9) - https:\/\/yoast.com\/wordpress\/plugins\/seo\/ -->\n<title>\u0160koda Titan Series Almer\u00eda 2021: As\u00ed fue la carrera de d\u00fao mixto<\/title>\n<meta name=\"description\" content=\"\u0160koda Titan Series Almer\u00eda 2021: As\u00ed fue la carrera de Misser y Misha Sekulova. La competici\u00f3n de duo mixtos.\" \/>\n<meta name=\"robots\" content=\"index, follow, max-snippet:-1, max-image-preview:large, max-video-preview:-1\" \/>\n<link rel=\"canonical\" href=\"https:\/\/www.welovecycling.com\/es\/2021\/12\/14\/skoda-titan-series-almeria-2021\/\" \/>\n<meta property=\"og:locale\" content=\"es_ES\" \/>\n<meta property=\"og:type\" content=\"article\" \/>\n<meta property=\"og:title\" content=\"\u0160koda Titan Series Almer\u00eda 2021: As\u00ed fue la carrera de Misser y Misha Sekulova\" \/>\n<meta property=\"og:description\" content=\"\u0160koda Titan Series Almer\u00eda 2021: As\u00ed fue la carrera de Misser y Misha Sekulova. La competici\u00f3n de duo mixtos.\" \/>\n<meta property=\"og:url\" content=\"https:\/\/www.welovecycling.com\/es\/2021\/12\/14\/skoda-titan-series-almeria-2021\/\" \/>\n<meta property=\"og:site_name\" content=\"\u0160koda We Love Cycling - Spain\" \/>\n<meta property=\"article:published_time\" content=\"2021-12-14T08:55:03+00:00\" \/>\n<meta property=\"article:modified_time\" content=\"2021-12-23T09:53:19+00:00\" \/>\n<meta property=\"og:image\" content=\"https:\/\/d2p6e6u75xmxt8.cloudfront.net\/6\/2021\/12\/Titan-series-2021-3.jpg\" \/>\n\t<meta property=\"og:image:width\" content=\"1080\" \/>\n\t<meta property=\"og:image:height\" content=\"1079\" \/>\n\t<meta property=\"og:image:type\" content=\"image\/jpeg\" \/>\n<meta name=\"author\" content=\"We Love Cycling Spain\" \/>\n<meta name=\"twitter:card\" content=\"summary_large_image\" \/>\n<meta name=\"twitter:title\" content=\"\u0160koda Titan Series Almer\u00eda 2021: As\u00ed fue la carrera de Misser y Misha Sekulova\" \/>\n<meta name=\"twitter:description\" content=\"\u0160koda Titan Series Almer\u00eda 2021: As\u00ed fue la carrera de Misser y Misha Sekulova. La competici\u00f3n de duo mixtos.\" \/>\n<meta name=\"twitter:label1\" content=\"Written by\" \/>\n\t<meta name=\"twitter:data1\" content=\"Luis Ortega @Ciclored\" \/>\n\t<meta name=\"twitter:label2\" content=\"Est. reading time\" \/>\n\t<meta name=\"twitter:data2\" content=\"3 minutes\" \/>\n<script type=\"application\/ld+json\" class=\"yoast-schema-graph\">{\"@context\":\"https:\/\/schema.org\",\"@graph\":[{\"@type\":\"WebPage\",\"@id\":\"https:\/\/www.welovecycling.com\/es\/2021\/12\/14\/skoda-titan-series-almeria-2021\/\",\"url\":\"https:\/\/www.welovecycling.com\/es\/2021\/12\/14\/skoda-titan-series-almeria-2021\/\",\"name\":\"\u0160koda Titan Series Almer\u00eda 2021: As\u00ed fue la carrera de d\u00fao mixto\",\"isPartOf\":{\"@id\":\"https:\/\/www.welovecycling.com\/es\/#website\"},\"primaryImageOfPage\":{\"@id\":\"https:\/\/www.welovecycling.com\/es\/2021\/12\/14\/skoda-titan-series-almeria-2021\/#primaryimage\"},\"image\":{\"@id\":\"https:\/\/www.welovecycling.com\/es\/2021\/12\/14\/skoda-titan-series-almeria-2021\/#primaryimage\"},\"thumbnailUrl\":\"https:\/\/d2p6e6u75xmxt8.cloudfront.net\/6\/2021\/12\/Titan-series-2021-3.jpg\",\"datePublished\":\"2021-12-14T08:55:03+00:00\",\"dateModified\":\"2021-12-23T09:53:19+00:00\",\"author\":{\"@id\":\"https:\/\/www.welovecycling.com\/es\/#\/schema\/person\/deb61715b5812698ee79fb96f343ccd4\"},\"description\":\"\u0160koda Titan Series Almer\u00eda 2021: As\u00ed fue la carrera de Misser y Misha Sekulova. La competici\u00f3n de duo mixtos.\",\"breadcrumb\":{\"@id\":\"https:\/\/www.welovecycling.com\/es\/2021\/12\/14\/skoda-titan-series-almeria-2021\/#breadcrumb\"},\"inLanguage\":\"es-ES\",\"potentialAction\":[{\"@type\":\"ReadAction\",\"target\":[\"https:\/\/www.welovecycling.com\/es\/2021\/12\/14\/skoda-titan-series-almeria-2021\/\"]}]},{\"@type\":\"ImageObject\",\"inLanguage\":\"es-ES\",\"@id\":\"https:\/\/www.welovecycling.com\/es\/2021\/12\/14\/skoda-titan-series-almeria-2021\/#primaryimage\",\"url\":\"https:\/\/d2p6e6u75xmxt8.cloudfront.net\/6\/2021\/12\/Titan-series-2021-3.jpg\",\"contentUrl\":\"https:\/\/d2p6e6u75xmxt8.cloudfront.net\/6\/2021\/12\/Titan-series-2021-3.jpg\",\"width\":1080,\"height\":1079},{\"@type\":\"BreadcrumbList\",\"@id\":\"https:\/\/www.welovecycling.com\/es\/2021\/12\/14\/skoda-titan-series-almeria-2021\/#breadcrumb\",\"itemListElement\":[{\"@type\":\"ListItem\",\"position\":1,\"name\":\"Home\",\"item\":\"https:\/\/www.welovecycling.com\/es\/\"},{\"@type\":\"ListItem\",\"position\":2,\"name\":\"\u0160koda Titan Series Almer\u00eda 2021: As\u00ed fue la carrera de d\u00fao mixto\"}]},{\"@type\":\"WebSite\",\"@id\":\"https:\/\/www.welovecycling.com\/es\/#website\",\"url\":\"https:\/\/www.welovecycling.com\/es\/\",\"name\":\"\u0160koda We Love Cycling - Spain\",\"description\":\"\u0160koda WeLoveCycling Spain\",\"potentialAction\":[{\"@type\":\"SearchAction\",\"target\":{\"@type\":\"EntryPoint\",\"urlTemplate\":\"https:\/\/www.welovecycling.com\/es\/?s={search_term_string}\"},\"query-input\":{\"@type\":\"PropertyValueSpecification\",\"valueRequired\":true,\"valueName\":\"search_term_string\"}}],\"inLanguage\":\"es-ES\"},{\"@type\":\"Person\",\"@id\":\"https:\/\/www.welovecycling.com\/es\/#\/schema\/person\/deb61715b5812698ee79fb96f343ccd4\",\"name\":\"We Love Cycling Spain\",\"image\":{\"@type\":\"ImageObject\",\"inLanguage\":\"es-ES\",\"@id\":\"https:\/\/www.welovecycling.com\/es\/#\/schema\/person\/image\/\",\"url\":\"https:\/\/secure.gravatar.com\/avatar\/c824b04e6df0e37a03219d0b6481672889df542894588964102459e46513159c?s=96&d=mm&r=g\",\"contentUrl\":\"https:\/\/secure.gravatar.com\/avatar\/c824b04e6df0e37a03219d0b6481672889df542894588964102459e46513159c?s=96&d=mm&r=g\",\"caption\":\"We Love Cycling Spain\"},\"url\":\"https:\/\/www.welovecycling.com\/es\/author\/amunoz\/\"}]}<\/script>\n<!-- \/ Yoast SEO Premium plugin. -->","yoast_head_json":{"title":"\u0160koda Titan Series Almer\u00eda 2021: As\u00ed fue la carrera de d\u00fao mixto","description":"\u0160koda Titan Series Almer\u00eda 2021: As\u00ed fue la carrera de Misser y Misha Sekulova. La competici\u00f3n de duo mixtos.","robots":{"index":"index","follow":"follow","max-snippet":"max-snippet:-1","max-image-preview":"max-image-preview:large","max-video-preview":"max-video-preview:-1"},"canonical":"https:\/\/www.welovecycling.com\/es\/2021\/12\/14\/skoda-titan-series-almeria-2021\/","og_locale":"es_ES","og_type":"article","og_title":"\u0160koda Titan Series Almer\u00eda 2021: As\u00ed fue la carrera de Misser y Misha Sekulova","og_description":"\u0160koda Titan Series Almer\u00eda 2021: As\u00ed fue la carrera de Misser y Misha Sekulova. La competici\u00f3n de duo mixtos.","og_url":"https:\/\/www.welovecycling.com\/es\/2021\/12\/14\/skoda-titan-series-almeria-2021\/","og_site_name":"\u0160koda We Love Cycling - Spain","article_published_time":"2021-12-14T08:55:03+00:00","article_modified_time":"2021-12-23T09:53:19+00:00","og_image":[{"width":1080,"height":1079,"url":"https:\/\/d2p6e6u75xmxt8.cloudfront.net\/6\/2021\/12\/Titan-series-2021-3.jpg","type":"image\/jpeg"}],"author":"We Love Cycling Spain","twitter_card":"summary_large_image","twitter_title":"\u0160koda Titan Series Almer\u00eda 2021: As\u00ed fue la carrera de Misser y Misha Sekulova","twitter_description":"\u0160koda Titan Series Almer\u00eda 2021: As\u00ed fue la carrera de Misser y Misha Sekulova. La competici\u00f3n de duo mixtos.","twitter_misc":{"Written by":"Luis Ortega @Ciclored","Est. reading time":"3 minutes"},"schema":{"@context":"https:\/\/schema.org","@graph":[{"@type":"WebPage","@id":"https:\/\/www.welovecycling.com\/es\/2021\/12\/14\/skoda-titan-series-almeria-2021\/","url":"https:\/\/www.welovecycling.com\/es\/2021\/12\/14\/skoda-titan-series-almeria-2021\/","name":"\u0160koda Titan Series Almer\u00eda 2021: As\u00ed fue la carrera de d\u00fao mixto","isPartOf":{"@id":"https:\/\/www.welovecycling.com\/es\/#website"},"primaryImageOfPage":{"@id":"https:\/\/www.welovecycling.com\/es\/2021\/12\/14\/skoda-titan-series-almeria-2021\/#primaryimage"},"image":{"@id":"https:\/\/www.welovecycling.com\/es\/2021\/12\/14\/skoda-titan-series-almeria-2021\/#primaryimage"},"thumbnailUrl":"https:\/\/d2p6e6u75xmxt8.cloudfront.net\/6\/2021\/12\/Titan-series-2021-3.jpg","datePublished":"2021-12-14T08:55:03+00:00","dateModified":"2021-12-23T09:53:19+00:00","author":{"@id":"https:\/\/www.welovecycling.com\/es\/#\/schema\/person\/deb61715b5812698ee79fb96f343ccd4"},"description":"\u0160koda Titan Series Almer\u00eda 2021: As\u00ed fue la carrera de Misser y Misha Sekulova. La competici\u00f3n de duo mixtos.","breadcrumb":{"@id":"https:\/\/www.welovecycling.com\/es\/2021\/12\/14\/skoda-titan-series-almeria-2021\/#breadcrumb"},"inLanguage":"es-ES","potentialAction":[{"@type":"ReadAction","target":["https:\/\/www.welovecycling.com\/es\/2021\/12\/14\/skoda-titan-series-almeria-2021\/"]}]},{"@type":"ImageObject","inLanguage":"es-ES","@id":"https:\/\/www.welovecycling.com\/es\/2021\/12\/14\/skoda-titan-series-almeria-2021\/#primaryimage","url":"https:\/\/d2p6e6u75xmxt8.cloudfront.net\/6\/2021\/12\/Titan-series-2021-3.jpg","contentUrl":"https:\/\/d2p6e6u75xmxt8.cloudfront.net\/6\/2021\/12\/Titan-series-2021-3.jpg","width":1080,"height":1079},{"@type":"BreadcrumbList","@id":"https:\/\/www.welovecycling.com\/es\/2021\/12\/14\/skoda-titan-series-almeria-2021\/#breadcrumb","itemListElement":[{"@type":"ListItem","position":1,"name":"Home","item":"https:\/\/www.welovecycling.com\/es\/"},{"@type":"ListItem","position":2,"name":"\u0160koda Titan Series Almer\u00eda 2021: As\u00ed fue la carrera de d\u00fao mixto"}]},{"@type":"WebSite","@id":"https:\/\/www.welovecycling.com\/es\/#website","url":"https:\/\/www.welovecycling.com\/es\/","name":"\u0160koda We Love Cycling - Spain","description":"\u0160koda WeLoveCycling Spain","potentialAction":[{"@type":"SearchAction","target":{"@type":"EntryPoint","urlTemplate":"https:\/\/www.welovecycling.com\/es\/?s={search_term_string}"},"query-input":{"@type":"PropertyValueSpecification","valueRequired":true,"valueName":"search_term_string"}}],"inLanguage":"es-ES"},{"@type":"Person","@id":"https:\/\/www.welovecycling.com\/es\/#\/schema\/person\/deb61715b5812698ee79fb96f343ccd4","name":"We Love Cycling Spain","image":{"@type":"ImageObject","inLanguage":"es-ES","@id":"https:\/\/www.welovecycling.com\/es\/#\/schema\/person\/image\/","url":"https:\/\/secure.gravatar.com\/avatar\/c824b04e6df0e37a03219d0b6481672889df542894588964102459e46513159c?s=96&d=mm&r=g","contentUrl":"https:\/\/secure.gravatar.com\/avatar\/c824b04e6df0e37a03219d0b6481672889df542894588964102459e46513159c?s=96&d=mm&r=g","caption":"We Love Cycling Spain"},"url":"https:\/\/www.welovecycling.com\/es\/author\/amunoz\/"}]}},"_links":{"self":[{"href":"https:\/\/www.welovecycling.com\/es\/wp-json\/wp\/v2\/posts\/8500","targetHints":{"allow":["GET"]}}],"collection":[{"href":"https:\/\/www.welovecycling.com\/es\/wp-json\/wp\/v2\/posts"}],"about":[{"href":"https:\/\/www.welovecycling.com\/es\/wp-json\/wp\/v2\/types\/post"}],"author":[{"embeddable":true,"href":"https:\/\/www.welovecycling.com\/es\/wp-json\/wp\/v2\/users\/29"}],"replies":[{"embeddable":true,"href":"https:\/\/www.welovecycling.com\/es\/wp-json\/wp\/v2\/comments?post=8500"}],"version-history":[{"count":1,"href":"https:\/\/www.welovecycling.com\/es\/wp-json\/wp\/v2\/posts\/8500\/revisions"}],"predecessor-version":[{"id":8504,"href":"https:\/\/www.welovecycling.com\/es\/wp-json\/wp\/v2\/posts\/8500\/revisions\/8504"}],"wp:featuredmedia":[{"embeddable":true,"href":"https:\/\/www.welovecycling.com\/es\/wp-json\/wp\/v2\/media\/8503"}],"wp:attachment":[{"href":"https:\/\/www.welovecycling.com\/es\/wp-json\/wp\/v2\/media?parent=8500"}],"wp:term":[{"taxonomy":"category","embeddable":true,"href":"https:\/\/www.welovecycling.com\/es\/wp-json\/wp\/v2\/categories?post=8500"},{"taxonomy":"post_tag","embeddable":true,"href":"https:\/\/www.welovecycling.com\/es\/wp-json\/wp\/v2\/tags?post=8500"},{"taxonomy":"global-categories","embeddable":true,"href":"https:\/\/www.welovecycling.com\/es\/wp-json\/wp\/v2\/global-categories?post=8500"}],"curies":[{"name":"wp","href":"https:\/\/api.w.org\/{rel}","templated":true}]}}