{"id":8492,"date":"2021-12-29T18:30:54","date_gmt":"2021-12-29T16:30:54","guid":{"rendered":"https:\/\/www.welovecycling.com\/es\/?p=8492"},"modified":"2022-01-03T11:12:56","modified_gmt":"2022-01-03T09:12:56","slug":"temporada-ciclista-2021","status":"publish","type":"post","link":"https:\/\/www.welovecycling.com\/es\/2021\/12\/29\/temporada-ciclista-2021\/","title":{"rendered":"Momentos de la temporada ciclista 2021 que nunca olvidar\u00e1s"},"content":{"rendered":"<p><strong>La temporada ciclista 2021 realmente termin\u00f3 a finales del mes de octubre, pero ahora que se acaba el a\u00f1o hemos recopilado los momentos que creemos que deben quedar en la retina de los aficionados durante mucho tiempo. Pogacar, Van der Poel, Deignan, Van Vleuten o Roglic son algunos de los protagonistas. Si\u00e9ntate en el sill\u00f3n y disfruta antes de que se acabe este 2021.<\/strong><\/p>\n<p><!--more--><\/p>\n<h2><strong>El ataque de Pogacar en el Tour<\/strong><\/h2>\n<p>Quiz\u00e1s sea el momento de la temporada ciclista 2021, por su repercusi\u00f3n y por lo que supone para la historia del ciclismo. Camino de Le Grand Bornard llov\u00eda y mucho. Era la octava etapa del Tour y el d\u00eda anterior en una jornada de media monta\u00f1a Van Aert y Van der Poel hab\u00edan revolucionado la carrera. Esta vez llegaba la monta\u00f1a de verdad. No demasiado dura, pero suficiente. Faltaban 30 kil\u00f3metros para meta con el Col de la Romme mediado cuando arranc\u00f3 <a href=\"https:\/\/www.welovecycling.com\/es\/2021\/07\/19\/tadej-pogacar-el-principito-que-ya-es-rey-del-tour-de-francia\/\">Tadej Pogacar.<\/a><\/p>\n<p>No estaba Roglic, convaleciente de ca\u00eddas anteriores, pero s\u00ed Richard Carapaz. El ecuatoriano fue el \u00fanico que le intent\u00f3 seguir. Dur\u00f3 un par de kil\u00f3metros para explotar y acabar a m\u00e1s de cuatro minutos del esloveno. Ese d\u00eda no hubo nadie a su altura de lo que luchaban por la general. Cabalg\u00f3 solo pasando a casi todos los integrantes de la fuga del d\u00eda. Solo se le resisti\u00f3 Dylan Teuns, y porque no era cuesti\u00f3n de jugarse un Tour que acababa de dejar casi sentenciado en una bajada. Las <a href=\"https:\/\/www.procyclingstats.com\/race\/tour-de-france\/2021\/stage-8\/result\/result\">diferencias que logr\u00f3 en meta, 3:20<\/a> a Vingegaard y Carapaz que acabar\u00edan en el podio, estuvieron al nivel de Hinault o Merckx.<\/p>\n<div class=\"embed-controller-wrapper\">\n<div class=\"embed-wrapper\"><iframe title=\"The Day Tadej Poga\u010dar HUMILIATED the Pro Peloton | Tour de France 2021 Stage 8\" width=\"500\" height=\"281\" data-src=\"https:\/\/www.youtube.com\/embed\/N9dZ0PvSpFI?feature=oembed\" frameborder=\"0\" allow=\"accelerometer; autoplay; clipboard-write; encrypted-media; gyroscope; picture-in-picture; web-share\" referrerpolicy=\"strict-origin-when-cross-origin\" allowfullscreen><\/iframe><\/div>\n<\/div>\n<p>&nbsp;<\/p>\n<h2><strong>Demarraje de Van der Poel en Strade Bianche<\/strong><\/h2>\n<p>Cada a\u00f1o la <a href=\"https:\/\/www.welovecycling.com\/es\/2018\/03\/16\/strade-bianche-cicloturista-carrera-profesional\/\">Strade Bianche<\/a> deja momentos espectaculares. Los tramos de tierra la convierten en una carrera especial que no solo ha conquistado a los aficionados, sino tambi\u00e9n a los mejores ciclistas del mundo. Por eso al final de la corsa italiana hab\u00eda llegado un tr\u00edo formado por Julien Alaphilippe, Van der Poel y Egan Bernal. Y todo despu\u00e9s de que el holand\u00e9s hubiese seleccionado el grupo de los favoritos con un demarraje de muchos vatios en el \u00faltimo tramo de tierra de La Tolfe.<\/p>\n<p>La gran duda estaba en si <a href=\"https:\/\/www.welovecycling.com\/es\/2021\/08\/06\/van-der-poel-o-wout-van-aert\/\">Van der Poel<\/a> hab\u00eda quemado todas sus energ\u00edas o todav\u00eda conservaba algunas para las losetas y el 15% de Via Santa Caterina. Egan Bernal, menos potente, no parec\u00eda rival, pero si un hombre como Alaphilippe, capaz de ganar sprints en cuesta (ya lleva tres Flechas Valona en el Muro de Huy). Pero ni el franc\u00e9s pudo hacer frente a la mayor exhibici\u00f3n de potencia hasta ahora de Van der Poel.<\/p>\n<p>&nbsp;<\/p>\n<div class=\"embed-controller-wrapper\">\n<div class=\"embed-wrapper\"><iframe title=\"Strade Bianche 2021: One of the most explosive displays ever to win\" width=\"500\" height=\"281\" data-src=\"https:\/\/www.youtube.com\/embed\/HWDf_QboyQk?start=80&#038;feature=oembed&#038;t=80&#038;enablejsapi=1\" frameborder=\"0\" allow=\"accelerometer; autoplay; clipboard-write; encrypted-media; gyroscope; picture-in-picture; web-share\" referrerpolicy=\"strict-origin-when-cross-origin\" allowfullscreen><\/iframe><\/div>\n<\/div>\n<h2><strong>La escapada de Bernal y Roglic camino de Lagos de Covadonga<\/strong><\/h2>\n<p>El esloveno <a href=\"https:\/\/www.welovecycling.com\/es\/2021\/09\/07\/roglic\/\">Primoz Roglic<\/a> domin\u00f3 de principio a fin La Vuelta 2021. Se visti\u00f3 de l\u00edder el primer d\u00eda y siempre tuvo a raya a sus rivales. La ca\u00edda de Valverde, los problemas de Movistar y la &#8216;baja forma&#8217; de los hombres de Ineos, Yates y Bernal, le dejaron el camino expedito para sumar la tercera edici\u00f3n de la carrera espa\u00f1ola.<\/p>\n<p>Pero Roglic nos ten\u00eda guardada una exhibici\u00f3n cuando nadie la esperaba. Camino de Lagos de Covadonga est\u00e1 Collada Llomena, un puerto que hab\u00eda sido in\u00e9dito en la Vuelta. Llov\u00eda en la segunda ascensi\u00f3n, cuando decidi\u00f3 arrancar<strong> Egan Bernal.<\/strong> Quedaban m\u00e1s de 40 kil\u00f3metros a meta y una bajada m\u00e1s que peligrosa. Roglic, que no necesitaba m\u00e1s margen y ten\u00eda varios gregarios con \u00e9l, se fue con el colombiano. Entre ambos hicieron camino. El esloveno remat\u00f3 en la cima de Lagos su tercera vuelta, mientras que Egan acab\u00f3 atrapado por el grupo de los favoritos.<\/p>\n<div class=\"embed-controller-wrapper\">\n<div class=\"embed-wrapper\"><iframe title=\"RESUMEN | Etapa 17 | Vuelta a Espa\u00f1a 2021\" width=\"500\" height=\"281\" data-src=\"https:\/\/www.youtube.com\/embed\/L_RWVQDk1xQ?start=353&#038;feature=oembed&#038;t=353&#038;enablejsapi=1\" frameborder=\"0\" allow=\"accelerometer; autoplay; clipboard-write; encrypted-media; gyroscope; picture-in-picture; web-share\" referrerpolicy=\"strict-origin-when-cross-origin\" allowfullscreen><\/iframe><\/div>\n<\/div>\n<p>&nbsp;<\/p>\n<h2><strong>La plata celebrada como oro de Van Vleuten<\/strong><\/h2>\n<p>Ser\u00e1 uno de los momentos de la historia de los Juegos Ol\u00edmpicos. Si algo tienen de particular la carrera ol\u00edmpica es que se disputa sin pinganillos. Es decir, las ciclistas no est\u00e1s conectadas a su director en todo momento y solo reciben instrucciones cuando se acerca el coche de equipo o cuando pasan por boxes (en este caso a gritos). As\u00ed que si no est\u00e1s atento a todo lo que sucede puede ser que pierdas el hilo de la competici\u00f3n.<\/p>\n<p>Esto es lo que le pas\u00f3 a <a href=\"https:\/\/www.welovecycling.com\/es\/2021\/09\/22\/mundial-de-ciclismo\/\">Anemiek Van Vleuten<\/a>. Como en todas las carreras ol\u00edmpicas y mundiales de ruta se form\u00f3 una fuga de salida con ciclistas que en teor\u00eda no ten\u00edan opciones. Ah\u00ed estaba la austr\u00edaca <a href=\"https:\/\/www.welovecycling.com\/es\/2021\/07\/29\/carrera-olimpica-femenina-ruta\/\">Anna Kiesenhofer<\/a>, una aut\u00e9ntica desconocida. Por detr\u00e1s siempre control\u00f3 la selecci\u00f3n holandesa, que fue absorbiendo una a una a todas las fugadas, pero se olvid\u00f3 de la austr\u00edaca. Fueron contemporizando la carrera hasta el ataque de Van Vleuten, que le permiti\u00f3 soltar a Elisa Longo Borghini y levantar los brazos en meta. Eso s\u00ed, m\u00e1s de un minuto despu\u00e9s de que Kiesenhofer se hubiera llevado el oro.<\/p>\n<div class=\"embed-controller-wrapper\">\n<div class=\"embed-wrapper\"><iframe title=\"Tokyo 2020 Women&#039;s Road Race Highlights\" width=\"500\" height=\"281\" data-src=\"https:\/\/www.youtube.com\/embed\/DznyOCvk_5Y?start=201&#038;feature=oembed&#038;t=201&#038;enablejsapi=1\" frameborder=\"0\" allow=\"accelerometer; autoplay; clipboard-write; encrypted-media; gyroscope; picture-in-picture; web-share\" referrerpolicy=\"strict-origin-when-cross-origin\" allowfullscreen><\/iframe><\/div>\n<\/div>\n<p>&nbsp;<\/p>\n<h2><strong>La exhibici\u00f3n de Deignan en la primera Roubaix Femenina<\/strong><\/h2>\n<p>Ha tenido que pasar m\u00e1s de un siglo para que hubiese Paris Roubaix Femenina. En 2020 la pandemia aplaz\u00f3 la primera edici\u00f3n a este 2021, que vio la carrera en una extra\u00f1a fecha, primeros de octubre. Y sucedi\u00f3 lo que no hab\u00eda pasado en los \u00faltimos 20 a\u00f1os, que sali\u00f3 un d\u00eda lluvioso y los adoquines del Infierno del Norte se convirtieron en una pista de patinaje de barro y agua y dejo uno de los momentos de la temporada ciclista 2021.<\/p>\n<p>El escenario no era el mejor para un pelot\u00f3n femenino que nunca hab\u00eda competido en <a href=\"https:\/\/www.procyclingstats.com\/race\/paris-roubaix-we\/2021\">Roubaix.<\/a> Si en Flandes, pero los adoquines no tienen nada que ver. De los 116 kil\u00f3metros de carrera, <strong>Lizzie Deignan<\/strong> solo anduvo en el pelot\u00f3n los primeros 36, justo los que hab\u00eda hasta el primer tramo de adoquines de Hornaig. All\u00ed, a 80 de meta se escap\u00f3 y ya no la vieron hasta el podio del vel\u00f3dromo de Roubaix. Por medio momentos como las dos veces que estuvo a punto de cruz\u00e1rsele la bici en el imposible <strong>Mons en Pevele<\/strong> o su paso en solitario por el m\u00edtico Carrefour del Arbre. Marianne Vos y Longo Borghini la acompa\u00f1aron en un podio hist\u00f3rico.<\/p>\n<div class=\"embed-controller-wrapper\">\n<div class=\"embed-wrapper\"><iframe title=\"Paris-Roubaix Femmes 2021 Highlights | Hell of the North | Paris-Roubaix Women\" width=\"500\" height=\"281\" data-src=\"https:\/\/www.youtube.com\/embed\/QrqeRE4W2qE?start=11&#038;feature=oembed&#038;t=11&#038;enablejsapi=1\" frameborder=\"0\" allow=\"accelerometer; autoplay; clipboard-write; encrypted-media; gyroscope; picture-in-picture; web-share\" referrerpolicy=\"strict-origin-when-cross-origin\" allowfullscreen><\/iframe><\/div>\n<\/div>\n","protected":false},"excerpt":{"rendered":"<p>La temporada ciclista 2021 realmente termin\u00f3 a finales del mes de octubre, pero ahora que se acaba el a\u00f1o hemos [&hellip;]<\/p>\n","protected":false},"author":29,"featured_media":7841,"comment_status":"open","ping_status":"open","sticky":false,"template":"","format":"standard","meta":{"footnotes":""},"categories":[7],"tags":[],"global-categories":[1164],"class_list":["post-8492","post","type-post","status-publish","format-standard","has-post-thumbnail","hentry","category-carretera","global-categories-cycling"],"yoast_head":"<!-- This site is optimized with the Yoast SEO Premium plugin v25.3 (Yoast SEO v25.9) - https:\/\/yoast.com\/wordpress\/plugins\/seo\/ -->\n<title>Momentos de la temporada ciclista 2021 que nunca olvidar\u00e1s<\/title>\n<meta name=\"description\" content=\"Momentos de la temporada ciclista 2021 que nunca olvidar\u00e1s. De la exhibicion de Pogacar en el Tour a la primera Roubaix femenina.\" \/>\n<meta name=\"robots\" content=\"index, follow, max-snippet:-1, max-image-preview:large, max-video-preview:-1\" \/>\n<link rel=\"canonical\" href=\"https:\/\/www.welovecycling.com\/es\/2021\/12\/29\/temporada-ciclista-2021\/\" \/>\n<meta property=\"og:locale\" content=\"es_ES\" \/>\n<meta property=\"og:type\" content=\"article\" \/>\n<meta property=\"og:title\" content=\"Momentos de la temporada ciclista 2021 que nunca olvidar\u00e1s\" \/>\n<meta property=\"og:description\" content=\"Momentos de la temporada ciclista 2021 que nunca olvidar\u00e1s. De la exhibicion de Pogacar en el Tour a la primera Roubaix femenina.\" \/>\n<meta property=\"og:url\" content=\"https:\/\/www.welovecycling.com\/es\/2021\/12\/29\/temporada-ciclista-2021\/\" \/>\n<meta property=\"og:site_name\" content=\"\u0160koda We Love Cycling - Spain\" \/>\n<meta property=\"article:published_time\" content=\"2021-12-29T16:30:54+00:00\" \/>\n<meta property=\"article:modified_time\" content=\"2022-01-03T09:12:56+00:00\" \/>\n<meta property=\"og:image\" content=\"https:\/\/d2p6e6u75xmxt8.cloudfront.net\/6\/2021\/07\/Pogacar-Stage-8-profimedia-0619410413.jpg\" \/>\n\t<meta property=\"og:image:width\" content=\"1000\" \/>\n\t<meta property=\"og:image:height\" content=\"666\" \/>\n\t<meta property=\"og:image:type\" content=\"image\/jpeg\" \/>\n<meta name=\"author\" content=\"We Love Cycling Spain\" \/>\n<meta name=\"twitter:card\" content=\"summary_large_image\" \/>\n<meta name=\"twitter:title\" content=\"Momentos de la temporada ciclista 2021 que nunca olvidar\u00e1s\" \/>\n<meta name=\"twitter:description\" content=\"Momentos de la temporada ciclista 2021 que nunca olvidar\u00e1s. De la exhibicion de Pogacar en el Tour a la primera Roubaix femenina.\" \/>\n<meta name=\"twitter:label1\" content=\"Written by\" \/>\n\t<meta name=\"twitter:data1\" content=\"Luis Ortega @Ciclored\" \/>\n\t<meta name=\"twitter:label2\" content=\"Est. reading time\" \/>\n\t<meta name=\"twitter:data2\" content=\"6 minutes\" \/>\n<script type=\"application\/ld+json\" class=\"yoast-schema-graph\">{\"@context\":\"https:\/\/schema.org\",\"@graph\":[{\"@type\":\"WebPage\",\"@id\":\"https:\/\/www.welovecycling.com\/es\/2021\/12\/29\/temporada-ciclista-2021\/\",\"url\":\"https:\/\/www.welovecycling.com\/es\/2021\/12\/29\/temporada-ciclista-2021\/\",\"name\":\"Momentos de la temporada ciclista 2021 que nunca olvidar\u00e1s\",\"isPartOf\":{\"@id\":\"https:\/\/www.welovecycling.com\/es\/#website\"},\"primaryImageOfPage\":{\"@id\":\"https:\/\/www.welovecycling.com\/es\/2021\/12\/29\/temporada-ciclista-2021\/#primaryimage\"},\"image\":{\"@id\":\"https:\/\/www.welovecycling.com\/es\/2021\/12\/29\/temporada-ciclista-2021\/#primaryimage\"},\"thumbnailUrl\":\"https:\/\/d2p6e6u75xmxt8.cloudfront.net\/6\/2021\/07\/Pogacar-Stage-8-profimedia-0619410413.jpg\",\"datePublished\":\"2021-12-29T16:30:54+00:00\",\"dateModified\":\"2022-01-03T09:12:56+00:00\",\"author\":{\"@id\":\"https:\/\/www.welovecycling.com\/es\/#\/schema\/person\/deb61715b5812698ee79fb96f343ccd4\"},\"description\":\"Momentos de la temporada ciclista 2021 que nunca olvidar\u00e1s. De la exhibicion de Pogacar en el Tour a la primera Roubaix femenina.\",\"breadcrumb\":{\"@id\":\"https:\/\/www.welovecycling.com\/es\/2021\/12\/29\/temporada-ciclista-2021\/#breadcrumb\"},\"inLanguage\":\"es-ES\",\"potentialAction\":[{\"@type\":\"ReadAction\",\"target\":[\"https:\/\/www.welovecycling.com\/es\/2021\/12\/29\/temporada-ciclista-2021\/\"]}]},{\"@type\":\"ImageObject\",\"inLanguage\":\"es-ES\",\"@id\":\"https:\/\/www.welovecycling.com\/es\/2021\/12\/29\/temporada-ciclista-2021\/#primaryimage\",\"url\":\"https:\/\/d2p6e6u75xmxt8.cloudfront.net\/6\/2021\/07\/Pogacar-Stage-8-profimedia-0619410413.jpg\",\"contentUrl\":\"https:\/\/d2p6e6u75xmxt8.cloudfront.net\/6\/2021\/07\/Pogacar-Stage-8-profimedia-0619410413.jpg\",\"width\":1000,\"height\":666,\"caption\":\"Poga\u010dar\"},{\"@type\":\"BreadcrumbList\",\"@id\":\"https:\/\/www.welovecycling.com\/es\/2021\/12\/29\/temporada-ciclista-2021\/#breadcrumb\",\"itemListElement\":[{\"@type\":\"ListItem\",\"position\":1,\"name\":\"Home\",\"item\":\"https:\/\/www.welovecycling.com\/es\/\"},{\"@type\":\"ListItem\",\"position\":2,\"name\":\"Momentos de la temporada ciclista 2021 que nunca olvidar\u00e1s\"}]},{\"@type\":\"WebSite\",\"@id\":\"https:\/\/www.welovecycling.com\/es\/#website\",\"url\":\"https:\/\/www.welovecycling.com\/es\/\",\"name\":\"\u0160koda We Love Cycling - Spain\",\"description\":\"\u0160koda WeLoveCycling Spain\",\"potentialAction\":[{\"@type\":\"SearchAction\",\"target\":{\"@type\":\"EntryPoint\",\"urlTemplate\":\"https:\/\/www.welovecycling.com\/es\/?s={search_term_string}\"},\"query-input\":{\"@type\":\"PropertyValueSpecification\",\"valueRequired\":true,\"valueName\":\"search_term_string\"}}],\"inLanguage\":\"es-ES\"},{\"@type\":\"Person\",\"@id\":\"https:\/\/www.welovecycling.com\/es\/#\/schema\/person\/deb61715b5812698ee79fb96f343ccd4\",\"name\":\"We Love Cycling Spain\",\"image\":{\"@type\":\"ImageObject\",\"inLanguage\":\"es-ES\",\"@id\":\"https:\/\/www.welovecycling.com\/es\/#\/schema\/person\/image\/\",\"url\":\"https:\/\/secure.gravatar.com\/avatar\/c824b04e6df0e37a03219d0b6481672889df542894588964102459e46513159c?s=96&d=mm&r=g\",\"contentUrl\":\"https:\/\/secure.gravatar.com\/avatar\/c824b04e6df0e37a03219d0b6481672889df542894588964102459e46513159c?s=96&d=mm&r=g\",\"caption\":\"We Love Cycling Spain\"},\"url\":\"https:\/\/www.welovecycling.com\/es\/author\/amunoz\/\"}]}<\/script>\n<!-- \/ Yoast SEO Premium plugin. -->","yoast_head_json":{"title":"Momentos de la temporada ciclista 2021 que nunca olvidar\u00e1s","description":"Momentos de la temporada ciclista 2021 que nunca olvidar\u00e1s. De la exhibicion de Pogacar en el Tour a la primera Roubaix femenina.","robots":{"index":"index","follow":"follow","max-snippet":"max-snippet:-1","max-image-preview":"max-image-preview:large","max-video-preview":"max-video-preview:-1"},"canonical":"https:\/\/www.welovecycling.com\/es\/2021\/12\/29\/temporada-ciclista-2021\/","og_locale":"es_ES","og_type":"article","og_title":"Momentos de la temporada ciclista 2021 que nunca olvidar\u00e1s","og_description":"Momentos de la temporada ciclista 2021 que nunca olvidar\u00e1s. De la exhibicion de Pogacar en el Tour a la primera Roubaix femenina.","og_url":"https:\/\/www.welovecycling.com\/es\/2021\/12\/29\/temporada-ciclista-2021\/","og_site_name":"\u0160koda We Love Cycling - Spain","article_published_time":"2021-12-29T16:30:54+00:00","article_modified_time":"2022-01-03T09:12:56+00:00","og_image":[{"width":1000,"height":666,"url":"https:\/\/d2p6e6u75xmxt8.cloudfront.net\/6\/2021\/07\/Pogacar-Stage-8-profimedia-0619410413.jpg","type":"image\/jpeg"}],"author":"We Love Cycling Spain","twitter_card":"summary_large_image","twitter_title":"Momentos de la temporada ciclista 2021 que nunca olvidar\u00e1s","twitter_description":"Momentos de la temporada ciclista 2021 que nunca olvidar\u00e1s. De la exhibicion de Pogacar en el Tour a la primera Roubaix femenina.","twitter_misc":{"Written by":"Luis Ortega @Ciclored","Est. reading time":"6 minutes"},"schema":{"@context":"https:\/\/schema.org","@graph":[{"@type":"WebPage","@id":"https:\/\/www.welovecycling.com\/es\/2021\/12\/29\/temporada-ciclista-2021\/","url":"https:\/\/www.welovecycling.com\/es\/2021\/12\/29\/temporada-ciclista-2021\/","name":"Momentos de la temporada ciclista 2021 que nunca olvidar\u00e1s","isPartOf":{"@id":"https:\/\/www.welovecycling.com\/es\/#website"},"primaryImageOfPage":{"@id":"https:\/\/www.welovecycling.com\/es\/2021\/12\/29\/temporada-ciclista-2021\/#primaryimage"},"image":{"@id":"https:\/\/www.welovecycling.com\/es\/2021\/12\/29\/temporada-ciclista-2021\/#primaryimage"},"thumbnailUrl":"https:\/\/d2p6e6u75xmxt8.cloudfront.net\/6\/2021\/07\/Pogacar-Stage-8-profimedia-0619410413.jpg","datePublished":"2021-12-29T16:30:54+00:00","dateModified":"2022-01-03T09:12:56+00:00","author":{"@id":"https:\/\/www.welovecycling.com\/es\/#\/schema\/person\/deb61715b5812698ee79fb96f343ccd4"},"description":"Momentos de la temporada ciclista 2021 que nunca olvidar\u00e1s. De la exhibicion de Pogacar en el Tour a la primera Roubaix femenina.","breadcrumb":{"@id":"https:\/\/www.welovecycling.com\/es\/2021\/12\/29\/temporada-ciclista-2021\/#breadcrumb"},"inLanguage":"es-ES","potentialAction":[{"@type":"ReadAction","target":["https:\/\/www.welovecycling.com\/es\/2021\/12\/29\/temporada-ciclista-2021\/"]}]},{"@type":"ImageObject","inLanguage":"es-ES","@id":"https:\/\/www.welovecycling.com\/es\/2021\/12\/29\/temporada-ciclista-2021\/#primaryimage","url":"https:\/\/d2p6e6u75xmxt8.cloudfront.net\/6\/2021\/07\/Pogacar-Stage-8-profimedia-0619410413.jpg","contentUrl":"https:\/\/d2p6e6u75xmxt8.cloudfront.net\/6\/2021\/07\/Pogacar-Stage-8-profimedia-0619410413.jpg","width":1000,"height":666,"caption":"Poga\u010dar"},{"@type":"BreadcrumbList","@id":"https:\/\/www.welovecycling.com\/es\/2021\/12\/29\/temporada-ciclista-2021\/#breadcrumb","itemListElement":[{"@type":"ListItem","position":1,"name":"Home","item":"https:\/\/www.welovecycling.com\/es\/"},{"@type":"ListItem","position":2,"name":"Momentos de la temporada ciclista 2021 que nunca olvidar\u00e1s"}]},{"@type":"WebSite","@id":"https:\/\/www.welovecycling.com\/es\/#website","url":"https:\/\/www.welovecycling.com\/es\/","name":"\u0160koda We Love Cycling - Spain","description":"\u0160koda WeLoveCycling Spain","potentialAction":[{"@type":"SearchAction","target":{"@type":"EntryPoint","urlTemplate":"https:\/\/www.welovecycling.com\/es\/?s={search_term_string}"},"query-input":{"@type":"PropertyValueSpecification","valueRequired":true,"valueName":"search_term_string"}}],"inLanguage":"es-ES"},{"@type":"Person","@id":"https:\/\/www.welovecycling.com\/es\/#\/schema\/person\/deb61715b5812698ee79fb96f343ccd4","name":"We Love Cycling Spain","image":{"@type":"ImageObject","inLanguage":"es-ES","@id":"https:\/\/www.welovecycling.com\/es\/#\/schema\/person\/image\/","url":"https:\/\/secure.gravatar.com\/avatar\/c824b04e6df0e37a03219d0b6481672889df542894588964102459e46513159c?s=96&d=mm&r=g","contentUrl":"https:\/\/secure.gravatar.com\/avatar\/c824b04e6df0e37a03219d0b6481672889df542894588964102459e46513159c?s=96&d=mm&r=g","caption":"We Love Cycling Spain"},"url":"https:\/\/www.welovecycling.com\/es\/author\/amunoz\/"}]}},"_links":{"self":[{"href":"https:\/\/www.welovecycling.com\/es\/wp-json\/wp\/v2\/posts\/8492","targetHints":{"allow":["GET"]}}],"collection":[{"href":"https:\/\/www.welovecycling.com\/es\/wp-json\/wp\/v2\/posts"}],"about":[{"href":"https:\/\/www.welovecycling.com\/es\/wp-json\/wp\/v2\/types\/post"}],"author":[{"embeddable":true,"href":"https:\/\/www.welovecycling.com\/es\/wp-json\/wp\/v2\/users\/29"}],"replies":[{"embeddable":true,"href":"https:\/\/www.welovecycling.com\/es\/wp-json\/wp\/v2\/comments?post=8492"}],"version-history":[{"count":2,"href":"https:\/\/www.welovecycling.com\/es\/wp-json\/wp\/v2\/posts\/8492\/revisions"}],"predecessor-version":[{"id":8499,"href":"https:\/\/www.welovecycling.com\/es\/wp-json\/wp\/v2\/posts\/8492\/revisions\/8499"}],"wp:featuredmedia":[{"embeddable":true,"href":"https:\/\/www.welovecycling.com\/es\/wp-json\/wp\/v2\/media\/7841"}],"wp:attachment":[{"href":"https:\/\/www.welovecycling.com\/es\/wp-json\/wp\/v2\/media?parent=8492"}],"wp:term":[{"taxonomy":"category","embeddable":true,"href":"https:\/\/www.welovecycling.com\/es\/wp-json\/wp\/v2\/categories?post=8492"},{"taxonomy":"post_tag","embeddable":true,"href":"https:\/\/www.welovecycling.com\/es\/wp-json\/wp\/v2\/tags?post=8492"},{"taxonomy":"global-categories","embeddable":true,"href":"https:\/\/www.welovecycling.com\/es\/wp-json\/wp\/v2\/global-categories?post=8492"}],"curies":[{"name":"wp","href":"https:\/\/api.w.org\/{rel}","templated":true}]}}