{"id":8474,"date":"2021-12-19T11:41:59","date_gmt":"2021-12-19T09:41:59","guid":{"rendered":"https:\/\/www.welovecycling.com\/es\/?p=8474"},"modified":"2021-12-13T11:51:32","modified_gmt":"2021-12-13T09:51:32","slug":"van-aert-skoda","status":"publish","type":"post","link":"https:\/\/www.welovecycling.com\/es\/2021\/12\/19\/van-aert-skoda\/","title":{"rendered":"\u00bfPuede Van Aert ganar el maillot verde \u0160koda en el Tour 2022?"},"content":{"rendered":"<p><strong>\u00bfEs tan buen ciclista Wout van Aert? Preg\u00fantale a uno de sus rivales. &#8220;Tenemos que ser sinceros&#8221;, dijo el corredor de ciclocross Toon Aerts, despu\u00e9s de que Van Aert ganara la primera competici\u00f3n de ciclocross que disputaba en casi un a\u00f1o por casi 2 minutos. &#8220;Si ves c\u00f3mo nos solt\u00f3 Van Aert, podr\u00eda ser un periodo navide\u00f1o sin victorias [para nosotros]&#8221;.<\/strong><\/p>\n<p><!--more--><\/p>\n<p>La victoria fue el 4 de diciembre en el Superprestige Boom, despu\u00e9s de dos meses de descanso del ciclismo de competici\u00f3n y despu\u00e9s de que el belga de 27 a\u00f1os se estrellara en el barro en la pen\u00faltima vuelta. &#8220;Es incre\u00edble lo que Wout van Aert ha hecho aqu\u00ed&#8221;, a\u00f1adi\u00f3 Aerts, que termin\u00f3 segundo, a 1:42. El tricampe\u00f3n del mundo de ciclocross es el mejor gregario del mundo, como ya demostr\u00f3 en los \u00faltimos tres Tours ayudando a su compa\u00f1ero del del Jumbo-Visma, <a href=\"https:\/\/www.welovecycling.com\/wide\/2021\/06\/29\/ride2unite-podcast-with-primoz-roglic-i-had-to-learn-how-to-suffer\/\">Primo\u017e Rogli\u010d<\/a>, y demostrando que puede ganar a la vez seis etapas y en todos los terrenos, desde la alta monta\u00f1a al sprint.<\/p>\n<p>Por eso, cuando Van Aert explic\u00f3 que aspiraba a ganar el maillot verde en el Tour del a\u00f1o que viene, todo el mundo en la comunidad ciclista prest\u00f3 atenci\u00f3n. &#8220;El a\u00f1o que viene quiero ir a por el Maillot Verde&#8221;, dijo Van Aert <a href=\"https:\/\/www.hln.be\/wielrennen\/ik-ga-vol-voor-de-groene-trui-wout-van-aert-heeft-zijn-plan-voor-de-tour-van-2022-klaar~a8e8e66a\/\">a Het Laatste Nieuws.<\/a> &#8220;Y haremos un plan que encaje en la t\u00e1ctica general del equipo&#8221;. Insisti\u00f3 en que podr\u00e1 concentrarse en su sue\u00f1o verde y tambi\u00e9n seguir corriendo en apoyo de las ambiciones de Rogli\u010d en la CG. &#8220;Lo que quiero decir es que si voy a por el verde, espero que el equipo me apoye en eso&#8221;, dijo. &#8220;Y ser\u00eda un poco extra\u00f1o [para m\u00ed] decir: &#8216;Primo\u017e, no te ayudar\u00e9'&#8221;.<\/p>\n<div class=\"embed-controller-wrapper\">\n<blockquote class=\"twitter-tweet\" data-width=\"500\" data-dnt=\"true\">\n<p lang=\"en\" dir=\"ltr\">Today was a good day \ud83d\ude0e <a href=\"https:\/\/t.co\/yEHd556KJg\">https:\/\/t.co\/yEHd556KJg<\/a><\/p>\n<p>&mdash; Wout van Aert (@WoutvanAert) <a href=\"https:\/\/twitter.com\/WoutvanAert\/status\/1470111398587994115?ref_src=twsrc%5Etfw\">December 12, 2021<\/a><\/p><\/blockquote>\n<p><script async data-src=\"https:\/\/platform.twitter.com\/widgets.js\" charset=\"utf-8\"><\/script><\/div>\n<p>Si hay alg\u00fan esc\u00e9ptico por ah\u00ed que dude de que el belga tiene las cualidades necesarias para vencer a corredores de la talla del siete veces ganador del Maillot Verde del \u0160koda, <a href=\"https:\/\/www.welovecycling.com\/es\/2020\/09\/06\/maillot-verde-skoda-tour-sagan\/\">Peter Sagan<\/a>; el ganador del Maillot Verde del a\u00f1o pasado, Mark Cavendish, al que el director del Tour de Francia, Christian Prudhomme, calific\u00f3 como &#8220;el mejor espr\u00ednter de la historia del Tour y del ciclismo&#8221;; el ganador del Maillot Verde de 2020, Sam Bennett; y el rapid\u00edsimo, aunque con mala suerte, australiano Caleb Ewan, s\u00f3lo tienes que ver el final de la \u00faltima etapa del Tour de Francia de este a\u00f1o.<\/p>\n<p>En lo que puede ser el sprint masivo m\u00e1s prestigioso del mundo, en los famosos Campos El\u00edseos de Par\u00eds, Van Aert arras\u00f3 a sus rivales, que inclu\u00edan a Cavendish, que intentaba batir el r\u00e9cord de victorias de etapa en el Tour de Francia del legendario compatriota de Van Aert, Eddy Merckx, y que ya se hab\u00eda asegurado la victoria del Maillot Verde.<\/p>\n<p>Tambi\u00e9n existe la posibilidad de que el gran rival de Van Aert en todas las competiciones, el holand\u00e9s Mathieu Van der Poel, intente ampliar su rivalidad para incluir el Maillot Verde del Tour. Aunque ahora mismo el nieto de Poulidor tuvo una ca\u00edda hace pocos d\u00edas y se lesion\u00f3 una rodilla. Su estado en el momento de escribir este art\u00edculo era desconocido.<\/p>\n<p>Pero si Van der Poel se recupera y si todos los dem\u00e1s velocistas destacados se presentan sanos y en forma en Dinamarca para la Grand D\u00e9part del pr\u00f3ximo mes de julio, eso convertir\u00eda la carrera de clasificaci\u00f3n por puntos en una competici\u00f3n que rivalizar\u00eda con la del Maillot Amarillo.<\/p>\n<p>\u00bfQui\u00e9n es el favorito? El corredor m\u00e1s r\u00e1pido, con el mejor equipo y con m\u00e1s suerte.<\/p>\n","protected":false},"excerpt":{"rendered":"<p>\u00bfEs tan buen ciclista Wout van Aert? Preg\u00fantale a uno de sus rivales. &#8220;Tenemos que ser sinceros&#8221;, dijo el corredor [&hellip;]<\/p>\n","protected":false},"author":29,"featured_media":8476,"comment_status":"open","ping_status":"open","sticky":false,"template":"","format":"standard","meta":{"footnotes":""},"categories":[7],"tags":[],"global-categories":[],"class_list":["post-8474","post","type-post","status-publish","format-standard","has-post-thumbnail","hentry","category-carretera"],"yoast_head":"<!-- This site is optimized with the Yoast SEO Premium plugin v25.3 (Yoast SEO v25.9) - https:\/\/yoast.com\/wordpress\/plugins\/seo\/ -->\n<title>\u00bfPuede Van Aert ganar el maillot verde \u0160koda en el Tour 2022? - We Love Cycling<\/title>\n<meta name=\"description\" content=\"\u00bfPuede Van Aert ganar el maillot verde \u0160koda en el Tour 2022? El belga dijo que quiere aspirar al verde y ayudar a Primoz Roglic.\" \/>\n<meta name=\"robots\" content=\"index, follow, max-snippet:-1, max-image-preview:large, max-video-preview:-1\" \/>\n<link rel=\"canonical\" href=\"https:\/\/www.welovecycling.com\/es\/2021\/12\/19\/van-aert-skoda\/\" \/>\n<meta property=\"og:locale\" content=\"es_ES\" \/>\n<meta property=\"og:type\" content=\"article\" \/>\n<meta property=\"og:title\" content=\"\u00bfPuede Van Aert ganar el maillot verde \u0160koda en el Tour 2022?\" \/>\n<meta property=\"og:description\" content=\"\u00bfPuede Van Aert ganar el maillot verde \u0160koda en el Tour 2022? El belga dijo que quiere aspirar al verde y ayudar a Primoz Roglic.\" \/>\n<meta property=\"og:url\" content=\"https:\/\/www.welovecycling.com\/es\/2021\/12\/19\/van-aert-skoda\/\" \/>\n<meta property=\"og:site_name\" content=\"\u0160koda We Love Cycling - Spain\" \/>\n<meta property=\"article:published_time\" content=\"2021-12-19T09:41:59+00:00\" \/>\n<meta property=\"og:image\" content=\"https:\/\/d2p6e6u75xmxt8.cloudfront.net\/6\/2021\/12\/Wout-van-Aert-profimedia-profimedia-0639980634-CVR.jpg\" \/>\n\t<meta property=\"og:image:width\" content=\"1366\" \/>\n\t<meta property=\"og:image:height\" content=\"600\" \/>\n\t<meta property=\"og:image:type\" content=\"image\/jpeg\" \/>\n<meta name=\"author\" content=\"We Love Cycling Spain\" \/>\n<meta name=\"twitter:card\" content=\"summary_large_image\" \/>\n<meta name=\"twitter:title\" content=\"\u00bfPuede Van Aert ganar el maillot verde \u0160koda en el Tour 2022?\" \/>\n<meta name=\"twitter:description\" content=\"\u00bfPuede Van Aert ganar el maillot verde \u0160koda en el Tour 2022? El belga dijo que quiere aspirar al verde y ayudar a Primoz Roglic.\" \/>\n<meta name=\"twitter:label1\" content=\"Written by\" \/>\n\t<meta name=\"twitter:data1\" content=\"Siegfried Mortkowitz\" \/>\n\t<meta name=\"twitter:label2\" content=\"Est. reading time\" \/>\n\t<meta name=\"twitter:data2\" content=\"5\" \/>\n<script type=\"application\/ld+json\" class=\"yoast-schema-graph\">{\"@context\":\"https:\/\/schema.org\",\"@graph\":[{\"@type\":\"WebPage\",\"@id\":\"https:\/\/www.welovecycling.com\/es\/2021\/12\/19\/van-aert-skoda\/\",\"url\":\"https:\/\/www.welovecycling.com\/es\/2021\/12\/19\/van-aert-skoda\/\",\"name\":\"\u00bfPuede Van Aert ganar el maillot verde \u0160koda en el Tour 2022? - We Love Cycling\",\"isPartOf\":{\"@id\":\"https:\/\/www.welovecycling.com\/es\/#website\"},\"primaryImageOfPage\":{\"@id\":\"https:\/\/www.welovecycling.com\/es\/2021\/12\/19\/van-aert-skoda\/#primaryimage\"},\"image\":{\"@id\":\"https:\/\/www.welovecycling.com\/es\/2021\/12\/19\/van-aert-skoda\/#primaryimage\"},\"thumbnailUrl\":\"https:\/\/d2p6e6u75xmxt8.cloudfront.net\/6\/2021\/12\/Wout-van-Aert-profimedia-profimedia-0639980634-CVR.jpg\",\"datePublished\":\"2021-12-19T09:41:59+00:00\",\"author\":{\"@id\":\"https:\/\/www.welovecycling.com\/es\/#\/schema\/person\/deb61715b5812698ee79fb96f343ccd4\"},\"description\":\"\u00bfPuede Van Aert ganar el maillot verde \u0160koda en el Tour 2022? El belga dijo que quiere aspirar al verde y ayudar a Primoz Roglic.\",\"breadcrumb\":{\"@id\":\"https:\/\/www.welovecycling.com\/es\/2021\/12\/19\/van-aert-skoda\/#breadcrumb\"},\"inLanguage\":\"es-ES\",\"potentialAction\":[{\"@type\":\"ReadAction\",\"target\":[\"https:\/\/www.welovecycling.com\/es\/2021\/12\/19\/van-aert-skoda\/\"]}]},{\"@type\":\"ImageObject\",\"inLanguage\":\"es-ES\",\"@id\":\"https:\/\/www.welovecycling.com\/es\/2021\/12\/19\/van-aert-skoda\/#primaryimage\",\"url\":\"https:\/\/d2p6e6u75xmxt8.cloudfront.net\/6\/2021\/12\/Wout-van-Aert-profimedia-profimedia-0639980634-CVR.jpg\",\"contentUrl\":\"https:\/\/d2p6e6u75xmxt8.cloudfront.net\/6\/2021\/12\/Wout-van-Aert-profimedia-profimedia-0639980634-CVR.jpg\",\"width\":1366,\"height\":600,\"caption\":\"Wout van Aert\"},{\"@type\":\"BreadcrumbList\",\"@id\":\"https:\/\/www.welovecycling.com\/es\/2021\/12\/19\/van-aert-skoda\/#breadcrumb\",\"itemListElement\":[{\"@type\":\"ListItem\",\"position\":1,\"name\":\"Home\",\"item\":\"https:\/\/www.welovecycling.com\/es\/\"},{\"@type\":\"ListItem\",\"position\":2,\"name\":\"\u00bfPuede Van Aert ganar el maillot verde \u0160koda en el Tour 2022?\"}]},{\"@type\":\"WebSite\",\"@id\":\"https:\/\/www.welovecycling.com\/es\/#website\",\"url\":\"https:\/\/www.welovecycling.com\/es\/\",\"name\":\"\u0160koda We Love Cycling - Spain\",\"description\":\"\u0160koda WeLoveCycling Spain\",\"potentialAction\":[{\"@type\":\"SearchAction\",\"target\":{\"@type\":\"EntryPoint\",\"urlTemplate\":\"https:\/\/www.welovecycling.com\/es\/?s={search_term_string}\"},\"query-input\":{\"@type\":\"PropertyValueSpecification\",\"valueRequired\":true,\"valueName\":\"search_term_string\"}}],\"inLanguage\":\"es-ES\"},{\"@type\":\"Person\",\"@id\":\"https:\/\/www.welovecycling.com\/es\/#\/schema\/person\/deb61715b5812698ee79fb96f343ccd4\",\"name\":\"We Love Cycling Spain\",\"image\":{\"@type\":\"ImageObject\",\"inLanguage\":\"es-ES\",\"@id\":\"https:\/\/www.welovecycling.com\/es\/#\/schema\/person\/image\/\",\"url\":\"https:\/\/secure.gravatar.com\/avatar\/c824b04e6df0e37a03219d0b6481672889df542894588964102459e46513159c?s=96&d=mm&r=g\",\"contentUrl\":\"https:\/\/secure.gravatar.com\/avatar\/c824b04e6df0e37a03219d0b6481672889df542894588964102459e46513159c?s=96&d=mm&r=g\",\"caption\":\"We Love Cycling Spain\"},\"url\":\"https:\/\/www.welovecycling.com\/es\/author\/amunoz\/\"}]}<\/script>\n<!-- \/ Yoast SEO Premium plugin. -->","yoast_head_json":{"title":"\u00bfPuede Van Aert ganar el maillot verde \u0160koda en el Tour 2022? - We Love Cycling","description":"\u00bfPuede Van Aert ganar el maillot verde \u0160koda en el Tour 2022? El belga dijo que quiere aspirar al verde y ayudar a Primoz Roglic.","robots":{"index":"index","follow":"follow","max-snippet":"max-snippet:-1","max-image-preview":"max-image-preview:large","max-video-preview":"max-video-preview:-1"},"canonical":"https:\/\/www.welovecycling.com\/es\/2021\/12\/19\/van-aert-skoda\/","og_locale":"es_ES","og_type":"article","og_title":"\u00bfPuede Van Aert ganar el maillot verde \u0160koda en el Tour 2022?","og_description":"\u00bfPuede Van Aert ganar el maillot verde \u0160koda en el Tour 2022? El belga dijo que quiere aspirar al verde y ayudar a Primoz Roglic.","og_url":"https:\/\/www.welovecycling.com\/es\/2021\/12\/19\/van-aert-skoda\/","og_site_name":"\u0160koda We Love Cycling - Spain","article_published_time":"2021-12-19T09:41:59+00:00","og_image":[{"width":1366,"height":600,"url":"https:\/\/d2p6e6u75xmxt8.cloudfront.net\/6\/2021\/12\/Wout-van-Aert-profimedia-profimedia-0639980634-CVR.jpg","type":"image\/jpeg"}],"author":"We Love Cycling Spain","twitter_card":"summary_large_image","twitter_title":"\u00bfPuede Van Aert ganar el maillot verde \u0160koda en el Tour 2022?","twitter_description":"\u00bfPuede Van Aert ganar el maillot verde \u0160koda en el Tour 2022? El belga dijo que quiere aspirar al verde y ayudar a Primoz Roglic.","twitter_misc":{"Written by":"Siegfried Mortkowitz","Est. reading time":"5"},"schema":{"@context":"https:\/\/schema.org","@graph":[{"@type":"WebPage","@id":"https:\/\/www.welovecycling.com\/es\/2021\/12\/19\/van-aert-skoda\/","url":"https:\/\/www.welovecycling.com\/es\/2021\/12\/19\/van-aert-skoda\/","name":"\u00bfPuede Van Aert ganar el maillot verde \u0160koda en el Tour 2022? - We Love Cycling","isPartOf":{"@id":"https:\/\/www.welovecycling.com\/es\/#website"},"primaryImageOfPage":{"@id":"https:\/\/www.welovecycling.com\/es\/2021\/12\/19\/van-aert-skoda\/#primaryimage"},"image":{"@id":"https:\/\/www.welovecycling.com\/es\/2021\/12\/19\/van-aert-skoda\/#primaryimage"},"thumbnailUrl":"https:\/\/d2p6e6u75xmxt8.cloudfront.net\/6\/2021\/12\/Wout-van-Aert-profimedia-profimedia-0639980634-CVR.jpg","datePublished":"2021-12-19T09:41:59+00:00","author":{"@id":"https:\/\/www.welovecycling.com\/es\/#\/schema\/person\/deb61715b5812698ee79fb96f343ccd4"},"description":"\u00bfPuede Van Aert ganar el maillot verde \u0160koda en el Tour 2022? El belga dijo que quiere aspirar al verde y ayudar a Primoz Roglic.","breadcrumb":{"@id":"https:\/\/www.welovecycling.com\/es\/2021\/12\/19\/van-aert-skoda\/#breadcrumb"},"inLanguage":"es-ES","potentialAction":[{"@type":"ReadAction","target":["https:\/\/www.welovecycling.com\/es\/2021\/12\/19\/van-aert-skoda\/"]}]},{"@type":"ImageObject","inLanguage":"es-ES","@id":"https:\/\/www.welovecycling.com\/es\/2021\/12\/19\/van-aert-skoda\/#primaryimage","url":"https:\/\/d2p6e6u75xmxt8.cloudfront.net\/6\/2021\/12\/Wout-van-Aert-profimedia-profimedia-0639980634-CVR.jpg","contentUrl":"https:\/\/d2p6e6u75xmxt8.cloudfront.net\/6\/2021\/12\/Wout-van-Aert-profimedia-profimedia-0639980634-CVR.jpg","width":1366,"height":600,"caption":"Wout van Aert"},{"@type":"BreadcrumbList","@id":"https:\/\/www.welovecycling.com\/es\/2021\/12\/19\/van-aert-skoda\/#breadcrumb","itemListElement":[{"@type":"ListItem","position":1,"name":"Home","item":"https:\/\/www.welovecycling.com\/es\/"},{"@type":"ListItem","position":2,"name":"\u00bfPuede Van Aert ganar el maillot verde \u0160koda en el Tour 2022?"}]},{"@type":"WebSite","@id":"https:\/\/www.welovecycling.com\/es\/#website","url":"https:\/\/www.welovecycling.com\/es\/","name":"\u0160koda We Love Cycling - Spain","description":"\u0160koda WeLoveCycling Spain","potentialAction":[{"@type":"SearchAction","target":{"@type":"EntryPoint","urlTemplate":"https:\/\/www.welovecycling.com\/es\/?s={search_term_string}"},"query-input":{"@type":"PropertyValueSpecification","valueRequired":true,"valueName":"search_term_string"}}],"inLanguage":"es-ES"},{"@type":"Person","@id":"https:\/\/www.welovecycling.com\/es\/#\/schema\/person\/deb61715b5812698ee79fb96f343ccd4","name":"We Love Cycling Spain","image":{"@type":"ImageObject","inLanguage":"es-ES","@id":"https:\/\/www.welovecycling.com\/es\/#\/schema\/person\/image\/","url":"https:\/\/secure.gravatar.com\/avatar\/c824b04e6df0e37a03219d0b6481672889df542894588964102459e46513159c?s=96&d=mm&r=g","contentUrl":"https:\/\/secure.gravatar.com\/avatar\/c824b04e6df0e37a03219d0b6481672889df542894588964102459e46513159c?s=96&d=mm&r=g","caption":"We Love Cycling Spain"},"url":"https:\/\/www.welovecycling.com\/es\/author\/amunoz\/"}]}},"_links":{"self":[{"href":"https:\/\/www.welovecycling.com\/es\/wp-json\/wp\/v2\/posts\/8474","targetHints":{"allow":["GET"]}}],"collection":[{"href":"https:\/\/www.welovecycling.com\/es\/wp-json\/wp\/v2\/posts"}],"about":[{"href":"https:\/\/www.welovecycling.com\/es\/wp-json\/wp\/v2\/types\/post"}],"author":[{"embeddable":true,"href":"https:\/\/www.welovecycling.com\/es\/wp-json\/wp\/v2\/users\/29"}],"replies":[{"embeddable":true,"href":"https:\/\/www.welovecycling.com\/es\/wp-json\/wp\/v2\/comments?post=8474"}],"version-history":[{"count":1,"href":"https:\/\/www.welovecycling.com\/es\/wp-json\/wp\/v2\/posts\/8474\/revisions"}],"predecessor-version":[{"id":8477,"href":"https:\/\/www.welovecycling.com\/es\/wp-json\/wp\/v2\/posts\/8474\/revisions\/8477"}],"wp:featuredmedia":[{"embeddable":true,"href":"https:\/\/www.welovecycling.com\/es\/wp-json\/wp\/v2\/media\/8476"}],"wp:attachment":[{"href":"https:\/\/www.welovecycling.com\/es\/wp-json\/wp\/v2\/media?parent=8474"}],"wp:term":[{"taxonomy":"category","embeddable":true,"href":"https:\/\/www.welovecycling.com\/es\/wp-json\/wp\/v2\/categories?post=8474"},{"taxonomy":"post_tag","embeddable":true,"href":"https:\/\/www.welovecycling.com\/es\/wp-json\/wp\/v2\/tags?post=8474"},{"taxonomy":"global-categories","embeddable":true,"href":"https:\/\/www.welovecycling.com\/es\/wp-json\/wp\/v2\/global-categories?post=8474"}],"curies":[{"name":"wp","href":"https:\/\/api.w.org\/{rel}","templated":true}]}}