{"id":8469,"date":"2021-12-13T11:27:51","date_gmt":"2021-12-13T09:27:51","guid":{"rendered":"https:\/\/www.welovecycling.com\/es\/?p=8469"},"modified":"2021-12-14T11:46:28","modified_gmt":"2021-12-14T09:46:28","slug":"pujol-y-madlen-hacen-historia-en-la-primera-skoda-titan-series-almeria","status":"publish","type":"post","link":"https:\/\/www.welovecycling.com\/es\/2021\/12\/13\/pujol-y-madlen-hacen-historia-en-la-primera-skoda-titan-series-almeria\/","title":{"rendered":"Pujol y Madlen hacen historia en la primera \u0160koda Titan Series Almer\u00eda"},"content":{"rendered":"<p><strong>La primera edici\u00f3n de la \u0160koda Titan Series Almer\u00eda ya es historia. Acab\u00f3 en El Toyo con Naima Madlen y \u00d3scar Pujol como primeros clasificados de las categor\u00edas masculina y femenina, pero con m\u00e1s de dos centenares de ganadores, los que consiguieron traspasar <a href=\"https:\/\/www.welovecycling.com\/es\/2021\/11\/09\/skoda-titan-series-almeria\/\">la l\u00ednea de meta<\/a> tras m\u00e1s de 300 kil\u00f3metros por el \u00fanico desierto continental de Europa.\u00a0<\/strong><\/p>\n<p><!--more--><\/p>\n<p>Las dos primeras etapas de la sirvieron para definir el escenario de &#8216;batalla&#8217; como ya te contamos en el articulo anterior, pero era en las tres \u00faltimas, con el desierto como protagonista, donde e iban a decidir las <a href=\"https:\/\/sportmaniacs.com\/es\/races\/skoda-titan-series-almeria\/61b0829c-925c-4d37-8ab5-22a0ac1f268c\/results#rankings\">clasificaciones<\/a> de una edici\u00f3n inaugural que no van a olvidar muchos ciclistas. Y menos que nadie los protagonistas de la pedida de mano de la ultima etapa de la Titan Series. Pelear en el desierto, une mucho.<\/p>\n<div>\n<h2><strong>Etapa 2. 65\u00a0 km (viernes 10 de diciembre)<\/strong><\/h2>\n<p><iframe loading=\"lazy\" title=\"YouTube video player\" src=\"https:\/\/www.youtube-nocookie.com\/embed\/fAdHduF2A98\" width=\"560\" height=\"315\" frameborder=\"0\" allowfullscreen=\"allowfullscreen\"><\/iframe><\/p>\n<p>En la segunda etapa llegaba uno de los puntos clave para optar a la victoria en esta primera edici\u00f3n, el <strong>\u0160koda Challenge. Una subida de 10 kil\u00f3metros que part\u00eda desde N\u00edjar con inicio en asfalto y una parte final en tierra hasta la conocida como Loma del Perro.<\/strong> Para llegar all\u00ed hab\u00eda que salvar m\u00e1s de 1000 metros de desnivel. En la cima, 60 segundos de bonificaci\u00f3n para cada los primeros en las categor\u00edas masculina y femenina<strong>.<\/strong><\/p>\n<p>Por eso la etapa sali\u00f3 r\u00e1pida y sin que se permitieran fugas antes de llegar a N\u00edjar. Entre los chicos acab\u00f3 siendo un mano a mano entre \u00d3scar Pujol y David Arroyo, ambos ex ciclistas profesional de carretera y que ya se hab\u00edan jugado el liderato en la primera jornada. En la cima bonificaci\u00f3n para Pujol, que sumaban m\u00e1s segundo de ventaja sobre el toledano, aunque en la l\u00ednea de meta era Arroyo el que se apuntaba la etapa. Entre las chicas dominio de Madlen, que repet\u00eda victoria, sumaba la bonificaci\u00f3n y ampliaba a\u00fan m\u00e1s su margen sobre R\u00f3denas y Jordens.<\/p>\n<p>La clave al acabar esta jornada era adaptarse al desierto. Se pasaba de dormir en el Hotel del El Toyo a descansar en el <a href=\"https:\/\/www.welovecycling.com\/es\/2020\/11\/04\/titan-desert-2020-etapa-3-un-decorado-real\/\">Campamento Mini Hollywood<\/a> de Tabernas. Iban a ser dos noches en jaimas, similar a como se vive la Titan Desert en Marruecos.<\/p>\n<\/div>\n<blockquote class=\"instagram-media\" style=\"background: #FFF; border: 0; border-radius: 3px; box-shadow: 0 0 1px 0 rgba(0,0,0,0.5),0 1px 10px 0 rgba(0,0,0,0.15); margin: 1px; max-width: 540px; min-width: 326px; padding: 0; width: calc(100% - 2px);\" data-instgrm-captioned=\"\" data-instgrm-permalink=\"https:\/\/www.instagram.com\/p\/CXTfETSs9SY\/?utm_source=ig_embed&amp;utm_campaign=loading\" data-instgrm-version=\"14\">\n<div style=\"padding: 16px;\">\n<p>&nbsp;<\/p>\n<div style=\"display: flex; flex-direction: row; align-items: center;\">\n<div style=\"background-color: #f4f4f4; border-radius: 50%; flex-grow: 0; height: 40px; margin-right: 14px; width: 40px;\"><\/div>\n<div style=\"display: flex; flex-direction: column; flex-grow: 1; justify-content: center;\">\n<div style=\"background-color: #f4f4f4; border-radius: 4px; flex-grow: 0; height: 14px; margin-bottom: 6px; width: 100px;\"><\/div>\n<div style=\"background-color: #f4f4f4; border-radius: 4px; flex-grow: 0; height: 14px; width: 60px;\"><\/div>\n<\/div>\n<\/div>\n<div style=\"padding: 19% 0;\"><\/div>\n<div style=\"display: block; height: 50px; margin: 0 auto 12px; width: 50px;\"><\/div>\n<div style=\"padding-top: 8px;\">\n<div style=\"color: #3897f0; font-family: Arial,sans-serif; font-size: 14px; font-style: normal; font-weight: 550; line-height: 18px;\">Ver esta publicaci\u00f3n en Instagram<\/div>\n<\/div>\n<div style=\"padding: 12.5% 0;\"><\/div>\n<div style=\"display: flex; flex-direction: row; margin-bottom: 14px; align-items: center;\">\n<div>\n<div style=\"background-color: #f4f4f4; border-radius: 50%; height: 12.5px; width: 12.5px; transform: translateX(0px) translateY(7px);\"><\/div>\n<div style=\"background-color: #f4f4f4; height: 12.5px; transform: rotate(-45deg) translateX(3px) translateY(1px); width: 12.5px; flex-grow: 0; margin-right: 14px; margin-left: 2px;\"><\/div>\n<div style=\"background-color: #f4f4f4; border-radius: 50%; height: 12.5px; width: 12.5px; transform: translateX(9px) translateY(-18px);\"><\/div>\n<\/div>\n<div style=\"margin-left: 8px;\">\n<div style=\"background-color: #f4f4f4; border-radius: 50%; flex-grow: 0; height: 20px; width: 20px;\"><\/div>\n<div style=\"width: 0; height: 0; border-top: 2px solid transparent; border-left: 6px solid #f4f4f4; border-bottom: 2px solid transparent; transform: translateX(16px) translateY(-4px) rotate(30deg);\"><\/div>\n<\/div>\n<div style=\"margin-left: auto;\">\n<div style=\"width: 0px; border-top: 8px solid #F4F4F4; border-right: 8px solid transparent; transform: translateY(16px);\"><\/div>\n<div style=\"background-color: #f4f4f4; flex-grow: 0; height: 12px; width: 16px; transform: translateY(-4px);\"><\/div>\n<div style=\"width: 0; height: 0; border-top: 8px solid #F4F4F4; border-left: 8px solid transparent; transform: translateY(-4px) translateX(8px);\"><\/div>\n<\/div>\n<\/div>\n<div style=\"display: flex; flex-direction: column; flex-grow: 1; justify-content: center; margin-bottom: 24px;\">\n<div style=\"background-color: #f4f4f4; border-radius: 4px; flex-grow: 0; height: 14px; margin-bottom: 6px; width: 224px;\"><\/div>\n<div style=\"background-color: #f4f4f4; border-radius: 4px; flex-grow: 0; height: 14px; width: 144px;\"><\/div>\n<\/div>\n<p>&nbsp;<\/p>\n<p style=\"color: #c9c8cd; font-family: Arial,sans-serif; font-size: 14px; line-height: 17px; margin-bottom: 0; margin-top: 8px; overflow: hidden; padding: 8px 0 7px; text-align: center; text-overflow: ellipsis; white-space: nowrap;\"><a style=\"color: #c9c8cd; font-family: Arial,sans-serif; font-size: 14px; font-style: normal; font-weight: normal; line-height: 17px; text-decoration: none;\" href=\"https:\/\/www.instagram.com\/p\/CXTfETSs9SY\/?utm_source=ig_embed&amp;utm_campaign=loading\" target=\"_blank\" rel=\"noopener\">Una publicaci\u00f3n compartida de \u0160koda Titan Series Almer\u00eda (@titanseriesalmeria)<\/a><\/p>\n<\/div>\n<\/blockquote>\n<p><script async src=\"\/\/www.instagram.com\/embed.js\"><\/script><\/p>\n<h2><strong>Etapa 3. 96 km (s\u00e1bado 11 de diciembre)<\/strong><\/h2>\n<p><iframe loading=\"lazy\" title=\"YouTube video player\" src=\"https:\/\/www.youtube-nocookie.com\/embed\/x3NCBnCF7ME\" width=\"560\" height=\"315\" frameborder=\"0\" allowfullscreen=\"allowfullscreen\"><\/iframe><br \/>\nLa organizaci\u00f3n hab\u00eda planteado una tercera jornada completamente por el desierto de Tabernas. Salida y llegada en el Campamento de MiniHollywod. Casi un centenar de kil\u00f3metros para afrontar un circuito con pistas, ramblas, senderos y algunos kil\u00f3metros de asfalto. La clave estaba en la subida desde Sorbas a Lucainena, que sirvi\u00f3 para separar los grupos antes del retorno a Tabernas.<\/p>\n<p>A tres kil\u00f3metros de meta parec\u00eda todo decidido. <strong>\u00d3scar Pujol<\/strong> lideraba con ventaja sobre <strong>David Arroyo y Patxi C\u00eda<\/strong>. Una rotura de cadena de Pujol le dej\u00f3 sin victoria&#8230; y a punto estuvo de privarle de poder luchar por la victoria final. Tuvo que acabar la etapa corriendo para limitar el tiempo de p\u00e9rdida, que solo fue de un minuto y nueve segundos sobre David Arroyo (casi lo mismo que hab\u00eda ganado el d\u00eda anterior en la bonificaci\u00f3n del <strong>\u0160koda Challenge<\/strong>).<\/p>\n<p>El propio<strong> Patxi C\u00eda,<\/strong> que se acab\u00f3 llevando la etapa, reconoc\u00eda que &#8220;\u00d3scar ha roto la cadena, sino, s\u00e9 qu\u00e9 \u00e9l iba a ganar la etapa&#8221;.<\/p>\n<p>En chicas volvi\u00f3 a vencer Madler y a dejarse la primera Titan Series Almer\u00eda en el bolsillo. Por detr\u00e1s Pujol, Jordens y R\u00f3denas fueron el tr\u00edo perseguidor.<\/p>\n<p>Pero la Titan es mucho m\u00e1s que los primeros clasificados. En este tercera etapa se vivi\u00f3 un momento hist\u00f3rico en forma de kil\u00f3metros en el desierto. \u00a0Ram\u00f3n Aranda y Ram\u00f3n Espelt, \u00ablos Ramones\u00bb, se convirtieron en Titan Legend al rebasar los 10.000 kil\u00f3metros en las pruebas con el sello Titan. Tuvieron reconocimiento de la organizaci\u00f3n y el resto de los participantes les dio una sonora ovaci\u00f3n cuando pasaron la l\u00ednea de meta.<\/p>\n<p>Adem\u00e1s, el escenario de pel\u00edcula de MiniHollywood se presta a todo tipo de v\u00eddeos, como los de Indios y Vaqueros que aqu\u00ed abajo.<\/p>\n<blockquote class=\"instagram-media\" style=\"background: #FFF; border: 0; border-radius: 3px; box-shadow: 0 0 1px 0 rgba(0,0,0,0.5),0 1px 10px 0 rgba(0,0,0,0.15); margin: 1px; max-width: 540px; min-width: 326px; padding: 0; width: calc(100% - 2px);\" data-instgrm-captioned=\"\" data-instgrm-permalink=\"https:\/\/www.instagram.com\/tv\/CXWhJfsgWFG\/?utm_source=ig_embed&amp;utm_campaign=loading\" data-instgrm-version=\"14\">\n<div style=\"padding: 16px;\">\n<p>&nbsp;<\/p>\n<div style=\"display: flex; flex-direction: row; align-items: center;\">\n<div style=\"background-color: #f4f4f4; border-radius: 50%; flex-grow: 0; height: 40px; margin-right: 14px; width: 40px;\"><\/div>\n<div style=\"display: flex; flex-direction: column; flex-grow: 1; justify-content: center;\">\n<div style=\"background-color: #f4f4f4; border-radius: 4px; flex-grow: 0; height: 14px; margin-bottom: 6px; width: 100px;\"><\/div>\n<div style=\"background-color: #f4f4f4; border-radius: 4px; flex-grow: 0; height: 14px; width: 60px;\"><\/div>\n<\/div>\n<\/div>\n<div style=\"padding: 19% 0;\"><\/div>\n<div style=\"display: block; height: 50px; margin: 0 auto 12px; width: 50px;\"><\/div>\n<div style=\"padding-top: 8px;\">\n<div style=\"color: #3897f0; font-family: Arial,sans-serif; font-size: 14px; font-style: normal; font-weight: 550; line-height: 18px;\">Ver esta publicaci\u00f3n en Instagram<\/div>\n<\/div>\n<div style=\"padding: 12.5% 0;\"><\/div>\n<div style=\"display: flex; flex-direction: row; margin-bottom: 14px; align-items: center;\">\n<div>\n<div style=\"background-color: #f4f4f4; border-radius: 50%; height: 12.5px; width: 12.5px; transform: translateX(0px) translateY(7px);\"><\/div>\n<div style=\"background-color: #f4f4f4; height: 12.5px; transform: rotate(-45deg) translateX(3px) translateY(1px); width: 12.5px; flex-grow: 0; margin-right: 14px; margin-left: 2px;\"><\/div>\n<div style=\"background-color: #f4f4f4; border-radius: 50%; height: 12.5px; width: 12.5px; transform: translateX(9px) translateY(-18px);\"><\/div>\n<\/div>\n<div style=\"margin-left: 8px;\">\n<div style=\"background-color: #f4f4f4; border-radius: 50%; flex-grow: 0; height: 20px; width: 20px;\"><\/div>\n<div style=\"width: 0; height: 0; border-top: 2px solid transparent; border-left: 6px solid #f4f4f4; border-bottom: 2px solid transparent; transform: translateX(16px) translateY(-4px) rotate(30deg);\"><\/div>\n<\/div>\n<div style=\"margin-left: auto;\">\n<div style=\"width: 0px; border-top: 8px solid #F4F4F4; border-right: 8px solid transparent; transform: translateY(16px);\"><\/div>\n<div style=\"background-color: #f4f4f4; flex-grow: 0; height: 12px; width: 16px; transform: translateY(-4px);\"><\/div>\n<div style=\"width: 0; height: 0; border-top: 8px solid #F4F4F4; border-left: 8px solid transparent; transform: translateY(-4px) translateX(8px);\"><\/div>\n<\/div>\n<\/div>\n<div style=\"display: flex; flex-direction: column; flex-grow: 1; justify-content: center; margin-bottom: 24px;\">\n<div style=\"background-color: #f4f4f4; border-radius: 4px; flex-grow: 0; height: 14px; margin-bottom: 6px; width: 224px;\"><\/div>\n<div style=\"background-color: #f4f4f4; border-radius: 4px; flex-grow: 0; height: 14px; width: 144px;\"><\/div>\n<\/div>\n<p>&nbsp;<\/p>\n<p style=\"color: #c9c8cd; font-family: Arial,sans-serif; font-size: 14px; line-height: 17px; margin-bottom: 0; margin-top: 8px; overflow: hidden; padding: 8px 0 7px; text-align: center; text-overflow: ellipsis; white-space: nowrap;\"><a style=\"color: #c9c8cd; font-family: Arial,sans-serif; font-size: 14px; font-style: normal; font-weight: normal; line-height: 17px; text-decoration: none;\" href=\"https:\/\/www.instagram.com\/tv\/CXWhJfsgWFG\/?utm_source=ig_embed&amp;utm_campaign=loading\" target=\"_blank\" rel=\"noopener\">Una publicaci\u00f3n compartida de \u0160koda Titan Series Almer\u00eda (@titanseriesalmeria)<\/a><\/p>\n<\/div>\n<\/blockquote>\n<p><script async src=\"\/\/www.instagram.com\/embed.js\"><\/script><\/p>\n<h2><strong>Etapa 4. 67 km (domingo 12 de diciembre)<\/strong><\/h2>\n<blockquote class=\"instagram-media\" style=\"background: #FFF; border: 0; border-radius: 3px; box-shadow: 0 0 1px 0 rgba(0,0,0,0.5),0 1px 10px 0 rgba(0,0,0,0.15); margin: 1px; max-width: 540px; min-width: 326px; padding: 0; width: calc(100% - 2px);\" data-instgrm-captioned=\"\" data-instgrm-permalink=\"https:\/\/www.instagram.com\/tv\/CXZR4b-MDIg\/?utm_source=ig_embed&amp;utm_campaign=loading\" data-instgrm-version=\"14\">\n<div style=\"padding: 16px;\">\n<p>&nbsp;<\/p>\n<div style=\"display: flex; flex-direction: row; align-items: center;\">\n<div style=\"background-color: #f4f4f4; border-radius: 50%; flex-grow: 0; height: 40px; margin-right: 14px; width: 40px;\"><\/div>\n<div style=\"display: flex; flex-direction: column; flex-grow: 1; justify-content: center;\">\n<div style=\"background-color: #f4f4f4; border-radius: 4px; flex-grow: 0; height: 14px; margin-bottom: 6px; width: 100px;\"><\/div>\n<div style=\"background-color: #f4f4f4; border-radius: 4px; flex-grow: 0; height: 14px; width: 60px;\"><\/div>\n<\/div>\n<\/div>\n<div style=\"padding: 19% 0;\"><\/div>\n<div style=\"display: block; height: 50px; margin: 0 auto 12px; width: 50px;\"><\/div>\n<div style=\"padding-top: 8px;\">\n<div style=\"color: #3897f0; font-family: Arial,sans-serif; font-size: 14px; font-style: normal; font-weight: 550; line-height: 18px;\">Ver esta publicaci\u00f3n en Instagram<\/div>\n<\/div>\n<div style=\"padding: 12.5% 0;\"><\/div>\n<div style=\"display: flex; flex-direction: row; margin-bottom: 14px; align-items: center;\">\n<div>\n<div style=\"background-color: #f4f4f4; border-radius: 50%; height: 12.5px; width: 12.5px; transform: translateX(0px) translateY(7px);\"><\/div>\n<div style=\"background-color: #f4f4f4; height: 12.5px; transform: rotate(-45deg) translateX(3px) translateY(1px); width: 12.5px; flex-grow: 0; margin-right: 14px; margin-left: 2px;\"><\/div>\n<div style=\"background-color: #f4f4f4; border-radius: 50%; height: 12.5px; width: 12.5px; transform: translateX(9px) translateY(-18px);\"><\/div>\n<\/div>\n<div style=\"margin-left: 8px;\">\n<div style=\"background-color: #f4f4f4; border-radius: 50%; flex-grow: 0; height: 20px; width: 20px;\"><\/div>\n<div style=\"width: 0; height: 0; border-top: 2px solid transparent; border-left: 6px solid #f4f4f4; border-bottom: 2px solid transparent; transform: translateX(16px) translateY(-4px) rotate(30deg);\"><\/div>\n<\/div>\n<div style=\"margin-left: auto;\">\n<div style=\"width: 0px; border-top: 8px solid #F4F4F4; border-right: 8px solid transparent; transform: translateY(16px);\"><\/div>\n<div style=\"background-color: #f4f4f4; flex-grow: 0; height: 12px; width: 16px; transform: translateY(-4px);\"><\/div>\n<div style=\"width: 0; height: 0; border-top: 8px solid #F4F4F4; border-left: 8px solid transparent; transform: translateY(-4px) translateX(8px);\"><\/div>\n<\/div>\n<\/div>\n<div style=\"display: flex; flex-direction: column; flex-grow: 1; justify-content: center; margin-bottom: 24px;\">\n<div style=\"background-color: #f4f4f4; border-radius: 4px; flex-grow: 0; height: 14px; margin-bottom: 6px; width: 224px;\"><\/div>\n<div style=\"background-color: #f4f4f4; border-radius: 4px; flex-grow: 0; height: 14px; width: 144px;\"><\/div>\n<\/div>\n<p>&nbsp;<\/p>\n<p style=\"color: #c9c8cd; font-family: Arial,sans-serif; font-size: 14px; line-height: 17px; margin-bottom: 0; margin-top: 8px; overflow: hidden; padding: 8px 0 7px; text-align: center; text-overflow: ellipsis; white-space: nowrap;\"><a style=\"color: #c9c8cd; font-family: Arial,sans-serif; font-size: 14px; font-style: normal; font-weight: normal; line-height: 17px; text-decoration: none;\" href=\"https:\/\/www.instagram.com\/tv\/CXZR4b-MDIg\/?utm_source=ig_embed&amp;utm_campaign=loading\" target=\"_blank\" rel=\"noopener\">Una publicaci\u00f3n compartida de \u0160koda Titan Series Almer\u00eda (@titanseriesalmeria)<\/a><\/p>\n<\/div>\n<\/blockquote>\n<p><script async src=\"\/\/www.instagram.com\/embed.js\"><\/script>Para cerrar la <strong>\u0160koda Titan Series Almer\u00eda<\/strong> hab\u00eda que pasar por la Base Militar \u00c1lvarez de Sotomayor de la Legi\u00f3n y all\u00ed es donde estaba la zona m\u00e1s complicada, con un mont\u00f3n de repechos que iban a terminar de decidir la clasificaci\u00f3n antes de llegar a la l\u00ednea de meta de El Toyo, que hab\u00eda sido el mi\u00e9rcoles el punto de partida de esta primera edici\u00f3n.<\/p>\n<p>Una vez m\u00e1s salida rapid\u00edsima y entre los chicos \u00d3scar Puyol solo ten\u00eda una misi\u00f3n, controlar la rueda de David Arroyo, el \u00fanico que le pod\u00eda impedir llevarse la carrera.\u00a0 No solo lo consigui\u00f3, sino que le dio adem\u00e1s para llegar con fuerzas a meta y adjudicarse tambi\u00e9n la etapa. Entre las chicas Madlen no tuvo rival, y si bien la etapa fue para Jordens, la alemana acab\u00f3 en el mismo tiempo y culmin\u00f3 una Titan Series casi perfecta.<\/p>\n<p>La mayor emoci\u00f3n estaba en el clasificaci\u00f3n Duo Mixto. El equipo <strong>\u0160koda <\/strong>Welovecycling de Misser y Misha Sekulova hab\u00edan perdido tiempo en la segunda etapa y su misi\u00f3n es esta \u00faltima era remontar para intentar llevarse la general. No lo consiguieron y acabaron por detr\u00e1s del duo Colom\u00e9-Figueras.<\/p>\n<p><iframe loading=\"lazy\" title=\"YouTube video player\" src=\"https:\/\/www.youtube-nocookie.com\/embed\/bHoTRSyk3yM\" width=\"640\" height=\"360\" frameborder=\"0\" allowfullscreen=\"allowfullscreen\"><\/iframe><\/p>\n","protected":false},"excerpt":{"rendered":"<p>La primera edici\u00f3n de la \u0160koda Titan Series Almer\u00eda ya es historia. Acab\u00f3 en El Toyo con Naima Madlen y [&hellip;]<\/p>\n","protected":false},"author":29,"featured_media":8472,"comment_status":"open","ping_status":"open","sticky":false,"template":"","format":"standard","meta":{"footnotes":""},"categories":[9],"tags":[2166,2163],"global-categories":[1164],"class_list":["post-8469","post","type-post","status-publish","format-standard","has-post-thumbnail","hentry","category-mtb-aventura","tag-titan-series","tag-titan-series-almeria","global-categories-cycling"],"yoast_head":"<!-- This site is optimized with the Yoast SEO Premium plugin v25.3 (Yoast SEO v25.9) - https:\/\/yoast.com\/wordpress\/plugins\/seo\/ -->\n<title>Pujol y Madlen hacen historia en la primera \u0160koda Titan Series Almer\u00eda<\/title>\n<meta name=\"description\" content=\"La primera edici\u00f3n de la \u0160koda Titan Series Almer\u00eda ya es historia. Acab\u00f3 en El Toyo con Naima Madlen y \u00d3scar Puyol como primeros clasificados\" \/>\n<meta name=\"robots\" content=\"index, follow, max-snippet:-1, max-image-preview:large, max-video-preview:-1\" \/>\n<link rel=\"canonical\" href=\"https:\/\/www.welovecycling.com\/es\/2021\/12\/13\/pujol-y-madlen-hacen-historia-en-la-primera-skoda-titan-series-almeria\/\" \/>\n<meta property=\"og:locale\" content=\"es_ES\" \/>\n<meta property=\"og:type\" content=\"article\" \/>\n<meta property=\"og:title\" content=\"Pujol y Madlen hacen historia en la primera \u0160koda Titan Series Almer\u00eda\" \/>\n<meta property=\"og:description\" content=\"La primera edici\u00f3n de la \u0160koda Titan Series Almer\u00eda ya es historia. Acab\u00f3 en El Toyo con Naima Madlen y \u00d3scar Puyol como primeros clasificados\" \/>\n<meta property=\"og:url\" content=\"https:\/\/www.welovecycling.com\/es\/2021\/12\/13\/pujol-y-madlen-hacen-historia-en-la-primera-skoda-titan-series-almeria\/\" \/>\n<meta property=\"og:site_name\" content=\"\u0160koda We Love Cycling - Spain\" \/>\n<meta property=\"article:published_time\" content=\"2021-12-13T09:27:51+00:00\" \/>\n<meta property=\"article:modified_time\" content=\"2021-12-14T09:46:28+00:00\" \/>\n<meta property=\"og:image\" content=\"https:\/\/d2p6e6u75xmxt8.cloudfront.net\/6\/2021\/12\/titan-series-20214.jpg\" \/>\n\t<meta property=\"og:image:width\" content=\"2000\" \/>\n\t<meta property=\"og:image:height\" content=\"1000\" \/>\n\t<meta property=\"og:image:type\" content=\"image\/jpeg\" \/>\n<meta name=\"author\" content=\"We Love Cycling Spain\" \/>\n<meta name=\"twitter:card\" content=\"summary_large_image\" \/>\n<meta name=\"twitter:title\" content=\"Pujol y Madlen hacen historia en la primera \u0160koda Titan Series Almer\u00eda\" \/>\n<meta name=\"twitter:description\" content=\"La primera edici\u00f3n de la \u0160koda Titan Series Almer\u00eda ya es historia. Acab\u00f3 en El Toyo con Naima Madlen y \u00d3scar Puyol como primeros clasificados\" \/>\n<meta name=\"twitter:label1\" content=\"Written by\" \/>\n\t<meta name=\"twitter:data1\" content=\"luis Ortega @Ciclored\" \/>\n\t<meta name=\"twitter:label2\" content=\"Est. reading time\" \/>\n\t<meta name=\"twitter:data2\" content=\"5 minutes\" \/>\n<script type=\"application\/ld+json\" class=\"yoast-schema-graph\">{\"@context\":\"https:\/\/schema.org\",\"@graph\":[{\"@type\":\"WebPage\",\"@id\":\"https:\/\/www.welovecycling.com\/es\/2021\/12\/13\/pujol-y-madlen-hacen-historia-en-la-primera-skoda-titan-series-almeria\/\",\"url\":\"https:\/\/www.welovecycling.com\/es\/2021\/12\/13\/pujol-y-madlen-hacen-historia-en-la-primera-skoda-titan-series-almeria\/\",\"name\":\"Pujol y Madlen hacen historia en la primera \u0160koda Titan Series Almer\u00eda\",\"isPartOf\":{\"@id\":\"https:\/\/www.welovecycling.com\/es\/#website\"},\"primaryImageOfPage\":{\"@id\":\"https:\/\/www.welovecycling.com\/es\/2021\/12\/13\/pujol-y-madlen-hacen-historia-en-la-primera-skoda-titan-series-almeria\/#primaryimage\"},\"image\":{\"@id\":\"https:\/\/www.welovecycling.com\/es\/2021\/12\/13\/pujol-y-madlen-hacen-historia-en-la-primera-skoda-titan-series-almeria\/#primaryimage\"},\"thumbnailUrl\":\"https:\/\/d2p6e6u75xmxt8.cloudfront.net\/6\/2021\/12\/titan-series-20214.jpg\",\"datePublished\":\"2021-12-13T09:27:51+00:00\",\"dateModified\":\"2021-12-14T09:46:28+00:00\",\"author\":{\"@id\":\"https:\/\/www.welovecycling.com\/es\/#\/schema\/person\/deb61715b5812698ee79fb96f343ccd4\"},\"description\":\"La primera edici\u00f3n de la \u0160koda Titan Series Almer\u00eda ya es historia. Acab\u00f3 en El Toyo con Naima Madlen y \u00d3scar Puyol como primeros clasificados\",\"breadcrumb\":{\"@id\":\"https:\/\/www.welovecycling.com\/es\/2021\/12\/13\/pujol-y-madlen-hacen-historia-en-la-primera-skoda-titan-series-almeria\/#breadcrumb\"},\"inLanguage\":\"es-ES\",\"potentialAction\":[{\"@type\":\"ReadAction\",\"target\":[\"https:\/\/www.welovecycling.com\/es\/2021\/12\/13\/pujol-y-madlen-hacen-historia-en-la-primera-skoda-titan-series-almeria\/\"]}]},{\"@type\":\"ImageObject\",\"inLanguage\":\"es-ES\",\"@id\":\"https:\/\/www.welovecycling.com\/es\/2021\/12\/13\/pujol-y-madlen-hacen-historia-en-la-primera-skoda-titan-series-almeria\/#primaryimage\",\"url\":\"https:\/\/d2p6e6u75xmxt8.cloudfront.net\/6\/2021\/12\/titan-series-20214.jpg\",\"contentUrl\":\"https:\/\/d2p6e6u75xmxt8.cloudfront.net\/6\/2021\/12\/titan-series-20214.jpg\",\"width\":2000,\"height\":1000},{\"@type\":\"BreadcrumbList\",\"@id\":\"https:\/\/www.welovecycling.com\/es\/2021\/12\/13\/pujol-y-madlen-hacen-historia-en-la-primera-skoda-titan-series-almeria\/#breadcrumb\",\"itemListElement\":[{\"@type\":\"ListItem\",\"position\":1,\"name\":\"Home\",\"item\":\"https:\/\/www.welovecycling.com\/es\/\"},{\"@type\":\"ListItem\",\"position\":2,\"name\":\"Pujol y Madlen hacen historia en la primera \u0160koda Titan Series Almer\u00eda\"}]},{\"@type\":\"WebSite\",\"@id\":\"https:\/\/www.welovecycling.com\/es\/#website\",\"url\":\"https:\/\/www.welovecycling.com\/es\/\",\"name\":\"\u0160koda We Love Cycling - Spain\",\"description\":\"\u0160koda WeLoveCycling Spain\",\"potentialAction\":[{\"@type\":\"SearchAction\",\"target\":{\"@type\":\"EntryPoint\",\"urlTemplate\":\"https:\/\/www.welovecycling.com\/es\/?s={search_term_string}\"},\"query-input\":{\"@type\":\"PropertyValueSpecification\",\"valueRequired\":true,\"valueName\":\"search_term_string\"}}],\"inLanguage\":\"es-ES\"},{\"@type\":\"Person\",\"@id\":\"https:\/\/www.welovecycling.com\/es\/#\/schema\/person\/deb61715b5812698ee79fb96f343ccd4\",\"name\":\"We Love Cycling Spain\",\"image\":{\"@type\":\"ImageObject\",\"inLanguage\":\"es-ES\",\"@id\":\"https:\/\/www.welovecycling.com\/es\/#\/schema\/person\/image\/\",\"url\":\"https:\/\/secure.gravatar.com\/avatar\/c824b04e6df0e37a03219d0b6481672889df542894588964102459e46513159c?s=96&d=mm&r=g\",\"contentUrl\":\"https:\/\/secure.gravatar.com\/avatar\/c824b04e6df0e37a03219d0b6481672889df542894588964102459e46513159c?s=96&d=mm&r=g\",\"caption\":\"We Love Cycling Spain\"},\"url\":\"https:\/\/www.welovecycling.com\/es\/author\/amunoz\/\"}]}<\/script>\n<!-- \/ Yoast SEO Premium plugin. -->","yoast_head_json":{"title":"Pujol y Madlen hacen historia en la primera \u0160koda Titan Series Almer\u00eda","description":"La primera edici\u00f3n de la \u0160koda Titan Series Almer\u00eda ya es historia. Acab\u00f3 en El Toyo con Naima Madlen y \u00d3scar Puyol como primeros clasificados","robots":{"index":"index","follow":"follow","max-snippet":"max-snippet:-1","max-image-preview":"max-image-preview:large","max-video-preview":"max-video-preview:-1"},"canonical":"https:\/\/www.welovecycling.com\/es\/2021\/12\/13\/pujol-y-madlen-hacen-historia-en-la-primera-skoda-titan-series-almeria\/","og_locale":"es_ES","og_type":"article","og_title":"Pujol y Madlen hacen historia en la primera \u0160koda Titan Series Almer\u00eda","og_description":"La primera edici\u00f3n de la \u0160koda Titan Series Almer\u00eda ya es historia. Acab\u00f3 en El Toyo con Naima Madlen y \u00d3scar Puyol como primeros clasificados","og_url":"https:\/\/www.welovecycling.com\/es\/2021\/12\/13\/pujol-y-madlen-hacen-historia-en-la-primera-skoda-titan-series-almeria\/","og_site_name":"\u0160koda We Love Cycling - Spain","article_published_time":"2021-12-13T09:27:51+00:00","article_modified_time":"2021-12-14T09:46:28+00:00","og_image":[{"width":2000,"height":1000,"url":"https:\/\/d2p6e6u75xmxt8.cloudfront.net\/6\/2021\/12\/titan-series-20214.jpg","type":"image\/jpeg"}],"author":"We Love Cycling Spain","twitter_card":"summary_large_image","twitter_title":"Pujol y Madlen hacen historia en la primera \u0160koda Titan Series Almer\u00eda","twitter_description":"La primera edici\u00f3n de la \u0160koda Titan Series Almer\u00eda ya es historia. Acab\u00f3 en El Toyo con Naima Madlen y \u00d3scar Puyol como primeros clasificados","twitter_misc":{"Written by":"luis Ortega @Ciclored","Est. reading time":"5 minutes"},"schema":{"@context":"https:\/\/schema.org","@graph":[{"@type":"WebPage","@id":"https:\/\/www.welovecycling.com\/es\/2021\/12\/13\/pujol-y-madlen-hacen-historia-en-la-primera-skoda-titan-series-almeria\/","url":"https:\/\/www.welovecycling.com\/es\/2021\/12\/13\/pujol-y-madlen-hacen-historia-en-la-primera-skoda-titan-series-almeria\/","name":"Pujol y Madlen hacen historia en la primera \u0160koda Titan Series Almer\u00eda","isPartOf":{"@id":"https:\/\/www.welovecycling.com\/es\/#website"},"primaryImageOfPage":{"@id":"https:\/\/www.welovecycling.com\/es\/2021\/12\/13\/pujol-y-madlen-hacen-historia-en-la-primera-skoda-titan-series-almeria\/#primaryimage"},"image":{"@id":"https:\/\/www.welovecycling.com\/es\/2021\/12\/13\/pujol-y-madlen-hacen-historia-en-la-primera-skoda-titan-series-almeria\/#primaryimage"},"thumbnailUrl":"https:\/\/d2p6e6u75xmxt8.cloudfront.net\/6\/2021\/12\/titan-series-20214.jpg","datePublished":"2021-12-13T09:27:51+00:00","dateModified":"2021-12-14T09:46:28+00:00","author":{"@id":"https:\/\/www.welovecycling.com\/es\/#\/schema\/person\/deb61715b5812698ee79fb96f343ccd4"},"description":"La primera edici\u00f3n de la \u0160koda Titan Series Almer\u00eda ya es historia. Acab\u00f3 en El Toyo con Naima Madlen y \u00d3scar Puyol como primeros clasificados","breadcrumb":{"@id":"https:\/\/www.welovecycling.com\/es\/2021\/12\/13\/pujol-y-madlen-hacen-historia-en-la-primera-skoda-titan-series-almeria\/#breadcrumb"},"inLanguage":"es-ES","potentialAction":[{"@type":"ReadAction","target":["https:\/\/www.welovecycling.com\/es\/2021\/12\/13\/pujol-y-madlen-hacen-historia-en-la-primera-skoda-titan-series-almeria\/"]}]},{"@type":"ImageObject","inLanguage":"es-ES","@id":"https:\/\/www.welovecycling.com\/es\/2021\/12\/13\/pujol-y-madlen-hacen-historia-en-la-primera-skoda-titan-series-almeria\/#primaryimage","url":"https:\/\/d2p6e6u75xmxt8.cloudfront.net\/6\/2021\/12\/titan-series-20214.jpg","contentUrl":"https:\/\/d2p6e6u75xmxt8.cloudfront.net\/6\/2021\/12\/titan-series-20214.jpg","width":2000,"height":1000},{"@type":"BreadcrumbList","@id":"https:\/\/www.welovecycling.com\/es\/2021\/12\/13\/pujol-y-madlen-hacen-historia-en-la-primera-skoda-titan-series-almeria\/#breadcrumb","itemListElement":[{"@type":"ListItem","position":1,"name":"Home","item":"https:\/\/www.welovecycling.com\/es\/"},{"@type":"ListItem","position":2,"name":"Pujol y Madlen hacen historia en la primera \u0160koda Titan Series Almer\u00eda"}]},{"@type":"WebSite","@id":"https:\/\/www.welovecycling.com\/es\/#website","url":"https:\/\/www.welovecycling.com\/es\/","name":"\u0160koda We Love Cycling - Spain","description":"\u0160koda WeLoveCycling Spain","potentialAction":[{"@type":"SearchAction","target":{"@type":"EntryPoint","urlTemplate":"https:\/\/www.welovecycling.com\/es\/?s={search_term_string}"},"query-input":{"@type":"PropertyValueSpecification","valueRequired":true,"valueName":"search_term_string"}}],"inLanguage":"es-ES"},{"@type":"Person","@id":"https:\/\/www.welovecycling.com\/es\/#\/schema\/person\/deb61715b5812698ee79fb96f343ccd4","name":"We Love Cycling Spain","image":{"@type":"ImageObject","inLanguage":"es-ES","@id":"https:\/\/www.welovecycling.com\/es\/#\/schema\/person\/image\/","url":"https:\/\/secure.gravatar.com\/avatar\/c824b04e6df0e37a03219d0b6481672889df542894588964102459e46513159c?s=96&d=mm&r=g","contentUrl":"https:\/\/secure.gravatar.com\/avatar\/c824b04e6df0e37a03219d0b6481672889df542894588964102459e46513159c?s=96&d=mm&r=g","caption":"We Love Cycling Spain"},"url":"https:\/\/www.welovecycling.com\/es\/author\/amunoz\/"}]}},"_links":{"self":[{"href":"https:\/\/www.welovecycling.com\/es\/wp-json\/wp\/v2\/posts\/8469","targetHints":{"allow":["GET"]}}],"collection":[{"href":"https:\/\/www.welovecycling.com\/es\/wp-json\/wp\/v2\/posts"}],"about":[{"href":"https:\/\/www.welovecycling.com\/es\/wp-json\/wp\/v2\/types\/post"}],"author":[{"embeddable":true,"href":"https:\/\/www.welovecycling.com\/es\/wp-json\/wp\/v2\/users\/29"}],"replies":[{"embeddable":true,"href":"https:\/\/www.welovecycling.com\/es\/wp-json\/wp\/v2\/comments?post=8469"}],"version-history":[{"count":2,"href":"https:\/\/www.welovecycling.com\/es\/wp-json\/wp\/v2\/posts\/8469\/revisions"}],"predecessor-version":[{"id":8478,"href":"https:\/\/www.welovecycling.com\/es\/wp-json\/wp\/v2\/posts\/8469\/revisions\/8478"}],"wp:featuredmedia":[{"embeddable":true,"href":"https:\/\/www.welovecycling.com\/es\/wp-json\/wp\/v2\/media\/8472"}],"wp:attachment":[{"href":"https:\/\/www.welovecycling.com\/es\/wp-json\/wp\/v2\/media?parent=8469"}],"wp:term":[{"taxonomy":"category","embeddable":true,"href":"https:\/\/www.welovecycling.com\/es\/wp-json\/wp\/v2\/categories?post=8469"},{"taxonomy":"post_tag","embeddable":true,"href":"https:\/\/www.welovecycling.com\/es\/wp-json\/wp\/v2\/tags?post=8469"},{"taxonomy":"global-categories","embeddable":true,"href":"https:\/\/www.welovecycling.com\/es\/wp-json\/wp\/v2\/global-categories?post=8469"}],"curies":[{"name":"wp","href":"https:\/\/api.w.org\/{rel}","templated":true}]}}