{"id":8456,"date":"2021-12-14T13:02:20","date_gmt":"2021-12-14T11:02:20","guid":{"rendered":"https:\/\/www.welovecycling.com\/es\/?p=8456"},"modified":"2021-12-09T13:29:53","modified_gmt":"2021-12-09T11:29:53","slug":"reciclaje-camaras-de-aire-pinchadas","status":"publish","type":"post","link":"https:\/\/www.welovecycling.com\/es\/2021\/12\/14\/reciclaje-camaras-de-aire-pinchadas\/","title":{"rendered":"Reciclaje de c\u00e1maras de aire pinchadas \u00bfC\u00f3mo darle una nueva vida?"},"content":{"rendered":"<p><strong>Los ciclistas que se precien de serlo tienen una buena cantidad de c\u00e1maras de aire pinchadas en casa. Por mucho que la experiencia de pinchar una rueda durante una salida sea poco gratificante, no tires esas c\u00e1maras usadas. Haz que se conviertan en algo \u00fatil y comprueba como el reciclaje de c\u00e1maras de aire siver para muchas cosas. Tirar la basura no es bueno para el planeta y hay cosas mejores que hacer con las c\u00e1maras de la bicicleta que dejarlas en la basura; simplemente enr\u00f3llalas y ll\u00e9vatelas.<\/strong><\/p>\n<p><!--more--><\/p>\n<p><a href=\"https:\/\/www.instagram.com\/tekknu\/?hl=en\" target=\"_blank\" rel=\"noopener\">Los proyectos de reciclaje<\/a> pueden ser divertidos y gratificantes al expresar el artesano que llevas dentro. Veamos qu\u00e9 puedes hacer con esas viejas c\u00e1maras de aire pinchadas. Ahora que se acercan las fiestas o el cumplea\u00f1os de alguien, podr\u00edas tener al alcance de la mano el regalo perfecto para cualquier fan\u00e1tico de la bicicleta.<\/p>\n<h2><strong>Atan casi cualquier cosa<\/strong><\/h2>\n<p>No hay necesidad de complicarse en este primer proyecto de reciclaje de tus viejas c\u00e1maras de bicicleta. Son unas fant\u00e1sticas correas el\u00e1sticas tipo bungee para sujetar pr\u00e1cticamente cualquier cosa. No son tan el\u00e1sticas como las bandas el\u00e1sticas, pero casi. Una vez que la c\u00e1mara de aire est\u00e9 fuera de servicio, haz un corte limpio a la izquierda y a la derecha de la v\u00e1lvula y ya tendr\u00e1s una goma larga.<\/p>\n<p>https:\/\/www.instagram.com\/p\/CFq7lpRHQ6U\/<\/p>\n<p>Una c\u00e1mara de butilo est\u00e1ndar se infla hasta muchas veces su tama\u00f1o, as\u00ed que no tengas miedo de tirar de ella. Utiliza varias para mantener cerrado un colch\u00f3n enrollado o para mantener ese saco de dormir o tienda de campa\u00f1a, ya sabes, el que no tiene saco, en un bulto apretado que sea f\u00e1cil de manejar y guardar. \u00bfNecesitas tiras m\u00e1s finas? Corta la c\u00e1mara pinchada por la mitad, de dos en dos o de tres en tres para crear m\u00e1s. A\u00f1ade ganchos en los extremos o clips de camping (como los de las correas de pecho de las mochilas) para mantener todo unido. Tambi\u00e9n puedes hacer un nudo. \u00bfNecesitas una mayor capacidad de sujeci\u00f3n? Prueba con un c\u00e1mara de bicicleta de monta\u00f1a.<\/p>\n<h2><strong>Arreglar sillas<\/strong><\/h2>\n<p>\u00bfTienes una silla vieja con el asiento o el respaldo reventados? Dale una segunda vida a cualquier estructura de silla que necesite un lavado de cara utilizando c\u00e1maras de aire pinchadas para tejer un nuevo asiento o respaldo. Empieza cortando la v\u00e1lvula y utilizando un tubo intacto para darle m\u00e1s fuerza o cort\u00e1ndolo por la mitad o incluso en tiras m\u00e1s peque\u00f1as, seg\u00fan desees.<\/p>\n<p>Asegura firmemente un extremo en el punto de partida del marco de su silla con un nudo, un tornillo o una tachuela para muebles, los mismos que se utilizan en los servicios de retapizado. Ahora envu\u00e9lvelo sobre s\u00ed mismo y comienza tu patr\u00f3n de tejido. Los m\u00e9todos var\u00edan en funci\u00f3n de la forma de la silla, pero ya lo solucionar\u00e1s. Utiliza pegamento en los extremos de dos tiras y p\u00e9galas juntas si est\u00e1s tejiendo en una pieza continua.<\/p>\n<p>https:\/\/www.instagram.com\/p\/BLkLALah5Zj\/<\/p>\n<p>Puedes hacer una silla entera con s\u00f3lo cuatro o cinco c\u00e1maras de bicicleta.<\/p>\n<p>\u00bfNecesitas m\u00e1s c\u00e1maras? Dir\u00edgete a tu tienda de bicicletas m\u00e1s cercana. Tendr\u00e1n muchos y reducir\u00e1s los residuos de los vertederos. Aqu\u00ed tienes otras brillantes ideas de c\u00e1marasde bicicleta tejidos o trenzados:<\/p>\n<p>Felpudo<br \/>\nPosavasos<br \/>\nRevistero<br \/>\nPulseras<br \/>\nBanda de reloj<br \/>\nCinta para la cabeza<br \/>\nPortal\u00e1pices<br \/>\nFunda para tablet u ordenador<br \/>\nCintur\u00f3n<\/p>\n<ul>\n<li><\/li>\n<\/ul>\n<h2><strong>Protector de vainas de la bici<\/strong><\/h2>\n<p>Antes de la invenci\u00f3n del desviador trasero con sujeci\u00f3n, la cadena sol\u00eda golpear las vainas de la\u00a0 bicicleta, haciendo mucho ruido y dejando marcas indeseadas en la pintura. No es algo com\u00fan en las bicicletas de carretera, pero s\u00ed en las bicicletas de monta\u00f1a y grava con un desviador trasero antiguo<\/p>\n<p>https:\/\/www.instagram.com\/p\/CWEAd4XPsZ-\/<\/p>\n<p>Mide la longitud de la vaina de tu bicicleta y corta una longitud igual de la c\u00e1mara de aire. Corta la c\u00e1mara por la mitad y envu\u00e9lvela alrededor de la vaina. Aseg\u00farala en su sitio con unas cuantas bridas. Proteger\u00e1s el cuadro de tu bicicleta y, adem\u00e1s, circular\u00e1s en silencio.<\/p>\n<h2><strong>La cu\u00f1a o agarre perfecto<\/strong><\/h2>\n<p>\u00bfAlguna vez has intentado a\u00f1adir timbres u otros accesorios a tu manillar s\u00f3lo para que el tornillo toque fondo antes de estar asegurado? Una tira de c\u00e1mara es el asegurador de fricci\u00f3n perfecto. Corta el ancho que necesites y envu\u00e9lvela tantas veces como sea necesario para rellenar el hueco. Una tira de una vieja c\u00e1mara de aire evitar\u00e1 que cualquier accesorio se deslice por la superficie lisa de un manillar o una tija de sill\u00edn.<\/p>\n<h2><strong>Mango<\/strong><\/h2>\n<p>\u00bfQuieres hacer un mango seguro de una herramienta que tienes en casa o una de tus <a href=\"https:\/\/www.welovecycling.com\/es\/2021\/02\/19\/herramientas-imprescindibles-para-ciclistas\/\">herramientas de mantenimiento de la bicicleta<\/a>? Si la circunferencia del mango es un poco m\u00e1s grande que la de la c\u00e1mara, simplemente corta la parte que necesites. \u00bfUn mango m\u00e1s peque\u00f1o? Enrolla una tira varias veces alrededor de la empu\u00f1adura y aseg\u00farala en su sitio con un poco de pegamento o una brida de cremallera. Incluso puedes hacer tu propia cinta de manillar con c\u00e1maras viejos cuando llegue el momento.<\/p>\n<h2><strong>Marca p\u00e1ginas<\/strong><\/h2>\n<p>Las tiras de c\u00e1maras de aire de bicicleta viejas son excelentes marcadores de p\u00e1gina. Lo mejor es que puedes personalizar completamente la anchura y la longitud para que se adapten a tus necesidades o a tu libro. Ser\u00eda perfecto para ese enorme libro de cocina que tienes en la cocina. Ya sabes de cu\u00e1l estoy hablando.<\/p>\n<p>https:\/\/www.instagram.com\/p\/BMuo3uqBH7J\/<\/p>\n<h2><strong>Arte contempor\u00e1neo<\/strong><\/h2>\n<p>\u00bfQuieres llenar un espacio enorme en la pared sobre tu sof\u00e1 y el arte de Ikea no te convence? Arri\u00e9sgate y haz tu propia pieza de arte contempor\u00e1neo. Simplemente crea un marco del tama\u00f1o que necesites y luego estira c\u00e1maras o tiras enteras en varias direcciones. Ahora puede parecer una idea descabellada, pero seguro que recibir\u00e1s cumplidos de todos tus amigos. Y ser\u00e1 una pieza que nadie m\u00e1s tiene; grandes puntos para la originalidad.<\/p>\n<h2><strong>Parches<\/strong><\/h2>\n<p>El otro d\u00eda prob\u00e9 esto y funcion\u00f3 de maravilla. Recorta un c\u00edrculo de una vieja c\u00e1mara de aire y \u00fasalo para parchear otra c\u00e1mara. He seguido los pasos habituales para parchear una c\u00e1mara, es decir, he lijado bien ambas superficies antes de limpiarlas con una toallita de alcohol. Cubr\u00ed la superficie del &#8220;parche&#8221; y la c\u00e1mara con pegamento para \u00e1maras y esper\u00e9 unos minutos antes de unir las dos superficies. Tendr\u00e1s toda una vida de parches con una sola c\u00e1mara.<\/p>\n<h2><strong>Aletas de guardabarros<\/strong><\/h2>\n<p>\u00bfEres una persona que se desplaza por la ciudad, alguien que va en bici durante el invierno o durante todo el a\u00f1o? Puede que ya tengas guardabarros en tu vieja bicicleta, pero tus pies a veces se mojan cuando el cielo se abre de par en par. Evita que la lluvia caiga sobre tus pies haciendo unas aletas para tus guardabarros.<\/p>\n<p>https:\/\/www.instagram.com\/p\/B6QIz9sg5ib\/<\/p>\n<p>Las c\u00e1maras de aire m\u00e1s grandes funcionan mejor o pega varias tiras hasta que consigas el tama\u00f1o y la forma que quieres o necesitas. Simplemente f\u00edjalos a los guardabarros para obtener una protecci\u00f3n adicional. Si necesitas un poco m\u00e1s de grosor, pega varias capas hasta conseguir el grosor deseado.<\/p>\n<h2><strong>Portaherramientas enrollable<\/strong><\/h2>\n<p>\u00bfDeseas reemplazar el paquete enrollable que contiene tu repuesto y algunas herramientas, pero no te entusiasman los precios de productos similares en su tienda local? No te preocupes. Puedes fabricar el tuyo propio pegando o cosiendo tiras de viejas c\u00e1maras de aire para crear el tama\u00f1o que necesitas. Los bolsillos tambi\u00e9n son f\u00e1ciles de crear. Unas tiras finas lo mantendr\u00e1n todo unido, \u00a1y es impermeable! \u00bfQu\u00e9 m\u00e1s se puede pedir?<\/p>\n<h2><strong>Rehabilitar lesiones musculares<\/strong><\/h2>\n<p>\u00bfTe ha recetado recientemente un m\u00e9dico o fisioterapeuta algunos ejercicios con bandas el\u00e1sticas? \u00bfO est\u00e1s intentando hacer tu propio gimnasio en casa? Saca tus viejas c\u00e1maras de bicicleta y util\u00edzalas como bandas el\u00e1sticas terap\u00e9uticas. Las bandas m\u00e1s finas requieren menos resistencia, y las capas m\u00e1s anchas o acumuladas requieren m\u00e1s resistencia muscular.<\/p>\n<h2><strong>Potro para arreglar bicis<\/strong><\/h2>\n<p>Has pensado en regalarte un soporte de reparaci\u00f3n de bicicletas, pero no est\u00e1s seguro de d\u00f3nde lo vas a guardar. Si tienes algunas c\u00e1maras de aire, ya tienes un soporte de reparaci\u00f3n de bicicletas por casa que apenas ocupa espacio.<\/p>\n<p>Necesitar\u00e1s dos ganchos (o algo similar) espaciados a lo largo de la tija del sill\u00edn al manillar en el techo de tu garaje. Coloca el bucle de una c\u00e1mara de aire en cada gancho; las c\u00e1maras del mismo tama\u00f1o son ideales y te facilitar\u00e1n el trabajo. Ahora engancha la punta de tu sill\u00edn a trav\u00e9s de un bucle, y coloca el otro alrededor de tus barras para que se apoye en la potencia. Voil\u00e0, ya tienes un nuevo soporte de reparaci\u00f3n de bicicletas in situ y muy barato.<\/p>\n<p>\u00bfTienes alg\u00fan objeto favorito que hayas hecho con c\u00e1maras de aire viejas? Comparte tus fotos y consejos en nuestro Instagram y otras redes sociales<\/p>\n","protected":false},"excerpt":{"rendered":"<p>Los ciclistas que se precien de serlo tienen una buena cantidad de c\u00e1maras de aire pinchadas en casa. Por mucho [&hellip;]<\/p>\n","protected":false},"author":29,"featured_media":8462,"comment_status":"open","ping_status":"open","sticky":false,"template":"","format":"standard","meta":{"footnotes":""},"categories":[1],"tags":[],"global-categories":[],"class_list":["post-8456","post","type-post","status-publish","format-standard","has-post-thumbnail","hentry","category-uncategorized"],"yoast_head":"<!-- This site is optimized with the Yoast SEO Premium plugin v25.3 (Yoast SEO v25.9) - https:\/\/yoast.com\/wordpress\/plugins\/seo\/ -->\n<title>Reciclaje de c\u00e1maras de aire pinchadas \u00bfC\u00f3mo darle una nueva vida?<\/title>\n<meta name=\"description\" content=\"Reciclaje de c\u00e1maras de aire pinchadas \u00bfC\u00f3mo darle una nueva vida? Usos para las c\u00e1maras de aire viejas y usadas.\" \/>\n<meta name=\"robots\" content=\"index, follow, max-snippet:-1, max-image-preview:large, max-video-preview:-1\" \/>\n<link rel=\"canonical\" href=\"https:\/\/www.welovecycling.com\/es\/2021\/12\/14\/reciclaje-camaras-de-aire-pinchadas\/\" \/>\n<meta property=\"og:locale\" content=\"es_ES\" \/>\n<meta property=\"og:type\" content=\"article\" \/>\n<meta property=\"og:title\" content=\"Reciclaje de c\u00e1maras de aire pinchadas \u00bfC\u00f3mo darle una nueva vida?\" \/>\n<meta property=\"og:description\" content=\"Reciclaje de c\u00e1maras de aire pinchadas \u00bfC\u00f3mo darle una nueva vida? Usos para las c\u00e1maras de aire viejas y usadas.\" \/>\n<meta property=\"og:url\" content=\"https:\/\/www.welovecycling.com\/es\/2021\/12\/14\/reciclaje-camaras-de-aire-pinchadas\/\" \/>\n<meta property=\"og:site_name\" content=\"\u0160koda We Love Cycling - Spain\" \/>\n<meta property=\"article:published_time\" content=\"2021-12-14T11:02:20+00:00\" \/>\n<meta property=\"og:image\" content=\"https:\/\/d2p6e6u75xmxt8.cloudfront.net\/6\/2021\/12\/Recycled-iiner-tubes-profimedia-0163956568-CVR.jpg\" \/>\n\t<meta property=\"og:image:width\" content=\"1366\" \/>\n\t<meta property=\"og:image:height\" content=\"600\" \/>\n\t<meta property=\"og:image:type\" content=\"image\/jpeg\" \/>\n<meta name=\"author\" content=\"We Love Cycling Spain\" \/>\n<meta name=\"twitter:card\" content=\"summary_large_image\" \/>\n<meta name=\"twitter:title\" content=\"Reciclaje de c\u00e1maras de aire pinchadas \u00bfC\u00f3mo darle una nueva vida?\" \/>\n<meta name=\"twitter:description\" content=\"Reciclaje de c\u00e1maras de aire pinchadas \u00bfC\u00f3mo darle una nueva vida? Usos para las c\u00e1maras de aire viejas y usadas.\" \/>\n<meta name=\"twitter:label1\" content=\"Written by\" \/>\n\t<meta name=\"twitter:data1\" content=\"Andrea Champredonde\" \/>\n\t<meta name=\"twitter:label2\" content=\"Est. reading time\" \/>\n\t<meta name=\"twitter:data2\" content=\"6\" \/>\n<script type=\"application\/ld+json\" class=\"yoast-schema-graph\">{\"@context\":\"https:\/\/schema.org\",\"@graph\":[{\"@type\":\"WebPage\",\"@id\":\"https:\/\/www.welovecycling.com\/es\/2021\/12\/14\/reciclaje-camaras-de-aire-pinchadas\/\",\"url\":\"https:\/\/www.welovecycling.com\/es\/2021\/12\/14\/reciclaje-camaras-de-aire-pinchadas\/\",\"name\":\"Reciclaje de c\u00e1maras de aire pinchadas \u00bfC\u00f3mo darle una nueva vida?\",\"isPartOf\":{\"@id\":\"https:\/\/www.welovecycling.com\/es\/#website\"},\"primaryImageOfPage\":{\"@id\":\"https:\/\/www.welovecycling.com\/es\/2021\/12\/14\/reciclaje-camaras-de-aire-pinchadas\/#primaryimage\"},\"image\":{\"@id\":\"https:\/\/www.welovecycling.com\/es\/2021\/12\/14\/reciclaje-camaras-de-aire-pinchadas\/#primaryimage\"},\"thumbnailUrl\":\"https:\/\/d2p6e6u75xmxt8.cloudfront.net\/6\/2021\/12\/Recycled-iiner-tubes-profimedia-0163956568-CVR.jpg\",\"datePublished\":\"2021-12-14T11:02:20+00:00\",\"author\":{\"@id\":\"https:\/\/www.welovecycling.com\/es\/#\/schema\/person\/deb61715b5812698ee79fb96f343ccd4\"},\"description\":\"Reciclaje de c\u00e1maras de aire pinchadas \u00bfC\u00f3mo darle una nueva vida? Usos para las c\u00e1maras de aire viejas y usadas.\",\"breadcrumb\":{\"@id\":\"https:\/\/www.welovecycling.com\/es\/2021\/12\/14\/reciclaje-camaras-de-aire-pinchadas\/#breadcrumb\"},\"inLanguage\":\"es-ES\",\"potentialAction\":[{\"@type\":\"ReadAction\",\"target\":[\"https:\/\/www.welovecycling.com\/es\/2021\/12\/14\/reciclaje-camaras-de-aire-pinchadas\/\"]}]},{\"@type\":\"ImageObject\",\"inLanguage\":\"es-ES\",\"@id\":\"https:\/\/www.welovecycling.com\/es\/2021\/12\/14\/reciclaje-camaras-de-aire-pinchadas\/#primaryimage\",\"url\":\"https:\/\/d2p6e6u75xmxt8.cloudfront.net\/6\/2021\/12\/Recycled-iiner-tubes-profimedia-0163956568-CVR.jpg\",\"contentUrl\":\"https:\/\/d2p6e6u75xmxt8.cloudfront.net\/6\/2021\/12\/Recycled-iiner-tubes-profimedia-0163956568-CVR.jpg\",\"width\":1366,\"height\":600,\"caption\":\"Recycled tubes\"},{\"@type\":\"BreadcrumbList\",\"@id\":\"https:\/\/www.welovecycling.com\/es\/2021\/12\/14\/reciclaje-camaras-de-aire-pinchadas\/#breadcrumb\",\"itemListElement\":[{\"@type\":\"ListItem\",\"position\":1,\"name\":\"Home\",\"item\":\"https:\/\/www.welovecycling.com\/es\/\"},{\"@type\":\"ListItem\",\"position\":2,\"name\":\"Reciclaje de c\u00e1maras de aire pinchadas \u00bfC\u00f3mo darle una nueva vida?\"}]},{\"@type\":\"WebSite\",\"@id\":\"https:\/\/www.welovecycling.com\/es\/#website\",\"url\":\"https:\/\/www.welovecycling.com\/es\/\",\"name\":\"\u0160koda We Love Cycling - Spain\",\"description\":\"\u0160koda WeLoveCycling Spain\",\"potentialAction\":[{\"@type\":\"SearchAction\",\"target\":{\"@type\":\"EntryPoint\",\"urlTemplate\":\"https:\/\/www.welovecycling.com\/es\/?s={search_term_string}\"},\"query-input\":{\"@type\":\"PropertyValueSpecification\",\"valueRequired\":true,\"valueName\":\"search_term_string\"}}],\"inLanguage\":\"es-ES\"},{\"@type\":\"Person\",\"@id\":\"https:\/\/www.welovecycling.com\/es\/#\/schema\/person\/deb61715b5812698ee79fb96f343ccd4\",\"name\":\"We Love Cycling Spain\",\"image\":{\"@type\":\"ImageObject\",\"inLanguage\":\"es-ES\",\"@id\":\"https:\/\/www.welovecycling.com\/es\/#\/schema\/person\/image\/\",\"url\":\"https:\/\/secure.gravatar.com\/avatar\/c824b04e6df0e37a03219d0b6481672889df542894588964102459e46513159c?s=96&d=mm&r=g\",\"contentUrl\":\"https:\/\/secure.gravatar.com\/avatar\/c824b04e6df0e37a03219d0b6481672889df542894588964102459e46513159c?s=96&d=mm&r=g\",\"caption\":\"We Love Cycling Spain\"},\"url\":\"https:\/\/www.welovecycling.com\/es\/author\/amunoz\/\"}]}<\/script>\n<!-- \/ Yoast SEO Premium plugin. -->","yoast_head_json":{"title":"Reciclaje de c\u00e1maras de aire pinchadas \u00bfC\u00f3mo darle una nueva vida?","description":"Reciclaje de c\u00e1maras de aire pinchadas \u00bfC\u00f3mo darle una nueva vida? Usos para las c\u00e1maras de aire viejas y usadas.","robots":{"index":"index","follow":"follow","max-snippet":"max-snippet:-1","max-image-preview":"max-image-preview:large","max-video-preview":"max-video-preview:-1"},"canonical":"https:\/\/www.welovecycling.com\/es\/2021\/12\/14\/reciclaje-camaras-de-aire-pinchadas\/","og_locale":"es_ES","og_type":"article","og_title":"Reciclaje de c\u00e1maras de aire pinchadas \u00bfC\u00f3mo darle una nueva vida?","og_description":"Reciclaje de c\u00e1maras de aire pinchadas \u00bfC\u00f3mo darle una nueva vida? Usos para las c\u00e1maras de aire viejas y usadas.","og_url":"https:\/\/www.welovecycling.com\/es\/2021\/12\/14\/reciclaje-camaras-de-aire-pinchadas\/","og_site_name":"\u0160koda We Love Cycling - Spain","article_published_time":"2021-12-14T11:02:20+00:00","og_image":[{"width":1366,"height":600,"url":"https:\/\/d2p6e6u75xmxt8.cloudfront.net\/6\/2021\/12\/Recycled-iiner-tubes-profimedia-0163956568-CVR.jpg","type":"image\/jpeg"}],"author":"We Love Cycling Spain","twitter_card":"summary_large_image","twitter_title":"Reciclaje de c\u00e1maras de aire pinchadas \u00bfC\u00f3mo darle una nueva vida?","twitter_description":"Reciclaje de c\u00e1maras de aire pinchadas \u00bfC\u00f3mo darle una nueva vida? Usos para las c\u00e1maras de aire viejas y usadas.","twitter_misc":{"Written by":"Andrea Champredonde","Est. reading time":"6"},"schema":{"@context":"https:\/\/schema.org","@graph":[{"@type":"WebPage","@id":"https:\/\/www.welovecycling.com\/es\/2021\/12\/14\/reciclaje-camaras-de-aire-pinchadas\/","url":"https:\/\/www.welovecycling.com\/es\/2021\/12\/14\/reciclaje-camaras-de-aire-pinchadas\/","name":"Reciclaje de c\u00e1maras de aire pinchadas \u00bfC\u00f3mo darle una nueva vida?","isPartOf":{"@id":"https:\/\/www.welovecycling.com\/es\/#website"},"primaryImageOfPage":{"@id":"https:\/\/www.welovecycling.com\/es\/2021\/12\/14\/reciclaje-camaras-de-aire-pinchadas\/#primaryimage"},"image":{"@id":"https:\/\/www.welovecycling.com\/es\/2021\/12\/14\/reciclaje-camaras-de-aire-pinchadas\/#primaryimage"},"thumbnailUrl":"https:\/\/d2p6e6u75xmxt8.cloudfront.net\/6\/2021\/12\/Recycled-iiner-tubes-profimedia-0163956568-CVR.jpg","datePublished":"2021-12-14T11:02:20+00:00","author":{"@id":"https:\/\/www.welovecycling.com\/es\/#\/schema\/person\/deb61715b5812698ee79fb96f343ccd4"},"description":"Reciclaje de c\u00e1maras de aire pinchadas \u00bfC\u00f3mo darle una nueva vida? Usos para las c\u00e1maras de aire viejas y usadas.","breadcrumb":{"@id":"https:\/\/www.welovecycling.com\/es\/2021\/12\/14\/reciclaje-camaras-de-aire-pinchadas\/#breadcrumb"},"inLanguage":"es-ES","potentialAction":[{"@type":"ReadAction","target":["https:\/\/www.welovecycling.com\/es\/2021\/12\/14\/reciclaje-camaras-de-aire-pinchadas\/"]}]},{"@type":"ImageObject","inLanguage":"es-ES","@id":"https:\/\/www.welovecycling.com\/es\/2021\/12\/14\/reciclaje-camaras-de-aire-pinchadas\/#primaryimage","url":"https:\/\/d2p6e6u75xmxt8.cloudfront.net\/6\/2021\/12\/Recycled-iiner-tubes-profimedia-0163956568-CVR.jpg","contentUrl":"https:\/\/d2p6e6u75xmxt8.cloudfront.net\/6\/2021\/12\/Recycled-iiner-tubes-profimedia-0163956568-CVR.jpg","width":1366,"height":600,"caption":"Recycled tubes"},{"@type":"BreadcrumbList","@id":"https:\/\/www.welovecycling.com\/es\/2021\/12\/14\/reciclaje-camaras-de-aire-pinchadas\/#breadcrumb","itemListElement":[{"@type":"ListItem","position":1,"name":"Home","item":"https:\/\/www.welovecycling.com\/es\/"},{"@type":"ListItem","position":2,"name":"Reciclaje de c\u00e1maras de aire pinchadas \u00bfC\u00f3mo darle una nueva vida?"}]},{"@type":"WebSite","@id":"https:\/\/www.welovecycling.com\/es\/#website","url":"https:\/\/www.welovecycling.com\/es\/","name":"\u0160koda We Love Cycling - Spain","description":"\u0160koda WeLoveCycling Spain","potentialAction":[{"@type":"SearchAction","target":{"@type":"EntryPoint","urlTemplate":"https:\/\/www.welovecycling.com\/es\/?s={search_term_string}"},"query-input":{"@type":"PropertyValueSpecification","valueRequired":true,"valueName":"search_term_string"}}],"inLanguage":"es-ES"},{"@type":"Person","@id":"https:\/\/www.welovecycling.com\/es\/#\/schema\/person\/deb61715b5812698ee79fb96f343ccd4","name":"We Love Cycling Spain","image":{"@type":"ImageObject","inLanguage":"es-ES","@id":"https:\/\/www.welovecycling.com\/es\/#\/schema\/person\/image\/","url":"https:\/\/secure.gravatar.com\/avatar\/c824b04e6df0e37a03219d0b6481672889df542894588964102459e46513159c?s=96&d=mm&r=g","contentUrl":"https:\/\/secure.gravatar.com\/avatar\/c824b04e6df0e37a03219d0b6481672889df542894588964102459e46513159c?s=96&d=mm&r=g","caption":"We Love Cycling Spain"},"url":"https:\/\/www.welovecycling.com\/es\/author\/amunoz\/"}]}},"_links":{"self":[{"href":"https:\/\/www.welovecycling.com\/es\/wp-json\/wp\/v2\/posts\/8456","targetHints":{"allow":["GET"]}}],"collection":[{"href":"https:\/\/www.welovecycling.com\/es\/wp-json\/wp\/v2\/posts"}],"about":[{"href":"https:\/\/www.welovecycling.com\/es\/wp-json\/wp\/v2\/types\/post"}],"author":[{"embeddable":true,"href":"https:\/\/www.welovecycling.com\/es\/wp-json\/wp\/v2\/users\/29"}],"replies":[{"embeddable":true,"href":"https:\/\/www.welovecycling.com\/es\/wp-json\/wp\/v2\/comments?post=8456"}],"version-history":[{"count":1,"href":"https:\/\/www.welovecycling.com\/es\/wp-json\/wp\/v2\/posts\/8456\/revisions"}],"predecessor-version":[{"id":8463,"href":"https:\/\/www.welovecycling.com\/es\/wp-json\/wp\/v2\/posts\/8456\/revisions\/8463"}],"wp:featuredmedia":[{"embeddable":true,"href":"https:\/\/www.welovecycling.com\/es\/wp-json\/wp\/v2\/media\/8462"}],"wp:attachment":[{"href":"https:\/\/www.welovecycling.com\/es\/wp-json\/wp\/v2\/media?parent=8456"}],"wp:term":[{"taxonomy":"category","embeddable":true,"href":"https:\/\/www.welovecycling.com\/es\/wp-json\/wp\/v2\/categories?post=8456"},{"taxonomy":"post_tag","embeddable":true,"href":"https:\/\/www.welovecycling.com\/es\/wp-json\/wp\/v2\/tags?post=8456"},{"taxonomy":"global-categories","embeddable":true,"href":"https:\/\/www.welovecycling.com\/es\/wp-json\/wp\/v2\/global-categories?post=8456"}],"curies":[{"name":"wp","href":"https:\/\/api.w.org\/{rel}","templated":true}]}}