{"id":8420,"date":"2021-12-02T10:59:59","date_gmt":"2021-12-02T08:59:59","guid":{"rendered":"https:\/\/www.welovecycling.com\/es\/?p=8420"},"modified":"2021-11-30T11:14:39","modified_gmt":"2021-11-30T09:14:39","slug":"horas-semana-entrenan-ciclistas-profesionales","status":"publish","type":"post","link":"https:\/\/www.welovecycling.com\/es\/2021\/12\/02\/horas-semana-entrenan-ciclistas-profesionales\/","title":{"rendered":"\u00bfCu\u00e1ntas horas a la semana entrenan los ciclistas profesionales?"},"content":{"rendered":"<p><strong>\u00bfCu\u00e1ntas horas a la semana entrenan los ciclistas profesionales? \u00bfQu\u00e9 tiempo hay que dedicar para rivalizar con ellos? En este art\u00edculo, analizaremos varios ejemplos de ciclistas profesionales de carretera y MTB para ver lo que se necesita.<\/strong><\/p>\n<p><!--more--><\/p>\n<h2><strong>Entre 20 y 30 horas cada semana<\/strong><\/h2>\n<p>Muchos ciclistas profesionales comparten p\u00fablicamente sus registros de entrenamiento en plataformas como Strava. Por lo tanto, no es demasiado dif\u00edcil averiguar cu\u00e1nto tiempo pasan en el sill\u00edn. Por supuesto, depende mucho de cada persona y de la \u00e9poca del a\u00f1o, pero la mayor\u00eda de los profesionales se sit\u00faan en el rango de 20-30 horas de ciclismo a la semana.<\/p>\n<figure id=\"attachment_8423\" aria-describedby=\"caption-attachment-8423\" style=\"width: 1000px\" class=\"wp-caption alignnone\"><a href=\"https:\/\/d2p6e6u75xmxt8.cloudfront.net\/6\/2021\/11\/Cyclists-training-profimedia-0633853581.jpg\"><img loading=\"lazy\" decoding=\"async\" class=\"size-full wp-image-8423\" src=\"https:\/\/d2p6e6u75xmxt8.cloudfront.net\/6\/2021\/11\/Cyclists-training-profimedia-0633853581.jpg\" alt=\"Cycling training\" width=\"1000\" height=\"654\" srcset=\"https:\/\/d2p6e6u75xmxt8.cloudfront.net\/6\/2021\/11\/Cyclists-training-profimedia-0633853581.jpg 1000w, https:\/\/d2p6e6u75xmxt8.cloudfront.net\/6\/2021\/11\/Cyclists-training-profimedia-0633853581-300x196.jpg 300w, https:\/\/d2p6e6u75xmxt8.cloudfront.net\/6\/2021\/11\/Cyclists-training-profimedia-0633853581-768x502.jpg 768w\" sizes=\"auto, (max-width: 1000px) 100vw, 1000px\" \/><\/a><figcaption id=\"caption-attachment-8423\" class=\"wp-caption-text\">Cuanto m\u00e1s altos sean los objetivos que te propongas, m\u00e1s preciso tendr\u00e1s que ser a la hora de planificar c\u00f3mo pasas esas horas. \u00a9 Profimedia<\/figcaption><\/figure>\n<h2><strong><br \/>\n\u00bfDe cu\u00e1ntas horas dispones?<\/strong><\/h2>\n<p>Amenos que trabajes de <a href=\"https:\/\/www.welovecycling.com\/wide\/2020\/02\/13\/life-of-a-cargo-bike-messenger-24-bottles-of-luxury-wine-was-the-tricky-task\/\">mensajero en bici<\/a> a <a href=\"https:\/\/www.welovecycling.com\/wide\/2020\/02\/13\/life-of-a-cargo-bike-messenger-24-bottles-of-luxury-wine-was-the-tricky-task\/\" target=\"_blank\" rel=\"noopener\">bicycle courier,<\/a> entrenar de 20-30 horas a la semana probablemente suene imposible. Invertir tanto tiempo le costar\u00eda el puesto de trabajo a muchos ciclistas aficionados. La transici\u00f3n a ser un profesional significa que hay que sacrificar mucho antes de llegar all\u00ed. Pero supongamos que tuvieras tiempo ilimitado para ir en bicicleta y entrenar, sin trabajo, sin responsabilidades sociales, sin otras aficiones. Seguir\u00eda habiendo un problema importante en tu camino.<\/p>\n<p>Una vez que pasas de las 15 horas de ciclismo a la semana, entras en un rango de tiempo que algunas personas simplemente no pueden asimilar. Algunos ciclistas simplemente no seguir\u00e1n siendo m\u00e1s r\u00e1pidos a medida que superen las 15 horas debido a su capacidad de recuperaci\u00f3n y tambi\u00e9n a la gen\u00e9tica. Algunos corredores podr\u00edan incluso empezar a bajar el nivel y empeorar si siguen aumentando los entrenamientos.<\/p>\n<figure id=\"attachment_4926\" aria-describedby=\"caption-attachment-4926\" style=\"width: 1250px\" class=\"wp-caption alignnone\"><a href=\"https:\/\/d2p6e6u75xmxt8.cloudfront.net\/6\/2019\/06\/Training-profimedia-0330005144-1.jpg\"><img loading=\"lazy\" decoding=\"async\" class=\"wp-image-4926 size-full\" src=\"https:\/\/d2p6e6u75xmxt8.cloudfront.net\/6\/2019\/06\/Training-profimedia-0330005144-1.jpg\" alt=\"Training\" width=\"1250\" height=\"676\" srcset=\"https:\/\/d2p6e6u75xmxt8.cloudfront.net\/6\/2019\/06\/Training-profimedia-0330005144-1.jpg 1250w, https:\/\/d2p6e6u75xmxt8.cloudfront.net\/6\/2019\/06\/Training-profimedia-0330005144-1-300x162.jpg 300w, https:\/\/d2p6e6u75xmxt8.cloudfront.net\/6\/2019\/06\/Training-profimedia-0330005144-1-768x415.jpg 768w, https:\/\/d2p6e6u75xmxt8.cloudfront.net\/6\/2019\/06\/Training-profimedia-0330005144-1-1024x554.jpg 1024w\" sizes=\"auto, (max-width: 1250px) 100vw, 1250px\" \/><\/a><figcaption id=\"caption-attachment-4926\" class=\"wp-caption-text\">Para los crit\u00e9riums y los sprints, puede que te salgas con la tuya con menos de 10 horas, pero las ciclotuirstas m\u00e1s largas requerir\u00e1n 10 horas semanales como m\u00ednimo para la mayor\u00eda de los ciclistas \u00a9 Profimedia<\/figcaption><\/figure>\n<p>Supongamos que eres uno de los afortunados que puede aguantar entre 20 y 30 horas de ciclismo a la semana. \u00bfSignifica eso que tienes lo que hay que tener para ser profesional? Tal vez. Echa un vistazo a algunos ejemplos de sesiones de entrenamiento de ciclistas profesionales y compru\u00e9balo t\u00fa mismo.<\/p>\n<h2><strong>\u00bfCu\u00e1ntas horas entrena Froome?<\/strong><\/h2>\n<p>Si has estado leyendo esta serie, sabes que el n\u00famero de horas no lo dice todo. La intensidad con la que se pedalea es muy importante. Echa un vistazo a este enorme recorrido que <a href=\"https:\/\/www.strava.com\/activities\/5474826322\">Chris Froome public\u00f3 en Strava<\/a> cuando se entrenaba en los Alpes franceses para entenderlo realmente.<\/p>\n<p>Chris recorri\u00f3 237,2 km en un tiempo de 8:41,03, subiendo 11 puertos de monta\u00f1a con un total de 5.161 metros de elevaci\u00f3n. Consigui\u00f3 una potencia media de 200 vatios, con un pico de 1.209 vatios. Por supuesto, no hace sesiones as\u00ed todos los d\u00edas. Pero aun as\u00ed, hace que te lo pienses dos veces antes de dejar tu trabajo diario y hacerte profesional.<\/p>\n<p>https:\/\/www.instagram.com\/p\/CQBylbGnfjE\/<\/p>\n<h2><strong>\u00bfCu\u00e1nto entrena Odrej Cink?<\/strong><\/h2>\n<p>Si crees que los ciclistas de MTB lo tienen m\u00e1s f\u00e1cil, prep\u00e1rate para una sorpresa. Mira <a href=\"https:\/\/www.strava.com\/activities\/5536958552\">esta sesi\u00f3n de<\/a> Ond\u0159ej Cink, el campe\u00f3n mundial de cross country sub-23. Estuvo entrenando en Les Gets, Francia, donde tambi\u00e9n qued\u00f3 segundo en una Copa del Mundo este a\u00f1o.<\/p>\n<p>Ond\u0159ej se las arregl\u00f3 para meter 2.073 metros de desnivel en un recorrido de 56,1 km que complet\u00f3 en 2:51:08. Y con una media de 299 vatios. \u00bfTambi\u00e9n t\u00fa sonreir\u00edas as\u00ed despu\u00e9s de ese tipo de entrenamiento?<\/p>\n<p>https:\/\/www.instagram.com\/p\/CQqgI-JLUP7\/<\/p>\n<h2><strong>Y los velocistas como Peter Sagan<\/strong><\/h2>\n<p>Incluso los velocistas tienen que dedicar horas. He aqu\u00ed una cita del entrenador de Peter Sagan que es bastante reveladora: &#8220;Febrero es el mayor mes de entrenamiento del a\u00f1o para nosotros, cuando el volumen semanal alcanza un m\u00e1ximo de 32-35 horas&#8221;. Puedes consultar la rutina de entrenamiento de Peter Sagan en<a href=\"https:\/\/www.welovecycling.com\/es\/2019\/02\/18\/calendario-entrenamiento-peter-sagan\/\"> nuestro art\u00edculo anterior<\/a>.<\/p>\n<h2><strong>Algunos consejos del ganador del Tour Andy Schleck<\/strong><\/h2>\n<p>Si est\u00e1s empezando a perder la esperanza de convertirte en profesional, quiz\u00e1 sea el momento de fijarte en c\u00f3mo entrena, Andy Schleck. Le <a href=\"https:\/\/www.welovecycling.com\/es\/2021\/02\/23\/andy-schleck-consejos-ayudar-a-tu-hijo-ser-ciclista-profesional\/\">entrevistamos a principios de este a\u00f1o<\/a> y nos ofreci\u00f3 un mont\u00f3n de consejos de entrenamiento que te ayudar\u00e1n a disfrutar del ciclismo incluso despu\u00e9s de tu carrera profesional.<\/p>\n","protected":false},"excerpt":{"rendered":"<p>\u00bfCu\u00e1ntas horas a la semana entrenan los ciclistas profesionales? \u00bfQu\u00e9 tiempo hay que dedicar para rivalizar con ellos? En este [&hellip;]<\/p>\n","protected":false},"author":29,"featured_media":8425,"comment_status":"open","ping_status":"open","sticky":false,"template":"","format":"standard","meta":{"footnotes":""},"categories":[7,9],"tags":[],"global-categories":[],"class_list":["post-8420","post","type-post","status-publish","format-standard","has-post-thumbnail","hentry","category-carretera","category-mtb-aventura"],"yoast_head":"<!-- This site is optimized with the Yoast SEO Premium plugin v25.3 (Yoast SEO v25.9) - https:\/\/yoast.com\/wordpress\/plugins\/seo\/ -->\n<title>\u00bfCu\u00e1ntas horas a la semana entrenan los ciclistas profesionales?<\/title>\n<meta name=\"description\" content=\"Cuantas horas a la semana entrenan los ciclistas profesionales. Las sesiones de entrenamiento habituales para ser ciclista profesional.\" \/>\n<meta name=\"robots\" content=\"index, follow, max-snippet:-1, max-image-preview:large, max-video-preview:-1\" \/>\n<link rel=\"canonical\" href=\"https:\/\/www.welovecycling.com\/es\/2021\/12\/02\/horas-semana-entrenan-ciclistas-profesionales\/\" \/>\n<meta property=\"og:locale\" content=\"es_ES\" \/>\n<meta property=\"og:type\" content=\"article\" \/>\n<meta property=\"og:title\" content=\"\u00bfCu\u00e1ntas horas a la semana entrenan los ciclistas profesionales?\" \/>\n<meta property=\"og:description\" content=\"Cuantas horas a la semana entrenan los ciclistas profesionales. Las sesiones de entrenamiento habituales para ser ciclista profesional.\" \/>\n<meta property=\"og:url\" content=\"https:\/\/www.welovecycling.com\/es\/2021\/12\/02\/horas-semana-entrenan-ciclistas-profesionales\/\" \/>\n<meta property=\"og:site_name\" content=\"\u0160koda We Love Cycling - Spain\" \/>\n<meta property=\"article:published_time\" content=\"2021-12-02T08:59:59+00:00\" \/>\n<meta property=\"og:image\" content=\"https:\/\/d2p6e6u75xmxt8.cloudfront.net\/6\/2021\/11\/Cycling-training-profimedia-0633688811-CVR.jpg\" \/>\n\t<meta property=\"og:image:width\" content=\"1366\" \/>\n\t<meta property=\"og:image:height\" content=\"600\" \/>\n\t<meta property=\"og:image:type\" content=\"image\/jpeg\" \/>\n<meta name=\"author\" content=\"We Love Cycling Spain\" \/>\n<meta name=\"twitter:card\" content=\"summary_large_image\" \/>\n<meta name=\"twitter:title\" content=\"Cuantas horas a la semana entrenan los ciclistas profesionales\" \/>\n<meta name=\"twitter:description\" content=\"Cuantas horas a la semana entrenan los ciclistas profesionales. Las sesiones de entrenamiento habituales para ser ciclista profesional.\" \/>\n<meta name=\"twitter:label1\" content=\"Written by\" \/>\n\t<meta name=\"twitter:data1\" content=\"Jiri Kaloc\" \/>\n\t<meta name=\"twitter:label2\" content=\"Est. reading time\" \/>\n\t<meta name=\"twitter:data2\" content=\"5\" \/>\n<script type=\"application\/ld+json\" class=\"yoast-schema-graph\">{\"@context\":\"https:\/\/schema.org\",\"@graph\":[{\"@type\":\"WebPage\",\"@id\":\"https:\/\/www.welovecycling.com\/es\/2021\/12\/02\/horas-semana-entrenan-ciclistas-profesionales\/\",\"url\":\"https:\/\/www.welovecycling.com\/es\/2021\/12\/02\/horas-semana-entrenan-ciclistas-profesionales\/\",\"name\":\"\u00bfCu\u00e1ntas horas a la semana entrenan los ciclistas profesionales?\",\"isPartOf\":{\"@id\":\"https:\/\/www.welovecycling.com\/es\/#website\"},\"primaryImageOfPage\":{\"@id\":\"https:\/\/www.welovecycling.com\/es\/2021\/12\/02\/horas-semana-entrenan-ciclistas-profesionales\/#primaryimage\"},\"image\":{\"@id\":\"https:\/\/www.welovecycling.com\/es\/2021\/12\/02\/horas-semana-entrenan-ciclistas-profesionales\/#primaryimage\"},\"thumbnailUrl\":\"https:\/\/d2p6e6u75xmxt8.cloudfront.net\/6\/2021\/11\/Cycling-training-profimedia-0633688811-CVR.jpg\",\"datePublished\":\"2021-12-02T08:59:59+00:00\",\"author\":{\"@id\":\"https:\/\/www.welovecycling.com\/es\/#\/schema\/person\/deb61715b5812698ee79fb96f343ccd4\"},\"description\":\"Cuantas horas a la semana entrenan los ciclistas profesionales. Las sesiones de entrenamiento habituales para ser ciclista profesional.\",\"breadcrumb\":{\"@id\":\"https:\/\/www.welovecycling.com\/es\/2021\/12\/02\/horas-semana-entrenan-ciclistas-profesionales\/#breadcrumb\"},\"inLanguage\":\"es-ES\",\"potentialAction\":[{\"@type\":\"ReadAction\",\"target\":[\"https:\/\/www.welovecycling.com\/es\/2021\/12\/02\/horas-semana-entrenan-ciclistas-profesionales\/\"]}]},{\"@type\":\"ImageObject\",\"inLanguage\":\"es-ES\",\"@id\":\"https:\/\/www.welovecycling.com\/es\/2021\/12\/02\/horas-semana-entrenan-ciclistas-profesionales\/#primaryimage\",\"url\":\"https:\/\/d2p6e6u75xmxt8.cloudfront.net\/6\/2021\/11\/Cycling-training-profimedia-0633688811-CVR.jpg\",\"contentUrl\":\"https:\/\/d2p6e6u75xmxt8.cloudfront.net\/6\/2021\/11\/Cycling-training-profimedia-0633688811-CVR.jpg\",\"width\":1366,\"height\":600,\"caption\":\"Cycling training\"},{\"@type\":\"BreadcrumbList\",\"@id\":\"https:\/\/www.welovecycling.com\/es\/2021\/12\/02\/horas-semana-entrenan-ciclistas-profesionales\/#breadcrumb\",\"itemListElement\":[{\"@type\":\"ListItem\",\"position\":1,\"name\":\"Home\",\"item\":\"https:\/\/www.welovecycling.com\/es\/\"},{\"@type\":\"ListItem\",\"position\":2,\"name\":\"\u00bfCu\u00e1ntas horas a la semana entrenan los ciclistas profesionales?\"}]},{\"@type\":\"WebSite\",\"@id\":\"https:\/\/www.welovecycling.com\/es\/#website\",\"url\":\"https:\/\/www.welovecycling.com\/es\/\",\"name\":\"\u0160koda We Love Cycling - Spain\",\"description\":\"\u0160koda WeLoveCycling Spain\",\"potentialAction\":[{\"@type\":\"SearchAction\",\"target\":{\"@type\":\"EntryPoint\",\"urlTemplate\":\"https:\/\/www.welovecycling.com\/es\/?s={search_term_string}\"},\"query-input\":{\"@type\":\"PropertyValueSpecification\",\"valueRequired\":true,\"valueName\":\"search_term_string\"}}],\"inLanguage\":\"es-ES\"},{\"@type\":\"Person\",\"@id\":\"https:\/\/www.welovecycling.com\/es\/#\/schema\/person\/deb61715b5812698ee79fb96f343ccd4\",\"name\":\"We Love Cycling Spain\",\"image\":{\"@type\":\"ImageObject\",\"inLanguage\":\"es-ES\",\"@id\":\"https:\/\/www.welovecycling.com\/es\/#\/schema\/person\/image\/\",\"url\":\"https:\/\/secure.gravatar.com\/avatar\/c824b04e6df0e37a03219d0b6481672889df542894588964102459e46513159c?s=96&d=mm&r=g\",\"contentUrl\":\"https:\/\/secure.gravatar.com\/avatar\/c824b04e6df0e37a03219d0b6481672889df542894588964102459e46513159c?s=96&d=mm&r=g\",\"caption\":\"We Love Cycling Spain\"},\"url\":\"https:\/\/www.welovecycling.com\/es\/author\/amunoz\/\"}]}<\/script>\n<!-- \/ Yoast SEO Premium plugin. -->","yoast_head_json":{"title":"\u00bfCu\u00e1ntas horas a la semana entrenan los ciclistas profesionales?","description":"Cuantas horas a la semana entrenan los ciclistas profesionales. Las sesiones de entrenamiento habituales para ser ciclista profesional.","robots":{"index":"index","follow":"follow","max-snippet":"max-snippet:-1","max-image-preview":"max-image-preview:large","max-video-preview":"max-video-preview:-1"},"canonical":"https:\/\/www.welovecycling.com\/es\/2021\/12\/02\/horas-semana-entrenan-ciclistas-profesionales\/","og_locale":"es_ES","og_type":"article","og_title":"\u00bfCu\u00e1ntas horas a la semana entrenan los ciclistas profesionales?","og_description":"Cuantas horas a la semana entrenan los ciclistas profesionales. Las sesiones de entrenamiento habituales para ser ciclista profesional.","og_url":"https:\/\/www.welovecycling.com\/es\/2021\/12\/02\/horas-semana-entrenan-ciclistas-profesionales\/","og_site_name":"\u0160koda We Love Cycling - Spain","article_published_time":"2021-12-02T08:59:59+00:00","og_image":[{"width":1366,"height":600,"url":"https:\/\/d2p6e6u75xmxt8.cloudfront.net\/6\/2021\/11\/Cycling-training-profimedia-0633688811-CVR.jpg","type":"image\/jpeg"}],"author":"We Love Cycling Spain","twitter_card":"summary_large_image","twitter_title":"Cuantas horas a la semana entrenan los ciclistas profesionales","twitter_description":"Cuantas horas a la semana entrenan los ciclistas profesionales. Las sesiones de entrenamiento habituales para ser ciclista profesional.","twitter_misc":{"Written by":"Jiri Kaloc","Est. reading time":"5"},"schema":{"@context":"https:\/\/schema.org","@graph":[{"@type":"WebPage","@id":"https:\/\/www.welovecycling.com\/es\/2021\/12\/02\/horas-semana-entrenan-ciclistas-profesionales\/","url":"https:\/\/www.welovecycling.com\/es\/2021\/12\/02\/horas-semana-entrenan-ciclistas-profesionales\/","name":"\u00bfCu\u00e1ntas horas a la semana entrenan los ciclistas profesionales?","isPartOf":{"@id":"https:\/\/www.welovecycling.com\/es\/#website"},"primaryImageOfPage":{"@id":"https:\/\/www.welovecycling.com\/es\/2021\/12\/02\/horas-semana-entrenan-ciclistas-profesionales\/#primaryimage"},"image":{"@id":"https:\/\/www.welovecycling.com\/es\/2021\/12\/02\/horas-semana-entrenan-ciclistas-profesionales\/#primaryimage"},"thumbnailUrl":"https:\/\/d2p6e6u75xmxt8.cloudfront.net\/6\/2021\/11\/Cycling-training-profimedia-0633688811-CVR.jpg","datePublished":"2021-12-02T08:59:59+00:00","author":{"@id":"https:\/\/www.welovecycling.com\/es\/#\/schema\/person\/deb61715b5812698ee79fb96f343ccd4"},"description":"Cuantas horas a la semana entrenan los ciclistas profesionales. Las sesiones de entrenamiento habituales para ser ciclista profesional.","breadcrumb":{"@id":"https:\/\/www.welovecycling.com\/es\/2021\/12\/02\/horas-semana-entrenan-ciclistas-profesionales\/#breadcrumb"},"inLanguage":"es-ES","potentialAction":[{"@type":"ReadAction","target":["https:\/\/www.welovecycling.com\/es\/2021\/12\/02\/horas-semana-entrenan-ciclistas-profesionales\/"]}]},{"@type":"ImageObject","inLanguage":"es-ES","@id":"https:\/\/www.welovecycling.com\/es\/2021\/12\/02\/horas-semana-entrenan-ciclistas-profesionales\/#primaryimage","url":"https:\/\/d2p6e6u75xmxt8.cloudfront.net\/6\/2021\/11\/Cycling-training-profimedia-0633688811-CVR.jpg","contentUrl":"https:\/\/d2p6e6u75xmxt8.cloudfront.net\/6\/2021\/11\/Cycling-training-profimedia-0633688811-CVR.jpg","width":1366,"height":600,"caption":"Cycling training"},{"@type":"BreadcrumbList","@id":"https:\/\/www.welovecycling.com\/es\/2021\/12\/02\/horas-semana-entrenan-ciclistas-profesionales\/#breadcrumb","itemListElement":[{"@type":"ListItem","position":1,"name":"Home","item":"https:\/\/www.welovecycling.com\/es\/"},{"@type":"ListItem","position":2,"name":"\u00bfCu\u00e1ntas horas a la semana entrenan los ciclistas profesionales?"}]},{"@type":"WebSite","@id":"https:\/\/www.welovecycling.com\/es\/#website","url":"https:\/\/www.welovecycling.com\/es\/","name":"\u0160koda We Love Cycling - Spain","description":"\u0160koda WeLoveCycling Spain","potentialAction":[{"@type":"SearchAction","target":{"@type":"EntryPoint","urlTemplate":"https:\/\/www.welovecycling.com\/es\/?s={search_term_string}"},"query-input":{"@type":"PropertyValueSpecification","valueRequired":true,"valueName":"search_term_string"}}],"inLanguage":"es-ES"},{"@type":"Person","@id":"https:\/\/www.welovecycling.com\/es\/#\/schema\/person\/deb61715b5812698ee79fb96f343ccd4","name":"We Love Cycling Spain","image":{"@type":"ImageObject","inLanguage":"es-ES","@id":"https:\/\/www.welovecycling.com\/es\/#\/schema\/person\/image\/","url":"https:\/\/secure.gravatar.com\/avatar\/c824b04e6df0e37a03219d0b6481672889df542894588964102459e46513159c?s=96&d=mm&r=g","contentUrl":"https:\/\/secure.gravatar.com\/avatar\/c824b04e6df0e37a03219d0b6481672889df542894588964102459e46513159c?s=96&d=mm&r=g","caption":"We Love Cycling Spain"},"url":"https:\/\/www.welovecycling.com\/es\/author\/amunoz\/"}]}},"_links":{"self":[{"href":"https:\/\/www.welovecycling.com\/es\/wp-json\/wp\/v2\/posts\/8420","targetHints":{"allow":["GET"]}}],"collection":[{"href":"https:\/\/www.welovecycling.com\/es\/wp-json\/wp\/v2\/posts"}],"about":[{"href":"https:\/\/www.welovecycling.com\/es\/wp-json\/wp\/v2\/types\/post"}],"author":[{"embeddable":true,"href":"https:\/\/www.welovecycling.com\/es\/wp-json\/wp\/v2\/users\/29"}],"replies":[{"embeddable":true,"href":"https:\/\/www.welovecycling.com\/es\/wp-json\/wp\/v2\/comments?post=8420"}],"version-history":[{"count":2,"href":"https:\/\/www.welovecycling.com\/es\/wp-json\/wp\/v2\/posts\/8420\/revisions"}],"predecessor-version":[{"id":8426,"href":"https:\/\/www.welovecycling.com\/es\/wp-json\/wp\/v2\/posts\/8420\/revisions\/8426"}],"wp:featuredmedia":[{"embeddable":true,"href":"https:\/\/www.welovecycling.com\/es\/wp-json\/wp\/v2\/media\/8425"}],"wp:attachment":[{"href":"https:\/\/www.welovecycling.com\/es\/wp-json\/wp\/v2\/media?parent=8420"}],"wp:term":[{"taxonomy":"category","embeddable":true,"href":"https:\/\/www.welovecycling.com\/es\/wp-json\/wp\/v2\/categories?post=8420"},{"taxonomy":"post_tag","embeddable":true,"href":"https:\/\/www.welovecycling.com\/es\/wp-json\/wp\/v2\/tags?post=8420"},{"taxonomy":"global-categories","embeddable":true,"href":"https:\/\/www.welovecycling.com\/es\/wp-json\/wp\/v2\/global-categories?post=8420"}],"curies":[{"name":"wp","href":"https:\/\/api.w.org\/{rel}","templated":true}]}}