{"id":8390,"date":"2021-11-25T21:09:43","date_gmt":"2021-11-25T19:09:43","guid":{"rendered":"https:\/\/www.welovecycling.com\/es\/?p=8390"},"modified":"2021-11-23T21:21:36","modified_gmt":"2021-11-23T19:21:36","slug":"tour-de-francia-femenino","status":"publish","type":"post","link":"https:\/\/www.welovecycling.com\/es\/2021\/11\/25\/tour-de-francia-femenino\/","title":{"rendered":"Tour de Francia Femenino 2022, la puesta de largo"},"content":{"rendered":"<p><strong>Ha tardado en relanzarse. El Tour de Francia femenino ya existi\u00f3 en los 80\/90, pero nunca recibi\u00f3 el cuidado y los mimos de la carrera masculina. Por eso dej\u00f3 de celebrarse hace m\u00e1s de una d\u00e9cada. La presi\u00f3n social y la evoluci\u00f3n en los niveles de inter\u00e9s del ciclismo femenino han hecho que el Tour vea de la oportunidad. De <a href=\"https:\/\/www.welovecycling.com\/es\/2018\/08\/07\/el-ciclismo-femenino-en-numeros\/\">La Course<\/a> de un d\u00eda pasamos a un Tour de Francia Femme by Zwift (curioso que lo patrocine una aplicaci\u00f3n de ciclismo virtual) con 8 etapas y que competir\u00e1 en relevancia e inter\u00e9s con el Giro Rosa, hasta ahora la m\u00e1xima competici\u00f3n femenina por etapas.\u00a0\u00a0<\/strong><\/p>\n<p><!--more--><\/p>\n<p>El nuevo Tour de Francia Femenino nace tambi\u00e9n con rostro de mujer, el de <a href=\"https:\/\/www.welovecycling.com\/es\/2021\/10\/14\/tour-de-francia-2022\/\">Marion Rouse<\/a>. La ex ciclista ser\u00e1 la directora de la carrera y su imagen ayudar\u00e1 a dar a conocer el evento. Sus a\u00f1os trabajando en Eurosport la han convertido en una referencia ciclista en el pa\u00eds galo y muchos aficionados al ciclismo masculino ya la conocen.<\/p>\n<p>&nbsp;<\/p>\n<h2><strong>Sin crono, pero con monta\u00f1a<\/strong><\/h2>\n<p>El Tour de Francia femenino 2022 no recorrer\u00e1 todo el pa\u00eds galo. Es imposible en solo ocho de etapas, sino que se centra en el noroeste franc\u00e9s. Desde Par\u00eds a La Planche des Belles Filles en los Vosgos, muy cerca de la frontera con Suiza y Alemania. <strong>No tiene contrarreloj, por lo que se decidir\u00e1 previsiblemente en las dos \u00faltimas jornadas monta\u00f1osa<\/strong>s, aunque la organizaci\u00f3n ha introducido picante antes, con etapas quebradas y caminos de tierra.<\/p>\n<p>La carrera arranca el <strong>domingo 24 de julio en Paris.<\/strong> El mismo d\u00eda que acaba la competici\u00f3n masculina empieza la femenina. La organizaci\u00f3n lo ha llamado la cuarta semana de Tour. La idea, que se siga con el mismo inter\u00e9s de los aficionados que las tres anteriores. Para el primer d\u00eda 11 vueltas por el circuito de los Campos El\u00edseos. 84 kil\u00f3metros en total que no ser\u00e1n decisivos para la general, pero que servir\u00e1n para dar imagen a la carrera por lugares ic\u00f3nicos y con una foto del primer maillot amarillo en el <strong>Arco del Triunfo<\/strong>. Como golpe de efecto a nivel comunicativo, inmejorable.<\/p>\n<figure id=\"attachment_6478\" aria-describedby=\"caption-attachment-6478\" style=\"width: 1024px\" class=\"wp-caption aligncenter\"><a href=\"https:\/\/d2p6e6u75xmxt8.cloudfront.net\/6\/2020\/08\/profimedia-0378093507-1.jpg\"><img loading=\"lazy\" decoding=\"async\" class=\"size-large wp-image-6478\" src=\"https:\/\/d2p6e6u75xmxt8.cloudfront.net\/6\/2020\/08\/profimedia-0378093507-1-1024x682.jpg\" alt=\"Annemiek Van Vleuten\" width=\"1024\" height=\"682\" srcset=\"https:\/\/d2p6e6u75xmxt8.cloudfront.net\/6\/2020\/08\/profimedia-0378093507-1-1024x682.jpg 1024w, https:\/\/d2p6e6u75xmxt8.cloudfront.net\/6\/2020\/08\/profimedia-0378093507-1-300x200.jpg 300w, https:\/\/d2p6e6u75xmxt8.cloudfront.net\/6\/2020\/08\/profimedia-0378093507-1-768x512.jpg 768w, https:\/\/d2p6e6u75xmxt8.cloudfront.net\/6\/2020\/08\/profimedia-0378093507-1-272x182.jpg 272w, https:\/\/d2p6e6u75xmxt8.cloudfront.net\/6\/2020\/08\/profimedia-0378093507-1.jpg 1250w\" sizes=\"auto, (max-width: 1024px) 100vw, 1024px\" \/><\/a><figcaption id=\"caption-attachment-6478\" class=\"wp-caption-text\">Annemiek Van Vleuten (L) y Anna van der Breggen (R) en &#8216;La Course by Le Tour de France&#8217; 2018.\u00a0 BELGA PHOTO YORICK JANSENS<\/figcaption><\/figure>\n<p>&nbsp;<\/p>\n<p>El lunes 25 de julio el pelot\u00f3n femenino comienza su periplo hacia el este. 135 kil\u00f3metros planos con final en Provins y segunda oportunidad consecutiva para las velocistas. El tercer d\u00eda es para las ciclistas valientes y que suelen funcionar en las cl\u00e1sicas. En los 60 kil\u00f3metros finales antes de Epernay no hay ni un metro llano, con <strong>repechos de hasta el 12% y un kil\u00f3metro al 5% muy cerca de meta.<\/strong> All\u00ed en 2019 gan\u00f3 Alaphilippe, as\u00ed que seguramente habr\u00e1 cambio de l\u00edder.<\/p>\n<p>En la cuarta etapa, mi\u00e9rcoles 27 de julio, se estrena el<a href=\"https:\/\/www.letourfemmes.fr\/fr\/etape-4\"> sterrato (en Francia lo llaman caminos de vi\u00f1as)<\/a> pero no es plano como en la Paris Tours, sino en subida. Cuatro repechos de tierra y otros tantos sin ella en los \u00faltimos 60 kil\u00f3metros de etapa, el \u00faltimo a seis de meta. Terreno ideal para romper la carrera y dejar fuera a alguna favorita sin equipo.<\/p>\n<p><img loading=\"lazy\" decoding=\"async\" class=\"size-extra-large\" src=\"https:\/\/img.aso.fr\/core_app\/img-cycling-trf-jpg\/4\/26573\/0:0,1500:1250-960-0-90\/2c264\" alt=\"La cuarta etapa tendr\u00e1 colinas y tierra\" width=\"960\" height=\"800\" \/><\/p>\n<p>La quinta etapa, que acaba en Saint Die des Vosges, es pr\u00e1cticamente plana, pero con una distancia que no es habitual para las vueltas por etapas femeninas, <strong>175 kil\u00f3metros, que har\u00e1 da\u00f1o al pelot\u00f3n antes del tr\u00edptico final.<\/strong><\/p>\n<p>La monta\u00f1a llegar\u00e1 al Tour de Francia Femenino de formo gradual, con la idea de dejar la general pendiente de la \u00faltima etapa. El viernes se atraviesan las colinas alsacianas durante casi 130 kil\u00f3metros con una cota en la parte final.<\/p>\n<p>El primer puerto viene al siguiente d\u00eda, s\u00e1bado 29 de julio. Ser\u00e1 el Petit Ballon de Alsacia, igual que en los inicios del Tour masculino all\u00e1 por los comienzos del Siglo XX. La etapa, pese a tener solo 130 kil\u00f3metros, es de las m\u00e1s duras de las vueltas por etapas femeninas. Adem\u00e1s del<strong> Petit Ballon, 9,3 kil\u00f3metros al 8,1%, se sube el Col du Platzerwasel (7 kil\u00f3metros al 8,3%)<\/strong> y despu\u00e9s de una larga bajada el <strong>Grand Ballon (13 kil\u00f3metros al 6,7%)<\/strong> para sumar unos 3.000 metros de desnivel. Eso s\u00ed, la meta esta en Le Markstein, ocho kil\u00f3metros despu\u00e9s de la cima del Gran Ballon.<br \/>\n<img loading=\"lazy\" decoding=\"async\" class=\"alignnone size-extra-large\" src=\"https:\/\/img.aso.fr\/core_app\/img-cycling-trf-jpg\/7\/26574\/0:0,1500:1250-960-0-90\/5bd12\" width=\"960\" height=\"800\" \/><br \/>\nAs\u00ed que el primer final en alto del Tour de Francia Femenino de 2022 se reserva para la \u00faltima etapa, en la que previsiblemente se decidir\u00e1 el maillot amarillo, aunque antes hay terreno de sobra para marcar diferencias. La \u00faltima jornada, domingo 30 de julio, no es m\u00e1s dura que la previa, pero si acaba en alto y las ciclistas acusar\u00e1n el cansancio de una semana de Tour. Ser\u00e1n 123 kil\u00f3metros con un encadenado final que se ha hecho habitual en la carrera masculina. <strong>Cote d Esmoulieres, Ballon de Alsacia y<\/strong> final en <a href=\"https:\/\/www.letourfemmes.fr\/fr\/etape-8\">La Planche,<\/a> con sus siete kil\u00f3metros al 8,7% y tramos por encima del 12%. All\u00ed ganaron Froome, Nibali o Pogacar, que luego acabaron vestidos de amarillo en Paris.<\/p>\n<p><img loading=\"lazy\" decoding=\"async\" class=\"alignnone size-extra-large\" src=\"https:\/\/img.aso.fr\/core_app\/img-cycling-trf-jpg\/8\/26575\/0:0,1500:1250-960-0-90\/6b316\" width=\"960\" height=\"800\" \/><\/p>\n<p>&nbsp;<\/p>\n","protected":false},"excerpt":{"rendered":"<p>Ha tardado en relanzarse. El Tour de Francia femenino ya existi\u00f3 en los 80\/90, pero nunca recibi\u00f3 el cuidado y [&hellip;]<\/p>\n","protected":false},"author":29,"featured_media":8391,"comment_status":"open","ping_status":"open","sticky":false,"template":"","format":"standard","meta":{"footnotes":""},"categories":[7],"tags":[],"global-categories":[1164],"class_list":["post-8390","post","type-post","status-publish","format-standard","has-post-thumbnail","hentry","category-carretera","global-categories-cycling"],"yoast_head":"<!-- This site is optimized with the Yoast SEO Premium plugin v25.3 (Yoast SEO v25.9) - https:\/\/yoast.com\/wordpress\/plugins\/seo\/ -->\n<title>Tour de Francia Femenino 2022, la puesta de largo<\/title>\n<meta name=\"description\" content=\"Tour de Francia Femenino 2022, la puesta de largo. Recorrido del Tour de Francia femenino, que vuelve despu\u00e9s de a\u00f1os sin disputarse.\" \/>\n<meta name=\"robots\" content=\"index, follow, max-snippet:-1, max-image-preview:large, max-video-preview:-1\" \/>\n<link rel=\"canonical\" href=\"https:\/\/www.welovecycling.com\/es\/2021\/11\/25\/tour-de-francia-femenino\/\" \/>\n<meta property=\"og:locale\" content=\"es_ES\" \/>\n<meta property=\"og:type\" content=\"article\" \/>\n<meta property=\"og:title\" content=\"Tour de Francia Femenino 2022, la puesta de largo\" \/>\n<meta property=\"og:description\" content=\"Tour de Francia Femenino 2022, la puesta de largo. Recorrido del Tour de Francia femenino, que vuelve despu\u00e9s de a\u00f1os sin disputarse.\" \/>\n<meta property=\"og:url\" content=\"https:\/\/www.welovecycling.com\/es\/2021\/11\/25\/tour-de-francia-femenino\/\" \/>\n<meta property=\"og:site_name\" content=\"\u0160koda We Love Cycling - Spain\" \/>\n<meta property=\"article:published_time\" content=\"2021-11-25T19:09:43+00:00\" \/>\n<meta property=\"og:image\" content=\"https:\/\/d2p6e6u75xmxt8.cloudfront.net\/6\/2021\/11\/Tour-Femenino.jpg\" \/>\n\t<meta property=\"og:image:width\" content=\"800\" \/>\n\t<meta property=\"og:image:height\" content=\"1139\" \/>\n\t<meta property=\"og:image:type\" content=\"image\/jpeg\" \/>\n<meta name=\"author\" content=\"We Love Cycling Spain\" \/>\n<meta name=\"twitter:card\" content=\"summary_large_image\" \/>\n<meta name=\"twitter:title\" content=\"Tour de Francia Femenino 2022, la puesta de largo\" \/>\n<meta name=\"twitter:description\" content=\"Tour de Francia Femenino 2022, la puesta de largo. Recorrido del Tour de Francia femenino, que vuelve despu\u00e9s de a\u00f1os sin disputarse.\" \/>\n<meta name=\"twitter:label1\" content=\"Written by\" \/>\n\t<meta name=\"twitter:data1\" content=\"Luis Ortega @ciclored\" \/>\n\t<meta name=\"twitter:label2\" content=\"Est. reading time\" \/>\n\t<meta name=\"twitter:data2\" content=\"4 minutes\" \/>\n<script type=\"application\/ld+json\" class=\"yoast-schema-graph\">{\"@context\":\"https:\/\/schema.org\",\"@graph\":[{\"@type\":\"WebPage\",\"@id\":\"https:\/\/www.welovecycling.com\/es\/2021\/11\/25\/tour-de-francia-femenino\/\",\"url\":\"https:\/\/www.welovecycling.com\/es\/2021\/11\/25\/tour-de-francia-femenino\/\",\"name\":\"Tour de Francia Femenino 2022, la puesta de largo\",\"isPartOf\":{\"@id\":\"https:\/\/www.welovecycling.com\/es\/#website\"},\"primaryImageOfPage\":{\"@id\":\"https:\/\/www.welovecycling.com\/es\/2021\/11\/25\/tour-de-francia-femenino\/#primaryimage\"},\"image\":{\"@id\":\"https:\/\/www.welovecycling.com\/es\/2021\/11\/25\/tour-de-francia-femenino\/#primaryimage\"},\"thumbnailUrl\":\"https:\/\/d2p6e6u75xmxt8.cloudfront.net\/6\/2021\/11\/Tour-Femenino.jpg\",\"datePublished\":\"2021-11-25T19:09:43+00:00\",\"author\":{\"@id\":\"https:\/\/www.welovecycling.com\/es\/#\/schema\/person\/deb61715b5812698ee79fb96f343ccd4\"},\"description\":\"Tour de Francia Femenino 2022, la puesta de largo. Recorrido del Tour de Francia femenino, que vuelve despu\u00e9s de a\u00f1os sin disputarse.\",\"breadcrumb\":{\"@id\":\"https:\/\/www.welovecycling.com\/es\/2021\/11\/25\/tour-de-francia-femenino\/#breadcrumb\"},\"inLanguage\":\"es-ES\",\"potentialAction\":[{\"@type\":\"ReadAction\",\"target\":[\"https:\/\/www.welovecycling.com\/es\/2021\/11\/25\/tour-de-francia-femenino\/\"]}]},{\"@type\":\"ImageObject\",\"inLanguage\":\"es-ES\",\"@id\":\"https:\/\/www.welovecycling.com\/es\/2021\/11\/25\/tour-de-francia-femenino\/#primaryimage\",\"url\":\"https:\/\/d2p6e6u75xmxt8.cloudfront.net\/6\/2021\/11\/Tour-Femenino.jpg\",\"contentUrl\":\"https:\/\/d2p6e6u75xmxt8.cloudfront.net\/6\/2021\/11\/Tour-Femenino.jpg\",\"width\":800,\"height\":1139},{\"@type\":\"BreadcrumbList\",\"@id\":\"https:\/\/www.welovecycling.com\/es\/2021\/11\/25\/tour-de-francia-femenino\/#breadcrumb\",\"itemListElement\":[{\"@type\":\"ListItem\",\"position\":1,\"name\":\"Home\",\"item\":\"https:\/\/www.welovecycling.com\/es\/\"},{\"@type\":\"ListItem\",\"position\":2,\"name\":\"Tour de Francia Femenino 2022, la puesta de largo\"}]},{\"@type\":\"WebSite\",\"@id\":\"https:\/\/www.welovecycling.com\/es\/#website\",\"url\":\"https:\/\/www.welovecycling.com\/es\/\",\"name\":\"\u0160koda We Love Cycling - Spain\",\"description\":\"\u0160koda WeLoveCycling Spain\",\"potentialAction\":[{\"@type\":\"SearchAction\",\"target\":{\"@type\":\"EntryPoint\",\"urlTemplate\":\"https:\/\/www.welovecycling.com\/es\/?s={search_term_string}\"},\"query-input\":{\"@type\":\"PropertyValueSpecification\",\"valueRequired\":true,\"valueName\":\"search_term_string\"}}],\"inLanguage\":\"es-ES\"},{\"@type\":\"Person\",\"@id\":\"https:\/\/www.welovecycling.com\/es\/#\/schema\/person\/deb61715b5812698ee79fb96f343ccd4\",\"name\":\"We Love Cycling Spain\",\"image\":{\"@type\":\"ImageObject\",\"inLanguage\":\"es-ES\",\"@id\":\"https:\/\/www.welovecycling.com\/es\/#\/schema\/person\/image\/\",\"url\":\"https:\/\/secure.gravatar.com\/avatar\/c824b04e6df0e37a03219d0b6481672889df542894588964102459e46513159c?s=96&d=mm&r=g\",\"contentUrl\":\"https:\/\/secure.gravatar.com\/avatar\/c824b04e6df0e37a03219d0b6481672889df542894588964102459e46513159c?s=96&d=mm&r=g\",\"caption\":\"We Love Cycling Spain\"},\"url\":\"https:\/\/www.welovecycling.com\/es\/author\/amunoz\/\"}]}<\/script>\n<!-- \/ Yoast SEO Premium plugin. -->","yoast_head_json":{"title":"Tour de Francia Femenino 2022, la puesta de largo","description":"Tour de Francia Femenino 2022, la puesta de largo. Recorrido del Tour de Francia femenino, que vuelve despu\u00e9s de a\u00f1os sin disputarse.","robots":{"index":"index","follow":"follow","max-snippet":"max-snippet:-1","max-image-preview":"max-image-preview:large","max-video-preview":"max-video-preview:-1"},"canonical":"https:\/\/www.welovecycling.com\/es\/2021\/11\/25\/tour-de-francia-femenino\/","og_locale":"es_ES","og_type":"article","og_title":"Tour de Francia Femenino 2022, la puesta de largo","og_description":"Tour de Francia Femenino 2022, la puesta de largo. Recorrido del Tour de Francia femenino, que vuelve despu\u00e9s de a\u00f1os sin disputarse.","og_url":"https:\/\/www.welovecycling.com\/es\/2021\/11\/25\/tour-de-francia-femenino\/","og_site_name":"\u0160koda We Love Cycling - Spain","article_published_time":"2021-11-25T19:09:43+00:00","og_image":[{"width":800,"height":1139,"url":"https:\/\/d2p6e6u75xmxt8.cloudfront.net\/6\/2021\/11\/Tour-Femenino.jpg","type":"image\/jpeg"}],"author":"We Love Cycling Spain","twitter_card":"summary_large_image","twitter_title":"Tour de Francia Femenino 2022, la puesta de largo","twitter_description":"Tour de Francia Femenino 2022, la puesta de largo. Recorrido del Tour de Francia femenino, que vuelve despu\u00e9s de a\u00f1os sin disputarse.","twitter_misc":{"Written by":"Luis Ortega @ciclored","Est. reading time":"4 minutes"},"schema":{"@context":"https:\/\/schema.org","@graph":[{"@type":"WebPage","@id":"https:\/\/www.welovecycling.com\/es\/2021\/11\/25\/tour-de-francia-femenino\/","url":"https:\/\/www.welovecycling.com\/es\/2021\/11\/25\/tour-de-francia-femenino\/","name":"Tour de Francia Femenino 2022, la puesta de largo","isPartOf":{"@id":"https:\/\/www.welovecycling.com\/es\/#website"},"primaryImageOfPage":{"@id":"https:\/\/www.welovecycling.com\/es\/2021\/11\/25\/tour-de-francia-femenino\/#primaryimage"},"image":{"@id":"https:\/\/www.welovecycling.com\/es\/2021\/11\/25\/tour-de-francia-femenino\/#primaryimage"},"thumbnailUrl":"https:\/\/d2p6e6u75xmxt8.cloudfront.net\/6\/2021\/11\/Tour-Femenino.jpg","datePublished":"2021-11-25T19:09:43+00:00","author":{"@id":"https:\/\/www.welovecycling.com\/es\/#\/schema\/person\/deb61715b5812698ee79fb96f343ccd4"},"description":"Tour de Francia Femenino 2022, la puesta de largo. Recorrido del Tour de Francia femenino, que vuelve despu\u00e9s de a\u00f1os sin disputarse.","breadcrumb":{"@id":"https:\/\/www.welovecycling.com\/es\/2021\/11\/25\/tour-de-francia-femenino\/#breadcrumb"},"inLanguage":"es-ES","potentialAction":[{"@type":"ReadAction","target":["https:\/\/www.welovecycling.com\/es\/2021\/11\/25\/tour-de-francia-femenino\/"]}]},{"@type":"ImageObject","inLanguage":"es-ES","@id":"https:\/\/www.welovecycling.com\/es\/2021\/11\/25\/tour-de-francia-femenino\/#primaryimage","url":"https:\/\/d2p6e6u75xmxt8.cloudfront.net\/6\/2021\/11\/Tour-Femenino.jpg","contentUrl":"https:\/\/d2p6e6u75xmxt8.cloudfront.net\/6\/2021\/11\/Tour-Femenino.jpg","width":800,"height":1139},{"@type":"BreadcrumbList","@id":"https:\/\/www.welovecycling.com\/es\/2021\/11\/25\/tour-de-francia-femenino\/#breadcrumb","itemListElement":[{"@type":"ListItem","position":1,"name":"Home","item":"https:\/\/www.welovecycling.com\/es\/"},{"@type":"ListItem","position":2,"name":"Tour de Francia Femenino 2022, la puesta de largo"}]},{"@type":"WebSite","@id":"https:\/\/www.welovecycling.com\/es\/#website","url":"https:\/\/www.welovecycling.com\/es\/","name":"\u0160koda We Love Cycling - Spain","description":"\u0160koda WeLoveCycling Spain","potentialAction":[{"@type":"SearchAction","target":{"@type":"EntryPoint","urlTemplate":"https:\/\/www.welovecycling.com\/es\/?s={search_term_string}"},"query-input":{"@type":"PropertyValueSpecification","valueRequired":true,"valueName":"search_term_string"}}],"inLanguage":"es-ES"},{"@type":"Person","@id":"https:\/\/www.welovecycling.com\/es\/#\/schema\/person\/deb61715b5812698ee79fb96f343ccd4","name":"We Love Cycling Spain","image":{"@type":"ImageObject","inLanguage":"es-ES","@id":"https:\/\/www.welovecycling.com\/es\/#\/schema\/person\/image\/","url":"https:\/\/secure.gravatar.com\/avatar\/c824b04e6df0e37a03219d0b6481672889df542894588964102459e46513159c?s=96&d=mm&r=g","contentUrl":"https:\/\/secure.gravatar.com\/avatar\/c824b04e6df0e37a03219d0b6481672889df542894588964102459e46513159c?s=96&d=mm&r=g","caption":"We Love Cycling Spain"},"url":"https:\/\/www.welovecycling.com\/es\/author\/amunoz\/"}]}},"_links":{"self":[{"href":"https:\/\/www.welovecycling.com\/es\/wp-json\/wp\/v2\/posts\/8390","targetHints":{"allow":["GET"]}}],"collection":[{"href":"https:\/\/www.welovecycling.com\/es\/wp-json\/wp\/v2\/posts"}],"about":[{"href":"https:\/\/www.welovecycling.com\/es\/wp-json\/wp\/v2\/types\/post"}],"author":[{"embeddable":true,"href":"https:\/\/www.welovecycling.com\/es\/wp-json\/wp\/v2\/users\/29"}],"replies":[{"embeddable":true,"href":"https:\/\/www.welovecycling.com\/es\/wp-json\/wp\/v2\/comments?post=8390"}],"version-history":[{"count":2,"href":"https:\/\/www.welovecycling.com\/es\/wp-json\/wp\/v2\/posts\/8390\/revisions"}],"predecessor-version":[{"id":8395,"href":"https:\/\/www.welovecycling.com\/es\/wp-json\/wp\/v2\/posts\/8390\/revisions\/8395"}],"wp:featuredmedia":[{"embeddable":true,"href":"https:\/\/www.welovecycling.com\/es\/wp-json\/wp\/v2\/media\/8391"}],"wp:attachment":[{"href":"https:\/\/www.welovecycling.com\/es\/wp-json\/wp\/v2\/media?parent=8390"}],"wp:term":[{"taxonomy":"category","embeddable":true,"href":"https:\/\/www.welovecycling.com\/es\/wp-json\/wp\/v2\/categories?post=8390"},{"taxonomy":"post_tag","embeddable":true,"href":"https:\/\/www.welovecycling.com\/es\/wp-json\/wp\/v2\/tags?post=8390"},{"taxonomy":"global-categories","embeddable":true,"href":"https:\/\/www.welovecycling.com\/es\/wp-json\/wp\/v2\/global-categories?post=8390"}],"curies":[{"name":"wp","href":"https:\/\/api.w.org\/{rel}","templated":true}]}}