{"id":8354,"date":"2021-11-19T13:54:46","date_gmt":"2021-11-19T11:54:46","guid":{"rendered":"https:\/\/www.welovecycling.com\/es\/?p=8354"},"modified":"2021-11-16T14:03:02","modified_gmt":"2021-11-16T12:03:02","slug":"peores-carriles-bici-espana","status":"publish","type":"post","link":"https:\/\/www.welovecycling.com\/es\/2021\/11\/19\/peores-carriles-bici-espana\/","title":{"rendered":"Los peores carriles bici de Espa\u00f1a"},"content":{"rendered":"<p><strong>No hace mucho, nos propusimos un nuevo y audaz objetivo para la revista We Love Cycling: <a href=\"https:\/\/www.welovecycling.com\/wide\/worst-cycle-lane\/\">recopilar todos los peores<\/a> carriles bici del mundo que pudi\u00e9ramos y reunirlos en la mayor galer\u00eda de este tipo. As\u00ed naci\u00f3 la galer\u00eda de los peores carriles bici del mundo. Ha sido impulsada exclusivamente por las aportaciones de los usuarios. Aqu\u00ed est\u00e1 nuestra selecci\u00f3n de las &#8220;mejores&#8221; entradas de Espa\u00f1a. Es decir, de los peores carriles bici de Espa\u00f1a.<\/strong><\/p>\n<p><!--more--><\/p>\n<p>Los dos \u00faltimos a\u00f1os pasados por la pandemia de Covid-19 parecen haber servido de catalizador para varias mejoras relacionadas con el ciclismo. La capital espa\u00f1ola est\u00e1 cosechando ahora los beneficios de un novedoso sistema de planificaci\u00f3n del transporte denominado &#8220;<a href=\"https:\/\/usa.streetsblog.org\/2020\/08\/11\/is-it-time-for-the-u-s-to-try-the-madrid-model-of-vehicular-cycling-infrastructure\/\">Modelo Madrid&#8221;<\/a> que se viene aplicando desde 2013. Adem\u00e1s, en el verano de 2021, el gobierno espa\u00f1ol ha aprobado la primera <a href=\"https:\/\/ecf.com\/news-and-events\/news\/spain-approves-its-first-ever-national-cycling-strategy\">estrategia nacional para el uso de la bicicleta<\/a> con un presupuesto de cinco millones de euros, dedicado exclusivamente a la mejora de las infraestructuras ciclistas. Esperamos que al menos algunas de las mejores propuestas de la galer\u00eda se beneficien de estas iniciativas.<\/p>\n<p>&nbsp;<\/p>\n<h2><strong>1. Carril de obst\u00e1culos<\/strong><\/h2>\n<figure id=\"attachment_8355\" aria-describedby=\"caption-attachment-8355\" style=\"width: 695px\" class=\"wp-caption alignnone\"><a href=\"https:\/\/d2p6e6u75xmxt8.cloudfront.net\/6\/2021\/11\/Arrow_cycle-lane.jpg\"><img loading=\"lazy\" decoding=\"async\" class=\"wp-image-8355\" src=\"https:\/\/d2p6e6u75xmxt8.cloudfront.net\/6\/2021\/11\/Arrow_cycle-lane.jpg\" alt=\"Spain cycle lane\" width=\"695\" height=\"695\" srcset=\"https:\/\/d2p6e6u75xmxt8.cloudfront.net\/6\/2021\/11\/Arrow_cycle-lane.jpg 1080w, https:\/\/d2p6e6u75xmxt8.cloudfront.net\/6\/2021\/11\/Arrow_cycle-lane-300x300.jpg 300w, https:\/\/d2p6e6u75xmxt8.cloudfront.net\/6\/2021\/11\/Arrow_cycle-lane-1024x1024.jpg 1024w, https:\/\/d2p6e6u75xmxt8.cloudfront.net\/6\/2021\/11\/Arrow_cycle-lane-150x150.jpg 150w, https:\/\/d2p6e6u75xmxt8.cloudfront.net\/6\/2021\/11\/Arrow_cycle-lane-768x768.jpg 768w\" sizes=\"auto, (max-width: 695px) 100vw, 695px\" \/><\/a><figcaption id=\"caption-attachment-8355\" class=\"wp-caption-text\">Elche<\/figcaption><\/figure>\n<h2><strong><br \/>\n2. Precioso<\/strong><\/h2>\n<figure style=\"width: 695px\" class=\"wp-caption alignnone\"><a href=\"https:\/\/d2p6e6u75xmxt8.cloudfront.net\/6\/2021\/11\/Chicane_61252559c6571.jpg\"><img loading=\"lazy\" decoding=\"async\" class=\"wp-image-8356\" src=\"https:\/\/d2p6e6u75xmxt8.cloudfront.net\/6\/2021\/11\/Chicane_61252559c6571.jpg\" alt=\"Valencia cycle lane\" width=\"695\" height=\"695\" srcset=\"https:\/\/d2p6e6u75xmxt8.cloudfront.net\/6\/2021\/11\/Chicane_61252559c6571.jpg 976w, https:\/\/d2p6e6u75xmxt8.cloudfront.net\/6\/2021\/11\/Chicane_61252559c6571-300x300.jpg 300w, https:\/\/d2p6e6u75xmxt8.cloudfront.net\/6\/2021\/11\/Chicane_61252559c6571-150x150.jpg 150w, https:\/\/d2p6e6u75xmxt8.cloudfront.net\/6\/2021\/11\/Chicane_61252559c6571-768x768.jpg 768w\" sizes=\"auto, (max-width: 695px) 100vw, 695px\" \/><\/a><figcaption class=\"wp-caption-text\">Valencia<\/figcaption><\/figure>\n<p>&nbsp;<\/p>\n<h2><strong>3. Y ahora \u00bfpara adonde?<\/strong><\/h2>\n<div class=\"mceTemp\">\n<p><a href=\"https:\/\/d2p6e6u75xmxt8.cloudfront.net\/6\/2021\/11\/IruC3B1a2FPamplona_6118b80cbcd08.jpg\"><img loading=\"lazy\" decoding=\"async\" class=\"wp-image-8357 size-full\" src=\"https:\/\/d2p6e6u75xmxt8.cloudfront.net\/6\/2021\/11\/IruC3B1a2FPamplona_6118b80cbcd08.jpg\" alt=\"Pamplona cycle lane\" width=\"695\" height=\"695\" srcset=\"https:\/\/d2p6e6u75xmxt8.cloudfront.net\/6\/2021\/11\/IruC3B1a2FPamplona_6118b80cbcd08.jpg 695w, https:\/\/d2p6e6u75xmxt8.cloudfront.net\/6\/2021\/11\/IruC3B1a2FPamplona_6118b80cbcd08-300x300.jpg 300w, https:\/\/d2p6e6u75xmxt8.cloudfront.net\/6\/2021\/11\/IruC3B1a2FPamplona_6118b80cbcd08-150x150.jpg 150w\" sizes=\"auto, (max-width: 695px) 100vw, 695px\" \/><\/a><\/p>\n<h2><strong>4. Atravesamos el muro<\/strong><\/h2>\n<figure id=\"attachment_8357\" aria-describedby=\"caption-attachment-8357\" style=\"width: 695px\" class=\"wp-caption alignnone\"><a href=\"https:\/\/d2p6e6u75xmxt8.cloudfront.net\/6\/2021\/11\/Coyote-cycle-lane.jpg\"><img loading=\"lazy\" decoding=\"async\" class=\"size-full wp-image-8358\" src=\"https:\/\/d2p6e6u75xmxt8.cloudfront.net\/6\/2021\/11\/Coyote-cycle-lane.jpg\" alt=\"Logro\u00f1o cycle lane\" width=\"695\" height=\"695\" srcset=\"https:\/\/d2p6e6u75xmxt8.cloudfront.net\/6\/2021\/11\/Coyote-cycle-lane.jpg 695w, https:\/\/d2p6e6u75xmxt8.cloudfront.net\/6\/2021\/11\/Coyote-cycle-lane-300x300.jpg 300w, https:\/\/d2p6e6u75xmxt8.cloudfront.net\/6\/2021\/11\/Coyote-cycle-lane-150x150.jpg 150w\" sizes=\"auto, (max-width: 695px) 100vw, 695px\" \/><\/a><figcaption id=\"caption-attachment-8357\" class=\"wp-caption-text\">Pamplona<\/figcaption><\/figure>\n<h2><strong>5. Por favor. Aparque aqu\u00ed<\/strong><\/h2>\n<\/div>\n<figure id=\"attachment_8359\" aria-describedby=\"caption-attachment-8359\" style=\"width: 695px\" class=\"wp-caption alignnone\"><a href=\"https:\/\/d2p6e6u75xmxt8.cloudfront.net\/6\/2021\/11\/Bidegorrianingunaparte_6129c481b1d56.jpg\"><img loading=\"lazy\" decoding=\"async\" class=\"wp-image-8359\" src=\"https:\/\/d2p6e6u75xmxt8.cloudfront.net\/6\/2021\/11\/Bidegorrianingunaparte_6129c481b1d56.jpg\" alt=\"Bilbao cycle lane\" width=\"695\" height=\"695\" srcset=\"https:\/\/d2p6e6u75xmxt8.cloudfront.net\/6\/2021\/11\/Bidegorrianingunaparte_6129c481b1d56.jpg 956w, https:\/\/d2p6e6u75xmxt8.cloudfront.net\/6\/2021\/11\/Bidegorrianingunaparte_6129c481b1d56-300x300.jpg 300w, https:\/\/d2p6e6u75xmxt8.cloudfront.net\/6\/2021\/11\/Bidegorrianingunaparte_6129c481b1d56-150x150.jpg 150w, https:\/\/d2p6e6u75xmxt8.cloudfront.net\/6\/2021\/11\/Bidegorrianingunaparte_6129c481b1d56-768x768.jpg 768w\" sizes=\"auto, (max-width: 695px) 100vw, 695px\" \/><\/a><figcaption id=\"caption-attachment-8359\" class=\"wp-caption-text\">Bilbao<\/figcaption><\/figure>\n<h2><strong><br \/>\n6. A ver si cabes<\/strong><\/h2>\n<figure id=\"attachment_8360\" aria-describedby=\"caption-attachment-8360\" style=\"width: 695px\" class=\"wp-caption alignnone\"><a href=\"https:\/\/d2p6e6u75xmxt8.cloudfront.net\/6\/2021\/11\/Orihuela_612d05542dd97.jpg\"><img loading=\"lazy\" decoding=\"async\" class=\"wp-image-8360\" src=\"https:\/\/d2p6e6u75xmxt8.cloudfront.net\/6\/2021\/11\/Orihuela_612d05542dd97.jpg\" alt=\"Orihuela cycle lane\" width=\"695\" height=\"695\" srcset=\"https:\/\/d2p6e6u75xmxt8.cloudfront.net\/6\/2021\/11\/Orihuela_612d05542dd97.jpg 1111w, https:\/\/d2p6e6u75xmxt8.cloudfront.net\/6\/2021\/11\/Orihuela_612d05542dd97-300x300.jpg 300w, https:\/\/d2p6e6u75xmxt8.cloudfront.net\/6\/2021\/11\/Orihuela_612d05542dd97-1024x1024.jpg 1024w, https:\/\/d2p6e6u75xmxt8.cloudfront.net\/6\/2021\/11\/Orihuela_612d05542dd97-150x150.jpg 150w, https:\/\/d2p6e6u75xmxt8.cloudfront.net\/6\/2021\/11\/Orihuela_612d05542dd97-768x768.jpg 768w\" sizes=\"auto, (max-width: 695px) 100vw, 695px\" \/><\/a><figcaption id=\"caption-attachment-8360\" class=\"wp-caption-text\">Orihuela<\/figcaption><\/figure>\n","protected":false},"excerpt":{"rendered":"<p>No hace mucho, nos propusimos un nuevo y audaz objetivo para la revista We Love Cycling: recopilar todos los peores [&hellip;]<\/p>\n","protected":false},"author":29,"featured_media":8362,"comment_status":"open","ping_status":"open","sticky":false,"template":"","format":"standard","meta":{"footnotes":""},"categories":[8,6],"tags":[2164],"global-categories":[],"class_list":["post-8354","post","type-post","status-publish","format-standard","has-post-thumbnail","hentry","category-life-style","category-urban","tag-carril-bici"],"yoast_head":"<!-- This site is optimized with the Yoast SEO Premium plugin v25.3 (Yoast SEO v25.9) - https:\/\/yoast.com\/wordpress\/plugins\/seo\/ -->\n<title>Los peores carriles bici de Espa\u00f1a - \u0160koda We Love Cycling - Spain<\/title>\n<meta name=\"description\" content=\"Los peores carriles bici de Espa\u00f1a. La lista de los peores carriles bici de Espa\u00f1a recopilada por los usuarios de We Love Cycling.\" \/>\n<meta name=\"robots\" content=\"index, follow, max-snippet:-1, max-image-preview:large, max-video-preview:-1\" \/>\n<link rel=\"canonical\" href=\"https:\/\/www.welovecycling.com\/es\/2021\/11\/19\/peores-carriles-bici-espana\/\" \/>\n<meta property=\"og:locale\" content=\"es_ES\" \/>\n<meta property=\"og:type\" content=\"article\" \/>\n<meta property=\"og:title\" content=\"Los peores carriles bici de Espa\u00f1a\" \/>\n<meta property=\"og:description\" content=\"Los peores carriles bici de Espa\u00f1a. La lista de los peores carriles bici de Espa\u00f1a recopilada por los usuarios de We Love Cycling.\" \/>\n<meta property=\"og:url\" content=\"https:\/\/www.welovecycling.com\/es\/2021\/11\/19\/peores-carriles-bici-espana\/\" \/>\n<meta property=\"og:site_name\" content=\"\u0160koda We Love Cycling - Spain\" \/>\n<meta property=\"article:published_time\" content=\"2021-11-19T11:54:46+00:00\" \/>\n<meta property=\"og:image\" content=\"https:\/\/d2p6e6u75xmxt8.cloudfront.net\/6\/2021\/11\/Spain-Worst-Cycle-Lanes-CVR.jpg\" \/>\n\t<meta property=\"og:image:width\" content=\"1366\" \/>\n\t<meta property=\"og:image:height\" content=\"600\" \/>\n\t<meta property=\"og:image:type\" content=\"image\/jpeg\" \/>\n<meta name=\"author\" content=\"We Love Cycling Spain\" \/>\n<meta name=\"twitter:card\" content=\"summary_large_image\" \/>\n<meta name=\"twitter:title\" content=\"Los peores carriles bici de Espa\u00f1a\" \/>\n<meta name=\"twitter:description\" content=\"Los peores carriles bici de Espa\u00f1a. La lista de los peores carriles bici de Espa\u00f1a recopilada por los usuarios de We Love Cycling.\" \/>\n<meta name=\"twitter:label1\" content=\"Written by\" \/>\n\t<meta name=\"twitter:data1\" content=\"WeLoveCycling\" \/>\n\t<meta name=\"twitter:label2\" content=\"Est. reading time\" \/>\n\t<meta name=\"twitter:data2\" content=\"5\" \/>\n<script type=\"application\/ld+json\" class=\"yoast-schema-graph\">{\"@context\":\"https:\/\/schema.org\",\"@graph\":[{\"@type\":\"WebPage\",\"@id\":\"https:\/\/www.welovecycling.com\/es\/2021\/11\/19\/peores-carriles-bici-espana\/\",\"url\":\"https:\/\/www.welovecycling.com\/es\/2021\/11\/19\/peores-carriles-bici-espana\/\",\"name\":\"Los peores carriles bici de Espa\u00f1a - \u0160koda We Love Cycling - Spain\",\"isPartOf\":{\"@id\":\"https:\/\/www.welovecycling.com\/es\/#website\"},\"primaryImageOfPage\":{\"@id\":\"https:\/\/www.welovecycling.com\/es\/2021\/11\/19\/peores-carriles-bici-espana\/#primaryimage\"},\"image\":{\"@id\":\"https:\/\/www.welovecycling.com\/es\/2021\/11\/19\/peores-carriles-bici-espana\/#primaryimage\"},\"thumbnailUrl\":\"https:\/\/d2p6e6u75xmxt8.cloudfront.net\/6\/2021\/11\/Spain-Worst-Cycle-Lanes-CVR.jpg\",\"datePublished\":\"2021-11-19T11:54:46+00:00\",\"author\":{\"@id\":\"https:\/\/www.welovecycling.com\/es\/#\/schema\/person\/deb61715b5812698ee79fb96f343ccd4\"},\"description\":\"Los peores carriles bici de Espa\u00f1a. La lista de los peores carriles bici de Espa\u00f1a recopilada por los usuarios de We Love Cycling.\",\"breadcrumb\":{\"@id\":\"https:\/\/www.welovecycling.com\/es\/2021\/11\/19\/peores-carriles-bici-espana\/#breadcrumb\"},\"inLanguage\":\"es-ES\",\"potentialAction\":[{\"@type\":\"ReadAction\",\"target\":[\"https:\/\/www.welovecycling.com\/es\/2021\/11\/19\/peores-carriles-bici-espana\/\"]}]},{\"@type\":\"ImageObject\",\"inLanguage\":\"es-ES\",\"@id\":\"https:\/\/www.welovecycling.com\/es\/2021\/11\/19\/peores-carriles-bici-espana\/#primaryimage\",\"url\":\"https:\/\/d2p6e6u75xmxt8.cloudfront.net\/6\/2021\/11\/Spain-Worst-Cycle-Lanes-CVR.jpg\",\"contentUrl\":\"https:\/\/d2p6e6u75xmxt8.cloudfront.net\/6\/2021\/11\/Spain-Worst-Cycle-Lanes-CVR.jpg\",\"width\":1366,\"height\":600},{\"@type\":\"BreadcrumbList\",\"@id\":\"https:\/\/www.welovecycling.com\/es\/2021\/11\/19\/peores-carriles-bici-espana\/#breadcrumb\",\"itemListElement\":[{\"@type\":\"ListItem\",\"position\":1,\"name\":\"Home\",\"item\":\"https:\/\/www.welovecycling.com\/es\/\"},{\"@type\":\"ListItem\",\"position\":2,\"name\":\"Los peores carriles bici de Espa\u00f1a\"}]},{\"@type\":\"WebSite\",\"@id\":\"https:\/\/www.welovecycling.com\/es\/#website\",\"url\":\"https:\/\/www.welovecycling.com\/es\/\",\"name\":\"\u0160koda We Love Cycling - Spain\",\"description\":\"\u0160koda WeLoveCycling Spain\",\"potentialAction\":[{\"@type\":\"SearchAction\",\"target\":{\"@type\":\"EntryPoint\",\"urlTemplate\":\"https:\/\/www.welovecycling.com\/es\/?s={search_term_string}\"},\"query-input\":{\"@type\":\"PropertyValueSpecification\",\"valueRequired\":true,\"valueName\":\"search_term_string\"}}],\"inLanguage\":\"es-ES\"},{\"@type\":\"Person\",\"@id\":\"https:\/\/www.welovecycling.com\/es\/#\/schema\/person\/deb61715b5812698ee79fb96f343ccd4\",\"name\":\"We Love Cycling Spain\",\"image\":{\"@type\":\"ImageObject\",\"inLanguage\":\"es-ES\",\"@id\":\"https:\/\/www.welovecycling.com\/es\/#\/schema\/person\/image\/\",\"url\":\"https:\/\/secure.gravatar.com\/avatar\/c824b04e6df0e37a03219d0b6481672889df542894588964102459e46513159c?s=96&d=mm&r=g\",\"contentUrl\":\"https:\/\/secure.gravatar.com\/avatar\/c824b04e6df0e37a03219d0b6481672889df542894588964102459e46513159c?s=96&d=mm&r=g\",\"caption\":\"We Love Cycling Spain\"},\"url\":\"https:\/\/www.welovecycling.com\/es\/author\/amunoz\/\"}]}<\/script>\n<!-- \/ Yoast SEO Premium plugin. -->","yoast_head_json":{"title":"Los peores carriles bici de Espa\u00f1a - \u0160koda We Love Cycling - Spain","description":"Los peores carriles bici de Espa\u00f1a. La lista de los peores carriles bici de Espa\u00f1a recopilada por los usuarios de We Love Cycling.","robots":{"index":"index","follow":"follow","max-snippet":"max-snippet:-1","max-image-preview":"max-image-preview:large","max-video-preview":"max-video-preview:-1"},"canonical":"https:\/\/www.welovecycling.com\/es\/2021\/11\/19\/peores-carriles-bici-espana\/","og_locale":"es_ES","og_type":"article","og_title":"Los peores carriles bici de Espa\u00f1a","og_description":"Los peores carriles bici de Espa\u00f1a. La lista de los peores carriles bici de Espa\u00f1a recopilada por los usuarios de We Love Cycling.","og_url":"https:\/\/www.welovecycling.com\/es\/2021\/11\/19\/peores-carriles-bici-espana\/","og_site_name":"\u0160koda We Love Cycling - Spain","article_published_time":"2021-11-19T11:54:46+00:00","og_image":[{"width":1366,"height":600,"url":"https:\/\/d2p6e6u75xmxt8.cloudfront.net\/6\/2021\/11\/Spain-Worst-Cycle-Lanes-CVR.jpg","type":"image\/jpeg"}],"author":"We Love Cycling Spain","twitter_card":"summary_large_image","twitter_title":"Los peores carriles bici de Espa\u00f1a","twitter_description":"Los peores carriles bici de Espa\u00f1a. La lista de los peores carriles bici de Espa\u00f1a recopilada por los usuarios de We Love Cycling.","twitter_misc":{"Written by":"WeLoveCycling","Est. reading time":"5"},"schema":{"@context":"https:\/\/schema.org","@graph":[{"@type":"WebPage","@id":"https:\/\/www.welovecycling.com\/es\/2021\/11\/19\/peores-carriles-bici-espana\/","url":"https:\/\/www.welovecycling.com\/es\/2021\/11\/19\/peores-carriles-bici-espana\/","name":"Los peores carriles bici de Espa\u00f1a - \u0160koda We Love Cycling - Spain","isPartOf":{"@id":"https:\/\/www.welovecycling.com\/es\/#website"},"primaryImageOfPage":{"@id":"https:\/\/www.welovecycling.com\/es\/2021\/11\/19\/peores-carriles-bici-espana\/#primaryimage"},"image":{"@id":"https:\/\/www.welovecycling.com\/es\/2021\/11\/19\/peores-carriles-bici-espana\/#primaryimage"},"thumbnailUrl":"https:\/\/d2p6e6u75xmxt8.cloudfront.net\/6\/2021\/11\/Spain-Worst-Cycle-Lanes-CVR.jpg","datePublished":"2021-11-19T11:54:46+00:00","author":{"@id":"https:\/\/www.welovecycling.com\/es\/#\/schema\/person\/deb61715b5812698ee79fb96f343ccd4"},"description":"Los peores carriles bici de Espa\u00f1a. La lista de los peores carriles bici de Espa\u00f1a recopilada por los usuarios de We Love Cycling.","breadcrumb":{"@id":"https:\/\/www.welovecycling.com\/es\/2021\/11\/19\/peores-carriles-bici-espana\/#breadcrumb"},"inLanguage":"es-ES","potentialAction":[{"@type":"ReadAction","target":["https:\/\/www.welovecycling.com\/es\/2021\/11\/19\/peores-carriles-bici-espana\/"]}]},{"@type":"ImageObject","inLanguage":"es-ES","@id":"https:\/\/www.welovecycling.com\/es\/2021\/11\/19\/peores-carriles-bici-espana\/#primaryimage","url":"https:\/\/d2p6e6u75xmxt8.cloudfront.net\/6\/2021\/11\/Spain-Worst-Cycle-Lanes-CVR.jpg","contentUrl":"https:\/\/d2p6e6u75xmxt8.cloudfront.net\/6\/2021\/11\/Spain-Worst-Cycle-Lanes-CVR.jpg","width":1366,"height":600},{"@type":"BreadcrumbList","@id":"https:\/\/www.welovecycling.com\/es\/2021\/11\/19\/peores-carriles-bici-espana\/#breadcrumb","itemListElement":[{"@type":"ListItem","position":1,"name":"Home","item":"https:\/\/www.welovecycling.com\/es\/"},{"@type":"ListItem","position":2,"name":"Los peores carriles bici de Espa\u00f1a"}]},{"@type":"WebSite","@id":"https:\/\/www.welovecycling.com\/es\/#website","url":"https:\/\/www.welovecycling.com\/es\/","name":"\u0160koda We Love Cycling - Spain","description":"\u0160koda WeLoveCycling Spain","potentialAction":[{"@type":"SearchAction","target":{"@type":"EntryPoint","urlTemplate":"https:\/\/www.welovecycling.com\/es\/?s={search_term_string}"},"query-input":{"@type":"PropertyValueSpecification","valueRequired":true,"valueName":"search_term_string"}}],"inLanguage":"es-ES"},{"@type":"Person","@id":"https:\/\/www.welovecycling.com\/es\/#\/schema\/person\/deb61715b5812698ee79fb96f343ccd4","name":"We Love Cycling Spain","image":{"@type":"ImageObject","inLanguage":"es-ES","@id":"https:\/\/www.welovecycling.com\/es\/#\/schema\/person\/image\/","url":"https:\/\/secure.gravatar.com\/avatar\/c824b04e6df0e37a03219d0b6481672889df542894588964102459e46513159c?s=96&d=mm&r=g","contentUrl":"https:\/\/secure.gravatar.com\/avatar\/c824b04e6df0e37a03219d0b6481672889df542894588964102459e46513159c?s=96&d=mm&r=g","caption":"We Love Cycling Spain"},"url":"https:\/\/www.welovecycling.com\/es\/author\/amunoz\/"}]}},"_links":{"self":[{"href":"https:\/\/www.welovecycling.com\/es\/wp-json\/wp\/v2\/posts\/8354","targetHints":{"allow":["GET"]}}],"collection":[{"href":"https:\/\/www.welovecycling.com\/es\/wp-json\/wp\/v2\/posts"}],"about":[{"href":"https:\/\/www.welovecycling.com\/es\/wp-json\/wp\/v2\/types\/post"}],"author":[{"embeddable":true,"href":"https:\/\/www.welovecycling.com\/es\/wp-json\/wp\/v2\/users\/29"}],"replies":[{"embeddable":true,"href":"https:\/\/www.welovecycling.com\/es\/wp-json\/wp\/v2\/comments?post=8354"}],"version-history":[{"count":2,"href":"https:\/\/www.welovecycling.com\/es\/wp-json\/wp\/v2\/posts\/8354\/revisions"}],"predecessor-version":[{"id":8363,"href":"https:\/\/www.welovecycling.com\/es\/wp-json\/wp\/v2\/posts\/8354\/revisions\/8363"}],"wp:featuredmedia":[{"embeddable":true,"href":"https:\/\/www.welovecycling.com\/es\/wp-json\/wp\/v2\/media\/8362"}],"wp:attachment":[{"href":"https:\/\/www.welovecycling.com\/es\/wp-json\/wp\/v2\/media?parent=8354"}],"wp:term":[{"taxonomy":"category","embeddable":true,"href":"https:\/\/www.welovecycling.com\/es\/wp-json\/wp\/v2\/categories?post=8354"},{"taxonomy":"post_tag","embeddable":true,"href":"https:\/\/www.welovecycling.com\/es\/wp-json\/wp\/v2\/tags?post=8354"},{"taxonomy":"global-categories","embeddable":true,"href":"https:\/\/www.welovecycling.com\/es\/wp-json\/wp\/v2\/global-categories?post=8354"}],"curies":[{"name":"wp","href":"https:\/\/api.w.org\/{rel}","templated":true}]}}