{"id":8348,"date":"2021-11-15T20:08:39","date_gmt":"2021-11-15T18:08:39","guid":{"rendered":"https:\/\/www.welovecycling.com\/es\/?p=8348"},"modified":"2021-11-14T22:30:59","modified_gmt":"2021-11-14T20:30:59","slug":"el-ocaso-de-la-generacion-ciclista-del-90","status":"publish","type":"post","link":"https:\/\/www.welovecycling.com\/es\/2021\/11\/15\/el-ocaso-de-la-generacion-ciclista-del-90\/","title":{"rendered":"El ocaso de la generaci\u00f3n ciclista del 90"},"content":{"rendered":"<p><strong>Hace solo un lustro parec\u00eda que iban a dominar el ciclismo mundial y ahora ya solo pelean por los puestos de honor, lejos de la victoria. Y algunos, ni eso. La Generaci\u00f3n ciclista del 90, que este a\u00f1o cumpli\u00f3 31 a\u00f1os, languidece demasiado pronto. Y ojo, que hay nombres ilustres. Dumoulin, Pinot, Sagan, Quintana, Bardet, Aru, Kwiato o Chaves.<\/strong><\/p>\n<p><!--more--><\/p>\n<p>En ciclismo cambia a pasos agigantados y eso no es una noticia. La tradici\u00f3n dec\u00eda que un ciclista maduraba a los 27\/28 a\u00f1os y que manten\u00eda su buen estado de forma hasta los 32\/33. La \u00e9poca buena era en torno a los 30, cuando, sobre todo los fondistas, pasaban a dominar las carreras de una a tres semanas. Siempre ha habido excepciones, claro. Que si <a href=\"https:\/\/es.wikipedia.org\/wiki\/Eddy_Merckx\">Merckx<\/a> gan\u00f3 cuando era un chaval, que si Hinault. Pero la mayor\u00eda llegaron a la treintena y siguieron dominando alg\u00fan a\u00f1o m\u00e1s. Indurain se retir\u00f3 a los 32. Armstrong a los 34 y volvi\u00f3 a correr con 38. La tendencia de los \u00faltimos a\u00f1os es que los corredores aguantan bien hasta pasados los 35 (Valverde va por su cuenta, claro). Pero la gran noticia es que con 20\/21 se puede ganar un Tour (Bernal, Pogacar) y que la generaci\u00f3n de los nacidos en torno al a\u00f1o 2000 se est\u00e1 comiendo a la del 90.<\/p>\n<p>Por cuestiones hist\u00f3ricas, en entre 2019 y 2021 tendr\u00edamos que haber visto la mejor versi\u00f3n de Dumoulin, Quintana, Chaves, Aru, Pinot o Bardet en las grandes Vueltas. Ciclistas que ya estaban curtidos y con experiencia y que se ten\u00edan que haber convertido en grandes fondistas. Algo parecido con Sagan, Matthews o Phinney en las cl\u00e1sicas. Era su \u00e9poca de mandar en Flandes y Roubaix o incluso Amstel Gold Race. Sin embargo, ninguno ha estado en la pelea. Ni de lejos.<\/p>\n<div class=\"mceTemp\"><\/div>\n<h2><strong>Aru, Dumoulin, Bardet, Quintana y Pinot<\/strong><\/h2>\n<p>Si algo tienen en com\u00fan Aru, Dumoulin, Bardet, Quintana y Pinot es que, adem\u00e1s de haber nacido en 1990 y ser buenos vueltomanos es que sus mejores temporada las vivieron mucho antes de llegar a la treintena.<\/p>\n<p>El m\u00e1s precoz fue <strong>Nairo Quintana.<\/strong> En 2013, con solo 23 a\u00f1os, ilusion\u00f3 al ciclismo mundial con su primera participaci\u00f3n en el Tour de Francia. Acab\u00f3 segundo por detr\u00e1s de Froome cuando part\u00eda como un semidesconocido. Al a\u00f1o siguiente se llev\u00f3 el Giro de Italia. Repiti\u00f3 podios en el Tour en 2015 y 2016 y disput\u00f3 de t\u00fa a t\u00fa el Giro de 2017 a Tom Dumoulin. Desde entonces nunca ha vuelto a aspirar a una grande y Bernal le quit\u00f3 el honor de ser el primer colombiano en ganar el Tour. Ahora es el l\u00edder del Arkea, de categor\u00eda continental y est\u00e1 muy lejos de luchar por una vuelta de tres semanas.<\/p>\n<figure id=\"attachment_2403\" aria-describedby=\"caption-attachment-2403\" style=\"width: 1024px\" class=\"wp-caption aligncenter\"><a href=\"https:\/\/d2p6e6u75xmxt8.cloudfront.net\/6\/2018\/03\/profimedia-0362386674.jpg\"><img loading=\"lazy\" decoding=\"async\" class=\"size-large wp-image-2403\" src=\"https:\/\/d2p6e6u75xmxt8.cloudfront.net\/6\/2018\/03\/profimedia-0362386674-1024x682.jpg\" alt=\"\" width=\"1024\" height=\"682\" srcset=\"https:\/\/d2p6e6u75xmxt8.cloudfront.net\/6\/2018\/03\/profimedia-0362386674-1024x682.jpg 1024w, https:\/\/d2p6e6u75xmxt8.cloudfront.net\/6\/2018\/03\/profimedia-0362386674-300x200.jpg 300w, https:\/\/d2p6e6u75xmxt8.cloudfront.net\/6\/2018\/03\/profimedia-0362386674-768x512.jpg 768w, https:\/\/d2p6e6u75xmxt8.cloudfront.net\/6\/2018\/03\/profimedia-0362386674-272x182.jpg 272w, https:\/\/d2p6e6u75xmxt8.cloudfront.net\/6\/2018\/03\/profimedia-0362386674.jpg 1250w\" sizes=\"auto, (max-width: 1024px) 100vw, 1024px\" \/><\/a><figcaption id=\"caption-attachment-2403\" class=\"wp-caption-text\">Nairo Quintana dej\u00f3 de aspirar al Tour en 2017.<\/figcaption><\/figure>\n<p><strong><br \/>\nFabio Aru<\/strong> subi\u00f3 al podio del Giro en 2014 y en 2015 y se llev\u00f3 la edici\u00f3n de La Vuelta 2015 frente a Tom Dumoulin en la \u00e9pica etapa de la Morcuera. Con 25 a\u00f1os parec\u00eda el relevo de Nibali y uno de los escaladores con mayor proyecci\u00f3n internacional. Pues bien, solo volvi\u00f3 a brillar en el Tour 2017, en el que se visti\u00f3 de amarillo y acab\u00f3 quinto en la general, aunque lejos de pelear con Froome. Desde entonces no volvi\u00f3 a ser un aspirante a ninguna gran vuelta y se ha retirado en este 2021.<\/p>\n<p>Hasta 2015 <strong>Tom <a href=\"https:\/\/www.welovecycling.com\/es\/2021\/10\/31\/tom-dumoulin\/\">Dumoulin<\/a><\/strong> era un buen contrarrelojista. Ese a\u00f1o sorprendi\u00f3 a todos con una Vuelta Espa\u00f1a en la que gan\u00f3 en Cumbres del Sol (pese a medir 1,85) y estuvo a punto de llevarse la carrera de no ser por la intervenci\u00f3n de Landa y Fabio Aru. Al a\u00f1o siguiente acudi\u00f3 al Tour y se llev\u00f3 dos etapas de monta\u00f1a (una de ellas con final en Andorra). En 2017 domin\u00f3 el Giro de Italia, su \u00fanica grande, y quizas 2018 fue su gran temporada, con los segundos puestos en el Giro (tras Froome) y en el Tour (detr\u00e1s de Geraint Thomas).\u00a0 El 2019 se lo pas\u00f3 pr\u00e1cticamente en blanco por una ca\u00edda en el Giro y en 2020 ejerci\u00f3 de gregario de Roglic en el Tour. Lo de 2021 ya es conocido. Decidi\u00f3 no correr hasta la Vuelta a Suiza y los Juegos Ol\u00edmpicos. Ahora mismo, su futuro es toda una inc\u00f3gnita, pero parece lejos del ciclista que parec\u00eda el gran dominador tras Froome.<\/p>\n<figure id=\"attachment_5094\" aria-describedby=\"caption-attachment-5094\" style=\"width: 1024px\" class=\"wp-caption aligncenter\"><a href=\"https:\/\/d2p6e6u75xmxt8.cloudfront.net\/6\/2019\/07\/Romain-Bardet-CVR-profimedia-0374568846.jpg\"><img loading=\"lazy\" decoding=\"async\" class=\"wp-image-5094 size-large\" src=\"https:\/\/d2p6e6u75xmxt8.cloudfront.net\/6\/2019\/07\/Romain-Bardet-CVR-profimedia-0374568846-1024x449.jpg\" alt=\"\" width=\"1024\" height=\"449\" srcset=\"https:\/\/d2p6e6u75xmxt8.cloudfront.net\/6\/2019\/07\/Romain-Bardet-CVR-profimedia-0374568846-1024x449.jpg 1024w, https:\/\/d2p6e6u75xmxt8.cloudfront.net\/6\/2019\/07\/Romain-Bardet-CVR-profimedia-0374568846-300x132.jpg 300w, https:\/\/d2p6e6u75xmxt8.cloudfront.net\/6\/2019\/07\/Romain-Bardet-CVR-profimedia-0374568846-768x337.jpg 768w, https:\/\/d2p6e6u75xmxt8.cloudfront.net\/6\/2019\/07\/Romain-Bardet-CVR-profimedia-0374568846.jpg 1367w\" sizes=\"auto, (max-width: 1024px) 100vw, 1024px\" \/><\/a><figcaption id=\"caption-attachment-5094\" class=\"wp-caption-text\">Bardet ha renunciado a brillar en el Tour<\/figcaption><\/figure>\n<p>Las carreras de <strong>Bardet y Pinot<\/strong> han sido paralelas. Ambos franceses y marcados por la obsesi\u00f3n de su pa\u00eds con el Tour de Francia. Los dos tuvieron su portada en L&#8217;Equipe diciendo que ten\u00edan opciones de llevarse la Grande Boucle y ambos fracasaron en repetidas ocasiones. <strong>Pinot<\/strong> fue el primero en ganar una etapa en el Tour, fue en 2012 en Suiza. Y en 2014 ya se subi\u00f3 al podio de aquella edici\u00f3n que gan\u00f3 Nibali. Desde entonces, nunca ha estado cerca de repetir. Solo en la edici\u00f3n de 2019 tuvo opciones antes de su extra\u00f1o abandono camino de Tignes. En el Giro acab\u00f3 cuarto en 2018 y en 2019 tambi\u00e9n se march\u00f3 a casa cuando estaba en el podi\u00f3 el pen\u00faltimo d\u00eda. Los dos \u00faltimos a\u00f1os los ha pasado pr\u00e1cticamente en blanco.<\/p>\n<p>La eclosi\u00f3n de <a href=\"https:\/\/www.welovecycling.com\/es\/2019\/05\/24\/ciclista-frances-gana-tour-de-francia\/\"><strong>Bardet<\/strong><\/a> lleg\u00f3 un poco despu\u00e9s. Sexto y noveno en los Tours de 2014 y 2015, pero fue en 2016 cuando lleg\u00f3 en poner en alg\u00fan aprieto a Chris Froome y acab\u00f3 segundo. Repiti\u00f3 podio en 2017, cuando acab\u00f3 tercero por un pu\u00f1ado de segundos sobre Landa y en 2018 baj\u00f3 a la sexta posici\u00f3n. En 2019 ya estuvo lejos y para 2020 hab\u00eda programado hacer el Giro, pero la pandemia le cambi\u00f3 los planes. Eso s\u00ed, en el Tour se march\u00f3 a casa y en 2021 solo ha hecho Giro y Vuelta, pero lejos de pelear por la general.<\/p>\n<p>Las opciones de <strong>Johan Esteban Chaves<\/strong> de luchar por las grandes vueltas solo duraron dos temporadas. En 2015 apareci\u00f3 en La Vuelta a Espa\u00f1a con un triunfo en la primera etapa en Caminito del Rey y un quinto puesto final. Su temporada fue la de 2016, en la que roz\u00f3 el Giro de Italia (fue maillot rosa hasta la pen\u00faltima etapa) y se subi\u00f3 al podio de La Vuelta en una etapa espectacular en Aitana donde priv\u00f3 de \u00e9l a Alberto Contador.\u00a0 Desde entonces su palmar\u00e9s se reduce a dos victorias de etapa en el Giro.<\/p>\n<h2><strong>Peter Sagan<\/strong><\/h2>\n<p>Es cierto que Peter <a href=\"https:\/\/www.welovecycling.com\/es\/2020\/09\/06\/maillot-verde-skoda-tour-sagan\/\">Sagan<\/a>, con el palmar\u00e9s que acumula, podr\u00eda colgar la bicicleta hoy mismo y ya ser\u00eda uno de los mejores ciclistas de las \u00faltimas d\u00e9cadas. Tres Mundiales, siete maillots verdes en el Tour, Paris Roubaix, Tour de Flandes y m\u00e1s de 100 victorias como profesional. Pero es cierto que en la \u00faltima parte de su carrera est\u00e1 lejos de los mejores en las cl\u00e1sicas. En 2021 no apareci\u00f3 en Flandes ni Roubaix y su triunfo en los adoquines es de 2018.<\/p>\n<p>El eslovaco empez\u00f3 a ganar muy pronto. Con solo 20 a\u00f1os en el Liquigas all\u00e1 por el 2010 ya obtuvo triunfos al sprint en World Tour en Paris Niza, Romandia y Tour de California. Pero ahora con 31 ya ha dicho en repetidas ocasiones que su carrera deportiva no durar\u00e1 mucho m\u00e1s (al menos en carretera) y su fichaje por el Total Energies suena a \u00faltimo contrato como profesional.<\/p>\n<p><a href=\"https:\/\/d2p6e6u75xmxt8.cloudfront.net\/6\/2019\/09\/Peter-Sagan-CVR-profimedia-0456877375.jpg\"><img loading=\"lazy\" decoding=\"async\" class=\"aligncenter size-large wp-image-5284\" src=\"https:\/\/d2p6e6u75xmxt8.cloudfront.net\/6\/2019\/09\/Peter-Sagan-CVR-profimedia-0456877375-1024x450.jpg\" alt=\"\" width=\"1024\" height=\"450\" srcset=\"https:\/\/d2p6e6u75xmxt8.cloudfront.net\/6\/2019\/09\/Peter-Sagan-CVR-profimedia-0456877375-1024x450.jpg 1024w, https:\/\/d2p6e6u75xmxt8.cloudfront.net\/6\/2019\/09\/Peter-Sagan-CVR-profimedia-0456877375-300x132.jpg 300w, https:\/\/d2p6e6u75xmxt8.cloudfront.net\/6\/2019\/09\/Peter-Sagan-CVR-profimedia-0456877375-768x337.jpg 768w, https:\/\/d2p6e6u75xmxt8.cloudfront.net\/6\/2019\/09\/Peter-Sagan-CVR-profimedia-0456877375.jpg 1366w\" sizes=\"auto, (max-width: 1024px) 100vw, 1024px\" \/><\/a><\/p>\n<p>El Mundial anterior a la trilog\u00eda de Peter Sagan fue para <strong>Michal Kwiatkowski.<\/strong> El polaco venci\u00f3 en Ponferrada en una temporada en la que se hab\u00eda llevado Strade Bianche y hab\u00eda subido al podio de Lieja, Flecha Valona e Itzulia. En 2015 todav\u00eda se llev\u00f3 la Amstel Gold Race y desde 2016 ha sido un gregario de lujo del Team Sky\/Ineos, aunque le ha dado para llevarse una Tirreno, otra Strade, una Cl\u00e1sica de San Sebastian y una Milan Sanremo. Eso s\u00ed, todo antes de 2018.<\/p>\n<h2><strong>\u00bfCuanto durar\u00e1n los Bernal, Pogacar, Evenepoel, Van Aert, Van der Poel&#8230;?<\/strong><\/h2>\n<p>Con estos datos es ineludible pensar cuanto dura la carrera deportiva al m\u00e1ximo nivel de un ciclista profesional. Los casos de Valverde, Poulidor, Zoetemelk o Bartali, que estuvieron m\u00e1s de una d\u00e9cada sumando victorias y peleando por los mejores puestos, son de los m\u00e1s extra\u00f1os. A la mayor\u00eda se le suele acabar la &#8216;mecha&#8217; en menos de una d\u00e9cada.\u00a0 Pero vamos a ver los datos de la nueva generaci\u00f3n de j\u00f3venes estrellas, que ha explotado antes de lo normal.<\/p>\n<p><strong>Egan Bernal<\/strong> bati\u00f3 el r\u00e9cord moderno de precocidad como ganador del Tour. Lo hizo con 22 a\u00f1os y con 24 ya tiene tambi\u00e9n un Giro de Italia. Su marca la super\u00f3 al a\u00f1o siguiente <strong>Tadej Pogacar<\/strong>. El esloveno, lo hizo con todav\u00eda 21 a\u00f1os (no cumpli\u00f3 los 22 hasta acabado el Tour) y con 23 ya lleva dos. Tambi\u00e9n una Lieja, un Giro de Lombardia y un podio en La Vuelta.\u00a0 M\u00e1s joven todav\u00eda es <strong>Remco Evenepoel,<\/strong> en 2022 cumplir\u00e1 22, pero solo tiene una Cl\u00e1sica de San Sebasti\u00e1n como triunfo World Tour y sendas medallas de plata en la crono del Mundial.<\/p>\n<p><a href=\"https:\/\/d2p6e6u75xmxt8.cloudfront.net\/6\/2021\/07\/pogacar-portet.jpg\"><img loading=\"lazy\" decoding=\"async\" class=\"aligncenter size-full wp-image-7912\" src=\"https:\/\/d2p6e6u75xmxt8.cloudfront.net\/6\/2021\/07\/pogacar-portet.jpg\" alt=\"\" width=\"1000\" height=\"666\" srcset=\"https:\/\/d2p6e6u75xmxt8.cloudfront.net\/6\/2021\/07\/pogacar-portet.jpg 1000w, https:\/\/d2p6e6u75xmxt8.cloudfront.net\/6\/2021\/07\/pogacar-portet-300x200.jpg 300w, https:\/\/d2p6e6u75xmxt8.cloudfront.net\/6\/2021\/07\/pogacar-portet-768x511.jpg 768w, https:\/\/d2p6e6u75xmxt8.cloudfront.net\/6\/2021\/07\/pogacar-portet-272x182.jpg 272w\" sizes=\"auto, (max-width: 1000px) 100vw, 1000px\" \/><\/a><\/p>\n<p>Los casos de <strong>Van der Poel y Van Aert<\/strong> tambi\u00e9n son paralelos. Es cierto que ambos nacieron en 1994\/95. Pero desde que ten\u00edan 20 a\u00f1os se llevan repartiendo los t\u00edtulos en Ciclocross y en su salto a la carretera han seguido ganando. Ahora con 26 y 27 a\u00f1os est\u00e1n en el punto \u00e1lgido de su carretera deportiva.<\/p>\n<p>\u00bfPodr\u00e1n estirar todos ellos su carrera despu\u00e9s de la treintena? El tiempo lo dir\u00e1.<\/p>\n","protected":false},"excerpt":{"rendered":"<p>Hace solo un lustro parec\u00eda que iban a dominar el ciclismo mundial y ahora ya solo pelean por los puestos [&hellip;]<\/p>\n","protected":false},"author":29,"featured_media":3054,"comment_status":"open","ping_status":"open","sticky":false,"template":"","format":"standard","meta":{"footnotes":""},"categories":[7],"tags":[],"global-categories":[1164],"class_list":["post-8348","post","type-post","status-publish","format-standard","has-post-thumbnail","hentry","category-carretera","global-categories-cycling"],"yoast_head":"<!-- This site is optimized with the Yoast SEO Premium plugin v25.3 (Yoast SEO v25.9) - https:\/\/yoast.com\/wordpress\/plugins\/seo\/ -->\n<title>El ocaso de la generaci\u00f3n ciclista del 90 - \u0160koda We Love Cycling - Spain<\/title>\n<meta name=\"description\" content=\"El ocaso de la generaci\u00f3n ciclista del 90. Quintana, Dumoulin, Sagan o Pinot no viven su mejor momento y algunos como Aru ya est\u00e1n retirados.\" \/>\n<meta name=\"robots\" content=\"index, follow, max-snippet:-1, max-image-preview:large, max-video-preview:-1\" \/>\n<link rel=\"canonical\" href=\"https:\/\/www.welovecycling.com\/es\/2021\/11\/15\/el-ocaso-de-la-generacion-ciclista-del-90\/\" \/>\n<meta property=\"og:locale\" content=\"es_ES\" \/>\n<meta property=\"og:type\" content=\"article\" \/>\n<meta property=\"og:title\" content=\"El ocaso de la generaci\u00f3n ciclista del 90\" \/>\n<meta property=\"og:description\" content=\"El ocaso de la generaci\u00f3n ciclista del 90. Quintana, Dumoulin, Sagan o Pinot no viven su mejor momento y algunos como Aru ya est\u00e1n retirados.\" \/>\n<meta property=\"og:url\" content=\"https:\/\/www.welovecycling.com\/es\/2021\/11\/15\/el-ocaso-de-la-generacion-ciclista-del-90\/\" \/>\n<meta property=\"og:site_name\" content=\"\u0160koda We Love Cycling - Spain\" \/>\n<meta property=\"article:published_time\" content=\"2021-11-15T18:08:39+00:00\" \/>\n<meta property=\"og:image\" content=\"https:\/\/d2p6e6u75xmxt8.cloudfront.net\/6\/2018\/07\/profimedia-0258350158.jpg\" \/>\n\t<meta property=\"og:image:width\" content=\"1250\" \/>\n\t<meta property=\"og:image:height\" content=\"832\" \/>\n\t<meta property=\"og:image:type\" content=\"image\/jpeg\" \/>\n<meta name=\"author\" content=\"We Love Cycling Spain\" \/>\n<meta name=\"twitter:card\" content=\"summary_large_image\" \/>\n<meta name=\"twitter:title\" content=\"El ocaso de la generaci\u00f3n ciclista del 90\" \/>\n<meta name=\"twitter:description\" content=\"El ocaso de la generaci\u00f3n ciclista del 90. Quintana, Dumoulin, Sagan o Pinot no viven su mejor momento y algunos como Aru ya est\u00e1n retirados.\" \/>\n<meta name=\"twitter:label1\" content=\"Written by\" \/>\n\t<meta name=\"twitter:data1\" content=\"Luis Ortega @Ciclored\" \/>\n\t<meta name=\"twitter:label2\" content=\"Est. reading time\" \/>\n\t<meta name=\"twitter:data2\" content=\"8 minutes\" \/>\n<script type=\"application\/ld+json\" class=\"yoast-schema-graph\">{\"@context\":\"https:\/\/schema.org\",\"@graph\":[{\"@type\":\"WebPage\",\"@id\":\"https:\/\/www.welovecycling.com\/es\/2021\/11\/15\/el-ocaso-de-la-generacion-ciclista-del-90\/\",\"url\":\"https:\/\/www.welovecycling.com\/es\/2021\/11\/15\/el-ocaso-de-la-generacion-ciclista-del-90\/\",\"name\":\"El ocaso de la generaci\u00f3n ciclista del 90 - \u0160koda We Love Cycling - Spain\",\"isPartOf\":{\"@id\":\"https:\/\/www.welovecycling.com\/es\/#website\"},\"primaryImageOfPage\":{\"@id\":\"https:\/\/www.welovecycling.com\/es\/2021\/11\/15\/el-ocaso-de-la-generacion-ciclista-del-90\/#primaryimage\"},\"image\":{\"@id\":\"https:\/\/www.welovecycling.com\/es\/2021\/11\/15\/el-ocaso-de-la-generacion-ciclista-del-90\/#primaryimage\"},\"thumbnailUrl\":\"https:\/\/d2p6e6u75xmxt8.cloudfront.net\/6\/2018\/07\/profimedia-0258350158.jpg\",\"datePublished\":\"2021-11-15T18:08:39+00:00\",\"author\":{\"@id\":\"https:\/\/www.welovecycling.com\/es\/#\/schema\/person\/deb61715b5812698ee79fb96f343ccd4\"},\"description\":\"El ocaso de la generaci\u00f3n ciclista del 90. Quintana, Dumoulin, Sagan o Pinot no viven su mejor momento y algunos como Aru ya est\u00e1n retirados.\",\"breadcrumb\":{\"@id\":\"https:\/\/www.welovecycling.com\/es\/2021\/11\/15\/el-ocaso-de-la-generacion-ciclista-del-90\/#breadcrumb\"},\"inLanguage\":\"es-ES\",\"potentialAction\":[{\"@type\":\"ReadAction\",\"target\":[\"https:\/\/www.welovecycling.com\/es\/2021\/11\/15\/el-ocaso-de-la-generacion-ciclista-del-90\/\"]}]},{\"@type\":\"ImageObject\",\"inLanguage\":\"es-ES\",\"@id\":\"https:\/\/www.welovecycling.com\/es\/2021\/11\/15\/el-ocaso-de-la-generacion-ciclista-del-90\/#primaryimage\",\"url\":\"https:\/\/d2p6e6u75xmxt8.cloudfront.net\/6\/2018\/07\/profimedia-0258350158.jpg\",\"contentUrl\":\"https:\/\/d2p6e6u75xmxt8.cloudfront.net\/6\/2018\/07\/profimedia-0258350158.jpg\",\"width\":1250,\"height\":832},{\"@type\":\"BreadcrumbList\",\"@id\":\"https:\/\/www.welovecycling.com\/es\/2021\/11\/15\/el-ocaso-de-la-generacion-ciclista-del-90\/#breadcrumb\",\"itemListElement\":[{\"@type\":\"ListItem\",\"position\":1,\"name\":\"Home\",\"item\":\"https:\/\/www.welovecycling.com\/es\/\"},{\"@type\":\"ListItem\",\"position\":2,\"name\":\"El ocaso de la generaci\u00f3n ciclista del 90\"}]},{\"@type\":\"WebSite\",\"@id\":\"https:\/\/www.welovecycling.com\/es\/#website\",\"url\":\"https:\/\/www.welovecycling.com\/es\/\",\"name\":\"\u0160koda We Love Cycling - Spain\",\"description\":\"\u0160koda WeLoveCycling Spain\",\"potentialAction\":[{\"@type\":\"SearchAction\",\"target\":{\"@type\":\"EntryPoint\",\"urlTemplate\":\"https:\/\/www.welovecycling.com\/es\/?s={search_term_string}\"},\"query-input\":{\"@type\":\"PropertyValueSpecification\",\"valueRequired\":true,\"valueName\":\"search_term_string\"}}],\"inLanguage\":\"es-ES\"},{\"@type\":\"Person\",\"@id\":\"https:\/\/www.welovecycling.com\/es\/#\/schema\/person\/deb61715b5812698ee79fb96f343ccd4\",\"name\":\"We Love Cycling Spain\",\"image\":{\"@type\":\"ImageObject\",\"inLanguage\":\"es-ES\",\"@id\":\"https:\/\/www.welovecycling.com\/es\/#\/schema\/person\/image\/\",\"url\":\"https:\/\/secure.gravatar.com\/avatar\/c824b04e6df0e37a03219d0b6481672889df542894588964102459e46513159c?s=96&d=mm&r=g\",\"contentUrl\":\"https:\/\/secure.gravatar.com\/avatar\/c824b04e6df0e37a03219d0b6481672889df542894588964102459e46513159c?s=96&d=mm&r=g\",\"caption\":\"We Love Cycling Spain\"},\"url\":\"https:\/\/www.welovecycling.com\/es\/author\/amunoz\/\"}]}<\/script>\n<!-- \/ Yoast SEO Premium plugin. -->","yoast_head_json":{"title":"El ocaso de la generaci\u00f3n ciclista del 90 - \u0160koda We Love Cycling - Spain","description":"El ocaso de la generaci\u00f3n ciclista del 90. Quintana, Dumoulin, Sagan o Pinot no viven su mejor momento y algunos como Aru ya est\u00e1n retirados.","robots":{"index":"index","follow":"follow","max-snippet":"max-snippet:-1","max-image-preview":"max-image-preview:large","max-video-preview":"max-video-preview:-1"},"canonical":"https:\/\/www.welovecycling.com\/es\/2021\/11\/15\/el-ocaso-de-la-generacion-ciclista-del-90\/","og_locale":"es_ES","og_type":"article","og_title":"El ocaso de la generaci\u00f3n ciclista del 90","og_description":"El ocaso de la generaci\u00f3n ciclista del 90. Quintana, Dumoulin, Sagan o Pinot no viven su mejor momento y algunos como Aru ya est\u00e1n retirados.","og_url":"https:\/\/www.welovecycling.com\/es\/2021\/11\/15\/el-ocaso-de-la-generacion-ciclista-del-90\/","og_site_name":"\u0160koda We Love Cycling - Spain","article_published_time":"2021-11-15T18:08:39+00:00","og_image":[{"width":1250,"height":832,"url":"https:\/\/d2p6e6u75xmxt8.cloudfront.net\/6\/2018\/07\/profimedia-0258350158.jpg","type":"image\/jpeg"}],"author":"We Love Cycling Spain","twitter_card":"summary_large_image","twitter_title":"El ocaso de la generaci\u00f3n ciclista del 90","twitter_description":"El ocaso de la generaci\u00f3n ciclista del 90. Quintana, Dumoulin, Sagan o Pinot no viven su mejor momento y algunos como Aru ya est\u00e1n retirados.","twitter_misc":{"Written by":"Luis Ortega @Ciclored","Est. reading time":"8 minutes"},"schema":{"@context":"https:\/\/schema.org","@graph":[{"@type":"WebPage","@id":"https:\/\/www.welovecycling.com\/es\/2021\/11\/15\/el-ocaso-de-la-generacion-ciclista-del-90\/","url":"https:\/\/www.welovecycling.com\/es\/2021\/11\/15\/el-ocaso-de-la-generacion-ciclista-del-90\/","name":"El ocaso de la generaci\u00f3n ciclista del 90 - \u0160koda We Love Cycling - Spain","isPartOf":{"@id":"https:\/\/www.welovecycling.com\/es\/#website"},"primaryImageOfPage":{"@id":"https:\/\/www.welovecycling.com\/es\/2021\/11\/15\/el-ocaso-de-la-generacion-ciclista-del-90\/#primaryimage"},"image":{"@id":"https:\/\/www.welovecycling.com\/es\/2021\/11\/15\/el-ocaso-de-la-generacion-ciclista-del-90\/#primaryimage"},"thumbnailUrl":"https:\/\/d2p6e6u75xmxt8.cloudfront.net\/6\/2018\/07\/profimedia-0258350158.jpg","datePublished":"2021-11-15T18:08:39+00:00","author":{"@id":"https:\/\/www.welovecycling.com\/es\/#\/schema\/person\/deb61715b5812698ee79fb96f343ccd4"},"description":"El ocaso de la generaci\u00f3n ciclista del 90. Quintana, Dumoulin, Sagan o Pinot no viven su mejor momento y algunos como Aru ya est\u00e1n retirados.","breadcrumb":{"@id":"https:\/\/www.welovecycling.com\/es\/2021\/11\/15\/el-ocaso-de-la-generacion-ciclista-del-90\/#breadcrumb"},"inLanguage":"es-ES","potentialAction":[{"@type":"ReadAction","target":["https:\/\/www.welovecycling.com\/es\/2021\/11\/15\/el-ocaso-de-la-generacion-ciclista-del-90\/"]}]},{"@type":"ImageObject","inLanguage":"es-ES","@id":"https:\/\/www.welovecycling.com\/es\/2021\/11\/15\/el-ocaso-de-la-generacion-ciclista-del-90\/#primaryimage","url":"https:\/\/d2p6e6u75xmxt8.cloudfront.net\/6\/2018\/07\/profimedia-0258350158.jpg","contentUrl":"https:\/\/d2p6e6u75xmxt8.cloudfront.net\/6\/2018\/07\/profimedia-0258350158.jpg","width":1250,"height":832},{"@type":"BreadcrumbList","@id":"https:\/\/www.welovecycling.com\/es\/2021\/11\/15\/el-ocaso-de-la-generacion-ciclista-del-90\/#breadcrumb","itemListElement":[{"@type":"ListItem","position":1,"name":"Home","item":"https:\/\/www.welovecycling.com\/es\/"},{"@type":"ListItem","position":2,"name":"El ocaso de la generaci\u00f3n ciclista del 90"}]},{"@type":"WebSite","@id":"https:\/\/www.welovecycling.com\/es\/#website","url":"https:\/\/www.welovecycling.com\/es\/","name":"\u0160koda We Love Cycling - Spain","description":"\u0160koda WeLoveCycling Spain","potentialAction":[{"@type":"SearchAction","target":{"@type":"EntryPoint","urlTemplate":"https:\/\/www.welovecycling.com\/es\/?s={search_term_string}"},"query-input":{"@type":"PropertyValueSpecification","valueRequired":true,"valueName":"search_term_string"}}],"inLanguage":"es-ES"},{"@type":"Person","@id":"https:\/\/www.welovecycling.com\/es\/#\/schema\/person\/deb61715b5812698ee79fb96f343ccd4","name":"We Love Cycling Spain","image":{"@type":"ImageObject","inLanguage":"es-ES","@id":"https:\/\/www.welovecycling.com\/es\/#\/schema\/person\/image\/","url":"https:\/\/secure.gravatar.com\/avatar\/c824b04e6df0e37a03219d0b6481672889df542894588964102459e46513159c?s=96&d=mm&r=g","contentUrl":"https:\/\/secure.gravatar.com\/avatar\/c824b04e6df0e37a03219d0b6481672889df542894588964102459e46513159c?s=96&d=mm&r=g","caption":"We Love Cycling Spain"},"url":"https:\/\/www.welovecycling.com\/es\/author\/amunoz\/"}]}},"_links":{"self":[{"href":"https:\/\/www.welovecycling.com\/es\/wp-json\/wp\/v2\/posts\/8348","targetHints":{"allow":["GET"]}}],"collection":[{"href":"https:\/\/www.welovecycling.com\/es\/wp-json\/wp\/v2\/posts"}],"about":[{"href":"https:\/\/www.welovecycling.com\/es\/wp-json\/wp\/v2\/types\/post"}],"author":[{"embeddable":true,"href":"https:\/\/www.welovecycling.com\/es\/wp-json\/wp\/v2\/users\/29"}],"replies":[{"embeddable":true,"href":"https:\/\/www.welovecycling.com\/es\/wp-json\/wp\/v2\/comments?post=8348"}],"version-history":[{"count":2,"href":"https:\/\/www.welovecycling.com\/es\/wp-json\/wp\/v2\/posts\/8348\/revisions"}],"predecessor-version":[{"id":8353,"href":"https:\/\/www.welovecycling.com\/es\/wp-json\/wp\/v2\/posts\/8348\/revisions\/8353"}],"wp:featuredmedia":[{"embeddable":true,"href":"https:\/\/www.welovecycling.com\/es\/wp-json\/wp\/v2\/media\/3054"}],"wp:attachment":[{"href":"https:\/\/www.welovecycling.com\/es\/wp-json\/wp\/v2\/media?parent=8348"}],"wp:term":[{"taxonomy":"category","embeddable":true,"href":"https:\/\/www.welovecycling.com\/es\/wp-json\/wp\/v2\/categories?post=8348"},{"taxonomy":"post_tag","embeddable":true,"href":"https:\/\/www.welovecycling.com\/es\/wp-json\/wp\/v2\/tags?post=8348"},{"taxonomy":"global-categories","embeddable":true,"href":"https:\/\/www.welovecycling.com\/es\/wp-json\/wp\/v2\/global-categories?post=8348"}],"curies":[{"name":"wp","href":"https:\/\/api.w.org\/{rel}","templated":true}]}}