{"id":8332,"date":"2021-11-14T18:29:22","date_gmt":"2021-11-14T16:29:22","guid":{"rendered":"https:\/\/www.welovecycling.com\/es\/?p=8332"},"modified":"2021-11-14T18:29:22","modified_gmt":"2021-11-14T16:29:22","slug":"hipotermia-ciclismo","status":"publish","type":"post","link":"https:\/\/www.welovecycling.com\/es\/2021\/11\/14\/hipotermia-ciclismo\/","title":{"rendered":"La hipotermia puede pasar desapercibida cuando se pedalea"},"content":{"rendered":"<p><strong>Una nueva investigaci\u00f3n sugiere que al hacer ejercicio es m\u00e1s dif\u00edcil notar los descensos de la temperatura corporal central en un entorno fr\u00edo. Esto tiene implicaciones para la relaci\u00f3n de la hipotermia con el ciclismo y otros deportes que se practican en climas m\u00e1s fr\u00edos, como la carrera, el senderismo, el esqu\u00ed e incluso la nataci\u00f3n.<\/strong><\/p>\n<p><!--more--><\/p>\n<h2><strong>\u00bfC\u00f3mo se controla la temperatura corporal?<\/strong><\/h2>\n<p>El cuerpo tiene dos formas principales de mantener la temperatura dentro del estrecho rango requerido. En primer lugar, emplea procesos aut\u00f3nomos como el escalofr\u00edo, la sudoraci\u00f3n y la dilataci\u00f3n o constricci\u00f3n de los vasos sangu\u00edneos. Y en segundo lugar, utiliza su propio comportamiento consciente para buscar refugio o alivio cuando hace demasiado calor o demasiado fr\u00edo.<\/p>\n<p>&#8220;Tanto la termorregulaci\u00f3n conductual como la auton\u00f3mica dependen de la entrada de sensores situados en el centro y en la periferia del cuerpo&#8221;, se\u00f1ala el profesor Takeshi Nishiyasu, coautor del estudio.<\/p>\n<figure id=\"attachment_8334\" aria-describedby=\"caption-attachment-8334\" style=\"width: 1250px\" class=\"wp-caption alignnone\"><a href=\"https:\/\/d2p6e6u75xmxt8.cloudfront.net\/6\/2021\/11\/profimedia-0641969411.jpg\"><img loading=\"lazy\" decoding=\"async\" class=\"size-full wp-image-8334\" src=\"https:\/\/d2p6e6u75xmxt8.cloudfront.net\/6\/2021\/11\/profimedia-0641969411.jpg\" alt=\"Cyclist in winter\" width=\"1250\" height=\"861\" srcset=\"https:\/\/d2p6e6u75xmxt8.cloudfront.net\/6\/2021\/11\/profimedia-0641969411.jpg 1250w, https:\/\/d2p6e6u75xmxt8.cloudfront.net\/6\/2021\/11\/profimedia-0641969411-300x207.jpg 300w, https:\/\/d2p6e6u75xmxt8.cloudfront.net\/6\/2021\/11\/profimedia-0641969411-1024x705.jpg 1024w, https:\/\/d2p6e6u75xmxt8.cloudfront.net\/6\/2021\/11\/profimedia-0641969411-768x529.jpg 768w\" sizes=\"auto, (max-width: 1250px) 100vw, 1250px\" \/><\/a><figcaption id=\"caption-attachment-8334\" class=\"wp-caption-text\">Un d\u00eda helado en Richmond Park, London. \u00a9 Profimedia<\/figcaption><\/figure>\n<h2><strong><br \/>\nLas cosas cambian con el ejercicio<\/strong><\/h2>\n<p>Durante el ejercicio, el cuerpo produce calor adicional a trav\u00e9s del movimiento de los m\u00fasculos. Este calor se dispersa parcialmente a su entorno a trav\u00e9s del sudor. Adem\u00e1s, la capacidad de percibir la temperatura en la piel se reduce al hacer ejercicio. Esto se debe probablemente a la liberaci\u00f3n de opioides en el cerebro en respuesta al ejercicio. Normalmente, estos cambios no influyen en la percepci\u00f3n de la temperatura corporal central.<\/p>\n<p>Sin embargo, en ambientes fr\u00edos, el calor extra producido por los m\u00fasculos se pierde mucho m\u00e1s r\u00e1pidamente. Un estudio anterior demostr\u00f3 que los escalofr\u00edos se producen a una temperatura central m\u00e1s baja durante el ejercicio que en reposo.<\/p>\n<p>&#8220;Aunque esto nos suger\u00eda que las entradas de temperatura al hipot\u00e1lamo se ve\u00edan afectadas, quedaba por saber si el ejercicio afectaba a la sensaci\u00f3n de la piel o de la temperatura central en entornos fr\u00edos&#8221;, afirma la autora principal, Tomomi Fujimoto.<\/p>\n<h2><strong>La percepci\u00f3n de la temperatura corporal se ve afectada<\/strong><\/h2>\n<figure id=\"attachment_8340\" aria-describedby=\"caption-attachment-8340\" style=\"width: 1000px\" class=\"wp-caption alignnone\"><a href=\"https:\/\/d2p6e6u75xmxt8.cloudfront.net\/6\/2021\/11\/Winter-cycling-profimedia-0641969404.jpg\"><img loading=\"lazy\" decoding=\"async\" class=\"wp-image-8340 size-full\" src=\"https:\/\/d2p6e6u75xmxt8.cloudfront.net\/6\/2021\/11\/Winter-cycling-profimedia-0641969404.jpg\" alt=\"Winter cycling\" width=\"1000\" height=\"666\" srcset=\"https:\/\/d2p6e6u75xmxt8.cloudfront.net\/6\/2021\/11\/Winter-cycling-profimedia-0641969404.jpg 1000w, https:\/\/d2p6e6u75xmxt8.cloudfront.net\/6\/2021\/11\/Winter-cycling-profimedia-0641969404-300x200.jpg 300w, https:\/\/d2p6e6u75xmxt8.cloudfront.net\/6\/2021\/11\/Winter-cycling-profimedia-0641969404-768x511.jpg 768w, https:\/\/d2p6e6u75xmxt8.cloudfront.net\/6\/2021\/11\/Winter-cycling-profimedia-0641969404-272x182.jpg 272w\" sizes=\"auto, (max-width: 1000px) 100vw, 1000px\" \/><\/a><figcaption id=\"caption-attachment-8340\" class=\"wp-caption-text\">La capacidad de percibir la temperatura de la piel se reduce al hacer ejercicio \u00a9 Profimedia<\/figcaption><\/figure>\n<p>&nbsp;<\/p>\n<p>El <a href=\"https:\/\/www.sciencedirect.com\/science\/article\/abs\/pii\/S0031938421002213?via%3Dihub\">equipo de investigaci\u00f3n<\/a> decidi\u00f3 responder a esta pregunta en su estudio m\u00e1s reciente. Reclutaron a 11 adultos j\u00f3venes para que realizaran un ejercicio de baja intensidad mientras estaban parcialmente sumergidos en un tanque de agua fr\u00eda. Los investigadores controlaron la temperatura de la piel, la temperatura corporal central, la sensaci\u00f3n de la piel y la percepci\u00f3n del fr\u00edo, as\u00ed como la frecuencia card\u00edaca, la presi\u00f3n arterial y el consumo de ox\u00edgeno.<\/p>\n<p>Los resultados mostraron que la sensaci\u00f3n de temperatura de la piel no se ve\u00eda afectada en este escenario porque el ejercicio era de <a href=\"https:\/\/www.welovecycling.com\/es\/2020\/01\/15\/entrenamiento-ciclista-de-invierno\/\">baja intensidad<\/a>. Sin embargo, descubrieron que la percepci\u00f3n de la temperatura corporal central se ve\u00eda afectada por el ejercicio. Los investigadores llegaron a la conclusi\u00f3n de que la sensaci\u00f3n t\u00e9rmica subjetiva de los participantes (cuando su temperatura central descend\u00eda 1,0 \u00b0C) quedaba atenuada por el ejercicio de baja intensidad durante la inmersi\u00f3n en agua fr\u00eda.<\/p>\n<p>Esto significa que, al hacer ejercicio, las personas no pueden percibir los descensos de su temperatura corporal central causados por el fr\u00edo tan bien como cuando est\u00e1n en reposo.<\/p>\n<h2><strong>Prestar m\u00e1s atenci\u00f3n cuando pedaleas con fr\u00edo<\/strong><\/h2>\n<p>Este estudio revel\u00f3 informaci\u00f3n importante para cualquier persona que viva y haga ejercicio en climas m\u00e1s fr\u00edos o para las personas que disfrutan de actividades acu\u00e1ticas recreativas. La menor percepci\u00f3n del fr\u00edo observada puede afectar a la termorregulaci\u00f3n tanto fisiol\u00f3gica como de comportamiento. En otras palabras, hacer ejercicio en el fr\u00edo significa que es mucho m\u00e1s f\u00e1cil pasar por alto el hecho de tener un fr\u00edo peligroso. Ten esto en cuenta con la temporada ciclista de invierno a la vuelta de la esquina. Aseg\u00farate siempre de tener la ropa adecuada y lleva una capa extra si no est\u00e1s seguro.<\/p>\n","protected":false},"excerpt":{"rendered":"<p>Una nueva investigaci\u00f3n sugiere que al hacer ejercicio es m\u00e1s dif\u00edcil notar los descensos de la temperatura corporal central en [&hellip;]<\/p>\n","protected":false},"author":29,"featured_media":8344,"comment_status":"open","ping_status":"open","sticky":false,"template":"","format":"standard","meta":{"footnotes":""},"categories":[7,9],"tags":[],"global-categories":[],"class_list":["post-8332","post","type-post","status-publish","format-standard","has-post-thumbnail","hentry","category-carretera","category-mtb-aventura"],"yoast_head":"<!-- This site is optimized with the Yoast SEO Premium plugin v25.3 (Yoast SEO v25.9) - https:\/\/yoast.com\/wordpress\/plugins\/seo\/ -->\n<title>La hipotermia puede pasar desapercibida cuando se pedalea<\/title>\n<meta name=\"description\" content=\"La hipotermia puede pasar desapercibida cuando se pedalea. Pedalear hace percibir menos el fr\u00edo que realmente sufre el cuerpo.\" \/>\n<meta name=\"robots\" content=\"index, follow, max-snippet:-1, max-image-preview:large, max-video-preview:-1\" \/>\n<link rel=\"canonical\" href=\"https:\/\/www.welovecycling.com\/es\/2021\/11\/14\/hipotermia-ciclismo\/\" \/>\n<meta property=\"og:locale\" content=\"es_ES\" \/>\n<meta property=\"og:type\" content=\"article\" \/>\n<meta property=\"og:title\" content=\"La hipotermia puede pasar desapercibida cuando se pedalea\" \/>\n<meta property=\"og:description\" content=\"La hipotermia puede pasar desapercibida cuando se pedalea. Pedalear hace percibir menos el fr\u00edo que realmente sufre el cuerpo.\" \/>\n<meta property=\"og:url\" content=\"https:\/\/www.welovecycling.com\/es\/2021\/11\/14\/hipotermia-ciclismo\/\" \/>\n<meta property=\"og:site_name\" content=\"\u0160koda We Love Cycling - Spain\" \/>\n<meta property=\"article:published_time\" content=\"2021-11-14T16:29:22+00:00\" \/>\n<meta property=\"og:image\" content=\"https:\/\/d2p6e6u75xmxt8.cloudfront.net\/6\/2021\/11\/Frozen-wheel-in-winter-profimedia-0635109656-CVR.jpg\" \/>\n\t<meta property=\"og:image:width\" content=\"1366\" \/>\n\t<meta property=\"og:image:height\" content=\"600\" \/>\n\t<meta property=\"og:image:type\" content=\"image\/jpeg\" \/>\n<meta name=\"author\" content=\"We Love Cycling Spain\" \/>\n<meta name=\"twitter:card\" content=\"summary_large_image\" \/>\n<meta name=\"twitter:title\" content=\"La hipotermia puede pasar desapercibida cuando se pedalea\" \/>\n<meta name=\"twitter:description\" content=\"La hipotermia puede pasar desapercibida cuando se pedalea. Pedalear hace percibir menos el fr\u00edo que realmente sufre el cuerpo.\" \/>\n<meta name=\"twitter:label1\" content=\"Written by\" \/>\n\t<meta name=\"twitter:data1\" content=\"Jiri Kaloc\" \/>\n\t<meta name=\"twitter:label2\" content=\"Est. reading time\" \/>\n\t<meta name=\"twitter:data2\" content=\"5\" \/>\n<script type=\"application\/ld+json\" class=\"yoast-schema-graph\">{\"@context\":\"https:\/\/schema.org\",\"@graph\":[{\"@type\":\"WebPage\",\"@id\":\"https:\/\/www.welovecycling.com\/es\/2021\/11\/14\/hipotermia-ciclismo\/\",\"url\":\"https:\/\/www.welovecycling.com\/es\/2021\/11\/14\/hipotermia-ciclismo\/\",\"name\":\"La hipotermia puede pasar desapercibida cuando se pedalea\",\"isPartOf\":{\"@id\":\"https:\/\/www.welovecycling.com\/es\/#website\"},\"primaryImageOfPage\":{\"@id\":\"https:\/\/www.welovecycling.com\/es\/2021\/11\/14\/hipotermia-ciclismo\/#primaryimage\"},\"image\":{\"@id\":\"https:\/\/www.welovecycling.com\/es\/2021\/11\/14\/hipotermia-ciclismo\/#primaryimage\"},\"thumbnailUrl\":\"https:\/\/d2p6e6u75xmxt8.cloudfront.net\/6\/2021\/11\/Frozen-wheel-in-winter-profimedia-0635109656-CVR.jpg\",\"datePublished\":\"2021-11-14T16:29:22+00:00\",\"author\":{\"@id\":\"https:\/\/www.welovecycling.com\/es\/#\/schema\/person\/deb61715b5812698ee79fb96f343ccd4\"},\"description\":\"La hipotermia puede pasar desapercibida cuando se pedalea. Pedalear hace percibir menos el fr\u00edo que realmente sufre el cuerpo.\",\"breadcrumb\":{\"@id\":\"https:\/\/www.welovecycling.com\/es\/2021\/11\/14\/hipotermia-ciclismo\/#breadcrumb\"},\"inLanguage\":\"es-ES\",\"potentialAction\":[{\"@type\":\"ReadAction\",\"target\":[\"https:\/\/www.welovecycling.com\/es\/2021\/11\/14\/hipotermia-ciclismo\/\"]}]},{\"@type\":\"ImageObject\",\"inLanguage\":\"es-ES\",\"@id\":\"https:\/\/www.welovecycling.com\/es\/2021\/11\/14\/hipotermia-ciclismo\/#primaryimage\",\"url\":\"https:\/\/d2p6e6u75xmxt8.cloudfront.net\/6\/2021\/11\/Frozen-wheel-in-winter-profimedia-0635109656-CVR.jpg\",\"contentUrl\":\"https:\/\/d2p6e6u75xmxt8.cloudfront.net\/6\/2021\/11\/Frozen-wheel-in-winter-profimedia-0635109656-CVR.jpg\",\"width\":1366,\"height\":600,\"caption\":\"Frozen wheel\"},{\"@type\":\"BreadcrumbList\",\"@id\":\"https:\/\/www.welovecycling.com\/es\/2021\/11\/14\/hipotermia-ciclismo\/#breadcrumb\",\"itemListElement\":[{\"@type\":\"ListItem\",\"position\":1,\"name\":\"Home\",\"item\":\"https:\/\/www.welovecycling.com\/es\/\"},{\"@type\":\"ListItem\",\"position\":2,\"name\":\"La hipotermia puede pasar desapercibida cuando se pedalea\"}]},{\"@type\":\"WebSite\",\"@id\":\"https:\/\/www.welovecycling.com\/es\/#website\",\"url\":\"https:\/\/www.welovecycling.com\/es\/\",\"name\":\"\u0160koda We Love Cycling - Spain\",\"description\":\"\u0160koda WeLoveCycling Spain\",\"potentialAction\":[{\"@type\":\"SearchAction\",\"target\":{\"@type\":\"EntryPoint\",\"urlTemplate\":\"https:\/\/www.welovecycling.com\/es\/?s={search_term_string}\"},\"query-input\":{\"@type\":\"PropertyValueSpecification\",\"valueRequired\":true,\"valueName\":\"search_term_string\"}}],\"inLanguage\":\"es-ES\"},{\"@type\":\"Person\",\"@id\":\"https:\/\/www.welovecycling.com\/es\/#\/schema\/person\/deb61715b5812698ee79fb96f343ccd4\",\"name\":\"We Love Cycling Spain\",\"image\":{\"@type\":\"ImageObject\",\"inLanguage\":\"es-ES\",\"@id\":\"https:\/\/www.welovecycling.com\/es\/#\/schema\/person\/image\/\",\"url\":\"https:\/\/secure.gravatar.com\/avatar\/c824b04e6df0e37a03219d0b6481672889df542894588964102459e46513159c?s=96&d=mm&r=g\",\"contentUrl\":\"https:\/\/secure.gravatar.com\/avatar\/c824b04e6df0e37a03219d0b6481672889df542894588964102459e46513159c?s=96&d=mm&r=g\",\"caption\":\"We Love Cycling Spain\"},\"url\":\"https:\/\/www.welovecycling.com\/es\/author\/amunoz\/\"}]}<\/script>\n<!-- \/ Yoast SEO Premium plugin. -->","yoast_head_json":{"title":"La hipotermia puede pasar desapercibida cuando se pedalea","description":"La hipotermia puede pasar desapercibida cuando se pedalea. Pedalear hace percibir menos el fr\u00edo que realmente sufre el cuerpo.","robots":{"index":"index","follow":"follow","max-snippet":"max-snippet:-1","max-image-preview":"max-image-preview:large","max-video-preview":"max-video-preview:-1"},"canonical":"https:\/\/www.welovecycling.com\/es\/2021\/11\/14\/hipotermia-ciclismo\/","og_locale":"es_ES","og_type":"article","og_title":"La hipotermia puede pasar desapercibida cuando se pedalea","og_description":"La hipotermia puede pasar desapercibida cuando se pedalea. Pedalear hace percibir menos el fr\u00edo que realmente sufre el cuerpo.","og_url":"https:\/\/www.welovecycling.com\/es\/2021\/11\/14\/hipotermia-ciclismo\/","og_site_name":"\u0160koda We Love Cycling - Spain","article_published_time":"2021-11-14T16:29:22+00:00","og_image":[{"width":1366,"height":600,"url":"https:\/\/d2p6e6u75xmxt8.cloudfront.net\/6\/2021\/11\/Frozen-wheel-in-winter-profimedia-0635109656-CVR.jpg","type":"image\/jpeg"}],"author":"We Love Cycling Spain","twitter_card":"summary_large_image","twitter_title":"La hipotermia puede pasar desapercibida cuando se pedalea","twitter_description":"La hipotermia puede pasar desapercibida cuando se pedalea. Pedalear hace percibir menos el fr\u00edo que realmente sufre el cuerpo.","twitter_misc":{"Written by":"Jiri Kaloc","Est. reading time":"5"},"schema":{"@context":"https:\/\/schema.org","@graph":[{"@type":"WebPage","@id":"https:\/\/www.welovecycling.com\/es\/2021\/11\/14\/hipotermia-ciclismo\/","url":"https:\/\/www.welovecycling.com\/es\/2021\/11\/14\/hipotermia-ciclismo\/","name":"La hipotermia puede pasar desapercibida cuando se pedalea","isPartOf":{"@id":"https:\/\/www.welovecycling.com\/es\/#website"},"primaryImageOfPage":{"@id":"https:\/\/www.welovecycling.com\/es\/2021\/11\/14\/hipotermia-ciclismo\/#primaryimage"},"image":{"@id":"https:\/\/www.welovecycling.com\/es\/2021\/11\/14\/hipotermia-ciclismo\/#primaryimage"},"thumbnailUrl":"https:\/\/d2p6e6u75xmxt8.cloudfront.net\/6\/2021\/11\/Frozen-wheel-in-winter-profimedia-0635109656-CVR.jpg","datePublished":"2021-11-14T16:29:22+00:00","author":{"@id":"https:\/\/www.welovecycling.com\/es\/#\/schema\/person\/deb61715b5812698ee79fb96f343ccd4"},"description":"La hipotermia puede pasar desapercibida cuando se pedalea. Pedalear hace percibir menos el fr\u00edo que realmente sufre el cuerpo.","breadcrumb":{"@id":"https:\/\/www.welovecycling.com\/es\/2021\/11\/14\/hipotermia-ciclismo\/#breadcrumb"},"inLanguage":"es-ES","potentialAction":[{"@type":"ReadAction","target":["https:\/\/www.welovecycling.com\/es\/2021\/11\/14\/hipotermia-ciclismo\/"]}]},{"@type":"ImageObject","inLanguage":"es-ES","@id":"https:\/\/www.welovecycling.com\/es\/2021\/11\/14\/hipotermia-ciclismo\/#primaryimage","url":"https:\/\/d2p6e6u75xmxt8.cloudfront.net\/6\/2021\/11\/Frozen-wheel-in-winter-profimedia-0635109656-CVR.jpg","contentUrl":"https:\/\/d2p6e6u75xmxt8.cloudfront.net\/6\/2021\/11\/Frozen-wheel-in-winter-profimedia-0635109656-CVR.jpg","width":1366,"height":600,"caption":"Frozen wheel"},{"@type":"BreadcrumbList","@id":"https:\/\/www.welovecycling.com\/es\/2021\/11\/14\/hipotermia-ciclismo\/#breadcrumb","itemListElement":[{"@type":"ListItem","position":1,"name":"Home","item":"https:\/\/www.welovecycling.com\/es\/"},{"@type":"ListItem","position":2,"name":"La hipotermia puede pasar desapercibida cuando se pedalea"}]},{"@type":"WebSite","@id":"https:\/\/www.welovecycling.com\/es\/#website","url":"https:\/\/www.welovecycling.com\/es\/","name":"\u0160koda We Love Cycling - Spain","description":"\u0160koda WeLoveCycling Spain","potentialAction":[{"@type":"SearchAction","target":{"@type":"EntryPoint","urlTemplate":"https:\/\/www.welovecycling.com\/es\/?s={search_term_string}"},"query-input":{"@type":"PropertyValueSpecification","valueRequired":true,"valueName":"search_term_string"}}],"inLanguage":"es-ES"},{"@type":"Person","@id":"https:\/\/www.welovecycling.com\/es\/#\/schema\/person\/deb61715b5812698ee79fb96f343ccd4","name":"We Love Cycling Spain","image":{"@type":"ImageObject","inLanguage":"es-ES","@id":"https:\/\/www.welovecycling.com\/es\/#\/schema\/person\/image\/","url":"https:\/\/secure.gravatar.com\/avatar\/c824b04e6df0e37a03219d0b6481672889df542894588964102459e46513159c?s=96&d=mm&r=g","contentUrl":"https:\/\/secure.gravatar.com\/avatar\/c824b04e6df0e37a03219d0b6481672889df542894588964102459e46513159c?s=96&d=mm&r=g","caption":"We Love Cycling Spain"},"url":"https:\/\/www.welovecycling.com\/es\/author\/amunoz\/"}]}},"_links":{"self":[{"href":"https:\/\/www.welovecycling.com\/es\/wp-json\/wp\/v2\/posts\/8332","targetHints":{"allow":["GET"]}}],"collection":[{"href":"https:\/\/www.welovecycling.com\/es\/wp-json\/wp\/v2\/posts"}],"about":[{"href":"https:\/\/www.welovecycling.com\/es\/wp-json\/wp\/v2\/types\/post"}],"author":[{"embeddable":true,"href":"https:\/\/www.welovecycling.com\/es\/wp-json\/wp\/v2\/users\/29"}],"replies":[{"embeddable":true,"href":"https:\/\/www.welovecycling.com\/es\/wp-json\/wp\/v2\/comments?post=8332"}],"version-history":[{"count":2,"href":"https:\/\/www.welovecycling.com\/es\/wp-json\/wp\/v2\/posts\/8332\/revisions"}],"predecessor-version":[{"id":8346,"href":"https:\/\/www.welovecycling.com\/es\/wp-json\/wp\/v2\/posts\/8332\/revisions\/8346"}],"wp:featuredmedia":[{"embeddable":true,"href":"https:\/\/www.welovecycling.com\/es\/wp-json\/wp\/v2\/media\/8344"}],"wp:attachment":[{"href":"https:\/\/www.welovecycling.com\/es\/wp-json\/wp\/v2\/media?parent=8332"}],"wp:term":[{"taxonomy":"category","embeddable":true,"href":"https:\/\/www.welovecycling.com\/es\/wp-json\/wp\/v2\/categories?post=8332"},{"taxonomy":"post_tag","embeddable":true,"href":"https:\/\/www.welovecycling.com\/es\/wp-json\/wp\/v2\/tags?post=8332"},{"taxonomy":"global-categories","embeddable":true,"href":"https:\/\/www.welovecycling.com\/es\/wp-json\/wp\/v2\/global-categories?post=8332"}],"curies":[{"name":"wp","href":"https:\/\/api.w.org\/{rel}","templated":true}]}}