{"id":8326,"date":"2021-11-09T11:19:33","date_gmt":"2021-11-09T09:19:33","guid":{"rendered":"https:\/\/www.welovecycling.com\/es\/?p=8326"},"modified":"2021-12-09T21:49:17","modified_gmt":"2021-12-09T19:49:17","slug":"skoda-titan-series-almeria-2","status":"publish","type":"post","link":"https:\/\/www.welovecycling.com\/es\/2021\/11\/09\/skoda-titan-series-almeria-2\/","title":{"rendered":"\u0160koda Titan Series Almer\u00eda. Diciembre 2021. Toda la esencia del desierto"},"content":{"rendered":"<p><strong>La \u0160koda Titan Series aterriza en Almer\u00eda del 8 al 12 de diciembre. Y retorna un a\u00f1o despu\u00e9s de que el Desierto de Tabernas acogiera la edici\u00f3n m\u00e1s especial de la carrera de la arena. Lo hace en el formato Titan Series durante cuatro etapas y un pr\u00f3logo. M\u00e1s de 400 kil\u00f3metros por un paisaje sorprendente y con toda la esencia de la Titan Desert.<\/strong><\/p>\n<p><!--more--><\/p>\n<p>En 2020 se produjo la simbiosis entre <a href=\"https:\/\/titanseriesalmeria.com\/\">Almer\u00eda y la Titan Desert<\/a>.\u00a0 Noviembre fue la fecha elegida para que el a\u00f1o pasado se pudiese celebrar la carrera. Se consigui\u00f3 y un con \u00e9xito tal que hab\u00eda que repetir en 2021. Esta vez no en el formato Titan Desert, de seis etapas y que ya se disput\u00f3 en Marruecos, sino en el reci\u00e9n estrenado de Titan Series.<\/p>\n<div class=\"embed-controller-wrapper\">\n<div class=\"embed-wrapper\"><iframe title=\"\u0160KODA TITAN SERIES ALMER\u00cdA 2021 | TEASER\" width=\"500\" height=\"281\" data-src=\"https:\/\/www.youtube.com\/embed\/KR7ygn2JO0M?feature=oembed\" frameborder=\"0\" allow=\"accelerometer; autoplay; clipboard-write; encrypted-media; gyroscope; picture-in-picture; web-share\" referrerpolicy=\"strict-origin-when-cross-origin\" allowfullscreen><\/iframe><\/div>\n<\/div>\n<p>La edici\u00f3n del <a href=\"https:\/\/www.welovecycling.com\/es\/2020\/11\/06\/titan-desert\/\">2021<\/a> se disputar\u00e1 8 al 12 de diciembre entre el Toyo (Almer\u00eda) y el Desierto de Tabernas. Ser\u00e1n m<strong>\u00e1s de 400 kil\u00f3metros divididos en cuatro etapas y un pr\u00f3logo y en el que se sumar\u00e1n m\u00e1s de 3.000 metros de desnivel positivo. Esta vez sin la ascensi\u00f3n a Velefique, pero con una subida sorpresa y sobre todo las ramblas cercanas al mar como puntos de m\u00e1xima dificultad.<\/strong><\/p>\n<p>La prueba arranca el\u00a0 mi\u00e9rcoles 8 de diciembre con un pr\u00f3logo de 19 kil\u00f3metros en la ciudad de Almer\u00eda y ese d\u00eda todos los participantes se alojar\u00e1n en el Toyo.\u00a0 La primera etapa transita por el Cabo de Gata, similar a la de 2021, y ser\u00e1 la m\u00e1s larga de la <strong>\u0160koda <\/strong><strong>Titan Series Almer\u00eda\u00a0<\/strong>con 103 kil\u00f3metros y salida y llegada en El Toyo. Por el camino caminos pegados al mar y los acantilados, pistas donde rodar r\u00e1pido y las temidas ramblas de arena blanda, que ya pusieron en problemas a muchos bikers en la pasada edici\u00f3n.<\/p>\n<div class=\"c-mainarticle__main-media\" data-ck-asset-wrapper=\"\">\n<figure class=\"c-mainarticle__fig\"><a href=\"https:\/\/d2p6e6u75xmxt8.cloudfront.net\/6\/2020\/11\/Titan-agua-4.jpg\"><img loading=\"lazy\" decoding=\"async\" class=\"aligncenter size-large wp-image-6878\" src=\"https:\/\/d2p6e6u75xmxt8.cloudfront.net\/6\/2020\/11\/Titan-agua-4-1024x717.jpg\" alt=\"\" width=\"1024\" height=\"717\" srcset=\"https:\/\/d2p6e6u75xmxt8.cloudfront.net\/6\/2020\/11\/Titan-agua-4-1024x717.jpg 1024w, https:\/\/d2p6e6u75xmxt8.cloudfront.net\/6\/2020\/11\/Titan-agua-4-300x210.jpg 300w, https:\/\/d2p6e6u75xmxt8.cloudfront.net\/6\/2020\/11\/Titan-agua-4-768x538.jpg 768w, https:\/\/d2p6e6u75xmxt8.cloudfront.net\/6\/2020\/11\/Titan-agua-4.jpg 1280w\" sizes=\"auto, (max-width: 1024px) 100vw, 1024px\" \/><\/a><figcaption class=\"c-mainarticle__cap\">M\u00e1s de 3000 metros de desnivel hay que superar en la Skoda Titan Series Almer\u00eda 2021<\/figcaption><\/figure>\n<\/div>\n<p>A partir de la segunda etapa empieza la convivencia en el Campamento Mini Hollywood del desierto de Tabernas. All\u00ed habr\u00e1 que vivir la esencia la Titan compartiendo haimas con otros participantes. Para llegar a Tabernas la organizaci\u00f3n ha dise\u00f1o un recorrido de 66 kil\u00f3metros con un puerto de monta\u00f1a que ser\u00e1 el <strong>\u0160koda<\/strong> Challenge, que parte desde N\u00edjar con un tramo de asfalto y acaba en tierra. La bajada hasta Turrillas es de las m\u00e1s t\u00e9cnicas de la <strong>\u0160koda <\/strong>Titan Series Almeria. En total casi 1.800 metros de desnivel para una jornada de monta\u00f1a que dar\u00e1 bonificaciones en la subida.<\/p>\n<p>La tercera etapa arranca y termina en el Campamento Mini Hollywood\u00a0 y recorrer\u00e1 todo el Desierto de Tabernas. Ser\u00e1 una de las m\u00e1s planas y por terrenos de pistas, pero suma 94 kil\u00f3metros y casi 1.500 metros de desnivel, a los que habr\u00e1 que unir el cansancio acumulado los tres d\u00edas anteriores.<\/p>\n<p>El domingo 12 de diciembre la\u00a0 <strong>\u0160koda <\/strong>Titan acaba con una etapa corta, 66 kil\u00f3metros y que devuelve a los ciclistas desde el desierto de Tabernas al hotel oficial de El Toyo. La mayor dificultad est\u00e1 en la zona que atraviesa la base militar del Tercio de la Legi\u00f3n, con subidas y bajadas t\u00e9cnicas, para terminar con un tramo llano hasta la meta. En El Toyo se acabar\u00e1 decidiendo el nombre del ganador y se repartir\u00e1n todos los trofeos de finisher.<\/p>\n<h2><strong>Inscripciones y Titan Contact<\/strong><\/h2>\n<p>Las <a href=\"https:\/\/titanseriesalmeria.com\/inscribirse\/#1573127191500-c599df7f-ac09\">inscripciones<\/a> a la <strong>\u0160koda <\/strong>Titan Series Almer\u00eda est\u00e1n abiertas hasta el 29 de noviembre o hasta que se cubran las 500 plazas disponibles.\u00a0 Se pueden hacer a trav\u00e9s de la p\u00e1gina web de la organizaci\u00f3n y las tarifas dependen de la fidelidad de los ciclistas a la Titan.<\/p>\n<p><img loading=\"lazy\" decoding=\"async\" class=\"alignnone size-extra-large\" src=\"https:\/\/www.mountainbike.es\/uploads\/s1\/99\/28\/06\/4\/ccn-0268.jpeg\" width=\"5632\" height=\"3755\" \/><\/p>\n<p>La <a href=\"https:\/\/titanseriesalmeria.com\/titan-contact\/\">Titan Contact<\/a>, consiste en participar en las dos \u00faltimas etapas (s\u00e1bado 11 y domingo 12 de diciembre) de la \u0160koda Titan Series Almer\u00eda y es un punto de partida a aquellos ciclistas que quieran descubrir el mundo Titan, en una versi\u00f3n un 60% m\u00e1s corta que la Titan Series. El formato Titan Contact es igualmente un desaf\u00edo, una aventura inmersiva, solo para 30 ciclistas, y con las mismas condiciones que el resto de los titanes que est\u00e9n participando en la prueba, \u00a1un modo \u00fanico para adentrarse en la familia Titan!<\/p>\n<h2><strong>\u0160koda y Purito Rodr\u00edguez<\/strong><\/h2>\n<p>El proyecto <strong>\u0160<\/strong><strong>koda<\/strong>\u00a0<strong>Titan Series Almer\u00eda<\/strong> nace gracias al compromiso entre la Titan y <strong>\u0160<\/strong><strong>koda<\/strong> . Los<a href=\"https:\/\/www.welovecycling.com\/es\/2021\/07\/01\/enyaq-iv-rojo-director-tour-francia\/\"> Enyaq IV<\/a> el\u00e9ctricos\u00a0 abrir\u00e1n las etapas en Almer\u00eda igual que ya lo han hecho en el Tour de Francia, la Vuelta a Espa\u00f1a o la Titan Desert en Marruecos. Y la organizaci\u00f3n contar\u00e1 con toda la gama de SKODA para asistir a los bikers durante la carrera y los puntos de apoyo.<\/p>\n<p><em>\u201cFortalecemos nuestro compromiso con el ciclismo patrocinando la nueva \u0160koda Titan Series Almer\u00eda, que es un escaparate perfecto para expresar nuestra pasi\u00f3n por este deporte con el que nos sentimos tan identificados<\/em>\u201d explic\u00f3 Miguel Piwko, director de Marketing de \u0160koda. \u201c<em>Queremos ser parte fundamental de una prueba que se convertir\u00e1, al igual que ya lo es la Titan Desert, en una referencia dentro del calendario ciclista. Su exigente recorrido ser\u00e1 el marco ideal para mostrar la versatilidad y resistencia de toda nuestra gama SUV, especialmente este a\u00f1o en el que lanzamos nuestro 100% el\u00e9ctrico, el ENYAQ iV, que ser\u00e1 el coche oficial de la carrera, con el que aportamos nuestro grano de arena a la sostenibilidad y, en este caso, al cuidado del entorno natural en el que se desarrollar\u00e1 la carrera<\/em>\u201d.<br \/>\n<a href=\"https:\/\/d2p6e6u75xmxt8.cloudfront.net\/6\/2020\/11\/Titna-1.jpg\"><img loading=\"lazy\" decoding=\"async\" class=\"aligncenter size-full wp-image-6836\" src=\"https:\/\/d2p6e6u75xmxt8.cloudfront.net\/6\/2020\/11\/Titna-1.jpg\" alt=\"\" width=\"1000\" height=\"667\" srcset=\"https:\/\/d2p6e6u75xmxt8.cloudfront.net\/6\/2020\/11\/Titna-1.jpg 1000w, https:\/\/d2p6e6u75xmxt8.cloudfront.net\/6\/2020\/11\/Titna-1-300x200.jpg 300w, https:\/\/d2p6e6u75xmxt8.cloudfront.net\/6\/2020\/11\/Titna-1-768x512.jpg 768w, https:\/\/d2p6e6u75xmxt8.cloudfront.net\/6\/2020\/11\/Titna-1-272x182.jpg 272w\" sizes=\"auto, (max-width: 1000px) 100vw, 1000px\" \/><\/a><\/p>\n<p>El primer ciclista que ha confirmado su presencia es el ex profesional <a href=\"https:\/\/www.welovecycling.com\/es\/2020\/02\/05\/orbea-factory-team-debuta-con-triunfo-cbbr\/\"><strong>Joaquim &#8216;Purito&#8217; Rodr\u00edguez<\/strong><\/a>. Con un enorme palmar\u00e9s que incluye podio en las tres grandes vueltas (Tour, Giro y La Vuelta), Purito afronta esta vez la prueba con la experiencia de 2019, cuando disput\u00f3 en Marruecos la 14\u00aa edici\u00f3n de la Titan Desert. \u201cLa Titan es una carrera especial. No solamente cuenta el ir r\u00e1pido, sino tambi\u00e9n ser vivo con la navegaci\u00f3n y controlar mucho los esfuerzos. Las dunas es algo que no se olvida, una sensaci\u00f3n que jam\u00e1s hab\u00eda vivido encima de una bicicleta. En Almer\u00eda espero m\u00e1s monta\u00f1a que en Marruecos, un recorrido que seguro se adaptar\u00e1 mejor a mis condiciones<strong>. Y me motiva mucho volver a estar en el campamento. Es una familia<\/strong>. Acaba la etapa y hasta que llegas a la ducha te juntas con mil personas y todos con una aventura y una visi\u00f3n de la carrera diferente. Cada corredor vive una Titan especial\u201d.<\/p>\n","protected":false},"excerpt":{"rendered":"<p>La \u0160koda Titan Series aterriza en Almer\u00eda del 8 al 12 de diciembre. Y retorna un a\u00f1o despu\u00e9s de que [&hellip;]<\/p>\n","protected":false},"author":29,"featured_media":6908,"comment_status":"open","ping_status":"open","sticky":false,"template":"","format":"standard","meta":{"footnotes":""},"categories":[9],"tags":[2163],"global-categories":[1164],"class_list":["post-8326","post","type-post","status-publish","format-standard","has-post-thumbnail","hentry","category-mtb-aventura","tag-titan-series-almeria","global-categories-cycling"],"yoast_head":"<!-- This site is optimized with the Yoast SEO Premium plugin v25.3 (Yoast SEO v25.9) - https:\/\/yoast.com\/wordpress\/plugins\/seo\/ -->\n<title>\u0160koda Titan Series Almer\u00eda. Diciembre 2021. Toda la esencia del desierto<\/title>\n<meta name=\"description\" content=\"\u0160koda Titan Series Almeria. Del 8 a 12 de diciembre la Titan Desert vuelve a Almer\u00eda con toda la esencia del desierto. Inscripciones abiertas.\" \/>\n<meta name=\"robots\" content=\"index, follow, max-snippet:-1, max-image-preview:large, max-video-preview:-1\" \/>\n<link rel=\"canonical\" href=\"https:\/\/www.welovecycling.com\/es\/2021\/11\/09\/skoda-titan-series-almeria-2\/\" \/>\n<meta property=\"og:locale\" content=\"es_ES\" \/>\n<meta property=\"og:type\" content=\"article\" \/>\n<meta property=\"og:title\" content=\"\u0160koda Titan Series Almeria. Diciembre 2022. Toda la esencia del desierto\" \/>\n<meta property=\"og:description\" content=\"\u0160koda Titan Series Almeria. Del 8 a 12 de diciembre la Titan Desert vuelve a Almer\u00eda con toda la esencia del desierto. Inscripciones abiertas.\" \/>\n<meta property=\"og:url\" content=\"https:\/\/www.welovecycling.com\/es\/2021\/11\/09\/skoda-titan-series-almeria-2\/\" \/>\n<meta property=\"og:site_name\" content=\"\u0160koda We Love Cycling - Spain\" \/>\n<meta property=\"article:published_time\" content=\"2021-11-09T09:19:33+00:00\" \/>\n<meta property=\"article:modified_time\" content=\"2021-12-09T19:49:17+00:00\" \/>\n<meta property=\"og:image\" content=\"https:\/\/d2p6e6u75xmxt8.cloudfront.net\/6\/2020\/11\/Titan-2020-meta-e1604688346586.jpg\" \/>\n\t<meta property=\"og:image:width\" content=\"1500\" \/>\n\t<meta property=\"og:image:height\" content=\"873\" \/>\n\t<meta property=\"og:image:type\" content=\"image\/jpeg\" \/>\n<meta name=\"author\" content=\"We Love Cycling Spain\" \/>\n<meta name=\"twitter:card\" content=\"summary_large_image\" \/>\n<meta name=\"twitter:title\" content=\"\u0160koda Titan Series Almeria. Diciembre 2022. Toda la esencia del desierto\" \/>\n<meta name=\"twitter:description\" content=\"\u0160koda Titan Series Almeria. Del 8 a 12 de diciembre la Titan Desert vuelve a Almer\u00eda con toda la esencia del desierto. Inscripciones abiertas.\" \/>\n<meta name=\"twitter:label1\" content=\"Written by\" \/>\n\t<meta name=\"twitter:data1\" content=\"luis ortega @ciclored\" \/>\n\t<meta name=\"twitter:label2\" content=\"Est. reading time\" \/>\n\t<meta name=\"twitter:data2\" content=\"6 minutes\" \/>\n<script type=\"application\/ld+json\" class=\"yoast-schema-graph\">{\"@context\":\"https:\/\/schema.org\",\"@graph\":[{\"@type\":\"WebPage\",\"@id\":\"https:\/\/www.welovecycling.com\/es\/2021\/11\/09\/skoda-titan-series-almeria-2\/\",\"url\":\"https:\/\/www.welovecycling.com\/es\/2021\/11\/09\/skoda-titan-series-almeria-2\/\",\"name\":\"\u0160koda Titan Series Almer\u00eda. Diciembre 2021. Toda la esencia del desierto\",\"isPartOf\":{\"@id\":\"https:\/\/www.welovecycling.com\/es\/#website\"},\"primaryImageOfPage\":{\"@id\":\"https:\/\/www.welovecycling.com\/es\/2021\/11\/09\/skoda-titan-series-almeria-2\/#primaryimage\"},\"image\":{\"@id\":\"https:\/\/www.welovecycling.com\/es\/2021\/11\/09\/skoda-titan-series-almeria-2\/#primaryimage\"},\"thumbnailUrl\":\"https:\/\/d2p6e6u75xmxt8.cloudfront.net\/6\/2020\/11\/Titan-2020-meta-e1604688346586.jpg\",\"datePublished\":\"2021-11-09T09:19:33+00:00\",\"dateModified\":\"2021-12-09T19:49:17+00:00\",\"author\":{\"@id\":\"https:\/\/www.welovecycling.com\/es\/#\/schema\/person\/deb61715b5812698ee79fb96f343ccd4\"},\"description\":\"\u0160koda Titan Series Almeria. Del 8 a 12 de diciembre la Titan Desert vuelve a Almer\u00eda con toda la esencia del desierto. Inscripciones abiertas.\",\"breadcrumb\":{\"@id\":\"https:\/\/www.welovecycling.com\/es\/2021\/11\/09\/skoda-titan-series-almeria-2\/#breadcrumb\"},\"inLanguage\":\"es-ES\",\"potentialAction\":[{\"@type\":\"ReadAction\",\"target\":[\"https:\/\/www.welovecycling.com\/es\/2021\/11\/09\/skoda-titan-series-almeria-2\/\"]}]},{\"@type\":\"ImageObject\",\"inLanguage\":\"es-ES\",\"@id\":\"https:\/\/www.welovecycling.com\/es\/2021\/11\/09\/skoda-titan-series-almeria-2\/#primaryimage\",\"url\":\"https:\/\/d2p6e6u75xmxt8.cloudfront.net\/6\/2020\/11\/Titan-2020-meta-e1604688346586.jpg\",\"contentUrl\":\"https:\/\/d2p6e6u75xmxt8.cloudfront.net\/6\/2020\/11\/Titan-2020-meta-e1604688346586.jpg\",\"width\":1500,\"height\":873},{\"@type\":\"BreadcrumbList\",\"@id\":\"https:\/\/www.welovecycling.com\/es\/2021\/11\/09\/skoda-titan-series-almeria-2\/#breadcrumb\",\"itemListElement\":[{\"@type\":\"ListItem\",\"position\":1,\"name\":\"Home\",\"item\":\"https:\/\/www.welovecycling.com\/es\/\"},{\"@type\":\"ListItem\",\"position\":2,\"name\":\"\u0160koda Titan Series Almer\u00eda. Diciembre 2021. Toda la esencia del desierto\"}]},{\"@type\":\"WebSite\",\"@id\":\"https:\/\/www.welovecycling.com\/es\/#website\",\"url\":\"https:\/\/www.welovecycling.com\/es\/\",\"name\":\"\u0160koda We Love Cycling - Spain\",\"description\":\"\u0160koda WeLoveCycling Spain\",\"potentialAction\":[{\"@type\":\"SearchAction\",\"target\":{\"@type\":\"EntryPoint\",\"urlTemplate\":\"https:\/\/www.welovecycling.com\/es\/?s={search_term_string}\"},\"query-input\":{\"@type\":\"PropertyValueSpecification\",\"valueRequired\":true,\"valueName\":\"search_term_string\"}}],\"inLanguage\":\"es-ES\"},{\"@type\":\"Person\",\"@id\":\"https:\/\/www.welovecycling.com\/es\/#\/schema\/person\/deb61715b5812698ee79fb96f343ccd4\",\"name\":\"We Love Cycling Spain\",\"image\":{\"@type\":\"ImageObject\",\"inLanguage\":\"es-ES\",\"@id\":\"https:\/\/www.welovecycling.com\/es\/#\/schema\/person\/image\/\",\"url\":\"https:\/\/secure.gravatar.com\/avatar\/c824b04e6df0e37a03219d0b6481672889df542894588964102459e46513159c?s=96&d=mm&r=g\",\"contentUrl\":\"https:\/\/secure.gravatar.com\/avatar\/c824b04e6df0e37a03219d0b6481672889df542894588964102459e46513159c?s=96&d=mm&r=g\",\"caption\":\"We Love Cycling Spain\"},\"url\":\"https:\/\/www.welovecycling.com\/es\/author\/amunoz\/\"}]}<\/script>\n<!-- \/ Yoast SEO Premium plugin. -->","yoast_head_json":{"title":"\u0160koda Titan Series Almer\u00eda. Diciembre 2021. Toda la esencia del desierto","description":"\u0160koda Titan Series Almeria. Del 8 a 12 de diciembre la Titan Desert vuelve a Almer\u00eda con toda la esencia del desierto. Inscripciones abiertas.","robots":{"index":"index","follow":"follow","max-snippet":"max-snippet:-1","max-image-preview":"max-image-preview:large","max-video-preview":"max-video-preview:-1"},"canonical":"https:\/\/www.welovecycling.com\/es\/2021\/11\/09\/skoda-titan-series-almeria-2\/","og_locale":"es_ES","og_type":"article","og_title":"\u0160koda Titan Series Almeria. Diciembre 2022. Toda la esencia del desierto","og_description":"\u0160koda Titan Series Almeria. Del 8 a 12 de diciembre la Titan Desert vuelve a Almer\u00eda con toda la esencia del desierto. Inscripciones abiertas.","og_url":"https:\/\/www.welovecycling.com\/es\/2021\/11\/09\/skoda-titan-series-almeria-2\/","og_site_name":"\u0160koda We Love Cycling - Spain","article_published_time":"2021-11-09T09:19:33+00:00","article_modified_time":"2021-12-09T19:49:17+00:00","og_image":[{"width":1500,"height":873,"url":"https:\/\/d2p6e6u75xmxt8.cloudfront.net\/6\/2020\/11\/Titan-2020-meta-e1604688346586.jpg","type":"image\/jpeg"}],"author":"We Love Cycling Spain","twitter_card":"summary_large_image","twitter_title":"\u0160koda Titan Series Almeria. Diciembre 2022. Toda la esencia del desierto","twitter_description":"\u0160koda Titan Series Almeria. Del 8 a 12 de diciembre la Titan Desert vuelve a Almer\u00eda con toda la esencia del desierto. Inscripciones abiertas.","twitter_misc":{"Written by":"luis ortega @ciclored","Est. reading time":"6 minutes"},"schema":{"@context":"https:\/\/schema.org","@graph":[{"@type":"WebPage","@id":"https:\/\/www.welovecycling.com\/es\/2021\/11\/09\/skoda-titan-series-almeria-2\/","url":"https:\/\/www.welovecycling.com\/es\/2021\/11\/09\/skoda-titan-series-almeria-2\/","name":"\u0160koda Titan Series Almer\u00eda. Diciembre 2021. Toda la esencia del desierto","isPartOf":{"@id":"https:\/\/www.welovecycling.com\/es\/#website"},"primaryImageOfPage":{"@id":"https:\/\/www.welovecycling.com\/es\/2021\/11\/09\/skoda-titan-series-almeria-2\/#primaryimage"},"image":{"@id":"https:\/\/www.welovecycling.com\/es\/2021\/11\/09\/skoda-titan-series-almeria-2\/#primaryimage"},"thumbnailUrl":"https:\/\/d2p6e6u75xmxt8.cloudfront.net\/6\/2020\/11\/Titan-2020-meta-e1604688346586.jpg","datePublished":"2021-11-09T09:19:33+00:00","dateModified":"2021-12-09T19:49:17+00:00","author":{"@id":"https:\/\/www.welovecycling.com\/es\/#\/schema\/person\/deb61715b5812698ee79fb96f343ccd4"},"description":"\u0160koda Titan Series Almeria. Del 8 a 12 de diciembre la Titan Desert vuelve a Almer\u00eda con toda la esencia del desierto. Inscripciones abiertas.","breadcrumb":{"@id":"https:\/\/www.welovecycling.com\/es\/2021\/11\/09\/skoda-titan-series-almeria-2\/#breadcrumb"},"inLanguage":"es-ES","potentialAction":[{"@type":"ReadAction","target":["https:\/\/www.welovecycling.com\/es\/2021\/11\/09\/skoda-titan-series-almeria-2\/"]}]},{"@type":"ImageObject","inLanguage":"es-ES","@id":"https:\/\/www.welovecycling.com\/es\/2021\/11\/09\/skoda-titan-series-almeria-2\/#primaryimage","url":"https:\/\/d2p6e6u75xmxt8.cloudfront.net\/6\/2020\/11\/Titan-2020-meta-e1604688346586.jpg","contentUrl":"https:\/\/d2p6e6u75xmxt8.cloudfront.net\/6\/2020\/11\/Titan-2020-meta-e1604688346586.jpg","width":1500,"height":873},{"@type":"BreadcrumbList","@id":"https:\/\/www.welovecycling.com\/es\/2021\/11\/09\/skoda-titan-series-almeria-2\/#breadcrumb","itemListElement":[{"@type":"ListItem","position":1,"name":"Home","item":"https:\/\/www.welovecycling.com\/es\/"},{"@type":"ListItem","position":2,"name":"\u0160koda Titan Series Almer\u00eda. Diciembre 2021. Toda la esencia del desierto"}]},{"@type":"WebSite","@id":"https:\/\/www.welovecycling.com\/es\/#website","url":"https:\/\/www.welovecycling.com\/es\/","name":"\u0160koda We Love Cycling - Spain","description":"\u0160koda WeLoveCycling Spain","potentialAction":[{"@type":"SearchAction","target":{"@type":"EntryPoint","urlTemplate":"https:\/\/www.welovecycling.com\/es\/?s={search_term_string}"},"query-input":{"@type":"PropertyValueSpecification","valueRequired":true,"valueName":"search_term_string"}}],"inLanguage":"es-ES"},{"@type":"Person","@id":"https:\/\/www.welovecycling.com\/es\/#\/schema\/person\/deb61715b5812698ee79fb96f343ccd4","name":"We Love Cycling Spain","image":{"@type":"ImageObject","inLanguage":"es-ES","@id":"https:\/\/www.welovecycling.com\/es\/#\/schema\/person\/image\/","url":"https:\/\/secure.gravatar.com\/avatar\/c824b04e6df0e37a03219d0b6481672889df542894588964102459e46513159c?s=96&d=mm&r=g","contentUrl":"https:\/\/secure.gravatar.com\/avatar\/c824b04e6df0e37a03219d0b6481672889df542894588964102459e46513159c?s=96&d=mm&r=g","caption":"We Love Cycling Spain"},"url":"https:\/\/www.welovecycling.com\/es\/author\/amunoz\/"}]}},"_links":{"self":[{"href":"https:\/\/www.welovecycling.com\/es\/wp-json\/wp\/v2\/posts\/8326","targetHints":{"allow":["GET"]}}],"collection":[{"href":"https:\/\/www.welovecycling.com\/es\/wp-json\/wp\/v2\/posts"}],"about":[{"href":"https:\/\/www.welovecycling.com\/es\/wp-json\/wp\/v2\/types\/post"}],"author":[{"embeddable":true,"href":"https:\/\/www.welovecycling.com\/es\/wp-json\/wp\/v2\/users\/29"}],"replies":[{"embeddable":true,"href":"https:\/\/www.welovecycling.com\/es\/wp-json\/wp\/v2\/comments?post=8326"}],"version-history":[{"count":2,"href":"https:\/\/www.welovecycling.com\/es\/wp-json\/wp\/v2\/posts\/8326\/revisions"}],"predecessor-version":[{"id":8466,"href":"https:\/\/www.welovecycling.com\/es\/wp-json\/wp\/v2\/posts\/8326\/revisions\/8466"}],"wp:featuredmedia":[{"embeddable":true,"href":"https:\/\/www.welovecycling.com\/es\/wp-json\/wp\/v2\/media\/6908"}],"wp:attachment":[{"href":"https:\/\/www.welovecycling.com\/es\/wp-json\/wp\/v2\/media?parent=8326"}],"wp:term":[{"taxonomy":"category","embeddable":true,"href":"https:\/\/www.welovecycling.com\/es\/wp-json\/wp\/v2\/categories?post=8326"},{"taxonomy":"post_tag","embeddable":true,"href":"https:\/\/www.welovecycling.com\/es\/wp-json\/wp\/v2\/tags?post=8326"},{"taxonomy":"global-categories","embeddable":true,"href":"https:\/\/www.welovecycling.com\/es\/wp-json\/wp\/v2\/global-categories?post=8326"}],"curies":[{"name":"wp","href":"https:\/\/api.w.org\/{rel}","templated":true}]}}