{"id":8306,"date":"2021-11-06T13:11:31","date_gmt":"2021-11-06T11:11:31","guid":{"rendered":"https:\/\/www.welovecycling.com\/es\/?p=8306"},"modified":"2021-11-03T13:26:46","modified_gmt":"2021-11-03T11:26:46","slug":"paris-roubaix-2021","status":"publish","type":"post","link":"https:\/\/www.welovecycling.com\/es\/2021\/11\/06\/paris-roubaix-2021\/","title":{"rendered":"Video: La Paris Roubaix 2021 desde dentro"},"content":{"rendered":"<p><strong>La Paris Roubaix 2021 pasada por agua\u00a0 nos hizo vibrar, igual que a muchos aficionados. Tuvimos que verlo desde lejos, pero por suerte, Cameron Jeffers estaba en all\u00ed con el \u0160koda SUPERB iV y accedi\u00f3 a compartir su experiencia con nosotros. Esto es lo que tiene que decir<\/strong><\/p>\n<p><!--more--><\/p>\n<p>Mi viaje a Par\u00eds para la 118\u00aa edici\u00f3n de la famosa Par\u00eds-Roubaix no estuvo exento de estr\u00e9s. Despu\u00e9s de un viaje sin problemas en el <a href=\"https:\/\/www.welovecycling.com\/es\/2021\/07\/14\/coches-equipo-tour\/\">\u0160koda SUPERB iV<\/a> de Shimano, me sent\u00eda relajado y entusiasmado por los d\u00edas que me esperaban. Sin embargo, despu\u00e9s de 800 km, llegu\u00e9 a la peque\u00f1a ciudad de Compiegne sobre las 21:00 horas de la v\u00edspera de la carrera y descubr\u00ed que mi hotel estaba completamente cerrado. Tras llamar al n\u00famero que figuraba en mi confirmaci\u00f3n y hacer sonar el interfono varias veces se confirm\u00f3 todo. En cualquier otro momento del a\u00f1o, estoy seguro de que podr\u00eda haber conducido hasta el siguiente hotel y haber reservado una habitaci\u00f3n para pasar la noche. Pero durante el fin de semana de una de las mayores carreras ciclistas del a\u00f1o, la ciudad estaba llena.<\/p>\n<lite-youtube videoid=6bhuP1ntv0g params=\"enablejsapi=1\" style=\"background-image: url('https:\/\/i.ytimg.com\/vi_webp\/6bhuP1ntv0g\/maxresdefault.webp');\"><\/lite-youtube>\n<p>Fui a un hotel local en el que se alojaban varios equipos profesionales y, aunque &#8220;no hab\u00eda sitio&#8221;, el joven y educado caballero de la recepci\u00f3n me ayud\u00f3 a encontrar otro hotel. A unos 45 minutos de distancia. Eran las 23:00 horas y por fin estaba en una habitaci\u00f3n de un hotel econ\u00f3mico en las profundidades del norte de Francia. Me voy a la cama.<\/p>\n<p>A las 6:00 son\u00f3 el despertador. A pesar de haber dormido poco, estaba muy despierto y entusiasmado con el d\u00eda que me esperaba. Creo que todav\u00eda no me hab\u00eda dado cuenta de que iba a pasar el d\u00eda en el coche del <a href=\"https:\/\/www.welovecycling.com\/es\/2021\/07\/07\/coches-neutros\/\">Servicio Neutro de \u0160koda<\/a> en una carrera tan emblem\u00e1tica. Realmente era una oportunidad \u00fanica en la vida.<\/p>\n<p>Debido a la longitud de la carrera (259 km) y al duro terreno al que se enfrentaban los corredores, el equipo de servicio neutral se dividi\u00f3 en dos. El equipo uno cubri\u00f3 los primeros 100 km, hasta el punto del primer &#8220;Sector de adoquines&#8221;, donde el equipo dos, con el que yo estaba, tom\u00f3 el relevo.<\/p>\n<figure id=\"attachment_8309\" aria-describedby=\"caption-attachment-8309\" style=\"width: 1058px\" class=\"wp-caption alignnone\"><a href=\"https:\/\/d2p6e6u75xmxt8.cloudfront.net\/6\/2021\/11\/Shimano-neutral-service-Cameron-1.jpg\"><img loading=\"lazy\" decoding=\"async\" class=\"wp-image-8309 size-full\" src=\"https:\/\/d2p6e6u75xmxt8.cloudfront.net\/6\/2021\/11\/Shimano-neutral-service-Cameron-1.jpg\" alt=\"\u0160koda service car\" width=\"1058\" height=\"772\" srcset=\"https:\/\/d2p6e6u75xmxt8.cloudfront.net\/6\/2021\/11\/Shimano-neutral-service-Cameron-1.jpg 1058w, https:\/\/d2p6e6u75xmxt8.cloudfront.net\/6\/2021\/11\/Shimano-neutral-service-Cameron-1-300x219.jpg 300w, https:\/\/d2p6e6u75xmxt8.cloudfront.net\/6\/2021\/11\/Shimano-neutral-service-Cameron-1-1024x747.jpg 1024w, https:\/\/d2p6e6u75xmxt8.cloudfront.net\/6\/2021\/11\/Shimano-neutral-service-Cameron-1-768x560.jpg 768w\" sizes=\"auto, (max-width: 1058px) 100vw, 1058px\" \/><\/a><figcaption id=\"caption-attachment-8309\" class=\"wp-caption-text\">El servicio neutro se dividi\u00f3 en dos.<\/figcaption><\/figure>\n<p>&nbsp;<\/p>\n<p>Llegamos al punto de encuentro de la Paris Roubaix 2021 unas tres horas antes de que pasara la carrera, lo que significa que ten\u00edamos mucho tiempo para esperar. Est\u00e1bamos en la peque\u00f1a ciudad de Fresnoy-le-Grand y las calles ya estaban llenas de aficionados deseosos de ver a los corredores cuando pasaban volando. Encontramos un peque\u00f1o y t\u00edpico caf\u00e9 franc\u00e9s donde los lugare\u00f1os ya estaban tomando cervezas a las 11:00. Opt\u00e9 por un espresso doble.<\/p>\n<p>En poco tiempo lleg\u00f3 la hora de ponerse a trabajar. La carrera se acercaba r\u00e1pidamente, as\u00ed que nos subimos a los coches y esperamos a que nos dieran luz verde. Me pusieron en un coche conducido por Brian Van Goethem, un tipo holand\u00e9s que corri\u00f3 profesionalmente durante 10 a\u00f1os, retir\u00e1ndose del Lotto-Soudal en 2020. Brian hab\u00eda corrido la Par\u00eds Roubaix dos veces durante su carrera y fue totalmente fascinante escuchar su visi\u00f3n y conocimiento de lo que los corredores ten\u00edan por delante ese d\u00eda.<\/p>\n<p>Para nosotros, aparte de resbalar por alg\u00fan adoqu\u00edn, fue un d\u00eda bastante tranquilo. Ninguno de los ciclistas necesit\u00f3 nuestro servicio, aunque los chicos tuvieron que arreglar un pinchazo. Por desgracia, fue el del coche. Cuando faltaban unos 15 km para llegar a la meta, nos topamos con un enorme bache a unos 80 km\/h e inmediatamente se encendi\u00f3 la luz de la rueda pinchada, \u00a1y supimos que est\u00e1bamos en problemas!<\/p>\n<p><a href=\"https:\/\/d2p6e6u75xmxt8.cloudfront.net\/6\/2021\/11\/Shimano-Cameron-1.jpg\"><img loading=\"lazy\" decoding=\"async\" class=\"alignnone wp-image-8312 size-full\" src=\"https:\/\/d2p6e6u75xmxt8.cloudfront.net\/6\/2021\/11\/Shimano-Cameron-1.jpg\" alt=\"Shimano neutral service car\" width=\"1008\" height=\"756\" srcset=\"https:\/\/d2p6e6u75xmxt8.cloudfront.net\/6\/2021\/11\/Shimano-Cameron-1.jpg 1008w, https:\/\/d2p6e6u75xmxt8.cloudfront.net\/6\/2021\/11\/Shimano-Cameron-1-300x225.jpg 300w, https:\/\/d2p6e6u75xmxt8.cloudfront.net\/6\/2021\/11\/Shimano-Cameron-1-768x576.jpg 768w\" sizes=\"auto, (max-width: 1008px) 100vw, 1008px\" \/><\/a><\/p>\n<p>Los chicos pararon y r\u00e1pidamente se pusieron a trabajar para cambiar la rueda. Creo que desde el momento del impacto hasta que volvimos a la carretera pasaron unos siete minutos. Realmente impresionante. Un trabajo en el equipo de boxes de la F1 les llama la atenci\u00f3n a estos chicos.<\/p>\n<p>Pronto volvimos a la carretera, pero la parte delantera de la carrera ya hab\u00eda desaparecido. Los corredores iban a todo gas hasta la meta de la Paris Roubaix 2021, as\u00ed que en ese momento nuestro d\u00eda estaba pr\u00e1cticamente terminado. Los tramos de adoquines tambi\u00e9n hab\u00edan terminado, as\u00ed que fue un viaje bastante relajado hasta la meta.<\/p>\n<p>Cuatro horas m\u00e1s tarde, llegamos al vel\u00f3dromo de Roubaix, donde nos reunimos con el resto de los chicos del Servicio Neutral de Shimano y charlamos sobre nuestras experiencias y travesuras durante el d\u00eda.<\/p>\n<p>Gracias a Shimano, \u0160koda y WeLoveCycling por proporcionarme la experiencia de mi vida en la Paris Roubaix 2021.<\/p>\n","protected":false},"excerpt":{"rendered":"<p>La Paris Roubaix 2021 pasada por agua\u00a0 nos hizo vibrar, igual que a muchos aficionados. Tuvimos que verlo desde lejos, [&hellip;]<\/p>\n","protected":false},"author":29,"featured_media":8314,"comment_status":"open","ping_status":"open","sticky":false,"template":"","format":"standard","meta":{"footnotes":""},"categories":[7],"tags":[40,1701],"global-categories":[],"class_list":["post-8306","post","type-post","status-publish","format-standard","has-post-thumbnail","hentry","category-carretera","tag-paris-roubaix","tag-skoda-superb"],"yoast_head":"<!-- This site is optimized with the Yoast SEO Premium plugin v25.3 (Yoast SEO v25.9) - https:\/\/yoast.com\/wordpress\/plugins\/seo\/ -->\n<title>Video: La Paris Roubaix 2021 desde dentro<\/title>\n<meta name=\"description\" content=\"La Paris Roubaix 2021 desde dentro. El v\u00eddeo de los coches neutros de Shimano en la Par\u00eds Roubaix m\u00e1s emocionante de los \u00faltimos a\u00f1os.\" \/>\n<meta name=\"robots\" content=\"index, follow, max-snippet:-1, max-image-preview:large, max-video-preview:-1\" \/>\n<link rel=\"canonical\" href=\"https:\/\/www.welovecycling.com\/es\/2021\/11\/06\/paris-roubaix-2021\/\" \/>\n<meta property=\"og:locale\" content=\"es_ES\" \/>\n<meta property=\"og:type\" content=\"article\" \/>\n<meta property=\"og:title\" content=\"Video: La Paris Roubaix 2021 desde dentro\" \/>\n<meta property=\"og:description\" content=\"La Paris Roubaix 2021 desde dentro. El v\u00eddeo de los coches neutros de Shimano en la Par\u00eds Roubaix m\u00e1s emocionante de los \u00faltimos a\u00f1os.\" \/>\n<meta property=\"og:url\" content=\"https:\/\/www.welovecycling.com\/es\/2021\/11\/06\/paris-roubaix-2021\/\" \/>\n<meta property=\"og:site_name\" content=\"\u0160koda We Love Cycling - Spain\" \/>\n<meta property=\"article:published_time\" content=\"2021-11-06T11:11:31+00:00\" \/>\n<meta property=\"og:image\" content=\"https:\/\/d2p6e6u75xmxt8.cloudfront.net\/6\/2021\/11\/Paris-Roubaix-2021-profimedia-0636253356-CVR.jpg\" \/>\n\t<meta property=\"og:image:width\" content=\"1366\" \/>\n\t<meta property=\"og:image:height\" content=\"600\" \/>\n\t<meta property=\"og:image:type\" content=\"image\/jpeg\" \/>\n<meta name=\"author\" content=\"We Love Cycling Spain\" \/>\n<meta name=\"twitter:card\" content=\"summary_large_image\" \/>\n<meta name=\"twitter:title\" content=\"Video: La Paris Roubaix 2021 desde dentro\" \/>\n<meta name=\"twitter:description\" content=\"La Paris Roubaix 2021 desde dentro. El v\u00eddeo de los coches neutros de Shimano en la Par\u00eds Roubaix m\u00e1s emocionante de los \u00faltimos a\u00f1os.\" \/>\n<meta name=\"twitter:label1\" content=\"Written by\" \/>\n\t<meta name=\"twitter:data1\" content=\"Cameron Jeffers\" \/>\n\t<meta name=\"twitter:label2\" content=\"Est. reading time\" \/>\n\t<meta name=\"twitter:data2\" content=\"5\" \/>\n<script type=\"application\/ld+json\" class=\"yoast-schema-graph\">{\"@context\":\"https:\/\/schema.org\",\"@graph\":[{\"@type\":\"WebPage\",\"@id\":\"https:\/\/www.welovecycling.com\/es\/2021\/11\/06\/paris-roubaix-2021\/\",\"url\":\"https:\/\/www.welovecycling.com\/es\/2021\/11\/06\/paris-roubaix-2021\/\",\"name\":\"Video: La Paris Roubaix 2021 desde dentro\",\"isPartOf\":{\"@id\":\"https:\/\/www.welovecycling.com\/es\/#website\"},\"primaryImageOfPage\":{\"@id\":\"https:\/\/www.welovecycling.com\/es\/2021\/11\/06\/paris-roubaix-2021\/#primaryimage\"},\"image\":{\"@id\":\"https:\/\/www.welovecycling.com\/es\/2021\/11\/06\/paris-roubaix-2021\/#primaryimage\"},\"thumbnailUrl\":\"https:\/\/d2p6e6u75xmxt8.cloudfront.net\/6\/2021\/11\/Paris-Roubaix-2021-profimedia-0636253356-CVR.jpg\",\"datePublished\":\"2021-11-06T11:11:31+00:00\",\"author\":{\"@id\":\"https:\/\/www.welovecycling.com\/es\/#\/schema\/person\/deb61715b5812698ee79fb96f343ccd4\"},\"description\":\"La Paris Roubaix 2021 desde dentro. El v\u00eddeo de los coches neutros de Shimano en la Par\u00eds Roubaix m\u00e1s emocionante de los \u00faltimos a\u00f1os.\",\"breadcrumb\":{\"@id\":\"https:\/\/www.welovecycling.com\/es\/2021\/11\/06\/paris-roubaix-2021\/#breadcrumb\"},\"inLanguage\":\"es-ES\",\"potentialAction\":[{\"@type\":\"ReadAction\",\"target\":[\"https:\/\/www.welovecycling.com\/es\/2021\/11\/06\/paris-roubaix-2021\/\"]}]},{\"@type\":\"ImageObject\",\"inLanguage\":\"es-ES\",\"@id\":\"https:\/\/www.welovecycling.com\/es\/2021\/11\/06\/paris-roubaix-2021\/#primaryimage\",\"url\":\"https:\/\/d2p6e6u75xmxt8.cloudfront.net\/6\/2021\/11\/Paris-Roubaix-2021-profimedia-0636253356-CVR.jpg\",\"contentUrl\":\"https:\/\/d2p6e6u75xmxt8.cloudfront.net\/6\/2021\/11\/Paris-Roubaix-2021-profimedia-0636253356-CVR.jpg\",\"width\":1366,\"height\":600,\"caption\":\"2021 Paris-Roubaix\"},{\"@type\":\"BreadcrumbList\",\"@id\":\"https:\/\/www.welovecycling.com\/es\/2021\/11\/06\/paris-roubaix-2021\/#breadcrumb\",\"itemListElement\":[{\"@type\":\"ListItem\",\"position\":1,\"name\":\"Home\",\"item\":\"https:\/\/www.welovecycling.com\/es\/\"},{\"@type\":\"ListItem\",\"position\":2,\"name\":\"Video: La Paris Roubaix 2021 desde dentro\"}]},{\"@type\":\"WebSite\",\"@id\":\"https:\/\/www.welovecycling.com\/es\/#website\",\"url\":\"https:\/\/www.welovecycling.com\/es\/\",\"name\":\"\u0160koda We Love Cycling - Spain\",\"description\":\"\u0160koda WeLoveCycling Spain\",\"potentialAction\":[{\"@type\":\"SearchAction\",\"target\":{\"@type\":\"EntryPoint\",\"urlTemplate\":\"https:\/\/www.welovecycling.com\/es\/?s={search_term_string}\"},\"query-input\":{\"@type\":\"PropertyValueSpecification\",\"valueRequired\":true,\"valueName\":\"search_term_string\"}}],\"inLanguage\":\"es-ES\"},{\"@type\":\"Person\",\"@id\":\"https:\/\/www.welovecycling.com\/es\/#\/schema\/person\/deb61715b5812698ee79fb96f343ccd4\",\"name\":\"We Love Cycling Spain\",\"image\":{\"@type\":\"ImageObject\",\"inLanguage\":\"es-ES\",\"@id\":\"https:\/\/www.welovecycling.com\/es\/#\/schema\/person\/image\/\",\"url\":\"https:\/\/secure.gravatar.com\/avatar\/c824b04e6df0e37a03219d0b6481672889df542894588964102459e46513159c?s=96&d=mm&r=g\",\"contentUrl\":\"https:\/\/secure.gravatar.com\/avatar\/c824b04e6df0e37a03219d0b6481672889df542894588964102459e46513159c?s=96&d=mm&r=g\",\"caption\":\"We Love Cycling Spain\"},\"url\":\"https:\/\/www.welovecycling.com\/es\/author\/amunoz\/\"}]}<\/script>\n<!-- \/ Yoast SEO Premium plugin. -->","yoast_head_json":{"title":"Video: La Paris Roubaix 2021 desde dentro","description":"La Paris Roubaix 2021 desde dentro. El v\u00eddeo de los coches neutros de Shimano en la Par\u00eds Roubaix m\u00e1s emocionante de los \u00faltimos a\u00f1os.","robots":{"index":"index","follow":"follow","max-snippet":"max-snippet:-1","max-image-preview":"max-image-preview:large","max-video-preview":"max-video-preview:-1"},"canonical":"https:\/\/www.welovecycling.com\/es\/2021\/11\/06\/paris-roubaix-2021\/","og_locale":"es_ES","og_type":"article","og_title":"Video: La Paris Roubaix 2021 desde dentro","og_description":"La Paris Roubaix 2021 desde dentro. El v\u00eddeo de los coches neutros de Shimano en la Par\u00eds Roubaix m\u00e1s emocionante de los \u00faltimos a\u00f1os.","og_url":"https:\/\/www.welovecycling.com\/es\/2021\/11\/06\/paris-roubaix-2021\/","og_site_name":"\u0160koda We Love Cycling - Spain","article_published_time":"2021-11-06T11:11:31+00:00","og_image":[{"width":1366,"height":600,"url":"https:\/\/d2p6e6u75xmxt8.cloudfront.net\/6\/2021\/11\/Paris-Roubaix-2021-profimedia-0636253356-CVR.jpg","type":"image\/jpeg"}],"author":"We Love Cycling Spain","twitter_card":"summary_large_image","twitter_title":"Video: La Paris Roubaix 2021 desde dentro","twitter_description":"La Paris Roubaix 2021 desde dentro. El v\u00eddeo de los coches neutros de Shimano en la Par\u00eds Roubaix m\u00e1s emocionante de los \u00faltimos a\u00f1os.","twitter_misc":{"Written by":"Cameron Jeffers","Est. reading time":"5"},"schema":{"@context":"https:\/\/schema.org","@graph":[{"@type":"WebPage","@id":"https:\/\/www.welovecycling.com\/es\/2021\/11\/06\/paris-roubaix-2021\/","url":"https:\/\/www.welovecycling.com\/es\/2021\/11\/06\/paris-roubaix-2021\/","name":"Video: La Paris Roubaix 2021 desde dentro","isPartOf":{"@id":"https:\/\/www.welovecycling.com\/es\/#website"},"primaryImageOfPage":{"@id":"https:\/\/www.welovecycling.com\/es\/2021\/11\/06\/paris-roubaix-2021\/#primaryimage"},"image":{"@id":"https:\/\/www.welovecycling.com\/es\/2021\/11\/06\/paris-roubaix-2021\/#primaryimage"},"thumbnailUrl":"https:\/\/d2p6e6u75xmxt8.cloudfront.net\/6\/2021\/11\/Paris-Roubaix-2021-profimedia-0636253356-CVR.jpg","datePublished":"2021-11-06T11:11:31+00:00","author":{"@id":"https:\/\/www.welovecycling.com\/es\/#\/schema\/person\/deb61715b5812698ee79fb96f343ccd4"},"description":"La Paris Roubaix 2021 desde dentro. El v\u00eddeo de los coches neutros de Shimano en la Par\u00eds Roubaix m\u00e1s emocionante de los \u00faltimos a\u00f1os.","breadcrumb":{"@id":"https:\/\/www.welovecycling.com\/es\/2021\/11\/06\/paris-roubaix-2021\/#breadcrumb"},"inLanguage":"es-ES","potentialAction":[{"@type":"ReadAction","target":["https:\/\/www.welovecycling.com\/es\/2021\/11\/06\/paris-roubaix-2021\/"]}]},{"@type":"ImageObject","inLanguage":"es-ES","@id":"https:\/\/www.welovecycling.com\/es\/2021\/11\/06\/paris-roubaix-2021\/#primaryimage","url":"https:\/\/d2p6e6u75xmxt8.cloudfront.net\/6\/2021\/11\/Paris-Roubaix-2021-profimedia-0636253356-CVR.jpg","contentUrl":"https:\/\/d2p6e6u75xmxt8.cloudfront.net\/6\/2021\/11\/Paris-Roubaix-2021-profimedia-0636253356-CVR.jpg","width":1366,"height":600,"caption":"2021 Paris-Roubaix"},{"@type":"BreadcrumbList","@id":"https:\/\/www.welovecycling.com\/es\/2021\/11\/06\/paris-roubaix-2021\/#breadcrumb","itemListElement":[{"@type":"ListItem","position":1,"name":"Home","item":"https:\/\/www.welovecycling.com\/es\/"},{"@type":"ListItem","position":2,"name":"Video: La Paris Roubaix 2021 desde dentro"}]},{"@type":"WebSite","@id":"https:\/\/www.welovecycling.com\/es\/#website","url":"https:\/\/www.welovecycling.com\/es\/","name":"\u0160koda We Love Cycling - Spain","description":"\u0160koda WeLoveCycling Spain","potentialAction":[{"@type":"SearchAction","target":{"@type":"EntryPoint","urlTemplate":"https:\/\/www.welovecycling.com\/es\/?s={search_term_string}"},"query-input":{"@type":"PropertyValueSpecification","valueRequired":true,"valueName":"search_term_string"}}],"inLanguage":"es-ES"},{"@type":"Person","@id":"https:\/\/www.welovecycling.com\/es\/#\/schema\/person\/deb61715b5812698ee79fb96f343ccd4","name":"We Love Cycling Spain","image":{"@type":"ImageObject","inLanguage":"es-ES","@id":"https:\/\/www.welovecycling.com\/es\/#\/schema\/person\/image\/","url":"https:\/\/secure.gravatar.com\/avatar\/c824b04e6df0e37a03219d0b6481672889df542894588964102459e46513159c?s=96&d=mm&r=g","contentUrl":"https:\/\/secure.gravatar.com\/avatar\/c824b04e6df0e37a03219d0b6481672889df542894588964102459e46513159c?s=96&d=mm&r=g","caption":"We Love Cycling Spain"},"url":"https:\/\/www.welovecycling.com\/es\/author\/amunoz\/"}]}},"_links":{"self":[{"href":"https:\/\/www.welovecycling.com\/es\/wp-json\/wp\/v2\/posts\/8306","targetHints":{"allow":["GET"]}}],"collection":[{"href":"https:\/\/www.welovecycling.com\/es\/wp-json\/wp\/v2\/posts"}],"about":[{"href":"https:\/\/www.welovecycling.com\/es\/wp-json\/wp\/v2\/types\/post"}],"author":[{"embeddable":true,"href":"https:\/\/www.welovecycling.com\/es\/wp-json\/wp\/v2\/users\/29"}],"replies":[{"embeddable":true,"href":"https:\/\/www.welovecycling.com\/es\/wp-json\/wp\/v2\/comments?post=8306"}],"version-history":[{"count":2,"href":"https:\/\/www.welovecycling.com\/es\/wp-json\/wp\/v2\/posts\/8306\/revisions"}],"predecessor-version":[{"id":8315,"href":"https:\/\/www.welovecycling.com\/es\/wp-json\/wp\/v2\/posts\/8306\/revisions\/8315"}],"wp:featuredmedia":[{"embeddable":true,"href":"https:\/\/www.welovecycling.com\/es\/wp-json\/wp\/v2\/media\/8314"}],"wp:attachment":[{"href":"https:\/\/www.welovecycling.com\/es\/wp-json\/wp\/v2\/media?parent=8306"}],"wp:term":[{"taxonomy":"category","embeddable":true,"href":"https:\/\/www.welovecycling.com\/es\/wp-json\/wp\/v2\/categories?post=8306"},{"taxonomy":"post_tag","embeddable":true,"href":"https:\/\/www.welovecycling.com\/es\/wp-json\/wp\/v2\/tags?post=8306"},{"taxonomy":"global-categories","embeddable":true,"href":"https:\/\/www.welovecycling.com\/es\/wp-json\/wp\/v2\/global-categories?post=8306"}],"curies":[{"name":"wp","href":"https:\/\/api.w.org\/{rel}","templated":true}]}}