{"id":8298,"date":"2021-11-05T12:15:42","date_gmt":"2021-11-05T10:15:42","guid":{"rendered":"https:\/\/www.welovecycling.com\/es\/?p=8298"},"modified":"2021-11-03T12:33:47","modified_gmt":"2021-11-03T10:33:47","slug":"remco-evenepoel","status":"publish","type":"post","link":"https:\/\/www.welovecycling.com\/es\/2021\/11\/05\/remco-evenepoel\/","title":{"rendered":"\u00bfSer\u00e1 Remco Evenepoel la nueva superestrella del ciclismo?"},"content":{"rendered":"<p><strong>Tal vez. Remco Evenepoel,\u00a0de 21 a\u00f1os piensa claramente que s\u00ed, pero sabe que tiene que mejorar.<\/strong><\/p>\n<p><!--more--><\/p>\n<p>&#8220;Todav\u00eda tengo que dar algunos pasos antes de poder estar al nivel de [Tadej] Poga\u010dar, [Egan] Bernal y [Primo\u017e] Rogli\u010d, y sobre todo ser capaz de vencerlos&#8221;, declar\u00f3 al diario belga <a href=\"https:\/\/www.dhnet.be\/sports\/cyclisme\/remco-evenepoel-part-en-vacances-avec-une-idee-en-tete-je-veux-battre-les-meilleurs-des-l-an-prochain-616c78239978e213aedf3f11\">La Derni\u00e8re Heure.<\/a> &#8220;Espero que sea as\u00ed a partir de la pr\u00f3xima temporada&#8221;.<\/p>\n<p>No es que el ciclista del Deceuninck-Quick-Step haya tenido un mal 2021. En su curr\u00edculum del a\u00f1o destacan las victorias en el Tour de B\u00e9lgica de Baloise, la Vuelta a Dinamarca, la Cl\u00e1sica Ciclista de Bruselas y la Coppa Bernocchi, el segundo puesto en los Campeonatos de Europa en Ruta de la UEC y el tercero en la Contrarreloj Individual (ITT) y un tercer puesto en los Campeonatos del Mundo de contrarreloj<\/p>\n<figure id=\"attachment_8300\" aria-describedby=\"caption-attachment-8300\" style=\"width: 1000px\" class=\"wp-caption alignnone\"><a href=\"https:\/\/d2p6e6u75xmxt8.cloudfront.net\/6\/2021\/11\/Remco-Evenpoel-profimedia-0626815263.jpg\"><img loading=\"lazy\" decoding=\"async\" class=\"wp-image-8300 size-full\" src=\"https:\/\/d2p6e6u75xmxt8.cloudfront.net\/6\/2021\/11\/Remco-Evenpoel-profimedia-0626815263.jpg\" alt=\"Remco Evenpoel\" width=\"1000\" height=\"666\" srcset=\"https:\/\/d2p6e6u75xmxt8.cloudfront.net\/6\/2021\/11\/Remco-Evenpoel-profimedia-0626815263.jpg 1000w, https:\/\/d2p6e6u75xmxt8.cloudfront.net\/6\/2021\/11\/Remco-Evenpoel-profimedia-0626815263-300x200.jpg 300w, https:\/\/d2p6e6u75xmxt8.cloudfront.net\/6\/2021\/11\/Remco-Evenpoel-profimedia-0626815263-768x511.jpg 768w, https:\/\/d2p6e6u75xmxt8.cloudfront.net\/6\/2021\/11\/Remco-Evenpoel-profimedia-0626815263-272x182.jpg 272w\" sizes=\"auto, (max-width: 1000px) 100vw, 1000px\" \/><\/a><figcaption id=\"caption-attachment-8300\" class=\"wp-caption-text\">Celebrando la victoria en el Tour de Dinamarca. \u00a9 Profimedia<\/figcaption><\/figure>\n<p>Lo que hace que estos resultados sean a\u00fan m\u00e1s impresionantes es que Evenepoel hab\u00eda sufrido una<a href=\"https:\/\/www.welovecycling.com\/wide\/2021\/10\/11\/tadej-pogacar-triumphs-at-il-lombardia-and-other-cool-news-from-the-world-of-cycling\/\"> fractura de pelvis<\/a> en Il Lombardia en agosto de 2020, lo que le llev\u00f3 a estar fuera de la bicicleta durante ocho meses. Regres\u00f3 a la competici\u00f3n en carretera en el Giro de Italia, donde tuvo una s\u00f3lida actuaci\u00f3n, situ\u00e1ndose segundo en la clasificaci\u00f3n general antes de quedar descolgado en la monta\u00f1a y abandonar tras la 17\u00aa etapa. Esa fue su primera experiencia en las grandes vueltas y sigue siendo su \u00fanica experiencia hasta ahora.<\/p>\n<p>Sin embargo, el a\u00f1o pasado no estuvo exento de decepciones y pol\u00e9micas para Evenepoel, como el per\u00edodo previo a los Campeonatos del Mundo y la propia carrera.<\/p>\n<p>Evenepoel ha sido una estrella en ciernes desde sus actuaciones a los 19 a\u00f1os, cuando gan\u00f3 la c<a href=\"https:\/\/www.cyclingnews.com\/races\/uci-road-world-championships-2018\/mens-junior-individual-time-trial\/results\/\">ontrarreloj masculina junior<\/a> en los Campeonatos del Mundo por m\u00e1s de un minuto y gan\u00f3 34 de las 44 carreras en las que compiti\u00f3 durante un periodo de 18 meses. Esto llev\u00f3 a algunos aficionados al ciclismo a llamarle &#8220;el pr\u00f3ximo Eddy Merckx&#8221;. Por ello, fue una sorpresa que el propio <a href=\"https:\/\/forum.cyclingnews.com\/threads\/the-remco-evenepoel-is-the-next-eddy-merckx-thread.34086\/\">Eddy Merckx<\/a> criticara la falta de esp\u00edritu de equipo de Evenepoel y sugiriera que no deber\u00eda haber sido seleccionado para el equipo belga para los Mundiales de 2021.<\/p>\n<figure id=\"attachment_8301\" aria-describedby=\"caption-attachment-8301\" style=\"width: 1000px\" class=\"wp-caption alignnone\"><a href=\"https:\/\/d2p6e6u75xmxt8.cloudfront.net\/6\/2021\/11\/Remco-Evenpoel-2018-profimedia-0388887975.jpg\"><img loading=\"lazy\" decoding=\"async\" class=\"wp-image-8301 size-full\" src=\"https:\/\/d2p6e6u75xmxt8.cloudfront.net\/6\/2021\/11\/Remco-Evenpoel-2018-profimedia-0388887975.jpg\" alt=\"Remco Evenpoel\" width=\"1000\" height=\"682\" srcset=\"https:\/\/d2p6e6u75xmxt8.cloudfront.net\/6\/2021\/11\/Remco-Evenpoel-2018-profimedia-0388887975.jpg 1000w, https:\/\/d2p6e6u75xmxt8.cloudfront.net\/6\/2021\/11\/Remco-Evenpoel-2018-profimedia-0388887975-300x205.jpg 300w, https:\/\/d2p6e6u75xmxt8.cloudfront.net\/6\/2021\/11\/Remco-Evenpoel-2018-profimedia-0388887975-768x524.jpg 768w\" sizes=\"auto, (max-width: 1000px) 100vw, 1000px\" \/><\/a><figcaption id=\"caption-attachment-8301\" class=\"wp-caption-text\">Evenepoel se llev\u00f3 el Mundial Junior de ruta. \u00a9 Profimedia<\/figcaption><\/figure>\n<p>&nbsp;<\/p>\n<p>&#8220;Si s\u00f3lo hay un l\u00edder, realmente no deber\u00edas llevar a Evenepoel&#8221;, dijo Merckx en ese momento. &#8220;Corre principalmente para s\u00ed mismo; lo vimos en los Juegos Ol\u00edmpicos&#8221;.<\/p>\n<p>Remco Evenepoel se apresur\u00f3 a responder, diciendo a los periodistas en los Mundiales: &#8220;[Merckx] siempre tiene que decir algo y es una pena. Tengo mucho respeto por Eddy y aparentemente eso no es mutuo&#8221;.<\/p>\n<p>Evenepoel acab\u00f3 siguiendo las instrucciones del equipo al pie de la letra en la carrera en ruta, persiguiendo a los escapados y trabajando para el l\u00edder del equipo,<a href=\"https:\/\/www.welovecycling.com\/es\/2021\/08\/06\/van-der-poel-o-wout-van-aert\/\"> Wout van Aert<\/a>. Pero fue en vano, ya que van Aert no respondi\u00f3 al final, terminando en el puesto 11, mientras que Evenepoel lleg\u00f3 en el puesto 49. Despu\u00e9s de la carrera, Evenepoel dijo que <a href=\"https:\/\/www.cyclingnews.com\/news\/remco-evenepoel-i-had-the-legs-to-become-world-champion\/\">ten\u00eda las piernas<\/a> para vencer al ganador Julian Alaphilippe si se le hubiera permitido hacer su carrera.<\/p>\n<p>Y lo que es m\u00e1s, Merckx estuvo de acuerdo, m\u00e1s o menos, diciendo a Het Laatste Nieuws que el gran error de los belgas en los Mundiales fue la selecci\u00f3n del equipo.<\/p>\n<div class=\"embed-controller-wrapper\">\n<blockquote class=\"twitter-tweet\" data-width=\"500\" data-dnt=\"true\">\n<p lang=\"en\" dir=\"ltr\">Beyond grateful to be at the start and finish <a href=\"https:\/\/twitter.com\/ILombardia?ref_src=twsrc%5Etfw\">@ilombardia<\/a> 2021. Case closed. <br \/>What an impressive ride of <a href=\"https:\/\/twitter.com\/fausto_masnada?ref_src=twsrc%5Etfw\">@fausto_masnada<\/a> ! <a href=\"https:\/\/twitter.com\/hashtag\/incredibile?src=hash&amp;ref_src=twsrc%5Etfw\">#incredibile<\/a> <a href=\"https:\/\/twitter.com\/hashtag\/TheWolfpack?src=hash&amp;ref_src=twsrc%5Etfw\">#TheWolfpack<\/a> <\/p>\n<p>Photo: <a href=\"https:\/\/twitter.com\/GettySport?ref_src=twsrc%5Etfw\">@GettySport<\/a> <a href=\"https:\/\/t.co\/9ms9aIgTDg\">pic.twitter.com\/9ms9aIgTDg<\/a><\/p>\n<p>&mdash; Remco Evenepoel (@EvenepoelRemco) <a href=\"https:\/\/twitter.com\/EvenepoelRemco\/status\/1446893927353696261?ref_src=twsrc%5Etfw\">October 9, 2021<\/a><\/p><\/blockquote>\n<p><script async data-src=\"https:\/\/platform.twitter.com\/widgets.js\" charset=\"utf-8\"><\/script><\/div>\n<p>&nbsp;<\/p>\n<p>&#8220;El mayor error fue Remco Evenepoel&#8221;, dijo. &#8220;Si lo llevas, no puede ser como domestique&#8221;. Que es lo que hab\u00eda querido transmitir con su cr\u00edtica original, dijo <a href=\"https:\/\/www.welovecycling.com\/es\/2019\/10\/04\/peliculas-sobre-bicicletas\/\">Merckx,<\/a> a\u00f1adiendo: &#8220;Soy un gran fan de Remco, que quede claro&#8221;.<\/p>\n<p>Con la controversia resuelta, Evenepoel puede continuar su asalto a la \u00e9lite del ciclismo de carretera con la conciencia tranquila. Y ese es su plan.<\/p>\n<p>&#8220;He vuelto al nivel de los mejores, a un nivel excelente [tras la ca\u00edda en Il Lombard\u00eda], pero todav\u00eda no es lo que quer\u00edamos y esper\u00e1bamos con el equipo&#8221;, dijo. &#8220;Sabemos que tengo la posibilidad de hacerlo mejor, pero todav\u00eda necesitamos un poco de paciencia. Ya llegar\u00e1 el momento, seguro. Hay que tener piernas, saber elegir el momento y pasar un invierno sin problemas&#8221;.<\/p>\n<p>En cualquier caso, tiene tiempo para desarrollarse. \u00bfHe mencionado ya que s\u00f3lo tiene 21 a\u00f1os?<\/p>\n","protected":false},"excerpt":{"rendered":"<p>Tal vez. Remco Evenepoel,\u00a0de 21 a\u00f1os piensa claramente que s\u00ed, pero sabe que tiene que mejorar.<\/p>\n","protected":false},"author":29,"featured_media":8303,"comment_status":"open","ping_status":"open","sticky":false,"template":"","format":"standard","meta":{"footnotes":""},"categories":[7],"tags":[1660],"global-categories":[],"class_list":["post-8298","post","type-post","status-publish","format-standard","has-post-thumbnail","hentry","category-carretera","tag-evenepoel"],"yoast_head":"<!-- This site is optimized with the Yoast SEO Premium plugin v25.3 (Yoast SEO v25.9) - https:\/\/yoast.com\/wordpress\/plugins\/seo\/ -->\n<title>\u00bfSer\u00e1 Remco Evenepoel la nueva superestrella del ciclismo?<\/title>\n<meta name=\"description\" content=\"\u00bfSer\u00e1 Remco Evenepoel la nueva superestrella del ciclismo? La temporada 2021 de Evenepoel y como se ve en la lucha por el Giro y el Tour.\" \/>\n<meta name=\"robots\" content=\"index, follow, max-snippet:-1, max-image-preview:large, max-video-preview:-1\" \/>\n<link rel=\"canonical\" href=\"https:\/\/www.welovecycling.com\/es\/2021\/11\/05\/remco-evenepoel\/\" \/>\n<meta property=\"og:locale\" content=\"es_ES\" \/>\n<meta property=\"og:type\" content=\"article\" \/>\n<meta property=\"og:title\" content=\"\u00bfSer\u00e1 Remco Evenepoel la nueva superestrella del ciclismo?\" \/>\n<meta property=\"og:description\" content=\"\u00bfSer\u00e1 Remco Evenepoel la nueva superestrella del ciclismo? La temporada 2021 de Evenepoel y como se ve en la lucha por el Giro y el Tour.\" \/>\n<meta property=\"og:url\" content=\"https:\/\/www.welovecycling.com\/es\/2021\/11\/05\/remco-evenepoel\/\" \/>\n<meta property=\"og:site_name\" content=\"\u0160koda We Love Cycling - Spain\" \/>\n<meta property=\"article:published_time\" content=\"2021-11-05T10:15:42+00:00\" \/>\n<meta property=\"og:image\" content=\"https:\/\/d2p6e6u75xmxt8.cloudfront.net\/6\/2021\/11\/Remco-Evenepoel-profimedia-0637313696-CVR.jpg\" \/>\n\t<meta property=\"og:image:width\" content=\"1366\" \/>\n\t<meta property=\"og:image:height\" content=\"600\" \/>\n\t<meta property=\"og:image:type\" content=\"image\/jpeg\" \/>\n<meta name=\"author\" content=\"We Love Cycling Spain\" \/>\n<meta name=\"twitter:card\" content=\"summary_large_image\" \/>\n<meta name=\"twitter:title\" content=\"\u00bfSer\u00e1 Remco Evenepoel la nueva superestrella del ciclismo?\" \/>\n<meta name=\"twitter:description\" content=\"\u00bfSer\u00e1 Remco Evenepoel la nueva superestrella del ciclismo? La temporada 2021 de Evenepoel y como se ve en la lucha por el Giro y el Tour.\" \/>\n<meta name=\"twitter:label1\" content=\"Written by\" \/>\n\t<meta name=\"twitter:data1\" content=\"Siegfried Mortkowitz\" \/>\n\t<meta name=\"twitter:label2\" content=\"Est. reading time\" \/>\n\t<meta name=\"twitter:data2\" content=\"6\" \/>\n<script type=\"application\/ld+json\" class=\"yoast-schema-graph\">{\"@context\":\"https:\/\/schema.org\",\"@graph\":[{\"@type\":\"WebPage\",\"@id\":\"https:\/\/www.welovecycling.com\/es\/2021\/11\/05\/remco-evenepoel\/\",\"url\":\"https:\/\/www.welovecycling.com\/es\/2021\/11\/05\/remco-evenepoel\/\",\"name\":\"\u00bfSer\u00e1 Remco Evenepoel la nueva superestrella del ciclismo?\",\"isPartOf\":{\"@id\":\"https:\/\/www.welovecycling.com\/es\/#website\"},\"primaryImageOfPage\":{\"@id\":\"https:\/\/www.welovecycling.com\/es\/2021\/11\/05\/remco-evenepoel\/#primaryimage\"},\"image\":{\"@id\":\"https:\/\/www.welovecycling.com\/es\/2021\/11\/05\/remco-evenepoel\/#primaryimage\"},\"thumbnailUrl\":\"https:\/\/d2p6e6u75xmxt8.cloudfront.net\/6\/2021\/11\/Remco-Evenepoel-profimedia-0637313696-CVR.jpg\",\"datePublished\":\"2021-11-05T10:15:42+00:00\",\"author\":{\"@id\":\"https:\/\/www.welovecycling.com\/es\/#\/schema\/person\/deb61715b5812698ee79fb96f343ccd4\"},\"description\":\"\u00bfSer\u00e1 Remco Evenepoel la nueva superestrella del ciclismo? La temporada 2021 de Evenepoel y como se ve en la lucha por el Giro y el Tour.\",\"breadcrumb\":{\"@id\":\"https:\/\/www.welovecycling.com\/es\/2021\/11\/05\/remco-evenepoel\/#breadcrumb\"},\"inLanguage\":\"es-ES\",\"potentialAction\":[{\"@type\":\"ReadAction\",\"target\":[\"https:\/\/www.welovecycling.com\/es\/2021\/11\/05\/remco-evenepoel\/\"]}]},{\"@type\":\"ImageObject\",\"inLanguage\":\"es-ES\",\"@id\":\"https:\/\/www.welovecycling.com\/es\/2021\/11\/05\/remco-evenepoel\/#primaryimage\",\"url\":\"https:\/\/d2p6e6u75xmxt8.cloudfront.net\/6\/2021\/11\/Remco-Evenepoel-profimedia-0637313696-CVR.jpg\",\"contentUrl\":\"https:\/\/d2p6e6u75xmxt8.cloudfront.net\/6\/2021\/11\/Remco-Evenepoel-profimedia-0637313696-CVR.jpg\",\"width\":1366,\"height\":600},{\"@type\":\"BreadcrumbList\",\"@id\":\"https:\/\/www.welovecycling.com\/es\/2021\/11\/05\/remco-evenepoel\/#breadcrumb\",\"itemListElement\":[{\"@type\":\"ListItem\",\"position\":1,\"name\":\"Home\",\"item\":\"https:\/\/www.welovecycling.com\/es\/\"},{\"@type\":\"ListItem\",\"position\":2,\"name\":\"\u00bfSer\u00e1 Remco Evenepoel la nueva superestrella del ciclismo?\"}]},{\"@type\":\"WebSite\",\"@id\":\"https:\/\/www.welovecycling.com\/es\/#website\",\"url\":\"https:\/\/www.welovecycling.com\/es\/\",\"name\":\"\u0160koda We Love Cycling - Spain\",\"description\":\"\u0160koda WeLoveCycling Spain\",\"potentialAction\":[{\"@type\":\"SearchAction\",\"target\":{\"@type\":\"EntryPoint\",\"urlTemplate\":\"https:\/\/www.welovecycling.com\/es\/?s={search_term_string}\"},\"query-input\":{\"@type\":\"PropertyValueSpecification\",\"valueRequired\":true,\"valueName\":\"search_term_string\"}}],\"inLanguage\":\"es-ES\"},{\"@type\":\"Person\",\"@id\":\"https:\/\/www.welovecycling.com\/es\/#\/schema\/person\/deb61715b5812698ee79fb96f343ccd4\",\"name\":\"We Love Cycling Spain\",\"image\":{\"@type\":\"ImageObject\",\"inLanguage\":\"es-ES\",\"@id\":\"https:\/\/www.welovecycling.com\/es\/#\/schema\/person\/image\/\",\"url\":\"https:\/\/secure.gravatar.com\/avatar\/c824b04e6df0e37a03219d0b6481672889df542894588964102459e46513159c?s=96&d=mm&r=g\",\"contentUrl\":\"https:\/\/secure.gravatar.com\/avatar\/c824b04e6df0e37a03219d0b6481672889df542894588964102459e46513159c?s=96&d=mm&r=g\",\"caption\":\"We Love Cycling Spain\"},\"url\":\"https:\/\/www.welovecycling.com\/es\/author\/amunoz\/\"}]}<\/script>\n<!-- \/ Yoast SEO Premium plugin. -->","yoast_head_json":{"title":"\u00bfSer\u00e1 Remco Evenepoel la nueva superestrella del ciclismo?","description":"\u00bfSer\u00e1 Remco Evenepoel la nueva superestrella del ciclismo? La temporada 2021 de Evenepoel y como se ve en la lucha por el Giro y el Tour.","robots":{"index":"index","follow":"follow","max-snippet":"max-snippet:-1","max-image-preview":"max-image-preview:large","max-video-preview":"max-video-preview:-1"},"canonical":"https:\/\/www.welovecycling.com\/es\/2021\/11\/05\/remco-evenepoel\/","og_locale":"es_ES","og_type":"article","og_title":"\u00bfSer\u00e1 Remco Evenepoel la nueva superestrella del ciclismo?","og_description":"\u00bfSer\u00e1 Remco Evenepoel la nueva superestrella del ciclismo? La temporada 2021 de Evenepoel y como se ve en la lucha por el Giro y el Tour.","og_url":"https:\/\/www.welovecycling.com\/es\/2021\/11\/05\/remco-evenepoel\/","og_site_name":"\u0160koda We Love Cycling - Spain","article_published_time":"2021-11-05T10:15:42+00:00","og_image":[{"width":1366,"height":600,"url":"https:\/\/d2p6e6u75xmxt8.cloudfront.net\/6\/2021\/11\/Remco-Evenepoel-profimedia-0637313696-CVR.jpg","type":"image\/jpeg"}],"author":"We Love Cycling Spain","twitter_card":"summary_large_image","twitter_title":"\u00bfSer\u00e1 Remco Evenepoel la nueva superestrella del ciclismo?","twitter_description":"\u00bfSer\u00e1 Remco Evenepoel la nueva superestrella del ciclismo? La temporada 2021 de Evenepoel y como se ve en la lucha por el Giro y el Tour.","twitter_misc":{"Written by":"Siegfried Mortkowitz","Est. reading time":"6"},"schema":{"@context":"https:\/\/schema.org","@graph":[{"@type":"WebPage","@id":"https:\/\/www.welovecycling.com\/es\/2021\/11\/05\/remco-evenepoel\/","url":"https:\/\/www.welovecycling.com\/es\/2021\/11\/05\/remco-evenepoel\/","name":"\u00bfSer\u00e1 Remco Evenepoel la nueva superestrella del ciclismo?","isPartOf":{"@id":"https:\/\/www.welovecycling.com\/es\/#website"},"primaryImageOfPage":{"@id":"https:\/\/www.welovecycling.com\/es\/2021\/11\/05\/remco-evenepoel\/#primaryimage"},"image":{"@id":"https:\/\/www.welovecycling.com\/es\/2021\/11\/05\/remco-evenepoel\/#primaryimage"},"thumbnailUrl":"https:\/\/d2p6e6u75xmxt8.cloudfront.net\/6\/2021\/11\/Remco-Evenepoel-profimedia-0637313696-CVR.jpg","datePublished":"2021-11-05T10:15:42+00:00","author":{"@id":"https:\/\/www.welovecycling.com\/es\/#\/schema\/person\/deb61715b5812698ee79fb96f343ccd4"},"description":"\u00bfSer\u00e1 Remco Evenepoel la nueva superestrella del ciclismo? La temporada 2021 de Evenepoel y como se ve en la lucha por el Giro y el Tour.","breadcrumb":{"@id":"https:\/\/www.welovecycling.com\/es\/2021\/11\/05\/remco-evenepoel\/#breadcrumb"},"inLanguage":"es-ES","potentialAction":[{"@type":"ReadAction","target":["https:\/\/www.welovecycling.com\/es\/2021\/11\/05\/remco-evenepoel\/"]}]},{"@type":"ImageObject","inLanguage":"es-ES","@id":"https:\/\/www.welovecycling.com\/es\/2021\/11\/05\/remco-evenepoel\/#primaryimage","url":"https:\/\/d2p6e6u75xmxt8.cloudfront.net\/6\/2021\/11\/Remco-Evenepoel-profimedia-0637313696-CVR.jpg","contentUrl":"https:\/\/d2p6e6u75xmxt8.cloudfront.net\/6\/2021\/11\/Remco-Evenepoel-profimedia-0637313696-CVR.jpg","width":1366,"height":600},{"@type":"BreadcrumbList","@id":"https:\/\/www.welovecycling.com\/es\/2021\/11\/05\/remco-evenepoel\/#breadcrumb","itemListElement":[{"@type":"ListItem","position":1,"name":"Home","item":"https:\/\/www.welovecycling.com\/es\/"},{"@type":"ListItem","position":2,"name":"\u00bfSer\u00e1 Remco Evenepoel la nueva superestrella del ciclismo?"}]},{"@type":"WebSite","@id":"https:\/\/www.welovecycling.com\/es\/#website","url":"https:\/\/www.welovecycling.com\/es\/","name":"\u0160koda We Love Cycling - Spain","description":"\u0160koda WeLoveCycling Spain","potentialAction":[{"@type":"SearchAction","target":{"@type":"EntryPoint","urlTemplate":"https:\/\/www.welovecycling.com\/es\/?s={search_term_string}"},"query-input":{"@type":"PropertyValueSpecification","valueRequired":true,"valueName":"search_term_string"}}],"inLanguage":"es-ES"},{"@type":"Person","@id":"https:\/\/www.welovecycling.com\/es\/#\/schema\/person\/deb61715b5812698ee79fb96f343ccd4","name":"We Love Cycling Spain","image":{"@type":"ImageObject","inLanguage":"es-ES","@id":"https:\/\/www.welovecycling.com\/es\/#\/schema\/person\/image\/","url":"https:\/\/secure.gravatar.com\/avatar\/c824b04e6df0e37a03219d0b6481672889df542894588964102459e46513159c?s=96&d=mm&r=g","contentUrl":"https:\/\/secure.gravatar.com\/avatar\/c824b04e6df0e37a03219d0b6481672889df542894588964102459e46513159c?s=96&d=mm&r=g","caption":"We Love Cycling Spain"},"url":"https:\/\/www.welovecycling.com\/es\/author\/amunoz\/"}]}},"_links":{"self":[{"href":"https:\/\/www.welovecycling.com\/es\/wp-json\/wp\/v2\/posts\/8298","targetHints":{"allow":["GET"]}}],"collection":[{"href":"https:\/\/www.welovecycling.com\/es\/wp-json\/wp\/v2\/posts"}],"about":[{"href":"https:\/\/www.welovecycling.com\/es\/wp-json\/wp\/v2\/types\/post"}],"author":[{"embeddable":true,"href":"https:\/\/www.welovecycling.com\/es\/wp-json\/wp\/v2\/users\/29"}],"replies":[{"embeddable":true,"href":"https:\/\/www.welovecycling.com\/es\/wp-json\/wp\/v2\/comments?post=8298"}],"version-history":[{"count":2,"href":"https:\/\/www.welovecycling.com\/es\/wp-json\/wp\/v2\/posts\/8298\/revisions"}],"predecessor-version":[{"id":8304,"href":"https:\/\/www.welovecycling.com\/es\/wp-json\/wp\/v2\/posts\/8298\/revisions\/8304"}],"wp:featuredmedia":[{"embeddable":true,"href":"https:\/\/www.welovecycling.com\/es\/wp-json\/wp\/v2\/media\/8303"}],"wp:attachment":[{"href":"https:\/\/www.welovecycling.com\/es\/wp-json\/wp\/v2\/media?parent=8298"}],"wp:term":[{"taxonomy":"category","embeddable":true,"href":"https:\/\/www.welovecycling.com\/es\/wp-json\/wp\/v2\/categories?post=8298"},{"taxonomy":"post_tag","embeddable":true,"href":"https:\/\/www.welovecycling.com\/es\/wp-json\/wp\/v2\/tags?post=8298"},{"taxonomy":"global-categories","embeddable":true,"href":"https:\/\/www.welovecycling.com\/es\/wp-json\/wp\/v2\/global-categories?post=8298"}],"curies":[{"name":"wp","href":"https:\/\/api.w.org\/{rel}","templated":true}]}}