{"id":8289,"date":"2021-11-02T11:34:03","date_gmt":"2021-11-02T09:34:03","guid":{"rendered":"https:\/\/www.welovecycling.com\/es\/?p=8289"},"modified":"2021-11-02T11:36:51","modified_gmt":"2021-11-02T09:36:51","slug":"mussara-reus-territorio-de-emboscadas","status":"publish","type":"post","link":"https:\/\/www.welovecycling.com\/es\/2021\/11\/02\/mussara-reus-territorio-de-emboscadas\/","title":{"rendered":"Mussara Reus, territorio de emboscadas"},"content":{"rendered":"<p><strong>Ni un kil\u00f3metro llano. Ehh. Pero ni uno. El recorrido de la Mussara Reus es una aut\u00e9ntica emboscada. Como las etapas esas del Tour y La Vuelta en las que se rompe el pelot\u00f3n sin haber grandes puertos. No lo dijo ni uno ni dos de los cicloturistas que el domingo 31 de octubre acab\u00f3 alguno de los tres recorridos de la Mussara Reus, sino la mayor\u00eda de los 3.000 que acabaron la primera edici\u00f3n post pandemia.\u00a0<\/strong><\/p>\n<p><!--more--><br \/>\nAlgunos. Los repetidores de Mussara Reus, no hab\u00edan olvidado que la dureza del <a href=\"https:\/\/mussaracycling.com\/eventos\/mussara-reus\/recorridos\">recorrido<\/a>. Para los nuevos fue toda una sorpresa. Porque sobre el papel los <a href=\"https:\/\/www.strava.com\/activities\/6192321750\">3.400 metros de desnivel en 188 kil\u00f3metros<\/a> de la distancia m\u00e1s larga o los 2.500 en la de 135 no parecen tantos. El problema es cuando te das cuenta que hay que restar unos 15 kil\u00f3metros de salida, que si son casi llanos y otros tantos a la llegada, que pr\u00e1cticamente tambi\u00e9n. Entonces lo que hay en medio se queda como un territorio comanche, perfecto para jugar a ciclistas (y sufrir, claro).<\/p>\n<figure style=\"width: 1950px\" class=\"wp-caption alignnone\"><img loading=\"lazy\" decoding=\"async\" src=\"https:\/\/scontent.fbcn9-1.fna.fbcdn.net\/v\/t1.6435-9\/246660303_1783461365170389_4011449113024576975_n.jpg?_nc_cat=108&amp;ccb=1-5&amp;_nc_sid=730e14&amp;_nc_ohc=ezjh2xRuXawAX-wJ0AV&amp;_nc_ht=scontent.fbcn9-1.fna&amp;oh=c7580c5623b8bb4f189ec54ee5384c8e&amp;oe=61A705B6\" alt=\"\" width=\"1950\" height=\"1300\" \/><figcaption class=\"wp-caption-text\">Foto. Mussara Reus<\/figcaption><\/figure>\n<p>Para el cicloturista no es complicado imaginarse que est\u00e1 en una etapa de <strong>Tour o de La Vuelta<\/strong>. Aunque por hacer similitudes con el recorrido ser\u00eda mucho m\u00e1s similar a Lieja-Bastogne-Lieja. El ambiente de los dos d\u00edas previos en la Fira de Reus, las caras de tensi\u00f3n-ilusi\u00f3n de los cicloturistas y, por qu\u00e9 no, los <a href=\"https:\/\/www.welovecycling.com\/es\/2020\/11\/05\/skoda-enyaq-iv-la-vuelta\/\">\u0160koda Enyaq<\/a> rotulados de rojo con las mismas pegatinas que el coche del director del Tour de Francia o los coches de asistencia de SRAM. Todo sirve para evocar que est\u00e1s ante un momento ciclista importante.<\/p>\n<p>Lo que si cambia es la competici\u00f3n. En este caso la ausencia de la misma. Desde hace varios a\u00f1os Musarra Reus prescindi\u00f3 del chip y no hay clasificaciones oficiales del evento, ni podio, ni premios. Lo cambiaron por los segmentos de Strava. Ya no hay cicloturista que no tenga un GPS en su bici y no utilice esta aplicaci\u00f3n, As\u00ed que solo ten\u00eda que registrarse en la app LiveMussara de <a href=\"https:\/\/live.mussaracycling.com\/\">Strava<\/a> y conectar el dispositivo al empezar y al acabar. Y nada m\u00e1s. Con eso al llegar al meta pod\u00eda ver el tiempo que hab\u00eda hecho en los distintos segmentos previstos por la organizaci\u00f3n, desde la ascensi\u00f3n a la Mussara o al temible Mama Por.<\/p>\n<h2><strong>Ni un metro llano<\/strong><\/h2>\n<p>En Mussara Reus compites contra ti mismo. Bueno, tambi\u00e9n te puedes picar con el resto de los participantes. Sobre todo porque hay muchos tramos con el tr\u00e1fico controlado o con tr\u00e1fico escaso. Tambi\u00e9n porque la salida<strong> va por cajones de unos 200 ciclistas separados por 4 minutos (en total salimos unos 3.000)<\/strong> y eso permite que no haya nunca un pelot\u00f3n demasiado grande y que se pueda circular sin problemas por el lado derecho de la carretera. Adem\u00e1s el recorrido es tan vers\u00e1til que disfrutan los escaladores y a los que les gusta bajar, porque est\u00e1 repleto de descensos t\u00e9cnicos.<\/p>\n<p><a href=\"https:\/\/d2p6e6u75xmxt8.cloudfront.net\/6\/2021\/11\/skoda_laMussara.jpg\"><img loading=\"lazy\" decoding=\"async\" class=\"aligncenter size-large wp-image-8294\" src=\"https:\/\/d2p6e6u75xmxt8.cloudfront.net\/6\/2021\/11\/skoda_laMussara-1024x770.jpg\" alt=\"\" width=\"1024\" height=\"770\" srcset=\"https:\/\/d2p6e6u75xmxt8.cloudfront.net\/6\/2021\/11\/skoda_laMussara-1024x770.jpg 1024w, https:\/\/d2p6e6u75xmxt8.cloudfront.net\/6\/2021\/11\/skoda_laMussara-300x226.jpg 300w, https:\/\/d2p6e6u75xmxt8.cloudfront.net\/6\/2021\/11\/skoda_laMussara-768x578.jpg 768w, https:\/\/d2p6e6u75xmxt8.cloudfront.net\/6\/2021\/11\/skoda_laMussara-1536x1156.jpg 1536w, https:\/\/d2p6e6u75xmxt8.cloudfront.net\/6\/2021\/11\/skoda_laMussara-2048x1541.jpg 2048w, https:\/\/d2p6e6u75xmxt8.cloudfront.net\/6\/2021\/11\/skoda_laMussara-1920x1445.jpg 1920w, https:\/\/d2p6e6u75xmxt8.cloudfront.net\/6\/2021\/11\/skoda_laMussara-1920x1445.jpg 1920w\" sizes=\"auto, (max-width: 1024px) 100vw, 1024px\" \/><\/a><\/p>\n<p>As\u00ed que el reto estaba lanzando. Final de temporada. 31 de octubre. Una fecha extra\u00f1a para una cicloturista de carretera, pero esto de la pandemia y los aplazamientos es lo que tiene. Hay que aprovechar el momento y pedalear en cuanto se puede. Mussara siempre hab\u00eda sido en mayo o junio. Hab\u00eda dudas con el tiempo, la lluvia, el viento&#8230; pues nada de nada. <strong>Acab\u00f3 saliendo un d\u00eda espectacular. Vamos, que a las 08.00<\/strong> (que bien nos vino a algunos el cambio de hora) cuando se daba la salida hab\u00eda ya 18 grados en Reus y ausencia de viento. Manguitos y chaleco, y porque hab\u00eda que afrontar algunas bajadas. Que los m\u00e1s valientes incluso salieron de verano.<\/p>\n<p>Los primeros kil\u00f3metros hasta que sales de Reus y llegas al pie de La Mussara son planos. Vale, pero no. Siempre van al 1%. No se nota porque vas en pelot\u00f3n, pero cuando coronas el puerto (y m\u00e1s si has subido a todo lo que te da el cuerpo) te das cuenta de que en solo 25 kil\u00f3metros llevas ya casi 1.000 metros de desnivel acumulado. Pues bien, en los 130 kil\u00f3metros siguientes, hasta que se cierra el bucle con la ascensi\u00f3n a La Mussara por la vertiente norte, su suman otros 2.500 metros de desnivel m\u00e1s. En el perfil parece que hay tramos planos&#8230; ni uno.<\/p>\n<p>Porque nada m\u00e1s coronar La Mussara s<strong>e llanea y despu\u00e9s hay una bajada corta, por carretera estrecha y rapid\u00edsima en la que dices.<\/strong> Vale, voy a descansar. Pero tienes cuatro o cinco repechos seguidos que todav\u00eda no quitas el plato porque vas fresco, pero empiezas a dudar. Y llega el <strong>Coll de Picorandan<\/strong>, que pone 3,7 kil\u00f3metros al 6,7%, pues oye, no parece tan duro. Pero cuando acaba, pues no acaba. Sino que tiene un falso llano (nota. falso llano quiere decir que siempre pica hacia arriba) de otros ocho kil\u00f3metros de regalo.<\/p>\n<figure style=\"width: 1950px\" class=\"wp-caption alignnone\"><img loading=\"lazy\" decoding=\"async\" src=\"https:\/\/scontent.fmad8-1.fna.fbcdn.net\/v\/t1.6435-9\/251030374_1783461651837027_5871828135076261085_n.jpg?_nc_cat=103&amp;ccb=1-5&amp;_nc_sid=730e14&amp;_nc_ohc=QooWRjLyHwsAX_R8HNG&amp;_nc_ht=scontent.fmad8-1.fna&amp;oh=383ab78dc1b2b5d9e92a32f73909d9bf&amp;oe=61A798BD\" alt=\"\" width=\"1950\" height=\"1300\" \/><figcaption class=\"wp-caption-text\">Foto. Mussara Reus<\/figcaption><\/figure>\n<p>Luego ya si. Viene una bajada y haces grupetta. De esas de vamos a dar pedales todos juntos y a pasar al relevo porque ahora viene el plano. Pues tampoco. Paso Giro de Italia por Prades (con repecho incluido), otra bajada, una carretera estrecha m\u00e1s y dos repechos (el \u00faltimo de dos kil\u00f3metros al 10%, as\u00ed, de gratis). Y lo que iba a ser una grupetta de desconocidos con un fin com\u00fan se convierte en un <strong>s\u00e1lvase quien pueda<\/strong>.<\/p>\n<p>Para el kil\u00f3metro 115 hay que parar en el avituallamiento. Hay bocatas d<strong>e nutella, magdalenas, gominolas e isot\u00f3nico de Etixx<\/strong>. Y bueno, que hace falta repostar agua y dejar la bici al mec\u00e1nico para que le eche un vistazo. Que no todo va a ser correr. Tambi\u00e9n mirar el paisaje, rodeado de monta\u00f1as. Que es bonito, s\u00ed, pero tambi\u00e9n supone que para volver a Reus hay que atravesar otras tantas.<\/p>\n<p>De Torroja a Escaladei no pon\u00eda que hab\u00eda un puerto. Ya, si no es subida continua. Subes y bajas. Vale vale. Pero carretera estrecha y luego despu\u00e9s al mirar en<strong> Strava dice que en seis kil\u00f3metros<\/strong> hemos subido otros 300 metritos. Y cuando salimos a la carretera ancha pues empieza a soplar un poco el viento y quedan otros dos repechos m\u00e1s.<\/p>\n<h2><strong>Mama Por, un puerto que son tres<\/strong><\/h2>\n<p>Pues bien. Todav\u00eda no hab\u00eda empezado la &#8216;fiesta&#8217; de verdad. En Mussara Reus se llama <strong>Mama Por y es un puerto, dos o tres. Como lo quieras dividir<\/strong>. El caso es que giras a la derecha si vienes del recorrido de 188 o a la izquierda si lo haces desde el de 135 y te encuentras con un tramo de cemento (eso siempre es malo) que mira hacia el cielo. Si sumas los primeros <strong>700 metros, pues van al 14% de media<\/strong>, si estiras hasta el kilometro y media de subida, pues al 11% de media, si vas hasta los 3,3 kil\u00f3metros baja al 8% y si quieres incluir alg\u00fan llano m\u00e1s, 6,6 kil\u00f3metros al 5%. Evidentemente, esta \u00faltima no refleja en nada la dureza. Simplemente, hay que meter todo el desarrollo que tengas desde el inicio&#8230; e intentar esquivar a los que acaban echando el pie a tierra.<\/p>\n<p>Pero claro. Despu\u00e9s de Mama Por no hay llano. Vale, puedes bajar pi\u00f1ones, pero quedan otros cinco kil\u00f3metros del <strong>Coll de Pinedes. Al 5% de media.<\/strong> Ya vale, pero con el cansancio acumulado cada vez que miras al Garmin ves el 9 y el 10% y sientes que eso del GPS hay a veces que falla. Y al coronar. Pues un poquito de &#8216;llano&#8217; m\u00e1s hasta el \u00faltimo avituallamiento de La Mussara.<\/p>\n<p>A partir de ah\u00ed es todo bajada. Cierto. Bueno, a medias. Todav\u00eda quedaba pasar por otro falso llano hasta Albiol para probar adoquines en descenso, disfrutar de los <strong>&#8216;tornatis&#8217; de La Mussara hacia abaj<\/strong>o y &#8216;volar&#8217; y pelearse contra el viento camino de Reus. As\u00ed que hab\u00eda que seguir gastando vatios antes de entrar en meta.<\/p>\n<p>Y al llegar al final empiezas a hacer paralelismos con la Lieja. Te das cuenta de que el Mama Por se te ha hecho igual de duro (o m\u00e1s) que La Redoute. Que los &#8216;falsos&#8217; llanos despu\u00e9s de las cotas son iguales que el de la Roche Aux Faucons donde se acaba decidiendo La Decana. Y que hay un mont\u00f3n de Cote de Saint Roche y &#8216;Stockeus&#8217; en el territorio Mussara. Y que cuando miras el Training Peaks te dice que has hecho un tiempo y un gasto similar que en la Maratona dls Dolomitas. As\u00ed que no est\u00e1 nada mal para acabar la temporada 2021 de carretera.<\/p>\n","protected":false},"excerpt":{"rendered":"<p>Ni un kil\u00f3metro llano. Ehh. Pero ni uno. El recorrido de la Mussara Reus es una aut\u00e9ntica emboscada. Como las [&hellip;]<\/p>\n","protected":false},"author":29,"featured_media":8295,"comment_status":"open","ping_status":"open","sticky":false,"template":"","format":"standard","meta":{"footnotes":""},"categories":[7],"tags":[494,1749,2162],"global-categories":[1164],"class_list":["post-8289","post","type-post","status-publish","format-standard","has-post-thumbnail","hentry","category-carretera","tag-cicloturista","tag-coche-electrico-skoda","tag-mussara-reus","global-categories-cycling"],"yoast_head":"<!-- This site is optimized with the Yoast SEO Premium plugin v25.3 (Yoast SEO v25.9) - https:\/\/yoast.com\/wordpress\/plugins\/seo\/ -->\n<title>Mussara Reus, territorio de emboscadas - \u0160koda We Love Cycling - Spain<\/title>\n<meta name=\"description\" content=\"Mussara Reus, territorio de emboscadas. La cr\u00f3nica de la ciclouturista Mussara Reus 2022 que estuvo patrocinada por Skoda.\" \/>\n<meta name=\"robots\" content=\"index, follow, max-snippet:-1, max-image-preview:large, max-video-preview:-1\" \/>\n<link rel=\"canonical\" href=\"https:\/\/www.welovecycling.com\/es\/2021\/11\/02\/mussara-reus-territorio-de-emboscadas\/\" \/>\n<meta property=\"og:locale\" content=\"es_ES\" \/>\n<meta property=\"og:type\" content=\"article\" \/>\n<meta property=\"og:title\" content=\"Mussara Reus, territorio de emboscadas\" \/>\n<meta property=\"og:description\" content=\"Mussara Reus, territorio de emboscadas. La cr\u00f3nica de la ciclouturista Mussara Reus 2022 que estuvo patrocinada por Skoda.\" \/>\n<meta property=\"og:url\" content=\"https:\/\/www.welovecycling.com\/es\/2021\/11\/02\/mussara-reus-territorio-de-emboscadas\/\" \/>\n<meta property=\"og:site_name\" content=\"\u0160koda We Love Cycling - Spain\" \/>\n<meta property=\"article:published_time\" content=\"2021-11-02T09:34:03+00:00\" \/>\n<meta property=\"article:modified_time\" content=\"2021-11-02T09:36:51+00:00\" \/>\n<meta property=\"og:image\" content=\"https:\/\/d2p6e6u75xmxt8.cloudfront.net\/6\/2021\/11\/Mussara-Reus.jpg\" \/>\n\t<meta property=\"og:image:width\" content=\"1950\" \/>\n\t<meta property=\"og:image:height\" content=\"1300\" \/>\n\t<meta property=\"og:image:type\" content=\"image\/jpeg\" \/>\n<meta name=\"author\" content=\"We Love Cycling Spain\" \/>\n<meta name=\"twitter:card\" content=\"summary_large_image\" \/>\n<meta name=\"twitter:title\" content=\"Mussara Reus, territorio de emboscadas\" \/>\n<meta name=\"twitter:description\" content=\"Mussara Reus, territorio de emboscadas. La cr\u00f3nica de la ciclouturista Mussara Reus 2022 que estuvo patrocinada por Skoda.\" \/>\n<meta name=\"twitter:label1\" content=\"Written by\" \/>\n\t<meta name=\"twitter:data1\" content=\"Luis Ortega @ciclored\" \/>\n\t<meta name=\"twitter:label2\" content=\"Est. reading time\" \/>\n\t<meta name=\"twitter:data2\" content=\"7 minutes\" \/>\n<script type=\"application\/ld+json\" class=\"yoast-schema-graph\">{\"@context\":\"https:\/\/schema.org\",\"@graph\":[{\"@type\":\"WebPage\",\"@id\":\"https:\/\/www.welovecycling.com\/es\/2021\/11\/02\/mussara-reus-territorio-de-emboscadas\/\",\"url\":\"https:\/\/www.welovecycling.com\/es\/2021\/11\/02\/mussara-reus-territorio-de-emboscadas\/\",\"name\":\"Mussara Reus, territorio de emboscadas - \u0160koda We Love Cycling - Spain\",\"isPartOf\":{\"@id\":\"https:\/\/www.welovecycling.com\/es\/#website\"},\"primaryImageOfPage\":{\"@id\":\"https:\/\/www.welovecycling.com\/es\/2021\/11\/02\/mussara-reus-territorio-de-emboscadas\/#primaryimage\"},\"image\":{\"@id\":\"https:\/\/www.welovecycling.com\/es\/2021\/11\/02\/mussara-reus-territorio-de-emboscadas\/#primaryimage\"},\"thumbnailUrl\":\"https:\/\/d2p6e6u75xmxt8.cloudfront.net\/6\/2021\/11\/Mussara-Reus.jpg\",\"datePublished\":\"2021-11-02T09:34:03+00:00\",\"dateModified\":\"2021-11-02T09:36:51+00:00\",\"author\":{\"@id\":\"https:\/\/www.welovecycling.com\/es\/#\/schema\/person\/deb61715b5812698ee79fb96f343ccd4\"},\"description\":\"Mussara Reus, territorio de emboscadas. La cr\u00f3nica de la ciclouturista Mussara Reus 2022 que estuvo patrocinada por Skoda.\",\"breadcrumb\":{\"@id\":\"https:\/\/www.welovecycling.com\/es\/2021\/11\/02\/mussara-reus-territorio-de-emboscadas\/#breadcrumb\"},\"inLanguage\":\"es-ES\",\"potentialAction\":[{\"@type\":\"ReadAction\",\"target\":[\"https:\/\/www.welovecycling.com\/es\/2021\/11\/02\/mussara-reus-territorio-de-emboscadas\/\"]}]},{\"@type\":\"ImageObject\",\"inLanguage\":\"es-ES\",\"@id\":\"https:\/\/www.welovecycling.com\/es\/2021\/11\/02\/mussara-reus-territorio-de-emboscadas\/#primaryimage\",\"url\":\"https:\/\/d2p6e6u75xmxt8.cloudfront.net\/6\/2021\/11\/Mussara-Reus.jpg\",\"contentUrl\":\"https:\/\/d2p6e6u75xmxt8.cloudfront.net\/6\/2021\/11\/Mussara-Reus.jpg\",\"width\":1950,\"height\":1300},{\"@type\":\"BreadcrumbList\",\"@id\":\"https:\/\/www.welovecycling.com\/es\/2021\/11\/02\/mussara-reus-territorio-de-emboscadas\/#breadcrumb\",\"itemListElement\":[{\"@type\":\"ListItem\",\"position\":1,\"name\":\"Home\",\"item\":\"https:\/\/www.welovecycling.com\/es\/\"},{\"@type\":\"ListItem\",\"position\":2,\"name\":\"Mussara Reus, territorio de emboscadas\"}]},{\"@type\":\"WebSite\",\"@id\":\"https:\/\/www.welovecycling.com\/es\/#website\",\"url\":\"https:\/\/www.welovecycling.com\/es\/\",\"name\":\"\u0160koda We Love Cycling - Spain\",\"description\":\"\u0160koda WeLoveCycling Spain\",\"potentialAction\":[{\"@type\":\"SearchAction\",\"target\":{\"@type\":\"EntryPoint\",\"urlTemplate\":\"https:\/\/www.welovecycling.com\/es\/?s={search_term_string}\"},\"query-input\":{\"@type\":\"PropertyValueSpecification\",\"valueRequired\":true,\"valueName\":\"search_term_string\"}}],\"inLanguage\":\"es-ES\"},{\"@type\":\"Person\",\"@id\":\"https:\/\/www.welovecycling.com\/es\/#\/schema\/person\/deb61715b5812698ee79fb96f343ccd4\",\"name\":\"We Love Cycling Spain\",\"image\":{\"@type\":\"ImageObject\",\"inLanguage\":\"es-ES\",\"@id\":\"https:\/\/www.welovecycling.com\/es\/#\/schema\/person\/image\/\",\"url\":\"https:\/\/secure.gravatar.com\/avatar\/c824b04e6df0e37a03219d0b6481672889df542894588964102459e46513159c?s=96&d=mm&r=g\",\"contentUrl\":\"https:\/\/secure.gravatar.com\/avatar\/c824b04e6df0e37a03219d0b6481672889df542894588964102459e46513159c?s=96&d=mm&r=g\",\"caption\":\"We Love Cycling Spain\"},\"url\":\"https:\/\/www.welovecycling.com\/es\/author\/amunoz\/\"}]}<\/script>\n<!-- \/ Yoast SEO Premium plugin. -->","yoast_head_json":{"title":"Mussara Reus, territorio de emboscadas - \u0160koda We Love Cycling - Spain","description":"Mussara Reus, territorio de emboscadas. La cr\u00f3nica de la ciclouturista Mussara Reus 2022 que estuvo patrocinada por Skoda.","robots":{"index":"index","follow":"follow","max-snippet":"max-snippet:-1","max-image-preview":"max-image-preview:large","max-video-preview":"max-video-preview:-1"},"canonical":"https:\/\/www.welovecycling.com\/es\/2021\/11\/02\/mussara-reus-territorio-de-emboscadas\/","og_locale":"es_ES","og_type":"article","og_title":"Mussara Reus, territorio de emboscadas","og_description":"Mussara Reus, territorio de emboscadas. La cr\u00f3nica de la ciclouturista Mussara Reus 2022 que estuvo patrocinada por Skoda.","og_url":"https:\/\/www.welovecycling.com\/es\/2021\/11\/02\/mussara-reus-territorio-de-emboscadas\/","og_site_name":"\u0160koda We Love Cycling - Spain","article_published_time":"2021-11-02T09:34:03+00:00","article_modified_time":"2021-11-02T09:36:51+00:00","og_image":[{"width":1950,"height":1300,"url":"https:\/\/d2p6e6u75xmxt8.cloudfront.net\/6\/2021\/11\/Mussara-Reus.jpg","type":"image\/jpeg"}],"author":"We Love Cycling Spain","twitter_card":"summary_large_image","twitter_title":"Mussara Reus, territorio de emboscadas","twitter_description":"Mussara Reus, territorio de emboscadas. La cr\u00f3nica de la ciclouturista Mussara Reus 2022 que estuvo patrocinada por Skoda.","twitter_misc":{"Written by":"Luis Ortega @ciclored","Est. reading time":"7 minutes"},"schema":{"@context":"https:\/\/schema.org","@graph":[{"@type":"WebPage","@id":"https:\/\/www.welovecycling.com\/es\/2021\/11\/02\/mussara-reus-territorio-de-emboscadas\/","url":"https:\/\/www.welovecycling.com\/es\/2021\/11\/02\/mussara-reus-territorio-de-emboscadas\/","name":"Mussara Reus, territorio de emboscadas - \u0160koda We Love Cycling - Spain","isPartOf":{"@id":"https:\/\/www.welovecycling.com\/es\/#website"},"primaryImageOfPage":{"@id":"https:\/\/www.welovecycling.com\/es\/2021\/11\/02\/mussara-reus-territorio-de-emboscadas\/#primaryimage"},"image":{"@id":"https:\/\/www.welovecycling.com\/es\/2021\/11\/02\/mussara-reus-territorio-de-emboscadas\/#primaryimage"},"thumbnailUrl":"https:\/\/d2p6e6u75xmxt8.cloudfront.net\/6\/2021\/11\/Mussara-Reus.jpg","datePublished":"2021-11-02T09:34:03+00:00","dateModified":"2021-11-02T09:36:51+00:00","author":{"@id":"https:\/\/www.welovecycling.com\/es\/#\/schema\/person\/deb61715b5812698ee79fb96f343ccd4"},"description":"Mussara Reus, territorio de emboscadas. La cr\u00f3nica de la ciclouturista Mussara Reus 2022 que estuvo patrocinada por Skoda.","breadcrumb":{"@id":"https:\/\/www.welovecycling.com\/es\/2021\/11\/02\/mussara-reus-territorio-de-emboscadas\/#breadcrumb"},"inLanguage":"es-ES","potentialAction":[{"@type":"ReadAction","target":["https:\/\/www.welovecycling.com\/es\/2021\/11\/02\/mussara-reus-territorio-de-emboscadas\/"]}]},{"@type":"ImageObject","inLanguage":"es-ES","@id":"https:\/\/www.welovecycling.com\/es\/2021\/11\/02\/mussara-reus-territorio-de-emboscadas\/#primaryimage","url":"https:\/\/d2p6e6u75xmxt8.cloudfront.net\/6\/2021\/11\/Mussara-Reus.jpg","contentUrl":"https:\/\/d2p6e6u75xmxt8.cloudfront.net\/6\/2021\/11\/Mussara-Reus.jpg","width":1950,"height":1300},{"@type":"BreadcrumbList","@id":"https:\/\/www.welovecycling.com\/es\/2021\/11\/02\/mussara-reus-territorio-de-emboscadas\/#breadcrumb","itemListElement":[{"@type":"ListItem","position":1,"name":"Home","item":"https:\/\/www.welovecycling.com\/es\/"},{"@type":"ListItem","position":2,"name":"Mussara Reus, territorio de emboscadas"}]},{"@type":"WebSite","@id":"https:\/\/www.welovecycling.com\/es\/#website","url":"https:\/\/www.welovecycling.com\/es\/","name":"\u0160koda We Love Cycling - Spain","description":"\u0160koda WeLoveCycling Spain","potentialAction":[{"@type":"SearchAction","target":{"@type":"EntryPoint","urlTemplate":"https:\/\/www.welovecycling.com\/es\/?s={search_term_string}"},"query-input":{"@type":"PropertyValueSpecification","valueRequired":true,"valueName":"search_term_string"}}],"inLanguage":"es-ES"},{"@type":"Person","@id":"https:\/\/www.welovecycling.com\/es\/#\/schema\/person\/deb61715b5812698ee79fb96f343ccd4","name":"We Love Cycling Spain","image":{"@type":"ImageObject","inLanguage":"es-ES","@id":"https:\/\/www.welovecycling.com\/es\/#\/schema\/person\/image\/","url":"https:\/\/secure.gravatar.com\/avatar\/c824b04e6df0e37a03219d0b6481672889df542894588964102459e46513159c?s=96&d=mm&r=g","contentUrl":"https:\/\/secure.gravatar.com\/avatar\/c824b04e6df0e37a03219d0b6481672889df542894588964102459e46513159c?s=96&d=mm&r=g","caption":"We Love Cycling Spain"},"url":"https:\/\/www.welovecycling.com\/es\/author\/amunoz\/"}]}},"_links":{"self":[{"href":"https:\/\/www.welovecycling.com\/es\/wp-json\/wp\/v2\/posts\/8289","targetHints":{"allow":["GET"]}}],"collection":[{"href":"https:\/\/www.welovecycling.com\/es\/wp-json\/wp\/v2\/posts"}],"about":[{"href":"https:\/\/www.welovecycling.com\/es\/wp-json\/wp\/v2\/types\/post"}],"author":[{"embeddable":true,"href":"https:\/\/www.welovecycling.com\/es\/wp-json\/wp\/v2\/users\/29"}],"replies":[{"embeddable":true,"href":"https:\/\/www.welovecycling.com\/es\/wp-json\/wp\/v2\/comments?post=8289"}],"version-history":[{"count":2,"href":"https:\/\/www.welovecycling.com\/es\/wp-json\/wp\/v2\/posts\/8289\/revisions"}],"predecessor-version":[{"id":8297,"href":"https:\/\/www.welovecycling.com\/es\/wp-json\/wp\/v2\/posts\/8289\/revisions\/8297"}],"wp:featuredmedia":[{"embeddable":true,"href":"https:\/\/www.welovecycling.com\/es\/wp-json\/wp\/v2\/media\/8295"}],"wp:attachment":[{"href":"https:\/\/www.welovecycling.com\/es\/wp-json\/wp\/v2\/media?parent=8289"}],"wp:term":[{"taxonomy":"category","embeddable":true,"href":"https:\/\/www.welovecycling.com\/es\/wp-json\/wp\/v2\/categories?post=8289"},{"taxonomy":"post_tag","embeddable":true,"href":"https:\/\/www.welovecycling.com\/es\/wp-json\/wp\/v2\/tags?post=8289"},{"taxonomy":"global-categories","embeddable":true,"href":"https:\/\/www.welovecycling.com\/es\/wp-json\/wp\/v2\/global-categories?post=8289"}],"curies":[{"name":"wp","href":"https:\/\/api.w.org\/{rel}","templated":true}]}}