{"id":8280,"date":"2021-10-31T13:12:13","date_gmt":"2021-10-31T11:12:13","guid":{"rendered":"https:\/\/www.welovecycling.com\/es\/?p=8280"},"modified":"2021-10-26T13:16:02","modified_gmt":"2021-10-26T11:16:02","slug":"tom-dumoulin","status":"publish","type":"post","link":"https:\/\/www.welovecycling.com\/es\/2021\/10\/31\/tom-dumoulin\/","title":{"rendered":"El a\u00f1o convulso de Tom Dumoulin"},"content":{"rendered":"<p><strong>Este ha sido un a\u00f1o muy inusual para el ciclista holand\u00e9s Tom Dumoulin, y no tiene nada que ver con la pandemia de Covid-19. En enero, el corredor del Jumbo-Visma, de 30 a\u00f1os, decidi\u00f3 tomarse un descanso indefinido y no remunerado del deporte.<\/strong><\/p>\n<p><!--more--><\/p>\n<p>&#8220;Es como si una mochila de cien kilos se hubiera desprendido de mis hombros&#8221;, dijo al anunciar su decisi\u00f3n. &#8220;Llevo un tiempo sintiendo que es muy dif\u00edcil para m\u00ed saber c\u00f3mo encontrar mi camino como Tom Dumoulin el ciclista &#8211; con la presi\u00f3n que conlleva, con las expectativas de diferentes partes&#8221;.<\/p>\n<figure id=\"attachment_8283\" aria-describedby=\"caption-attachment-8283\" style=\"width: 1000px\" class=\"wp-caption alignnone\"><a href=\"https:\/\/d2p6e6u75xmxt8.cloudfront.net\/6\/2021\/10\/Dumoulin-2020-Tour-profimedia-0557798951.jpg\"><img loading=\"lazy\" decoding=\"async\" class=\"size-full wp-image-8283\" src=\"https:\/\/d2p6e6u75xmxt8.cloudfront.net\/6\/2021\/10\/Dumoulin-2020-Tour-profimedia-0557798951.jpg\" alt=\"Tom Dumoulin\" width=\"1000\" height=\"690\" srcset=\"https:\/\/d2p6e6u75xmxt8.cloudfront.net\/6\/2021\/10\/Dumoulin-2020-Tour-profimedia-0557798951.jpg 1000w, https:\/\/d2p6e6u75xmxt8.cloudfront.net\/6\/2021\/10\/Dumoulin-2020-Tour-profimedia-0557798951-300x207.jpg 300w, https:\/\/d2p6e6u75xmxt8.cloudfront.net\/6\/2021\/10\/Dumoulin-2020-Tour-profimedia-0557798951-768x530.jpg 768w\" sizes=\"auto, (max-width: 1000px) 100vw, 1000px\" \/><\/a><figcaption id=\"caption-attachment-8283\" class=\"wp-caption-text\">Dumoulin en el Tour de 2020.<\/figcaption><\/figure>\n<p>&nbsp;<\/p>\n<p>Dumoulin tom\u00f3 la decisi\u00f3n de alejarse del deporte justo despu\u00e9s de que el Jumbo-Visma anunciara que le dar\u00eda un papel de l\u00edder en el Tour de Francia junto a <a href=\"https:\/\/www.welovecycling.com\/es\/2021\/09\/07\/roglic\/\">Primo\u017e Rogli\u010d<\/a>.<\/p>\n<p>El esloveno sufri\u00f3 una grave ca\u00edda en la tercera etapa del Tour y se vio obligado a abandonar antes de la novena etapa, dejando aparentemente al Jumbo-Visma sin un aspirante a la CG. Pero el joven corredor dan\u00e9s Jonas Vingegaard dio un paso al frente y sorprendi\u00f3 al mundo de las carreras al terminar segundo por detr\u00e1s de Tadej Poga\u010dar.<\/p>\n<p>El hecho de que Dumoulin haya pulsado el bot\u00f3n de &#8220;pausa&#8221; en su carrera fue una especie de shock, ya que se produjo despu\u00e9s de dos a\u00f1os excelentes. Gan\u00f3 el <a href=\"https:\/\/www.welovecycling.com\/wide\/2017\/05\/29\/dumoulin-king-cool-news-world-cycling\/\">Giro de Italia<\/a> y el Campeonato del Mundo de Contrarreloj, tanto individual como por equipos, en 2017 y termin\u00f3 segundo en los Mundiales, el Giro y el Tour del a\u00f1o siguiente. Parec\u00eda estar a punto de entrar en la \u00e9lite de los corredores de las Grandes Vueltas cuando la pandemia trastoc\u00f3 el calendario de carreras. Excelente corredor de contrarreloj individual (ITT), as\u00ed como escalador, tiene las herramientas necesarias para convertirse en un campe\u00f3n. Lo que le faltaba, de repente, era la motivaci\u00f3n.<\/p>\n<figure id=\"attachment_8284\" aria-describedby=\"caption-attachment-8284\" style=\"width: 1000px\" class=\"wp-caption alignnone\"><a href=\"https:\/\/d2p6e6u75xmxt8.cloudfront.net\/6\/2021\/10\/Dumoulin-2017-Giro-profimedia-0333878444.jpg\"><img loading=\"lazy\" decoding=\"async\" class=\"size-full wp-image-8284\" src=\"https:\/\/d2p6e6u75xmxt8.cloudfront.net\/6\/2021\/10\/Dumoulin-2017-Giro-profimedia-0333878444.jpg\" alt=\"Tom Dumoulin\" width=\"1000\" height=\"666\" srcset=\"https:\/\/d2p6e6u75xmxt8.cloudfront.net\/6\/2021\/10\/Dumoulin-2017-Giro-profimedia-0333878444.jpg 1000w, https:\/\/d2p6e6u75xmxt8.cloudfront.net\/6\/2021\/10\/Dumoulin-2017-Giro-profimedia-0333878444-300x200.jpg 300w, https:\/\/d2p6e6u75xmxt8.cloudfront.net\/6\/2021\/10\/Dumoulin-2017-Giro-profimedia-0333878444-768x511.jpg 768w, https:\/\/d2p6e6u75xmxt8.cloudfront.net\/6\/2021\/10\/Dumoulin-2017-Giro-profimedia-0333878444-272x182.jpg 272w\" sizes=\"auto, (max-width: 1000px) 100vw, 1000px\" \/><\/a><figcaption id=\"caption-attachment-8284\" class=\"wp-caption-text\">Celebrando el Giro de Italia de 2017.<\/figcaption><\/figure>\n<h2><strong><br \/>\nCambios<\/strong><\/h2>\n<p>Todo lo que hizo Dumoulin en los cinco meses que estuvo alejado de las carreras aparentemente reaviv\u00f3 su pasi\u00f3n por el ciclismo. Regres\u00f3 al deporte a finales de junio de 2021 para el Tour de Suiza, feliz de trabajar como gregario para sus compa\u00f1eros de equipo.<\/p>\n<p>&#8220;El problema de los \u00faltimos tres a\u00f1os fue que perd\u00ed el placer en mi trabajo y en la carrera&#8221;, dijo Dumoulin al peri\u00f3dico belga <a href=\"https:\/\/www.nieuwsblad.be\/cnt\/dmf20210605_96334442\">Het Nieuwsblad<\/a> antes del Tour de Suiza.<\/p>\n<p>&#8220;Hab\u00eda olvidado lo que me gustaba y lo que no. Ahora lo s\u00e9 de nuevo. Este periodo sin carreras ha sido muy instructivo para m\u00ed. Vuelvo a saber qu\u00e9 tipo de corredor es Tom Dumoulin&#8221;.<\/p>\n<p>Luego gan\u00f3 la crono del Campeonato de Holanda por cuarta vez y termin\u00f3 segundo en la crono de los Juegos Ol\u00edmpicos de Tokio, por detr\u00e1s de Rogli\u010d. Se estaba entrenando para los Campeonatos del Mundo de Ruta cuando tuvo un accidente y se rompi\u00f3 la mu\u00f1eca, poniendo fin a una temporada realmente accidentada.<\/p>\n<div class=\"embed-controller-wrapper\">\n<blockquote class=\"twitter-tweet\" data-width=\"500\" data-dnt=\"true\">\n<p lang=\"en\" dir=\"ltr\">\ud83e\udd15<\/p>\n<p>\ud83d\udcac \u201cMy season is finished. That\u2019s a big deception, because I just got really good at it again.&quot; &#8211; <a href=\"https:\/\/twitter.com\/tom_dumoulin?ref_src=twsrc%5Etfw\">@tom_dumoulin<\/a><\/p>\n<p>Get well soon, Tom! \ud83c\udf40<\/p>\n<p>&mdash; Team Visma | Lease a Bike (@vismaleaseabike) <a href=\"https:\/\/twitter.com\/vismaleaseabike\/status\/1436071537514319872?ref_src=twsrc%5Etfw\">September 9, 2021<\/a><\/p><\/blockquote>\n<p><script async data-src=\"https:\/\/platform.twitter.com\/widgets.js\" charset=\"utf-8\"><\/script><\/div>\n<p>&#8220;Es una gran decepci\u00f3n, porque acabo de volver a ser muy bueno [en las carreras]&#8221;, dijo entonces en un comunicado del equipo. &#8220;Ten\u00eda mucha confianza en que pod\u00eda correr un mes muy fuerte&#8221;.<\/p>\n<p>Aunque el a\u00f1o termin\u00f3 mal para Dumoulin, su decisi\u00f3n y lo que surgi\u00f3 de ella ha sido una revelaci\u00f3n en un a\u00f1o que ha visto a otros atletas de \u00e9lite, como la tenista japonesa Naomi Osaka y la gimnasta estadounidense Simone Biles, poner en pausa sus programas deportivos debido a la presi\u00f3n que sent\u00edan.<\/p>\n<h2><strong>La red correcta<\/strong><\/h2>\n<p>Para Dumoulin (y para Biles) fue importante contar con un equipo de apoyo que se desvivi\u00f3 por acomodarlo y apoyarlo.<\/p>\n<div class=\"embed-controller-wrapper\">\n<blockquote class=\"twitter-tweet\" data-width=\"500\" data-dnt=\"true\">\n<p lang=\"qme\" dir=\"ltr\">\ud83e\udd48\ud83d\ude04 <a href=\"https:\/\/twitter.com\/hashtag\/tokyo2020?src=hash&amp;ref_src=twsrc%5Etfw\">#tokyo2020<\/a> <a href=\"https:\/\/t.co\/NMcXcQ705G\">pic.twitter.com\/NMcXcQ705G<\/a><\/p>\n<p>&mdash; Tom Dumoulin (@tom_dumoulin) <a href=\"https:\/\/twitter.com\/tom_dumoulin\/status\/1420402794826248193?ref_src=twsrc%5Etfw\">July 28, 2021<\/a><\/p><\/blockquote>\n<p><script async data-src=\"https:\/\/platform.twitter.com\/widgets.js\" charset=\"utf-8\"><\/script><\/div>\n<p>&#8220;Ha tocado fondo y lo m\u00e1s importante es que no vuelva a llegar a eso&#8221;, dijo el director deportivo del Jumbo-Visma, Merijn Zeeman, a Cyclingnews.<\/p>\n<p>&#8220;Nos adaptamos como equipo a sus ambiciones y hay m\u00faltiples opciones. Podemos ir en cualquier direcci\u00f3n, pero lo \u00fanico es que \u00e9l est\u00e9 contento con lo que hace, y entonces podr\u00e1 ir a conseguir resultados. Lo m\u00e1s importante es que combine la felicidad con ser un atleta&#8221;.<\/p>\n<p>Probablemente la mayor lecci\u00f3n para todos, incluido Dumoulin, es que a veces hay que dejar de hacer lo que se hace para entender lo mucho (o lo poco) que significa para uno.<\/p>\n","protected":false},"excerpt":{"rendered":"<p>Este ha sido un a\u00f1o muy inusual para el ciclista holand\u00e9s Tom Dumoulin, y no tiene nada que ver con [&hellip;]<\/p>\n","protected":false},"author":29,"featured_media":8286,"comment_status":"open","ping_status":"open","sticky":false,"template":"","format":"standard","meta":{"footnotes":""},"categories":[7],"tags":[2161],"global-categories":[],"class_list":["post-8280","post","type-post","status-publish","format-standard","has-post-thumbnail","hentry","category-carretera","tag-dumolin"],"yoast_head":"<!-- This site is optimized with the Yoast SEO Premium plugin v25.3 (Yoast SEO v25.9) - https:\/\/yoast.com\/wordpress\/plugins\/seo\/ -->\n<title>El a\u00f1o convulso de Tom Dumoulin - \u0160koda We Love Cycling - Spain<\/title>\n<meta name=\"description\" content=\"El a\u00f1o convulso de Tom Dumoulin. El holand\u00e9s abandon\u00f3 la competici\u00f3n para luego volver a correr en los Juegos Ol\u00edmpicos.\" \/>\n<meta name=\"robots\" content=\"index, follow, max-snippet:-1, max-image-preview:large, max-video-preview:-1\" \/>\n<link rel=\"canonical\" href=\"https:\/\/www.welovecycling.com\/es\/2021\/10\/31\/tom-dumoulin\/\" \/>\n<meta property=\"og:locale\" content=\"es_ES\" \/>\n<meta property=\"og:type\" content=\"article\" \/>\n<meta property=\"og:title\" content=\"El a\u00f1o convulso de Tom Dumoulin\" \/>\n<meta property=\"og:description\" content=\"El a\u00f1o convulso de Tom Dumoulin. El holand\u00e9s abandon\u00f3 la competici\u00f3n para luego volver a correr en los Juegos Ol\u00edmpicos.\" \/>\n<meta property=\"og:url\" content=\"https:\/\/www.welovecycling.com\/es\/2021\/10\/31\/tom-dumoulin\/\" \/>\n<meta property=\"og:site_name\" content=\"\u0160koda We Love Cycling - Spain\" \/>\n<meta property=\"article:published_time\" content=\"2021-10-31T11:12:13+00:00\" \/>\n<meta property=\"og:image\" content=\"https:\/\/d2p6e6u75xmxt8.cloudfront.net\/6\/2021\/10\/Tom-Dumoulin-profimedia-0629674553-CVR.jpg\" \/>\n\t<meta property=\"og:image:width\" content=\"1366\" \/>\n\t<meta property=\"og:image:height\" content=\"600\" \/>\n\t<meta property=\"og:image:type\" content=\"image\/jpeg\" \/>\n<meta name=\"author\" content=\"We Love Cycling Spain\" \/>\n<meta name=\"twitter:card\" content=\"summary_large_image\" \/>\n<meta name=\"twitter:title\" content=\"El a\u00f1o convulso de Tom Dumoulin\" \/>\n<meta name=\"twitter:description\" content=\"El a\u00f1o convulso de Tom Dumoulin. El holand\u00e9s abandon\u00f3 la competici\u00f3n para luego volver a correr en los Juegos Ol\u00edmpicos.\" \/>\n<meta name=\"twitter:label1\" content=\"Written by\" \/>\n\t<meta name=\"twitter:data1\" content=\"Siegfried Mortkowitz\" \/>\n\t<meta name=\"twitter:label2\" content=\"Est. reading time\" \/>\n\t<meta name=\"twitter:data2\" content=\"5\" \/>\n<script type=\"application\/ld+json\" class=\"yoast-schema-graph\">{\"@context\":\"https:\/\/schema.org\",\"@graph\":[{\"@type\":\"WebPage\",\"@id\":\"https:\/\/www.welovecycling.com\/es\/2021\/10\/31\/tom-dumoulin\/\",\"url\":\"https:\/\/www.welovecycling.com\/es\/2021\/10\/31\/tom-dumoulin\/\",\"name\":\"El a\u00f1o convulso de Tom Dumoulin - \u0160koda We Love Cycling - Spain\",\"isPartOf\":{\"@id\":\"https:\/\/www.welovecycling.com\/es\/#website\"},\"primaryImageOfPage\":{\"@id\":\"https:\/\/www.welovecycling.com\/es\/2021\/10\/31\/tom-dumoulin\/#primaryimage\"},\"image\":{\"@id\":\"https:\/\/www.welovecycling.com\/es\/2021\/10\/31\/tom-dumoulin\/#primaryimage\"},\"thumbnailUrl\":\"https:\/\/d2p6e6u75xmxt8.cloudfront.net\/6\/2021\/10\/Tom-Dumoulin-profimedia-0629674553-CVR.jpg\",\"datePublished\":\"2021-10-31T11:12:13+00:00\",\"author\":{\"@id\":\"https:\/\/www.welovecycling.com\/es\/#\/schema\/person\/deb61715b5812698ee79fb96f343ccd4\"},\"description\":\"El a\u00f1o convulso de Tom Dumoulin. El holand\u00e9s abandon\u00f3 la competici\u00f3n para luego volver a correr en los Juegos Ol\u00edmpicos.\",\"breadcrumb\":{\"@id\":\"https:\/\/www.welovecycling.com\/es\/2021\/10\/31\/tom-dumoulin\/#breadcrumb\"},\"inLanguage\":\"es-ES\",\"potentialAction\":[{\"@type\":\"ReadAction\",\"target\":[\"https:\/\/www.welovecycling.com\/es\/2021\/10\/31\/tom-dumoulin\/\"]}]},{\"@type\":\"ImageObject\",\"inLanguage\":\"es-ES\",\"@id\":\"https:\/\/www.welovecycling.com\/es\/2021\/10\/31\/tom-dumoulin\/#primaryimage\",\"url\":\"https:\/\/d2p6e6u75xmxt8.cloudfront.net\/6\/2021\/10\/Tom-Dumoulin-profimedia-0629674553-CVR.jpg\",\"contentUrl\":\"https:\/\/d2p6e6u75xmxt8.cloudfront.net\/6\/2021\/10\/Tom-Dumoulin-profimedia-0629674553-CVR.jpg\",\"width\":1366,\"height\":600,\"caption\":\"Tom Dumoulin\"},{\"@type\":\"BreadcrumbList\",\"@id\":\"https:\/\/www.welovecycling.com\/es\/2021\/10\/31\/tom-dumoulin\/#breadcrumb\",\"itemListElement\":[{\"@type\":\"ListItem\",\"position\":1,\"name\":\"Home\",\"item\":\"https:\/\/www.welovecycling.com\/es\/\"},{\"@type\":\"ListItem\",\"position\":2,\"name\":\"El a\u00f1o convulso de Tom Dumoulin\"}]},{\"@type\":\"WebSite\",\"@id\":\"https:\/\/www.welovecycling.com\/es\/#website\",\"url\":\"https:\/\/www.welovecycling.com\/es\/\",\"name\":\"\u0160koda We Love Cycling - Spain\",\"description\":\"\u0160koda WeLoveCycling Spain\",\"potentialAction\":[{\"@type\":\"SearchAction\",\"target\":{\"@type\":\"EntryPoint\",\"urlTemplate\":\"https:\/\/www.welovecycling.com\/es\/?s={search_term_string}\"},\"query-input\":{\"@type\":\"PropertyValueSpecification\",\"valueRequired\":true,\"valueName\":\"search_term_string\"}}],\"inLanguage\":\"es-ES\"},{\"@type\":\"Person\",\"@id\":\"https:\/\/www.welovecycling.com\/es\/#\/schema\/person\/deb61715b5812698ee79fb96f343ccd4\",\"name\":\"We Love Cycling Spain\",\"image\":{\"@type\":\"ImageObject\",\"inLanguage\":\"es-ES\",\"@id\":\"https:\/\/www.welovecycling.com\/es\/#\/schema\/person\/image\/\",\"url\":\"https:\/\/secure.gravatar.com\/avatar\/c824b04e6df0e37a03219d0b6481672889df542894588964102459e46513159c?s=96&d=mm&r=g\",\"contentUrl\":\"https:\/\/secure.gravatar.com\/avatar\/c824b04e6df0e37a03219d0b6481672889df542894588964102459e46513159c?s=96&d=mm&r=g\",\"caption\":\"We Love Cycling Spain\"},\"url\":\"https:\/\/www.welovecycling.com\/es\/author\/amunoz\/\"}]}<\/script>\n<!-- \/ Yoast SEO Premium plugin. -->","yoast_head_json":{"title":"El a\u00f1o convulso de Tom Dumoulin - \u0160koda We Love Cycling - Spain","description":"El a\u00f1o convulso de Tom Dumoulin. El holand\u00e9s abandon\u00f3 la competici\u00f3n para luego volver a correr en los Juegos Ol\u00edmpicos.","robots":{"index":"index","follow":"follow","max-snippet":"max-snippet:-1","max-image-preview":"max-image-preview:large","max-video-preview":"max-video-preview:-1"},"canonical":"https:\/\/www.welovecycling.com\/es\/2021\/10\/31\/tom-dumoulin\/","og_locale":"es_ES","og_type":"article","og_title":"El a\u00f1o convulso de Tom Dumoulin","og_description":"El a\u00f1o convulso de Tom Dumoulin. El holand\u00e9s abandon\u00f3 la competici\u00f3n para luego volver a correr en los Juegos Ol\u00edmpicos.","og_url":"https:\/\/www.welovecycling.com\/es\/2021\/10\/31\/tom-dumoulin\/","og_site_name":"\u0160koda We Love Cycling - Spain","article_published_time":"2021-10-31T11:12:13+00:00","og_image":[{"width":1366,"height":600,"url":"https:\/\/d2p6e6u75xmxt8.cloudfront.net\/6\/2021\/10\/Tom-Dumoulin-profimedia-0629674553-CVR.jpg","type":"image\/jpeg"}],"author":"We Love Cycling Spain","twitter_card":"summary_large_image","twitter_title":"El a\u00f1o convulso de Tom Dumoulin","twitter_description":"El a\u00f1o convulso de Tom Dumoulin. El holand\u00e9s abandon\u00f3 la competici\u00f3n para luego volver a correr en los Juegos Ol\u00edmpicos.","twitter_misc":{"Written by":"Siegfried Mortkowitz","Est. reading time":"5"},"schema":{"@context":"https:\/\/schema.org","@graph":[{"@type":"WebPage","@id":"https:\/\/www.welovecycling.com\/es\/2021\/10\/31\/tom-dumoulin\/","url":"https:\/\/www.welovecycling.com\/es\/2021\/10\/31\/tom-dumoulin\/","name":"El a\u00f1o convulso de Tom Dumoulin - \u0160koda We Love Cycling - Spain","isPartOf":{"@id":"https:\/\/www.welovecycling.com\/es\/#website"},"primaryImageOfPage":{"@id":"https:\/\/www.welovecycling.com\/es\/2021\/10\/31\/tom-dumoulin\/#primaryimage"},"image":{"@id":"https:\/\/www.welovecycling.com\/es\/2021\/10\/31\/tom-dumoulin\/#primaryimage"},"thumbnailUrl":"https:\/\/d2p6e6u75xmxt8.cloudfront.net\/6\/2021\/10\/Tom-Dumoulin-profimedia-0629674553-CVR.jpg","datePublished":"2021-10-31T11:12:13+00:00","author":{"@id":"https:\/\/www.welovecycling.com\/es\/#\/schema\/person\/deb61715b5812698ee79fb96f343ccd4"},"description":"El a\u00f1o convulso de Tom Dumoulin. El holand\u00e9s abandon\u00f3 la competici\u00f3n para luego volver a correr en los Juegos Ol\u00edmpicos.","breadcrumb":{"@id":"https:\/\/www.welovecycling.com\/es\/2021\/10\/31\/tom-dumoulin\/#breadcrumb"},"inLanguage":"es-ES","potentialAction":[{"@type":"ReadAction","target":["https:\/\/www.welovecycling.com\/es\/2021\/10\/31\/tom-dumoulin\/"]}]},{"@type":"ImageObject","inLanguage":"es-ES","@id":"https:\/\/www.welovecycling.com\/es\/2021\/10\/31\/tom-dumoulin\/#primaryimage","url":"https:\/\/d2p6e6u75xmxt8.cloudfront.net\/6\/2021\/10\/Tom-Dumoulin-profimedia-0629674553-CVR.jpg","contentUrl":"https:\/\/d2p6e6u75xmxt8.cloudfront.net\/6\/2021\/10\/Tom-Dumoulin-profimedia-0629674553-CVR.jpg","width":1366,"height":600,"caption":"Tom Dumoulin"},{"@type":"BreadcrumbList","@id":"https:\/\/www.welovecycling.com\/es\/2021\/10\/31\/tom-dumoulin\/#breadcrumb","itemListElement":[{"@type":"ListItem","position":1,"name":"Home","item":"https:\/\/www.welovecycling.com\/es\/"},{"@type":"ListItem","position":2,"name":"El a\u00f1o convulso de Tom Dumoulin"}]},{"@type":"WebSite","@id":"https:\/\/www.welovecycling.com\/es\/#website","url":"https:\/\/www.welovecycling.com\/es\/","name":"\u0160koda We Love Cycling - Spain","description":"\u0160koda WeLoveCycling Spain","potentialAction":[{"@type":"SearchAction","target":{"@type":"EntryPoint","urlTemplate":"https:\/\/www.welovecycling.com\/es\/?s={search_term_string}"},"query-input":{"@type":"PropertyValueSpecification","valueRequired":true,"valueName":"search_term_string"}}],"inLanguage":"es-ES"},{"@type":"Person","@id":"https:\/\/www.welovecycling.com\/es\/#\/schema\/person\/deb61715b5812698ee79fb96f343ccd4","name":"We Love Cycling Spain","image":{"@type":"ImageObject","inLanguage":"es-ES","@id":"https:\/\/www.welovecycling.com\/es\/#\/schema\/person\/image\/","url":"https:\/\/secure.gravatar.com\/avatar\/c824b04e6df0e37a03219d0b6481672889df542894588964102459e46513159c?s=96&d=mm&r=g","contentUrl":"https:\/\/secure.gravatar.com\/avatar\/c824b04e6df0e37a03219d0b6481672889df542894588964102459e46513159c?s=96&d=mm&r=g","caption":"We Love Cycling Spain"},"url":"https:\/\/www.welovecycling.com\/es\/author\/amunoz\/"}]}},"_links":{"self":[{"href":"https:\/\/www.welovecycling.com\/es\/wp-json\/wp\/v2\/posts\/8280","targetHints":{"allow":["GET"]}}],"collection":[{"href":"https:\/\/www.welovecycling.com\/es\/wp-json\/wp\/v2\/posts"}],"about":[{"href":"https:\/\/www.welovecycling.com\/es\/wp-json\/wp\/v2\/types\/post"}],"author":[{"embeddable":true,"href":"https:\/\/www.welovecycling.com\/es\/wp-json\/wp\/v2\/users\/29"}],"replies":[{"embeddable":true,"href":"https:\/\/www.welovecycling.com\/es\/wp-json\/wp\/v2\/comments?post=8280"}],"version-history":[{"count":2,"href":"https:\/\/www.welovecycling.com\/es\/wp-json\/wp\/v2\/posts\/8280\/revisions"}],"predecessor-version":[{"id":8288,"href":"https:\/\/www.welovecycling.com\/es\/wp-json\/wp\/v2\/posts\/8280\/revisions\/8288"}],"wp:featuredmedia":[{"embeddable":true,"href":"https:\/\/www.welovecycling.com\/es\/wp-json\/wp\/v2\/media\/8286"}],"wp:attachment":[{"href":"https:\/\/www.welovecycling.com\/es\/wp-json\/wp\/v2\/media?parent=8280"}],"wp:term":[{"taxonomy":"category","embeddable":true,"href":"https:\/\/www.welovecycling.com\/es\/wp-json\/wp\/v2\/categories?post=8280"},{"taxonomy":"post_tag","embeddable":true,"href":"https:\/\/www.welovecycling.com\/es\/wp-json\/wp\/v2\/tags?post=8280"},{"taxonomy":"global-categories","embeddable":true,"href":"https:\/\/www.welovecycling.com\/es\/wp-json\/wp\/v2\/global-categories?post=8280"}],"curies":[{"name":"wp","href":"https:\/\/api.w.org\/{rel}","templated":true}]}}