{"id":8259,"date":"2021-11-03T17:48:59","date_gmt":"2021-11-03T15:48:59","guid":{"rendered":"https:\/\/www.welovecycling.com\/es\/?p=8259"},"modified":"2021-11-02T11:40:36","modified_gmt":"2021-11-02T09:40:36","slug":"fichajes-ciclistas-temporada-2022","status":"publish","type":"post","link":"https:\/\/www.welovecycling.com\/es\/2021\/11\/03\/fichajes-ciclistas-temporada-2022\/","title":{"rendered":"Fichajes ciclistas para la temporada 2022"},"content":{"rendered":"<p><strong>Con el 2021 ciclista casi acabado ya empiezan a sonar los fichajes para la temporada 2022. Es la hora de ver que corredores cambian de sill\u00edn para buscar mejor sueldo, ser l\u00edder de equipo o acomodo en un conjunto de mayor categor\u00eda. Tambi\u00e9n los equipos van a la caza de un ciclista que les de m\u00e1s visibilidad en algunas carreras y atraiga a los patrocinadores para pagar las facturas.<\/strong><\/p>\n<p><!--more--><\/p>\n<p>En realidad, el juego de los fichajes ciclistas para la temporada 2022 comenz\u00f3 hace meses con la saga de Peter Sagan. El siete veces ganador del maillot verde del Tour de Francia firm\u00f3 con el <a href=\"https:\/\/www.welovecycling.com\/wide\/2021\/08\/04\/peter-sagan-joins-team-totalenergies\/\">equipo franc\u00e9s TotalEnergies<\/a> en agosto, tras pasar cinco a\u00f1os en el Bora-Hansgrohe.<\/p>\n<figure id=\"attachment_8261\" aria-describedby=\"caption-attachment-8261\" style=\"width: 1000px\" class=\"wp-caption alignnone\"><a href=\"https:\/\/d2p6e6u75xmxt8.cloudfront.net\/6\/2021\/10\/Peter-Sagan-profimedia-0611186517.jpg\"><img loading=\"lazy\" decoding=\"async\" class=\"size-full wp-image-8261\" src=\"https:\/\/d2p6e6u75xmxt8.cloudfront.net\/6\/2021\/10\/Peter-Sagan-profimedia-0611186517.jpg\" alt=\"Peter Sagan\" width=\"1000\" height=\"666\" srcset=\"https:\/\/d2p6e6u75xmxt8.cloudfront.net\/6\/2021\/10\/Peter-Sagan-profimedia-0611186517.jpg 1000w, https:\/\/d2p6e6u75xmxt8.cloudfront.net\/6\/2021\/10\/Peter-Sagan-profimedia-0611186517-300x200.jpg 300w, https:\/\/d2p6e6u75xmxt8.cloudfront.net\/6\/2021\/10\/Peter-Sagan-profimedia-0611186517-768x511.jpg 768w, https:\/\/d2p6e6u75xmxt8.cloudfront.net\/6\/2021\/10\/Peter-Sagan-profimedia-0611186517-272x182.jpg 272w\" sizes=\"auto, (max-width: 1000px) 100vw, 1000px\" \/><\/a><figcaption id=\"caption-attachment-8261\" class=\"wp-caption-text\">Sagan vestir\u00e1 el maillot del TotalEnergies. \u00a9 Profimedia<\/figcaption><\/figure>\n<p>&nbsp;<\/p>\n<p>No fue un divorcio amistoso, ya que el director del equipo alem\u00e1n, Ralph Denk, cuestion\u00f3 la capacidad del corredor eslovaco para ganar m\u00e1s maillots y dijo que habr\u00eda que tomar una decisi\u00f3n sobre el futuro de Sagan con el equipo. Sagan la tom\u00f3 por \u00e9l.<\/p>\n<p>&#8220;Jean-Ren\u00e9 [Bernaudeau] es un director que quiere cambiar las l\u00edneas en el mundo del ciclismo&#8221;, <a href=\"https:\/\/www.eurosport.com\/cycling\/tour-de-france\/2021\/slovakia-s-peter-sagan-joins-team-totalenergies-for-two-seasons-after-leaving-bora-hansgrohe-last-we_sto8470908\/story.shtml\">dijo Sagan<\/a> sobre el director de su nuevo equipo al anunciar su fichaje. &#8220;Espero poder ayudar a este equipo a conseguirlo, y ganar muchas carreras bajo estos nuevos colores&#8221;.<\/p>\n<p>Significativamente, el anuncio se produjo apenas unas horas despu\u00e9s de que el Bora-Hansgrohe anunciara el regreso de Sam Bennett al equipo y la formaci\u00f3n de una nueva direcci\u00f3n de sprint.<\/p>\n<figure id=\"attachment_8262\" aria-describedby=\"caption-attachment-8262\" style=\"width: 1000px\" class=\"wp-caption alignnone\"><a href=\"https:\/\/d2p6e6u75xmxt8.cloudfront.net\/6\/2021\/10\/Sam-Bennett-profimedia-0597415700.jpg\"><img loading=\"lazy\" decoding=\"async\" class=\"wp-image-8262 size-full\" src=\"https:\/\/d2p6e6u75xmxt8.cloudfront.net\/6\/2021\/10\/Sam-Bennett-profimedia-0597415700.jpg\" alt=\"Sam Bennett\" width=\"1000\" height=\"666\" srcset=\"https:\/\/d2p6e6u75xmxt8.cloudfront.net\/6\/2021\/10\/Sam-Bennett-profimedia-0597415700.jpg 1000w, https:\/\/d2p6e6u75xmxt8.cloudfront.net\/6\/2021\/10\/Sam-Bennett-profimedia-0597415700-300x200.jpg 300w, https:\/\/d2p6e6u75xmxt8.cloudfront.net\/6\/2021\/10\/Sam-Bennett-profimedia-0597415700-768x511.jpg 768w, https:\/\/d2p6e6u75xmxt8.cloudfront.net\/6\/2021\/10\/Sam-Bennett-profimedia-0597415700-272x182.jpg 272w\" sizes=\"auto, (max-width: 1000px) 100vw, 1000px\" \/><\/a><figcaption id=\"caption-attachment-8262\" class=\"wp-caption-text\">Sam Bennett vuelve al Bora-Hansgrohe. \u00a9 Profimedia<\/figcaption><\/figure>\n<p>El fichaje de Bennett por el Bora-Hansgrohe, procedente del Deceuninck-Quick-Step, tampoco estuvo exento de dramatismo, ya que vino acompa\u00f1ado de una <a href=\"https:\/\/www.cyclingweekly.com\/news\/confirmed-sam-bennett-returns-to-bora-hansgrohe\">serie de ataques p\u00fablicos<\/a> por parte del jefe de equipo del Deceuninck, Patrick Lefevere.<\/p>\n<p>El Bora ha estado bastante ocupado. Adem\u00e1s de volver a contratar a Bennett, el equipo ha reclutado una mezcla de corredores que lideran el sprint y aspirantes a la clasificaci\u00f3n general como Aleksandr Vlasov del Astana, el subcampe\u00f3n del Giro de Italia 2020 Jai Hindley del DSM y Sergio Higuita del EF Education-Nippo.<\/p>\n<p>El prometedor corredor portugu\u00e9s Jo\u00e3o Almeida ha dejado el Deceuninck-Quick-Step y correr\u00e1 para el UAE Team Emirates el pr\u00f3ximo a\u00f1o. Almeida parece ser el mayor premio de la temporada de fichajes. El corredor de 23 a\u00f1os gan\u00f3 el Tour de Pologne y el Tour de Luxemburgo este a\u00f1o y ha terminado dos veces en el top 10 del Giro de Italia.<\/p>\n<figure id=\"attachment_8265\" aria-describedby=\"caption-attachment-8265\" style=\"width: 1000px\" class=\"wp-caption alignnone\"><a href=\"https:\/\/d2p6e6u75xmxt8.cloudfront.net\/6\/2021\/10\/Joao-Almeida-profimedia-0613191881.jpg\"><img loading=\"lazy\" decoding=\"async\" class=\"size-full wp-image-8265\" src=\"https:\/\/d2p6e6u75xmxt8.cloudfront.net\/6\/2021\/10\/Joao-Almeida-profimedia-0613191881.jpg\" alt=\"Jo\u00e3o Almeida\" width=\"1000\" height=\"727\" srcset=\"https:\/\/d2p6e6u75xmxt8.cloudfront.net\/6\/2021\/10\/Joao-Almeida-profimedia-0613191881.jpg 1000w, https:\/\/d2p6e6u75xmxt8.cloudfront.net\/6\/2021\/10\/Joao-Almeida-profimedia-0613191881-300x218.jpg 300w, https:\/\/d2p6e6u75xmxt8.cloudfront.net\/6\/2021\/10\/Joao-Almeida-profimedia-0613191881-768x558.jpg 768w\" sizes=\"auto, (max-width: 1000px) 100vw, 1000px\" \/><\/a><figcaption id=\"caption-attachment-8265\" class=\"wp-caption-text\">Almeida en el Giro 2021. \u00a9 Profimedia<\/figcaption><\/figure>\n<p>El equipo al que se incorpora ya tiene un corredor de 23 a\u00f1os bastante bueno en el dos veces ganador del Tour de Francia <a href=\"https:\/\/www.welovecycling.com\/es\/2021\/07\/19\/tadej-pogacar-el-principito-que-ya-es-rey-del-tour-de-francia\/\">Tadej Poga\u010dar<\/a>. El esloveno es un especialista en el Tour de Francia, por lo que es posible que a Almeida se le encargue intentar ganar el Giro y\/o la Vuelta. Sea cual sea su papel, contar\u00e1 con los nuevos miembros del equipo George Bennett, Marc Soler y \u00c1lvaro Hodeg para ayudarle.<\/p>\n<p>El espa\u00f1ol David de la Cruz, de 32 a\u00f1os, deja el Team Emirates tras firmar un contrato de dos a\u00f1os con el Astana. Se cruzar\u00e1 con el tambi\u00e9n espa\u00f1ol Luis Le\u00f3n S\u00e1nchez, de 37 a\u00f1os, que deja el Astana para correr en el Bahrain-Victorious.<\/p>\n<p>El Intermarch\u00e9 tambi\u00e9n ha estado ocupado. El equipo ha fichado al ex campe\u00f3n de Europa Alexander Kristoff, procedente del UAE Team Emirates, as\u00ed como al talentoso corredor eritreo Biniam Ghirmay, procedente del Delko, justo antes de que se hiciera con el segundo puesto en la carrera en ruta del Campeonato del Mundo Sub23. Para que nadie se sorprenda, el cuatro veces ganador de la CG de las Grandes Vueltas, Vincenzo Nibali, regresa al Astana tras pasar cinco temporadas en otros equipos. Jakob Fuglsang dej\u00f3 el Astana para unirse al Israel Start-Up Nation, junto con Hugo Houle.<\/p>\n<p>Los frikis del ciclismo interesados en seguir todos los fichajes ciclistas para la temporada 2022 <a href=\"https:\/\/www.procyclingstats.com\/teams\/transfers\">deber\u00edan echar un vistazo aqu\u00ed.<\/a><\/p>\n","protected":false},"excerpt":{"rendered":"<p>Con el 2021 ciclista casi acabado ya empiezan a sonar los fichajes para la temporada 2022. Es la hora de [&hellip;]<\/p>\n","protected":false},"author":29,"featured_media":8268,"comment_status":"open","ping_status":"open","sticky":false,"template":"","format":"standard","meta":{"footnotes":""},"categories":[7],"tags":[2159],"global-categories":[],"class_list":["post-8259","post","type-post","status-publish","format-standard","has-post-thumbnail","hentry","category-carretera","tag-fichajes-ciclistas-2022"],"yoast_head":"<!-- This site is optimized with the Yoast SEO Premium plugin v25.3 (Yoast SEO v25.9) - https:\/\/yoast.com\/wordpress\/plugins\/seo\/ -->\n<title>Fichajes ciclistas para la temporada 2022 - \u0160koda We Love Cycling - Spain<\/title>\n<meta name=\"description\" content=\"Fichajes ciclistas para la temporada 2022. Los movimientos en el pelot\u00f3n. Sagan, Nibali, Almeida o Bennett cambian de equipo.\" \/>\n<meta name=\"robots\" content=\"index, follow, max-snippet:-1, max-image-preview:large, max-video-preview:-1\" \/>\n<link rel=\"canonical\" href=\"https:\/\/www.welovecycling.com\/es\/2021\/11\/03\/fichajes-ciclistas-temporada-2022\/\" \/>\n<meta property=\"og:locale\" content=\"es_ES\" \/>\n<meta property=\"og:type\" content=\"article\" \/>\n<meta property=\"og:title\" content=\"Fichajes ciclistas para la temporada 2022\" \/>\n<meta property=\"og:description\" content=\"Fichajes ciclistas para la temporada 2022. Los movimientos en el pelot\u00f3n. Sagan, Nibali, Almeida o Bennett cambian de equipo.\" \/>\n<meta property=\"og:url\" content=\"https:\/\/www.welovecycling.com\/es\/2021\/11\/03\/fichajes-ciclistas-temporada-2022\/\" \/>\n<meta property=\"og:site_name\" content=\"\u0160koda We Love Cycling - Spain\" \/>\n<meta property=\"article:published_time\" content=\"2021-11-03T15:48:59+00:00\" \/>\n<meta property=\"og:image\" content=\"https:\/\/d2p6e6u75xmxt8.cloudfront.net\/6\/2021\/10\/Tour-peloton-profimedia-0557231437-CVR.jpg\" \/>\n\t<meta property=\"og:image:width\" content=\"1366\" \/>\n\t<meta property=\"og:image:height\" content=\"600\" \/>\n\t<meta property=\"og:image:type\" content=\"image\/jpeg\" \/>\n<meta name=\"author\" content=\"We Love Cycling Spain\" \/>\n<meta name=\"twitter:card\" content=\"summary_large_image\" \/>\n<meta name=\"twitter:title\" content=\"Fichajes ciclistas para la temporada 2022\" \/>\n<meta name=\"twitter:description\" content=\"Fichajes ciclistas para la temporada 2022. Los movimientos en el pelot\u00f3n. Sagan, Nibali, Almeida o Bennett cambian de equipo.\" \/>\n<meta name=\"twitter:label1\" content=\"Written by\" \/>\n\t<meta name=\"twitter:data1\" content=\"Siegfried Mortkowitz\" \/>\n\t<meta name=\"twitter:label2\" content=\"Est. reading time\" \/>\n\t<meta name=\"twitter:data2\" content=\"5\" \/>\n<script type=\"application\/ld+json\" class=\"yoast-schema-graph\">{\"@context\":\"https:\/\/schema.org\",\"@graph\":[{\"@type\":\"WebPage\",\"@id\":\"https:\/\/www.welovecycling.com\/es\/2021\/11\/03\/fichajes-ciclistas-temporada-2022\/\",\"url\":\"https:\/\/www.welovecycling.com\/es\/2021\/11\/03\/fichajes-ciclistas-temporada-2022\/\",\"name\":\"Fichajes ciclistas para la temporada 2022 - \u0160koda We Love Cycling - Spain\",\"isPartOf\":{\"@id\":\"https:\/\/www.welovecycling.com\/es\/#website\"},\"primaryImageOfPage\":{\"@id\":\"https:\/\/www.welovecycling.com\/es\/2021\/11\/03\/fichajes-ciclistas-temporada-2022\/#primaryimage\"},\"image\":{\"@id\":\"https:\/\/www.welovecycling.com\/es\/2021\/11\/03\/fichajes-ciclistas-temporada-2022\/#primaryimage\"},\"thumbnailUrl\":\"https:\/\/d2p6e6u75xmxt8.cloudfront.net\/6\/2021\/10\/Tour-peloton-profimedia-0557231437-CVR.jpg\",\"datePublished\":\"2021-11-03T15:48:59+00:00\",\"author\":{\"@id\":\"https:\/\/www.welovecycling.com\/es\/#\/schema\/person\/deb61715b5812698ee79fb96f343ccd4\"},\"description\":\"Fichajes ciclistas para la temporada 2022. Los movimientos en el pelot\u00f3n. Sagan, Nibali, Almeida o Bennett cambian de equipo.\",\"breadcrumb\":{\"@id\":\"https:\/\/www.welovecycling.com\/es\/2021\/11\/03\/fichajes-ciclistas-temporada-2022\/#breadcrumb\"},\"inLanguage\":\"es-ES\",\"potentialAction\":[{\"@type\":\"ReadAction\",\"target\":[\"https:\/\/www.welovecycling.com\/es\/2021\/11\/03\/fichajes-ciclistas-temporada-2022\/\"]}]},{\"@type\":\"ImageObject\",\"inLanguage\":\"es-ES\",\"@id\":\"https:\/\/www.welovecycling.com\/es\/2021\/11\/03\/fichajes-ciclistas-temporada-2022\/#primaryimage\",\"url\":\"https:\/\/d2p6e6u75xmxt8.cloudfront.net\/6\/2021\/10\/Tour-peloton-profimedia-0557231437-CVR.jpg\",\"contentUrl\":\"https:\/\/d2p6e6u75xmxt8.cloudfront.net\/6\/2021\/10\/Tour-peloton-profimedia-0557231437-CVR.jpg\",\"width\":1366,\"height\":600},{\"@type\":\"BreadcrumbList\",\"@id\":\"https:\/\/www.welovecycling.com\/es\/2021\/11\/03\/fichajes-ciclistas-temporada-2022\/#breadcrumb\",\"itemListElement\":[{\"@type\":\"ListItem\",\"position\":1,\"name\":\"Home\",\"item\":\"https:\/\/www.welovecycling.com\/es\/\"},{\"@type\":\"ListItem\",\"position\":2,\"name\":\"Fichajes ciclistas para la temporada 2022\"}]},{\"@type\":\"WebSite\",\"@id\":\"https:\/\/www.welovecycling.com\/es\/#website\",\"url\":\"https:\/\/www.welovecycling.com\/es\/\",\"name\":\"\u0160koda We Love Cycling - Spain\",\"description\":\"\u0160koda WeLoveCycling Spain\",\"potentialAction\":[{\"@type\":\"SearchAction\",\"target\":{\"@type\":\"EntryPoint\",\"urlTemplate\":\"https:\/\/www.welovecycling.com\/es\/?s={search_term_string}\"},\"query-input\":{\"@type\":\"PropertyValueSpecification\",\"valueRequired\":true,\"valueName\":\"search_term_string\"}}],\"inLanguage\":\"es-ES\"},{\"@type\":\"Person\",\"@id\":\"https:\/\/www.welovecycling.com\/es\/#\/schema\/person\/deb61715b5812698ee79fb96f343ccd4\",\"name\":\"We Love Cycling Spain\",\"image\":{\"@type\":\"ImageObject\",\"inLanguage\":\"es-ES\",\"@id\":\"https:\/\/www.welovecycling.com\/es\/#\/schema\/person\/image\/\",\"url\":\"https:\/\/secure.gravatar.com\/avatar\/c824b04e6df0e37a03219d0b6481672889df542894588964102459e46513159c?s=96&d=mm&r=g\",\"contentUrl\":\"https:\/\/secure.gravatar.com\/avatar\/c824b04e6df0e37a03219d0b6481672889df542894588964102459e46513159c?s=96&d=mm&r=g\",\"caption\":\"We Love Cycling Spain\"},\"url\":\"https:\/\/www.welovecycling.com\/es\/author\/amunoz\/\"}]}<\/script>\n<!-- \/ Yoast SEO Premium plugin. -->","yoast_head_json":{"title":"Fichajes ciclistas para la temporada 2022 - \u0160koda We Love Cycling - Spain","description":"Fichajes ciclistas para la temporada 2022. Los movimientos en el pelot\u00f3n. Sagan, Nibali, Almeida o Bennett cambian de equipo.","robots":{"index":"index","follow":"follow","max-snippet":"max-snippet:-1","max-image-preview":"max-image-preview:large","max-video-preview":"max-video-preview:-1"},"canonical":"https:\/\/www.welovecycling.com\/es\/2021\/11\/03\/fichajes-ciclistas-temporada-2022\/","og_locale":"es_ES","og_type":"article","og_title":"Fichajes ciclistas para la temporada 2022","og_description":"Fichajes ciclistas para la temporada 2022. Los movimientos en el pelot\u00f3n. Sagan, Nibali, Almeida o Bennett cambian de equipo.","og_url":"https:\/\/www.welovecycling.com\/es\/2021\/11\/03\/fichajes-ciclistas-temporada-2022\/","og_site_name":"\u0160koda We Love Cycling - Spain","article_published_time":"2021-11-03T15:48:59+00:00","og_image":[{"width":1366,"height":600,"url":"https:\/\/d2p6e6u75xmxt8.cloudfront.net\/6\/2021\/10\/Tour-peloton-profimedia-0557231437-CVR.jpg","type":"image\/jpeg"}],"author":"We Love Cycling Spain","twitter_card":"summary_large_image","twitter_title":"Fichajes ciclistas para la temporada 2022","twitter_description":"Fichajes ciclistas para la temporada 2022. Los movimientos en el pelot\u00f3n. Sagan, Nibali, Almeida o Bennett cambian de equipo.","twitter_misc":{"Written by":"Siegfried Mortkowitz","Est. reading time":"5"},"schema":{"@context":"https:\/\/schema.org","@graph":[{"@type":"WebPage","@id":"https:\/\/www.welovecycling.com\/es\/2021\/11\/03\/fichajes-ciclistas-temporada-2022\/","url":"https:\/\/www.welovecycling.com\/es\/2021\/11\/03\/fichajes-ciclistas-temporada-2022\/","name":"Fichajes ciclistas para la temporada 2022 - \u0160koda We Love Cycling - Spain","isPartOf":{"@id":"https:\/\/www.welovecycling.com\/es\/#website"},"primaryImageOfPage":{"@id":"https:\/\/www.welovecycling.com\/es\/2021\/11\/03\/fichajes-ciclistas-temporada-2022\/#primaryimage"},"image":{"@id":"https:\/\/www.welovecycling.com\/es\/2021\/11\/03\/fichajes-ciclistas-temporada-2022\/#primaryimage"},"thumbnailUrl":"https:\/\/d2p6e6u75xmxt8.cloudfront.net\/6\/2021\/10\/Tour-peloton-profimedia-0557231437-CVR.jpg","datePublished":"2021-11-03T15:48:59+00:00","author":{"@id":"https:\/\/www.welovecycling.com\/es\/#\/schema\/person\/deb61715b5812698ee79fb96f343ccd4"},"description":"Fichajes ciclistas para la temporada 2022. Los movimientos en el pelot\u00f3n. Sagan, Nibali, Almeida o Bennett cambian de equipo.","breadcrumb":{"@id":"https:\/\/www.welovecycling.com\/es\/2021\/11\/03\/fichajes-ciclistas-temporada-2022\/#breadcrumb"},"inLanguage":"es-ES","potentialAction":[{"@type":"ReadAction","target":["https:\/\/www.welovecycling.com\/es\/2021\/11\/03\/fichajes-ciclistas-temporada-2022\/"]}]},{"@type":"ImageObject","inLanguage":"es-ES","@id":"https:\/\/www.welovecycling.com\/es\/2021\/11\/03\/fichajes-ciclistas-temporada-2022\/#primaryimage","url":"https:\/\/d2p6e6u75xmxt8.cloudfront.net\/6\/2021\/10\/Tour-peloton-profimedia-0557231437-CVR.jpg","contentUrl":"https:\/\/d2p6e6u75xmxt8.cloudfront.net\/6\/2021\/10\/Tour-peloton-profimedia-0557231437-CVR.jpg","width":1366,"height":600},{"@type":"BreadcrumbList","@id":"https:\/\/www.welovecycling.com\/es\/2021\/11\/03\/fichajes-ciclistas-temporada-2022\/#breadcrumb","itemListElement":[{"@type":"ListItem","position":1,"name":"Home","item":"https:\/\/www.welovecycling.com\/es\/"},{"@type":"ListItem","position":2,"name":"Fichajes ciclistas para la temporada 2022"}]},{"@type":"WebSite","@id":"https:\/\/www.welovecycling.com\/es\/#website","url":"https:\/\/www.welovecycling.com\/es\/","name":"\u0160koda We Love Cycling - Spain","description":"\u0160koda WeLoveCycling Spain","potentialAction":[{"@type":"SearchAction","target":{"@type":"EntryPoint","urlTemplate":"https:\/\/www.welovecycling.com\/es\/?s={search_term_string}"},"query-input":{"@type":"PropertyValueSpecification","valueRequired":true,"valueName":"search_term_string"}}],"inLanguage":"es-ES"},{"@type":"Person","@id":"https:\/\/www.welovecycling.com\/es\/#\/schema\/person\/deb61715b5812698ee79fb96f343ccd4","name":"We Love Cycling Spain","image":{"@type":"ImageObject","inLanguage":"es-ES","@id":"https:\/\/www.welovecycling.com\/es\/#\/schema\/person\/image\/","url":"https:\/\/secure.gravatar.com\/avatar\/c824b04e6df0e37a03219d0b6481672889df542894588964102459e46513159c?s=96&d=mm&r=g","contentUrl":"https:\/\/secure.gravatar.com\/avatar\/c824b04e6df0e37a03219d0b6481672889df542894588964102459e46513159c?s=96&d=mm&r=g","caption":"We Love Cycling Spain"},"url":"https:\/\/www.welovecycling.com\/es\/author\/amunoz\/"}]}},"_links":{"self":[{"href":"https:\/\/www.welovecycling.com\/es\/wp-json\/wp\/v2\/posts\/8259","targetHints":{"allow":["GET"]}}],"collection":[{"href":"https:\/\/www.welovecycling.com\/es\/wp-json\/wp\/v2\/posts"}],"about":[{"href":"https:\/\/www.welovecycling.com\/es\/wp-json\/wp\/v2\/types\/post"}],"author":[{"embeddable":true,"href":"https:\/\/www.welovecycling.com\/es\/wp-json\/wp\/v2\/users\/29"}],"replies":[{"embeddable":true,"href":"https:\/\/www.welovecycling.com\/es\/wp-json\/wp\/v2\/comments?post=8259"}],"version-history":[{"count":2,"href":"https:\/\/www.welovecycling.com\/es\/wp-json\/wp\/v2\/posts\/8259\/revisions"}],"predecessor-version":[{"id":8271,"href":"https:\/\/www.welovecycling.com\/es\/wp-json\/wp\/v2\/posts\/8259\/revisions\/8271"}],"wp:featuredmedia":[{"embeddable":true,"href":"https:\/\/www.welovecycling.com\/es\/wp-json\/wp\/v2\/media\/8268"}],"wp:attachment":[{"href":"https:\/\/www.welovecycling.com\/es\/wp-json\/wp\/v2\/media?parent=8259"}],"wp:term":[{"taxonomy":"category","embeddable":true,"href":"https:\/\/www.welovecycling.com\/es\/wp-json\/wp\/v2\/categories?post=8259"},{"taxonomy":"post_tag","embeddable":true,"href":"https:\/\/www.welovecycling.com\/es\/wp-json\/wp\/v2\/tags?post=8259"},{"taxonomy":"global-categories","embeddable":true,"href":"https:\/\/www.welovecycling.com\/es\/wp-json\/wp\/v2\/global-categories?post=8259"}],"curies":[{"name":"wp","href":"https:\/\/api.w.org\/{rel}","templated":true}]}}