{"id":8258,"date":"2021-10-24T18:41:56","date_gmt":"2021-10-24T16:41:56","guid":{"rendered":"https:\/\/www.welovecycling.com\/es\/?p=8258"},"modified":"2021-10-21T20:48:27","modified_gmt":"2021-10-21T18:48:27","slug":"retirarte-de-una-cicloturista","status":"publish","type":"post","link":"https:\/\/www.welovecycling.com\/es\/2021\/10\/24\/retirarte-de-una-cicloturista\/","title":{"rendered":"\u00bfCu\u00e1ndo deber\u00edas retirarte de una cicloturista o carrera?"},"content":{"rendered":"<p><strong>Nunca es una buena situaci\u00f3n cuando tienes que empezar a preguntarte si continuar o retirarte de una cicloturista o carrera. Pero a veces es necesario. Aunque te sientas preparado antes del evento, hay muchos factores que escapan a tu control.<\/strong><\/p>\n<p><!--more--><\/p>\n<p>Es mejor pensar en retirarte de una cicloturista o carrera antes de estar en una situaci\u00f3n dif\u00edcil. Veamos las razones a favor y en contra.<\/p>\n<p>A menudo celebramos a los que superan las terribles probabilidades y perseveran a pesar de la mala suerte y las p\u00e9simas condiciones. Aunque la perseverancia es importante en los <a href=\"https:\/\/www.welovecycling.com\/es\/2018\/06\/21\/organizarme-una-marcha-cicloturista-sin-estres\/\">entrenamientos y las carreras<\/a>, deber\u00edas tener un l\u00edmite saludable. Ponerse a uno mismo y a los dem\u00e1s en peligro no merece la pena. As\u00ed que vamos a hablar de c\u00f3mo tomar buenas decisiones en esos d\u00edas malos.<\/p>\n<figure id=\"attachment_8260\" aria-describedby=\"caption-attachment-8260\" style=\"width: 1000px\" class=\"wp-caption alignnone\"><a href=\"https:\/\/d2p6e6u75xmxt8.cloudfront.net\/6\/2021\/10\/Amateur-race-profimedia-0555421729.jpg\"><img loading=\"lazy\" decoding=\"async\" class=\"wp-image-8260 size-full\" src=\"https:\/\/d2p6e6u75xmxt8.cloudfront.net\/6\/2021\/10\/Amateur-race-profimedia-0555421729.jpg\" alt=\"Amateur race\" width=\"1000\" height=\"666\" srcset=\"https:\/\/d2p6e6u75xmxt8.cloudfront.net\/6\/2021\/10\/Amateur-race-profimedia-0555421729.jpg 1000w, https:\/\/d2p6e6u75xmxt8.cloudfront.net\/6\/2021\/10\/Amateur-race-profimedia-0555421729-300x200.jpg 300w, https:\/\/d2p6e6u75xmxt8.cloudfront.net\/6\/2021\/10\/Amateur-race-profimedia-0555421729-768x511.jpg 768w, https:\/\/d2p6e6u75xmxt8.cloudfront.net\/6\/2021\/10\/Amateur-race-profimedia-0555421729-272x182.jpg 272w\" sizes=\"auto, (max-width: 1000px) 100vw, 1000px\" \/><\/a><figcaption id=\"caption-attachment-8260\" class=\"wp-caption-text\">\u00bfCu\u00e1ndo es bueno retirarse de una ciclotuirsta \u00a9 Profimedia<\/figcaption><\/figure>\n<h2><strong><br \/>\nPlanificaci\u00f3n<\/strong><\/h2>\n<p>La preparaci\u00f3n es clave si quieres reducir la probabilidad de un mal escenario. Desarrollar una <a href=\"https:\/\/www.welovecycling.com\/wide\/2018\/01\/26\/water-biking-trend-floods-us-fitness-studios\/\">excelente forma f\u00edsica<\/a> es una de las mejores maneras de prepararse porque aumenta tu capacidad para absorber la adversidad. Sin embargo, no puedes olvidar el aspecto mec\u00e1nico del ciclismo.<\/p>\n<p>Aseg\u00farate de llevar suficiente equipo que pueda sacarte de apuros. Piensa en art\u00edculos como una multiherramienta, una bomba, una c\u00e1mara de aire, un juego de pastillas de freno, un juego de calas, as\u00ed como cables de freno y desviador. Dependiendo del tipo de carrera en la que participes, quiz\u00e1 quieras a\u00f1adir un chubasquero, un gorro y unos guantes calientes.<\/p>\n<h2><strong>Ensaya tus respuestas<\/strong><\/h2>\n<p>Intenta pensar en todos los malos escenarios que pueden ocurrir o te han ocurrido en el pasado y repasa mentalmente lo que har\u00edas para paliarlos.<\/p>\n<p>Por ejemplo, si te quedas sin agua en un d\u00eda caluroso. \u00bfPodr\u00e1s beber de un arroyo? \u00bfLlevar\u00e1s un filtro de agua? \u00bfPodr\u00e1s pedir agua a otros ciclistas? \u00bfPodr\u00e1s empapar tu ropa para refrescarse y retrasar el proceso de deshidrataci\u00f3n? Repasar estas cuestiones antes de la carrera puede ser muy valioso.<\/p>\n<h2><strong>\u00bfMerece la pena arriesgarse?<\/strong><\/h2>\n<p>La mayor\u00eda de los ciclistas aficionados compiten por diversi\u00f3n y para alcanzar sus <a href=\"https:\/\/www.welovecycling.com\/es\/2021\/01\/02\/objetivos-ciclistas-para-2021\/\">objetivos personales<\/a>. Eso significa que los riesgos que asumen tienen que ser adecuados a la situaci\u00f3n. Los profesionales que tienen que rendir para mantener sus contratos probablemente estar\u00e1n dispuestos a arriesgar m\u00e1s. Pero los entusiastas del ciclismo deber\u00edamos dar por terminado el d\u00eda cuando continuar significar\u00eda acabar en una tienda de campa\u00f1a m\u00e9dica.<\/p>\n<figure id=\"attachment_8263\" aria-describedby=\"caption-attachment-8263\" style=\"width: 1000px\" class=\"wp-caption alignnone\"><a href=\"https:\/\/d2p6e6u75xmxt8.cloudfront.net\/6\/2021\/10\/Amateur-race-Santander-profimedia-0531100979.jpg\"><img loading=\"lazy\" decoding=\"async\" class=\"wp-image-8263 size-full\" src=\"https:\/\/d2p6e6u75xmxt8.cloudfront.net\/6\/2021\/10\/Amateur-race-Santander-profimedia-0531100979.jpg\" alt=\"Cycling race\" width=\"1000\" height=\"666\" srcset=\"https:\/\/d2p6e6u75xmxt8.cloudfront.net\/6\/2021\/10\/Amateur-race-Santander-profimedia-0531100979.jpg 1000w, https:\/\/d2p6e6u75xmxt8.cloudfront.net\/6\/2021\/10\/Amateur-race-Santander-profimedia-0531100979-300x200.jpg 300w, https:\/\/d2p6e6u75xmxt8.cloudfront.net\/6\/2021\/10\/Amateur-race-Santander-profimedia-0531100979-768x511.jpg 768w, https:\/\/d2p6e6u75xmxt8.cloudfront.net\/6\/2021\/10\/Amateur-race-Santander-profimedia-0531100979-272x182.jpg 272w\" sizes=\"auto, (max-width: 1000px) 100vw, 1000px\" \/><\/a><figcaption id=\"caption-attachment-8263\" class=\"wp-caption-text\">Ensaya tus respuestas. \u00a9 Profimedia<\/figcaption><\/figure>\n<p>&nbsp;<\/p>\n<h2><strong>Razones para retirarse<\/strong><\/h2>\n<p>Incluso con una buena preparaci\u00f3n, entrenamiento y prioridades establecidas, puede que te encuentres en una situaci\u00f3n en la que no est\u00e9s seguro de si abandonar es lo correcto. Intenta hacerte las siguientes preguntas:<\/p>\n<p><strong>\u00bfEst\u00e1s en peligro o s\u00f3lo te sientes inc\u00f3modo?<\/strong> Si sufres una ca\u00edda y muestras signos de conmoci\u00f3n cerebral o un hueso roto, est\u00e1s en verdadero peligro. Si est\u00e1s agotado hasta el punto de estar desorientado y descoordinado, est\u00e1s en peligro. Por otro lado, rodar con algunos rasgu\u00f1os o empapado por una lluvia inesperada puede ser muy inc\u00f3modo, pero no necesariamente peligroso.<br \/>\n<strong>\u00bfTienes el equipo adecuado para continuar con seguridad?<\/strong> Si el tiempo se est\u00e1 volviendo muy fr\u00edo y no tienes la ropa adecuada y todav\u00eda queda mucho camino por recorrer, puedes estar poniendo en riesgo tu salud. Con el equipo adecuado puede ser s\u00f3lo inc\u00f3modo, no peligroso.<br \/>\n<strong>\u00bfEres capaz de seguir comiendo y bebiendo para continuar con seguridad?<\/strong> Si tienes n\u00e1useas hasta el punto de no poder consumir calor\u00edas o retener l\u00edquidos, podr\u00edas estar en peligro. Si no hay dolores bruscos, puedes considerar parar o reducir la velocidad de forma significativa para dar tiempo a tu digesti\u00f3n a recuperarse. Si eso no es una opci\u00f3n, o si sigues vomitando, es el momento de dejarlo y mantenerte a salvo.<br \/>\n<strong>\u00bfPondr\u00e1s en peligro a los dem\u00e1s si contin\u00faas?<\/strong> Todas las carreras de renombre tendr\u00e1n personal de emergencia listo para ayudarte si algo va mal. Pero si llegas a un punto en el que crees que podr\u00edas necesitar ayuda si contin\u00faas, tienes que parar. No le quites la ayuda a alguien que podr\u00eda necesitarla por razones ajenas a su voluntad.<\/p>\n<p>Hay muchas situaciones en las que abandonar una carrera es realmente la opci\u00f3n correcta. No tengas miedo de hacerlo cuando llegue el d\u00eda. Pero hasta entonces, haz lo posible por prepararte y evitar esos d\u00edas malos lo mejor que puedas.<\/p>\n","protected":false},"excerpt":{"rendered":"<p>Nunca es una buena situaci\u00f3n cuando tienes que empezar a preguntarte si continuar o retirarte de una cicloturista o carrera. [&hellip;]<\/p>\n","protected":false},"author":29,"featured_media":8266,"comment_status":"open","ping_status":"open","sticky":false,"template":"","format":"standard","meta":{"footnotes":""},"categories":[7,9],"tags":[],"global-categories":[],"class_list":["post-8258","post","type-post","status-publish","format-standard","has-post-thumbnail","hentry","category-carretera","category-mtb-aventura"],"yoast_head":"<!-- This site is optimized with the Yoast SEO Premium plugin v25.3 (Yoast SEO v25.9) - https:\/\/yoast.com\/wordpress\/plugins\/seo\/ -->\n<title>\u00bfCu\u00e1ndo deber\u00edas retirarte de una cicloturista o carrera?<\/title>\n<meta name=\"description\" content=\"\u00bfCu\u00e1ndo deber\u00edas retirarte de una cicloturista o carrera? Los motivos por los que no merecer\u00eda la pena seguir participando en una marcha\" \/>\n<meta name=\"robots\" content=\"index, follow, max-snippet:-1, max-image-preview:large, max-video-preview:-1\" \/>\n<link rel=\"canonical\" href=\"https:\/\/www.welovecycling.com\/es\/2021\/10\/24\/retirarte-de-una-cicloturista\/\" \/>\n<meta property=\"og:locale\" content=\"es_ES\" \/>\n<meta property=\"og:type\" content=\"article\" \/>\n<meta property=\"og:title\" content=\"\u00bfCu\u00e1ndo deber\u00edas retirarte de una cicloturista o carrera?\" \/>\n<meta property=\"og:description\" content=\"\u00bfCu\u00e1ndo deber\u00edas retirarte de una cicloturista o carrera? Los motivos por los que no merecer\u00eda la pena seguir participando en una marcha\" \/>\n<meta property=\"og:url\" content=\"https:\/\/www.welovecycling.com\/es\/2021\/10\/24\/retirarte-de-una-cicloturista\/\" \/>\n<meta property=\"og:site_name\" content=\"\u0160koda We Love Cycling - Spain\" \/>\n<meta property=\"article:published_time\" content=\"2021-10-24T16:41:56+00:00\" \/>\n<meta property=\"og:image\" content=\"https:\/\/d2p6e6u75xmxt8.cloudfront.net\/6\/2021\/10\/Amateur-cycling-race-profimedia-0467167700-CVR.jpg\" \/>\n\t<meta property=\"og:image:width\" content=\"1366\" \/>\n\t<meta property=\"og:image:height\" content=\"600\" \/>\n\t<meta property=\"og:image:type\" content=\"image\/jpeg\" \/>\n<meta name=\"author\" content=\"We Love Cycling Spain\" \/>\n<meta name=\"twitter:card\" content=\"summary_large_image\" \/>\n<meta name=\"twitter:title\" content=\"\u00bfCu\u00e1ndo deber\u00edas retirarte de una cicloturista o carrera?\" \/>\n<meta name=\"twitter:description\" content=\"\u00bfCu\u00e1ndo deber\u00edas retirarte de una cicloturista o carrera? Los motivos por los que no merecer\u00eda la pena seguir participando en una marcha\" \/>\n<meta name=\"twitter:label1\" content=\"Written by\" \/>\n\t<meta name=\"twitter:data1\" content=\"Jiri Kaloc\" \/>\n\t<meta name=\"twitter:label2\" content=\"Est. reading time\" \/>\n\t<meta name=\"twitter:data2\" content=\"5\" \/>\n<script type=\"application\/ld+json\" class=\"yoast-schema-graph\">{\"@context\":\"https:\/\/schema.org\",\"@graph\":[{\"@type\":\"WebPage\",\"@id\":\"https:\/\/www.welovecycling.com\/es\/2021\/10\/24\/retirarte-de-una-cicloturista\/\",\"url\":\"https:\/\/www.welovecycling.com\/es\/2021\/10\/24\/retirarte-de-una-cicloturista\/\",\"name\":\"\u00bfCu\u00e1ndo deber\u00edas retirarte de una cicloturista o carrera?\",\"isPartOf\":{\"@id\":\"https:\/\/www.welovecycling.com\/es\/#website\"},\"primaryImageOfPage\":{\"@id\":\"https:\/\/www.welovecycling.com\/es\/2021\/10\/24\/retirarte-de-una-cicloturista\/#primaryimage\"},\"image\":{\"@id\":\"https:\/\/www.welovecycling.com\/es\/2021\/10\/24\/retirarte-de-una-cicloturista\/#primaryimage\"},\"thumbnailUrl\":\"https:\/\/d2p6e6u75xmxt8.cloudfront.net\/6\/2021\/10\/Amateur-cycling-race-profimedia-0467167700-CVR.jpg\",\"datePublished\":\"2021-10-24T16:41:56+00:00\",\"author\":{\"@id\":\"https:\/\/www.welovecycling.com\/es\/#\/schema\/person\/deb61715b5812698ee79fb96f343ccd4\"},\"description\":\"\u00bfCu\u00e1ndo deber\u00edas retirarte de una cicloturista o carrera? Los motivos por los que no merecer\u00eda la pena seguir participando en una marcha\",\"breadcrumb\":{\"@id\":\"https:\/\/www.welovecycling.com\/es\/2021\/10\/24\/retirarte-de-una-cicloturista\/#breadcrumb\"},\"inLanguage\":\"es-ES\",\"potentialAction\":[{\"@type\":\"ReadAction\",\"target\":[\"https:\/\/www.welovecycling.com\/es\/2021\/10\/24\/retirarte-de-una-cicloturista\/\"]}]},{\"@type\":\"ImageObject\",\"inLanguage\":\"es-ES\",\"@id\":\"https:\/\/www.welovecycling.com\/es\/2021\/10\/24\/retirarte-de-una-cicloturista\/#primaryimage\",\"url\":\"https:\/\/d2p6e6u75xmxt8.cloudfront.net\/6\/2021\/10\/Amateur-cycling-race-profimedia-0467167700-CVR.jpg\",\"contentUrl\":\"https:\/\/d2p6e6u75xmxt8.cloudfront.net\/6\/2021\/10\/Amateur-cycling-race-profimedia-0467167700-CVR.jpg\",\"width\":1366,\"height\":600,\"caption\":\"Amateur cycling race\"},{\"@type\":\"BreadcrumbList\",\"@id\":\"https:\/\/www.welovecycling.com\/es\/2021\/10\/24\/retirarte-de-una-cicloturista\/#breadcrumb\",\"itemListElement\":[{\"@type\":\"ListItem\",\"position\":1,\"name\":\"Home\",\"item\":\"https:\/\/www.welovecycling.com\/es\/\"},{\"@type\":\"ListItem\",\"position\":2,\"name\":\"\u00bfCu\u00e1ndo deber\u00edas retirarte de una cicloturista o carrera?\"}]},{\"@type\":\"WebSite\",\"@id\":\"https:\/\/www.welovecycling.com\/es\/#website\",\"url\":\"https:\/\/www.welovecycling.com\/es\/\",\"name\":\"\u0160koda We Love Cycling - Spain\",\"description\":\"\u0160koda WeLoveCycling Spain\",\"potentialAction\":[{\"@type\":\"SearchAction\",\"target\":{\"@type\":\"EntryPoint\",\"urlTemplate\":\"https:\/\/www.welovecycling.com\/es\/?s={search_term_string}\"},\"query-input\":{\"@type\":\"PropertyValueSpecification\",\"valueRequired\":true,\"valueName\":\"search_term_string\"}}],\"inLanguage\":\"es-ES\"},{\"@type\":\"Person\",\"@id\":\"https:\/\/www.welovecycling.com\/es\/#\/schema\/person\/deb61715b5812698ee79fb96f343ccd4\",\"name\":\"We Love Cycling Spain\",\"image\":{\"@type\":\"ImageObject\",\"inLanguage\":\"es-ES\",\"@id\":\"https:\/\/www.welovecycling.com\/es\/#\/schema\/person\/image\/\",\"url\":\"https:\/\/secure.gravatar.com\/avatar\/c824b04e6df0e37a03219d0b6481672889df542894588964102459e46513159c?s=96&d=mm&r=g\",\"contentUrl\":\"https:\/\/secure.gravatar.com\/avatar\/c824b04e6df0e37a03219d0b6481672889df542894588964102459e46513159c?s=96&d=mm&r=g\",\"caption\":\"We Love Cycling Spain\"},\"url\":\"https:\/\/www.welovecycling.com\/es\/author\/amunoz\/\"}]}<\/script>\n<!-- \/ Yoast SEO Premium plugin. -->","yoast_head_json":{"title":"\u00bfCu\u00e1ndo deber\u00edas retirarte de una cicloturista o carrera?","description":"\u00bfCu\u00e1ndo deber\u00edas retirarte de una cicloturista o carrera? Los motivos por los que no merecer\u00eda la pena seguir participando en una marcha","robots":{"index":"index","follow":"follow","max-snippet":"max-snippet:-1","max-image-preview":"max-image-preview:large","max-video-preview":"max-video-preview:-1"},"canonical":"https:\/\/www.welovecycling.com\/es\/2021\/10\/24\/retirarte-de-una-cicloturista\/","og_locale":"es_ES","og_type":"article","og_title":"\u00bfCu\u00e1ndo deber\u00edas retirarte de una cicloturista o carrera?","og_description":"\u00bfCu\u00e1ndo deber\u00edas retirarte de una cicloturista o carrera? Los motivos por los que no merecer\u00eda la pena seguir participando en una marcha","og_url":"https:\/\/www.welovecycling.com\/es\/2021\/10\/24\/retirarte-de-una-cicloturista\/","og_site_name":"\u0160koda We Love Cycling - Spain","article_published_time":"2021-10-24T16:41:56+00:00","og_image":[{"width":1366,"height":600,"url":"https:\/\/d2p6e6u75xmxt8.cloudfront.net\/6\/2021\/10\/Amateur-cycling-race-profimedia-0467167700-CVR.jpg","type":"image\/jpeg"}],"author":"We Love Cycling Spain","twitter_card":"summary_large_image","twitter_title":"\u00bfCu\u00e1ndo deber\u00edas retirarte de una cicloturista o carrera?","twitter_description":"\u00bfCu\u00e1ndo deber\u00edas retirarte de una cicloturista o carrera? Los motivos por los que no merecer\u00eda la pena seguir participando en una marcha","twitter_misc":{"Written by":"Jiri Kaloc","Est. reading time":"5"},"schema":{"@context":"https:\/\/schema.org","@graph":[{"@type":"WebPage","@id":"https:\/\/www.welovecycling.com\/es\/2021\/10\/24\/retirarte-de-una-cicloturista\/","url":"https:\/\/www.welovecycling.com\/es\/2021\/10\/24\/retirarte-de-una-cicloturista\/","name":"\u00bfCu\u00e1ndo deber\u00edas retirarte de una cicloturista o carrera?","isPartOf":{"@id":"https:\/\/www.welovecycling.com\/es\/#website"},"primaryImageOfPage":{"@id":"https:\/\/www.welovecycling.com\/es\/2021\/10\/24\/retirarte-de-una-cicloturista\/#primaryimage"},"image":{"@id":"https:\/\/www.welovecycling.com\/es\/2021\/10\/24\/retirarte-de-una-cicloturista\/#primaryimage"},"thumbnailUrl":"https:\/\/d2p6e6u75xmxt8.cloudfront.net\/6\/2021\/10\/Amateur-cycling-race-profimedia-0467167700-CVR.jpg","datePublished":"2021-10-24T16:41:56+00:00","author":{"@id":"https:\/\/www.welovecycling.com\/es\/#\/schema\/person\/deb61715b5812698ee79fb96f343ccd4"},"description":"\u00bfCu\u00e1ndo deber\u00edas retirarte de una cicloturista o carrera? Los motivos por los que no merecer\u00eda la pena seguir participando en una marcha","breadcrumb":{"@id":"https:\/\/www.welovecycling.com\/es\/2021\/10\/24\/retirarte-de-una-cicloturista\/#breadcrumb"},"inLanguage":"es-ES","potentialAction":[{"@type":"ReadAction","target":["https:\/\/www.welovecycling.com\/es\/2021\/10\/24\/retirarte-de-una-cicloturista\/"]}]},{"@type":"ImageObject","inLanguage":"es-ES","@id":"https:\/\/www.welovecycling.com\/es\/2021\/10\/24\/retirarte-de-una-cicloturista\/#primaryimage","url":"https:\/\/d2p6e6u75xmxt8.cloudfront.net\/6\/2021\/10\/Amateur-cycling-race-profimedia-0467167700-CVR.jpg","contentUrl":"https:\/\/d2p6e6u75xmxt8.cloudfront.net\/6\/2021\/10\/Amateur-cycling-race-profimedia-0467167700-CVR.jpg","width":1366,"height":600,"caption":"Amateur cycling race"},{"@type":"BreadcrumbList","@id":"https:\/\/www.welovecycling.com\/es\/2021\/10\/24\/retirarte-de-una-cicloturista\/#breadcrumb","itemListElement":[{"@type":"ListItem","position":1,"name":"Home","item":"https:\/\/www.welovecycling.com\/es\/"},{"@type":"ListItem","position":2,"name":"\u00bfCu\u00e1ndo deber\u00edas retirarte de una cicloturista o carrera?"}]},{"@type":"WebSite","@id":"https:\/\/www.welovecycling.com\/es\/#website","url":"https:\/\/www.welovecycling.com\/es\/","name":"\u0160koda We Love Cycling - Spain","description":"\u0160koda WeLoveCycling Spain","potentialAction":[{"@type":"SearchAction","target":{"@type":"EntryPoint","urlTemplate":"https:\/\/www.welovecycling.com\/es\/?s={search_term_string}"},"query-input":{"@type":"PropertyValueSpecification","valueRequired":true,"valueName":"search_term_string"}}],"inLanguage":"es-ES"},{"@type":"Person","@id":"https:\/\/www.welovecycling.com\/es\/#\/schema\/person\/deb61715b5812698ee79fb96f343ccd4","name":"We Love Cycling Spain","image":{"@type":"ImageObject","inLanguage":"es-ES","@id":"https:\/\/www.welovecycling.com\/es\/#\/schema\/person\/image\/","url":"https:\/\/secure.gravatar.com\/avatar\/c824b04e6df0e37a03219d0b6481672889df542894588964102459e46513159c?s=96&d=mm&r=g","contentUrl":"https:\/\/secure.gravatar.com\/avatar\/c824b04e6df0e37a03219d0b6481672889df542894588964102459e46513159c?s=96&d=mm&r=g","caption":"We Love Cycling Spain"},"url":"https:\/\/www.welovecycling.com\/es\/author\/amunoz\/"}]}},"_links":{"self":[{"href":"https:\/\/www.welovecycling.com\/es\/wp-json\/wp\/v2\/posts\/8258","targetHints":{"allow":["GET"]}}],"collection":[{"href":"https:\/\/www.welovecycling.com\/es\/wp-json\/wp\/v2\/posts"}],"about":[{"href":"https:\/\/www.welovecycling.com\/es\/wp-json\/wp\/v2\/types\/post"}],"author":[{"embeddable":true,"href":"https:\/\/www.welovecycling.com\/es\/wp-json\/wp\/v2\/users\/29"}],"replies":[{"embeddable":true,"href":"https:\/\/www.welovecycling.com\/es\/wp-json\/wp\/v2\/comments?post=8258"}],"version-history":[{"count":2,"href":"https:\/\/www.welovecycling.com\/es\/wp-json\/wp\/v2\/posts\/8258\/revisions"}],"predecessor-version":[{"id":8270,"href":"https:\/\/www.welovecycling.com\/es\/wp-json\/wp\/v2\/posts\/8258\/revisions\/8270"}],"wp:featuredmedia":[{"embeddable":true,"href":"https:\/\/www.welovecycling.com\/es\/wp-json\/wp\/v2\/media\/8266"}],"wp:attachment":[{"href":"https:\/\/www.welovecycling.com\/es\/wp-json\/wp\/v2\/media?parent=8258"}],"wp:term":[{"taxonomy":"category","embeddable":true,"href":"https:\/\/www.welovecycling.com\/es\/wp-json\/wp\/v2\/categories?post=8258"},{"taxonomy":"post_tag","embeddable":true,"href":"https:\/\/www.welovecycling.com\/es\/wp-json\/wp\/v2\/tags?post=8258"},{"taxonomy":"global-categories","embeddable":true,"href":"https:\/\/www.welovecycling.com\/es\/wp-json\/wp\/v2\/global-categories?post=8258"}],"curies":[{"name":"wp","href":"https:\/\/api.w.org\/{rel}","templated":true}]}}