{"id":8232,"date":"2021-10-14T13:47:25","date_gmt":"2021-10-14T11:47:25","guid":{"rendered":"https:\/\/www.welovecycling.com\/es\/?p=8232"},"modified":"2021-10-14T13:47:25","modified_gmt":"2021-10-14T11:47:25","slug":"tour-de-francia-2022","status":"publish","type":"post","link":"https:\/\/www.welovecycling.com\/es\/2021\/10\/14\/tour-de-francia-2022\/","title":{"rendered":"Un Tour de Francia 2022 que recupera tradiciones, bueno, algunas"},"content":{"rendered":"<p><strong>El Tour de Francia 2022 vuelve a los cauces de los a\u00f1os 90 y principios de este siglo XXI (ojo como suena esto de viejuno, verdad). Recupera el pr\u00f3logo, eso que ganaba siempre Thierry Marie, los adoquines de Roubaix, los repechos belgas, el Alpe d&#8217;Huez desde de Galibier y Croix de Fer, Aubisque, Hautacam (alfa y omega de Indurain) y la crono llana. Bueno esto \u00faltimo no tanto, pero si lo comparamos con las \u00faltimas ediciones 40 kil\u00f3metros de crono llana ya es mucho. Tambi\u00e9n el Tour Femenino, que ya se disputaba en los 80, y la cicloturista del Tour, que en 2020 y 2021 se qued\u00f3 celebrarse por carreteras francesas (aunque en Espa\u00f1a se hayan hecho dos <a href=\"https:\/\/www.welovecycling.com\/es\/2021\/07\/26\/etape-tour-madrid\/\">Etape du Tour, Madrid y Granada<\/a>)<\/strong><\/p>\n<p><!--more--><\/p>\n<p>Esta vez el Tour se present\u00f3 con bombo y platillos y no como en 2020, el mismo d\u00eda que se disputaba la etapa del Angliru de La Vuelta. Del recorrido ya se sab\u00eda que para 2022 iba a salir de Dinamarca, recuperando los planes que frustr\u00f3 la pandemia para 2021, y que recuperaba sus fechas originales, primer fin de semana de julio. Ser\u00e1 del 1 al 24 de julio, esta vez ya sin Juegos Ol\u00edmpicos que obliguen a adelantarlo a junio y a cambiar las vacaciones de los franceses. Que otra cosa no, pero son muy de tradiciones, aunque se est\u00e9n viendo obligados a cambiarlas.<\/p>\n<p>Hasta hace no mucho era f\u00e1cil vaticinar por donde iba a ir el Tour. Un a\u00f1o en el sentido de las agujas del reloj por el hex\u00e1gono franc\u00e9s. Alpes &#8216;lights&#8217; primero y Pirineos &#8216;heavys&#8217; despu\u00e9s, para entendernos, y otro al siguiente rotando al rev\u00e9s. Con un paso por los Pirineos tranquilo, no tanto como aquel Tour del 92 que empez\u00f3 en San Sebastian y que se los ventilaron en un d\u00eda, y traca final en los Alpes con etapas de esas de m\u00e1s de 200 kil\u00f3metros y 5.500 metros de desnivel. Vamos, que los puertos te sal\u00edan solos. <strong>Croix de Fer, Galibier y Alpe d\u00b4Huez fijo.<\/strong> Y luego a ver que hab\u00eda m\u00e1s por all\u00ed alrededor para complicar el asunto.<\/p>\n<div class=\"embed-controller-wrapper\">\n<blockquote class=\"twitter-tweet\" data-width=\"500\" data-dnt=\"true\">\n<p lang=\"fr\" dir=\"ltr\">The  <a href=\"https:\/\/twitter.com\/hashtag\/TDF2022?src=hash&amp;ref_src=twsrc%5Etfw\">#TDF2022<\/a>: <br \/>\ud83d\udea9 3,328 km<br \/>\u26f0 29 2nd, 1st or HC cols<br \/>6 Mountain stages<br \/>5 altitude finishes<\/p>\n<p>Le <a href=\"https:\/\/twitter.com\/hashtag\/TDF2022?src=hash&amp;ref_src=twsrc%5Etfw\">#TDF2022<\/a> en r\u00e9sum\u00e9 : <br \/>\ud83d\udea9 3 328 km<br \/>\u26f0 23 cols de 2\u00e8me, 1\u00e8re ou Hors Cat\u00e9gorie<br \/>6 \u00e9tapes de montagne<br \/>5 arriv\u00e9es en altitude <a href=\"https:\/\/t.co\/mhpWjnrynb\">pic.twitter.com\/mhpWjnrynb<\/a><\/p>\n<p>&mdash; Tour de France\u2122 (@LeTour) <a href=\"https:\/\/twitter.com\/LeTour\/status\/1448605057252052995?ref_src=twsrc%5Etfw\">October 14, 2021<\/a><\/p><\/blockquote>\n<p><script async data-src=\"https:\/\/platform.twitter.com\/widgets.js\" charset=\"utf-8\"><\/script><\/div>\n<p>Ahora el giro alrededor de Francia depende tambi\u00e9n de los <strong>acuerdos econ\u00f3micos de la Grand Depart<\/strong>. Que eso vale una pasta saben. El Tour est\u00e1 incluso dispuesto a empezar un viernes 1 julio y hacer tres d\u00edas de descanso, el primero el lunes 4 de julio para trasladar toda la caravana de <strong>Dinamarca a Dunkerque<\/strong> Y a que al a\u00f1o siguiente, en 2023, vuelva a empezar fuera del hex\u00e1gono, en Bilbao para m\u00e1s detalles. Pero para eso queda todav\u00eda mucho.<\/p>\n<p>Con el pr\u00f3logo de<strong> 13 kil\u00f3metros por las calles de Copenhague<\/strong>, totalmente plano, claro, porque all\u00ed todo es plano, el Tour conseguir\u00e1 reducir algo la tensi\u00f3n en las primeras etapas. No es que las diferencias vayan a ser decisivas. Pero si dejar\u00e1 a un amplio grupo de ciclistas con pocas opciones de subirse al podio los d\u00edas siguientes. Y eso al final hace que los directores aprieten menos y los corredores en el pelot\u00f3n frenen algo m\u00e1s. Menos ca\u00eddas que en 2021. Pues a saber, pero por lo menos que no se quede ning\u00fan favorito en la cuneta.<\/p>\n<h2><strong>Roubaix, muro y La Planche des Belles Filles<\/strong><\/h2>\n<p>Porque si un favorito tiene que perder el Tour antes de llegar a la alta monta\u00f1a, pues tiene mucho m\u00e1s glamour hacerlo en los adoquines de Roubaix que contra el viento de Dinamarca. Adem\u00e1s, si se est\u00e1 hablando de Pogacar como el sucesor de Eddy Merckx (el belga ya ha &#8216;discutido&#8217; con Evenepoel) su &#8216;deber&#8217; el salvar al menos un Tour con las piedras m\u00e1s duras (y peor colocadas) del ciclismo. Ya no pedimos al esloveno que gane una Paris Roubaix, como Merckx o Hinault para empezar a llegar a su altura, pero si que demuestre que se puede fajar como hizo un peso pluma como Nibali en el 2014 (y ese d\u00eda hab\u00eda tanto barro y agua como en la Roubaix de hace unas semanas). Habr\u00e1 11 tramos en los \u00faltimos 75 kil\u00f3metros, la mitad de ellos in\u00e9ditos, pero ninguno de los de cinco estrellas.<\/p>\n<p>Y bueno. Que si alguno de los que quiere luchar por la general decide no<strong> jugarse el bigote en <a href=\"https:\/\/www.letour.fr\/en\/stage-5\">Roubaix<\/a> y frenar algo m\u00e1s mientras los otros aceleran, tiene al d\u00eda siguiente una etapa de muros de las Ardenas belgas<\/strong> (cerca de Bastogne, para que se hagan una idea) con final en la ciudadela de <a href=\"https:\/\/www.letour.fr\/en\/stage-6\"><strong>Longwy<\/strong> <\/a>(esto ya es Francia) con un murete de 1,6 kil\u00f3metros y picos del 11% y sobre todo 220 kil\u00f3metros de recorrido.<\/p>\n<p><img loading=\"lazy\" decoding=\"async\" class=\"alignnone size-extra-large\" src=\"https:\/\/pbs.twimg.com\/media\/FBp1uf3XMAoIyaY?format=jpg&amp;name=medium\" width=\"1044\" height=\"587\" \/><\/p>\n<p>La &#8216;monta\u00f1a&#8217; se inaugura en este 2022 en <a href=\"https:\/\/www.letour.fr\/en\/stage-7\">La Super Planche des Belles Filles,<\/a> que en menos de una d\u00e9cada ha pasado de ascensi\u00f3n desconocida a un cl\u00e1sico recurrente (y algo pesado, la verdad) del Tour de Francia. Tanto que incluso en este 2022 tambi\u00e9n es final del Tour Femenino. Y si, tambi\u00e9n con el tramo de sterrato del final, por eso lo de super. Casi siempre se sube en la primera semana, en 2012, 14, 17 y 19 antes de la d\u00e9cima etapa y solo en 2020 fue pen\u00faltimo d\u00eda. Ese que pudo provocar un cisma en Eslovenia, pero que dej\u00f3 a <strong>Pogacar<\/strong> de amarillo y arrebatando el r\u00e9cord de precocidad moderno a<strong> Bernal, a Roglic<\/strong> con una derrota hist\u00f3rica que ni la de Fignon con Lemond y a los dos abraz\u00e1ndose en el podio.<\/p>\n<h2><strong>Los Alpes<\/strong><\/h2>\n<p>El Tour de Francia 2022 vuelve a Suiza con una etapa con final en alto en Lausanna y otra de media monta\u00f1a con tres puertos y m\u00e1s de<a href=\"https:\/\/www.letour.fr\/en\/stage-9\"> 3.600 metros de desnivel<\/a> antes de la segunda jornada de descanso. A la vuelta, el martes 12 de julio empieza en Morzine y acaba en Megeve. Con esos dos nombres se supone que pasan por media docena de puertos, pues no. El Tour solo buscar\u00e1 el final en el <a href=\"https:\/\/www.letour.fr\/en\/stage-10\">altiport de Megeve,<\/a> que en 21 kil\u00f3metros sube 800 metros. No es una locura, pero habr\u00e1 batalla.<\/p>\n<p>El caso es que las dos etapas de Alpes que quedan son de las que se hacen de forma sencilla. Mi\u00e9rcoles 13 de julio, solo 150 kil\u00f3metros, pero con Lacets de Montvernier (bueno, esto es para sacar im\u00e1genes bonitas), Galibier por Telegraphe, 32 kil\u00f3metros subiendo y final en el Col du Granon, que solo vio el Tour en 1986 pero que tiene 11 kil\u00f3metros a casi el 10% y ni un solo descanso.<\/p>\n<p><img loading=\"lazy\" decoding=\"async\" class=\"alignnone size-extra-large\" src=\"https:\/\/img.aso.fr\/core_app\/img-cycling-tdf-jpg\/11\/33922\/0:0,1500:1250-960-0-90\/c72e1\" width=\"960\" height=\"800\" \/>Y al d\u00eda siguiente. Pues el 14 de julio tiene la etapa reina del Tour. Que ya, que son 166 kil\u00f3metros, pero por el bucle m\u00edtico. Desde <strong>Briancon a Alpe d&#8217; Huez s<\/strong>olo se puede ir por <strong>Lautaret, Galibier y Croix de Fer.<\/strong> Lo dem\u00e1s es olvidarse de las tradiciones y este Tour celebra que hace 70 a\u00f1os se subi\u00f3 por primera vez y gan\u00f3 all\u00ed un tal Fausto Coppi. Otro que ganaba en casi todos los sitios, como Merckx e Hinault.<br \/>\n<img loading=\"lazy\" decoding=\"async\" class=\"alignnone size-extra-large\" src=\"https:\/\/img.aso.fr\/core_app\/img-cycling-tdf-jpg\/12\/33923\/0:0,1500:1250-960-0-90\/7a169\" alt=\"La etapa Reina del Tour\" width=\"960\" height=\"800\" \/>Antes de que se acabe la segunda semana queda una jornada de media monta\u00f1a por el macizo central. Otro cl\u00e1sico del Tour, y con final en el <a href=\"https:\/\/www.letour.fr\/en\/stage-14\">Aer\u00f3dromo de Mende<\/a>, que ahora le han puesto cima Laurent Jalabert por aquella escapada de la edici\u00f3n de 1995 en busca de dejar a Indurain sin su quinto t\u00edtulo. Spoiler, no lo consigui\u00f3.<\/p>\n<h2><strong>Los Pirineos y la crono<\/strong><\/h2>\n<p>Despu\u00e9s del descanso en Carcassone. No se pierdan la ciudad medieval si van por all\u00ed. El Tour 2022 afronta los Pirineos con tres etapas que se quedan algo descoloridas. La primera con final en Foix es de 179 kil\u00f3metros y solo dos puertos de monta\u00f1a, <strong>Lers y el Mure de Peguere<\/strong> (a 20 kil\u00f3metros de meta). Servir\u00e1 para la estrategia o para que unos fugados se jueguen la victoria. Las otras dos vuelven a ser algo cortas.<\/p>\n<p>El mi\u00e9rcoles 20 de julio 130 kil\u00f3metros y los primeros 50, hasta Arreau, totalmente llanos. Despu\u00e9s <strong>Aspin<\/strong> por su vertiente m\u00e1s dura, <strong>Hourquette<\/strong> por la m\u00e1s sencilla, <strong>Val d&#8217;Azet<\/strong> (que es la otra cara de Val Louron) y final en <strong>Peyresourde\/Peyragudes<\/strong> (otro altiport) con su kil\u00f3metro final con rampas del 20%.<br \/>\n<img loading=\"lazy\" decoding=\"async\" class=\"alignnone size-extra-large\" src=\"https:\/\/img.aso.fr\/core_app\/img-cycling-tdf-jpg\/17\/33920\/0:0,1500:1250-960-0-90\/c060e\" width=\"960\" height=\"800\" \/>La alta monta\u00f1a del Tour de Francia 2022 se cierra el jueves 21 de julio con otra jornada corta y muy similar a la anterior. 145 kil\u00f3metros, los primeros 55 llanos hasta Laruns y luego <strong>Aubisque,<\/strong> el recuperado <strong>Spandelles<\/strong> (ojo a la bajada) y final en <strong>Hautacam<\/strong>.<\/p>\n<p>A\u00fan quedar\u00e1 una jornada de transici\u00f3n con final en Cahors antes de la crono del s\u00e1bado en Rocamadour de 40 kil\u00f3metros pr\u00e1cticamente planos. No es Luxemburgo 92, que salieron 65 kil\u00f3metros y 1:19 de esfuerzo para Indurain, pero algo es algo.<\/p>\n<p><img loading=\"lazy\" decoding=\"async\" class=\"alignnone size-extra-large\" src=\"https:\/\/img.aso.fr\/core_app\/img-cycling-tdf-jpg\/18\/33921\/0:0,1500:1250-960-0-90\/72029\" width=\"960\" height=\"800\" \/><\/p>\n<h2><strong>Tour Femenino y Etape du Tour<\/strong><\/h2>\n<p>El mismo d\u00eda que acaba el Tour de Francia 2022 masculino, el 24 de julio, y en el mismo lugar, Los Campos El\u00edseos, empieza el renovando <strong>Tour de Francia femenino.<\/strong> Ya se disput\u00f3 en los ochenta y aguant\u00f3 hasta el 2009, con tres victorias espa\u00f1olas incluidas, las de Joane Somarriba. Para 2022 la carrera ser\u00e1n <strong><a href=\"https:\/\/www.letourfemmes.fr\/fr\">ocho etapas<\/a> por el noreste de Francia<\/strong>. De Par\u00eds a los Vosgos para terminar en La Super Planche des Belles Filles. Es decir, en el tramo de tierra que se subi\u00f3 en la edici\u00f3n masculina de 2019.<\/p>\n<p>El recorrido, dise\u00f1ado por <strong>Marion Rousse,<\/strong> que ser\u00e1 la directora, incluye etapas llanas al inicio, terreno de repechos, una etapa marat\u00f3n de 175 kil\u00f3metros (los Mundiales femeninos son de 150 kil\u00f3metros) y dos jornadas de monta\u00f1a en los Vosgos. La primera con el Gran Ballon de Alsacia, aquel puerto que fue el inicio de la monta\u00f1a del Tour all\u00e1 por los inicios del siglo XX y el citado final en La Planche. De todas formas sobre el Tour Femenino escribiremos un art\u00edculo m\u00e1s amplio m\u00e1s adelante.<\/p>\n<p><img loading=\"lazy\" decoding=\"async\" class=\"alignnone size-extra-large\" src=\"https:\/\/img.aso.fr\/core_app\/img-cycling-trf-jpg\/header-cp-parcours-femmes\/26552\/0:0,2000:890-1200-0-70\/266d5\" width=\"1200\" height=\"534\" \/>Los cicloturistas tambien tuvieron cabida en la presentaci\u00f3n del Tour. Para el retorno de <a href=\"https:\/\/www.letapedutourdefrance.com\/fr\/evenement\/ville-arrivee\">L Etape du Tour<\/a> han elegido la etapa m\u00e1s m\u00edtica de las que pod\u00eda haber. La que sale de Briancon por Galibier, Croix de Fer y Alpe d\u00b4Huez. Si hubiesen hecho una encuesta cualquier cicloturista hubiese apostado por ella. Se har\u00e1 el domingo 10 de julio, cuatro d\u00edas antes de que llegue all\u00ed el Tour 2022.<\/p>\n","protected":false},"excerpt":{"rendered":"<p>El Tour de Francia 2022 vuelve a los cauces de los a\u00f1os 90 y principios de este siglo XXI (ojo [&hellip;]<\/p>\n","protected":false},"author":29,"featured_media":8246,"comment_status":"open","ping_status":"open","sticky":false,"template":"","format":"standard","meta":{"footnotes":""},"categories":[7],"tags":[1112,557,2155],"global-categories":[1164],"class_list":["post-8232","post","type-post","status-publish","format-standard","has-post-thumbnail","hentry","category-carretera","tag-galibier","tag-tour-de-francia","tag-tour-de-francia-2022","global-categories-cycling"],"yoast_head":"<!-- This site is optimized with the Yoast SEO Premium plugin v25.3 (Yoast SEO v25.9) - https:\/\/yoast.com\/wordpress\/plugins\/seo\/ -->\n<title>Un Tour de Francia 2022 que recupera tradiciones, bueno, algunas -<\/title>\n<meta name=\"description\" content=\"Un Tour de Francia 2022 que recupera tradiciones, bueno, algunas. El recorrido del Tour de Francia masculino y femenino de 2022.\" \/>\n<meta name=\"robots\" content=\"index, follow, max-snippet:-1, max-image-preview:large, max-video-preview:-1\" \/>\n<link rel=\"canonical\" href=\"https:\/\/www.welovecycling.com\/es\/2021\/10\/14\/tour-de-francia-2022\/\" \/>\n<meta property=\"og:locale\" content=\"es_ES\" \/>\n<meta property=\"og:type\" content=\"article\" \/>\n<meta property=\"og:title\" content=\"Un Tour de Francia 2022 que recupera tradiciones, bueno, algunas\" \/>\n<meta property=\"og:description\" content=\"Un Tour de Francia 2022 que recupera tradiciones, bueno, algunas. El recorrido del Tour de Francia masculino y femenino de 2022.\" \/>\n<meta property=\"og:url\" content=\"https:\/\/www.welovecycling.com\/es\/2021\/10\/14\/tour-de-francia-2022\/\" \/>\n<meta property=\"og:site_name\" content=\"\u0160koda We Love Cycling - Spain\" \/>\n<meta property=\"article:published_time\" content=\"2021-10-14T11:47:25+00:00\" \/>\n<meta property=\"og:image\" content=\"https:\/\/d2p6e6u75xmxt8.cloudfront.net\/6\/2021\/10\/Tour-de-Francia-2022.jpg\" \/>\n\t<meta property=\"og:image:width\" content=\"800\" \/>\n\t<meta property=\"og:image:height\" content=\"1200\" \/>\n\t<meta property=\"og:image:type\" content=\"image\/jpeg\" \/>\n<meta name=\"author\" content=\"We Love Cycling Spain\" \/>\n<meta name=\"twitter:card\" content=\"summary_large_image\" \/>\n<meta name=\"twitter:title\" content=\"Un Tour de Francia 2022 que recupera tradiciones, bueno, algunas\" \/>\n<meta name=\"twitter:description\" content=\"Un Tour de Francia 2022 que recupera tradiciones, bueno, algunas. El recorrido del Tour de Francia masculino y femenino de 2022.\" \/>\n<meta name=\"twitter:label1\" content=\"Written by\" \/>\n\t<meta name=\"twitter:data1\" content=\"Luis Ortega @ciclored\" \/>\n\t<meta name=\"twitter:label2\" content=\"Est. reading time\" \/>\n\t<meta name=\"twitter:data2\" content=\"9 minutes\" \/>\n<script type=\"application\/ld+json\" class=\"yoast-schema-graph\">{\"@context\":\"https:\/\/schema.org\",\"@graph\":[{\"@type\":\"WebPage\",\"@id\":\"https:\/\/www.welovecycling.com\/es\/2021\/10\/14\/tour-de-francia-2022\/\",\"url\":\"https:\/\/www.welovecycling.com\/es\/2021\/10\/14\/tour-de-francia-2022\/\",\"name\":\"Un Tour de Francia 2022 que recupera tradiciones, bueno, algunas -\",\"isPartOf\":{\"@id\":\"https:\/\/www.welovecycling.com\/es\/#website\"},\"primaryImageOfPage\":{\"@id\":\"https:\/\/www.welovecycling.com\/es\/2021\/10\/14\/tour-de-francia-2022\/#primaryimage\"},\"image\":{\"@id\":\"https:\/\/www.welovecycling.com\/es\/2021\/10\/14\/tour-de-francia-2022\/#primaryimage\"},\"thumbnailUrl\":\"https:\/\/d2p6e6u75xmxt8.cloudfront.net\/6\/2021\/10\/Tour-de-Francia-2022.jpg\",\"datePublished\":\"2021-10-14T11:47:25+00:00\",\"author\":{\"@id\":\"https:\/\/www.welovecycling.com\/es\/#\/schema\/person\/deb61715b5812698ee79fb96f343ccd4\"},\"description\":\"Un Tour de Francia 2022 que recupera tradiciones, bueno, algunas. El recorrido del Tour de Francia masculino y femenino de 2022.\",\"breadcrumb\":{\"@id\":\"https:\/\/www.welovecycling.com\/es\/2021\/10\/14\/tour-de-francia-2022\/#breadcrumb\"},\"inLanguage\":\"es-ES\",\"potentialAction\":[{\"@type\":\"ReadAction\",\"target\":[\"https:\/\/www.welovecycling.com\/es\/2021\/10\/14\/tour-de-francia-2022\/\"]}]},{\"@type\":\"ImageObject\",\"inLanguage\":\"es-ES\",\"@id\":\"https:\/\/www.welovecycling.com\/es\/2021\/10\/14\/tour-de-francia-2022\/#primaryimage\",\"url\":\"https:\/\/d2p6e6u75xmxt8.cloudfront.net\/6\/2021\/10\/Tour-de-Francia-2022.jpg\",\"contentUrl\":\"https:\/\/d2p6e6u75xmxt8.cloudfront.net\/6\/2021\/10\/Tour-de-Francia-2022.jpg\",\"width\":800,\"height\":1200},{\"@type\":\"BreadcrumbList\",\"@id\":\"https:\/\/www.welovecycling.com\/es\/2021\/10\/14\/tour-de-francia-2022\/#breadcrumb\",\"itemListElement\":[{\"@type\":\"ListItem\",\"position\":1,\"name\":\"Home\",\"item\":\"https:\/\/www.welovecycling.com\/es\/\"},{\"@type\":\"ListItem\",\"position\":2,\"name\":\"Un Tour de Francia 2022 que recupera tradiciones, bueno, algunas\"}]},{\"@type\":\"WebSite\",\"@id\":\"https:\/\/www.welovecycling.com\/es\/#website\",\"url\":\"https:\/\/www.welovecycling.com\/es\/\",\"name\":\"\u0160koda We Love Cycling - Spain\",\"description\":\"\u0160koda WeLoveCycling Spain\",\"potentialAction\":[{\"@type\":\"SearchAction\",\"target\":{\"@type\":\"EntryPoint\",\"urlTemplate\":\"https:\/\/www.welovecycling.com\/es\/?s={search_term_string}\"},\"query-input\":{\"@type\":\"PropertyValueSpecification\",\"valueRequired\":true,\"valueName\":\"search_term_string\"}}],\"inLanguage\":\"es-ES\"},{\"@type\":\"Person\",\"@id\":\"https:\/\/www.welovecycling.com\/es\/#\/schema\/person\/deb61715b5812698ee79fb96f343ccd4\",\"name\":\"We Love Cycling Spain\",\"image\":{\"@type\":\"ImageObject\",\"inLanguage\":\"es-ES\",\"@id\":\"https:\/\/www.welovecycling.com\/es\/#\/schema\/person\/image\/\",\"url\":\"https:\/\/secure.gravatar.com\/avatar\/c824b04e6df0e37a03219d0b6481672889df542894588964102459e46513159c?s=96&d=mm&r=g\",\"contentUrl\":\"https:\/\/secure.gravatar.com\/avatar\/c824b04e6df0e37a03219d0b6481672889df542894588964102459e46513159c?s=96&d=mm&r=g\",\"caption\":\"We Love Cycling Spain\"},\"url\":\"https:\/\/www.welovecycling.com\/es\/author\/amunoz\/\"}]}<\/script>\n<!-- \/ Yoast SEO Premium plugin. -->","yoast_head_json":{"title":"Un Tour de Francia 2022 que recupera tradiciones, bueno, algunas -","description":"Un Tour de Francia 2022 que recupera tradiciones, bueno, algunas. El recorrido del Tour de Francia masculino y femenino de 2022.","robots":{"index":"index","follow":"follow","max-snippet":"max-snippet:-1","max-image-preview":"max-image-preview:large","max-video-preview":"max-video-preview:-1"},"canonical":"https:\/\/www.welovecycling.com\/es\/2021\/10\/14\/tour-de-francia-2022\/","og_locale":"es_ES","og_type":"article","og_title":"Un Tour de Francia 2022 que recupera tradiciones, bueno, algunas","og_description":"Un Tour de Francia 2022 que recupera tradiciones, bueno, algunas. El recorrido del Tour de Francia masculino y femenino de 2022.","og_url":"https:\/\/www.welovecycling.com\/es\/2021\/10\/14\/tour-de-francia-2022\/","og_site_name":"\u0160koda We Love Cycling - Spain","article_published_time":"2021-10-14T11:47:25+00:00","og_image":[{"width":800,"height":1200,"url":"https:\/\/d2p6e6u75xmxt8.cloudfront.net\/6\/2021\/10\/Tour-de-Francia-2022.jpg","type":"image\/jpeg"}],"author":"We Love Cycling Spain","twitter_card":"summary_large_image","twitter_title":"Un Tour de Francia 2022 que recupera tradiciones, bueno, algunas","twitter_description":"Un Tour de Francia 2022 que recupera tradiciones, bueno, algunas. El recorrido del Tour de Francia masculino y femenino de 2022.","twitter_misc":{"Written by":"Luis Ortega @ciclored","Est. reading time":"9 minutes"},"schema":{"@context":"https:\/\/schema.org","@graph":[{"@type":"WebPage","@id":"https:\/\/www.welovecycling.com\/es\/2021\/10\/14\/tour-de-francia-2022\/","url":"https:\/\/www.welovecycling.com\/es\/2021\/10\/14\/tour-de-francia-2022\/","name":"Un Tour de Francia 2022 que recupera tradiciones, bueno, algunas -","isPartOf":{"@id":"https:\/\/www.welovecycling.com\/es\/#website"},"primaryImageOfPage":{"@id":"https:\/\/www.welovecycling.com\/es\/2021\/10\/14\/tour-de-francia-2022\/#primaryimage"},"image":{"@id":"https:\/\/www.welovecycling.com\/es\/2021\/10\/14\/tour-de-francia-2022\/#primaryimage"},"thumbnailUrl":"https:\/\/d2p6e6u75xmxt8.cloudfront.net\/6\/2021\/10\/Tour-de-Francia-2022.jpg","datePublished":"2021-10-14T11:47:25+00:00","author":{"@id":"https:\/\/www.welovecycling.com\/es\/#\/schema\/person\/deb61715b5812698ee79fb96f343ccd4"},"description":"Un Tour de Francia 2022 que recupera tradiciones, bueno, algunas. El recorrido del Tour de Francia masculino y femenino de 2022.","breadcrumb":{"@id":"https:\/\/www.welovecycling.com\/es\/2021\/10\/14\/tour-de-francia-2022\/#breadcrumb"},"inLanguage":"es-ES","potentialAction":[{"@type":"ReadAction","target":["https:\/\/www.welovecycling.com\/es\/2021\/10\/14\/tour-de-francia-2022\/"]}]},{"@type":"ImageObject","inLanguage":"es-ES","@id":"https:\/\/www.welovecycling.com\/es\/2021\/10\/14\/tour-de-francia-2022\/#primaryimage","url":"https:\/\/d2p6e6u75xmxt8.cloudfront.net\/6\/2021\/10\/Tour-de-Francia-2022.jpg","contentUrl":"https:\/\/d2p6e6u75xmxt8.cloudfront.net\/6\/2021\/10\/Tour-de-Francia-2022.jpg","width":800,"height":1200},{"@type":"BreadcrumbList","@id":"https:\/\/www.welovecycling.com\/es\/2021\/10\/14\/tour-de-francia-2022\/#breadcrumb","itemListElement":[{"@type":"ListItem","position":1,"name":"Home","item":"https:\/\/www.welovecycling.com\/es\/"},{"@type":"ListItem","position":2,"name":"Un Tour de Francia 2022 que recupera tradiciones, bueno, algunas"}]},{"@type":"WebSite","@id":"https:\/\/www.welovecycling.com\/es\/#website","url":"https:\/\/www.welovecycling.com\/es\/","name":"\u0160koda We Love Cycling - Spain","description":"\u0160koda WeLoveCycling Spain","potentialAction":[{"@type":"SearchAction","target":{"@type":"EntryPoint","urlTemplate":"https:\/\/www.welovecycling.com\/es\/?s={search_term_string}"},"query-input":{"@type":"PropertyValueSpecification","valueRequired":true,"valueName":"search_term_string"}}],"inLanguage":"es-ES"},{"@type":"Person","@id":"https:\/\/www.welovecycling.com\/es\/#\/schema\/person\/deb61715b5812698ee79fb96f343ccd4","name":"We Love Cycling Spain","image":{"@type":"ImageObject","inLanguage":"es-ES","@id":"https:\/\/www.welovecycling.com\/es\/#\/schema\/person\/image\/","url":"https:\/\/secure.gravatar.com\/avatar\/c824b04e6df0e37a03219d0b6481672889df542894588964102459e46513159c?s=96&d=mm&r=g","contentUrl":"https:\/\/secure.gravatar.com\/avatar\/c824b04e6df0e37a03219d0b6481672889df542894588964102459e46513159c?s=96&d=mm&r=g","caption":"We Love Cycling Spain"},"url":"https:\/\/www.welovecycling.com\/es\/author\/amunoz\/"}]}},"_links":{"self":[{"href":"https:\/\/www.welovecycling.com\/es\/wp-json\/wp\/v2\/posts\/8232","targetHints":{"allow":["GET"]}}],"collection":[{"href":"https:\/\/www.welovecycling.com\/es\/wp-json\/wp\/v2\/posts"}],"about":[{"href":"https:\/\/www.welovecycling.com\/es\/wp-json\/wp\/v2\/types\/post"}],"author":[{"embeddable":true,"href":"https:\/\/www.welovecycling.com\/es\/wp-json\/wp\/v2\/users\/29"}],"replies":[{"embeddable":true,"href":"https:\/\/www.welovecycling.com\/es\/wp-json\/wp\/v2\/comments?post=8232"}],"version-history":[{"count":2,"href":"https:\/\/www.welovecycling.com\/es\/wp-json\/wp\/v2\/posts\/8232\/revisions"}],"predecessor-version":[{"id":8247,"href":"https:\/\/www.welovecycling.com\/es\/wp-json\/wp\/v2\/posts\/8232\/revisions\/8247"}],"wp:featuredmedia":[{"embeddable":true,"href":"https:\/\/www.welovecycling.com\/es\/wp-json\/wp\/v2\/media\/8246"}],"wp:attachment":[{"href":"https:\/\/www.welovecycling.com\/es\/wp-json\/wp\/v2\/media?parent=8232"}],"wp:term":[{"taxonomy":"category","embeddable":true,"href":"https:\/\/www.welovecycling.com\/es\/wp-json\/wp\/v2\/categories?post=8232"},{"taxonomy":"post_tag","embeddable":true,"href":"https:\/\/www.welovecycling.com\/es\/wp-json\/wp\/v2\/tags?post=8232"},{"taxonomy":"global-categories","embeddable":true,"href":"https:\/\/www.welovecycling.com\/es\/wp-json\/wp\/v2\/global-categories?post=8232"}],"curies":[{"name":"wp","href":"https:\/\/api.w.org\/{rel}","templated":true}]}}