{"id":8220,"date":"2021-10-17T19:40:55","date_gmt":"2021-10-17T17:40:55","guid":{"rendered":"https:\/\/www.welovecycling.com\/es\/?p=8220"},"modified":"2021-10-12T19:59:40","modified_gmt":"2021-10-12T17:59:40","slug":"longitud-correcta-cadena-bicicleta","status":"publish","type":"post","link":"https:\/\/www.welovecycling.com\/es\/2021\/10\/17\/longitud-correcta-cadena-bicicleta\/","title":{"rendered":"\u00bfCu\u00e1l es la longitud correcta para la cadena de mi bicicleta?"},"content":{"rendered":"<p><strong>Como fuerza motriz de nuestras bicicletas, ya sea para competir o simplemente para llevarnos de A a B, la transmisi\u00f3n es la parte m\u00e1s importante de nuestra ruta. Pero a veces los ciclistas pasan por alto la cadena, y mejorarla o ajustarla correctamente puede tener un gran impacto en el rendimiento de la bicicleta, as\u00ed como en el mantenimiento de los dem\u00e1s componentes. En este art\u00edculo, analizamos c\u00f3mo conseguir la longitud correcta de la cadena de la bicicleta y c\u00f3mo puede cambiar en funci\u00f3n de las rutas o el tipo de ciclismo que quieras hacer.<\/strong><\/p>\n<p><!--more--><\/p>\n<h2><strong>\u00bfPor qu\u00e9 la longitud de la cadena es importante?<\/strong><\/h2>\n<p>Una cadena de bicicleta nueva suele venir con 116 eslabones, cada uno de los cuales mide una pulgada. Esto es para que se ajuste incluso a los platos y pi\u00f1ones m\u00e1s grandes. En el caso de las bicicletas de paseo o de una sola velocidad, esto puede cambiar seg\u00fan se necesite m\u00e1s o menos una cadena de esta longitud, sin embargo, te facilitar\u00e1 el ajuste de tu cadena.<\/p>\n<figure id=\"attachment_8222\" aria-describedby=\"caption-attachment-8222\" style=\"width: 1024px\" class=\"wp-caption alignnone\"><a href=\"https:\/\/d2p6e6u75xmxt8.cloudfront.net\/2\/2021\/10\/Bicycle-chaing-profimedia-0335678677.jpg\"><img loading=\"lazy\" decoding=\"async\" class=\"wp-image-8222 size-large\" src=\"https:\/\/d2p6e6u75xmxt8.cloudfront.net\/6\/2021\/10\/Bicycle-chaing-profimedia-0335678677-1024x666.jpg\" alt=\"Bicycle chain\" width=\"1024\" height=\"666\" srcset=\"https:\/\/d2p6e6u75xmxt8.cloudfront.net\/6\/2021\/10\/Bicycle-chaing-profimedia-0335678677-1024x666.jpg 1024w, https:\/\/d2p6e6u75xmxt8.cloudfront.net\/6\/2021\/10\/Bicycle-chaing-profimedia-0335678677-300x195.jpg 300w, https:\/\/d2p6e6u75xmxt8.cloudfront.net\/6\/2021\/10\/Bicycle-chaing-profimedia-0335678677-768x500.jpg 768w, https:\/\/d2p6e6u75xmxt8.cloudfront.net\/6\/2021\/10\/Bicycle-chaing-profimedia-0335678677.jpg 1250w\" sizes=\"auto, (max-width: 1024px) 100vw, 1024px\" \/><\/a><figcaption id=\"caption-attachment-8222\" class=\"wp-caption-text\">Actualizar o ajustar su cadena correctamente puede tener un gran impacto en el rendimiento de tu bicicleta. \u00a9 Profimedia<\/figcaption><\/figure>\n<p>En la mayor\u00eda de las bicicletas tendr\u00e1s que acortar la cadena original para que se ajuste. Esto se puede hacer quitando el eslab\u00f3n utilizando un tronchacadenas para retirar el esp\u00e1rrago o los tornillos de la cadena al conseguir que tenga la longitud adecuada. Es importante porque\u00a0 si la cadena es demasiado larga se corre el riesgo de que se salga del pedalier y se quede enrollada y si es demasiado corta puede da\u00f1ar tanto el desviador como el grupo.<\/p>\n<h2><strong>\u00bfC\u00f3mo se cual es la longitud correcta de la cadena?<\/strong><\/h2>\n<p>Conseguir la longitud correcta de la cadena para la bicicleta es vital. Significa mantener el resto de los componentes en \u00f3ptimas condiciones, y hay una manera muy f\u00e1cil de hacerlo. En <a href=\"https:\/\/www.bergfreunde.eu\/chain-length-calculator\/\">esta web<\/a> tendr\u00e1s la longitud correcta y lo \u00fanico que tienes que hacer es dar tres medidas: la longitud de la vaina, el plato m\u00e1s grande y el pi\u00f1\u00f3n m\u00e1s grande. Es f\u00e1cil. Todas estas medidas suelen venir en los manuales de las bicicletas que utilizas, algo que tambi\u00e9n puedes encontrar en Internet. O si no, siempre puedes utilizar la cadena que ya tiene tu bici para una alternativa f\u00e1cil.<\/p>\n<h2><strong>Estirar la cadena<\/strong><\/h2>\n<p>Seg\u00fan la mayor\u00eda de las estimaciones, deber\u00edas cambiar tu cadena cada 3.500 kil\u00f3metros, pero esto puede diferir dependiendo de la superficie por la que circules. Por ejemplo, si limpias tu bici despu\u00e9s de cada salida, llevas mucha cadencia y pesas tanto como un escalador del pelot\u00f3n puedes conseguir que tu cadena llegue a esa distancia.<\/p>\n<figure id=\"attachment_8225\" aria-describedby=\"caption-attachment-8225\" style=\"width: 1250px\" class=\"wp-caption alignnone\"><a href=\"https:\/\/d2p6e6u75xmxt8.cloudfront.net\/6\/2021\/10\/Bike-chain-profimedia-0335614348.jpg\"><img loading=\"lazy\" decoding=\"async\" class=\"size-full wp-image-8225\" src=\"https:\/\/d2p6e6u75xmxt8.cloudfront.net\/6\/2021\/10\/Bike-chain-profimedia-0335614348.jpg\" alt=\"Bicycle chain\" width=\"1250\" height=\"831\" srcset=\"https:\/\/d2p6e6u75xmxt8.cloudfront.net\/6\/2021\/10\/Bike-chain-profimedia-0335614348.jpg 1250w, https:\/\/d2p6e6u75xmxt8.cloudfront.net\/6\/2021\/10\/Bike-chain-profimedia-0335614348-300x199.jpg 300w, https:\/\/d2p6e6u75xmxt8.cloudfront.net\/6\/2021\/10\/Bike-chain-profimedia-0335614348-1024x681.jpg 1024w, https:\/\/d2p6e6u75xmxt8.cloudfront.net\/6\/2021\/10\/Bike-chain-profimedia-0335614348-768x511.jpg 768w, https:\/\/d2p6e6u75xmxt8.cloudfront.net\/6\/2021\/10\/Bike-chain-profimedia-0335614348-272x182.jpg 272w\" sizes=\"auto, (max-width: 1250px) 100vw, 1250px\" \/><\/a><figcaption id=\"caption-attachment-8225\" class=\"wp-caption-text\">Es posible que tengas que acortar la cadena original para que encaje. \u00a9 Profimedia<\/figcaption><\/figure>\n<p>A\u00fan as\u00ed, un corredor de un gran vuelta suele utilizar dos cadenas en el transcurso de las tres semanas. Aunque tienen el lujo de tener un mec\u00e1nico de guardia despu\u00e9s de cada etapa. Para el resto de ciclistas, ya sea montando en ciudades o en climas fr\u00edos y lluviosos, la vida \u00fatil de su cadena ser\u00e1 considerablemente m\u00e1s corta, y se estirar\u00e1 con el tiempo, aumentando la longitud de la cadena. \u00bfLa forma m\u00e1s f\u00e1cil de comprobarlo? Con una regla.<\/p>\n<p>Coge tu regla de 30 cm, la que no has usado desde el colegio, tira de tu cadena para que no haya holgura y pon el marcador de 0 cm en el centro de un remache (eslab\u00f3n de la cadena). Si el extremo de la regla termina tambi\u00e9n en el centro de un remache, entonces tienes una cadena sana. Sin embargo, si s\u00f3lo est\u00e1 1,5 mm fuera, entonces podr\u00eda valer la pena poner una nueva cadena. Como ya hemos dicho, las cadenas son una parte muy importante de la experiencia ciclista y es importante mantenerlas limpias, <a href=\"https:\/\/www.welovecycling.com\/es\/2018\/03\/23\/como-engrasar-la-cadena-de-tu-bici\/\">bien lubricadas<\/a> y en <a href=\"https:\/\/www.welovecycling.com\/es\/2021\/04\/22\/cambiar-cadena-de-la-bici\/\">buen estado<\/a>. Esto mantendr\u00e1 todo el tren de transmisi\u00f3n funcionando durante m\u00e1s tiempo.<\/p>\n","protected":false},"excerpt":{"rendered":"<p>Como fuerza motriz de nuestras bicicletas, ya sea para competir o simplemente para llevarnos de A a B, la transmisi\u00f3n [&hellip;]<\/p>\n","protected":false},"author":29,"featured_media":8229,"comment_status":"open","ping_status":"open","sticky":false,"template":"","format":"standard","meta":{"footnotes":""},"categories":[7,9],"tags":[1571],"global-categories":[],"class_list":["post-8220","post","type-post","status-publish","format-standard","has-post-thumbnail","hentry","category-carretera","category-mtb-aventura","tag-cadena-bicicleta"],"yoast_head":"<!-- This site is optimized with the Yoast SEO Premium plugin v25.3 (Yoast SEO v25.9) - https:\/\/yoast.com\/wordpress\/plugins\/seo\/ -->\n<title>\u00bfCu\u00e1l es la longitud correcta para la cadena de mi bicicleta?<\/title>\n<meta name=\"description\" content=\"\u00bfCu\u00e1l es la longitud correcta para la cadena de mi bicicleta? Consejos para el mantenimiento de la cadena de la bicicleta.\" \/>\n<meta name=\"robots\" content=\"index, follow, max-snippet:-1, max-image-preview:large, max-video-preview:-1\" \/>\n<link rel=\"canonical\" href=\"https:\/\/www.welovecycling.com\/es\/2021\/10\/17\/longitud-correcta-cadena-bicicleta\/\" \/>\n<meta property=\"og:locale\" content=\"es_ES\" \/>\n<meta property=\"og:type\" content=\"article\" \/>\n<meta property=\"og:title\" content=\"\u00bfCu\u00e1l es la longitud correcta para la cadena de mi bicicleta?\" \/>\n<meta property=\"og:description\" content=\"\u00bfCu\u00e1l es la longitud correcta para la cadena de mi bicicleta? Consejos para el mantenimiento de la cadena de la bicicleta.\" \/>\n<meta property=\"og:url\" content=\"https:\/\/www.welovecycling.com\/es\/2021\/10\/17\/longitud-correcta-cadena-bicicleta\/\" \/>\n<meta property=\"og:site_name\" content=\"\u0160koda We Love Cycling - Spain\" \/>\n<meta property=\"article:published_time\" content=\"2021-10-17T17:40:55+00:00\" \/>\n<meta property=\"og:image\" content=\"https:\/\/d2p6e6u75xmxt8.cloudfront.net\/6\/2021\/10\/Bicycle-chain-pexels-adam-dubec-1595485-CVR.jpg\" \/>\n\t<meta property=\"og:image:width\" content=\"1366\" \/>\n\t<meta property=\"og:image:height\" content=\"600\" \/>\n\t<meta property=\"og:image:type\" content=\"image\/jpeg\" \/>\n<meta name=\"author\" content=\"We Love Cycling Spain\" \/>\n<meta name=\"twitter:card\" content=\"summary_large_image\" \/>\n<meta name=\"twitter:title\" content=\"\u00bfCu\u00e1l es la longitud correcta para la cadena de mi bicicleta?\" \/>\n<meta name=\"twitter:description\" content=\"\u00bfCu\u00e1l es la longitud correcta para la cadena de mi bicicleta? Consejos para el mantenimiento de la cadena de la bicicleta.\" \/>\n<meta name=\"twitter:label1\" content=\"Written by\" \/>\n\t<meta name=\"twitter:data1\" content=\"Joshua Donaldson\" \/>\n\t<meta name=\"twitter:label2\" content=\"Est. reading time\" \/>\n\t<meta name=\"twitter:data2\" content=\"6\" \/>\n<script type=\"application\/ld+json\" class=\"yoast-schema-graph\">{\"@context\":\"https:\/\/schema.org\",\"@graph\":[{\"@type\":\"WebPage\",\"@id\":\"https:\/\/www.welovecycling.com\/es\/2021\/10\/17\/longitud-correcta-cadena-bicicleta\/\",\"url\":\"https:\/\/www.welovecycling.com\/es\/2021\/10\/17\/longitud-correcta-cadena-bicicleta\/\",\"name\":\"\u00bfCu\u00e1l es la longitud correcta para la cadena de mi bicicleta?\",\"isPartOf\":{\"@id\":\"https:\/\/www.welovecycling.com\/es\/#website\"},\"primaryImageOfPage\":{\"@id\":\"https:\/\/www.welovecycling.com\/es\/2021\/10\/17\/longitud-correcta-cadena-bicicleta\/#primaryimage\"},\"image\":{\"@id\":\"https:\/\/www.welovecycling.com\/es\/2021\/10\/17\/longitud-correcta-cadena-bicicleta\/#primaryimage\"},\"thumbnailUrl\":\"https:\/\/d2p6e6u75xmxt8.cloudfront.net\/6\/2021\/10\/Bicycle-chain-pexels-adam-dubec-1595485-CVR.jpg\",\"datePublished\":\"2021-10-17T17:40:55+00:00\",\"author\":{\"@id\":\"https:\/\/www.welovecycling.com\/es\/#\/schema\/person\/deb61715b5812698ee79fb96f343ccd4\"},\"description\":\"\u00bfCu\u00e1l es la longitud correcta para la cadena de mi bicicleta? Consejos para el mantenimiento de la cadena de la bicicleta.\",\"breadcrumb\":{\"@id\":\"https:\/\/www.welovecycling.com\/es\/2021\/10\/17\/longitud-correcta-cadena-bicicleta\/#breadcrumb\"},\"inLanguage\":\"es-ES\",\"potentialAction\":[{\"@type\":\"ReadAction\",\"target\":[\"https:\/\/www.welovecycling.com\/es\/2021\/10\/17\/longitud-correcta-cadena-bicicleta\/\"]}]},{\"@type\":\"ImageObject\",\"inLanguage\":\"es-ES\",\"@id\":\"https:\/\/www.welovecycling.com\/es\/2021\/10\/17\/longitud-correcta-cadena-bicicleta\/#primaryimage\",\"url\":\"https:\/\/d2p6e6u75xmxt8.cloudfront.net\/6\/2021\/10\/Bicycle-chain-pexels-adam-dubec-1595485-CVR.jpg\",\"contentUrl\":\"https:\/\/d2p6e6u75xmxt8.cloudfront.net\/6\/2021\/10\/Bicycle-chain-pexels-adam-dubec-1595485-CVR.jpg\",\"width\":1366,\"height\":600,\"caption\":\"Bicycle chain\"},{\"@type\":\"BreadcrumbList\",\"@id\":\"https:\/\/www.welovecycling.com\/es\/2021\/10\/17\/longitud-correcta-cadena-bicicleta\/#breadcrumb\",\"itemListElement\":[{\"@type\":\"ListItem\",\"position\":1,\"name\":\"Home\",\"item\":\"https:\/\/www.welovecycling.com\/es\/\"},{\"@type\":\"ListItem\",\"position\":2,\"name\":\"\u00bfCu\u00e1l es la longitud correcta para la cadena de mi bicicleta?\"}]},{\"@type\":\"WebSite\",\"@id\":\"https:\/\/www.welovecycling.com\/es\/#website\",\"url\":\"https:\/\/www.welovecycling.com\/es\/\",\"name\":\"\u0160koda We Love Cycling - Spain\",\"description\":\"\u0160koda WeLoveCycling Spain\",\"potentialAction\":[{\"@type\":\"SearchAction\",\"target\":{\"@type\":\"EntryPoint\",\"urlTemplate\":\"https:\/\/www.welovecycling.com\/es\/?s={search_term_string}\"},\"query-input\":{\"@type\":\"PropertyValueSpecification\",\"valueRequired\":true,\"valueName\":\"search_term_string\"}}],\"inLanguage\":\"es-ES\"},{\"@type\":\"Person\",\"@id\":\"https:\/\/www.welovecycling.com\/es\/#\/schema\/person\/deb61715b5812698ee79fb96f343ccd4\",\"name\":\"We Love Cycling Spain\",\"image\":{\"@type\":\"ImageObject\",\"inLanguage\":\"es-ES\",\"@id\":\"https:\/\/www.welovecycling.com\/es\/#\/schema\/person\/image\/\",\"url\":\"https:\/\/secure.gravatar.com\/avatar\/c824b04e6df0e37a03219d0b6481672889df542894588964102459e46513159c?s=96&d=mm&r=g\",\"contentUrl\":\"https:\/\/secure.gravatar.com\/avatar\/c824b04e6df0e37a03219d0b6481672889df542894588964102459e46513159c?s=96&d=mm&r=g\",\"caption\":\"We Love Cycling Spain\"},\"url\":\"https:\/\/www.welovecycling.com\/es\/author\/amunoz\/\"}]}<\/script>\n<!-- \/ Yoast SEO Premium plugin. -->","yoast_head_json":{"title":"\u00bfCu\u00e1l es la longitud correcta para la cadena de mi bicicleta?","description":"\u00bfCu\u00e1l es la longitud correcta para la cadena de mi bicicleta? Consejos para el mantenimiento de la cadena de la bicicleta.","robots":{"index":"index","follow":"follow","max-snippet":"max-snippet:-1","max-image-preview":"max-image-preview:large","max-video-preview":"max-video-preview:-1"},"canonical":"https:\/\/www.welovecycling.com\/es\/2021\/10\/17\/longitud-correcta-cadena-bicicleta\/","og_locale":"es_ES","og_type":"article","og_title":"\u00bfCu\u00e1l es la longitud correcta para la cadena de mi bicicleta?","og_description":"\u00bfCu\u00e1l es la longitud correcta para la cadena de mi bicicleta? Consejos para el mantenimiento de la cadena de la bicicleta.","og_url":"https:\/\/www.welovecycling.com\/es\/2021\/10\/17\/longitud-correcta-cadena-bicicleta\/","og_site_name":"\u0160koda We Love Cycling - Spain","article_published_time":"2021-10-17T17:40:55+00:00","og_image":[{"width":1366,"height":600,"url":"https:\/\/d2p6e6u75xmxt8.cloudfront.net\/6\/2021\/10\/Bicycle-chain-pexels-adam-dubec-1595485-CVR.jpg","type":"image\/jpeg"}],"author":"We Love Cycling Spain","twitter_card":"summary_large_image","twitter_title":"\u00bfCu\u00e1l es la longitud correcta para la cadena de mi bicicleta?","twitter_description":"\u00bfCu\u00e1l es la longitud correcta para la cadena de mi bicicleta? Consejos para el mantenimiento de la cadena de la bicicleta.","twitter_misc":{"Written by":"Joshua Donaldson","Est. reading time":"6"},"schema":{"@context":"https:\/\/schema.org","@graph":[{"@type":"WebPage","@id":"https:\/\/www.welovecycling.com\/es\/2021\/10\/17\/longitud-correcta-cadena-bicicleta\/","url":"https:\/\/www.welovecycling.com\/es\/2021\/10\/17\/longitud-correcta-cadena-bicicleta\/","name":"\u00bfCu\u00e1l es la longitud correcta para la cadena de mi bicicleta?","isPartOf":{"@id":"https:\/\/www.welovecycling.com\/es\/#website"},"primaryImageOfPage":{"@id":"https:\/\/www.welovecycling.com\/es\/2021\/10\/17\/longitud-correcta-cadena-bicicleta\/#primaryimage"},"image":{"@id":"https:\/\/www.welovecycling.com\/es\/2021\/10\/17\/longitud-correcta-cadena-bicicleta\/#primaryimage"},"thumbnailUrl":"https:\/\/d2p6e6u75xmxt8.cloudfront.net\/6\/2021\/10\/Bicycle-chain-pexels-adam-dubec-1595485-CVR.jpg","datePublished":"2021-10-17T17:40:55+00:00","author":{"@id":"https:\/\/www.welovecycling.com\/es\/#\/schema\/person\/deb61715b5812698ee79fb96f343ccd4"},"description":"\u00bfCu\u00e1l es la longitud correcta para la cadena de mi bicicleta? Consejos para el mantenimiento de la cadena de la bicicleta.","breadcrumb":{"@id":"https:\/\/www.welovecycling.com\/es\/2021\/10\/17\/longitud-correcta-cadena-bicicleta\/#breadcrumb"},"inLanguage":"es-ES","potentialAction":[{"@type":"ReadAction","target":["https:\/\/www.welovecycling.com\/es\/2021\/10\/17\/longitud-correcta-cadena-bicicleta\/"]}]},{"@type":"ImageObject","inLanguage":"es-ES","@id":"https:\/\/www.welovecycling.com\/es\/2021\/10\/17\/longitud-correcta-cadena-bicicleta\/#primaryimage","url":"https:\/\/d2p6e6u75xmxt8.cloudfront.net\/6\/2021\/10\/Bicycle-chain-pexels-adam-dubec-1595485-CVR.jpg","contentUrl":"https:\/\/d2p6e6u75xmxt8.cloudfront.net\/6\/2021\/10\/Bicycle-chain-pexels-adam-dubec-1595485-CVR.jpg","width":1366,"height":600,"caption":"Bicycle chain"},{"@type":"BreadcrumbList","@id":"https:\/\/www.welovecycling.com\/es\/2021\/10\/17\/longitud-correcta-cadena-bicicleta\/#breadcrumb","itemListElement":[{"@type":"ListItem","position":1,"name":"Home","item":"https:\/\/www.welovecycling.com\/es\/"},{"@type":"ListItem","position":2,"name":"\u00bfCu\u00e1l es la longitud correcta para la cadena de mi bicicleta?"}]},{"@type":"WebSite","@id":"https:\/\/www.welovecycling.com\/es\/#website","url":"https:\/\/www.welovecycling.com\/es\/","name":"\u0160koda We Love Cycling - Spain","description":"\u0160koda WeLoveCycling Spain","potentialAction":[{"@type":"SearchAction","target":{"@type":"EntryPoint","urlTemplate":"https:\/\/www.welovecycling.com\/es\/?s={search_term_string}"},"query-input":{"@type":"PropertyValueSpecification","valueRequired":true,"valueName":"search_term_string"}}],"inLanguage":"es-ES"},{"@type":"Person","@id":"https:\/\/www.welovecycling.com\/es\/#\/schema\/person\/deb61715b5812698ee79fb96f343ccd4","name":"We Love Cycling Spain","image":{"@type":"ImageObject","inLanguage":"es-ES","@id":"https:\/\/www.welovecycling.com\/es\/#\/schema\/person\/image\/","url":"https:\/\/secure.gravatar.com\/avatar\/c824b04e6df0e37a03219d0b6481672889df542894588964102459e46513159c?s=96&d=mm&r=g","contentUrl":"https:\/\/secure.gravatar.com\/avatar\/c824b04e6df0e37a03219d0b6481672889df542894588964102459e46513159c?s=96&d=mm&r=g","caption":"We Love Cycling Spain"},"url":"https:\/\/www.welovecycling.com\/es\/author\/amunoz\/"}]}},"_links":{"self":[{"href":"https:\/\/www.welovecycling.com\/es\/wp-json\/wp\/v2\/posts\/8220","targetHints":{"allow":["GET"]}}],"collection":[{"href":"https:\/\/www.welovecycling.com\/es\/wp-json\/wp\/v2\/posts"}],"about":[{"href":"https:\/\/www.welovecycling.com\/es\/wp-json\/wp\/v2\/types\/post"}],"author":[{"embeddable":true,"href":"https:\/\/www.welovecycling.com\/es\/wp-json\/wp\/v2\/users\/29"}],"replies":[{"embeddable":true,"href":"https:\/\/www.welovecycling.com\/es\/wp-json\/wp\/v2\/comments?post=8220"}],"version-history":[{"count":2,"href":"https:\/\/www.welovecycling.com\/es\/wp-json\/wp\/v2\/posts\/8220\/revisions"}],"predecessor-version":[{"id":8231,"href":"https:\/\/www.welovecycling.com\/es\/wp-json\/wp\/v2\/posts\/8220\/revisions\/8231"}],"wp:featuredmedia":[{"embeddable":true,"href":"https:\/\/www.welovecycling.com\/es\/wp-json\/wp\/v2\/media\/8229"}],"wp:attachment":[{"href":"https:\/\/www.welovecycling.com\/es\/wp-json\/wp\/v2\/media?parent=8220"}],"wp:term":[{"taxonomy":"category","embeddable":true,"href":"https:\/\/www.welovecycling.com\/es\/wp-json\/wp\/v2\/categories?post=8220"},{"taxonomy":"post_tag","embeddable":true,"href":"https:\/\/www.welovecycling.com\/es\/wp-json\/wp\/v2\/tags?post=8220"},{"taxonomy":"global-categories","embeddable":true,"href":"https:\/\/www.welovecycling.com\/es\/wp-json\/wp\/v2\/global-categories?post=8220"}],"curies":[{"name":"wp","href":"https:\/\/api.w.org\/{rel}","templated":true}]}}