{"id":8214,"date":"2021-10-12T09:54:38","date_gmt":"2021-10-12T07:54:38","guid":{"rendered":"https:\/\/www.welovecycling.com\/es\/?p=8214"},"modified":"2021-10-08T10:32:15","modified_gmt":"2021-10-08T08:32:15","slug":"vuelta-solidaria-gino-mader","status":"publish","type":"post","link":"https:\/\/www.welovecycling.com\/es\/2021\/10\/12\/vuelta-solidaria-gino-mader\/","title":{"rendered":"La Vuelta solidaria de Gino Mader"},"content":{"rendered":"<p><strong>El ciclismo no solo vive de dar pedales y salir en la tele. Hay ciclistas j\u00f3venes que aprovechan su repercusi\u00f3n para conseguir objetivos altruistas. As\u00ed naci\u00f3 La Vuelta Solidaria de Gino Mader. Que adem\u00e1s en el plan deportivo se llev\u00f3 el maillot blanco como mejor ciclista joven y terminan\u00e7o en un asombroso quinto lugar en la clasificaci\u00f3n general.<\/strong><\/p>\n<p><!--more--><\/p>\n<p>Gino Mader se comprometi\u00f3 a donar a la beneficencia 10 euros por cada corredor al que venciera en la clasificaci\u00f3n general, as\u00ed como 1 euro por cada corredor al que venciera en cada etapa. Eso supuso un total de 4.529 euros. Pero el ciclista suizo no ten\u00eda una organizaci\u00f3n ben\u00e9fica en mente cuando hizo la promesa, y dej\u00f3 que sus seguidores en Twitter decidieran a qu\u00e9 organizaci\u00f3n medioambiental quer\u00edan que diera el dinero.<\/p>\n<div class=\"embed-controller-wrapper\">\n<blockquote class=\"twitter-tweet\" data-width=\"500\" data-dnt=\"true\">\n<p lang=\"en\" dir=\"ltr\">As said in my previous tweet I\u2019ll add 10 Euros for every rider in GC too! (1370)<br \/>Donation of 4529 Euros will be done today!<br \/>Thanks to all of you who supported me throughout this Vuelta! <br \/>Recover and up we go to the next! \ud83d\ude34<\/p>\n<p>&mdash; Gino M\u00e4der (@maedergino) <a href=\"https:\/\/twitter.com\/maedergino\/status\/1435146325100834818?ref_src=twsrc%5Etfw\">September 7, 2021<\/a><\/p><\/blockquote>\n<p><script async data-src=\"https:\/\/platform.twitter.com\/widgets.js\" charset=\"utf-8\"><\/script><\/div>\n<p>&#8220;La Vuelta ha terminado&#8221;, dijo tras la <a href=\"https:\/\/www.welovecycling.com\/es\/2021\/09\/07\/roglic\/\">\u00faltima etapa d<\/a>e la Vuelta. &#8220;Ha sido una gran experiencia y una carrera que recordar\u00e9 durante mucho tiempo. Despu\u00e9s de repasar todos los comentarios, descubr\u00ed que Just Diggit era el comentario que m\u00e1s gustaba&#8221;.<\/p>\n<p><a href=\"https:\/\/justdiggit.org\/what-we-do\/\">JustDiggit<\/a> es una ONG holandesa cuya misi\u00f3n autoproclamada es la siguiente: &#8220;El calentamiento global est\u00e1 avanzando r\u00e1pidamente. Nuestra Tierra se est\u00e1 secando. Nuestro trabajo es revertirlo, y hay una d\u00e9cada para hacerlo. Sabemos que es necesario mantener el aumento de la temperatura global por debajo de 2\u00b0C, para detener el da\u00f1o irreversible al planeta que nos sustenta. Tenemos que actuar juntos y tenemos que actuar r\u00e1pido. &#8221;<\/p>\n<p>La soluci\u00f3n de la organizaci\u00f3n a ese reto es enfriar el planeta regenerando \u00c1frica. En esta labor, JustDiggit trabaja en estrecha colaboraci\u00f3n con las comunidades locales y sus socios para restaurar las tierras \u00e1ridas.<\/p>\n<div class=\"embed-controller-wrapper\">\n<blockquote class=\"twitter-tweet\" data-width=\"500\" data-dnt=\"true\">\n<p lang=\"en\" dir=\"ltr\">The Dutch interactive music video platform <a href=\"https:\/\/twitter.com\/XITENL?ref_src=twsrc%5Etfw\">@XITENL<\/a>  joined us on our mission to regreen and cool down the planet! By digging into <a href=\"https:\/\/twitter.com\/hashtag\/StreamToRegreen?src=hash&amp;ref_src=twsrc%5Etfw\">#StreamToRegreen<\/a>, they&#39;ll help us reach 100 million+ households across the EU and North America. \ud83d\ude4c <a href=\"https:\/\/t.co\/KdKYNt7MXX\">https:\/\/t.co\/KdKYNt7MXX<\/a><\/p>\n<p>&mdash; Justdiggit (@justdiggit) <a href=\"https:\/\/twitter.com\/justdiggit\/status\/1445387736148496399?ref_src=twsrc%5Etfw\">October 5, 2021<\/a><\/p><\/blockquote>\n<p><script async data-src=\"https:\/\/platform.twitter.com\/widgets.js\" charset=\"utf-8\"><\/script><\/div>\n<p>&#8220;Las t\u00e9cnicas de reverdecimiento probadas incluyen la recogida de agua de lluvia (excavaci\u00f3n de bunds), la restauraci\u00f3n de \u00e1rboles y el desarrollo de bancos de semillas de hierba&#8221;, explica el grupo. Los terraplenes son fosas semicirculares que captan el agua de lluvia y garantizan su recogida en las zonas secas, lo que permite recuperar la vegetaci\u00f3n.\u00a0Hasta ahora, los proyectos de JustDiggit han excavado m\u00e1s de 145.000 fosos.<\/p>\n<p>Adem\u00e1s, se est\u00e1n restaurando 60.000 hect\u00e1reas de terreno y se han regenerado unos 6,3 millones de \u00e1rboles en los \u00faltimos 30 meses.<\/p>\n<div class=\"embed-controller-wrapper\">\n<blockquote class=\"twitter-tweet\" data-width=\"500\" data-dnt=\"true\">\n<p lang=\"en\" dir=\"ltr\">In Singida, 232 farmers of which 47% are women, recently completed the Training of Trainers program from our partner <a href=\"https:\/\/twitter.com\/leadtz?ref_src=twsrc%5Etfw\">@leadtz<\/a>. These new ambassadors of regreening are now ready to inspire and activate their fellow farmers and thus bring back 2 million trees together! \ud83c\udf33 <a href=\"https:\/\/t.co\/2uA1of9L3E\">pic.twitter.com\/2uA1of9L3E<\/a><\/p>\n<p>&mdash; Justdiggit (@justdiggit) <a href=\"https:\/\/twitter.com\/justdiggit\/status\/1441684900906602499?ref_src=twsrc%5Etfw\">September 25, 2021<\/a><\/p><\/blockquote>\n<p><script async data-src=\"https:\/\/platform.twitter.com\/widgets.js\" charset=\"utf-8\"><\/script><\/div>\n<p>Todos sus proyectos, dice JustDiggit, son propiedad de las comunidades que viven de la tierra en la que se llevan a cabo y los ejecutan.<\/p>\n<p>As\u00ed que, de parte de la gente de We Love Cycling, un gran agradecimiento a los aficionados al ciclismo que ayudaron al corredor suizo a elegir un destinatario realmente digno del dinero. Y un enorme agradecimiento a Gino M\u00e4der por su original y generoso gesto y por su contribuci\u00f3n a la lucha contra el calentamiento global. Le deseamos m\u00e1s \u00e9xitos en el futuro y m\u00e1s gestos generosos para mejorar el planeta.<\/p>\n","protected":false},"excerpt":{"rendered":"<p>El ciclismo no solo vive de dar pedales y salir en la tele. Hay ciclistas j\u00f3venes que aprovechan su repercusi\u00f3n [&hellip;]<\/p>\n","protected":false},"author":29,"featured_media":8218,"comment_status":"open","ping_status":"open","sticky":false,"template":"","format":"standard","meta":{"footnotes":""},"categories":[7],"tags":[],"global-categories":[],"class_list":["post-8214","post","type-post","status-publish","format-standard","has-post-thumbnail","hentry","category-carretera"],"yoast_head":"<!-- This site is optimized with the Yoast SEO Premium plugin v25.3 (Yoast SEO v25.9) - https:\/\/yoast.com\/wordpress\/plugins\/seo\/ -->\n<title>La Vuelta solidaria de Gino Mader - We Love Cycling<\/title>\n<meta name=\"description\" content=\"La Vuelta solidaria de Gino Mader. El ciclista suizo se comprometi\u00f3 a donar dinero a una ONG seg\u00fan sus resultados en La Vuelta 2021.\" \/>\n<meta name=\"robots\" content=\"index, follow, max-snippet:-1, max-image-preview:large, max-video-preview:-1\" \/>\n<link rel=\"canonical\" href=\"https:\/\/www.welovecycling.com\/es\/2021\/10\/12\/vuelta-solidaria-gino-mader\/\" \/>\n<meta property=\"og:locale\" content=\"es_ES\" \/>\n<meta property=\"og:type\" content=\"article\" \/>\n<meta property=\"og:title\" content=\"La Vuelta solidaria de Gino Mader\" \/>\n<meta property=\"og:description\" content=\"La Vuelta solidaria de Gino Mader. El ciclista suizo se comprometi\u00f3 a donar dinero a una ONG seg\u00fan sus resultados en La Vuelta 2021.\" \/>\n<meta property=\"og:url\" content=\"https:\/\/www.welovecycling.com\/es\/2021\/10\/12\/vuelta-solidaria-gino-mader\/\" \/>\n<meta property=\"og:site_name\" content=\"\u0160koda We Love Cycling - Spain\" \/>\n<meta property=\"article:published_time\" content=\"2021-10-12T07:54:38+00:00\" \/>\n<meta property=\"og:image\" content=\"https:\/\/d2p6e6u75xmxt8.cloudfront.net\/6\/2021\/10\/Gino-Mader-profimedia-0630533056-CVR.jpg\" \/>\n\t<meta property=\"og:image:width\" content=\"1366\" \/>\n\t<meta property=\"og:image:height\" content=\"600\" \/>\n\t<meta property=\"og:image:type\" content=\"image\/jpeg\" \/>\n<meta name=\"author\" content=\"We Love Cycling Spain\" \/>\n<meta name=\"twitter:card\" content=\"summary_large_image\" \/>\n<meta name=\"twitter:title\" content=\"La Vuelta solidaria de Gino Mader\" \/>\n<meta name=\"twitter:description\" content=\"La Vuelta solidaria de Gino Mader. El ciclista suizo se comprometi\u00f3 a donar dinero a una ONG seg\u00fan sus resultados en La Vuelta 2021.\" \/>\n<meta name=\"twitter:label1\" content=\"Written by\" \/>\n\t<meta name=\"twitter:data1\" content=\"Siegfried Mortkowitz\" \/>\n\t<meta name=\"twitter:label2\" content=\"Est. reading time\" \/>\n\t<meta name=\"twitter:data2\" content=\"5\" \/>\n<script type=\"application\/ld+json\" class=\"yoast-schema-graph\">{\"@context\":\"https:\/\/schema.org\",\"@graph\":[{\"@type\":\"WebPage\",\"@id\":\"https:\/\/www.welovecycling.com\/es\/2021\/10\/12\/vuelta-solidaria-gino-mader\/\",\"url\":\"https:\/\/www.welovecycling.com\/es\/2021\/10\/12\/vuelta-solidaria-gino-mader\/\",\"name\":\"La Vuelta solidaria de Gino Mader - We Love Cycling\",\"isPartOf\":{\"@id\":\"https:\/\/www.welovecycling.com\/es\/#website\"},\"primaryImageOfPage\":{\"@id\":\"https:\/\/www.welovecycling.com\/es\/2021\/10\/12\/vuelta-solidaria-gino-mader\/#primaryimage\"},\"image\":{\"@id\":\"https:\/\/www.welovecycling.com\/es\/2021\/10\/12\/vuelta-solidaria-gino-mader\/#primaryimage\"},\"thumbnailUrl\":\"https:\/\/d2p6e6u75xmxt8.cloudfront.net\/6\/2021\/10\/Gino-Mader-profimedia-0630533056-CVR.jpg\",\"datePublished\":\"2021-10-12T07:54:38+00:00\",\"author\":{\"@id\":\"https:\/\/www.welovecycling.com\/es\/#\/schema\/person\/deb61715b5812698ee79fb96f343ccd4\"},\"description\":\"La Vuelta solidaria de Gino Mader. El ciclista suizo se comprometi\u00f3 a donar dinero a una ONG seg\u00fan sus resultados en La Vuelta 2021.\",\"breadcrumb\":{\"@id\":\"https:\/\/www.welovecycling.com\/es\/2021\/10\/12\/vuelta-solidaria-gino-mader\/#breadcrumb\"},\"inLanguage\":\"es-ES\",\"potentialAction\":[{\"@type\":\"ReadAction\",\"target\":[\"https:\/\/www.welovecycling.com\/es\/2021\/10\/12\/vuelta-solidaria-gino-mader\/\"]}]},{\"@type\":\"ImageObject\",\"inLanguage\":\"es-ES\",\"@id\":\"https:\/\/www.welovecycling.com\/es\/2021\/10\/12\/vuelta-solidaria-gino-mader\/#primaryimage\",\"url\":\"https:\/\/d2p6e6u75xmxt8.cloudfront.net\/6\/2021\/10\/Gino-Mader-profimedia-0630533056-CVR.jpg\",\"contentUrl\":\"https:\/\/d2p6e6u75xmxt8.cloudfront.net\/6\/2021\/10\/Gino-Mader-profimedia-0630533056-CVR.jpg\",\"width\":1366,\"height\":600,\"caption\":\"Gino M\u00e4der\"},{\"@type\":\"BreadcrumbList\",\"@id\":\"https:\/\/www.welovecycling.com\/es\/2021\/10\/12\/vuelta-solidaria-gino-mader\/#breadcrumb\",\"itemListElement\":[{\"@type\":\"ListItem\",\"position\":1,\"name\":\"Home\",\"item\":\"https:\/\/www.welovecycling.com\/es\/\"},{\"@type\":\"ListItem\",\"position\":2,\"name\":\"La Vuelta solidaria de Gino Mader\"}]},{\"@type\":\"WebSite\",\"@id\":\"https:\/\/www.welovecycling.com\/es\/#website\",\"url\":\"https:\/\/www.welovecycling.com\/es\/\",\"name\":\"\u0160koda We Love Cycling - Spain\",\"description\":\"\u0160koda WeLoveCycling Spain\",\"potentialAction\":[{\"@type\":\"SearchAction\",\"target\":{\"@type\":\"EntryPoint\",\"urlTemplate\":\"https:\/\/www.welovecycling.com\/es\/?s={search_term_string}\"},\"query-input\":{\"@type\":\"PropertyValueSpecification\",\"valueRequired\":true,\"valueName\":\"search_term_string\"}}],\"inLanguage\":\"es-ES\"},{\"@type\":\"Person\",\"@id\":\"https:\/\/www.welovecycling.com\/es\/#\/schema\/person\/deb61715b5812698ee79fb96f343ccd4\",\"name\":\"We Love Cycling Spain\",\"image\":{\"@type\":\"ImageObject\",\"inLanguage\":\"es-ES\",\"@id\":\"https:\/\/www.welovecycling.com\/es\/#\/schema\/person\/image\/\",\"url\":\"https:\/\/secure.gravatar.com\/avatar\/c824b04e6df0e37a03219d0b6481672889df542894588964102459e46513159c?s=96&d=mm&r=g\",\"contentUrl\":\"https:\/\/secure.gravatar.com\/avatar\/c824b04e6df0e37a03219d0b6481672889df542894588964102459e46513159c?s=96&d=mm&r=g\",\"caption\":\"We Love Cycling Spain\"},\"url\":\"https:\/\/www.welovecycling.com\/es\/author\/amunoz\/\"}]}<\/script>\n<!-- \/ Yoast SEO Premium plugin. -->","yoast_head_json":{"title":"La Vuelta solidaria de Gino Mader - We Love Cycling","description":"La Vuelta solidaria de Gino Mader. El ciclista suizo se comprometi\u00f3 a donar dinero a una ONG seg\u00fan sus resultados en La Vuelta 2021.","robots":{"index":"index","follow":"follow","max-snippet":"max-snippet:-1","max-image-preview":"max-image-preview:large","max-video-preview":"max-video-preview:-1"},"canonical":"https:\/\/www.welovecycling.com\/es\/2021\/10\/12\/vuelta-solidaria-gino-mader\/","og_locale":"es_ES","og_type":"article","og_title":"La Vuelta solidaria de Gino Mader","og_description":"La Vuelta solidaria de Gino Mader. El ciclista suizo se comprometi\u00f3 a donar dinero a una ONG seg\u00fan sus resultados en La Vuelta 2021.","og_url":"https:\/\/www.welovecycling.com\/es\/2021\/10\/12\/vuelta-solidaria-gino-mader\/","og_site_name":"\u0160koda We Love Cycling - Spain","article_published_time":"2021-10-12T07:54:38+00:00","og_image":[{"width":1366,"height":600,"url":"https:\/\/d2p6e6u75xmxt8.cloudfront.net\/6\/2021\/10\/Gino-Mader-profimedia-0630533056-CVR.jpg","type":"image\/jpeg"}],"author":"We Love Cycling Spain","twitter_card":"summary_large_image","twitter_title":"La Vuelta solidaria de Gino Mader","twitter_description":"La Vuelta solidaria de Gino Mader. El ciclista suizo se comprometi\u00f3 a donar dinero a una ONG seg\u00fan sus resultados en La Vuelta 2021.","twitter_misc":{"Written by":"Siegfried Mortkowitz","Est. reading time":"5"},"schema":{"@context":"https:\/\/schema.org","@graph":[{"@type":"WebPage","@id":"https:\/\/www.welovecycling.com\/es\/2021\/10\/12\/vuelta-solidaria-gino-mader\/","url":"https:\/\/www.welovecycling.com\/es\/2021\/10\/12\/vuelta-solidaria-gino-mader\/","name":"La Vuelta solidaria de Gino Mader - We Love Cycling","isPartOf":{"@id":"https:\/\/www.welovecycling.com\/es\/#website"},"primaryImageOfPage":{"@id":"https:\/\/www.welovecycling.com\/es\/2021\/10\/12\/vuelta-solidaria-gino-mader\/#primaryimage"},"image":{"@id":"https:\/\/www.welovecycling.com\/es\/2021\/10\/12\/vuelta-solidaria-gino-mader\/#primaryimage"},"thumbnailUrl":"https:\/\/d2p6e6u75xmxt8.cloudfront.net\/6\/2021\/10\/Gino-Mader-profimedia-0630533056-CVR.jpg","datePublished":"2021-10-12T07:54:38+00:00","author":{"@id":"https:\/\/www.welovecycling.com\/es\/#\/schema\/person\/deb61715b5812698ee79fb96f343ccd4"},"description":"La Vuelta solidaria de Gino Mader. El ciclista suizo se comprometi\u00f3 a donar dinero a una ONG seg\u00fan sus resultados en La Vuelta 2021.","breadcrumb":{"@id":"https:\/\/www.welovecycling.com\/es\/2021\/10\/12\/vuelta-solidaria-gino-mader\/#breadcrumb"},"inLanguage":"es-ES","potentialAction":[{"@type":"ReadAction","target":["https:\/\/www.welovecycling.com\/es\/2021\/10\/12\/vuelta-solidaria-gino-mader\/"]}]},{"@type":"ImageObject","inLanguage":"es-ES","@id":"https:\/\/www.welovecycling.com\/es\/2021\/10\/12\/vuelta-solidaria-gino-mader\/#primaryimage","url":"https:\/\/d2p6e6u75xmxt8.cloudfront.net\/6\/2021\/10\/Gino-Mader-profimedia-0630533056-CVR.jpg","contentUrl":"https:\/\/d2p6e6u75xmxt8.cloudfront.net\/6\/2021\/10\/Gino-Mader-profimedia-0630533056-CVR.jpg","width":1366,"height":600,"caption":"Gino M\u00e4der"},{"@type":"BreadcrumbList","@id":"https:\/\/www.welovecycling.com\/es\/2021\/10\/12\/vuelta-solidaria-gino-mader\/#breadcrumb","itemListElement":[{"@type":"ListItem","position":1,"name":"Home","item":"https:\/\/www.welovecycling.com\/es\/"},{"@type":"ListItem","position":2,"name":"La Vuelta solidaria de Gino Mader"}]},{"@type":"WebSite","@id":"https:\/\/www.welovecycling.com\/es\/#website","url":"https:\/\/www.welovecycling.com\/es\/","name":"\u0160koda We Love Cycling - Spain","description":"\u0160koda WeLoveCycling Spain","potentialAction":[{"@type":"SearchAction","target":{"@type":"EntryPoint","urlTemplate":"https:\/\/www.welovecycling.com\/es\/?s={search_term_string}"},"query-input":{"@type":"PropertyValueSpecification","valueRequired":true,"valueName":"search_term_string"}}],"inLanguage":"es-ES"},{"@type":"Person","@id":"https:\/\/www.welovecycling.com\/es\/#\/schema\/person\/deb61715b5812698ee79fb96f343ccd4","name":"We Love Cycling Spain","image":{"@type":"ImageObject","inLanguage":"es-ES","@id":"https:\/\/www.welovecycling.com\/es\/#\/schema\/person\/image\/","url":"https:\/\/secure.gravatar.com\/avatar\/c824b04e6df0e37a03219d0b6481672889df542894588964102459e46513159c?s=96&d=mm&r=g","contentUrl":"https:\/\/secure.gravatar.com\/avatar\/c824b04e6df0e37a03219d0b6481672889df542894588964102459e46513159c?s=96&d=mm&r=g","caption":"We Love Cycling Spain"},"url":"https:\/\/www.welovecycling.com\/es\/author\/amunoz\/"}]}},"_links":{"self":[{"href":"https:\/\/www.welovecycling.com\/es\/wp-json\/wp\/v2\/posts\/8214","targetHints":{"allow":["GET"]}}],"collection":[{"href":"https:\/\/www.welovecycling.com\/es\/wp-json\/wp\/v2\/posts"}],"about":[{"href":"https:\/\/www.welovecycling.com\/es\/wp-json\/wp\/v2\/types\/post"}],"author":[{"embeddable":true,"href":"https:\/\/www.welovecycling.com\/es\/wp-json\/wp\/v2\/users\/29"}],"replies":[{"embeddable":true,"href":"https:\/\/www.welovecycling.com\/es\/wp-json\/wp\/v2\/comments?post=8214"}],"version-history":[{"count":1,"href":"https:\/\/www.welovecycling.com\/es\/wp-json\/wp\/v2\/posts\/8214\/revisions"}],"predecessor-version":[{"id":8219,"href":"https:\/\/www.welovecycling.com\/es\/wp-json\/wp\/v2\/posts\/8214\/revisions\/8219"}],"wp:featuredmedia":[{"embeddable":true,"href":"https:\/\/www.welovecycling.com\/es\/wp-json\/wp\/v2\/media\/8218"}],"wp:attachment":[{"href":"https:\/\/www.welovecycling.com\/es\/wp-json\/wp\/v2\/media?parent=8214"}],"wp:term":[{"taxonomy":"category","embeddable":true,"href":"https:\/\/www.welovecycling.com\/es\/wp-json\/wp\/v2\/categories?post=8214"},{"taxonomy":"post_tag","embeddable":true,"href":"https:\/\/www.welovecycling.com\/es\/wp-json\/wp\/v2\/tags?post=8214"},{"taxonomy":"global-categories","embeddable":true,"href":"https:\/\/www.welovecycling.com\/es\/wp-json\/wp\/v2\/global-categories?post=8214"}],"curies":[{"name":"wp","href":"https:\/\/api.w.org\/{rel}","templated":true}]}}