{"id":8207,"date":"2021-10-09T09:48:20","date_gmt":"2021-10-09T07:48:20","guid":{"rendered":"https:\/\/www.welovecycling.com\/es\/?p=8207"},"modified":"2021-10-08T09:49:29","modified_gmt":"2021-10-08T07:49:29","slug":"team-skoda","status":"publish","type":"post","link":"https:\/\/www.welovecycling.com\/es\/2021\/10\/09\/team-skoda\/","title":{"rendered":"El Team \u0160koda We Love Cycling, listo para el desierto"},"content":{"rendered":"<p><strong>La Titan Desert 2021 cuenta las horas para ponerse en marcha, igual que los dos ciclistas del Team \u0160koda We Love Cycling que van a pelear por el desierto. La leyenda <a href=\"https:\/\/www.instagram.com\/tomimisser\/\">Tomy Misser<\/a> y <a href=\"https:\/\/www.instagram.com\/misha_sekulova\/\">Misha Sekulova<\/a> competir\u00e1n en la categor\u00eda de parejas mixtas y cada d\u00eda nos contar\u00e1n a trav\u00e9s de sus redes sociales y las de \u0160koda <a href=\"https:\/\/www.instagram.com\/skoda_welovecycling_es\/\">We Love Cycling<\/a> como se desarrolla su aventura en el desierto. .<\/strong><\/p>\n<p><!--more--><\/p>\n<p>Ser\u00e1 la primera vez para ambos formando dupla en la Titan Desert, aunque ninguno de los dos es debutante en estas lides. <strong>Misha<\/strong> suma con esta su cuarta Titan y <strong>Tomy <\/strong>, que es un habitual de la carrera, lleva m\u00e1s de 20 a\u00f1os compitiendo en MTB por todo el mundo con t\u00edtulos mundiales a sus espaldas. Ya en la pasada Titan Desert en Almer\u00eda compartieron equipo \u00a0<strong>\u0160koda<\/strong> aunque en diferentes categor\u00edas.<\/p>\n<blockquote class=\"instagram-media\" style=\"background: #FFF; border: 0; border-radius: 3px; box-shadow: 0 0 1px 0 rgba(0,0,0,0.5),0 1px 10px 0 rgba(0,0,0,0.15); margin: 1px; max-width: 540px; min-width: 326px; padding: 0; width: calc(100% - 2px);\" data-instgrm-captioned=\"\" data-instgrm-permalink=\"https:\/\/www.instagram.com\/p\/CUmFbELoYJw\/?utm_source=ig_embed&amp;utm_campaign=loading\" data-instgrm-version=\"14\">\n<div style=\"padding: 16px;\">\n<p>&nbsp;<\/p>\n<div style=\"display: flex; flex-direction: row; align-items: center;\">\n<div style=\"background-color: #f4f4f4; border-radius: 50%; flex-grow: 0; height: 40px; margin-right: 14px; width: 40px;\"><\/div>\n<div style=\"display: flex; flex-direction: column; flex-grow: 1; justify-content: center;\">\n<div style=\"background-color: #f4f4f4; border-radius: 4px; flex-grow: 0; height: 14px; margin-bottom: 6px; width: 100px;\"><\/div>\n<div style=\"background-color: #f4f4f4; border-radius: 4px; flex-grow: 0; height: 14px; width: 60px;\"><\/div>\n<\/div>\n<\/div>\n<div style=\"padding: 19% 0;\"><\/div>\n<div style=\"display: block; height: 50px; margin: 0 auto 12px; width: 50px;\"><\/div>\n<div style=\"padding-top: 8px;\">\n<div style=\"color: #3897f0; font-family: Arial,sans-serif; font-size: 14px; font-style: normal; font-weight: 550; line-height: 18px;\">View this post on Instagram<\/div>\n<\/div>\n<div style=\"padding: 12.5% 0;\"><\/div>\n<div style=\"display: flex; flex-direction: row; margin-bottom: 14px; align-items: center;\">\n<div>\n<div style=\"background-color: #f4f4f4; border-radius: 50%; height: 12.5px; width: 12.5px; transform: translateX(0px) translateY(7px);\"><\/div>\n<div style=\"background-color: #f4f4f4; height: 12.5px; transform: rotate(-45deg) translateX(3px) translateY(1px); width: 12.5px; flex-grow: 0; margin-right: 14px; margin-left: 2px;\"><\/div>\n<div style=\"background-color: #f4f4f4; border-radius: 50%; height: 12.5px; width: 12.5px; transform: translateX(9px) translateY(-18px);\"><\/div>\n<\/div>\n<div style=\"margin-left: 8px;\">\n<div style=\"background-color: #f4f4f4; border-radius: 50%; flex-grow: 0; height: 20px; width: 20px;\"><\/div>\n<div style=\"width: 0; height: 0; border-top: 2px solid transparent; border-left: 6px solid #f4f4f4; border-bottom: 2px solid transparent; transform: translateX(16px) translateY(-4px) rotate(30deg);\"><\/div>\n<\/div>\n<div style=\"margin-left: auto;\">\n<div style=\"width: 0px; border-top: 8px solid #F4F4F4; border-right: 8px solid transparent; transform: translateY(16px);\"><\/div>\n<div style=\"background-color: #f4f4f4; flex-grow: 0; height: 12px; width: 16px; transform: translateY(-4px);\"><\/div>\n<div style=\"width: 0; height: 0; border-top: 8px solid #F4F4F4; border-left: 8px solid transparent; transform: translateY(-4px) translateX(8px);\"><\/div>\n<\/div>\n<\/div>\n<div style=\"display: flex; flex-direction: column; flex-grow: 1; justify-content: center; margin-bottom: 24px;\">\n<div style=\"background-color: #f4f4f4; border-radius: 4px; flex-grow: 0; height: 14px; margin-bottom: 6px; width: 224px;\"><\/div>\n<div style=\"background-color: #f4f4f4; border-radius: 4px; flex-grow: 0; height: 14px; width: 144px;\"><\/div>\n<\/div>\n<p>&nbsp;<\/p>\n<p style=\"color: #c9c8cd; font-family: Arial,sans-serif; font-size: 14px; line-height: 17px; margin-bottom: 0; margin-top: 8px; overflow: hidden; padding: 8px 0 7px; text-align: center; text-overflow: ellipsis; white-space: nowrap;\"><a style=\"color: #c9c8cd; font-family: Arial,sans-serif; font-size: 14px; font-style: normal; font-weight: normal; line-height: 17px; text-decoration: none;\" href=\"https:\/\/www.instagram.com\/p\/CUmFbELoYJw\/?utm_source=ig_embed&amp;utm_campaign=loading\" target=\"_blank\" rel=\"noopener\">Una publicaci\u00f3n compartida de \ud835\udc74\ud835\udc8a\ud835\udc94\ud835\udc89\ud835\udc82\ud83e\uddda\u200d\u2640\ufe0f\ud83e\uddb7 (@misha_sekulova)<\/a><\/p>\n<\/div>\n<\/blockquote>\n<p><script async src=\"\/\/www.instagram.com\/embed.js\"><\/script><\/p>\n<p>Para ellos ser\u00e1 un reto, igual que para los m\u00e1s de 400 ciclistas que vuelven al desierto de Marruecos despu\u00e9s de un a\u00f1o de ausencia. Ser\u00e1 la Titan Desert del retorno. Pero, \u00bfC\u00f3mo es\u00a0 el recorrido de esta edici\u00f3n de 2021?<\/p>\n<h3><strong>ETAPAS TITAN DESERT 2021<\/strong><\/h3>\n<p><img loading=\"lazy\" decoding=\"async\" class=\"alignnone size-extra-large loading\" src=\"https:\/\/img.aso.fr\/core_app\/img-motorSports-ttd-jpg\/all-stages-td2021\/4268\/0:0,1920:1080-1200-0-70\/6d31f\" width=\"1200\" height=\"675\" data-was-processed=\"true\" \/><\/p>\n<p>En este 2021 las seis etapas sumar\u00e1n m\u00e1s de 600 kil\u00f3metros y 7.600 metros de desnivel. Despu\u00e9s de la jornada de aclimataci\u00f3n en Boumalne Dades, el domingo 23 de mayo llega la primera etapa, que ser\u00e1 larga, 103 kil\u00f3metros, de monta\u00f1a 1950 metros de desnivel y circular, para acabar otra vez en Boulmane Dades. Eso s\u00ed, con el puerto <strong>\u0160koda Challenge<\/strong>\u00a0como <a href=\"https:\/\/www.welovecycling.com\/es\/2021\/10\/05\/titan-desert-2021-skoda-adventure\/\">aliciente de la jornada.<\/a><\/p>\n<p>El d\u00eda siguiente toca hacer las maletas, salida de Boulmane Dades para hacer la etapa de\u00a0<strong>monta\u00f1a<\/strong>\u00a0m\u00e1s dura por Sahro marroqu\u00ed con 127 kil\u00f3metros y 2.450 metros de desnivel y acabar en Ait Yahya. La tercera etapa es el primer sector de la<strong>\u00a0etapa marat\u00f3n<\/strong>\u00a0(en la que est\u00e1 prohibida la ayuda externa y los corredores deben llevar ellos mismos el material que consideren necesario para pasar la noche.). Ser\u00e1n 98 kil\u00f3metros y 664 metros de desnivel de una jornada in\u00e9dita, jam\u00e1s la Titan Desert hab\u00eda bajado tan al sur, llegando a rozar la frontera argelina en las inmediaciones de Tafraoute, donde est\u00e1 la meta.<\/p>\n<p>La cuarta etapa, entre\u00a0<strong>Tafraoute y Erg Chebb<\/strong>i, es la m\u00e1s larga con 130 kil\u00f3metros y 1075 metros de desnivel. Tiene alg\u00fan tramo arenoso para ir acostumbrando a los ciclista a lo que les espera. Y es que en las dos \u00faltimas jornadas vuelven las\u00a0<strong>dunas<\/strong>. La primera en bucle en\u00a0<strong>Erg Chebbi con 107 kil\u00f3metros arena y navegaci\u00f3n<\/strong>\u00a0y la etapa final desde Erg Chebbi a Maadid con 74 kil\u00f3metros \u00a0y que ser\u00e1 una etapa distinta a las habituales de este \u00faltimo d\u00eda. Piedras, arena y cruzar un rio antes de llegar a meta.<\/p>\n<p><a href=\"https:\/\/www.titandesert.com\/es\/recorrido-general\" target=\"_blank\" rel=\"noopener noreferrer\">1\u00aa Etapa \u2013 23\/05\/2021 \u2013 Boumalne Dades \u2013 Boumalne 103 km<br \/>\n2\u00aa Etapa \u2013 24\/05\/2021 \u2013 Boumalne Dades \u2013 Ait Yahya 127 km<br \/>\n3\u00aa Etapa \u2013 25\/05\/2021 \u2013 Ait Yahya \u2013 Tafraoute (Etapa Marathon) 99 km<br \/>\n4\u00aa Etapa \u2013 26\/05\/2021 \u2013 Tafraoute \u2013 Erg Chebbi 130 km<br \/>\n5\u00aa Etapa \u2013 27\/05\/2021 \u2013 Erg Chebbi \u2013 Erg Chebbi 107 km<br \/>\n6\u00aa Etapa \u2013 28\/05\/2021 \u2013 Erg Chebbi \u2013 Maadid 74 km<\/a><\/p>\n<h3><strong>SOSTENIBILIDAD EN EL DESIERTO. SKODA ENYAQ<\/strong><\/h3>\n<p>La Titan Desert 2021 tambi\u00e9n llega con novedades en sostenibilidad. Por primera vez dos de los veh\u00edculos SKODA que abrir\u00e1n la carrera ser\u00e1n totalmente el\u00e9ctricos. El modelo <strong>ENYAQ iV<\/strong>, que ya debut\u00f3 en el <a href=\"https:\/\/www.welovecycling.com\/es\/2021\/07\/01\/enyaq-iv-rojo-director-tour-francia\/\">Tour de Francia<\/a> y en la <a href=\"https:\/\/www.welovecycling.com\/es\/2020\/11\/05\/skoda-enyaq-iv-la-vuelta\/\">Vuelta a Espa\u00f1a\u00a0<\/a> en el 2020, se atreve con la aventura del desierto.<\/p>\n<p><a href=\"https:\/\/d2p6e6u75xmxt8.cloudfront.net\/6\/2020\/11\/LaVuelta-ENYAQiV-5.jpg\"><img loading=\"lazy\" decoding=\"async\" class=\"aligncenter size-large wp-image-6861\" src=\"https:\/\/d2p6e6u75xmxt8.cloudfront.net\/6\/2020\/11\/LaVuelta-ENYAQiV-5-1024x683.jpg\" alt=\"\u0160koda ENYAQ iV\" width=\"1024\" height=\"683\" srcset=\"https:\/\/d2p6e6u75xmxt8.cloudfront.net\/6\/2020\/11\/LaVuelta-ENYAQiV-5-1024x683.jpg 1024w, https:\/\/d2p6e6u75xmxt8.cloudfront.net\/6\/2020\/11\/LaVuelta-ENYAQiV-5-300x200.jpg 300w, https:\/\/d2p6e6u75xmxt8.cloudfront.net\/6\/2020\/11\/LaVuelta-ENYAQiV-5-768x512.jpg 768w, https:\/\/d2p6e6u75xmxt8.cloudfront.net\/6\/2020\/11\/LaVuelta-ENYAQiV-5-1536x1025.jpg 1536w, https:\/\/d2p6e6u75xmxt8.cloudfront.net\/6\/2020\/11\/LaVuelta-ENYAQiV-5-1920x1281.jpg 1920w, https:\/\/d2p6e6u75xmxt8.cloudfront.net\/6\/2020\/11\/LaVuelta-ENYAQiV-5-272x182.jpg 272w, https:\/\/d2p6e6u75xmxt8.cloudfront.net\/6\/2020\/11\/LaVuelta-ENYAQiV-5.jpg 2048w, https:\/\/d2p6e6u75xmxt8.cloudfront.net\/6\/2020\/11\/LaVuelta-ENYAQiV-5-1920x1281.jpg 1920w\" sizes=\"auto, (max-width: 1024px) 100vw, 1024px\" \/><\/a><\/p>\n<p>El modelo ENYAQ iV utiliza el kit de herramientas de electrificaci\u00f3n modular (MEB), lo que lo convierte en el segundo veh\u00edculo totalmente electrificado de <strong>\u0160koda<\/strong>\u00a0despu\u00e9s de una s\u00f3lida l\u00ednea de h\u00edbridos enchufables.<\/p>\n<p>El\u00a0<a href=\"https:\/\/www.skoda.es\/modelos\/enyaq\/enyaq-iv\"><strong>ENYAQ iV<\/strong><\/a> que acompa\u00f1ar\u00e1 la Titan al Desierto estar\u00e1 disponible en varias versiones diferentes, con el paquete de bater\u00edas que van desde 55 kWh a 82 kWh y una sola carga permite rodar 500 km. Los modelos de gama alta contar\u00e1n, entre otros, con componentes y accesorios de \u00faltima generaci\u00f3n, como llantas de aleaci\u00f3n de 20\u2033, pantalla de 13\u2033 en el salpicadero, sensores de aparcamiento traseros, sensores de luz y de lluvia, programa de masaje incorporado en el asiento del conductor, el sistema de entrada sin llave (KESSY) y una cabina telef\u00f3nica con carga inductiva, y el modelo exclusivo todo incluido contar\u00e1 tambi\u00e9n con la funci\u00f3n de alerta al conductor con detecci\u00f3n de fatiga y un maletero el\u00e9ctrico con pedal virtual.<\/p>\n<p>El ENYAQ\u00a0iV\u00a0reemplaza los niveles de acabado cl\u00e1sicos y destaca por el uso de materiales sostenibles con los que consigue el acabado perfecto para satisfacer todas las exigencias de la competencia. Adem\u00e1s, cuenta con una\u00a0<strong>gran pantalla de 13 pulgadas<\/strong>, nuevo Virtual\u00a0Cockpit\u00a0y servicios online espec\u00edficos para facilitar la transmisi\u00f3n de informaci\u00f3n hacia y desde el propio veh\u00edculo.<br \/>\n<a class=\"colorbox-initialized cboxElement\" href=\"https:\/\/d2p6e6u75xmxt8.cloudfront.net\/6\/2020\/09\/Enyaq-tdf-8.jpg\"><img loading=\"lazy\" decoding=\"async\" class=\"aligncenter size-large wp-image-6591 loading\" src=\"https:\/\/d2p6e6u75xmxt8.cloudfront.net\/6\/2020\/09\/Enyaq-tdf-8-1024x576.jpg\" sizes=\"auto, (max-width: 1024px) 100vw, 1024px\" srcset=\"https:\/\/d2p6e6u75xmxt8.cloudfront.net\/6\/2020\/09\/Enyaq-tdf-8-1024x576.jpg 1024w, https:\/\/d2p6e6u75xmxt8.cloudfront.net\/6\/2020\/09\/Enyaq-tdf-8-300x169.jpg 300w, https:\/\/d2p6e6u75xmxt8.cloudfront.net\/6\/2020\/09\/Enyaq-tdf-8-768x432.jpg 768w, https:\/\/d2p6e6u75xmxt8.cloudfront.net\/6\/2020\/09\/Enyaq-tdf-8.jpg 1458w\" alt=\"\" width=\"1024\" height=\"576\" data-was-processed=\"true\" \/><\/a><\/p>\n<p>El SUV\u00a0<strong>puede advertir autom\u00e1ticamente de colisiones con otros veh\u00edculos u obst\u00e1culos fijos, previniendo as\u00ed un accidente por completo o al menos minimizando sus consecuencias<\/strong>.<\/p>\n","protected":false},"excerpt":{"rendered":"<p>La Titan Desert 2021 cuenta las horas para ponerse en marcha, igual que los dos ciclistas del Team \u0160koda We [&hellip;]<\/p>\n","protected":false},"author":29,"featured_media":8212,"comment_status":"open","ping_status":"open","sticky":false,"template":"","format":"standard","meta":{"footnotes":""},"categories":[9],"tags":[149],"global-categories":[1164],"class_list":["post-8207","post","type-post","status-publish","format-standard","has-post-thumbnail","hentry","category-mtb-aventura","tag-titan-desert","global-categories-cycling"],"yoast_head":"<!-- This site is optimized with the Yoast SEO Premium plugin v25.3 (Yoast SEO v25.9) - https:\/\/yoast.com\/wordpress\/plugins\/seo\/ -->\n<title>El Team \u0160koda We Love Cycling, listo para el desierto - \u0160koda We Love Cycling - Spain<\/title>\n<meta name=\"description\" content=\"El Team \u0160koda We Love Cycling, listo para el desierto. Arranca la Titan Desert con Tomy Misser y Misha Sekulova en el equipo \u0160koda.\" \/>\n<meta name=\"robots\" content=\"index, follow, max-snippet:-1, max-image-preview:large, max-video-preview:-1\" \/>\n<link rel=\"canonical\" href=\"https:\/\/www.welovecycling.com\/es\/2021\/10\/09\/team-skoda\/\" \/>\n<meta property=\"og:locale\" content=\"es_ES\" \/>\n<meta property=\"og:type\" content=\"article\" \/>\n<meta property=\"og:title\" content=\"El Team \u0160koda We Love Cycling, listo para el desierto\" \/>\n<meta property=\"og:description\" content=\"El Team \u0160koda We Love Cycling, listo para el desierto. Arranca la Titan Desert con Tomy Misser y Misha Sekulova en el equipo \u0160koda.\" \/>\n<meta property=\"og:url\" content=\"https:\/\/www.welovecycling.com\/es\/2021\/10\/09\/team-skoda\/\" \/>\n<meta property=\"og:site_name\" content=\"\u0160koda We Love Cycling - Spain\" \/>\n<meta property=\"article:published_time\" content=\"2021-10-09T07:48:20+00:00\" \/>\n<meta property=\"og:image\" content=\"https:\/\/d2p6e6u75xmxt8.cloudfront.net\/6\/2021\/10\/Titan_desert_2020.jpg\" \/>\n\t<meta property=\"og:image:width\" content=\"1000\" \/>\n\t<meta property=\"og:image:height\" content=\"667\" \/>\n\t<meta property=\"og:image:type\" content=\"image\/jpeg\" \/>\n<meta name=\"author\" content=\"We Love Cycling Spain\" \/>\n<meta name=\"twitter:card\" content=\"summary_large_image\" \/>\n<meta name=\"twitter:title\" content=\"El Team \u0160koda We Love Cycling, listo para el desierto\" \/>\n<meta name=\"twitter:description\" content=\"El Team \u0160koda We Love Cycling, listo para el desierto. Arranca la Titan Desert con Tomy Misser y Misha Sekulova en el equipo \u0160koda.\" \/>\n<meta name=\"twitter:label1\" content=\"Written by\" \/>\n\t<meta name=\"twitter:data1\" content=\"Luis Ortega @ciclored\" \/>\n\t<meta name=\"twitter:label2\" content=\"Est. reading time\" \/>\n\t<meta name=\"twitter:data2\" content=\"4 minutes\" \/>\n<script type=\"application\/ld+json\" class=\"yoast-schema-graph\">{\"@context\":\"https:\/\/schema.org\",\"@graph\":[{\"@type\":\"WebPage\",\"@id\":\"https:\/\/www.welovecycling.com\/es\/2021\/10\/09\/team-skoda\/\",\"url\":\"https:\/\/www.welovecycling.com\/es\/2021\/10\/09\/team-skoda\/\",\"name\":\"El Team \u0160koda We Love Cycling, listo para el desierto - \u0160koda We Love Cycling - Spain\",\"isPartOf\":{\"@id\":\"https:\/\/www.welovecycling.com\/es\/#website\"},\"primaryImageOfPage\":{\"@id\":\"https:\/\/www.welovecycling.com\/es\/2021\/10\/09\/team-skoda\/#primaryimage\"},\"image\":{\"@id\":\"https:\/\/www.welovecycling.com\/es\/2021\/10\/09\/team-skoda\/#primaryimage\"},\"thumbnailUrl\":\"https:\/\/d2p6e6u75xmxt8.cloudfront.net\/6\/2021\/10\/Titan_desert_2020.jpg\",\"datePublished\":\"2021-10-09T07:48:20+00:00\",\"author\":{\"@id\":\"https:\/\/www.welovecycling.com\/es\/#\/schema\/person\/deb61715b5812698ee79fb96f343ccd4\"},\"description\":\"El Team \u0160koda We Love Cycling, listo para el desierto. Arranca la Titan Desert con Tomy Misser y Misha Sekulova en el equipo \u0160koda.\",\"breadcrumb\":{\"@id\":\"https:\/\/www.welovecycling.com\/es\/2021\/10\/09\/team-skoda\/#breadcrumb\"},\"inLanguage\":\"es-ES\",\"potentialAction\":[{\"@type\":\"ReadAction\",\"target\":[\"https:\/\/www.welovecycling.com\/es\/2021\/10\/09\/team-skoda\/\"]}]},{\"@type\":\"ImageObject\",\"inLanguage\":\"es-ES\",\"@id\":\"https:\/\/www.welovecycling.com\/es\/2021\/10\/09\/team-skoda\/#primaryimage\",\"url\":\"https:\/\/d2p6e6u75xmxt8.cloudfront.net\/6\/2021\/10\/Titan_desert_2020.jpg\",\"contentUrl\":\"https:\/\/d2p6e6u75xmxt8.cloudfront.net\/6\/2021\/10\/Titan_desert_2020.jpg\",\"width\":1000,\"height\":667},{\"@type\":\"BreadcrumbList\",\"@id\":\"https:\/\/www.welovecycling.com\/es\/2021\/10\/09\/team-skoda\/#breadcrumb\",\"itemListElement\":[{\"@type\":\"ListItem\",\"position\":1,\"name\":\"Home\",\"item\":\"https:\/\/www.welovecycling.com\/es\/\"},{\"@type\":\"ListItem\",\"position\":2,\"name\":\"El Team \u0160koda We Love Cycling, listo para el desierto\"}]},{\"@type\":\"WebSite\",\"@id\":\"https:\/\/www.welovecycling.com\/es\/#website\",\"url\":\"https:\/\/www.welovecycling.com\/es\/\",\"name\":\"\u0160koda We Love Cycling - Spain\",\"description\":\"\u0160koda WeLoveCycling Spain\",\"potentialAction\":[{\"@type\":\"SearchAction\",\"target\":{\"@type\":\"EntryPoint\",\"urlTemplate\":\"https:\/\/www.welovecycling.com\/es\/?s={search_term_string}\"},\"query-input\":{\"@type\":\"PropertyValueSpecification\",\"valueRequired\":true,\"valueName\":\"search_term_string\"}}],\"inLanguage\":\"es-ES\"},{\"@type\":\"Person\",\"@id\":\"https:\/\/www.welovecycling.com\/es\/#\/schema\/person\/deb61715b5812698ee79fb96f343ccd4\",\"name\":\"We Love Cycling Spain\",\"image\":{\"@type\":\"ImageObject\",\"inLanguage\":\"es-ES\",\"@id\":\"https:\/\/www.welovecycling.com\/es\/#\/schema\/person\/image\/\",\"url\":\"https:\/\/secure.gravatar.com\/avatar\/c824b04e6df0e37a03219d0b6481672889df542894588964102459e46513159c?s=96&d=mm&r=g\",\"contentUrl\":\"https:\/\/secure.gravatar.com\/avatar\/c824b04e6df0e37a03219d0b6481672889df542894588964102459e46513159c?s=96&d=mm&r=g\",\"caption\":\"We Love Cycling Spain\"},\"url\":\"https:\/\/www.welovecycling.com\/es\/author\/amunoz\/\"}]}<\/script>\n<!-- \/ Yoast SEO Premium plugin. -->","yoast_head_json":{"title":"El Team \u0160koda We Love Cycling, listo para el desierto - \u0160koda We Love Cycling - Spain","description":"El Team \u0160koda We Love Cycling, listo para el desierto. Arranca la Titan Desert con Tomy Misser y Misha Sekulova en el equipo \u0160koda.","robots":{"index":"index","follow":"follow","max-snippet":"max-snippet:-1","max-image-preview":"max-image-preview:large","max-video-preview":"max-video-preview:-1"},"canonical":"https:\/\/www.welovecycling.com\/es\/2021\/10\/09\/team-skoda\/","og_locale":"es_ES","og_type":"article","og_title":"El Team \u0160koda We Love Cycling, listo para el desierto","og_description":"El Team \u0160koda We Love Cycling, listo para el desierto. Arranca la Titan Desert con Tomy Misser y Misha Sekulova en el equipo \u0160koda.","og_url":"https:\/\/www.welovecycling.com\/es\/2021\/10\/09\/team-skoda\/","og_site_name":"\u0160koda We Love Cycling - Spain","article_published_time":"2021-10-09T07:48:20+00:00","og_image":[{"width":1000,"height":667,"url":"https:\/\/d2p6e6u75xmxt8.cloudfront.net\/6\/2021\/10\/Titan_desert_2020.jpg","type":"image\/jpeg"}],"author":"We Love Cycling Spain","twitter_card":"summary_large_image","twitter_title":"El Team \u0160koda We Love Cycling, listo para el desierto","twitter_description":"El Team \u0160koda We Love Cycling, listo para el desierto. Arranca la Titan Desert con Tomy Misser y Misha Sekulova en el equipo \u0160koda.","twitter_misc":{"Written by":"Luis Ortega @ciclored","Est. reading time":"4 minutes"},"schema":{"@context":"https:\/\/schema.org","@graph":[{"@type":"WebPage","@id":"https:\/\/www.welovecycling.com\/es\/2021\/10\/09\/team-skoda\/","url":"https:\/\/www.welovecycling.com\/es\/2021\/10\/09\/team-skoda\/","name":"El Team \u0160koda We Love Cycling, listo para el desierto - \u0160koda We Love Cycling - Spain","isPartOf":{"@id":"https:\/\/www.welovecycling.com\/es\/#website"},"primaryImageOfPage":{"@id":"https:\/\/www.welovecycling.com\/es\/2021\/10\/09\/team-skoda\/#primaryimage"},"image":{"@id":"https:\/\/www.welovecycling.com\/es\/2021\/10\/09\/team-skoda\/#primaryimage"},"thumbnailUrl":"https:\/\/d2p6e6u75xmxt8.cloudfront.net\/6\/2021\/10\/Titan_desert_2020.jpg","datePublished":"2021-10-09T07:48:20+00:00","author":{"@id":"https:\/\/www.welovecycling.com\/es\/#\/schema\/person\/deb61715b5812698ee79fb96f343ccd4"},"description":"El Team \u0160koda We Love Cycling, listo para el desierto. Arranca la Titan Desert con Tomy Misser y Misha Sekulova en el equipo \u0160koda.","breadcrumb":{"@id":"https:\/\/www.welovecycling.com\/es\/2021\/10\/09\/team-skoda\/#breadcrumb"},"inLanguage":"es-ES","potentialAction":[{"@type":"ReadAction","target":["https:\/\/www.welovecycling.com\/es\/2021\/10\/09\/team-skoda\/"]}]},{"@type":"ImageObject","inLanguage":"es-ES","@id":"https:\/\/www.welovecycling.com\/es\/2021\/10\/09\/team-skoda\/#primaryimage","url":"https:\/\/d2p6e6u75xmxt8.cloudfront.net\/6\/2021\/10\/Titan_desert_2020.jpg","contentUrl":"https:\/\/d2p6e6u75xmxt8.cloudfront.net\/6\/2021\/10\/Titan_desert_2020.jpg","width":1000,"height":667},{"@type":"BreadcrumbList","@id":"https:\/\/www.welovecycling.com\/es\/2021\/10\/09\/team-skoda\/#breadcrumb","itemListElement":[{"@type":"ListItem","position":1,"name":"Home","item":"https:\/\/www.welovecycling.com\/es\/"},{"@type":"ListItem","position":2,"name":"El Team \u0160koda We Love Cycling, listo para el desierto"}]},{"@type":"WebSite","@id":"https:\/\/www.welovecycling.com\/es\/#website","url":"https:\/\/www.welovecycling.com\/es\/","name":"\u0160koda We Love Cycling - Spain","description":"\u0160koda WeLoveCycling Spain","potentialAction":[{"@type":"SearchAction","target":{"@type":"EntryPoint","urlTemplate":"https:\/\/www.welovecycling.com\/es\/?s={search_term_string}"},"query-input":{"@type":"PropertyValueSpecification","valueRequired":true,"valueName":"search_term_string"}}],"inLanguage":"es-ES"},{"@type":"Person","@id":"https:\/\/www.welovecycling.com\/es\/#\/schema\/person\/deb61715b5812698ee79fb96f343ccd4","name":"We Love Cycling Spain","image":{"@type":"ImageObject","inLanguage":"es-ES","@id":"https:\/\/www.welovecycling.com\/es\/#\/schema\/person\/image\/","url":"https:\/\/secure.gravatar.com\/avatar\/c824b04e6df0e37a03219d0b6481672889df542894588964102459e46513159c?s=96&d=mm&r=g","contentUrl":"https:\/\/secure.gravatar.com\/avatar\/c824b04e6df0e37a03219d0b6481672889df542894588964102459e46513159c?s=96&d=mm&r=g","caption":"We Love Cycling Spain"},"url":"https:\/\/www.welovecycling.com\/es\/author\/amunoz\/"}]}},"_links":{"self":[{"href":"https:\/\/www.welovecycling.com\/es\/wp-json\/wp\/v2\/posts\/8207","targetHints":{"allow":["GET"]}}],"collection":[{"href":"https:\/\/www.welovecycling.com\/es\/wp-json\/wp\/v2\/posts"}],"about":[{"href":"https:\/\/www.welovecycling.com\/es\/wp-json\/wp\/v2\/types\/post"}],"author":[{"embeddable":true,"href":"https:\/\/www.welovecycling.com\/es\/wp-json\/wp\/v2\/users\/29"}],"replies":[{"embeddable":true,"href":"https:\/\/www.welovecycling.com\/es\/wp-json\/wp\/v2\/comments?post=8207"}],"version-history":[{"count":2,"href":"https:\/\/www.welovecycling.com\/es\/wp-json\/wp\/v2\/posts\/8207\/revisions"}],"predecessor-version":[{"id":8213,"href":"https:\/\/www.welovecycling.com\/es\/wp-json\/wp\/v2\/posts\/8207\/revisions\/8213"}],"wp:featuredmedia":[{"embeddable":true,"href":"https:\/\/www.welovecycling.com\/es\/wp-json\/wp\/v2\/media\/8212"}],"wp:attachment":[{"href":"https:\/\/www.welovecycling.com\/es\/wp-json\/wp\/v2\/media?parent=8207"}],"wp:term":[{"taxonomy":"category","embeddable":true,"href":"https:\/\/www.welovecycling.com\/es\/wp-json\/wp\/v2\/categories?post=8207"},{"taxonomy":"post_tag","embeddable":true,"href":"https:\/\/www.welovecycling.com\/es\/wp-json\/wp\/v2\/tags?post=8207"},{"taxonomy":"global-categories","embeddable":true,"href":"https:\/\/www.welovecycling.com\/es\/wp-json\/wp\/v2\/global-categories?post=8207"}],"curies":[{"name":"wp","href":"https:\/\/api.w.org\/{rel}","templated":true}]}}