{"id":8192,"date":"2021-10-04T17:30:21","date_gmt":"2021-10-04T15:30:21","guid":{"rendered":"https:\/\/www.welovecycling.com\/es\/?p=8192"},"modified":"2021-10-04T17:30:21","modified_gmt":"2021-10-04T15:30:21","slug":"documentales-de-ciclismo","status":"publish","type":"post","link":"https:\/\/www.welovecycling.com\/es\/2021\/10\/04\/documentales-de-ciclismo\/","title":{"rendered":"Documentales de ciclismo para ver este oto\u00f1o"},"content":{"rendered":"<p><strong>Ya sabes que somos firmes defensores de no dejar las bicis paradas durante la temporada baja, pero aun as\u00ed, los d\u00edas de ganas de holgazanear se multiplican en oto\u00f1o. No tienes que sentirte culpable por ello: rel\u00e1jate y mira algunos documentales de ciclismo mientras lo haces. Aqu\u00ed tienes nuestra selecci\u00f3n de documentales que no deber\u00edas perderte.<\/strong><\/p>\n<p><!--more--><\/p>\n<h2><strong>Mi secreto italiano: Los h\u00e9roes olvidados<\/strong><\/h2>\n<lite-youtube videoid=OG3uSlHzOZ0 params=\"enablejsapi=1\" style=\"background-image: url('https:\/\/i.ytimg.com\/vi_webp\/OG3uSlHzOZ0\/maxresdefault.webp');\"><\/lite-youtube>\n<p>&nbsp;<\/p>\n<p>Nunca se habla lo suficiente del hero\u00edsmo de Gino Bartali.\u00a0<a href=\"https:\/\/myitaliansecret.com\/\">My Italian Secret<\/a> muestra historias de italianos que arriesgaron sus vidas para salvar las de otros durante la Segunda Guerra Mundial. Bartali fue uno de ellos, pero aquellos cuyas vidas ayud\u00f3 a salvar a menudo ni siquiera sab\u00edan su nombre, y el famoso ciclista nunca habl\u00f3 de sus acciones durante la guerra. A\u00f1os despu\u00e9s de su muerte, su hijo (que aparece en la pel\u00edcula) dio a conocer las incre\u00edbles haza\u00f1as de su padre en uno de los documentales de ciclismo m\u00e1s celebrados.<\/p>\n<h2><strong>Persiguiendo leyendas<\/strong><\/h2>\n<lite-youtube videoid=cbv3N-qt2EI params=\"enablejsapi=1\" style=\"background-image: url('https:\/\/i.ytimg.com\/vi_webp\/cbv3N-qt2EI\/maxresdefault.webp');\"><\/lite-youtube>\n<p>&nbsp;<\/p>\n<p>La forma en que <a href=\"https:\/\/www.welovecycling.com\/wide\/2021\/07\/19\/mark-cavendish-wins-the-skoda-green-jersey-and-other-cool-news-from-the-world-of-cycling\/\">Mark Cavendish<\/a> domin\u00f3 la clasificaci\u00f3n por puntos en el Tour de Francia de este a\u00f1o nos dej\u00f3 sin aliento, y quer\u00edamos m\u00e1s. Por eso no pod\u00eda faltar en nuestra lista de visionados este documental de 2009 protagonizado por Cavendish, entonces miembro del equipo Columbia-HTC. Sum\u00e9rgete en el Tour de 2009 desde la perspectiva de los corredores del Columbia-HTC. La guinda: una aparici\u00f3n de Eddy Merckx.<\/p>\n<h2><strong>El d\u00eda menos pensado: Dentro de Movistar<\/strong><\/h2>\n<lite-youtube videoid=WRP7AuFibg0 params=\"enablejsapi=1\" style=\"background-image: url('https:\/\/i.ytimg.com\/vi_webp\/WRP7AuFibg0\/maxresdefault.webp');\"><\/lite-youtube>\n<p>Este es un verdadero tesoro para aquellos que desean echar un vistazo detr\u00e1s de las cortinas de la temporada de entrenamiento de un equipo profesional. Con los mejores corredores del equipo Movistar, la serie documental te permitir\u00e1 ver los peligros de ser un corredor profesional desde dentro. La segunda temporada se ha estrenado este verano, as\u00ed que aqu\u00ed tienes un plan para un fin de semana de atracones.<\/p>\n<h2><strong>Un domingo en el infierno<\/strong><\/h2>\n<lite-youtube videoid=3ez6kiE9I_Y params=\"enablejsapi=1\" style=\"background-image: url('https:\/\/i.ytimg.com\/vi_webp\/3ez6kiE9I_Y\/maxresdefault.webp');\"><\/lite-youtube>\n<p>\u00bfPor qu\u00e9 no recordar los viejos tiempos de la famosa <a href=\"https:\/\/www.welovecycling.com\/es\/2019\/04\/23\/universo-paris-roubaix\/\">Par\u00eds-Roubaix?<\/a> Este documental retrata la perspectiva de los espectadores, organizadores y participantes de la cl\u00e1sica de 1976. Esta pel\u00edcula danesa ha sido proclamada como una de las mejores pel\u00edculas de ciclismo de todos los tiempos.<\/p>\n<h2><strong>Geraint Thomas: La carretera decide<\/strong><\/h2>\n<lite-youtube videoid=L0vYx2AzaLQ params=\"enablejsapi=1\" style=\"background-image: url('https:\/\/i.ytimg.com\/vi_webp\/L0vYx2AzaLQ\/maxresdefault.webp');\"><\/lite-youtube>\n<p>Para todos los fans de Geraint Thomas: este documental de ciclismo es para vosotros. El documental sigue a Geraint Thomas, el ganador del Tour de Francia 2018, en su lucha por mantener el t\u00edtulo en 2019. Una visi\u00f3n de la experiencia individual de un corredor profesional.<\/p>\n","protected":false},"excerpt":{"rendered":"<p>Ya sabes que somos firmes defensores de no dejar las bicis paradas durante la temporada baja, pero aun as\u00ed, los [&hellip;]<\/p>\n","protected":false},"author":29,"featured_media":6291,"comment_status":"open","ping_status":"open","sticky":false,"template":"","format":"standard","meta":{"footnotes":""},"categories":[7],"tags":[2154],"global-categories":[],"class_list":["post-8192","post","type-post","status-publish","format-standard","has-post-thumbnail","hentry","category-carretera","tag-documentales-de-ciclismo"],"yoast_head":"<!-- This site is optimized with the Yoast SEO Premium plugin v25.3 (Yoast SEO v25.9) - https:\/\/yoast.com\/wordpress\/plugins\/seo\/ -->\n<title>Documentales de ciclismo para ver este oto\u00f1o<\/title>\n<meta name=\"description\" content=\"Documentales de ciclismo para ver este oto\u00f1o. La lista de documentales de ciclismo que puedes ver esta temporada de invierno.\" \/>\n<meta name=\"robots\" content=\"index, follow, max-snippet:-1, max-image-preview:large, max-video-preview:-1\" \/>\n<link rel=\"canonical\" href=\"https:\/\/www.welovecycling.com\/es\/2021\/10\/04\/documentales-de-ciclismo\/\" \/>\n<meta property=\"og:locale\" content=\"es_ES\" \/>\n<meta property=\"og:type\" content=\"article\" \/>\n<meta property=\"og:title\" content=\"Documentales de ciclismo para ver este oto\u00f1o\" \/>\n<meta property=\"og:description\" content=\"Documentales de ciclismo para ver este oto\u00f1o. La lista de documentales de ciclismo que puedes ver esta temporada de invierno.\" \/>\n<meta property=\"og:url\" content=\"https:\/\/www.welovecycling.com\/es\/2021\/10\/04\/documentales-de-ciclismo\/\" \/>\n<meta property=\"og:site_name\" content=\"\u0160koda We Love Cycling - Spain\" \/>\n<meta property=\"article:published_time\" content=\"2021-10-04T15:30:21+00:00\" \/>\n<meta property=\"og:image\" content=\"https:\/\/d2p6e6u75xmxt8.cloudfront.net\/6\/2020\/06\/Gino-Bartali-CVR-profimedia-0017382744.jpg\" \/>\n\t<meta property=\"og:image:width\" content=\"1366\" \/>\n\t<meta property=\"og:image:height\" content=\"600\" \/>\n\t<meta property=\"og:image:type\" content=\"image\/jpeg\" \/>\n<meta name=\"author\" content=\"We Love Cycling Spain\" \/>\n<meta name=\"twitter:card\" content=\"summary_large_image\" \/>\n<meta name=\"twitter:title\" content=\"Documentales de ciclismo para ver este oto\u00f1o\" \/>\n<meta name=\"twitter:description\" content=\"Documentales de ciclismo para ver este oto\u00f1o. La lista de documentales de ciclismo que puedes ver esta temporada de invierno.\" \/>\n<meta name=\"twitter:label1\" content=\"Written by\" \/>\n\t<meta name=\"twitter:data1\" content=\"Tereza Antonova\" \/>\n\t<meta name=\"twitter:label2\" content=\"Est. reading time\" \/>\n\t<meta name=\"twitter:data2\" content=\"5\" \/>\n<script type=\"application\/ld+json\" class=\"yoast-schema-graph\">{\"@context\":\"https:\/\/schema.org\",\"@graph\":[{\"@type\":\"WebPage\",\"@id\":\"https:\/\/www.welovecycling.com\/es\/2021\/10\/04\/documentales-de-ciclismo\/\",\"url\":\"https:\/\/www.welovecycling.com\/es\/2021\/10\/04\/documentales-de-ciclismo\/\",\"name\":\"Documentales de ciclismo para ver este oto\u00f1o\",\"isPartOf\":{\"@id\":\"https:\/\/www.welovecycling.com\/es\/#website\"},\"primaryImageOfPage\":{\"@id\":\"https:\/\/www.welovecycling.com\/es\/2021\/10\/04\/documentales-de-ciclismo\/#primaryimage\"},\"image\":{\"@id\":\"https:\/\/www.welovecycling.com\/es\/2021\/10\/04\/documentales-de-ciclismo\/#primaryimage\"},\"thumbnailUrl\":\"https:\/\/d2p6e6u75xmxt8.cloudfront.net\/6\/2020\/06\/Gino-Bartali-CVR-profimedia-0017382744.jpg\",\"datePublished\":\"2021-10-04T15:30:21+00:00\",\"author\":{\"@id\":\"https:\/\/www.welovecycling.com\/es\/#\/schema\/person\/deb61715b5812698ee79fb96f343ccd4\"},\"description\":\"Documentales de ciclismo para ver este oto\u00f1o. La lista de documentales de ciclismo que puedes ver esta temporada de invierno.\",\"breadcrumb\":{\"@id\":\"https:\/\/www.welovecycling.com\/es\/2021\/10\/04\/documentales-de-ciclismo\/#breadcrumb\"},\"inLanguage\":\"es-ES\",\"potentialAction\":[{\"@type\":\"ReadAction\",\"target\":[\"https:\/\/www.welovecycling.com\/es\/2021\/10\/04\/documentales-de-ciclismo\/\"]}]},{\"@type\":\"ImageObject\",\"inLanguage\":\"es-ES\",\"@id\":\"https:\/\/www.welovecycling.com\/es\/2021\/10\/04\/documentales-de-ciclismo\/#primaryimage\",\"url\":\"https:\/\/d2p6e6u75xmxt8.cloudfront.net\/6\/2020\/06\/Gino-Bartali-CVR-profimedia-0017382744.jpg\",\"contentUrl\":\"https:\/\/d2p6e6u75xmxt8.cloudfront.net\/6\/2020\/06\/Gino-Bartali-CVR-profimedia-0017382744.jpg\",\"width\":1366,\"height\":600},{\"@type\":\"BreadcrumbList\",\"@id\":\"https:\/\/www.welovecycling.com\/es\/2021\/10\/04\/documentales-de-ciclismo\/#breadcrumb\",\"itemListElement\":[{\"@type\":\"ListItem\",\"position\":1,\"name\":\"Home\",\"item\":\"https:\/\/www.welovecycling.com\/es\/\"},{\"@type\":\"ListItem\",\"position\":2,\"name\":\"Documentales de ciclismo para ver este oto\u00f1o\"}]},{\"@type\":\"WebSite\",\"@id\":\"https:\/\/www.welovecycling.com\/es\/#website\",\"url\":\"https:\/\/www.welovecycling.com\/es\/\",\"name\":\"\u0160koda We Love Cycling - Spain\",\"description\":\"\u0160koda WeLoveCycling Spain\",\"potentialAction\":[{\"@type\":\"SearchAction\",\"target\":{\"@type\":\"EntryPoint\",\"urlTemplate\":\"https:\/\/www.welovecycling.com\/es\/?s={search_term_string}\"},\"query-input\":{\"@type\":\"PropertyValueSpecification\",\"valueRequired\":true,\"valueName\":\"search_term_string\"}}],\"inLanguage\":\"es-ES\"},{\"@type\":\"Person\",\"@id\":\"https:\/\/www.welovecycling.com\/es\/#\/schema\/person\/deb61715b5812698ee79fb96f343ccd4\",\"name\":\"We Love Cycling Spain\",\"image\":{\"@type\":\"ImageObject\",\"inLanguage\":\"es-ES\",\"@id\":\"https:\/\/www.welovecycling.com\/es\/#\/schema\/person\/image\/\",\"url\":\"https:\/\/secure.gravatar.com\/avatar\/c824b04e6df0e37a03219d0b6481672889df542894588964102459e46513159c?s=96&d=mm&r=g\",\"contentUrl\":\"https:\/\/secure.gravatar.com\/avatar\/c824b04e6df0e37a03219d0b6481672889df542894588964102459e46513159c?s=96&d=mm&r=g\",\"caption\":\"We Love Cycling Spain\"},\"url\":\"https:\/\/www.welovecycling.com\/es\/author\/amunoz\/\"}]}<\/script>\n<!-- \/ Yoast SEO Premium plugin. -->","yoast_head_json":{"title":"Documentales de ciclismo para ver este oto\u00f1o","description":"Documentales de ciclismo para ver este oto\u00f1o. La lista de documentales de ciclismo que puedes ver esta temporada de invierno.","robots":{"index":"index","follow":"follow","max-snippet":"max-snippet:-1","max-image-preview":"max-image-preview:large","max-video-preview":"max-video-preview:-1"},"canonical":"https:\/\/www.welovecycling.com\/es\/2021\/10\/04\/documentales-de-ciclismo\/","og_locale":"es_ES","og_type":"article","og_title":"Documentales de ciclismo para ver este oto\u00f1o","og_description":"Documentales de ciclismo para ver este oto\u00f1o. La lista de documentales de ciclismo que puedes ver esta temporada de invierno.","og_url":"https:\/\/www.welovecycling.com\/es\/2021\/10\/04\/documentales-de-ciclismo\/","og_site_name":"\u0160koda We Love Cycling - Spain","article_published_time":"2021-10-04T15:30:21+00:00","og_image":[{"width":1366,"height":600,"url":"https:\/\/d2p6e6u75xmxt8.cloudfront.net\/6\/2020\/06\/Gino-Bartali-CVR-profimedia-0017382744.jpg","type":"image\/jpeg"}],"author":"We Love Cycling Spain","twitter_card":"summary_large_image","twitter_title":"Documentales de ciclismo para ver este oto\u00f1o","twitter_description":"Documentales de ciclismo para ver este oto\u00f1o. La lista de documentales de ciclismo que puedes ver esta temporada de invierno.","twitter_misc":{"Written by":"Tereza Antonova","Est. reading time":"5"},"schema":{"@context":"https:\/\/schema.org","@graph":[{"@type":"WebPage","@id":"https:\/\/www.welovecycling.com\/es\/2021\/10\/04\/documentales-de-ciclismo\/","url":"https:\/\/www.welovecycling.com\/es\/2021\/10\/04\/documentales-de-ciclismo\/","name":"Documentales de ciclismo para ver este oto\u00f1o","isPartOf":{"@id":"https:\/\/www.welovecycling.com\/es\/#website"},"primaryImageOfPage":{"@id":"https:\/\/www.welovecycling.com\/es\/2021\/10\/04\/documentales-de-ciclismo\/#primaryimage"},"image":{"@id":"https:\/\/www.welovecycling.com\/es\/2021\/10\/04\/documentales-de-ciclismo\/#primaryimage"},"thumbnailUrl":"https:\/\/d2p6e6u75xmxt8.cloudfront.net\/6\/2020\/06\/Gino-Bartali-CVR-profimedia-0017382744.jpg","datePublished":"2021-10-04T15:30:21+00:00","author":{"@id":"https:\/\/www.welovecycling.com\/es\/#\/schema\/person\/deb61715b5812698ee79fb96f343ccd4"},"description":"Documentales de ciclismo para ver este oto\u00f1o. La lista de documentales de ciclismo que puedes ver esta temporada de invierno.","breadcrumb":{"@id":"https:\/\/www.welovecycling.com\/es\/2021\/10\/04\/documentales-de-ciclismo\/#breadcrumb"},"inLanguage":"es-ES","potentialAction":[{"@type":"ReadAction","target":["https:\/\/www.welovecycling.com\/es\/2021\/10\/04\/documentales-de-ciclismo\/"]}]},{"@type":"ImageObject","inLanguage":"es-ES","@id":"https:\/\/www.welovecycling.com\/es\/2021\/10\/04\/documentales-de-ciclismo\/#primaryimage","url":"https:\/\/d2p6e6u75xmxt8.cloudfront.net\/6\/2020\/06\/Gino-Bartali-CVR-profimedia-0017382744.jpg","contentUrl":"https:\/\/d2p6e6u75xmxt8.cloudfront.net\/6\/2020\/06\/Gino-Bartali-CVR-profimedia-0017382744.jpg","width":1366,"height":600},{"@type":"BreadcrumbList","@id":"https:\/\/www.welovecycling.com\/es\/2021\/10\/04\/documentales-de-ciclismo\/#breadcrumb","itemListElement":[{"@type":"ListItem","position":1,"name":"Home","item":"https:\/\/www.welovecycling.com\/es\/"},{"@type":"ListItem","position":2,"name":"Documentales de ciclismo para ver este oto\u00f1o"}]},{"@type":"WebSite","@id":"https:\/\/www.welovecycling.com\/es\/#website","url":"https:\/\/www.welovecycling.com\/es\/","name":"\u0160koda We Love Cycling - Spain","description":"\u0160koda WeLoveCycling Spain","potentialAction":[{"@type":"SearchAction","target":{"@type":"EntryPoint","urlTemplate":"https:\/\/www.welovecycling.com\/es\/?s={search_term_string}"},"query-input":{"@type":"PropertyValueSpecification","valueRequired":true,"valueName":"search_term_string"}}],"inLanguage":"es-ES"},{"@type":"Person","@id":"https:\/\/www.welovecycling.com\/es\/#\/schema\/person\/deb61715b5812698ee79fb96f343ccd4","name":"We Love Cycling Spain","image":{"@type":"ImageObject","inLanguage":"es-ES","@id":"https:\/\/www.welovecycling.com\/es\/#\/schema\/person\/image\/","url":"https:\/\/secure.gravatar.com\/avatar\/c824b04e6df0e37a03219d0b6481672889df542894588964102459e46513159c?s=96&d=mm&r=g","contentUrl":"https:\/\/secure.gravatar.com\/avatar\/c824b04e6df0e37a03219d0b6481672889df542894588964102459e46513159c?s=96&d=mm&r=g","caption":"We Love Cycling Spain"},"url":"https:\/\/www.welovecycling.com\/es\/author\/amunoz\/"}]}},"_links":{"self":[{"href":"https:\/\/www.welovecycling.com\/es\/wp-json\/wp\/v2\/posts\/8192","targetHints":{"allow":["GET"]}}],"collection":[{"href":"https:\/\/www.welovecycling.com\/es\/wp-json\/wp\/v2\/posts"}],"about":[{"href":"https:\/\/www.welovecycling.com\/es\/wp-json\/wp\/v2\/types\/post"}],"author":[{"embeddable":true,"href":"https:\/\/www.welovecycling.com\/es\/wp-json\/wp\/v2\/users\/29"}],"replies":[{"embeddable":true,"href":"https:\/\/www.welovecycling.com\/es\/wp-json\/wp\/v2\/comments?post=8192"}],"version-history":[{"count":1,"href":"https:\/\/www.welovecycling.com\/es\/wp-json\/wp\/v2\/posts\/8192\/revisions"}],"predecessor-version":[{"id":8198,"href":"https:\/\/www.welovecycling.com\/es\/wp-json\/wp\/v2\/posts\/8192\/revisions\/8198"}],"wp:featuredmedia":[{"embeddable":true,"href":"https:\/\/www.welovecycling.com\/es\/wp-json\/wp\/v2\/media\/6291"}],"wp:attachment":[{"href":"https:\/\/www.welovecycling.com\/es\/wp-json\/wp\/v2\/media?parent=8192"}],"wp:term":[{"taxonomy":"category","embeddable":true,"href":"https:\/\/www.welovecycling.com\/es\/wp-json\/wp\/v2\/categories?post=8192"},{"taxonomy":"post_tag","embeddable":true,"href":"https:\/\/www.welovecycling.com\/es\/wp-json\/wp\/v2\/tags?post=8192"},{"taxonomy":"global-categories","embeddable":true,"href":"https:\/\/www.welovecycling.com\/es\/wp-json\/wp\/v2\/global-categories?post=8192"}],"curies":[{"name":"wp","href":"https:\/\/api.w.org\/{rel}","templated":true}]}}