{"id":8166,"date":"2021-09-23T13:56:33","date_gmt":"2021-09-23T11:56:33","guid":{"rendered":"https:\/\/www.welovecycling.com\/es\/?p=8166"},"modified":"2021-09-20T14:08:57","modified_gmt":"2021-09-20T12:08:57","slug":"cafe-y-ciclismo","status":"publish","type":"post","link":"https:\/\/www.welovecycling.com\/es\/2021\/09\/23\/cafe-y-ciclismo\/","title":{"rendered":"Caf\u00e9 y ciclismo: La combinaci\u00f3n perfecta"},"content":{"rendered":"<p><strong>Tras a\u00f1os de debate sobre los beneficios o los efectos adversos del consumo de caf\u00e9, parece que los nutricionistas han llegado a un consenso. S\u00ed, con moderaci\u00f3n el caf\u00e9 es bueno para ti, especialmente si haces ejercicio con regularidad. As\u00ed que caf\u00e9 y ciclismo es una combinaci\u00f3n perfecta.<\/strong><\/p>\n<p><!--more--><\/p>\n<p>De hecho, seg\u00fan numerosos estudios realizados en la \u00faltima d\u00e9cada, el caf\u00e9 es una de las bebidas m\u00e1s saludables que se pueden consumir. Est\u00e1 cargado de polifenoles y tiene un alto contenido en antioxidantes. Seg\u00fan <a href=\"https:\/\/www.naturalproductsinsider.com\/heart-health\/tea-coffee-milk-top-healthy-beverages\">Natural Products Insider,<\/a> &#8220;el consumo de caf\u00e9 puede reducir los riesgos cardiovasculares y disminuir el riesgo de desarrollar diabetes de tipo 2 hasta en un 50%. El caf\u00e9 tambi\u00e9n parece tener un efecto positivo sobre las enfermedades neurol\u00f3gicas, ya que su consumo puede reducir el riesgo de padecer la enfermedad de Parkinson y la enfermedad de Alzheimer&#8221;.<\/p>\n<figure id=\"attachment_7903\" aria-describedby=\"caption-attachment-7903\" style=\"width: 1000px\" class=\"wp-caption alignnone\"><a href=\"https:\/\/d2p6e6u75xmxt8.cloudfront.net\/6\/2021\/07\/Wout-van-Aert-Coffee-profimedia-0460999705.jpg\"><img loading=\"lazy\" decoding=\"async\" class=\"size-full wp-image-7903\" src=\"https:\/\/d2p6e6u75xmxt8.cloudfront.net\/6\/2021\/07\/Wout-van-Aert-Coffee-profimedia-0460999705.jpg\" alt=\"Wout van Aert drinking coffee\" width=\"1000\" height=\"666\" srcset=\"https:\/\/d2p6e6u75xmxt8.cloudfront.net\/6\/2021\/07\/Wout-van-Aert-Coffee-profimedia-0460999705.jpg 1000w, https:\/\/d2p6e6u75xmxt8.cloudfront.net\/6\/2021\/07\/Wout-van-Aert-Coffee-profimedia-0460999705-300x200.jpg 300w, https:\/\/d2p6e6u75xmxt8.cloudfront.net\/6\/2021\/07\/Wout-van-Aert-Coffee-profimedia-0460999705-768x511.jpg 768w, https:\/\/d2p6e6u75xmxt8.cloudfront.net\/6\/2021\/07\/Wout-van-Aert-Coffee-profimedia-0460999705-272x182.jpg 272w\" sizes=\"auto, (max-width: 1000px) 100vw, 1000px\" \/><\/a><figcaption id=\"caption-attachment-7903\" class=\"wp-caption-text\">Algunos ciclistas afirman que abstenerse de tomar cafe\u00edna durante una o dos semanas aumenta su efecto cuando se consume el d\u00eda de la carrera. \u00a9 Profimedia<\/figcaption><\/figure>\n<p>&nbsp;<\/p>\n<p>Ahora, un nuevo v\u00eddeo, producido por el <a href=\"https:\/\/www.coffeeandhealth.org\/about-us\/\">Instituto de Informaci\u00f3n Cient\u00edfica sobre el Caf\u00e9<\/a>, nos explica de que el caf\u00e9 es la bebida perfecta para consumir si se practica el ciclismo. En el v\u00eddeo, la ciclista multidisciplinar <a href=\"https:\/\/www.welovecycling.com\/wide\/2020\/10\/12\/the-ride2unite-with-guest-juliet-elliott\/\">Juliet Elliott<\/a> nos cuenta que entrena unas 12 horas a la semana y que participa en carreras de resistencia, gravel y ciclismo de traves\u00eda y en pruebas como Grinduro y Tuscany Trail. &#8220;Lo que como y bebo es fundamental para mi rendimiento&#8221;, dice, &#8220;y me gusta que el caf\u00e9 forme parte de mi rutina diaria&#8221;. Contin\u00faa diciendo que comienza su d\u00eda con un caf\u00e9 en el desayuno y luego toma otra taza antes de dirigirse al gimnasio o saltar a la bicicleta. &#8220;Soy una gran fan del caf\u00e9&#8221;, declara Elliott. &#8220;Me hace sentir con energ\u00eda y mentalmente alerta, adem\u00e1s soy plenamente consciente de los beneficios para el rendimiento. Puedo pedalear m\u00e1s fuerte, m\u00e1s r\u00e1pido y durante m\u00e1s tiempo&#8221;.<\/p>\n<p>La ciencia respalda sus afirmaciones. El Dr. Neil Clark, experto en nutrici\u00f3n deportiva y del ejercicio de la Universidad de Coventry, afirma que tomar caf\u00e9 ofrece <a href=\"https:\/\/www.welovecycling.com\/es\/2021\/05\/07\/entrenamiento-y-cafeina\/\">beneficios<\/a> que pueden mejorar el rendimiento f\u00edsico. &#8220;Estos incluyen, entre otros, la mejora de la resistencia muscular, la velocidad de movimiento y la fuerza muscular&#8221;. De hecho, las investigaciones han demostrado que la cafe\u00edna permite que los m\u00fasculos se contraigan con m\u00e1s fuerza y regularidad, se\u00f1al\u00f3, y que &#8220;se ha demostrado que el consumo de caf\u00e9 mejora el rendimiento de la resistencia y el rendimiento del sprint&#8221;.<\/p>\n<lite-youtube videoid=RFj-G-zf6Rk params=\"enablejsapi=1\" style=\"background-image: url('https:\/\/i.ytimg.com\/vi_webp\/RFj-G-zf6Rk\/maxresdefault.webp');\"><\/lite-youtube>\n<p>Adem\u00e1s, el caf\u00e9 puede hacer que te sientas mejor porque libera endorfinas que reducen el dolor y los efectos del esfuerzo mientras haces ejercicio. &#8220;Es probable que factores como la mejora del tiempo de reacci\u00f3n, la cognici\u00f3n y el estado de \u00e1nimo tambi\u00e9n influyan positivamente en el rendimiento&#8221;, afirma Clark. &#8220;Tanto si se practica el ciclismo de forma competitiva como con fines recreativos, hay pruebas de que beber una taza de caf\u00e9 puede mejorar el rendimiento&#8221;. Por \u00faltimo, beber caf\u00e9 antes de salir a rodar tambi\u00e9n puede ayudar a prevenir los accidentes. &#8220;[Beber caf\u00e9] tambi\u00e9n puede aumentar el estado de alerta, la cognici\u00f3n y la excitaci\u00f3n, lo que podr\u00eda hacer que la gente est\u00e9 m\u00e1s segura en las carreteras&#8221;, dijo.<\/p>\n<p>Sin embargo, Clark advierte que el <strong>caf\u00e9 debe consumirse siempre con moderaci\u00f3n<\/strong>. La Autoridad Europea de Normas Alimentarias recomienda beber de tres a cinco tazas al d\u00eda, pero Clark afirma que la sensibilidad a los efectos del caf\u00e9 difiere de un individuo a otro. &#8220;Siempre es una buena idea empezar con la menor cantidad&#8221;, aconseja. &#8220;Bebe una taza y mira a ver c\u00f3mo funciona. Y sin duda hay que probarlo primero en un entrenamiento antes de tomarlo en una competici\u00f3n&#8221;. El ciclista Elliott es un convencido aficionado al caf\u00e9. &#8220;Para m\u00ed, el caf\u00e9 y el ciclismo van de la mano&#8221;, dice. &#8220;Me anima, me ayuda a pedalear m\u00e1s tiempo, a pedalear <a href=\"https:\/\/www.welovecycling.com\/es\/2020\/09\/01\/la-nutricion-en-el-tour-de-francia-etapas-llanas\/\">m\u00e1s r\u00e1pido<\/a>. \u00bfQu\u00e9 no puede gustar?&#8221;<\/p>\n","protected":false},"excerpt":{"rendered":"<p>Tras a\u00f1os de debate sobre los beneficios o los efectos adversos del consumo de caf\u00e9, parece que los nutricionistas han [&hellip;]<\/p>\n","protected":false},"author":29,"featured_media":8170,"comment_status":"open","ping_status":"open","sticky":false,"template":"","format":"standard","meta":{"footnotes":""},"categories":[7,9],"tags":[],"global-categories":[],"class_list":["post-8166","post","type-post","status-publish","format-standard","has-post-thumbnail","hentry","category-carretera","category-mtb-aventura"],"yoast_head":"<!-- This site is optimized with the Yoast SEO Premium plugin v25.3 (Yoast SEO v25.9) - https:\/\/yoast.com\/wordpress\/plugins\/seo\/ -->\n<title>Caf\u00e9 y ciclismo: La combinaci\u00f3n perfecta - \u0160koda We Love Cycling - Spain<\/title>\n<meta name=\"description\" content=\"Caf\u00e9 y ciclismo: La combinaci\u00f3n perfecta. Los efectos beneficiosos que provoca el caf\u00e9 en los ciclistas durante los entrenamientos.\" \/>\n<meta name=\"robots\" content=\"index, follow, max-snippet:-1, max-image-preview:large, max-video-preview:-1\" \/>\n<link rel=\"canonical\" href=\"https:\/\/www.welovecycling.com\/es\/2021\/09\/23\/cafe-y-ciclismo\/\" \/>\n<meta property=\"og:locale\" content=\"es_ES\" \/>\n<meta property=\"og:type\" content=\"article\" \/>\n<meta property=\"og:title\" content=\"Caf\u00e9 y ciclismo: La combinaci\u00f3n perfecta\" \/>\n<meta property=\"og:description\" content=\"Caf\u00e9 y ciclismo: La combinaci\u00f3n perfecta. Los efectos beneficiosos que provoca el caf\u00e9 en los ciclistas durante los entrenamientos.\" \/>\n<meta property=\"og:url\" content=\"https:\/\/www.welovecycling.com\/es\/2021\/09\/23\/cafe-y-ciclismo\/\" \/>\n<meta property=\"og:site_name\" content=\"\u0160koda We Love Cycling - Spain\" \/>\n<meta property=\"article:published_time\" content=\"2021-09-23T11:56:33+00:00\" \/>\n<meta property=\"og:image\" content=\"https:\/\/d2p6e6u75xmxt8.cloudfront.net\/6\/2021\/09\/Coffee-beans-pexels-igor-haritanovich-1695052-CVR.jpg\" \/>\n\t<meta property=\"og:image:width\" content=\"1366\" \/>\n\t<meta property=\"og:image:height\" content=\"600\" \/>\n\t<meta property=\"og:image:type\" content=\"image\/jpeg\" \/>\n<meta name=\"author\" content=\"We Love Cycling Spain\" \/>\n<meta name=\"twitter:card\" content=\"summary_large_image\" \/>\n<meta name=\"twitter:title\" content=\"Caf\u00e9 y ciclismo: La combinaci\u00f3n perfecta\" \/>\n<meta name=\"twitter:description\" content=\"Caf\u00e9 y ciclismo: La combinaci\u00f3n perfecta. Los efectos beneficiosos que provoca el caf\u00e9 en los ciclistas durante los entrenamientos.\" \/>\n<meta name=\"twitter:label1\" content=\"Written by\" \/>\n\t<meta name=\"twitter:data1\" content=\"Siegfried Mortkowitz\" \/>\n\t<meta name=\"twitter:label2\" content=\"Est. reading time\" \/>\n\t<meta name=\"twitter:data2\" content=\"6\" \/>\n<script type=\"application\/ld+json\" class=\"yoast-schema-graph\">{\"@context\":\"https:\/\/schema.org\",\"@graph\":[{\"@type\":\"WebPage\",\"@id\":\"https:\/\/www.welovecycling.com\/es\/2021\/09\/23\/cafe-y-ciclismo\/\",\"url\":\"https:\/\/www.welovecycling.com\/es\/2021\/09\/23\/cafe-y-ciclismo\/\",\"name\":\"Caf\u00e9 y ciclismo: La combinaci\u00f3n perfecta - \u0160koda We Love Cycling - Spain\",\"isPartOf\":{\"@id\":\"https:\/\/www.welovecycling.com\/es\/#website\"},\"primaryImageOfPage\":{\"@id\":\"https:\/\/www.welovecycling.com\/es\/2021\/09\/23\/cafe-y-ciclismo\/#primaryimage\"},\"image\":{\"@id\":\"https:\/\/www.welovecycling.com\/es\/2021\/09\/23\/cafe-y-ciclismo\/#primaryimage\"},\"thumbnailUrl\":\"https:\/\/d2p6e6u75xmxt8.cloudfront.net\/6\/2021\/09\/Coffee-beans-pexels-igor-haritanovich-1695052-CVR.jpg\",\"datePublished\":\"2021-09-23T11:56:33+00:00\",\"author\":{\"@id\":\"https:\/\/www.welovecycling.com\/es\/#\/schema\/person\/deb61715b5812698ee79fb96f343ccd4\"},\"description\":\"Caf\u00e9 y ciclismo: La combinaci\u00f3n perfecta. Los efectos beneficiosos que provoca el caf\u00e9 en los ciclistas durante los entrenamientos.\",\"breadcrumb\":{\"@id\":\"https:\/\/www.welovecycling.com\/es\/2021\/09\/23\/cafe-y-ciclismo\/#breadcrumb\"},\"inLanguage\":\"es-ES\",\"potentialAction\":[{\"@type\":\"ReadAction\",\"target\":[\"https:\/\/www.welovecycling.com\/es\/2021\/09\/23\/cafe-y-ciclismo\/\"]}]},{\"@type\":\"ImageObject\",\"inLanguage\":\"es-ES\",\"@id\":\"https:\/\/www.welovecycling.com\/es\/2021\/09\/23\/cafe-y-ciclismo\/#primaryimage\",\"url\":\"https:\/\/d2p6e6u75xmxt8.cloudfront.net\/6\/2021\/09\/Coffee-beans-pexels-igor-haritanovich-1695052-CVR.jpg\",\"contentUrl\":\"https:\/\/d2p6e6u75xmxt8.cloudfront.net\/6\/2021\/09\/Coffee-beans-pexels-igor-haritanovich-1695052-CVR.jpg\",\"width\":1366,\"height\":600},{\"@type\":\"BreadcrumbList\",\"@id\":\"https:\/\/www.welovecycling.com\/es\/2021\/09\/23\/cafe-y-ciclismo\/#breadcrumb\",\"itemListElement\":[{\"@type\":\"ListItem\",\"position\":1,\"name\":\"Home\",\"item\":\"https:\/\/www.welovecycling.com\/es\/\"},{\"@type\":\"ListItem\",\"position\":2,\"name\":\"Caf\u00e9 y ciclismo: La combinaci\u00f3n perfecta\"}]},{\"@type\":\"WebSite\",\"@id\":\"https:\/\/www.welovecycling.com\/es\/#website\",\"url\":\"https:\/\/www.welovecycling.com\/es\/\",\"name\":\"\u0160koda We Love Cycling - Spain\",\"description\":\"\u0160koda WeLoveCycling Spain\",\"potentialAction\":[{\"@type\":\"SearchAction\",\"target\":{\"@type\":\"EntryPoint\",\"urlTemplate\":\"https:\/\/www.welovecycling.com\/es\/?s={search_term_string}\"},\"query-input\":{\"@type\":\"PropertyValueSpecification\",\"valueRequired\":true,\"valueName\":\"search_term_string\"}}],\"inLanguage\":\"es-ES\"},{\"@type\":\"Person\",\"@id\":\"https:\/\/www.welovecycling.com\/es\/#\/schema\/person\/deb61715b5812698ee79fb96f343ccd4\",\"name\":\"We Love Cycling Spain\",\"image\":{\"@type\":\"ImageObject\",\"inLanguage\":\"es-ES\",\"@id\":\"https:\/\/www.welovecycling.com\/es\/#\/schema\/person\/image\/\",\"url\":\"https:\/\/secure.gravatar.com\/avatar\/c824b04e6df0e37a03219d0b6481672889df542894588964102459e46513159c?s=96&d=mm&r=g\",\"contentUrl\":\"https:\/\/secure.gravatar.com\/avatar\/c824b04e6df0e37a03219d0b6481672889df542894588964102459e46513159c?s=96&d=mm&r=g\",\"caption\":\"We Love Cycling Spain\"},\"url\":\"https:\/\/www.welovecycling.com\/es\/author\/amunoz\/\"}]}<\/script>\n<!-- \/ Yoast SEO Premium plugin. -->","yoast_head_json":{"title":"Caf\u00e9 y ciclismo: La combinaci\u00f3n perfecta - \u0160koda We Love Cycling - Spain","description":"Caf\u00e9 y ciclismo: La combinaci\u00f3n perfecta. Los efectos beneficiosos que provoca el caf\u00e9 en los ciclistas durante los entrenamientos.","robots":{"index":"index","follow":"follow","max-snippet":"max-snippet:-1","max-image-preview":"max-image-preview:large","max-video-preview":"max-video-preview:-1"},"canonical":"https:\/\/www.welovecycling.com\/es\/2021\/09\/23\/cafe-y-ciclismo\/","og_locale":"es_ES","og_type":"article","og_title":"Caf\u00e9 y ciclismo: La combinaci\u00f3n perfecta","og_description":"Caf\u00e9 y ciclismo: La combinaci\u00f3n perfecta. Los efectos beneficiosos que provoca el caf\u00e9 en los ciclistas durante los entrenamientos.","og_url":"https:\/\/www.welovecycling.com\/es\/2021\/09\/23\/cafe-y-ciclismo\/","og_site_name":"\u0160koda We Love Cycling - Spain","article_published_time":"2021-09-23T11:56:33+00:00","og_image":[{"width":1366,"height":600,"url":"https:\/\/d2p6e6u75xmxt8.cloudfront.net\/6\/2021\/09\/Coffee-beans-pexels-igor-haritanovich-1695052-CVR.jpg","type":"image\/jpeg"}],"author":"We Love Cycling Spain","twitter_card":"summary_large_image","twitter_title":"Caf\u00e9 y ciclismo: La combinaci\u00f3n perfecta","twitter_description":"Caf\u00e9 y ciclismo: La combinaci\u00f3n perfecta. Los efectos beneficiosos que provoca el caf\u00e9 en los ciclistas durante los entrenamientos.","twitter_misc":{"Written by":"Siegfried Mortkowitz","Est. reading time":"6"},"schema":{"@context":"https:\/\/schema.org","@graph":[{"@type":"WebPage","@id":"https:\/\/www.welovecycling.com\/es\/2021\/09\/23\/cafe-y-ciclismo\/","url":"https:\/\/www.welovecycling.com\/es\/2021\/09\/23\/cafe-y-ciclismo\/","name":"Caf\u00e9 y ciclismo: La combinaci\u00f3n perfecta - \u0160koda We Love Cycling - Spain","isPartOf":{"@id":"https:\/\/www.welovecycling.com\/es\/#website"},"primaryImageOfPage":{"@id":"https:\/\/www.welovecycling.com\/es\/2021\/09\/23\/cafe-y-ciclismo\/#primaryimage"},"image":{"@id":"https:\/\/www.welovecycling.com\/es\/2021\/09\/23\/cafe-y-ciclismo\/#primaryimage"},"thumbnailUrl":"https:\/\/d2p6e6u75xmxt8.cloudfront.net\/6\/2021\/09\/Coffee-beans-pexels-igor-haritanovich-1695052-CVR.jpg","datePublished":"2021-09-23T11:56:33+00:00","author":{"@id":"https:\/\/www.welovecycling.com\/es\/#\/schema\/person\/deb61715b5812698ee79fb96f343ccd4"},"description":"Caf\u00e9 y ciclismo: La combinaci\u00f3n perfecta. Los efectos beneficiosos que provoca el caf\u00e9 en los ciclistas durante los entrenamientos.","breadcrumb":{"@id":"https:\/\/www.welovecycling.com\/es\/2021\/09\/23\/cafe-y-ciclismo\/#breadcrumb"},"inLanguage":"es-ES","potentialAction":[{"@type":"ReadAction","target":["https:\/\/www.welovecycling.com\/es\/2021\/09\/23\/cafe-y-ciclismo\/"]}]},{"@type":"ImageObject","inLanguage":"es-ES","@id":"https:\/\/www.welovecycling.com\/es\/2021\/09\/23\/cafe-y-ciclismo\/#primaryimage","url":"https:\/\/d2p6e6u75xmxt8.cloudfront.net\/6\/2021\/09\/Coffee-beans-pexels-igor-haritanovich-1695052-CVR.jpg","contentUrl":"https:\/\/d2p6e6u75xmxt8.cloudfront.net\/6\/2021\/09\/Coffee-beans-pexels-igor-haritanovich-1695052-CVR.jpg","width":1366,"height":600},{"@type":"BreadcrumbList","@id":"https:\/\/www.welovecycling.com\/es\/2021\/09\/23\/cafe-y-ciclismo\/#breadcrumb","itemListElement":[{"@type":"ListItem","position":1,"name":"Home","item":"https:\/\/www.welovecycling.com\/es\/"},{"@type":"ListItem","position":2,"name":"Caf\u00e9 y ciclismo: La combinaci\u00f3n perfecta"}]},{"@type":"WebSite","@id":"https:\/\/www.welovecycling.com\/es\/#website","url":"https:\/\/www.welovecycling.com\/es\/","name":"\u0160koda We Love Cycling - Spain","description":"\u0160koda WeLoveCycling Spain","potentialAction":[{"@type":"SearchAction","target":{"@type":"EntryPoint","urlTemplate":"https:\/\/www.welovecycling.com\/es\/?s={search_term_string}"},"query-input":{"@type":"PropertyValueSpecification","valueRequired":true,"valueName":"search_term_string"}}],"inLanguage":"es-ES"},{"@type":"Person","@id":"https:\/\/www.welovecycling.com\/es\/#\/schema\/person\/deb61715b5812698ee79fb96f343ccd4","name":"We Love Cycling Spain","image":{"@type":"ImageObject","inLanguage":"es-ES","@id":"https:\/\/www.welovecycling.com\/es\/#\/schema\/person\/image\/","url":"https:\/\/secure.gravatar.com\/avatar\/c824b04e6df0e37a03219d0b6481672889df542894588964102459e46513159c?s=96&d=mm&r=g","contentUrl":"https:\/\/secure.gravatar.com\/avatar\/c824b04e6df0e37a03219d0b6481672889df542894588964102459e46513159c?s=96&d=mm&r=g","caption":"We Love Cycling Spain"},"url":"https:\/\/www.welovecycling.com\/es\/author\/amunoz\/"}]}},"_links":{"self":[{"href":"https:\/\/www.welovecycling.com\/es\/wp-json\/wp\/v2\/posts\/8166","targetHints":{"allow":["GET"]}}],"collection":[{"href":"https:\/\/www.welovecycling.com\/es\/wp-json\/wp\/v2\/posts"}],"about":[{"href":"https:\/\/www.welovecycling.com\/es\/wp-json\/wp\/v2\/types\/post"}],"author":[{"embeddable":true,"href":"https:\/\/www.welovecycling.com\/es\/wp-json\/wp\/v2\/users\/29"}],"replies":[{"embeddable":true,"href":"https:\/\/www.welovecycling.com\/es\/wp-json\/wp\/v2\/comments?post=8166"}],"version-history":[{"count":2,"href":"https:\/\/www.welovecycling.com\/es\/wp-json\/wp\/v2\/posts\/8166\/revisions"}],"predecessor-version":[{"id":8175,"href":"https:\/\/www.welovecycling.com\/es\/wp-json\/wp\/v2\/posts\/8166\/revisions\/8175"}],"wp:featuredmedia":[{"embeddable":true,"href":"https:\/\/www.welovecycling.com\/es\/wp-json\/wp\/v2\/media\/8170"}],"wp:attachment":[{"href":"https:\/\/www.welovecycling.com\/es\/wp-json\/wp\/v2\/media?parent=8166"}],"wp:term":[{"taxonomy":"category","embeddable":true,"href":"https:\/\/www.welovecycling.com\/es\/wp-json\/wp\/v2\/categories?post=8166"},{"taxonomy":"post_tag","embeddable":true,"href":"https:\/\/www.welovecycling.com\/es\/wp-json\/wp\/v2\/tags?post=8166"},{"taxonomy":"global-categories","embeddable":true,"href":"https:\/\/www.welovecycling.com\/es\/wp-json\/wp\/v2\/global-categories?post=8166"}],"curies":[{"name":"wp","href":"https:\/\/api.w.org\/{rel}","templated":true}]}}