{"id":8165,"date":"2021-09-20T13:51:58","date_gmt":"2021-09-20T11:51:58","guid":{"rendered":"https:\/\/www.welovecycling.com\/es\/?p=8165"},"modified":"2021-09-20T13:51:58","modified_gmt":"2021-09-20T11:51:58","slug":"contrarreloj-mundial-flandes","status":"publish","type":"post","link":"https:\/\/www.welovecycling.com\/es\/2021\/09\/20\/contrarreloj-mundial-flandes\/","title":{"rendered":"Que hemos aprendido de la contrarreloj del Mundial de Flandes"},"content":{"rendered":"<p><strong>Los Campeonatos del Mundo 2021 de Flandes comenzaron a rodar el domingo con una impresionante contrarreloj individual que se convirti\u00f3 en un emocionante mano a mano entre los dos favoritos, el italiano Filippo Ganna y el anfitri\u00f3n Wout van Aert..<\/strong><!--more--><\/p>\n<p>Con el tercer favorito, el tambi\u00e9n belga Remco Evenepoel, esperando en la l\u00ednea de meta con el mejor tiempo, Van Aert y Ganna fueron los dos \u00faltimos corredores en el recorrido llano de 43,3 km, con el italiano persiguiendo literalmente al belga y sus cronos intermedios. En el segundo parcial, Ganna iba detr\u00e1s de Van Aert por menos de un segundo.<\/p>\n<p>El italiano de 25 a\u00f1os est\u00e1 considerado como el mejor corredor de contrarreloj del mundo y defend\u00eda el t\u00edtulo que gan\u00f3 en los Mundiales del a\u00f1o pasado. Gestion\u00f3 la carrera a la perfecci\u00f3n y super\u00f3 a Van Aert por apenas 5,37 segundos, rompiendo el coraz\u00f3n de los belgas, con Evenepoel en tercera posici\u00f3n, a 43,34 segundos.<\/p>\n<figure id=\"attachment_8168\" aria-describedby=\"caption-attachment-8168\" style=\"width: 1250px\" class=\"wp-caption alignnone\"><img loading=\"lazy\" decoding=\"async\" class=\"size-full wp-image-8168\" src=\"https:\/\/d2p6e6u75xmxt8.cloudfront.net\/6\/2021\/09\/Filippo-Ganna-profimedia-0632862891.jpg\" alt=\"Filippo Ganna\" width=\"1250\" height=\"832\" srcset=\"https:\/\/d2p6e6u75xmxt8.cloudfront.net\/6\/2021\/09\/Filippo-Ganna-profimedia-0632862891.jpg 1250w, https:\/\/d2p6e6u75xmxt8.cloudfront.net\/6\/2021\/09\/Filippo-Ganna-profimedia-0632862891-300x200.jpg 300w, https:\/\/d2p6e6u75xmxt8.cloudfront.net\/6\/2021\/09\/Filippo-Ganna-profimedia-0632862891-1024x682.jpg 1024w, https:\/\/d2p6e6u75xmxt8.cloudfront.net\/6\/2021\/09\/Filippo-Ganna-profimedia-0632862891-768x511.jpg 768w, https:\/\/d2p6e6u75xmxt8.cloudfront.net\/6\/2021\/09\/Filippo-Ganna-profimedia-0632862891-272x182.jpg 272w\" sizes=\"auto, (max-width: 1250px) 100vw, 1250px\" \/><figcaption id=\"caption-attachment-8168\" class=\"wp-caption-text\">Filippo Ganna, Wout van Aert y Remco Evenepoel en el podio \u00a9 Profimedia<\/figcaption><\/figure>\n<p>&nbsp;<\/p>\n<h2><strong>Van Aert<\/strong><\/h2>\n<p>Los que siguen regularmente We Love Cycling saben que somos grandes admiradores de Van Aert, de 27 a\u00f1os, y que lo consideramos el mejor ciclista del mundo. No s\u00f3lo es un escalador maravilloso y uno de los mejores contrarrelojistas del circuito, sino que tambi\u00e9n se ha convertido en un velocista de primera categor\u00eda.<br \/>\n\u00bfQui\u00e9n puede olvidar su victoria en el sprint masivo en los Campos El\u00edseos en la<strong> \u00faltima etapa del <a href=\"https:\/\/www.welovecycling.com\/es\/2021\/07\/19\/tadej-pogacar-el-principito-que-ya-es-rey-del-tour-de-francia\/\">Tour de Francia<\/a><\/strong> de este a\u00f1o, superando al ganador del maillot verde, Mark Cavendish, por varias bicicletas? Creo que fue a\u00fan m\u00e1s impresionante su actuaci\u00f3n en el Tour de Gran Breta\u00f1a, hace s\u00f3lo dos semanas, cuando gan\u00f3 el sprint masivo final para conseguir su cuarta victoria de etapa y llevarse tambi\u00e9n la general.<\/p>\n<p>Wout es un verdadero fen\u00f3meno, pero no est\u00e1 contento. &#8220;Ya no es divertido ser segundo&#8221;, dijo <strong>Van Aert<\/strong> despu\u00e9s de la crono. &#8220;Me siento un poco decepcionado, no realmente por mi rendimiento porque en realidad estoy bastante contento con c\u00f3mo ha ido todo. No he cometido ning\u00fan error, mi contrarreloj ha sido estable, creo. Simplemente me ha ganado un corredor m\u00e1s fuerte, un especialista en esta disciplina&#8221;.<\/p>\n<p>Tiene raz\u00f3n. Este segundo puesto ya lo consigui\u00f3 en 2020 tanto en la contrarreloj (por detr\u00e1s de Ganna, por supuesto) como en la carrera en ruta (por detr\u00e1s del franc\u00e9s Julian Alaphilippe). Desde entonces, tambi\u00e9n ha sido segundo por detr\u00e1s de Mathieu van der Poel en los Mundiales de Ciclocross y segundo por detr\u00e1s de Richard Carapaz en la carrera en ruta de los Juegos Ol\u00edmpicos de Tokio. Eso no significa que nunca gane. Al contrario, adem\u00e1s del Tour de Gran Breta\u00f1a de este a\u00f1o, ha ganado un mont\u00f3n de carreras, incluyendo tres campeonatos del mundo de ciclocross, la Mil\u00e1n-San Remo de 2020 y la Amstel Gold Race de 2021, por nombrar s\u00f3lo algunas. Pero supongo que quiere ganar todas las carreras en las que participa.<\/p>\n<figure id=\"attachment_8171\" aria-describedby=\"caption-attachment-8171\" style=\"width: 1250px\" class=\"wp-caption alignnone\"><img loading=\"lazy\" decoding=\"async\" class=\"size-full wp-image-8171\" src=\"https:\/\/d2p6e6u75xmxt8.cloudfront.net\/6\/2021\/09\/Wout-van-aert-profimedia-0632877843.jpg\" alt=\"Wout Van Aert\" width=\"1250\" height=\"833\" srcset=\"https:\/\/d2p6e6u75xmxt8.cloudfront.net\/6\/2021\/09\/Wout-van-aert-profimedia-0632877843.jpg 1250w, https:\/\/d2p6e6u75xmxt8.cloudfront.net\/6\/2021\/09\/Wout-van-aert-profimedia-0632877843-300x200.jpg 300w, https:\/\/d2p6e6u75xmxt8.cloudfront.net\/6\/2021\/09\/Wout-van-aert-profimedia-0632877843-1024x682.jpg 1024w, https:\/\/d2p6e6u75xmxt8.cloudfront.net\/6\/2021\/09\/Wout-van-aert-profimedia-0632877843-768x512.jpg 768w, https:\/\/d2p6e6u75xmxt8.cloudfront.net\/6\/2021\/09\/Wout-van-aert-profimedia-0632877843-272x182.jpg 272w\" sizes=\"auto, (max-width: 1250px) 100vw, 1250px\" \/><figcaption id=\"caption-attachment-8171\" class=\"wp-caption-text\">Wout Van Aert en la meta de la prueba de contrarreloj masculina de \u00e9lite, 43,3 km de Knokke-Heist a Brujas, en los Campeonatos del Mundo de Ciclismo en Carretera Flandes 2021. \u00a9 Profimedia<\/figcaption><\/figure>\n<p>El problema es que lo que hace especial a Van Aert -que sobresale en una variedad de disciplinas ciclistas- tambi\u00e9n lo hace vulnerable a los especialistas de la disciplina como Ganna. Se le ha sugerido a Van Aert que podr\u00eda ganar el Tour de Francia si se lo propone. Pero \u00e9l siempre ha dicho que tendr\u00eda que perder peso para poder competir en todas las etapas de monta\u00f1a y que preferir\u00eda seguir compitiendo como hasta ahora.<\/p>\n<p>Volver\u00e1 a ser uno de los favoritos en el <a href=\"https:\/\/www.flanders2021.com\/en\">Campeonato del Mundo<\/a> de <a href=\"https:\/\/www.welovecycling.com\/es\/2021\/09\/15\/maldicion-maillot-arcoiris\/\">Ciclismo en Ruta del pr\u00f3ximo domingo<\/a>, donde se enfrentar\u00e1 a su compa\u00f1ero de equipo en el Jumbo-Visma, Primo\u017e Rogli\u010d, reci\u00e9n salido de ganar su tercera Vuelta a Espa\u00f1a, y al otro esloveno, el dos veces ganador del Tour de Francia Tadej Poga\u010dar. Ser\u00e1 dif\u00edcil. No ser\u00eda una sorpresa que Van Aert volviera a ser segundo.<\/p>\n<p>Pero si esa carrera se reduce a una llegada al sprint y Van Aert est\u00e1 en el grupo, me sorprender\u00eda que no se proclamara por fin campe\u00f3n del mundo de ciclismo en ruta. Se lo merece, aunque s\u00f3lo sea por c\u00f3mo ha cambiado el ciclismo profesional de \u00e9lite.<\/p>\n","protected":false},"excerpt":{"rendered":"<p>Los Campeonatos del Mundo 2021 de Flandes comenzaron a rodar el domingo con una impresionante contrarreloj individual que se convirti\u00f3 [&hellip;]<\/p>\n","protected":false},"author":29,"featured_media":8173,"comment_status":"open","ping_status":"open","sticky":false,"template":"","format":"standard","meta":{"footnotes":""},"categories":[7],"tags":[2152],"global-categories":[],"class_list":["post-8165","post","type-post","status-publish","format-standard","has-post-thumbnail","hentry","category-carretera","tag-mundial-flandes-2021"],"yoast_head":"<!-- This site is optimized with the Yoast SEO Premium plugin v25.3 (Yoast SEO v25.9) - https:\/\/yoast.com\/wordpress\/plugins\/seo\/ -->\n<title>Que hemos aprendido de la contrarreloj del Mundial de Flandes -<\/title>\n<meta name=\"description\" content=\"Que nos ha esen\u00f1ado la contrarreloj del Mundial de Flandes. Wout Van Aert sigue abonado al segundo puesto igual que en 2020.\" \/>\n<meta name=\"robots\" content=\"index, follow, max-snippet:-1, max-image-preview:large, max-video-preview:-1\" \/>\n<link rel=\"canonical\" href=\"https:\/\/www.welovecycling.com\/es\/2021\/09\/20\/contrarreloj-mundial-flandes\/\" \/>\n<meta property=\"og:locale\" content=\"es_ES\" \/>\n<meta property=\"og:type\" content=\"article\" \/>\n<meta property=\"og:title\" content=\"Que hemos aprendido de la contrarreloj del Mundial de Flandes\" \/>\n<meta property=\"og:description\" content=\"Que nos ha esen\u00f1ado la contrarreloj del Mundial de Flandes. Wout Van Aert sigue abonado al segundo puesto igual que en 2020.\" \/>\n<meta property=\"og:url\" content=\"https:\/\/www.welovecycling.com\/es\/2021\/09\/20\/contrarreloj-mundial-flandes\/\" \/>\n<meta property=\"og:site_name\" content=\"\u0160koda We Love Cycling - Spain\" \/>\n<meta property=\"article:published_time\" content=\"2021-09-20T11:51:58+00:00\" \/>\n<meta property=\"og:image\" content=\"https:\/\/d2p6e6u75xmxt8.cloudfront.net\/6\/2021\/09\/Wout-van-aert-cvr-profimedia-0632888969.jpg\" \/>\n\t<meta property=\"og:image:width\" content=\"1366\" \/>\n\t<meta property=\"og:image:height\" content=\"600\" \/>\n\t<meta property=\"og:image:type\" content=\"image\/jpeg\" \/>\n<meta name=\"author\" content=\"We Love Cycling Spain\" \/>\n<meta name=\"twitter:card\" content=\"summary_large_image\" \/>\n<meta name=\"twitter:label1\" content=\"Written by\" \/>\n\t<meta name=\"twitter:data1\" content=\"Siegfried Mortkowitz\" \/>\n\t<meta name=\"twitter:label2\" content=\"Est. reading time\" \/>\n\t<meta name=\"twitter:data2\" content=\"6\" \/>\n<script type=\"application\/ld+json\" class=\"yoast-schema-graph\">{\"@context\":\"https:\/\/schema.org\",\"@graph\":[{\"@type\":\"WebPage\",\"@id\":\"https:\/\/www.welovecycling.com\/es\/2021\/09\/20\/contrarreloj-mundial-flandes\/\",\"url\":\"https:\/\/www.welovecycling.com\/es\/2021\/09\/20\/contrarreloj-mundial-flandes\/\",\"name\":\"Que hemos aprendido de la contrarreloj del Mundial de Flandes -\",\"isPartOf\":{\"@id\":\"https:\/\/www.welovecycling.com\/es\/#website\"},\"primaryImageOfPage\":{\"@id\":\"https:\/\/www.welovecycling.com\/es\/2021\/09\/20\/contrarreloj-mundial-flandes\/#primaryimage\"},\"image\":{\"@id\":\"https:\/\/www.welovecycling.com\/es\/2021\/09\/20\/contrarreloj-mundial-flandes\/#primaryimage\"},\"thumbnailUrl\":\"https:\/\/d2p6e6u75xmxt8.cloudfront.net\/6\/2021\/09\/Wout-van-aert-cvr-profimedia-0632888969.jpg\",\"datePublished\":\"2021-09-20T11:51:58+00:00\",\"author\":{\"@id\":\"https:\/\/www.welovecycling.com\/es\/#\/schema\/person\/deb61715b5812698ee79fb96f343ccd4\"},\"description\":\"Que nos ha esen\u00f1ado la contrarreloj del Mundial de Flandes. Wout Van Aert sigue abonado al segundo puesto igual que en 2020.\",\"breadcrumb\":{\"@id\":\"https:\/\/www.welovecycling.com\/es\/2021\/09\/20\/contrarreloj-mundial-flandes\/#breadcrumb\"},\"inLanguage\":\"es-ES\",\"potentialAction\":[{\"@type\":\"ReadAction\",\"target\":[\"https:\/\/www.welovecycling.com\/es\/2021\/09\/20\/contrarreloj-mundial-flandes\/\"]}]},{\"@type\":\"ImageObject\",\"inLanguage\":\"es-ES\",\"@id\":\"https:\/\/www.welovecycling.com\/es\/2021\/09\/20\/contrarreloj-mundial-flandes\/#primaryimage\",\"url\":\"https:\/\/d2p6e6u75xmxt8.cloudfront.net\/6\/2021\/09\/Wout-van-aert-cvr-profimedia-0632888969.jpg\",\"contentUrl\":\"https:\/\/d2p6e6u75xmxt8.cloudfront.net\/6\/2021\/09\/Wout-van-aert-cvr-profimedia-0632888969.jpg\",\"width\":1366,\"height\":600,\"caption\":\"Wout van Aert\"},{\"@type\":\"BreadcrumbList\",\"@id\":\"https:\/\/www.welovecycling.com\/es\/2021\/09\/20\/contrarreloj-mundial-flandes\/#breadcrumb\",\"itemListElement\":[{\"@type\":\"ListItem\",\"position\":1,\"name\":\"Home\",\"item\":\"https:\/\/www.welovecycling.com\/es\/\"},{\"@type\":\"ListItem\",\"position\":2,\"name\":\"Que hemos aprendido de la contrarreloj del Mundial de Flandes\"}]},{\"@type\":\"WebSite\",\"@id\":\"https:\/\/www.welovecycling.com\/es\/#website\",\"url\":\"https:\/\/www.welovecycling.com\/es\/\",\"name\":\"\u0160koda We Love Cycling - Spain\",\"description\":\"\u0160koda WeLoveCycling Spain\",\"potentialAction\":[{\"@type\":\"SearchAction\",\"target\":{\"@type\":\"EntryPoint\",\"urlTemplate\":\"https:\/\/www.welovecycling.com\/es\/?s={search_term_string}\"},\"query-input\":{\"@type\":\"PropertyValueSpecification\",\"valueRequired\":true,\"valueName\":\"search_term_string\"}}],\"inLanguage\":\"es-ES\"},{\"@type\":\"Person\",\"@id\":\"https:\/\/www.welovecycling.com\/es\/#\/schema\/person\/deb61715b5812698ee79fb96f343ccd4\",\"name\":\"We Love Cycling Spain\",\"image\":{\"@type\":\"ImageObject\",\"inLanguage\":\"es-ES\",\"@id\":\"https:\/\/www.welovecycling.com\/es\/#\/schema\/person\/image\/\",\"url\":\"https:\/\/secure.gravatar.com\/avatar\/c824b04e6df0e37a03219d0b6481672889df542894588964102459e46513159c?s=96&d=mm&r=g\",\"contentUrl\":\"https:\/\/secure.gravatar.com\/avatar\/c824b04e6df0e37a03219d0b6481672889df542894588964102459e46513159c?s=96&d=mm&r=g\",\"caption\":\"We Love Cycling Spain\"},\"url\":\"https:\/\/www.welovecycling.com\/es\/author\/amunoz\/\"}]}<\/script>\n<!-- \/ Yoast SEO Premium plugin. -->","yoast_head_json":{"title":"Que hemos aprendido de la contrarreloj del Mundial de Flandes -","description":"Que nos ha esen\u00f1ado la contrarreloj del Mundial de Flandes. Wout Van Aert sigue abonado al segundo puesto igual que en 2020.","robots":{"index":"index","follow":"follow","max-snippet":"max-snippet:-1","max-image-preview":"max-image-preview:large","max-video-preview":"max-video-preview:-1"},"canonical":"https:\/\/www.welovecycling.com\/es\/2021\/09\/20\/contrarreloj-mundial-flandes\/","og_locale":"es_ES","og_type":"article","og_title":"Que hemos aprendido de la contrarreloj del Mundial de Flandes","og_description":"Que nos ha esen\u00f1ado la contrarreloj del Mundial de Flandes. Wout Van Aert sigue abonado al segundo puesto igual que en 2020.","og_url":"https:\/\/www.welovecycling.com\/es\/2021\/09\/20\/contrarreloj-mundial-flandes\/","og_site_name":"\u0160koda We Love Cycling - Spain","article_published_time":"2021-09-20T11:51:58+00:00","og_image":[{"width":1366,"height":600,"url":"https:\/\/d2p6e6u75xmxt8.cloudfront.net\/6\/2021\/09\/Wout-van-aert-cvr-profimedia-0632888969.jpg","type":"image\/jpeg"}],"author":"We Love Cycling Spain","twitter_card":"summary_large_image","twitter_misc":{"Written by":"Siegfried Mortkowitz","Est. reading time":"6"},"schema":{"@context":"https:\/\/schema.org","@graph":[{"@type":"WebPage","@id":"https:\/\/www.welovecycling.com\/es\/2021\/09\/20\/contrarreloj-mundial-flandes\/","url":"https:\/\/www.welovecycling.com\/es\/2021\/09\/20\/contrarreloj-mundial-flandes\/","name":"Que hemos aprendido de la contrarreloj del Mundial de Flandes -","isPartOf":{"@id":"https:\/\/www.welovecycling.com\/es\/#website"},"primaryImageOfPage":{"@id":"https:\/\/www.welovecycling.com\/es\/2021\/09\/20\/contrarreloj-mundial-flandes\/#primaryimage"},"image":{"@id":"https:\/\/www.welovecycling.com\/es\/2021\/09\/20\/contrarreloj-mundial-flandes\/#primaryimage"},"thumbnailUrl":"https:\/\/d2p6e6u75xmxt8.cloudfront.net\/6\/2021\/09\/Wout-van-aert-cvr-profimedia-0632888969.jpg","datePublished":"2021-09-20T11:51:58+00:00","author":{"@id":"https:\/\/www.welovecycling.com\/es\/#\/schema\/person\/deb61715b5812698ee79fb96f343ccd4"},"description":"Que nos ha esen\u00f1ado la contrarreloj del Mundial de Flandes. Wout Van Aert sigue abonado al segundo puesto igual que en 2020.","breadcrumb":{"@id":"https:\/\/www.welovecycling.com\/es\/2021\/09\/20\/contrarreloj-mundial-flandes\/#breadcrumb"},"inLanguage":"es-ES","potentialAction":[{"@type":"ReadAction","target":["https:\/\/www.welovecycling.com\/es\/2021\/09\/20\/contrarreloj-mundial-flandes\/"]}]},{"@type":"ImageObject","inLanguage":"es-ES","@id":"https:\/\/www.welovecycling.com\/es\/2021\/09\/20\/contrarreloj-mundial-flandes\/#primaryimage","url":"https:\/\/d2p6e6u75xmxt8.cloudfront.net\/6\/2021\/09\/Wout-van-aert-cvr-profimedia-0632888969.jpg","contentUrl":"https:\/\/d2p6e6u75xmxt8.cloudfront.net\/6\/2021\/09\/Wout-van-aert-cvr-profimedia-0632888969.jpg","width":1366,"height":600,"caption":"Wout van Aert"},{"@type":"BreadcrumbList","@id":"https:\/\/www.welovecycling.com\/es\/2021\/09\/20\/contrarreloj-mundial-flandes\/#breadcrumb","itemListElement":[{"@type":"ListItem","position":1,"name":"Home","item":"https:\/\/www.welovecycling.com\/es\/"},{"@type":"ListItem","position":2,"name":"Que hemos aprendido de la contrarreloj del Mundial de Flandes"}]},{"@type":"WebSite","@id":"https:\/\/www.welovecycling.com\/es\/#website","url":"https:\/\/www.welovecycling.com\/es\/","name":"\u0160koda We Love Cycling - Spain","description":"\u0160koda WeLoveCycling Spain","potentialAction":[{"@type":"SearchAction","target":{"@type":"EntryPoint","urlTemplate":"https:\/\/www.welovecycling.com\/es\/?s={search_term_string}"},"query-input":{"@type":"PropertyValueSpecification","valueRequired":true,"valueName":"search_term_string"}}],"inLanguage":"es-ES"},{"@type":"Person","@id":"https:\/\/www.welovecycling.com\/es\/#\/schema\/person\/deb61715b5812698ee79fb96f343ccd4","name":"We Love Cycling Spain","image":{"@type":"ImageObject","inLanguage":"es-ES","@id":"https:\/\/www.welovecycling.com\/es\/#\/schema\/person\/image\/","url":"https:\/\/secure.gravatar.com\/avatar\/c824b04e6df0e37a03219d0b6481672889df542894588964102459e46513159c?s=96&d=mm&r=g","contentUrl":"https:\/\/secure.gravatar.com\/avatar\/c824b04e6df0e37a03219d0b6481672889df542894588964102459e46513159c?s=96&d=mm&r=g","caption":"We Love Cycling Spain"},"url":"https:\/\/www.welovecycling.com\/es\/author\/amunoz\/"}]}},"_links":{"self":[{"href":"https:\/\/www.welovecycling.com\/es\/wp-json\/wp\/v2\/posts\/8165","targetHints":{"allow":["GET"]}}],"collection":[{"href":"https:\/\/www.welovecycling.com\/es\/wp-json\/wp\/v2\/posts"}],"about":[{"href":"https:\/\/www.welovecycling.com\/es\/wp-json\/wp\/v2\/types\/post"}],"author":[{"embeddable":true,"href":"https:\/\/www.welovecycling.com\/es\/wp-json\/wp\/v2\/users\/29"}],"replies":[{"embeddable":true,"href":"https:\/\/www.welovecycling.com\/es\/wp-json\/wp\/v2\/comments?post=8165"}],"version-history":[{"count":2,"href":"https:\/\/www.welovecycling.com\/es\/wp-json\/wp\/v2\/posts\/8165\/revisions"}],"predecessor-version":[{"id":8174,"href":"https:\/\/www.welovecycling.com\/es\/wp-json\/wp\/v2\/posts\/8165\/revisions\/8174"}],"wp:featuredmedia":[{"embeddable":true,"href":"https:\/\/www.welovecycling.com\/es\/wp-json\/wp\/v2\/media\/8173"}],"wp:attachment":[{"href":"https:\/\/www.welovecycling.com\/es\/wp-json\/wp\/v2\/media?parent=8165"}],"wp:term":[{"taxonomy":"category","embeddable":true,"href":"https:\/\/www.welovecycling.com\/es\/wp-json\/wp\/v2\/categories?post=8165"},{"taxonomy":"post_tag","embeddable":true,"href":"https:\/\/www.welovecycling.com\/es\/wp-json\/wp\/v2\/tags?post=8165"},{"taxonomy":"global-categories","embeddable":true,"href":"https:\/\/www.welovecycling.com\/es\/wp-json\/wp\/v2\/global-categories?post=8165"}],"curies":[{"name":"wp","href":"https:\/\/api.w.org\/{rel}","templated":true}]}}