{"id":8151,"date":"2021-09-22T18:18:33","date_gmt":"2021-09-22T16:18:33","guid":{"rendered":"https:\/\/www.welovecycling.com\/es\/?p=8151"},"modified":"2021-09-14T18:50:12","modified_gmt":"2021-09-14T16:50:12","slug":"mundial-de-ciclismo","status":"publish","type":"post","link":"https:\/\/www.welovecycling.com\/es\/2021\/09\/22\/mundial-de-ciclismo\/","title":{"rendered":"Los momentos del Mundial de Ciclismo m\u00e1s recordados"},"content":{"rendered":"<p><strong>Con casi 100 a\u00f1os de historia, los Campeonatos del Mundo de Ciclismo en Ruta han cambiado significativamente, con algunos momentos del Mundial de Ciclismo incre\u00edbles que han moldeado la forma en que vemos este deporte.<\/strong><\/p>\n<p><!--more--><\/p>\n<p>A continuaci\u00f3n, repasamos algunos de los momentos m\u00e1s emblem\u00e1ticos que han definido el maillot arcoiris.<\/p>\n<h2><strong>El primer campe\u00f3n: Alfredo Binda, 1927<\/strong><\/h2>\n<p>Aunque la idea de un Mundial de Ciclismo se plante\u00f3 en 1920, la primera carrera en carretera con profesionales -tal como la vemos hoy- no se celebr\u00f3 hasta 1927 en Nurburgring (Alemania).<\/p>\n<p>Hasta ese momento, los campeonatos hab\u00edan sido contrarreloj, pero en el circuito de automovilismo, <a href=\"https:\/\/www.welovecycling.com\/es\/2020\/05\/29\/alfredo-binda-giro\/\">Binda<\/a> -uno de los ciclista m\u00e1s emblem\u00e1ticos de la historia- estaba en la l\u00ednea de salida buscando hacer historia. En un recorrido que hoy en d\u00eda se considerar\u00eda corto, de poco m\u00e1s de 182 km, el italiano arras\u00f3 y gan\u00f3 con estilo, con s\u00f3lo 17 hombres por detr\u00e1s de \u00e9l.<\/p>\n<figure id=\"attachment_6225\" aria-describedby=\"caption-attachment-6225\" style=\"width: 1250px\" class=\"wp-caption alignnone\"><a href=\"https:\/\/d2p6e6u75xmxt8.cloudfront.net\/6\/2020\/05\/Alfredo-Binda-profimedia-0331471163.jpg\"><img loading=\"lazy\" decoding=\"async\" class=\"size-full wp-image-6225\" src=\"https:\/\/d2p6e6u75xmxt8.cloudfront.net\/6\/2020\/05\/Alfredo-Binda-profimedia-0331471163.jpg\" alt=\"\" width=\"1250\" height=\"904\" \/><\/a><figcaption id=\"caption-attachment-6225\" class=\"wp-caption-text\">El franc\u00e9s Maurice Archambaud y el italiano Alfredo Binda compitiendo en el Giro de 1935. \u00a9 AFP \/ AFP \/ Profimedia<\/figcaption><\/figure>\n<p>Ganar\u00eda dos t\u00edtulos mundiales m\u00e1s, con lo que sumar\u00eda tres, una haza\u00f1a que, aunque igualada, nunca ha sido superada.<\/p>\n<p>Binda fue el primer ganador profesional y puso en marcha lo que vemos hoy en d\u00eda.<\/p>\n<h2><strong>Pionera: Elsy Jacobs en 1958<\/strong><\/h2>\n<p>Al igual que Binda en 1927, ten\u00eda que haber una primera campeona de carreras en ruta femenina. Y, aunque tuvieron que pasar otros 31 a\u00f1os para que la UCI diera a conocer la carrera femenina, fue un acontecimiento hist\u00f3rico en Reims, Francia, cuando el pelot\u00f3n femenino tom\u00f3 la salida en esa carrera inaugural.<\/p>\n<p>Y fue una corredora luxemburguesa de 25 a\u00f1os la que se llev\u00f3 el gato al agua. Jacobs, que dominar\u00eda el palmar\u00e9s profesional en carretera en los a\u00f1os siguientes, fue la primera en cruzar la l\u00ednea de meta en Reims, ganando por un c\u00f3modo margen.<\/p>\n<figure id=\"attachment_8152\" aria-describedby=\"caption-attachment-8152\" style=\"width: 1270px\" class=\"wp-caption alignnone\"><a href=\"https:\/\/d2p6e6u75xmxt8.cloudfront.net\/6\/2021\/09\/Elsy-Jacobs-profimedia-0209927377.jpg\"><img loading=\"lazy\" decoding=\"async\" class=\"wp-image-8152 size-full\" src=\"https:\/\/d2p6e6u75xmxt8.cloudfront.net\/6\/2021\/09\/Elsy-Jacobs-profimedia-0209927377.jpg\" alt=\"Elsy Jacobs\" width=\"1270\" height=\"1070\" srcset=\"https:\/\/d2p6e6u75xmxt8.cloudfront.net\/6\/2021\/09\/Elsy-Jacobs-profimedia-0209927377.jpg 1270w, https:\/\/d2p6e6u75xmxt8.cloudfront.net\/6\/2021\/09\/Elsy-Jacobs-profimedia-0209927377-300x253.jpg 300w, https:\/\/d2p6e6u75xmxt8.cloudfront.net\/6\/2021\/09\/Elsy-Jacobs-profimedia-0209927377-1024x863.jpg 1024w, https:\/\/d2p6e6u75xmxt8.cloudfront.net\/6\/2021\/09\/Elsy-Jacobs-profimedia-0209927377-768x647.jpg 768w\" sizes=\"auto, (max-width: 1270px) 100vw, 1270px\" \/><\/a><figcaption id=\"caption-attachment-8152\" class=\"wp-caption-text\">La incre\u00edble Elsy. \u00a9 Profimedia<\/figcaption><\/figure>\n<p>&nbsp;<\/p>\n<p>La carrera femenina ha cambiado radicalmente desde aquellos primeros a\u00f1os. Ahora se considera una de las pruebas m\u00e1s entretenidas y disputadas de la semana del campeonato mundial, con gente como Anna van der Breggen y <a href=\"https:\/\/www.welovecycling.com\/es\/2021\/08\/20\/edad-ciclismo-profesional\/\">Annemiek van Vleuten<\/a> dominando en los \u00faltimos a\u00f1os.<\/p>\n<p>1958 ser\u00eda la \u00fanica corona mundial de Jacob, pero siempre ser\u00e1 recordada como la primera.<\/p>\n<h2><strong>Desde el otro lado del charco: Eddy Merckx, 1974<\/strong><\/h2>\n<p>Una lista de momentos ic\u00f3nicos, sin importar que carrera ciclista sea, debe incluir al Can\u00edbal. Ganando casi un tercio de las carreras en las que compiti\u00f3, Merckx no era ajeno al \u00e9xito en el escenario m\u00e1s grande. De hecho, ya hab\u00eda vestido el maillot arcoiris en dos ocasiones, en 1967 y 1971. Pero su victoria en 1974, la tercera y \u00faltima, es ic\u00f3nica por otra raz\u00f3n: el lugar.<\/p>\n<p>Desde 1927, los campeonatos del mundo s\u00f3lo se hab\u00edan celebrado en el continente europeo, el coraz\u00f3n del ciclismo. Pero, ese a\u00f1o, la carrera se traslad\u00f3 al otro lado del Atl\u00e1ntico, a Montreal (Canad\u00e1), donde se dise\u00f1\u00f3 un circuito duro y ondulado para poner a prueba al pelot\u00f3n. No fue una sorpresa que Merckx triunfara, superando a su hist\u00f3rico rival, Raymond Poulidor, por s\u00f3lo dos segundos.<\/p>\n<figure id=\"attachment_8155\" aria-describedby=\"caption-attachment-8155\" style=\"width: 1000px\" class=\"wp-caption alignnone\"><a href=\"https:\/\/d2p6e6u75xmxt8.cloudfront.net\/6\/2021\/09\/Eddy-Merckx-1975-profimedia-0288070914.jpg\"><img loading=\"lazy\" decoding=\"async\" class=\"size-full wp-image-8155\" src=\"https:\/\/d2p6e6u75xmxt8.cloudfront.net\/6\/2021\/09\/Eddy-Merckx-1975-profimedia-0288070914.jpg\" alt=\"Eddy Merckx\" width=\"1000\" height=\"667\" srcset=\"https:\/\/d2p6e6u75xmxt8.cloudfront.net\/6\/2021\/09\/Eddy-Merckx-1975-profimedia-0288070914.jpg 1000w, https:\/\/d2p6e6u75xmxt8.cloudfront.net\/6\/2021\/09\/Eddy-Merckx-1975-profimedia-0288070914-300x200.jpg 300w, https:\/\/d2p6e6u75xmxt8.cloudfront.net\/6\/2021\/09\/Eddy-Merckx-1975-profimedia-0288070914-768x512.jpg 768w, https:\/\/d2p6e6u75xmxt8.cloudfront.net\/6\/2021\/09\/Eddy-Merckx-1975-profimedia-0288070914-272x182.jpg 272w\" sizes=\"auto, (max-width: 1000px) 100vw, 1000px\" \/><\/a><figcaption id=\"caption-attachment-8155\" class=\"wp-caption-text\">Eddy Merckx. \u00a9 Profimedia<\/figcaption><\/figure>\n<p>&nbsp;<\/p>\n<p>Al visitar Montreal, una ciudad que celebrar\u00eda los Juegos Ol\u00edmpicos de verano dos a\u00f1os m\u00e1s tarde, los Campeonatos del Mundo se abrieron a todo un mundo nuevo y a nuevas posibilidades, donde pod\u00edan inspirar a nuevos corredores de todo el mundo.<\/p>\n<p>Hasta ahora, la carrera ha visitado todos los continentes habitables excepto \u00c1frica, y es probable que eso cambie esta d\u00e9cada con Ruanda, una potencia ciclista en alza, considerada como un posible destino.<\/p>\n<p>Pero volvamos a Montreal, donde esta victoria de Merckx le asegur\u00f3 la triple corona por haber ganado dos grandes vueltas y el mundial en el mismo a\u00f1o, una haza\u00f1a s\u00f3lo conseguida una vez desde entonces: en 1987 por Stephen Roche.<\/p>\n<h2><strong>El regreso: Greg LeMond, 1989<\/strong><\/h2>\n<p>\u00bfCrees en los milagros? Pues si conoce la historia de LeMond, deber\u00edas hacerlo. Este ganador del t\u00edtulo mundial en 1983 fue tambi\u00e9n un prestigioso corredor de grandes vueltas, con victorias en el Tour de Francia en 1986 y 1989. Pero en la primavera de 1987 su historia dio un giro. Disparado accidentalmente por su cu\u00f1ado en un viaje de caza, LeMond luch\u00f3 por su vida y, en un momento dado, estuvo a 20 minutos de la muerte.<\/p>\n<p>La vuelta al ciclismo parec\u00eda imposible, pero en 1989 LeMond volvi\u00f3 a competir y, en la edici\u00f3n m\u00e1s re\u00f1ida del Tour de Francia de todos los tiempos, venci\u00f3 a Laurent Fignon por nueve segundos en un cuento de hadas deportivo que ha resistido el paso del tiempo.<\/p>\n<figure id=\"attachment_6969\" aria-describedby=\"caption-attachment-6969\" style=\"width: 1250px\" class=\"wp-caption alignnone\"><a href=\"https:\/\/d2p6e6u75xmxt8.cloudfront.net\/6\/2020\/11\/Hinault-LeMond-profimedia-0020457183.jpg\"><img loading=\"lazy\" decoding=\"async\" class=\"size-full wp-image-6969\" src=\"https:\/\/d2p6e6u75xmxt8.cloudfront.net\/6\/2020\/11\/Hinault-LeMond-profimedia-0020457183.jpg\" alt=\"Hinault and LeMond\" width=\"1250\" height=\"874\" srcset=\"https:\/\/d2p6e6u75xmxt8.cloudfront.net\/6\/2020\/11\/Hinault-LeMond-profimedia-0020457183.jpg 1250w, https:\/\/d2p6e6u75xmxt8.cloudfront.net\/6\/2020\/11\/Hinault-LeMond-profimedia-0020457183-300x210.jpg 300w, https:\/\/d2p6e6u75xmxt8.cloudfront.net\/6\/2020\/11\/Hinault-LeMond-profimedia-0020457183-1024x716.jpg 1024w, https:\/\/d2p6e6u75xmxt8.cloudfront.net\/6\/2020\/11\/Hinault-LeMond-profimedia-0020457183-768x537.jpg 768w\" sizes=\"auto, (max-width: 1250px) 100vw, 1250px\" \/><\/a><figcaption id=\"caption-attachment-6969\" class=\"wp-caption-text\">Bernard Hinault (Izquierda) y Greg Lemond (Derecha) en el podio de 1986. \u00a9 Profimedia<\/figcaption><\/figure>\n<p>&nbsp;<\/p>\n<p>Pero lo que sigui\u00f3 en Chambery, un par de meses despu\u00e9s, fue igualmente extraordinario. En una llegada al sprint, al igual que en 1983, el estadounidense se impuso al sovi\u00e9tico <a href=\"https:\/\/en.wikipedia.org\/wiki\/Dimitri_Konyshev\">Dimitri Konyshev<\/a> y al irland\u00e9s Sean Kelly para culminar un a\u00f1o incre\u00edble. Ganar\u00eda el Tour en 1990, pero ver\u00eda c\u00f3mo su suerte se resent\u00eda durante la era de la EPO.<\/p>\n<p>Su historia, ic\u00f3nica. Su segunda victoria en el Mundial de Ciclismo, exactamente igual.<\/p>\n<h2><strong>Dominadora holandesa: Marianne Vos, 2013<\/strong><\/h2>\n<p>A lo largo de la historia del Mundial de Ciclismo, \u00bfha habido alguna vez un equipo m\u00e1s fuerte que el equipo femenino holand\u00e9s desde 2006? Un catalizador de ello es Vos, una corredora para todos los climas, todos los terrenos y todas las condiciones. Desde 2006 hasta 2013, no ha quedado por debajo del segundo puesto en los campeonatos del mundo, gan\u00e1ndolos en tres ocasiones.<\/p>\n<p>Pero, gran parte de esto se debi\u00f3 a su extraordinario equipo. Desde 2006, una corredora holandesa ha terminado en el podio en todas las ediciones, excepto en 2014. Desde 2017, se han llevado a casa el maillot arco\u00edris en todas las ocasiones. No es de extra\u00f1ar que sean la naci\u00f3n m\u00e1s exitosa, con diferencia, en la historia de la carrera femenina en ruta.<\/p>\n<figure id=\"attachment_8156\" aria-describedby=\"caption-attachment-8156\" style=\"width: 1000px\" class=\"wp-caption alignnone\"><a href=\"https:\/\/d2p6e6u75xmxt8.cloudfront.net\/6\/2021\/09\/Marianne-Vos-profimedia-0237734189.jpg\"><img loading=\"lazy\" decoding=\"async\" class=\"size-full wp-image-8156\" src=\"https:\/\/d2p6e6u75xmxt8.cloudfront.net\/6\/2021\/09\/Marianne-Vos-profimedia-0237734189.jpg\" alt=\"Marianne Vos\" width=\"1000\" height=\"793\" srcset=\"https:\/\/d2p6e6u75xmxt8.cloudfront.net\/6\/2021\/09\/Marianne-Vos-profimedia-0237734189.jpg 1000w, https:\/\/d2p6e6u75xmxt8.cloudfront.net\/6\/2021\/09\/Marianne-Vos-profimedia-0237734189-300x238.jpg 300w, https:\/\/d2p6e6u75xmxt8.cloudfront.net\/6\/2021\/09\/Marianne-Vos-profimedia-0237734189-768x609.jpg 768w\" sizes=\"auto, (max-width: 1000px) 100vw, 1000px\" \/><\/a><figcaption id=\"caption-attachment-8156\" class=\"wp-caption-text\">La victoria iconica de Vos en 2013. \u00a9 Profimedia<\/figcaption><\/figure>\n<p>La victoria de Vos en 2013 fue ic\u00f3nica por ese trabajo en equipo. A medida que la carrera se reduc\u00eda en Florencia, ella y Anna van der Breggen trabajaron juntas, atacando de seguido y haciendo movimientos hasta que Vos se lanz\u00f3 con su tradicional demarraje en la subida final. Nadie pudo seguirla y dio por sentenciadas a la sueca Emma Johannson y a la italiana Rosella Ratto.<\/p>\n<p>Ese ser\u00eda el podio final, ya que Vos gan\u00f3 por 15 segundos. Esta carrera no s\u00f3lo dej\u00f3 claro la incre\u00edble ciclista que es, sino que demostr\u00f3 c\u00f3mo un equipo puede dominar el mundo.<\/p>\n<h2><strong>Triplete: Peter Sagan, 2017<\/strong><\/h2>\n<p>Sus victorias en 2015 y 2016 fueron bastante incre\u00edbles, pero en 2017, <a href=\"https:\/\/www.welovecycling.com\/es\/2020\/07\/03\/mejor-peter-sagan\/\">Sagan<\/a> estuvo a otro nivel. En un recorrido que se adaptaba a los velocistas puros, hab\u00eda hombres m\u00e1s r\u00e1pidos en en carrera mientras Sagan iba a por un hist\u00f3rico tercer t\u00edtulo mundial consecutivo, solo conseguido una vez antes por la ciclista francesa <a href=\"https:\/\/www.welovecycling.com\/wide\/2020\/08\/14\/jeannie-longo-strikes-again-a-look-at-the-61-year-old-time-trial-queen\/\">Jeannie Longo<\/a>.<\/p>\n<figure id=\"attachment_8158\" aria-describedby=\"caption-attachment-8158\" style=\"width: 1000px\" class=\"wp-caption alignnone\"><a href=\"https:\/\/d2p6e6u75xmxt8.cloudfront.net\/6\/2021\/09\/Sagan-2017-profimedia-0350374095.jpg\"><img loading=\"lazy\" decoding=\"async\" class=\"wp-image-8158 size-full\" src=\"https:\/\/d2p6e6u75xmxt8.cloudfront.net\/6\/2021\/09\/Sagan-2017-profimedia-0350374095.jpg\" alt=\"Peter Sagan\" width=\"1000\" height=\"666\" srcset=\"https:\/\/d2p6e6u75xmxt8.cloudfront.net\/6\/2021\/09\/Sagan-2017-profimedia-0350374095.jpg 1000w, https:\/\/d2p6e6u75xmxt8.cloudfront.net\/6\/2021\/09\/Sagan-2017-profimedia-0350374095-300x200.jpg 300w, https:\/\/d2p6e6u75xmxt8.cloudfront.net\/6\/2021\/09\/Sagan-2017-profimedia-0350374095-768x511.jpg 768w, https:\/\/d2p6e6u75xmxt8.cloudfront.net\/6\/2021\/09\/Sagan-2017-profimedia-0350374095-272x182.jpg 272w\" sizes=\"auto, (max-width: 1000px) 100vw, 1000px\" \/><\/a><figcaption id=\"caption-attachment-8158\" class=\"wp-caption-text\">Si buscas Peter Sagan en la web&#8230; sus resultados est\u00e1n dominados por el color verde del Tour y el arcoiris del Mundial. \u00a9 Profimedia<\/figcaption><\/figure>\n<p>Al entrar en los \u00faltimos cuatro kil\u00f3metros, Sagan iba a rueda y ya no ten\u00eda compa\u00f1eros de equipo. Lo que sigui\u00f3 fue una clase magistral. Comenz\u00f3 siguiendo un ataque de Ben Swift, cerrando los movimientos porque quer\u00eda llevarlo al sprint, confiando en que pod\u00eda superar a corredores como Alexander Kristoff y Michael Matthews. Los corredores volvieron a atacar unos cientos de metros m\u00e1s tarde, y Sagan estuvo all\u00ed cerrando el hueco, mostrando su fuerza, pero, cr\u00edticamente, sin esforzarse demasiado.<\/p>\n<p>Su posici\u00f3n en la \u00faltima curva fue perfecta. Se coloc\u00f3 detr\u00e1s de Kristoff y esper\u00f3 a que el gran noruego iniciara su sprint. En cuanto lo hizo, Sagan se sent\u00f3 y esper\u00f3 el momento perfecto, antes de adelantarle y ganar lanzando la bici. Fue un clinic sobre c\u00f3mo ganar una carrera sin compa\u00f1eros y un momento ic\u00f3nico para un corredor ic\u00f3nico.<\/p>\n<p>\u00bfNos hemos dejado alg\u00fan momento que merezca la pena mencionar? Cu\u00e9ntanos tu recuerdo favorito del Mundial de Ciclismo.<\/p>\n","protected":false},"excerpt":{"rendered":"<p>Con casi 100 a\u00f1os de historia, los Campeonatos del Mundo de Ciclismo en Ruta han cambiado significativamente, con algunos momentos [&hellip;]<\/p>\n","protected":false},"author":29,"featured_media":8162,"comment_status":"open","ping_status":"open","sticky":false,"template":"","format":"standard","meta":{"footnotes":""},"categories":[7],"tags":[2151,2150],"global-categories":[],"class_list":["post-8151","post","type-post","status-publish","format-standard","has-post-thumbnail","hentry","category-carretera","tag-historia-mundial-ciclismo","tag-mundial-de-ciclismo"],"yoast_head":"<!-- This site is optimized with the Yoast SEO Premium plugin v25.3 (Yoast SEO v25.9) - https:\/\/yoast.com\/wordpress\/plugins\/seo\/ -->\n<title>Los momentos del Mundial de Ciclismo m\u00e1s recordados<\/title>\n<meta name=\"description\" content=\"Los momentos del Mundial de Ciclismo m\u00e1s recordados. La historia del Mundial de Ciclismo. Binda, Sagan, Lemond, Merckx, Vos...\" \/>\n<meta name=\"robots\" content=\"index, follow, max-snippet:-1, max-image-preview:large, max-video-preview:-1\" \/>\n<link rel=\"canonical\" href=\"https:\/\/www.welovecycling.com\/es\/2021\/09\/22\/mundial-de-ciclismo\/\" \/>\n<meta property=\"og:locale\" content=\"es_ES\" \/>\n<meta property=\"og:type\" content=\"article\" \/>\n<meta property=\"og:title\" content=\"Los momentos del Mundial de Ciclismo m\u00e1s recordados\" \/>\n<meta property=\"og:description\" content=\"Los momentos del Mundial de Ciclismo m\u00e1s recordados. La historia del Mundial de Ciclismo. Binda, Sagan, Lemond, Merckx, Vos...\" \/>\n<meta property=\"og:url\" content=\"https:\/\/www.welovecycling.com\/es\/2021\/09\/22\/mundial-de-ciclismo\/\" \/>\n<meta property=\"og:site_name\" content=\"\u0160koda We Love Cycling - Spain\" \/>\n<meta property=\"article:published_time\" content=\"2021-09-22T16:18:33+00:00\" \/>\n<meta property=\"og:image\" content=\"https:\/\/d2p6e6u75xmxt8.cloudfront.net\/6\/2021\/09\/2017-UCI-World-Championships-profimedia-0350287766-CVR.jpg\" \/>\n\t<meta property=\"og:image:width\" content=\"1366\" \/>\n\t<meta property=\"og:image:height\" content=\"600\" \/>\n\t<meta property=\"og:image:type\" content=\"image\/jpeg\" \/>\n<meta name=\"author\" content=\"We Love Cycling Spain\" \/>\n<meta name=\"twitter:card\" content=\"summary_large_image\" \/>\n<meta name=\"twitter:title\" content=\"Los momentos del Mundial de Ciclismo m\u00e1s recordados\" \/>\n<meta name=\"twitter:description\" content=\"Los momentos del Mundial de Ciclismo m\u00e1s recordados. La historia del Mundial de Ciclismo. Binda, Sagan, Lemond, Merckx, Vos...\" \/>\n<meta name=\"twitter:label1\" content=\"Written by\" \/>\n\t<meta name=\"twitter:data1\" content=\"Joshua Donaldson\" \/>\n\t<meta name=\"twitter:label2\" content=\"Est. reading time\" \/>\n\t<meta name=\"twitter:data2\" content=\"6\" \/>\n<script type=\"application\/ld+json\" class=\"yoast-schema-graph\">{\"@context\":\"https:\/\/schema.org\",\"@graph\":[{\"@type\":\"WebPage\",\"@id\":\"https:\/\/www.welovecycling.com\/es\/2021\/09\/22\/mundial-de-ciclismo\/\",\"url\":\"https:\/\/www.welovecycling.com\/es\/2021\/09\/22\/mundial-de-ciclismo\/\",\"name\":\"Los momentos del Mundial de Ciclismo m\u00e1s recordados\",\"isPartOf\":{\"@id\":\"https:\/\/www.welovecycling.com\/es\/#website\"},\"primaryImageOfPage\":{\"@id\":\"https:\/\/www.welovecycling.com\/es\/2021\/09\/22\/mundial-de-ciclismo\/#primaryimage\"},\"image\":{\"@id\":\"https:\/\/www.welovecycling.com\/es\/2021\/09\/22\/mundial-de-ciclismo\/#primaryimage\"},\"thumbnailUrl\":\"https:\/\/d2p6e6u75xmxt8.cloudfront.net\/6\/2021\/09\/2017-UCI-World-Championships-profimedia-0350287766-CVR.jpg\",\"datePublished\":\"2021-09-22T16:18:33+00:00\",\"author\":{\"@id\":\"https:\/\/www.welovecycling.com\/es\/#\/schema\/person\/deb61715b5812698ee79fb96f343ccd4\"},\"description\":\"Los momentos del Mundial de Ciclismo m\u00e1s recordados. La historia del Mundial de Ciclismo. Binda, Sagan, Lemond, Merckx, Vos...\",\"breadcrumb\":{\"@id\":\"https:\/\/www.welovecycling.com\/es\/2021\/09\/22\/mundial-de-ciclismo\/#breadcrumb\"},\"inLanguage\":\"es-ES\",\"potentialAction\":[{\"@type\":\"ReadAction\",\"target\":[\"https:\/\/www.welovecycling.com\/es\/2021\/09\/22\/mundial-de-ciclismo\/\"]}]},{\"@type\":\"ImageObject\",\"inLanguage\":\"es-ES\",\"@id\":\"https:\/\/www.welovecycling.com\/es\/2021\/09\/22\/mundial-de-ciclismo\/#primaryimage\",\"url\":\"https:\/\/d2p6e6u75xmxt8.cloudfront.net\/6\/2021\/09\/2017-UCI-World-Championships-profimedia-0350287766-CVR.jpg\",\"contentUrl\":\"https:\/\/d2p6e6u75xmxt8.cloudfront.net\/6\/2021\/09\/2017-UCI-World-Championships-profimedia-0350287766-CVR.jpg\",\"width\":1366,\"height\":600},{\"@type\":\"BreadcrumbList\",\"@id\":\"https:\/\/www.welovecycling.com\/es\/2021\/09\/22\/mundial-de-ciclismo\/#breadcrumb\",\"itemListElement\":[{\"@type\":\"ListItem\",\"position\":1,\"name\":\"Home\",\"item\":\"https:\/\/www.welovecycling.com\/es\/\"},{\"@type\":\"ListItem\",\"position\":2,\"name\":\"Los momentos del Mundial de Ciclismo m\u00e1s recordados\"}]},{\"@type\":\"WebSite\",\"@id\":\"https:\/\/www.welovecycling.com\/es\/#website\",\"url\":\"https:\/\/www.welovecycling.com\/es\/\",\"name\":\"\u0160koda We Love Cycling - Spain\",\"description\":\"\u0160koda WeLoveCycling Spain\",\"potentialAction\":[{\"@type\":\"SearchAction\",\"target\":{\"@type\":\"EntryPoint\",\"urlTemplate\":\"https:\/\/www.welovecycling.com\/es\/?s={search_term_string}\"},\"query-input\":{\"@type\":\"PropertyValueSpecification\",\"valueRequired\":true,\"valueName\":\"search_term_string\"}}],\"inLanguage\":\"es-ES\"},{\"@type\":\"Person\",\"@id\":\"https:\/\/www.welovecycling.com\/es\/#\/schema\/person\/deb61715b5812698ee79fb96f343ccd4\",\"name\":\"We Love Cycling Spain\",\"image\":{\"@type\":\"ImageObject\",\"inLanguage\":\"es-ES\",\"@id\":\"https:\/\/www.welovecycling.com\/es\/#\/schema\/person\/image\/\",\"url\":\"https:\/\/secure.gravatar.com\/avatar\/c824b04e6df0e37a03219d0b6481672889df542894588964102459e46513159c?s=96&d=mm&r=g\",\"contentUrl\":\"https:\/\/secure.gravatar.com\/avatar\/c824b04e6df0e37a03219d0b6481672889df542894588964102459e46513159c?s=96&d=mm&r=g\",\"caption\":\"We Love Cycling Spain\"},\"url\":\"https:\/\/www.welovecycling.com\/es\/author\/amunoz\/\"}]}<\/script>\n<!-- \/ Yoast SEO Premium plugin. -->","yoast_head_json":{"title":"Los momentos del Mundial de Ciclismo m\u00e1s recordados","description":"Los momentos del Mundial de Ciclismo m\u00e1s recordados. La historia del Mundial de Ciclismo. Binda, Sagan, Lemond, Merckx, Vos...","robots":{"index":"index","follow":"follow","max-snippet":"max-snippet:-1","max-image-preview":"max-image-preview:large","max-video-preview":"max-video-preview:-1"},"canonical":"https:\/\/www.welovecycling.com\/es\/2021\/09\/22\/mundial-de-ciclismo\/","og_locale":"es_ES","og_type":"article","og_title":"Los momentos del Mundial de Ciclismo m\u00e1s recordados","og_description":"Los momentos del Mundial de Ciclismo m\u00e1s recordados. La historia del Mundial de Ciclismo. Binda, Sagan, Lemond, Merckx, Vos...","og_url":"https:\/\/www.welovecycling.com\/es\/2021\/09\/22\/mundial-de-ciclismo\/","og_site_name":"\u0160koda We Love Cycling - Spain","article_published_time":"2021-09-22T16:18:33+00:00","og_image":[{"width":1366,"height":600,"url":"https:\/\/d2p6e6u75xmxt8.cloudfront.net\/6\/2021\/09\/2017-UCI-World-Championships-profimedia-0350287766-CVR.jpg","type":"image\/jpeg"}],"author":"We Love Cycling Spain","twitter_card":"summary_large_image","twitter_title":"Los momentos del Mundial de Ciclismo m\u00e1s recordados","twitter_description":"Los momentos del Mundial de Ciclismo m\u00e1s recordados. La historia del Mundial de Ciclismo. Binda, Sagan, Lemond, Merckx, Vos...","twitter_misc":{"Written by":"Joshua Donaldson","Est. reading time":"6"},"schema":{"@context":"https:\/\/schema.org","@graph":[{"@type":"WebPage","@id":"https:\/\/www.welovecycling.com\/es\/2021\/09\/22\/mundial-de-ciclismo\/","url":"https:\/\/www.welovecycling.com\/es\/2021\/09\/22\/mundial-de-ciclismo\/","name":"Los momentos del Mundial de Ciclismo m\u00e1s recordados","isPartOf":{"@id":"https:\/\/www.welovecycling.com\/es\/#website"},"primaryImageOfPage":{"@id":"https:\/\/www.welovecycling.com\/es\/2021\/09\/22\/mundial-de-ciclismo\/#primaryimage"},"image":{"@id":"https:\/\/www.welovecycling.com\/es\/2021\/09\/22\/mundial-de-ciclismo\/#primaryimage"},"thumbnailUrl":"https:\/\/d2p6e6u75xmxt8.cloudfront.net\/6\/2021\/09\/2017-UCI-World-Championships-profimedia-0350287766-CVR.jpg","datePublished":"2021-09-22T16:18:33+00:00","author":{"@id":"https:\/\/www.welovecycling.com\/es\/#\/schema\/person\/deb61715b5812698ee79fb96f343ccd4"},"description":"Los momentos del Mundial de Ciclismo m\u00e1s recordados. La historia del Mundial de Ciclismo. Binda, Sagan, Lemond, Merckx, Vos...","breadcrumb":{"@id":"https:\/\/www.welovecycling.com\/es\/2021\/09\/22\/mundial-de-ciclismo\/#breadcrumb"},"inLanguage":"es-ES","potentialAction":[{"@type":"ReadAction","target":["https:\/\/www.welovecycling.com\/es\/2021\/09\/22\/mundial-de-ciclismo\/"]}]},{"@type":"ImageObject","inLanguage":"es-ES","@id":"https:\/\/www.welovecycling.com\/es\/2021\/09\/22\/mundial-de-ciclismo\/#primaryimage","url":"https:\/\/d2p6e6u75xmxt8.cloudfront.net\/6\/2021\/09\/2017-UCI-World-Championships-profimedia-0350287766-CVR.jpg","contentUrl":"https:\/\/d2p6e6u75xmxt8.cloudfront.net\/6\/2021\/09\/2017-UCI-World-Championships-profimedia-0350287766-CVR.jpg","width":1366,"height":600},{"@type":"BreadcrumbList","@id":"https:\/\/www.welovecycling.com\/es\/2021\/09\/22\/mundial-de-ciclismo\/#breadcrumb","itemListElement":[{"@type":"ListItem","position":1,"name":"Home","item":"https:\/\/www.welovecycling.com\/es\/"},{"@type":"ListItem","position":2,"name":"Los momentos del Mundial de Ciclismo m\u00e1s recordados"}]},{"@type":"WebSite","@id":"https:\/\/www.welovecycling.com\/es\/#website","url":"https:\/\/www.welovecycling.com\/es\/","name":"\u0160koda We Love Cycling - Spain","description":"\u0160koda WeLoveCycling Spain","potentialAction":[{"@type":"SearchAction","target":{"@type":"EntryPoint","urlTemplate":"https:\/\/www.welovecycling.com\/es\/?s={search_term_string}"},"query-input":{"@type":"PropertyValueSpecification","valueRequired":true,"valueName":"search_term_string"}}],"inLanguage":"es-ES"},{"@type":"Person","@id":"https:\/\/www.welovecycling.com\/es\/#\/schema\/person\/deb61715b5812698ee79fb96f343ccd4","name":"We Love Cycling Spain","image":{"@type":"ImageObject","inLanguage":"es-ES","@id":"https:\/\/www.welovecycling.com\/es\/#\/schema\/person\/image\/","url":"https:\/\/secure.gravatar.com\/avatar\/c824b04e6df0e37a03219d0b6481672889df542894588964102459e46513159c?s=96&d=mm&r=g","contentUrl":"https:\/\/secure.gravatar.com\/avatar\/c824b04e6df0e37a03219d0b6481672889df542894588964102459e46513159c?s=96&d=mm&r=g","caption":"We Love Cycling Spain"},"url":"https:\/\/www.welovecycling.com\/es\/author\/amunoz\/"}]}},"_links":{"self":[{"href":"https:\/\/www.welovecycling.com\/es\/wp-json\/wp\/v2\/posts\/8151","targetHints":{"allow":["GET"]}}],"collection":[{"href":"https:\/\/www.welovecycling.com\/es\/wp-json\/wp\/v2\/posts"}],"about":[{"href":"https:\/\/www.welovecycling.com\/es\/wp-json\/wp\/v2\/types\/post"}],"author":[{"embeddable":true,"href":"https:\/\/www.welovecycling.com\/es\/wp-json\/wp\/v2\/users\/29"}],"replies":[{"embeddable":true,"href":"https:\/\/www.welovecycling.com\/es\/wp-json\/wp\/v2\/comments?post=8151"}],"version-history":[{"count":2,"href":"https:\/\/www.welovecycling.com\/es\/wp-json\/wp\/v2\/posts\/8151\/revisions"}],"predecessor-version":[{"id":8164,"href":"https:\/\/www.welovecycling.com\/es\/wp-json\/wp\/v2\/posts\/8151\/revisions\/8164"}],"wp:featuredmedia":[{"embeddable":true,"href":"https:\/\/www.welovecycling.com\/es\/wp-json\/wp\/v2\/media\/8162"}],"wp:attachment":[{"href":"https:\/\/www.welovecycling.com\/es\/wp-json\/wp\/v2\/media?parent=8151"}],"wp:term":[{"taxonomy":"category","embeddable":true,"href":"https:\/\/www.welovecycling.com\/es\/wp-json\/wp\/v2\/categories?post=8151"},{"taxonomy":"post_tag","embeddable":true,"href":"https:\/\/www.welovecycling.com\/es\/wp-json\/wp\/v2\/tags?post=8151"},{"taxonomy":"global-categories","embeddable":true,"href":"https:\/\/www.welovecycling.com\/es\/wp-json\/wp\/v2\/global-categories?post=8151"}],"curies":[{"name":"wp","href":"https:\/\/api.w.org\/{rel}","templated":true}]}}