{"id":8135,"date":"2021-09-15T17:26:51","date_gmt":"2021-09-15T15:26:51","guid":{"rendered":"https:\/\/www.welovecycling.com\/es\/?p=8135"},"modified":"2021-09-14T17:48:34","modified_gmt":"2021-09-14T15:48:34","slug":"maldicion-maillot-arcoiris","status":"publish","type":"post","link":"https:\/\/www.welovecycling.com\/es\/2021\/09\/15\/maldicion-maillot-arcoiris\/","title":{"rendered":"\u00bfEs real la maldici\u00f3n del maillot arcoiris?"},"content":{"rendered":"<p><strong>Desde extra\u00f1as lesiones hasta la inevitable exposici\u00f3n que conlleva, la maldici\u00f3n del maillot arcoiris es un caso extra\u00f1o que no suele suceder en otro deportes. Pero en el mundo del ciclismo es un mito que ha trascendido el paso de los a\u00f1os \u00bfEs real? Pues vamos a ver que nos cuenta la historia y los hechos.<\/strong><\/p>\n<p><!--more--><\/p>\n<p>Ya en 2015, justo cuando Peter <a href=\"https:\/\/www.welovecycling.com\/es\/2019\/09\/02\/peter-sagan-en-cada-etapa-salgo-a-darlo-todo\/\">Sagan<\/a> se lanz\u00f3 a su incre\u00edble racha de tres victorias consecutivas en Mundial de Ruta, el <a href=\"https:\/\/www.bmj.com\/content\/351\/bmj.h6304\">British Medical Journal<\/a> ech\u00f3 un vistazo a los n\u00fameros que hay detr\u00e1s de la llamada maldici\u00f3n. Lo principal que analizaron es el &#8220;efecto spotlight&#8221;, es decir, la forma en que todos los campeones del mundo, y los campeones nacionales en menor medida, son f\u00e1cilmente identificables por la distintiva prenda a rayas que pasan a llevar durante el a\u00f1o siguiente a su victoria. Los comentaristas siempre lo mencionan y siempre es llamativo lo f\u00e1cil que es detectarlo desde las tomas de los helic\u00f3pteros durante las carreras.<\/p>\n<figure id=\"attachment_8138\" aria-describedby=\"caption-attachment-8138\" style=\"width: 1250px\" class=\"wp-caption alignnone\"><a href=\"https:\/\/d2p6e6u75xmxt8.cloudfront.net\/6\/2021\/09\/Peter-Sagan-profimedia-0340403713.jpg\"><img loading=\"lazy\" decoding=\"async\" class=\"size-full wp-image-8138\" src=\"https:\/\/d2p6e6u75xmxt8.cloudfront.net\/6\/2021\/09\/Peter-Sagan-profimedia-0340403713.jpg\" alt=\"Peter Sagan\" width=\"1250\" height=\"833\" srcset=\"https:\/\/d2p6e6u75xmxt8.cloudfront.net\/6\/2021\/09\/Peter-Sagan-profimedia-0340403713.jpg 1250w, https:\/\/d2p6e6u75xmxt8.cloudfront.net\/6\/2021\/09\/Peter-Sagan-profimedia-0340403713-300x200.jpg 300w, https:\/\/d2p6e6u75xmxt8.cloudfront.net\/6\/2021\/09\/Peter-Sagan-profimedia-0340403713-1024x682.jpg 1024w, https:\/\/d2p6e6u75xmxt8.cloudfront.net\/6\/2021\/09\/Peter-Sagan-profimedia-0340403713-768x512.jpg 768w, https:\/\/d2p6e6u75xmxt8.cloudfront.net\/6\/2021\/09\/Peter-Sagan-profimedia-0340403713-272x182.jpg 272w\" sizes=\"auto, (max-width: 1250px) 100vw, 1250px\" \/><\/a><figcaption id=\"caption-attachment-8138\" class=\"wp-caption-text\">Sagan celebrando la victoria de la 3\u00aa etapa del Tour 2017. \u00a9 Profimedia<\/figcaption><\/figure>\n<p>El informe tambi\u00e9n sugiere que un campe\u00f3n del mundo puede luchar tanto como lo hac\u00eda antes, pero debido a su nueva notoriedad por ganar grandes carreras, est\u00e1 entonces bajo una considerable cantidad de presi\u00f3n a\u00f1adida para rendir en eventos similares a lo largo del a\u00f1o siguiente.<\/p>\n<h2><strong>Los resultados<\/strong><\/h2>\n<p>A lo largo del informe, los datos, proporcionados por <a href=\"https:\/\/www.procyclingstats.com\/index.php\">procyclingstats.com<\/a>, muestran un impacto no concluyente en un corredor una vez que ha ganado el campeonato del mundo. El conjunto de datos es de 1965 a 2013, un tama\u00f1o de muestra variado, que demostr\u00f3 que las victorias totales s\u00ed descienden el a\u00f1o en que se gana el campeonato del mundo y el a\u00f1o siguiente.<\/p>\n<p>Curiosamente, los mismos datos se compararon con los de los ganadores de la Giro de Lombard\u00eda, una carrera normalmente en un terreno similar al de los Mundiales y tambi\u00e9n en la misma \u00e9poca del a\u00f1o. Los resultados fueron sorprendentemente similares, mostrando que una vez que una carrera es objetivo, lo \u00fanico que separa los resultados de un monumento a un campeonato del mundo, es la naturaleza m\u00e1s visible del ganador.<\/p>\n<p>Pero, \u00bfqu\u00e9 pasa desde 2013? \u00bfHemos visto m\u00e1s carreras ganadas o perdidas por el campe\u00f3n del mundo y ha vuelto la temida maldici\u00f3n a estropear los 12 meses arco\u00edris de un corredor?<\/p>\n<figure id=\"attachment_8141\" aria-describedby=\"caption-attachment-8141\" style=\"width: 1000px\" class=\"wp-caption alignnone\"><a href=\"https:\/\/d2p6e6u75xmxt8.cloudfront.net\/6\/2021\/09\/Peter-Sagan-profimedia-0166888301.jpg\"><img loading=\"lazy\" decoding=\"async\" class=\"wp-image-8141 size-full\" src=\"https:\/\/d2p6e6u75xmxt8.cloudfront.net\/6\/2021\/09\/Peter-Sagan-profimedia-0166888301.jpg\" alt=\"Peter Sagan\" width=\"1000\" height=\"666\" srcset=\"https:\/\/d2p6e6u75xmxt8.cloudfront.net\/6\/2021\/09\/Peter-Sagan-profimedia-0166888301.jpg 1000w, https:\/\/d2p6e6u75xmxt8.cloudfront.net\/6\/2021\/09\/Peter-Sagan-profimedia-0166888301-300x200.jpg 300w, https:\/\/d2p6e6u75xmxt8.cloudfront.net\/6\/2021\/09\/Peter-Sagan-profimedia-0166888301-768x511.jpg 768w, https:\/\/d2p6e6u75xmxt8.cloudfront.net\/6\/2021\/09\/Peter-Sagan-profimedia-0166888301-272x182.jpg 272w\" sizes=\"auto, (max-width: 1000px) 100vw, 1000px\" \/><\/a><figcaption id=\"caption-attachment-8141\" class=\"wp-caption-text\">\u00bfEs Sagan v\u00edctima de la maldici\u00f3n del maillot arcoiris? \u00a9 Profimedia<\/figcaption><\/figure>\n<h2><strong><br \/>\nDe 2015 en adelante<\/strong><\/h2>\n<p>La raz\u00f3n por la que los \u00faltimos seis a\u00f1os han sido tan interesantes es, esencialmente, Sagan. No solo ha triunfado vistiendo las el maillot arco\u00edris, sino que ha seguido ganando en los Mundiales, llev\u00e1ndose el t\u00edtulo en 2015, 2016 y luego, probablemente su mejor victoria, en 2017 tras un incre\u00edble final al sprint en Bergen.<\/p>\n<p>Con las victorias en etapas del Tour de Francia, Ronde Van Vlaanderen y la <a href=\"https:\/\/www.welovecycling.com\/es\/2019\/04\/24\/andrea-tafi-paris-roubaix\/\">Par\u00eds-Roubaix,<\/a> se podr\u00eda argumentar que Sagan hab\u00eda destripado cualquier maldici\u00f3n debido al gran peso de los triunfos en las carreras m\u00e1s importantes, mientras corr\u00eda con el maillot arco\u00edris. Pero, dicho esto, su forma desde 2018 ha deca\u00eddo: sigue siendo impresionante, pero no es tan buena como lo fue tres a\u00f1os antes. Ha ganado etapas en el Giro y una en el Tour desde 2019, pero la frecuencia va disminuyendo.<\/p>\n<p>Lo interesante con alguien como Sagan y la maldici\u00f3n del maillot arco\u00edris es que siempre ha estado en el punto de mira y, por tanto, ha sido un &#8216;hombre marcado&#8217; en las carreras m\u00e1s importantes, pero eso nunca pareci\u00f3 detenerle. Si tendr\u00e1 opciones en el Mundial de Flandes de este a\u00f1o es otra cuesti\u00f3n, pero se podr\u00eda argumentar que el renacimiento de su carrera podr\u00eda llegar si gana su cuarto t\u00edtulo mundial.<\/p>\n<figure id=\"attachment_8142\" aria-describedby=\"caption-attachment-8142\" style=\"width: 1800px\" class=\"wp-caption alignnone\"><a href=\"https:\/\/d2p6e6u75xmxt8.cloudfront.net\/6\/2021\/09\/profimedia-0302981665.jpg\"><img loading=\"lazy\" decoding=\"async\" class=\"size-full wp-image-8142\" src=\"https:\/\/d2p6e6u75xmxt8.cloudfront.net\/6\/2021\/09\/profimedia-0302981665.jpg\" alt=\"Peter Sagan\" width=\"1800\" height=\"1198\" srcset=\"https:\/\/d2p6e6u75xmxt8.cloudfront.net\/6\/2021\/09\/profimedia-0302981665.jpg 1800w, https:\/\/d2p6e6u75xmxt8.cloudfront.net\/6\/2021\/09\/profimedia-0302981665-300x200.jpg 300w, https:\/\/d2p6e6u75xmxt8.cloudfront.net\/6\/2021\/09\/profimedia-0302981665-1024x682.jpg 1024w, https:\/\/d2p6e6u75xmxt8.cloudfront.net\/6\/2021\/09\/profimedia-0302981665-768x511.jpg 768w, https:\/\/d2p6e6u75xmxt8.cloudfront.net\/6\/2021\/09\/profimedia-0302981665-1536x1022.jpg 1536w, https:\/\/d2p6e6u75xmxt8.cloudfront.net\/6\/2021\/09\/profimedia-0302981665-272x182.jpg 272w\" sizes=\"auto, (max-width: 1800px) 100vw, 1800px\" \/><\/a><figcaption id=\"caption-attachment-8142\" class=\"wp-caption-text\">Mark Cavendish Peter Sagan fotografiado en el podio tras la carrera de carretera \u00e9lite masculina en los Campeonatos del Mundo de Ciclismo en Ruta de la UCI 2016 en Doha, Qatar &#8211; Archives<\/figcaption><\/figure>\n<p>&nbsp;<\/p>\n<h2><strong>Los otros<\/strong><\/h2>\n<p>Echemos un vistazo a los otros corredores que han ganado el t\u00edtulo desde el final del reinado de Sagan.<\/p>\n<p>En Austria, <a href=\"https:\/\/www.welovecycling.com\/es\/2018\/02\/01\/la-vuelta-2018-segun-alejandro-valverde\/\">Alejandro Valverde<\/a> se hizo con el maillot. No tuvo un mal 2019, principalmente en casa, con su mayor victoria en su gran vuelta dom\u00e9stica en la s\u00e9ptima etapa a Mas de la Costa. Pero con solo una victoria en la general y un pu\u00f1ado de etapas, demasiado poco para alguien como \u00e9l. Quiz\u00e1s si pag\u00f3 un poco la maldici\u00f3n del maillot arcoiris.<\/p>\n<p>En 2018, en Yorkshire, fue el sorprendente <a href=\"https:\/\/www.welovecycling.com\/wide\/2021\/01\/13\/mads-pedersen-wants-that-skoda-green-jersey\/\">Mads Pedersen<\/a> quien se llev\u00f3 el maillot en un sprint de dos contra Matteo Trentin.<\/p>\n<p>Pedersen fue el mayor ganador sorpresa desde, posiblemente, Rui Costa en 2013 y sus victorias fueron escasas. Sufri\u00f3 la mala suerte de la pandemia de Covid-19, lo que redujo su capacidad de mostrar su premio en las carreras, y aunque el recorrido de Harrogate le conven\u00eda perfectamente, se podr\u00eda argumentar que fue una ocasi\u00f3n \u00fanica, ya que ha tenido m\u00e1s \u00e9xito en los sprints de pelot\u00f3n reducido desde esa victoria. Si sufri\u00f3 la maldici\u00f3n o no, no puedo decirlo.<\/p>\n<figure id=\"attachment_8143\" aria-describedby=\"caption-attachment-8143\" style=\"width: 1250px\" class=\"wp-caption alignnone\"><a href=\"https:\/\/d2p6e6u75xmxt8.cloudfront.net\/6\/2021\/09\/Mads-Pedersen-profimedia-0474288834.jpg\"><img loading=\"lazy\" decoding=\"async\" class=\"size-full wp-image-8143\" src=\"https:\/\/d2p6e6u75xmxt8.cloudfront.net\/6\/2021\/09\/Mads-Pedersen-profimedia-0474288834.jpg\" alt=\"Mads Pedersen\" width=\"1250\" height=\"900\" srcset=\"https:\/\/d2p6e6u75xmxt8.cloudfront.net\/6\/2021\/09\/Mads-Pedersen-profimedia-0474288834.jpg 1250w, https:\/\/d2p6e6u75xmxt8.cloudfront.net\/6\/2021\/09\/Mads-Pedersen-profimedia-0474288834-300x216.jpg 300w, https:\/\/d2p6e6u75xmxt8.cloudfront.net\/6\/2021\/09\/Mads-Pedersen-profimedia-0474288834-1024x737.jpg 1024w, https:\/\/d2p6e6u75xmxt8.cloudfront.net\/6\/2021\/09\/Mads-Pedersen-profimedia-0474288834-768x553.jpg 768w\" sizes=\"auto, (max-width: 1250px) 100vw, 1250px\" \/><\/a><figcaption id=\"caption-attachment-8143\" class=\"wp-caption-text\">Pedersen en 2019. \u00a9 Profimedia<\/figcaption><\/figure>\n<p>&nbsp;<\/p>\n<p>Y por \u00faltimo, y quiz\u00e1s el m\u00e1s interesante desde Sagan, es Julian Alaphillipe. Un corredor intr\u00e9pido, que nunca tiene miedo de arriesgarlo todo en la carrera, gan\u00f3 el t\u00edtulo de 2020 en Imola gracias a un impresionante esfuerzo en solitario.<\/p>\n<p>Desde entonces la mayor\u00eda de sus victorias se han producido de forma similar, llev\u00e1ndose una etapa en el Tour de Francia de este a\u00f1o en la jornada inaugural, y en la Fleche Wallone, demostrando que est\u00e1 en el mejor momento de su carrera cuando la carretera est\u00e1 llena de repechos y que puede sacar la potencia. Ser\u00e1 una buena apuesta para el Mundial de este a\u00f1o en Flandes, una zona en la que ha tenido mala suerte en los \u00faltimos tiempos.<\/p>\n<p>En resumen, la maldici\u00f3n del maillot arcoiris en las carreras de carretera masculinas es algo que seguir\u00e1 dando que hablar en los pr\u00f3ximos a\u00f1os y d\u00e9cadas. Es el drama de ver a alguien ganar el t\u00edtulo mundial y luego luchar realmente con su dominio al a\u00f1o siguiente lo que llena nuestra imaginaci\u00f3n. Los n\u00fameros pueden demostrar lo contrario, pero para los rom\u00e1nticos que amamos este deporte, la maldici\u00f3n siempre perdurar\u00e1.<\/p>\n","protected":false},"excerpt":{"rendered":"<p>Desde extra\u00f1as lesiones hasta la inevitable exposici\u00f3n que conlleva, la maldici\u00f3n del maillot arcoiris es un caso extra\u00f1o que no [&hellip;]<\/p>\n","protected":false},"author":29,"featured_media":8145,"comment_status":"open","ping_status":"open","sticky":false,"template":"","format":"standard","meta":{"footnotes":""},"categories":[7],"tags":[2148,2147,2149],"global-categories":[],"class_list":["post-8135","post","type-post","status-publish","format-standard","has-post-thumbnail","hentry","category-carretera","tag-maillot-arcoiris","tag-mundial","tag-mundial-flandes"],"yoast_head":"<!-- This site is optimized with the Yoast SEO Premium plugin v25.3 (Yoast SEO v25.9) - https:\/\/yoast.com\/wordpress\/plugins\/seo\/ -->\n<title>\u00bfEs real la maldici\u00f3n del maillot arcoiris? - \u0160koda We Love Cycling - Spain<\/title>\n<meta name=\"description\" content=\"\u00bfEs real la maldici\u00f3n del maillot arcoiris? Los datos y el an\u00e1lisis de los resultados sobre si llevar el maillot arcoiris da mala suerte.\" \/>\n<meta name=\"robots\" content=\"index, follow, max-snippet:-1, max-image-preview:large, max-video-preview:-1\" \/>\n<link rel=\"canonical\" href=\"https:\/\/www.welovecycling.com\/es\/2021\/09\/15\/maldicion-maillot-arcoiris\/\" \/>\n<meta property=\"og:locale\" content=\"es_ES\" \/>\n<meta property=\"og:type\" content=\"article\" \/>\n<meta property=\"og:title\" content=\"\u00bfEs real la maldici\u00f3n del maillot arcoiris?\" \/>\n<meta property=\"og:description\" content=\"\u00bfEs real la maldici\u00f3n del maillot arcoiris? Los datos y el an\u00e1lisis de los resultados sobre si llevar el maillot arcoiris da mala suerte.\" \/>\n<meta property=\"og:url\" content=\"https:\/\/www.welovecycling.com\/es\/2021\/09\/15\/maldicion-maillot-arcoiris\/\" \/>\n<meta property=\"og:site_name\" content=\"\u0160koda We Love Cycling - Spain\" \/>\n<meta property=\"article:published_time\" content=\"2021-09-15T15:26:51+00:00\" \/>\n<meta property=\"og:image\" content=\"https:\/\/d2p6e6u75xmxt8.cloudfront.net\/6\/2021\/09\/Peter-Sagan-profimedia-0340403775-CVR.jpg\" \/>\n\t<meta property=\"og:image:width\" content=\"1366\" \/>\n\t<meta property=\"og:image:height\" content=\"600\" \/>\n\t<meta property=\"og:image:type\" content=\"image\/jpeg\" \/>\n<meta name=\"author\" content=\"We Love Cycling Spain\" \/>\n<meta name=\"twitter:card\" content=\"summary_large_image\" \/>\n<meta name=\"twitter:title\" content=\"\u00bfEs real la maldici\u00f3n del maillot arcoiris?\" \/>\n<meta name=\"twitter:description\" content=\"\u00bfEs real la maldici\u00f3n del maillot arcoiris? Los datos y el an\u00e1lisis de los resultados sobre si llevar el maillot arcoiris da mala suerte.\" \/>\n<meta name=\"twitter:label1\" content=\"Written by\" \/>\n\t<meta name=\"twitter:data1\" content=\"Joshua Donaldson\" \/>\n\t<meta name=\"twitter:label2\" content=\"Est. reading time\" \/>\n\t<meta name=\"twitter:data2\" content=\"6\" \/>\n<script type=\"application\/ld+json\" class=\"yoast-schema-graph\">{\"@context\":\"https:\/\/schema.org\",\"@graph\":[{\"@type\":\"WebPage\",\"@id\":\"https:\/\/www.welovecycling.com\/es\/2021\/09\/15\/maldicion-maillot-arcoiris\/\",\"url\":\"https:\/\/www.welovecycling.com\/es\/2021\/09\/15\/maldicion-maillot-arcoiris\/\",\"name\":\"\u00bfEs real la maldici\u00f3n del maillot arcoiris? - \u0160koda We Love Cycling - Spain\",\"isPartOf\":{\"@id\":\"https:\/\/www.welovecycling.com\/es\/#website\"},\"primaryImageOfPage\":{\"@id\":\"https:\/\/www.welovecycling.com\/es\/2021\/09\/15\/maldicion-maillot-arcoiris\/#primaryimage\"},\"image\":{\"@id\":\"https:\/\/www.welovecycling.com\/es\/2021\/09\/15\/maldicion-maillot-arcoiris\/#primaryimage\"},\"thumbnailUrl\":\"https:\/\/d2p6e6u75xmxt8.cloudfront.net\/6\/2021\/09\/Peter-Sagan-profimedia-0340403775-CVR.jpg\",\"datePublished\":\"2021-09-15T15:26:51+00:00\",\"author\":{\"@id\":\"https:\/\/www.welovecycling.com\/es\/#\/schema\/person\/deb61715b5812698ee79fb96f343ccd4\"},\"description\":\"\u00bfEs real la maldici\u00f3n del maillot arcoiris? Los datos y el an\u00e1lisis de los resultados sobre si llevar el maillot arcoiris da mala suerte.\",\"breadcrumb\":{\"@id\":\"https:\/\/www.welovecycling.com\/es\/2021\/09\/15\/maldicion-maillot-arcoiris\/#breadcrumb\"},\"inLanguage\":\"es-ES\",\"potentialAction\":[{\"@type\":\"ReadAction\",\"target\":[\"https:\/\/www.welovecycling.com\/es\/2021\/09\/15\/maldicion-maillot-arcoiris\/\"]}]},{\"@type\":\"ImageObject\",\"inLanguage\":\"es-ES\",\"@id\":\"https:\/\/www.welovecycling.com\/es\/2021\/09\/15\/maldicion-maillot-arcoiris\/#primaryimage\",\"url\":\"https:\/\/d2p6e6u75xmxt8.cloudfront.net\/6\/2021\/09\/Peter-Sagan-profimedia-0340403775-CVR.jpg\",\"contentUrl\":\"https:\/\/d2p6e6u75xmxt8.cloudfront.net\/6\/2021\/09\/Peter-Sagan-profimedia-0340403775-CVR.jpg\",\"width\":1366,\"height\":600},{\"@type\":\"BreadcrumbList\",\"@id\":\"https:\/\/www.welovecycling.com\/es\/2021\/09\/15\/maldicion-maillot-arcoiris\/#breadcrumb\",\"itemListElement\":[{\"@type\":\"ListItem\",\"position\":1,\"name\":\"Home\",\"item\":\"https:\/\/www.welovecycling.com\/es\/\"},{\"@type\":\"ListItem\",\"position\":2,\"name\":\"\u00bfEs real la maldici\u00f3n del maillot arcoiris?\"}]},{\"@type\":\"WebSite\",\"@id\":\"https:\/\/www.welovecycling.com\/es\/#website\",\"url\":\"https:\/\/www.welovecycling.com\/es\/\",\"name\":\"\u0160koda We Love Cycling - Spain\",\"description\":\"\u0160koda WeLoveCycling Spain\",\"potentialAction\":[{\"@type\":\"SearchAction\",\"target\":{\"@type\":\"EntryPoint\",\"urlTemplate\":\"https:\/\/www.welovecycling.com\/es\/?s={search_term_string}\"},\"query-input\":{\"@type\":\"PropertyValueSpecification\",\"valueRequired\":true,\"valueName\":\"search_term_string\"}}],\"inLanguage\":\"es-ES\"},{\"@type\":\"Person\",\"@id\":\"https:\/\/www.welovecycling.com\/es\/#\/schema\/person\/deb61715b5812698ee79fb96f343ccd4\",\"name\":\"We Love Cycling Spain\",\"image\":{\"@type\":\"ImageObject\",\"inLanguage\":\"es-ES\",\"@id\":\"https:\/\/www.welovecycling.com\/es\/#\/schema\/person\/image\/\",\"url\":\"https:\/\/secure.gravatar.com\/avatar\/c824b04e6df0e37a03219d0b6481672889df542894588964102459e46513159c?s=96&d=mm&r=g\",\"contentUrl\":\"https:\/\/secure.gravatar.com\/avatar\/c824b04e6df0e37a03219d0b6481672889df542894588964102459e46513159c?s=96&d=mm&r=g\",\"caption\":\"We Love Cycling Spain\"},\"url\":\"https:\/\/www.welovecycling.com\/es\/author\/amunoz\/\"}]}<\/script>\n<!-- \/ Yoast SEO Premium plugin. -->","yoast_head_json":{"title":"\u00bfEs real la maldici\u00f3n del maillot arcoiris? - \u0160koda We Love Cycling - Spain","description":"\u00bfEs real la maldici\u00f3n del maillot arcoiris? Los datos y el an\u00e1lisis de los resultados sobre si llevar el maillot arcoiris da mala suerte.","robots":{"index":"index","follow":"follow","max-snippet":"max-snippet:-1","max-image-preview":"max-image-preview:large","max-video-preview":"max-video-preview:-1"},"canonical":"https:\/\/www.welovecycling.com\/es\/2021\/09\/15\/maldicion-maillot-arcoiris\/","og_locale":"es_ES","og_type":"article","og_title":"\u00bfEs real la maldici\u00f3n del maillot arcoiris?","og_description":"\u00bfEs real la maldici\u00f3n del maillot arcoiris? Los datos y el an\u00e1lisis de los resultados sobre si llevar el maillot arcoiris da mala suerte.","og_url":"https:\/\/www.welovecycling.com\/es\/2021\/09\/15\/maldicion-maillot-arcoiris\/","og_site_name":"\u0160koda We Love Cycling - Spain","article_published_time":"2021-09-15T15:26:51+00:00","og_image":[{"width":1366,"height":600,"url":"https:\/\/d2p6e6u75xmxt8.cloudfront.net\/6\/2021\/09\/Peter-Sagan-profimedia-0340403775-CVR.jpg","type":"image\/jpeg"}],"author":"We Love Cycling Spain","twitter_card":"summary_large_image","twitter_title":"\u00bfEs real la maldici\u00f3n del maillot arcoiris?","twitter_description":"\u00bfEs real la maldici\u00f3n del maillot arcoiris? Los datos y el an\u00e1lisis de los resultados sobre si llevar el maillot arcoiris da mala suerte.","twitter_misc":{"Written by":"Joshua Donaldson","Est. reading time":"6"},"schema":{"@context":"https:\/\/schema.org","@graph":[{"@type":"WebPage","@id":"https:\/\/www.welovecycling.com\/es\/2021\/09\/15\/maldicion-maillot-arcoiris\/","url":"https:\/\/www.welovecycling.com\/es\/2021\/09\/15\/maldicion-maillot-arcoiris\/","name":"\u00bfEs real la maldici\u00f3n del maillot arcoiris? - \u0160koda We Love Cycling - Spain","isPartOf":{"@id":"https:\/\/www.welovecycling.com\/es\/#website"},"primaryImageOfPage":{"@id":"https:\/\/www.welovecycling.com\/es\/2021\/09\/15\/maldicion-maillot-arcoiris\/#primaryimage"},"image":{"@id":"https:\/\/www.welovecycling.com\/es\/2021\/09\/15\/maldicion-maillot-arcoiris\/#primaryimage"},"thumbnailUrl":"https:\/\/d2p6e6u75xmxt8.cloudfront.net\/6\/2021\/09\/Peter-Sagan-profimedia-0340403775-CVR.jpg","datePublished":"2021-09-15T15:26:51+00:00","author":{"@id":"https:\/\/www.welovecycling.com\/es\/#\/schema\/person\/deb61715b5812698ee79fb96f343ccd4"},"description":"\u00bfEs real la maldici\u00f3n del maillot arcoiris? Los datos y el an\u00e1lisis de los resultados sobre si llevar el maillot arcoiris da mala suerte.","breadcrumb":{"@id":"https:\/\/www.welovecycling.com\/es\/2021\/09\/15\/maldicion-maillot-arcoiris\/#breadcrumb"},"inLanguage":"es-ES","potentialAction":[{"@type":"ReadAction","target":["https:\/\/www.welovecycling.com\/es\/2021\/09\/15\/maldicion-maillot-arcoiris\/"]}]},{"@type":"ImageObject","inLanguage":"es-ES","@id":"https:\/\/www.welovecycling.com\/es\/2021\/09\/15\/maldicion-maillot-arcoiris\/#primaryimage","url":"https:\/\/d2p6e6u75xmxt8.cloudfront.net\/6\/2021\/09\/Peter-Sagan-profimedia-0340403775-CVR.jpg","contentUrl":"https:\/\/d2p6e6u75xmxt8.cloudfront.net\/6\/2021\/09\/Peter-Sagan-profimedia-0340403775-CVR.jpg","width":1366,"height":600},{"@type":"BreadcrumbList","@id":"https:\/\/www.welovecycling.com\/es\/2021\/09\/15\/maldicion-maillot-arcoiris\/#breadcrumb","itemListElement":[{"@type":"ListItem","position":1,"name":"Home","item":"https:\/\/www.welovecycling.com\/es\/"},{"@type":"ListItem","position":2,"name":"\u00bfEs real la maldici\u00f3n del maillot arcoiris?"}]},{"@type":"WebSite","@id":"https:\/\/www.welovecycling.com\/es\/#website","url":"https:\/\/www.welovecycling.com\/es\/","name":"\u0160koda We Love Cycling - Spain","description":"\u0160koda WeLoveCycling Spain","potentialAction":[{"@type":"SearchAction","target":{"@type":"EntryPoint","urlTemplate":"https:\/\/www.welovecycling.com\/es\/?s={search_term_string}"},"query-input":{"@type":"PropertyValueSpecification","valueRequired":true,"valueName":"search_term_string"}}],"inLanguage":"es-ES"},{"@type":"Person","@id":"https:\/\/www.welovecycling.com\/es\/#\/schema\/person\/deb61715b5812698ee79fb96f343ccd4","name":"We Love Cycling Spain","image":{"@type":"ImageObject","inLanguage":"es-ES","@id":"https:\/\/www.welovecycling.com\/es\/#\/schema\/person\/image\/","url":"https:\/\/secure.gravatar.com\/avatar\/c824b04e6df0e37a03219d0b6481672889df542894588964102459e46513159c?s=96&d=mm&r=g","contentUrl":"https:\/\/secure.gravatar.com\/avatar\/c824b04e6df0e37a03219d0b6481672889df542894588964102459e46513159c?s=96&d=mm&r=g","caption":"We Love Cycling Spain"},"url":"https:\/\/www.welovecycling.com\/es\/author\/amunoz\/"}]}},"_links":{"self":[{"href":"https:\/\/www.welovecycling.com\/es\/wp-json\/wp\/v2\/posts\/8135","targetHints":{"allow":["GET"]}}],"collection":[{"href":"https:\/\/www.welovecycling.com\/es\/wp-json\/wp\/v2\/posts"}],"about":[{"href":"https:\/\/www.welovecycling.com\/es\/wp-json\/wp\/v2\/types\/post"}],"author":[{"embeddable":true,"href":"https:\/\/www.welovecycling.com\/es\/wp-json\/wp\/v2\/users\/29"}],"replies":[{"embeddable":true,"href":"https:\/\/www.welovecycling.com\/es\/wp-json\/wp\/v2\/comments?post=8135"}],"version-history":[{"count":2,"href":"https:\/\/www.welovecycling.com\/es\/wp-json\/wp\/v2\/posts\/8135\/revisions"}],"predecessor-version":[{"id":8149,"href":"https:\/\/www.welovecycling.com\/es\/wp-json\/wp\/v2\/posts\/8135\/revisions\/8149"}],"wp:featuredmedia":[{"embeddable":true,"href":"https:\/\/www.welovecycling.com\/es\/wp-json\/wp\/v2\/media\/8145"}],"wp:attachment":[{"href":"https:\/\/www.welovecycling.com\/es\/wp-json\/wp\/v2\/media?parent=8135"}],"wp:term":[{"taxonomy":"category","embeddable":true,"href":"https:\/\/www.welovecycling.com\/es\/wp-json\/wp\/v2\/categories?post=8135"},{"taxonomy":"post_tag","embeddable":true,"href":"https:\/\/www.welovecycling.com\/es\/wp-json\/wp\/v2\/tags?post=8135"},{"taxonomy":"global-categories","embeddable":true,"href":"https:\/\/www.welovecycling.com\/es\/wp-json\/wp\/v2\/global-categories?post=8135"}],"curies":[{"name":"wp","href":"https:\/\/api.w.org\/{rel}","templated":true}]}}