{"id":8124,"date":"2021-09-10T09:36:11","date_gmt":"2021-09-10T07:36:11","guid":{"rendered":"https:\/\/www.welovecycling.com\/es\/?p=8124"},"modified":"2021-09-10T09:36:11","modified_gmt":"2021-09-10T07:36:11","slug":"maillot-verde-skoda","status":"publish","type":"post","link":"https:\/\/www.welovecycling.com\/es\/2021\/09\/10\/maillot-verde-skoda\/","title":{"rendered":"Sorteo: El maillot verde \u0160koda de Fabio Jakobsen puede ser tuyo"},"content":{"rendered":"<p><strong>Un maillot con una historia detr\u00e1s. En We Love Cycling te ofrecemos la oportunidad de vestir el maillot verde \u0160koda de La Vuelta 2021 firmado por su ganador, Fabio Jakobsen (Deceuninck Quick Step). Es muy sencillo participar, te lo explicamos m\u00e1s abajo. Pero debes tener en cuenta que es una prenda especial, ganada por un ciclista que lo ha pasado realmente mal en el \u00faltimo a\u00f1o&#8230;<\/strong><\/p>\n<p><!--more--><\/p>\n<h2><strong>\u00bfQu\u00e9 tienes que hacer para llevarte el maillot?<\/strong><\/h2>\n<p>Pues tienes que seguir a las cuentas de Instagram de <a href=\"https:\/\/www.instagram.com\/skoda_spain\/\">@skoda_spain<\/a> y <a href=\"https:\/\/www.instagram.com\/skoda_welovecycling_es\/\">@skoda_welovecycling_es<\/a> y mencionar a dos personas en los comentarios. El plazo para participar ser\u00e1 del d\u00eda 10 al d\u00eda 15 de septiembre, incluido. Se podr\u00e1 participar tantas veces como se quiera y el ganador se comunicar\u00e1 en los comentarios de la publicaci\u00f3n.<br \/>\nAqu\u00ed abajo tienes el post de Instagram que lo explica.<\/p>\n<blockquote class=\"instagram-media\" style=\"background: #FFF; border: 0; border-radius: 3px; box-shadow: 0 0 1px 0 rgba(0,0,0,0.5),0 1px 10px 0 rgba(0,0,0,0.15); margin: 1px; max-width: 540px; min-width: 326px; padding: 0; width: calc(100% - 2px);\" data-instgrm-captioned=\"\" data-instgrm-permalink=\"https:\/\/www.instagram.com\/p\/CTocreSsiyl\/?utm_source=ig_embed&amp;utm_campaign=loading\" data-instgrm-version=\"13\">\n<div style=\"padding: 16px;\">\n<p>&nbsp;<\/p>\n<div style=\"display: flex; flex-direction: row; align-items: center;\">\n<div style=\"background-color: #f4f4f4; border-radius: 50%; flex-grow: 0; height: 40px; margin-right: 14px; width: 40px;\"><\/div>\n<div style=\"display: flex; flex-direction: column; flex-grow: 1; justify-content: center;\">\n<div style=\"background-color: #f4f4f4; border-radius: 4px; flex-grow: 0; height: 14px; margin-bottom: 6px; width: 100px;\"><\/div>\n<div style=\"background-color: #f4f4f4; border-radius: 4px; flex-grow: 0; height: 14px; width: 60px;\"><\/div>\n<\/div>\n<\/div>\n<div style=\"padding: 19% 0;\"><\/div>\n<div style=\"display: block; height: 50px; margin: 0 auto 12px; width: 50px;\"><\/div>\n<div style=\"padding-top: 8px;\">\n<div style=\"color: #3897f0; font-family: Arial,sans-serif; font-size: 14px; font-style: normal; font-weight: 550; line-height: 18px;\">Ver esta publicaci\u00f3n en Instagram<\/div>\n<\/div>\n<div style=\"padding: 12.5% 0;\"><\/div>\n<div style=\"display: flex; flex-direction: row; margin-bottom: 14px; align-items: center;\">\n<div>\n<div style=\"background-color: #f4f4f4; border-radius: 50%; height: 12.5px; width: 12.5px; transform: translateX(0px) translateY(7px);\"><\/div>\n<div style=\"background-color: #f4f4f4; height: 12.5px; transform: rotate(-45deg) translateX(3px) translateY(1px); width: 12.5px; flex-grow: 0; margin-right: 14px; margin-left: 2px;\"><\/div>\n<div style=\"background-color: #f4f4f4; border-radius: 50%; height: 12.5px; width: 12.5px; transform: translateX(9px) translateY(-18px);\"><\/div>\n<\/div>\n<div style=\"margin-left: 8px;\">\n<div style=\"background-color: #f4f4f4; border-radius: 50%; flex-grow: 0; height: 20px; width: 20px;\"><\/div>\n<div style=\"width: 0; height: 0; border-top: 2px solid transparent; border-left: 6px solid #f4f4f4; border-bottom: 2px solid transparent; transform: translateX(16px) translateY(-4px) rotate(30deg);\"><\/div>\n<\/div>\n<div style=\"margin-left: auto;\">\n<div style=\"width: 0px; border-top: 8px solid #F4F4F4; border-right: 8px solid transparent; transform: translateY(16px);\"><\/div>\n<div style=\"background-color: #f4f4f4; flex-grow: 0; height: 12px; width: 16px; transform: translateY(-4px);\"><\/div>\n<div style=\"width: 0; height: 0; border-top: 8px solid #F4F4F4; border-left: 8px solid transparent; transform: translateY(-4px) translateX(8px);\"><\/div>\n<\/div>\n<\/div>\n<div style=\"display: flex; flex-direction: column; flex-grow: 1; justify-content: center; margin-bottom: 24px;\">\n<div style=\"background-color: #f4f4f4; border-radius: 4px; flex-grow: 0; height: 14px; margin-bottom: 6px; width: 224px;\"><\/div>\n<div style=\"background-color: #f4f4f4; border-radius: 4px; flex-grow: 0; height: 14px; width: 144px;\"><\/div>\n<\/div>\n<p>&nbsp;<\/p>\n<p style=\"color: #c9c8cd; font-family: Arial,sans-serif; font-size: 14px; line-height: 17px; margin-bottom: 0; margin-top: 8px; overflow: hidden; padding: 8px 0 7px; text-align: center; text-overflow: ellipsis; white-space: nowrap;\"><a style=\"color: #c9c8cd; font-family: Arial,sans-serif; font-size: 14px; font-style: normal; font-weight: normal; line-height: 17px; text-decoration: none;\" href=\"https:\/\/www.instagram.com\/p\/CTocreSsiyl\/?utm_source=ig_embed&amp;utm_campaign=loading\" target=\"_blank\" rel=\"noopener\">Una publicaci\u00f3n compartida de S\u030cKODA We Love Cycling Spain (@skoda_welovecycling_es)<\/a><\/p>\n<\/div>\n<\/blockquote>\n<p><script async src=\"\/\/www.instagram.com\/embed.js\"><\/script><\/p>\n<h2><strong>Jakobsen, el retorno<\/strong><\/h2>\n<p>Si sigues habitualmente la actualidad del ciclismo conocer\u00e1s la historia de Fabio Jakobsen. El holand\u00e9s fue el protagonista de la ca\u00edda m\u00e1s peligrosa de los \u00faltimos a\u00f1os. El pelot\u00f3n volv\u00eda a competir despu\u00e9s del par\u00f3n del coronavirus en agosto de 2020 en la Vuelta a Polonia. La primera se hab\u00eda saldado con un sprint y el triunfo del ciclista del Deceuninck. Al d\u00eda siguiente, en el sprint de Zarbze, un empuj\u00f3n de <a href=\"https:\/\/www.procyclingstats.com\/rider\/dylan-groenewegen\">Dylan Groenewegen<\/a>\u00a0 le mand\u00f3 contra las vallas, que estaba sueltas y todo salt\u00f3 por los aires. La ca\u00edda afect\u00f3 hasta a una decena de ciclistas, pero el peor parado fue Jakobsen. El parte da miedo. Necesit\u00f3 m\u00e1s de 130 puntos para la reconstrucci\u00f3n facial y pasar dos d\u00edas en coma inducido.<\/p>\n<p>Una semana despu\u00e9s sali\u00f3 del hospital polaco para<strong> retornar a su casa de Holanda y comenzar la recuperaci\u00f3n f\u00edsica y sobre todo psicol\u00f3gica<\/strong>. Un sprinter vive de la velocidad y de jugarse el pellejo en cada una de las llegadas en las que tiene opciones de ganar. En una volata no se frena y va a 60\/70 por hora entre una decena de sprinters que se suelen mover de un lado a otro.<\/p>\n<figure id=\"attachment_8127\" aria-describedby=\"caption-attachment-8127\" style=\"width: 1000px\" class=\"wp-caption aligncenter\"><a href=\"https:\/\/d2p6e6u75xmxt8.cloudfront.net\/6\/2021\/09\/Jakobsen-6.jpg\"><img loading=\"lazy\" decoding=\"async\" class=\"wp-image-8127 size-full\" src=\"https:\/\/d2p6e6u75xmxt8.cloudfront.net\/6\/2021\/09\/Jakobsen-6.jpg\" alt=\"Tercera victoria de Jakobsen en La Vuelta. Foto La Vuelta\" width=\"1000\" height=\"666\" srcset=\"https:\/\/d2p6e6u75xmxt8.cloudfront.net\/6\/2021\/09\/Jakobsen-6.jpg 1000w, https:\/\/d2p6e6u75xmxt8.cloudfront.net\/6\/2021\/09\/Jakobsen-6-300x200.jpg 300w, https:\/\/d2p6e6u75xmxt8.cloudfront.net\/6\/2021\/09\/Jakobsen-6-768x511.jpg 768w, https:\/\/d2p6e6u75xmxt8.cloudfront.net\/6\/2021\/09\/Jakobsen-6-272x182.jpg 272w\" sizes=\"auto, (max-width: 1000px) 100vw, 1000px\" \/><\/a><figcaption id=\"caption-attachment-8127\" class=\"wp-caption-text\">Tercera victoria de Jakobsen en La Vuelta. Foto La Vuelta<\/figcaption><\/figure>\n<p>El primer paso fue volver a montarse en una bicicleta a finales de noviembre y a principios de enero ya estaba en la concentraci\u00f3n que todas las temporadas suele hacer el <a href=\"https:\/\/www.welovecycling.com\/es\/2018\/01\/29\/entrenamiento-equipos-profesionales\/\">Deceuninck Quick<\/a> Step en Calpe. Ahora le tocaba valorar a los t\u00e9cnicos si hab\u00eda recuperado la forma suficiente para competir y si pod\u00eda volver a meterse en un sprint o ten\u00eda que reconfigurar su carrera deportiva.\u00a0 Para todo ello necesit\u00f3 otros cuatro meses, hasta la salida del Tour de Turqu\u00eda.<\/p>\n<p>El 11 de abril se volvi\u00f3 a poner un dorsal profesional, pero tuvieron de pasar el <strong>Tour de Turqu\u00eda, la Volta al Algarve y la Dauphin\u00e9<\/strong> para que recuperase el golpe de pedal y la confianza para meterse en un sprint. En julio en la primera etapa el Tour de Wallonia ya fue la punta de lanza del Deceuninck. Puesto 21 en una etapa que gan\u00f3 Groenewegen, que hab\u00eda estado sancionado por provocar la ca\u00edda de Polonia hasta el mes de mayo. La &#8216;venganza&#8217; lleg\u00f3 al d\u00eda siguiente. Llegada cl\u00e1sica y amplia en el Circuito de Zolder (el mismo donde gan\u00f3 Cipollini su Mundial). Espacio <strong>abierto, velocidad pura y triunfo de Jakobsen<\/strong>. Segundo hizo Gaviria, s\u00e9ptimo Nizzolo y 17\u00ba Groenewegen.\u00a0 Hab\u00eda vuelto y repiti\u00f3 victoria en la \u00faltima etapa.<\/p>\n<figure id=\"attachment_8130\" aria-describedby=\"caption-attachment-8130\" style=\"width: 1000px\" class=\"wp-caption aligncenter\"><a href=\"https:\/\/d2p6e6u75xmxt8.cloudfront.net\/6\/2021\/09\/Jakobsen-5.jpg\"><img loading=\"lazy\" decoding=\"async\" class=\"wp-image-8130 size-full\" src=\"https:\/\/d2p6e6u75xmxt8.cloudfront.net\/6\/2021\/09\/Jakobsen-5.jpg\" alt=\"\" width=\"1000\" height=\"666\" srcset=\"https:\/\/d2p6e6u75xmxt8.cloudfront.net\/6\/2021\/09\/Jakobsen-5.jpg 1000w, https:\/\/d2p6e6u75xmxt8.cloudfront.net\/6\/2021\/09\/Jakobsen-5-300x200.jpg 300w, https:\/\/d2p6e6u75xmxt8.cloudfront.net\/6\/2021\/09\/Jakobsen-5-768x511.jpg 768w, https:\/\/d2p6e6u75xmxt8.cloudfront.net\/6\/2021\/09\/Jakobsen-5-272x182.jpg 272w\" sizes=\"auto, (max-width: 1000px) 100vw, 1000px\" \/><\/a><figcaption id=\"caption-attachment-8130\" class=\"wp-caption-text\">Jakobsen en el Gamoniteiro. Foto La Vuelta.<\/figcaption><\/figure>\n<p>&nbsp;<\/p>\n<p>&nbsp;<\/p>\n<h2><strong>La Vuelta y el Deceuninck<\/strong><\/h2>\n<p>Ahora quedaba el m\u00e1s dif\u00edcil todav\u00eda. Porque una cosa es disputar carreras de una semana y otra preparar toda u<strong>na Vuelta a Espa\u00f1a<\/strong>. Para un velocista consiste en poner una equis a los d\u00edas en que puede haber una llegada masiva e intentar no perder demasiado tiempo cuando la carretera se pone cuesta arriba y los kilos extra de un velocista compiten con los vatios y la ligereza de los escaladores y los que se est\u00e1n jugando la general. Hay que procurar no llegar fuera de control y que los jueces no te manden a casa.<\/p>\n<p>En La Vuelta de 2021, adem\u00e1s, se hab\u00eda cambiado el sistema de puntaci\u00f3n del <strong>maillot verde \u0160koda<\/strong> de la regularidad. En esta edici\u00f3n iba a ser id\u00e9ntico al del Tour de Francia, es decir, m\u00e1s puntos para los primeros en las etapas llanas y\u00a0 en los <strong>sprints intermedios<\/strong> y menos para los que lleguen delante en la media y alta monta\u00f1a y en las contrarreloj. As\u00ed que en La Vuelta, al igual que en el Tour, el maillot verde tambi\u00e9n pasaba a ser un objetivo para el Deceuninck Quick Step y su velocista Fabio Jakobsen.<\/p>\n<figure id=\"attachment_8128\" aria-describedby=\"caption-attachment-8128\" style=\"width: 1000px\" class=\"wp-caption aligncenter\"><a href=\"https:\/\/d2p6e6u75xmxt8.cloudfront.net\/6\/2021\/09\/Jakobsen-2-deceuninck.jpg\"><img loading=\"lazy\" decoding=\"async\" class=\"wp-image-8128 size-full\" src=\"https:\/\/d2p6e6u75xmxt8.cloudfront.net\/6\/2021\/09\/Jakobsen-2-deceuninck.jpg\" alt=\"\" width=\"1000\" height=\"666\" srcset=\"https:\/\/d2p6e6u75xmxt8.cloudfront.net\/6\/2021\/09\/Jakobsen-2-deceuninck.jpg 1000w, https:\/\/d2p6e6u75xmxt8.cloudfront.net\/6\/2021\/09\/Jakobsen-2-deceuninck-300x200.jpg 300w, https:\/\/d2p6e6u75xmxt8.cloudfront.net\/6\/2021\/09\/Jakobsen-2-deceuninck-768x511.jpg 768w, https:\/\/d2p6e6u75xmxt8.cloudfront.net\/6\/2021\/09\/Jakobsen-2-deceuninck-272x182.jpg 272w\" sizes=\"auto, (max-width: 1000px) 100vw, 1000px\" \/><\/a><figcaption id=\"caption-attachment-8128\" class=\"wp-caption-text\">L\u00ednea de meta de la pen\u00faltima etapa. Foto La Vuelta.<\/figcaption><\/figure>\n<p>Para llevarse el verde necesit\u00f3 ganar tres etapas,\u00a0 Molina de Arag\u00f3n, La Manga del Mar Menor y Santa Cruz de Bezana, hacer segundo (su peor puesto en un sprint) en Burgos y Albacete y sumar alg\u00fan punto m\u00e1s en los sprints especiales. Al final sus grandes rivales fueron<strong> Primoz Roglic<\/strong> (acab\u00f3 50 puntos por detr\u00e1s) y Magnus Cort Nielsen, los dos con otras tres victorias de etapa, pero en las primeras jornadas se tuvo que jugar el verde con Philipsen y\u00a0 Demare.<\/p>\n<p>Pr\u00e1cticamente asegurado el verde desde mediada la Vuelta, el objetivo era superar las etapas de alta monta\u00f1a de Asturias y la batalla del pen\u00faltimo d\u00eda en Galicia dentro del margen permitido. Para ello tuvo que echar mano de <strong>todo el Deceuninck Quick Step, que pas\u00f3 de buscar el triunfo de etapa a organizarse para proteger al maillot verde<\/strong>. La foto pasando la meta de Mos en la pen\u00faltima jornada, (ya solo quedaba la crono de Santiago) demuestra el valor de un equipo unido (pese a la pol\u00e9mica el d\u00eda del triunfo de etapa de Senechal).<\/p>\n<p><a href=\"https:\/\/d2p6e6u75xmxt8.cloudfront.net\/6\/2021\/09\/Jakobsen-1.jpg\"><img loading=\"lazy\" decoding=\"async\" class=\"aligncenter size-full wp-image-8129\" src=\"https:\/\/d2p6e6u75xmxt8.cloudfront.net\/6\/2021\/09\/Jakobsen-1.jpg\" alt=\"\" width=\"1000\" height=\"666\" srcset=\"https:\/\/d2p6e6u75xmxt8.cloudfront.net\/6\/2021\/09\/Jakobsen-1.jpg 1000w, https:\/\/d2p6e6u75xmxt8.cloudfront.net\/6\/2021\/09\/Jakobsen-1-300x200.jpg 300w, https:\/\/d2p6e6u75xmxt8.cloudfront.net\/6\/2021\/09\/Jakobsen-1-768x511.jpg 768w, https:\/\/d2p6e6u75xmxt8.cloudfront.net\/6\/2021\/09\/Jakobsen-1-272x182.jpg 272w\" sizes=\"auto, (max-width: 1000px) 100vw, 1000px\" \/><\/a><\/p>\n","protected":false},"excerpt":{"rendered":"<p>Un maillot con una historia detr\u00e1s. En We Love Cycling te ofrecemos la oportunidad de vestir el maillot verde \u0160koda [&hellip;]<\/p>\n","protected":false},"author":29,"featured_media":8126,"comment_status":"open","ping_status":"open","sticky":false,"template":"","format":"standard","meta":{"footnotes":""},"categories":[7],"tags":[2144,1861,2143,2142],"global-categories":[1164],"class_list":["post-8124","post","type-post","status-publish","format-standard","has-post-thumbnail","hentry","category-carretera","tag-jakobsen","tag-maillot-regularidad-la-vuelta","tag-maillot-verde","tag-skoda","global-categories-cycling"],"yoast_head":"<!-- This site is optimized with the Yoast SEO Premium plugin v25.3 (Yoast SEO v25.9) - https:\/\/yoast.com\/wordpress\/plugins\/seo\/ -->\n<title>Sorteo: El maillot verde \u0160koda de Fabio Jakobsen puede ser tuyo -<\/title>\n<meta name=\"description\" content=\"Sorteo: El maillot verde \u0160koda de Fabio Jakobsen puede ser tuyo. Puedes ganar el maillot de la regularidad de La Vuelta.\" \/>\n<meta name=\"robots\" content=\"index, follow, max-snippet:-1, max-image-preview:large, max-video-preview:-1\" \/>\n<link rel=\"canonical\" href=\"https:\/\/www.welovecycling.com\/es\/2021\/09\/10\/maillot-verde-skoda\/\" \/>\n<meta property=\"og:locale\" content=\"es_ES\" \/>\n<meta property=\"og:type\" content=\"article\" \/>\n<meta property=\"og:title\" content=\"Sorteo: El maillot verde \u0160koda de Fabio Jakobsen puede ser tuyo\" \/>\n<meta property=\"og:description\" content=\"Sorteo: El maillot verde \u0160koda de Fabio Jakobsen puede ser tuyo. Puedes ganar el maillot de la regularidad de La Vuelta.\" \/>\n<meta property=\"og:url\" content=\"https:\/\/www.welovecycling.com\/es\/2021\/09\/10\/maillot-verde-skoda\/\" \/>\n<meta property=\"og:site_name\" content=\"\u0160koda We Love Cycling - Spain\" \/>\n<meta property=\"article:published_time\" content=\"2021-09-10T07:36:11+00:00\" \/>\n<meta property=\"og:image\" content=\"https:\/\/d2p6e6u75xmxt8.cloudfront.net\/6\/2021\/09\/Jakobsen-podio.jpg\" \/>\n\t<meta property=\"og:image:width\" content=\"1000\" \/>\n\t<meta property=\"og:image:height\" content=\"666\" \/>\n\t<meta property=\"og:image:type\" content=\"image\/jpeg\" \/>\n<meta name=\"author\" content=\"We Love Cycling Spain\" \/>\n<meta name=\"twitter:card\" content=\"summary_large_image\" \/>\n<meta name=\"twitter:title\" content=\"Sorteo: El maillot verde \u0160koda de Fabio Jakobsen puede ser tuyo\" \/>\n<meta name=\"twitter:description\" content=\"Sorteo: El maillot verde \u0160koda de Fabio Jakobsen puede ser tuyo. Puedes ganar el maillot de la regularidad de La Vuelta.\" \/>\n<meta name=\"twitter:label1\" content=\"Written by\" \/>\n\t<meta name=\"twitter:data1\" content=\"Luis Ortega @ciclored\" \/>\n\t<meta name=\"twitter:label2\" content=\"Est. reading time\" \/>\n\t<meta name=\"twitter:data2\" content=\"5 minutes\" \/>\n<script type=\"application\/ld+json\" class=\"yoast-schema-graph\">{\"@context\":\"https:\/\/schema.org\",\"@graph\":[{\"@type\":\"WebPage\",\"@id\":\"https:\/\/www.welovecycling.com\/es\/2021\/09\/10\/maillot-verde-skoda\/\",\"url\":\"https:\/\/www.welovecycling.com\/es\/2021\/09\/10\/maillot-verde-skoda\/\",\"name\":\"Sorteo: El maillot verde \u0160koda de Fabio Jakobsen puede ser tuyo -\",\"isPartOf\":{\"@id\":\"https:\/\/www.welovecycling.com\/es\/#website\"},\"primaryImageOfPage\":{\"@id\":\"https:\/\/www.welovecycling.com\/es\/2021\/09\/10\/maillot-verde-skoda\/#primaryimage\"},\"image\":{\"@id\":\"https:\/\/www.welovecycling.com\/es\/2021\/09\/10\/maillot-verde-skoda\/#primaryimage\"},\"thumbnailUrl\":\"https:\/\/d2p6e6u75xmxt8.cloudfront.net\/6\/2021\/09\/Jakobsen-podio.jpg\",\"datePublished\":\"2021-09-10T07:36:11+00:00\",\"author\":{\"@id\":\"https:\/\/www.welovecycling.com\/es\/#\/schema\/person\/deb61715b5812698ee79fb96f343ccd4\"},\"description\":\"Sorteo: El maillot verde \u0160koda de Fabio Jakobsen puede ser tuyo. Puedes ganar el maillot de la regularidad de La Vuelta.\",\"breadcrumb\":{\"@id\":\"https:\/\/www.welovecycling.com\/es\/2021\/09\/10\/maillot-verde-skoda\/#breadcrumb\"},\"inLanguage\":\"es-ES\",\"potentialAction\":[{\"@type\":\"ReadAction\",\"target\":[\"https:\/\/www.welovecycling.com\/es\/2021\/09\/10\/maillot-verde-skoda\/\"]}]},{\"@type\":\"ImageObject\",\"inLanguage\":\"es-ES\",\"@id\":\"https:\/\/www.welovecycling.com\/es\/2021\/09\/10\/maillot-verde-skoda\/#primaryimage\",\"url\":\"https:\/\/d2p6e6u75xmxt8.cloudfront.net\/6\/2021\/09\/Jakobsen-podio.jpg\",\"contentUrl\":\"https:\/\/d2p6e6u75xmxt8.cloudfront.net\/6\/2021\/09\/Jakobsen-podio.jpg\",\"width\":1000,\"height\":666},{\"@type\":\"BreadcrumbList\",\"@id\":\"https:\/\/www.welovecycling.com\/es\/2021\/09\/10\/maillot-verde-skoda\/#breadcrumb\",\"itemListElement\":[{\"@type\":\"ListItem\",\"position\":1,\"name\":\"Home\",\"item\":\"https:\/\/www.welovecycling.com\/es\/\"},{\"@type\":\"ListItem\",\"position\":2,\"name\":\"Sorteo: El maillot verde \u0160koda de Fabio Jakobsen puede ser tuyo\"}]},{\"@type\":\"WebSite\",\"@id\":\"https:\/\/www.welovecycling.com\/es\/#website\",\"url\":\"https:\/\/www.welovecycling.com\/es\/\",\"name\":\"\u0160koda We Love Cycling - Spain\",\"description\":\"\u0160koda WeLoveCycling Spain\",\"potentialAction\":[{\"@type\":\"SearchAction\",\"target\":{\"@type\":\"EntryPoint\",\"urlTemplate\":\"https:\/\/www.welovecycling.com\/es\/?s={search_term_string}\"},\"query-input\":{\"@type\":\"PropertyValueSpecification\",\"valueRequired\":true,\"valueName\":\"search_term_string\"}}],\"inLanguage\":\"es-ES\"},{\"@type\":\"Person\",\"@id\":\"https:\/\/www.welovecycling.com\/es\/#\/schema\/person\/deb61715b5812698ee79fb96f343ccd4\",\"name\":\"We Love Cycling Spain\",\"image\":{\"@type\":\"ImageObject\",\"inLanguage\":\"es-ES\",\"@id\":\"https:\/\/www.welovecycling.com\/es\/#\/schema\/person\/image\/\",\"url\":\"https:\/\/secure.gravatar.com\/avatar\/c824b04e6df0e37a03219d0b6481672889df542894588964102459e46513159c?s=96&d=mm&r=g\",\"contentUrl\":\"https:\/\/secure.gravatar.com\/avatar\/c824b04e6df0e37a03219d0b6481672889df542894588964102459e46513159c?s=96&d=mm&r=g\",\"caption\":\"We Love Cycling Spain\"},\"url\":\"https:\/\/www.welovecycling.com\/es\/author\/amunoz\/\"}]}<\/script>\n<!-- \/ Yoast SEO Premium plugin. -->","yoast_head_json":{"title":"Sorteo: El maillot verde \u0160koda de Fabio Jakobsen puede ser tuyo -","description":"Sorteo: El maillot verde \u0160koda de Fabio Jakobsen puede ser tuyo. Puedes ganar el maillot de la regularidad de La Vuelta.","robots":{"index":"index","follow":"follow","max-snippet":"max-snippet:-1","max-image-preview":"max-image-preview:large","max-video-preview":"max-video-preview:-1"},"canonical":"https:\/\/www.welovecycling.com\/es\/2021\/09\/10\/maillot-verde-skoda\/","og_locale":"es_ES","og_type":"article","og_title":"Sorteo: El maillot verde \u0160koda de Fabio Jakobsen puede ser tuyo","og_description":"Sorteo: El maillot verde \u0160koda de Fabio Jakobsen puede ser tuyo. Puedes ganar el maillot de la regularidad de La Vuelta.","og_url":"https:\/\/www.welovecycling.com\/es\/2021\/09\/10\/maillot-verde-skoda\/","og_site_name":"\u0160koda We Love Cycling - Spain","article_published_time":"2021-09-10T07:36:11+00:00","og_image":[{"width":1000,"height":666,"url":"https:\/\/d2p6e6u75xmxt8.cloudfront.net\/6\/2021\/09\/Jakobsen-podio.jpg","type":"image\/jpeg"}],"author":"We Love Cycling Spain","twitter_card":"summary_large_image","twitter_title":"Sorteo: El maillot verde \u0160koda de Fabio Jakobsen puede ser tuyo","twitter_description":"Sorteo: El maillot verde \u0160koda de Fabio Jakobsen puede ser tuyo. Puedes ganar el maillot de la regularidad de La Vuelta.","twitter_misc":{"Written by":"Luis Ortega @ciclored","Est. reading time":"5 minutes"},"schema":{"@context":"https:\/\/schema.org","@graph":[{"@type":"WebPage","@id":"https:\/\/www.welovecycling.com\/es\/2021\/09\/10\/maillot-verde-skoda\/","url":"https:\/\/www.welovecycling.com\/es\/2021\/09\/10\/maillot-verde-skoda\/","name":"Sorteo: El maillot verde \u0160koda de Fabio Jakobsen puede ser tuyo -","isPartOf":{"@id":"https:\/\/www.welovecycling.com\/es\/#website"},"primaryImageOfPage":{"@id":"https:\/\/www.welovecycling.com\/es\/2021\/09\/10\/maillot-verde-skoda\/#primaryimage"},"image":{"@id":"https:\/\/www.welovecycling.com\/es\/2021\/09\/10\/maillot-verde-skoda\/#primaryimage"},"thumbnailUrl":"https:\/\/d2p6e6u75xmxt8.cloudfront.net\/6\/2021\/09\/Jakobsen-podio.jpg","datePublished":"2021-09-10T07:36:11+00:00","author":{"@id":"https:\/\/www.welovecycling.com\/es\/#\/schema\/person\/deb61715b5812698ee79fb96f343ccd4"},"description":"Sorteo: El maillot verde \u0160koda de Fabio Jakobsen puede ser tuyo. Puedes ganar el maillot de la regularidad de La Vuelta.","breadcrumb":{"@id":"https:\/\/www.welovecycling.com\/es\/2021\/09\/10\/maillot-verde-skoda\/#breadcrumb"},"inLanguage":"es-ES","potentialAction":[{"@type":"ReadAction","target":["https:\/\/www.welovecycling.com\/es\/2021\/09\/10\/maillot-verde-skoda\/"]}]},{"@type":"ImageObject","inLanguage":"es-ES","@id":"https:\/\/www.welovecycling.com\/es\/2021\/09\/10\/maillot-verde-skoda\/#primaryimage","url":"https:\/\/d2p6e6u75xmxt8.cloudfront.net\/6\/2021\/09\/Jakobsen-podio.jpg","contentUrl":"https:\/\/d2p6e6u75xmxt8.cloudfront.net\/6\/2021\/09\/Jakobsen-podio.jpg","width":1000,"height":666},{"@type":"BreadcrumbList","@id":"https:\/\/www.welovecycling.com\/es\/2021\/09\/10\/maillot-verde-skoda\/#breadcrumb","itemListElement":[{"@type":"ListItem","position":1,"name":"Home","item":"https:\/\/www.welovecycling.com\/es\/"},{"@type":"ListItem","position":2,"name":"Sorteo: El maillot verde \u0160koda de Fabio Jakobsen puede ser tuyo"}]},{"@type":"WebSite","@id":"https:\/\/www.welovecycling.com\/es\/#website","url":"https:\/\/www.welovecycling.com\/es\/","name":"\u0160koda We Love Cycling - Spain","description":"\u0160koda WeLoveCycling Spain","potentialAction":[{"@type":"SearchAction","target":{"@type":"EntryPoint","urlTemplate":"https:\/\/www.welovecycling.com\/es\/?s={search_term_string}"},"query-input":{"@type":"PropertyValueSpecification","valueRequired":true,"valueName":"search_term_string"}}],"inLanguage":"es-ES"},{"@type":"Person","@id":"https:\/\/www.welovecycling.com\/es\/#\/schema\/person\/deb61715b5812698ee79fb96f343ccd4","name":"We Love Cycling Spain","image":{"@type":"ImageObject","inLanguage":"es-ES","@id":"https:\/\/www.welovecycling.com\/es\/#\/schema\/person\/image\/","url":"https:\/\/secure.gravatar.com\/avatar\/c824b04e6df0e37a03219d0b6481672889df542894588964102459e46513159c?s=96&d=mm&r=g","contentUrl":"https:\/\/secure.gravatar.com\/avatar\/c824b04e6df0e37a03219d0b6481672889df542894588964102459e46513159c?s=96&d=mm&r=g","caption":"We Love Cycling Spain"},"url":"https:\/\/www.welovecycling.com\/es\/author\/amunoz\/"}]}},"_links":{"self":[{"href":"https:\/\/www.welovecycling.com\/es\/wp-json\/wp\/v2\/posts\/8124","targetHints":{"allow":["GET"]}}],"collection":[{"href":"https:\/\/www.welovecycling.com\/es\/wp-json\/wp\/v2\/posts"}],"about":[{"href":"https:\/\/www.welovecycling.com\/es\/wp-json\/wp\/v2\/types\/post"}],"author":[{"embeddable":true,"href":"https:\/\/www.welovecycling.com\/es\/wp-json\/wp\/v2\/users\/29"}],"replies":[{"embeddable":true,"href":"https:\/\/www.welovecycling.com\/es\/wp-json\/wp\/v2\/comments?post=8124"}],"version-history":[{"count":2,"href":"https:\/\/www.welovecycling.com\/es\/wp-json\/wp\/v2\/posts\/8124\/revisions"}],"predecessor-version":[{"id":8133,"href":"https:\/\/www.welovecycling.com\/es\/wp-json\/wp\/v2\/posts\/8124\/revisions\/8133"}],"wp:featuredmedia":[{"embeddable":true,"href":"https:\/\/www.welovecycling.com\/es\/wp-json\/wp\/v2\/media\/8126"}],"wp:attachment":[{"href":"https:\/\/www.welovecycling.com\/es\/wp-json\/wp\/v2\/media?parent=8124"}],"wp:term":[{"taxonomy":"category","embeddable":true,"href":"https:\/\/www.welovecycling.com\/es\/wp-json\/wp\/v2\/categories?post=8124"},{"taxonomy":"post_tag","embeddable":true,"href":"https:\/\/www.welovecycling.com\/es\/wp-json\/wp\/v2\/tags?post=8124"},{"taxonomy":"global-categories","embeddable":true,"href":"https:\/\/www.welovecycling.com\/es\/wp-json\/wp\/v2\/global-categories?post=8124"}],"curies":[{"name":"wp","href":"https:\/\/api.w.org\/{rel}","templated":true}]}}