{"id":8098,"date":"2021-09-11T14:12:29","date_gmt":"2021-09-11T12:12:29","guid":{"rendered":"https:\/\/www.welovecycling.com\/es\/?p=8098"},"modified":"2021-09-10T11:31:00","modified_gmt":"2021-09-10T09:31:00","slug":"fichajes-peloton-femenino-2022","status":"publish","type":"post","link":"https:\/\/www.welovecycling.com\/es\/2021\/09\/11\/fichajes-peloton-femenino-2022\/","title":{"rendered":"Los fichajes del pelot\u00f3n femenino para 2022"},"content":{"rendered":"<p><strong>A medida que avanzamos en la segunda mitad de la temporada ciclista se han producido muchos malabarismos en relaci\u00f3n con los fichajes del pelot\u00f3n femenino para 2022. Esto demuestra que el calibre de este deporte est\u00e1 aumentando y que est\u00e1n surgiendo m\u00e1s equipos que luchan por conseguir los mejores nombres para representarlos.\u00a0<\/strong><\/p>\n<p><!--more--><\/p>\n<p>De hecho, toda esta acci\u00f3n deber\u00eda dar lugar a una din\u00e1mica fascinante en 2022. Los grandes cambios y los saltos de equipo podr\u00edan suponer algunas grandes sorpresas por parte de los equipos emergentes, mientras que algunos de los m\u00e1s fuertes del juego contin\u00faan estableciendo su dominio. Echemos un vistazo a qui\u00e9n se va, a qu\u00e9 nuevos equipos se incorporan y a algunas clave que hay seguir de cerca.<\/p>\n<h2><strong>La veterana ciclista brit\u00e1nica Hannah Barnes correr\u00e1 los pr\u00f3ximos dos a\u00f1os en el flamante Uno-X Pro Cycling Teams<\/strong><\/h2>\n<p>Hannah Barnes dejar\u00e1 su equipo de toda la vida, el <a href=\"https:\/\/www.welovecycling.com\/es\/2021\/04\/05\/mejores-bcicletas-para-mujer-2021\/\">Canyon-SRAM<\/a>, tras firmar un contrato para correr con el nuevo equipo femenino Uno-X en 2022 y 2023. Como veterana del deporte, Barnes asumir\u00e1 un papel de liderazgo al frente de un equipo completamente nuevo. Uno-X pondr\u00e1 en marcha su programa femenino por primera vez la pr\u00f3xima temporada, y su objetivo es adquirir la licencia del equipo mundial femenino en 2022..<\/p>\n<div class=\"embed-controller-wrapper\">\n<blockquote class=\"twitter-tweet\" data-width=\"500\" data-dnt=\"true\">\n<p lang=\"en\" dir=\"ltr\">Episode 3 of the team&#39;s <a href=\"https:\/\/twitter.com\/hashtag\/TakeTheLead?src=hash&amp;ref_src=twsrc%5Etfw\">#TakeTheLead<\/a> podcast features the Barnes sisters, <a href=\"https:\/\/twitter.com\/BarnesAlice?ref_src=twsrc%5Etfw\">@BarnesAlice<\/a> and <a href=\"https:\/\/twitter.com\/bannahharnes?ref_src=twsrc%5Etfw\">@bannahharnes<\/a> <\/p>\n<p>Download now: <a href=\"https:\/\/t.co\/NmWy67HIgg\">https:\/\/t.co\/NmWy67HIgg<\/a><\/p>\n<p>RSS: <a href=\"https:\/\/t.co\/P0m9xH9rgs\">https:\/\/t.co\/P0m9xH9rgs<\/a><\/p>\n<p>Big thanks to Maria <a href=\"https:\/\/twitter.com\/2wheelchick?ref_src=twsrc%5Etfw\">@2wheelchick<\/a> for being our guest co-host! <a href=\"https:\/\/t.co\/5BOepf0EpK\">pic.twitter.com\/5BOepf0EpK<\/a><\/p>\n<p>&mdash; CANYON\/\/SRAM Racing &amp; CANYON\/\/SRAM Generation (@WMNcycling) <a href=\"https:\/\/twitter.com\/WMNcycling\/status\/1405818225963765764?ref_src=twsrc%5Etfw\">June 18, 2021<\/a><\/p><\/blockquote>\n<p><script async data-src=\"https:\/\/platform.twitter.com\/widgets.js\" charset=\"utf-8\"><\/script><\/div>\n<p>Sin duda, Barnes ser\u00e1 una parte importante para ayudar al equipo a establecerse, ofreciendo su amplia experiencia en carreras para ayudar al desarrollo del equipo en sus dos primeras temporadas.<\/p>\n<p>&#8220;Este es un momento muy emocionante para Uno-X y estoy encantada de formar parte del equipo femenino desde el principio&#8221;, dijo <a href=\"https:\/\/www.unoxteam.no\/barnes\">Barnes en un comunicado de prensa.<\/a><\/p>\n<p>Barnes lleva compitiendo profesionalmente desde 2014, cuando se inici\u00f3 en el UnitedHealthcare, pero ha sido un pilar en el programa del Canyon-SRAM desde 2016. Destaca por su excepcional versatilidad, es fuerte en los sprints, en las subidas y en las contrarrelojes.<\/p>\n<p>La actual compa\u00f1era de equipo de Barnes en el Canyon-SRAM, Hannah Ludwig, tambi\u00e9n ha firmado un contrato de dos a\u00f1os con el nuevo equipo y se unir\u00e1 adem\u00e1s a Susanne Andersen, que deja el Team DSM para unirse a Uno-X Pro Cycling durante las pr\u00f3ximas dos temporadas.<\/p>\n<h2><strong>La ciclista estadounidense Leah Thomas deja el Movistar Team para incorporarse al Trek-Segafredo durante las dos pr\u00f3ximas temporadas<\/strong><\/h2>\n<figure id=\"attachment_8104\" aria-describedby=\"caption-attachment-8104\" style=\"width: 1000px\" class=\"wp-caption alignnone\"><a href=\"https:\/\/d2p6e6u75xmxt8.cloudfront.net\/6\/2021\/09\/Leah-Thomas-profimedia-0623231049.jpg\"><img loading=\"lazy\" decoding=\"async\" class=\"wp-image-8104 size-full\" src=\"https:\/\/d2p6e6u75xmxt8.cloudfront.net\/6\/2021\/09\/Leah-Thomas-profimedia-0623231049.jpg\" alt=\"Leah Thomas\" width=\"1000\" height=\"653\" srcset=\"https:\/\/d2p6e6u75xmxt8.cloudfront.net\/6\/2021\/09\/Leah-Thomas-profimedia-0623231049.jpg 1000w, https:\/\/d2p6e6u75xmxt8.cloudfront.net\/6\/2021\/09\/Leah-Thomas-profimedia-0623231049-300x196.jpg 300w, https:\/\/d2p6e6u75xmxt8.cloudfront.net\/6\/2021\/09\/Leah-Thomas-profimedia-0623231049-768x502.jpg 768w\" sizes=\"auto, (max-width: 1000px) 100vw, 1000px\" \/><\/a><figcaption id=\"caption-attachment-8104\" class=\"wp-caption-text\">Thomas durante la carrera ol\u00edmpica. \u00a9 Profimedia<\/figcaption><\/figure>\n<p>Leah Thomas es una de las fichadas para ocupar los sillines vac\u00edos del equipo Trek-Segafredo. La ciclista dejar\u00e1 su actual equipo, el Movistar, tras firmar un nuevo contrato de dos a\u00f1os con uno de los mejores equipos del pelot\u00f3n.<\/p>\n<p>&#8220;Estoy muy emocionada de correr con Trek-Segafredo en los pr\u00f3ximos dos a\u00f1os porque siento que afrontan cada carrera con un plan, y creo que corren cohesionados como un equipo, todos juntos, con el objetivo de conseguir un resultado m\u00e1ximo&#8221;, dijo Thomas en un <a href=\"https:\/\/racing.trekbikes.com\/stories\/trek-segafredo-women\/leah-thomas-joins-trek-segafredo-on-two-year-deal\">comunicado de prensa<\/a>. De hecho, sus habilidades polifac\u00e9ticas ser\u00e1n muy \u00fatiles para el equipo.<\/p>\n<h2><strong>La ciclista australiana Grace Brown ha firmado con el FDJ Nouvelle-Aquitaine Futuroscope para los pr\u00f3ximos dos a\u00f1os<\/strong><\/h2>\n<p>Brown ha tenido un a\u00f1o excepcional y ha consolidado su reputaci\u00f3n de ciclista agresiva y oportunista. Se llev\u00f3 a casa el primer puesto en Brugge-De Panne y termin\u00f3 tercera en el Tour de Flandes. Tambi\u00e9n consigui\u00f3 un tercer puesto en la contrarreloj de monta\u00f1a en el Giro de Italia Donne antes de representar a Australia en los Juegos Ol\u00edmpicos de Tokio, compitiendo en la carrera en ruta y en la contrarreloj, donde termin\u00f3 en cuarto lugar.<\/p>\n<figure id=\"attachment_8106\" aria-describedby=\"caption-attachment-8106\" style=\"width: 1250px\" class=\"wp-caption alignnone\"><a href=\"https:\/\/d2p6e6u75xmxt8.cloudfront.net\/6\/2021\/09\/Grace-Brown-profimedia-0623775329.jpg\"><img loading=\"lazy\" decoding=\"async\" class=\"size-full wp-image-8106\" src=\"https:\/\/d2p6e6u75xmxt8.cloudfront.net\/6\/2021\/09\/Grace-Brown-profimedia-0623775329.jpg\" alt=\"\" width=\"1250\" height=\"831\" srcset=\"https:\/\/d2p6e6u75xmxt8.cloudfront.net\/6\/2021\/09\/Grace-Brown-profimedia-0623775329.jpg 1250w, https:\/\/d2p6e6u75xmxt8.cloudfront.net\/6\/2021\/09\/Grace-Brown-profimedia-0623775329-300x199.jpg 300w, https:\/\/d2p6e6u75xmxt8.cloudfront.net\/6\/2021\/09\/Grace-Brown-profimedia-0623775329-1024x681.jpg 1024w, https:\/\/d2p6e6u75xmxt8.cloudfront.net\/6\/2021\/09\/Grace-Brown-profimedia-0623775329-768x511.jpg 768w, https:\/\/d2p6e6u75xmxt8.cloudfront.net\/6\/2021\/09\/Grace-Brown-profimedia-0623775329-272x182.jpg 272w\" sizes=\"auto, (max-width: 1250px) 100vw, 1250px\" \/><\/a><figcaption id=\"caption-attachment-8106\" class=\"wp-caption-text\">Brown durante la crono ol\u00edmpica. \u00a9 Profimedia<\/figcaption><\/figure>\n<p>&nbsp;<\/p>\n<p>&#8220;[Brown] representa todo lo que hay que amar del ciclismo: audacia, superaci\u00f3n de los l\u00edmites, dedicaci\u00f3n. En el ciclismo moderno, pocos ciclistas se atreven a dejar que sus instintos se expresen de forma prioritaria, pero Grace es una de ellas&#8221;, declar\u00f3 Stephen Delcourt, director del equipo FDJ, en un comunicado de prensa.<\/p>\n<p>El equipo franc\u00e9s quiere construir su \u00e9xito en torno a un mayor n\u00famero de escaladoras en la plantilla y ha manifestado su deseo de tener una actuaci\u00f3n destacada en el primer Tour de Francia femenino de la historia en 2022.<\/p>\n<h2><strong>La ex campeona nacional brit\u00e1nica de carretera Jess Roberts se unir\u00e1 al equipo Coop &#8211; Hitec Products a partir de 2022<\/strong><\/h2>\n<p>A pesar de una temporada relativamente mala debido a las lesiones, Roberts espera un nuevo comienzo con un nuevo equipo. Dado que su contrato con el Team BikeExchange ha terminado, quiere volver a la pista y fijarse nuevos objetivos. Roberts se convirti\u00f3 en campeona nacional en 2018. En 2019 gan\u00f3 dos etapas en el Tour de Bretagne -primero en un sprint de grupo y un d\u00eda despu\u00e9s en solitario-. As\u00ed que cuando est\u00e1 en forma, es claramente una fuerza a tener en cuenta.<\/p>\n<div class=\"embed-controller-wrapper\">\n<blockquote class=\"twitter-tweet\" data-width=\"500\" data-dnt=\"true\">\n<p lang=\"en\" dir=\"ltr\">Happy to announce I\u2019ll be joining @Hitec_Products for next season \ud83d\ude00 I\u2019m really excited to rebuild with a great team around me! 1\/2 <a href=\"https:\/\/t.co\/x3dIbA4cTR\">https:\/\/t.co\/x3dIbA4cTR<\/a><\/p>\n<p>&mdash; Jess Roberts (@JessRoberts_99) <a href=\"https:\/\/twitter.com\/JessRoberts_99\/status\/1430489071776849926?ref_src=twsrc%5Etfw\">August 25, 2021<\/a><\/p><\/blockquote>\n<p><script async data-src=\"https:\/\/platform.twitter.com\/widgets.js\" charset=\"utf-8\"><\/script><\/div>\n<p>El <a href=\"https:\/\/teamhitecproducts.no\/team-coop-hitec-products-signs-jessica-roberts\/\">objetivo de Roberts y del equipo Coop &#8211; Hitec Product<\/a>s es recuperar su antigua forma y desarrollarla a partir de ah\u00ed. &#8220;Vamos a ver c\u00f3mo evoluciono durante el pr\u00f3ximo mes, as\u00ed que mi principal objetivo por ahora ser\u00e1 recuperar mi plena forma f\u00edsica y pilotar sin dolor. Espero poder correr antes del final de la temporada. De cara a la pr\u00f3xima temporada, de momento no me he fijado ninguna carrera en particular, pero me gustar\u00eda conseguir puestos en el podio tanto en carretera como en pista&#8221;.<\/p>\n<h2><strong>La australiana Lucy Kennedy se retira<\/strong><\/h2>\n<p>Muchos aficionados a este deporte lamentar\u00e1n decir adi\u00f3s a Lucy Kennedy, que ha anunciado que se retirar\u00e1 del ciclismo profesional al final de la temporada 2021. &#8220;\u00a1Es casi el final de un viaje salvaje! He decidido que 2021 ser\u00e1 mi \u00faltimo a\u00f1o como ciclista profesional mientras cambio mi enfoque a otras prioridades&#8221;, escribi\u00f3 Kennedy e<a href=\"https:\/\/www.instagram.com\/p\/CTCBI_bs5NU\/?utm_source=ig_web_copy_link\">n un post en Instagram<\/a>.<\/p>\n<p>Kennedy lleva cuatro a\u00f1os en el Team BikeExchange y ha conseguido acumular toda una lista de logros. Conocida como una de las escaladoras m\u00e1s fuertes del mundo, consigui\u00f3 dos victorias generales en el Women&#8217;s Herald Sun Tour y una victoria general en el Tour de l&#8217;Ardeche. Tambi\u00e9n ha ganado el Donostia San Sebasti\u00e1n Klasikoa y el Durango-Durango Emakumeen Saria, adem\u00e1s de terminar segunda en la general del Santos Women&#8217;s Tour Down Under, segunda en una etapa del Giro de Italia Donne y segunda en la Cadel Evans Great Ocean Road Race.<\/p>\n<figure id=\"attachment_8109\" aria-describedby=\"caption-attachment-8109\" style=\"width: 1000px\" class=\"wp-caption alignnone\"><a href=\"https:\/\/d2p6e6u75xmxt8.cloudfront.net\/6\/2021\/09\/Lucy-Kennedy-profimedia-0462189816.jpg\"><img loading=\"lazy\" decoding=\"async\" class=\"wp-image-8109 size-full\" src=\"https:\/\/d2p6e6u75xmxt8.cloudfront.net\/6\/2021\/09\/Lucy-Kennedy-profimedia-0462189816.jpg\" alt=\"Lucy Kennedy\" width=\"1000\" height=\"674\" srcset=\"https:\/\/d2p6e6u75xmxt8.cloudfront.net\/6\/2021\/09\/Lucy-Kennedy-profimedia-0462189816.jpg 1000w, https:\/\/d2p6e6u75xmxt8.cloudfront.net\/6\/2021\/09\/Lucy-Kennedy-profimedia-0462189816-300x202.jpg 300w, https:\/\/d2p6e6u75xmxt8.cloudfront.net\/6\/2021\/09\/Lucy-Kennedy-profimedia-0462189816-768x518.jpg 768w, https:\/\/d2p6e6u75xmxt8.cloudfront.net\/6\/2021\/09\/Lucy-Kennedy-profimedia-0462189816-272x182.jpg 272w\" sizes=\"auto, (max-width: 1000px) 100vw, 1000px\" \/><\/a><figcaption id=\"caption-attachment-8109\" class=\"wp-caption-text\">Kennedy anunci\u00f3 su retirada. \u00a9 Profimedia<\/figcaption><\/figure>\n<p>Sin embargo, a\u00fan hay una oportunidad de ver a Kennedy en carrera antes de que nos despidamos. Competir\u00e1 en el Tour Cycliste F\u00e9minin International de l&#8217;Ard\u00e8che que se celebrar\u00e1 del 8 al 14 de septiembre en Francia.<\/p>\n<h2><strong>Canyon\/\/SRAM Racing ha abierto las solicitudes para su nuevo equipo de desarrollo<\/strong><\/h2>\n<p>Mirando hacia el futuro del deporte, hay algunas noticias emocionantes de Canyon-SRAM. La escuadra ha anunciado que crear\u00e1 un <a href=\"https:\/\/www.cyclingnews.com\/news\/applications-open-for-womens-canyon-sram-development-team\/\">nuevo equipo de desarrollo en 2022<\/a>. Estar\u00e1 registrado como equipo continental de la UCI y existir\u00e1 adem\u00e1s del equipo Canyon\/\/SRAM Racing Women&#8217;s WorldTour. Han expresado su deseo de hacer el ciclismo m\u00e1s accesible a las mujeres de todo el mundo. Por ello, el equipo tambi\u00e9n ofrece ocho becas para el nuevo Equipo Continental en 2022. Las ocho plazas disponibles se centrar\u00e1n en corredoras de \u00c1frica, Asia y Sudam\u00e9rica.<\/p>\n","protected":false},"excerpt":{"rendered":"<p>A medida que avanzamos en la segunda mitad de la temporada ciclista se han producido muchos malabarismos en relaci\u00f3n con [&hellip;]<\/p>\n","protected":false},"author":29,"featured_media":8112,"comment_status":"open","ping_status":"open","sticky":false,"template":"","format":"standard","meta":{"footnotes":""},"categories":[7],"tags":[],"global-categories":[],"class_list":["post-8098","post","type-post","status-publish","format-standard","has-post-thumbnail","hentry","category-carretera"],"yoast_head":"<!-- This site is optimized with the Yoast SEO Premium plugin v25.3 (Yoast SEO v25.9) - https:\/\/yoast.com\/wordpress\/plugins\/seo\/ -->\n<title>Los fichajes del pelot\u00f3n femenino para 2022 - \u0160koda We Love Cycling - Spain<\/title>\n<meta name=\"description\" content=\"Los fichajes del pelot\u00f3n femenino para 2022. As\u00ed se est\u00e1 moviendo el mercado para el World Tour femenino de la pr\u00f3xima temporada\" \/>\n<meta name=\"robots\" content=\"index, follow, max-snippet:-1, max-image-preview:large, max-video-preview:-1\" \/>\n<link rel=\"canonical\" href=\"https:\/\/www.welovecycling.com\/es\/2021\/09\/11\/fichajes-peloton-femenino-2022\/\" \/>\n<meta property=\"og:locale\" content=\"es_ES\" \/>\n<meta property=\"og:type\" content=\"article\" \/>\n<meta property=\"og:title\" content=\"Los fichajes del pelot\u00f3n femenino para 2022\" \/>\n<meta property=\"og:description\" content=\"Los fichajes del pelot\u00f3n femenino para 2022. As\u00ed se est\u00e1 moviendo el mercado para el World Tour femenino de la pr\u00f3xima temporada\" \/>\n<meta property=\"og:url\" content=\"https:\/\/www.welovecycling.com\/es\/2021\/09\/11\/fichajes-peloton-femenino-2022\/\" \/>\n<meta property=\"og:site_name\" content=\"\u0160koda We Love Cycling - Spain\" \/>\n<meta property=\"article:published_time\" content=\"2021-09-11T12:12:29+00:00\" \/>\n<meta property=\"og:image\" content=\"https:\/\/d2p6e6u75xmxt8.cloudfront.net\/6\/2021\/09\/Women-peloton-profimedia-0591311676-CVR.jpg\" \/>\n\t<meta property=\"og:image:width\" content=\"1366\" \/>\n\t<meta property=\"og:image:height\" content=\"600\" \/>\n\t<meta property=\"og:image:type\" content=\"image\/jpeg\" \/>\n<meta name=\"author\" content=\"We Love Cycling Spain\" \/>\n<meta name=\"twitter:card\" content=\"summary_large_image\" \/>\n<meta name=\"twitter:title\" content=\"Los fichajes del pelot\u00f3n femenino para 2022\" \/>\n<meta name=\"twitter:description\" content=\"Los fichajes del pelot\u00f3n femenino para 2022. As\u00ed se est\u00e1 moviendo el mercado para el World Tour femenino de la pr\u00f3xima temporada\" \/>\n<meta name=\"twitter:label1\" content=\"Written by\" \/>\n\t<meta name=\"twitter:data1\" content=\"Megan Flottorp\" \/>\n\t<meta name=\"twitter:label2\" content=\"Est. reading time\" \/>\n\t<meta name=\"twitter:data2\" content=\"6\" \/>\n<script type=\"application\/ld+json\" class=\"yoast-schema-graph\">{\"@context\":\"https:\/\/schema.org\",\"@graph\":[{\"@type\":\"WebPage\",\"@id\":\"https:\/\/www.welovecycling.com\/es\/2021\/09\/11\/fichajes-peloton-femenino-2022\/\",\"url\":\"https:\/\/www.welovecycling.com\/es\/2021\/09\/11\/fichajes-peloton-femenino-2022\/\",\"name\":\"Los fichajes del pelot\u00f3n femenino para 2022 - \u0160koda We Love Cycling - Spain\",\"isPartOf\":{\"@id\":\"https:\/\/www.welovecycling.com\/es\/#website\"},\"primaryImageOfPage\":{\"@id\":\"https:\/\/www.welovecycling.com\/es\/2021\/09\/11\/fichajes-peloton-femenino-2022\/#primaryimage\"},\"image\":{\"@id\":\"https:\/\/www.welovecycling.com\/es\/2021\/09\/11\/fichajes-peloton-femenino-2022\/#primaryimage\"},\"thumbnailUrl\":\"https:\/\/d2p6e6u75xmxt8.cloudfront.net\/6\/2021\/09\/Women-peloton-profimedia-0591311676-CVR.jpg\",\"datePublished\":\"2021-09-11T12:12:29+00:00\",\"author\":{\"@id\":\"https:\/\/www.welovecycling.com\/es\/#\/schema\/person\/deb61715b5812698ee79fb96f343ccd4\"},\"description\":\"Los fichajes del pelot\u00f3n femenino para 2022. As\u00ed se est\u00e1 moviendo el mercado para el World Tour femenino de la pr\u00f3xima temporada\",\"breadcrumb\":{\"@id\":\"https:\/\/www.welovecycling.com\/es\/2021\/09\/11\/fichajes-peloton-femenino-2022\/#breadcrumb\"},\"inLanguage\":\"es-ES\",\"potentialAction\":[{\"@type\":\"ReadAction\",\"target\":[\"https:\/\/www.welovecycling.com\/es\/2021\/09\/11\/fichajes-peloton-femenino-2022\/\"]}]},{\"@type\":\"ImageObject\",\"inLanguage\":\"es-ES\",\"@id\":\"https:\/\/www.welovecycling.com\/es\/2021\/09\/11\/fichajes-peloton-femenino-2022\/#primaryimage\",\"url\":\"https:\/\/d2p6e6u75xmxt8.cloudfront.net\/6\/2021\/09\/Women-peloton-profimedia-0591311676-CVR.jpg\",\"contentUrl\":\"https:\/\/d2p6e6u75xmxt8.cloudfront.net\/6\/2021\/09\/Women-peloton-profimedia-0591311676-CVR.jpg\",\"width\":1366,\"height\":600,\"caption\":\"Women's Peloton\"},{\"@type\":\"BreadcrumbList\",\"@id\":\"https:\/\/www.welovecycling.com\/es\/2021\/09\/11\/fichajes-peloton-femenino-2022\/#breadcrumb\",\"itemListElement\":[{\"@type\":\"ListItem\",\"position\":1,\"name\":\"Home\",\"item\":\"https:\/\/www.welovecycling.com\/es\/\"},{\"@type\":\"ListItem\",\"position\":2,\"name\":\"Los fichajes del pelot\u00f3n femenino para 2022\"}]},{\"@type\":\"WebSite\",\"@id\":\"https:\/\/www.welovecycling.com\/es\/#website\",\"url\":\"https:\/\/www.welovecycling.com\/es\/\",\"name\":\"\u0160koda We Love Cycling - Spain\",\"description\":\"\u0160koda WeLoveCycling Spain\",\"potentialAction\":[{\"@type\":\"SearchAction\",\"target\":{\"@type\":\"EntryPoint\",\"urlTemplate\":\"https:\/\/www.welovecycling.com\/es\/?s={search_term_string}\"},\"query-input\":{\"@type\":\"PropertyValueSpecification\",\"valueRequired\":true,\"valueName\":\"search_term_string\"}}],\"inLanguage\":\"es-ES\"},{\"@type\":\"Person\",\"@id\":\"https:\/\/www.welovecycling.com\/es\/#\/schema\/person\/deb61715b5812698ee79fb96f343ccd4\",\"name\":\"We Love Cycling Spain\",\"image\":{\"@type\":\"ImageObject\",\"inLanguage\":\"es-ES\",\"@id\":\"https:\/\/www.welovecycling.com\/es\/#\/schema\/person\/image\/\",\"url\":\"https:\/\/secure.gravatar.com\/avatar\/c824b04e6df0e37a03219d0b6481672889df542894588964102459e46513159c?s=96&d=mm&r=g\",\"contentUrl\":\"https:\/\/secure.gravatar.com\/avatar\/c824b04e6df0e37a03219d0b6481672889df542894588964102459e46513159c?s=96&d=mm&r=g\",\"caption\":\"We Love Cycling Spain\"},\"url\":\"https:\/\/www.welovecycling.com\/es\/author\/amunoz\/\"}]}<\/script>\n<!-- \/ Yoast SEO Premium plugin. -->","yoast_head_json":{"title":"Los fichajes del pelot\u00f3n femenino para 2022 - \u0160koda We Love Cycling - Spain","description":"Los fichajes del pelot\u00f3n femenino para 2022. As\u00ed se est\u00e1 moviendo el mercado para el World Tour femenino de la pr\u00f3xima temporada","robots":{"index":"index","follow":"follow","max-snippet":"max-snippet:-1","max-image-preview":"max-image-preview:large","max-video-preview":"max-video-preview:-1"},"canonical":"https:\/\/www.welovecycling.com\/es\/2021\/09\/11\/fichajes-peloton-femenino-2022\/","og_locale":"es_ES","og_type":"article","og_title":"Los fichajes del pelot\u00f3n femenino para 2022","og_description":"Los fichajes del pelot\u00f3n femenino para 2022. As\u00ed se est\u00e1 moviendo el mercado para el World Tour femenino de la pr\u00f3xima temporada","og_url":"https:\/\/www.welovecycling.com\/es\/2021\/09\/11\/fichajes-peloton-femenino-2022\/","og_site_name":"\u0160koda We Love Cycling - Spain","article_published_time":"2021-09-11T12:12:29+00:00","og_image":[{"width":1366,"height":600,"url":"https:\/\/d2p6e6u75xmxt8.cloudfront.net\/6\/2021\/09\/Women-peloton-profimedia-0591311676-CVR.jpg","type":"image\/jpeg"}],"author":"We Love Cycling Spain","twitter_card":"summary_large_image","twitter_title":"Los fichajes del pelot\u00f3n femenino para 2022","twitter_description":"Los fichajes del pelot\u00f3n femenino para 2022. As\u00ed se est\u00e1 moviendo el mercado para el World Tour femenino de la pr\u00f3xima temporada","twitter_misc":{"Written by":"Megan Flottorp","Est. reading time":"6"},"schema":{"@context":"https:\/\/schema.org","@graph":[{"@type":"WebPage","@id":"https:\/\/www.welovecycling.com\/es\/2021\/09\/11\/fichajes-peloton-femenino-2022\/","url":"https:\/\/www.welovecycling.com\/es\/2021\/09\/11\/fichajes-peloton-femenino-2022\/","name":"Los fichajes del pelot\u00f3n femenino para 2022 - \u0160koda We Love Cycling - Spain","isPartOf":{"@id":"https:\/\/www.welovecycling.com\/es\/#website"},"primaryImageOfPage":{"@id":"https:\/\/www.welovecycling.com\/es\/2021\/09\/11\/fichajes-peloton-femenino-2022\/#primaryimage"},"image":{"@id":"https:\/\/www.welovecycling.com\/es\/2021\/09\/11\/fichajes-peloton-femenino-2022\/#primaryimage"},"thumbnailUrl":"https:\/\/d2p6e6u75xmxt8.cloudfront.net\/6\/2021\/09\/Women-peloton-profimedia-0591311676-CVR.jpg","datePublished":"2021-09-11T12:12:29+00:00","author":{"@id":"https:\/\/www.welovecycling.com\/es\/#\/schema\/person\/deb61715b5812698ee79fb96f343ccd4"},"description":"Los fichajes del pelot\u00f3n femenino para 2022. As\u00ed se est\u00e1 moviendo el mercado para el World Tour femenino de la pr\u00f3xima temporada","breadcrumb":{"@id":"https:\/\/www.welovecycling.com\/es\/2021\/09\/11\/fichajes-peloton-femenino-2022\/#breadcrumb"},"inLanguage":"es-ES","potentialAction":[{"@type":"ReadAction","target":["https:\/\/www.welovecycling.com\/es\/2021\/09\/11\/fichajes-peloton-femenino-2022\/"]}]},{"@type":"ImageObject","inLanguage":"es-ES","@id":"https:\/\/www.welovecycling.com\/es\/2021\/09\/11\/fichajes-peloton-femenino-2022\/#primaryimage","url":"https:\/\/d2p6e6u75xmxt8.cloudfront.net\/6\/2021\/09\/Women-peloton-profimedia-0591311676-CVR.jpg","contentUrl":"https:\/\/d2p6e6u75xmxt8.cloudfront.net\/6\/2021\/09\/Women-peloton-profimedia-0591311676-CVR.jpg","width":1366,"height":600,"caption":"Women's Peloton"},{"@type":"BreadcrumbList","@id":"https:\/\/www.welovecycling.com\/es\/2021\/09\/11\/fichajes-peloton-femenino-2022\/#breadcrumb","itemListElement":[{"@type":"ListItem","position":1,"name":"Home","item":"https:\/\/www.welovecycling.com\/es\/"},{"@type":"ListItem","position":2,"name":"Los fichajes del pelot\u00f3n femenino para 2022"}]},{"@type":"WebSite","@id":"https:\/\/www.welovecycling.com\/es\/#website","url":"https:\/\/www.welovecycling.com\/es\/","name":"\u0160koda We Love Cycling - Spain","description":"\u0160koda WeLoveCycling Spain","potentialAction":[{"@type":"SearchAction","target":{"@type":"EntryPoint","urlTemplate":"https:\/\/www.welovecycling.com\/es\/?s={search_term_string}"},"query-input":{"@type":"PropertyValueSpecification","valueRequired":true,"valueName":"search_term_string"}}],"inLanguage":"es-ES"},{"@type":"Person","@id":"https:\/\/www.welovecycling.com\/es\/#\/schema\/person\/deb61715b5812698ee79fb96f343ccd4","name":"We Love Cycling Spain","image":{"@type":"ImageObject","inLanguage":"es-ES","@id":"https:\/\/www.welovecycling.com\/es\/#\/schema\/person\/image\/","url":"https:\/\/secure.gravatar.com\/avatar\/c824b04e6df0e37a03219d0b6481672889df542894588964102459e46513159c?s=96&d=mm&r=g","contentUrl":"https:\/\/secure.gravatar.com\/avatar\/c824b04e6df0e37a03219d0b6481672889df542894588964102459e46513159c?s=96&d=mm&r=g","caption":"We Love Cycling Spain"},"url":"https:\/\/www.welovecycling.com\/es\/author\/amunoz\/"}]}},"_links":{"self":[{"href":"https:\/\/www.welovecycling.com\/es\/wp-json\/wp\/v2\/posts\/8098","targetHints":{"allow":["GET"]}}],"collection":[{"href":"https:\/\/www.welovecycling.com\/es\/wp-json\/wp\/v2\/posts"}],"about":[{"href":"https:\/\/www.welovecycling.com\/es\/wp-json\/wp\/v2\/types\/post"}],"author":[{"embeddable":true,"href":"https:\/\/www.welovecycling.com\/es\/wp-json\/wp\/v2\/users\/29"}],"replies":[{"embeddable":true,"href":"https:\/\/www.welovecycling.com\/es\/wp-json\/wp\/v2\/comments?post=8098"}],"version-history":[{"count":2,"href":"https:\/\/www.welovecycling.com\/es\/wp-json\/wp\/v2\/posts\/8098\/revisions"}],"predecessor-version":[{"id":8122,"href":"https:\/\/www.welovecycling.com\/es\/wp-json\/wp\/v2\/posts\/8098\/revisions\/8122"}],"wp:featuredmedia":[{"embeddable":true,"href":"https:\/\/www.welovecycling.com\/es\/wp-json\/wp\/v2\/media\/8112"}],"wp:attachment":[{"href":"https:\/\/www.welovecycling.com\/es\/wp-json\/wp\/v2\/media?parent=8098"}],"wp:term":[{"taxonomy":"category","embeddable":true,"href":"https:\/\/www.welovecycling.com\/es\/wp-json\/wp\/v2\/categories?post=8098"},{"taxonomy":"post_tag","embeddable":true,"href":"https:\/\/www.welovecycling.com\/es\/wp-json\/wp\/v2\/tags?post=8098"},{"taxonomy":"global-categories","embeddable":true,"href":"https:\/\/www.welovecycling.com\/es\/wp-json\/wp\/v2\/global-categories?post=8098"}],"curies":[{"name":"wp","href":"https:\/\/api.w.org\/{rel}","templated":true}]}}