{"id":8093,"date":"2021-09-07T13:09:56","date_gmt":"2021-09-07T11:09:56","guid":{"rendered":"https:\/\/www.welovecycling.com\/es\/?p=8093"},"modified":"2021-09-07T13:11:48","modified_gmt":"2021-09-07T11:11:48","slug":"roglic","status":"publish","type":"post","link":"https:\/\/www.welovecycling.com\/es\/2021\/09\/07\/roglic\/","title":{"rendered":"La Vuelta 2021. La confirmaci\u00f3n de Roglic, las dudas del resto"},"content":{"rendered":"<p><strong>La Vuelta de Roglic contra los <a href=\"https:\/\/www.welovecycling.com\/es\/2021\/08\/12\/roglic-contra-los-escaladores-favoritos-de-la-vuelta-2021\/\">escaladores<\/a> se qued\u00f3 en un mon\u00f3logo del esloveno. Consigui\u00f3 con m\u00e1s facilidad de la esperada el triplete consecutivo, con m\u00e1s margen que nunca (m\u00e1s de cuatro minutos), se anot\u00f3 tres victorias de etapa y el golpe moral de doblar al segundo clasificado, Enric Mas, en la \u00faltima crono. Pero La Vuelta 2021 nos dej\u00f3 m\u00e1s &#8216;chicha&#8217; para analizar.<\/strong><\/p>\n<p><!--more--><\/p>\n<p>Roglic consigui\u00f3 en Santiago de Compostela igualar a Tony Rominger en el podio de Vueltas a Espa\u00f1a. Tres del esloveno y tres del suizo y en ambos casos consecutivas. Pero la de<strong> Roglic<\/strong> denota adem\u00e1s un dominio absoluto. Se visti\u00f3 de rojo el primer d\u00eda en Burgos y solo cedi\u00f3 el maillot por circunstancias de carrera y para compartir el trabajo de su Jumbo Visma con otro equipos (Wanty principalmente). Ninguno de sus rivales directos, <strong>M\u00e1s, Landa, L\u00f3pez, Bernal, Yates.<\/strong>.. consigui\u00f3 descolgarle en ning\u00fan momento. Su victoria solo corri\u00f3 peligro por las propias maniobras del esloveno. La ca\u00edda en la decima etapa bajando Almachar camino del Rinc\u00f3n de la Victoria fue el momento de mayor tensi\u00f3n y era el propio Roglic el que hab\u00eda atacado cuando ya ten\u00eda distanciados a sus rivales.<\/p>\n<figure style=\"width: 1000px\" class=\"wp-caption alignnone\"><img loading=\"lazy\" decoding=\"async\" class=\"size-extra-large\" src=\"https:\/\/img.aso.fr\/core_app\/img-cycling-vue-jpg\/vuelta21-etapa9-seleccion-charlylopez-18\/11478\/0:0,1000:666-1000-0-70\/2a86c\" alt=\"Solo en Velefique inquiet\u00f3 algo Enric Mas a Roglic.\" width=\"1000\" height=\"666\" \/><figcaption class=\"wp-caption-text\">Solo en Velefique inquiet\u00f3 algo Enric Mas a Roglic.<\/figcaption><\/figure>\n<p>La Vuelta ha confirmado que las dudas del Tour 2021, retirada por ca\u00edda, no han hecho mella en Primoz Roglic. Su temporada ha vuelto a ser para enmarcar y la forma en que ha ganado la Vuelta, atacando, distanciando a sus rivales y sin necesidad de echar mano a las bonificaciones, le sit\u00faan como la \u00fanica alternativa posible al dominio de su compatriota <a href=\"https:\/\/www.welovecycling.com\/es\/2021\/07\/19\/tadej-pogacar-el-principito-que-ya-es-rey-del-tour-de-francia\/\">Pogacar<\/a> en las vueltas de tres semanas.<\/p>\n<p>Y adem\u00e1s ha sumado un momento para el recuerdo de la \u00e9pica del ciclismo, que tambi\u00e9n vive de eso. Su cabalgada junto a <strong>Egan Bernal en Collada Llomena camino de Lagos de Covadong<\/strong>a, cuando ya ten\u00eda pr\u00e1cticamente controlada la carrera es un riesgo que no ten\u00eda porqu\u00e9 asumir. Lo hizo, dio espect\u00e1culo y adem\u00e1s le sali\u00f3 redondo, porque firm\u00f3 all\u00ed su segunda victoria de etapa y se meti\u00f3 en el bolsillo a algunos de los aficionados que todav\u00eda no le ve\u00edan con buenos ojos.<\/p>\n<h2><strong>Las debilidades de Bernal, Landa y Mas<\/strong><\/h2>\n<p>El dominio absoluto de Roglic deja en evidencia las carencias del resto de sus rivales. A priori el principal iba a ser el Team Ineos, que incluso llegaba a La Vuelta con una tricefalia (spoiler, eso nunca suele salir bien) con <strong>Carapaz,<\/strong> <strong>Egan Bernal y Adam Yates.<\/strong> A principios de temporada el ingl\u00e9s iba a ser el l\u00edder, pero en teor\u00eda en la salida de Burgos los galones eran para el colombiano despu\u00e9s de su triunfo en el Giro, mientras que el ecuatoriano, tras el podio en el Tour y el oro ol\u00edmpico pod\u00eda ser el elemento distorsionador de la carrera y jugar la tercera baza.<\/p>\n<p>Pues bien, no pas\u00f3 nada de lo que estaba previsto por el equipo brit\u00e1nico. <strong>Carapaz<\/strong> pronto dio muestras de debilidad y se acab\u00f3 marchando a casa poco despu\u00e9s de la primera semana y con solo dos destellos de calidad. Adam Yates fue perdiendo segundos y minutos aqu\u00ed y all\u00e1 y realmente nunca estuvo en la pelea por la general. Y E<strong>gan Bernal<\/strong>, que empez\u00f3 con los mejores, se fue diluyendo ya al final de la primera semana en Velefique. La \u00fanica diferencia es que el colombiano, con todo perdido, decidi\u00f3 jugar a ciclistas y dar espect\u00e1culo. &#8220;Me da igual acabar quinto que und\u00e9cimo&#8221;, dijo mediada la Vuelta. Y lo cumpli\u00f3. Atac\u00f3, se movi\u00f3 y form\u00f3 dupla con Roglic para hacer la carrera m\u00e1s divertida. Es cierto que sin resultados efectivos al final en esta Vuelta, pero si en la lucha por ser el l\u00edder de Ineos en el pr\u00f3ximo Tour de Francia.<\/p>\n<figure style=\"width: 1000px\" class=\"wp-caption alignnone\"><img loading=\"lazy\" decoding=\"async\" class=\"size-extra-large\" src=\"https:\/\/img.aso.fr\/core_app\/img-cycling-vue-jpg\/vuelta21-etapa17-seleccion-charlylopez-15-16\/12068\/0:0,1000:666-1000-0-70\/d7c9d\" alt=\"Bernal busc\u00f3 la \u00e9pica en Lagos. Foto La Vuelta\" width=\"1000\" height=\"666\" \/><figcaption class=\"wp-caption-text\">Bernal busc\u00f3 la \u00e9pica en Lagos. Foto La Vuelta<\/figcaption><\/figure>\n<p>En el <strong>Bahrein M\u00e9rida<\/strong> pas\u00f3 lo contrario. El equipo iba con un l\u00edder claro, Mikel Landa, y acab\u00f3 echando mano de los te\u00f3ricos gregarios para hacer una Vuelta m\u00e1s que honrosa cuando el vitoriano perdi\u00f3 todas las opciones de luchar por la general.<\/p>\n<p>El triunfo de <strong>Landa<\/strong> en La Vuelta a Burgos sobre hombres como Bernal hab\u00eda ilusionado. Luego se vio que Bernal no era el del Giro y que Mikel tampoco. La gasolina le dur\u00f3 hasta Velefique, final de la primera semana, aunque ya hab\u00eda dado muestras de debilidad dos etapas antes en el Balc\u00f3n de Alicante. Landa se acab\u00f3 bajando de la bicicleta despu\u00e9s de atacar en Collada Llomena y sin llegar a Lagos de Covadonga. Para entonces ya hab\u00eda cogido el relevo <strong>Jack Haig,<\/strong> que ha sumado un podio, <strong>Damiano Caruso,<\/strong> que se llev\u00f3 una etapa, y sobre todo <strong>Gino Mader<\/strong>, que adem\u00e1s del maillot de mejor joven dej\u00f3 muestras de calidad todos los d\u00edas de monta\u00f1a.<\/p>\n<figure style=\"width: 1000px\" class=\"wp-caption alignnone\"><img loading=\"lazy\" decoding=\"async\" src=\"https:\/\/img.aso.fr\/core_app\/img-cycling-vue-jpg\/vuelta21-etapa18-seleccion-charlylopez-15-09\/12119\/0:0,1000:666-1000-0-70\/eeb0a\" alt=\"A rueda de Roglic. Foto La Vuelta\" width=\"1000\" height=\"666\" \/><figcaption class=\"wp-caption-text\">A rueda de Roglic. Foto La Vuelta<\/figcaption><\/figure>\n<p>El podio lo complet\u00f3 <strong>Movistar Team con Enric Mas,<\/strong> pero es un segundo puesto que sabe menos dulce de lo que parecer\u00eda. El mallorqu\u00edn realmente nunca tuvo opciones de eliminar a Roglic. Solo el d\u00eda de Velefique hizo sufrir al esloveno, pero sin llegar a soltarle de rueda. Lo dem\u00e1s fue jugar a no perder el podio, que tiene su valor, claro, pero que lo aleja del sentir del aficionado.<\/p>\n<p>El equipo y la carrera acab\u00f3 echando de menos a <strong>Alejandro Valverde<\/strong>, que justo en el momento que estaba montando una escapada t\u00e1ctica camino del Balc\u00f3n de Alicante se tuvo que ir a casa con la clav\u00edcula rota. Movistar acab\u00f3 La Vuelta con solo cuatro corredores y la pol\u00e9mica de <strong>Miguel Angel L\u00f3pez.<\/strong> Victoria en Gamoniteiro y retirada un d\u00eda antes de llegar a Santiago cuando en 10 kil\u00f3metros hab\u00eda perdido un podio que le cost\u00f3 pelear m\u00e1s de dos semanas. Ni el fondo ni las formas dejan bien situado al equipo y al corredor y seguramente su acci\u00f3n tendr\u00e1 consecuencias.<\/p>\n<h2><strong>Magnus Cort, Jakobsen y Storer, premios extra<\/strong><\/h2>\n<p>Lejos de pelear por estar entre los diez primeros en Santiago de Compostela, La Vuelta ha dejado otros nombres a tener en cuenta. Dos de ellos, Magnus Cort Nielsen y Fabio Jakobsen tambi\u00e9n con el mismo premio parcial que Primoz Roglic, tres victorias de etapa. Es decir, que entre los tres se han llevado m\u00e1s de un tercio de La Vuelta.<\/p>\n<p><a href=\"https:\/\/www.procyclingstats.com\/rider\/fabio-jakobsen\">Fabio Jakobsen<\/a> volvi\u00f3 a una grande despu\u00e9s de la ca\u00edda en el sprint de la Vuelta a Polonia de hace un a\u00f1o y que oblig\u00f3 a los m\u00e9dicos a reconstruirle media cara. El holand\u00e9s se llev\u00f3 el maillot verde \u0160koda como dominador de las volatas (en este 2021 se premiaban m\u00e1s que las de monta\u00f1a) y de paso una raci\u00f3n extra de sufrimiento por no llegar fuera de control. Su equipo, el Deceuninck Quick Step, se ha hecho especialista en estas labores. Ya lo consigui\u00f3 con Cavendish en el pasado Tour y ahora en la Vuelta. Su otro rival en los sprints, Philippsen, se acab\u00f3 retirando cuando ya ten\u00eda lejos las opciones del verde.<\/p>\n<figure style=\"width: 1000px\" class=\"wp-caption alignnone\"><img loading=\"lazy\" decoding=\"async\" src=\"https:\/\/img.aso.fr\/core_app\/img-cycling-vue-jpg\/vuelta21-etapa20-seleccion-charlylopez-15-32\/12230\/0:0,1000:666-1000-0-70\/b61bf\" alt=\"Fabio Jakobsen celebra su victoria en la regularidad. Foto: La Vuelta\" width=\"1000\" height=\"666\" \/><figcaption class=\"wp-caption-text\">Fabio Jakobsen celebra su victoria en la regularidad. Foto: La Vuelta<\/figcaption><\/figure>\n<p>Quiz\u00e1s el corredor m\u00e1s vers\u00e1til de esta vuelta ha sido <a href=\"https:\/\/www.procyclingstats.com\/rider\/magnus-cort-nielsen\">Magnus Cort Nielsen,<\/a> que sum\u00f3 su tres victorias de etapa en circunstancias diferentes. Llegada dura cuando ven\u00eda de la escapada en el Castillo de Cullera, al sprint en el pelot\u00f3n (reducido eso s\u00ed) en la etapa de C\u00f3rdoba y resolviendo la escapada el antepen\u00faltimo d\u00eda en Monforte de Lemos. Y, ojo, quedando segundo a solo 14 segundos de Roglic en la crono final de Santiago de Compostela. Es decir, sacando casi dos minutos a Enric Mas, por poner un ejemplo. Para el dan\u00e9s de EF fue el premio al supercombativo de La Vuelta.<\/p>\n<p>El tercero es <a href=\"https:\/\/www.procyclingstats.com\/rider\/michael-storer\">Michael Storer,<\/a> que confirm\u00f3 en 2021 las buenas sensaciones que hab\u00eda trasmitido en La Vuelta de 2020. El australiano se marcha con dos victorias de etapa, m\u00faltiples escapadas y el maillot de la monta\u00f1a. Es cierto que no fue el mejor escalador de La Vuelta, pero s\u00ed es que estuvo m\u00e1s kil\u00f3metros escapado por la alta monta\u00f1a. Unas veces en beneficio propio y otras para ayudar a su te\u00f3rico l\u00edder en el DSM, Roman Bardet, que de esta Vuelta se marcha con un triunfo de etapa en el Pico Villuercas y la confirmaci\u00f3n de que sus mejores momentos para luchar por las generales han pasado, aunque el franc\u00e9s solo tenga 30 a\u00f1os. Es de la generaci\u00f3n del 90, que se ha apagado muy pronto. En esta Vuelta colg\u00f3 la bicicleta <strong>Fabio Aru<\/strong>, tambi\u00e9n de esa a\u00f1ada, <strong>Tom Dumoulin<\/strong> pelea por encontrar las ganas de seguir siendo ciclista profesional y <strong>Thibaut Pinot<\/strong> solo se &#8216;atreve&#8217; con carreras menores y vueltas cortas.<\/p>\n","protected":false},"excerpt":{"rendered":"<p>La Vuelta de Roglic contra los escaladores se qued\u00f3 en un mon\u00f3logo del esloveno. Consigui\u00f3 con m\u00e1s facilidad de la [&hellip;]<\/p>\n","protected":false},"author":29,"featured_media":8097,"comment_status":"open","ping_status":"open","sticky":false,"template":"","format":"standard","meta":{"footnotes":""},"categories":[7],"tags":[],"global-categories":[1164],"class_list":["post-8093","post","type-post","status-publish","format-standard","has-post-thumbnail","hentry","category-carretera","global-categories-cycling"],"yoast_head":"<!-- This site is optimized with the Yoast SEO Premium plugin v25.3 (Yoast SEO v25.9) - https:\/\/yoast.com\/wordpress\/plugins\/seo\/ -->\n<title>La Vuelta 2021. La confirmaci\u00f3n de Roglic, las dudas del resto -<\/title>\n<meta name=\"description\" content=\"La Vuelta 2021. La confirmaci\u00f3n de Roglic, las dudas del resto. An\u00e1lisis de lo que ha pasado en La Vuelta 2021, de Roglic a Aru.\" \/>\n<meta name=\"robots\" content=\"index, follow, max-snippet:-1, max-image-preview:large, max-video-preview:-1\" \/>\n<link rel=\"canonical\" href=\"https:\/\/www.welovecycling.com\/es\/2021\/09\/07\/roglic\/\" \/>\n<meta property=\"og:locale\" content=\"es_ES\" \/>\n<meta property=\"og:type\" content=\"article\" \/>\n<meta property=\"og:title\" content=\"La Vuelta 2021. La confirmaci\u00f3n de Roglic, las dudas del resto\" \/>\n<meta property=\"og:description\" content=\"La Vuelta 2021. La confirmaci\u00f3n de Roglic, las dudas del resto. An\u00e1lisis de lo que ha pasado en La Vuelta 2021, de Roglic a Aru.\" \/>\n<meta property=\"og:url\" content=\"https:\/\/www.welovecycling.com\/es\/2021\/09\/07\/roglic\/\" \/>\n<meta property=\"og:site_name\" content=\"\u0160koda We Love Cycling - Spain\" \/>\n<meta property=\"article:published_time\" content=\"2021-09-07T11:09:56+00:00\" \/>\n<meta property=\"article:modified_time\" content=\"2021-09-07T11:11:48+00:00\" \/>\n<meta property=\"og:image\" content=\"https:\/\/d2p6e6u75xmxt8.cloudfront.net\/6\/2021\/09\/Roglic-Bernal.jpg\" \/>\n\t<meta property=\"og:image:width\" content=\"1000\" \/>\n\t<meta property=\"og:image:height\" content=\"666\" \/>\n\t<meta property=\"og:image:type\" content=\"image\/jpeg\" \/>\n<meta name=\"author\" content=\"We Love Cycling Spain\" \/>\n<meta name=\"twitter:card\" content=\"summary_large_image\" \/>\n<meta name=\"twitter:title\" content=\"La Vuelta 2021. La confirmaci\u00f3n de Roglic, las dudas del resto\" \/>\n<meta name=\"twitter:description\" content=\"La Vuelta 2021. La confirmaci\u00f3n de Roglic, las dudas del resto. An\u00e1lisis de lo que ha pasado en La Vuelta 2021, de Roglic a Aru.\" \/>\n<meta name=\"twitter:label1\" content=\"Written by\" \/>\n\t<meta name=\"twitter:data1\" content=\"Luis Ortega @Ciclored\" \/>\n\t<meta name=\"twitter:label2\" content=\"Est. reading time\" \/>\n\t<meta name=\"twitter:data2\" content=\"8 minutes\" \/>\n<script type=\"application\/ld+json\" class=\"yoast-schema-graph\">{\"@context\":\"https:\/\/schema.org\",\"@graph\":[{\"@type\":\"WebPage\",\"@id\":\"https:\/\/www.welovecycling.com\/es\/2021\/09\/07\/roglic\/\",\"url\":\"https:\/\/www.welovecycling.com\/es\/2021\/09\/07\/roglic\/\",\"name\":\"La Vuelta 2021. La confirmaci\u00f3n de Roglic, las dudas del resto -\",\"isPartOf\":{\"@id\":\"https:\/\/www.welovecycling.com\/es\/#website\"},\"primaryImageOfPage\":{\"@id\":\"https:\/\/www.welovecycling.com\/es\/2021\/09\/07\/roglic\/#primaryimage\"},\"image\":{\"@id\":\"https:\/\/www.welovecycling.com\/es\/2021\/09\/07\/roglic\/#primaryimage\"},\"thumbnailUrl\":\"https:\/\/d2p6e6u75xmxt8.cloudfront.net\/6\/2021\/09\/Roglic-Bernal.jpg\",\"datePublished\":\"2021-09-07T11:09:56+00:00\",\"dateModified\":\"2021-09-07T11:11:48+00:00\",\"author\":{\"@id\":\"https:\/\/www.welovecycling.com\/es\/#\/schema\/person\/deb61715b5812698ee79fb96f343ccd4\"},\"description\":\"La Vuelta 2021. La confirmaci\u00f3n de Roglic, las dudas del resto. An\u00e1lisis de lo que ha pasado en La Vuelta 2021, de Roglic a Aru.\",\"breadcrumb\":{\"@id\":\"https:\/\/www.welovecycling.com\/es\/2021\/09\/07\/roglic\/#breadcrumb\"},\"inLanguage\":\"es-ES\",\"potentialAction\":[{\"@type\":\"ReadAction\",\"target\":[\"https:\/\/www.welovecycling.com\/es\/2021\/09\/07\/roglic\/\"]}]},{\"@type\":\"ImageObject\",\"inLanguage\":\"es-ES\",\"@id\":\"https:\/\/www.welovecycling.com\/es\/2021\/09\/07\/roglic\/#primaryimage\",\"url\":\"https:\/\/d2p6e6u75xmxt8.cloudfront.net\/6\/2021\/09\/Roglic-Bernal.jpg\",\"contentUrl\":\"https:\/\/d2p6e6u75xmxt8.cloudfront.net\/6\/2021\/09\/Roglic-Bernal.jpg\",\"width\":1000,\"height\":666},{\"@type\":\"BreadcrumbList\",\"@id\":\"https:\/\/www.welovecycling.com\/es\/2021\/09\/07\/roglic\/#breadcrumb\",\"itemListElement\":[{\"@type\":\"ListItem\",\"position\":1,\"name\":\"Home\",\"item\":\"https:\/\/www.welovecycling.com\/es\/\"},{\"@type\":\"ListItem\",\"position\":2,\"name\":\"La Vuelta 2021. La confirmaci\u00f3n de Roglic, las dudas del resto\"}]},{\"@type\":\"WebSite\",\"@id\":\"https:\/\/www.welovecycling.com\/es\/#website\",\"url\":\"https:\/\/www.welovecycling.com\/es\/\",\"name\":\"\u0160koda We Love Cycling - Spain\",\"description\":\"\u0160koda WeLoveCycling Spain\",\"potentialAction\":[{\"@type\":\"SearchAction\",\"target\":{\"@type\":\"EntryPoint\",\"urlTemplate\":\"https:\/\/www.welovecycling.com\/es\/?s={search_term_string}\"},\"query-input\":{\"@type\":\"PropertyValueSpecification\",\"valueRequired\":true,\"valueName\":\"search_term_string\"}}],\"inLanguage\":\"es-ES\"},{\"@type\":\"Person\",\"@id\":\"https:\/\/www.welovecycling.com\/es\/#\/schema\/person\/deb61715b5812698ee79fb96f343ccd4\",\"name\":\"We Love Cycling Spain\",\"image\":{\"@type\":\"ImageObject\",\"inLanguage\":\"es-ES\",\"@id\":\"https:\/\/www.welovecycling.com\/es\/#\/schema\/person\/image\/\",\"url\":\"https:\/\/secure.gravatar.com\/avatar\/c824b04e6df0e37a03219d0b6481672889df542894588964102459e46513159c?s=96&d=mm&r=g\",\"contentUrl\":\"https:\/\/secure.gravatar.com\/avatar\/c824b04e6df0e37a03219d0b6481672889df542894588964102459e46513159c?s=96&d=mm&r=g\",\"caption\":\"We Love Cycling Spain\"},\"url\":\"https:\/\/www.welovecycling.com\/es\/author\/amunoz\/\"}]}<\/script>\n<!-- \/ Yoast SEO Premium plugin. -->","yoast_head_json":{"title":"La Vuelta 2021. La confirmaci\u00f3n de Roglic, las dudas del resto -","description":"La Vuelta 2021. La confirmaci\u00f3n de Roglic, las dudas del resto. An\u00e1lisis de lo que ha pasado en La Vuelta 2021, de Roglic a Aru.","robots":{"index":"index","follow":"follow","max-snippet":"max-snippet:-1","max-image-preview":"max-image-preview:large","max-video-preview":"max-video-preview:-1"},"canonical":"https:\/\/www.welovecycling.com\/es\/2021\/09\/07\/roglic\/","og_locale":"es_ES","og_type":"article","og_title":"La Vuelta 2021. La confirmaci\u00f3n de Roglic, las dudas del resto","og_description":"La Vuelta 2021. La confirmaci\u00f3n de Roglic, las dudas del resto. An\u00e1lisis de lo que ha pasado en La Vuelta 2021, de Roglic a Aru.","og_url":"https:\/\/www.welovecycling.com\/es\/2021\/09\/07\/roglic\/","og_site_name":"\u0160koda We Love Cycling - Spain","article_published_time":"2021-09-07T11:09:56+00:00","article_modified_time":"2021-09-07T11:11:48+00:00","og_image":[{"width":1000,"height":666,"url":"https:\/\/d2p6e6u75xmxt8.cloudfront.net\/6\/2021\/09\/Roglic-Bernal.jpg","type":"image\/jpeg"}],"author":"We Love Cycling Spain","twitter_card":"summary_large_image","twitter_title":"La Vuelta 2021. La confirmaci\u00f3n de Roglic, las dudas del resto","twitter_description":"La Vuelta 2021. La confirmaci\u00f3n de Roglic, las dudas del resto. An\u00e1lisis de lo que ha pasado en La Vuelta 2021, de Roglic a Aru.","twitter_misc":{"Written by":"Luis Ortega @Ciclored","Est. reading time":"8 minutes"},"schema":{"@context":"https:\/\/schema.org","@graph":[{"@type":"WebPage","@id":"https:\/\/www.welovecycling.com\/es\/2021\/09\/07\/roglic\/","url":"https:\/\/www.welovecycling.com\/es\/2021\/09\/07\/roglic\/","name":"La Vuelta 2021. La confirmaci\u00f3n de Roglic, las dudas del resto -","isPartOf":{"@id":"https:\/\/www.welovecycling.com\/es\/#website"},"primaryImageOfPage":{"@id":"https:\/\/www.welovecycling.com\/es\/2021\/09\/07\/roglic\/#primaryimage"},"image":{"@id":"https:\/\/www.welovecycling.com\/es\/2021\/09\/07\/roglic\/#primaryimage"},"thumbnailUrl":"https:\/\/d2p6e6u75xmxt8.cloudfront.net\/6\/2021\/09\/Roglic-Bernal.jpg","datePublished":"2021-09-07T11:09:56+00:00","dateModified":"2021-09-07T11:11:48+00:00","author":{"@id":"https:\/\/www.welovecycling.com\/es\/#\/schema\/person\/deb61715b5812698ee79fb96f343ccd4"},"description":"La Vuelta 2021. La confirmaci\u00f3n de Roglic, las dudas del resto. An\u00e1lisis de lo que ha pasado en La Vuelta 2021, de Roglic a Aru.","breadcrumb":{"@id":"https:\/\/www.welovecycling.com\/es\/2021\/09\/07\/roglic\/#breadcrumb"},"inLanguage":"es-ES","potentialAction":[{"@type":"ReadAction","target":["https:\/\/www.welovecycling.com\/es\/2021\/09\/07\/roglic\/"]}]},{"@type":"ImageObject","inLanguage":"es-ES","@id":"https:\/\/www.welovecycling.com\/es\/2021\/09\/07\/roglic\/#primaryimage","url":"https:\/\/d2p6e6u75xmxt8.cloudfront.net\/6\/2021\/09\/Roglic-Bernal.jpg","contentUrl":"https:\/\/d2p6e6u75xmxt8.cloudfront.net\/6\/2021\/09\/Roglic-Bernal.jpg","width":1000,"height":666},{"@type":"BreadcrumbList","@id":"https:\/\/www.welovecycling.com\/es\/2021\/09\/07\/roglic\/#breadcrumb","itemListElement":[{"@type":"ListItem","position":1,"name":"Home","item":"https:\/\/www.welovecycling.com\/es\/"},{"@type":"ListItem","position":2,"name":"La Vuelta 2021. La confirmaci\u00f3n de Roglic, las dudas del resto"}]},{"@type":"WebSite","@id":"https:\/\/www.welovecycling.com\/es\/#website","url":"https:\/\/www.welovecycling.com\/es\/","name":"\u0160koda We Love Cycling - Spain","description":"\u0160koda WeLoveCycling Spain","potentialAction":[{"@type":"SearchAction","target":{"@type":"EntryPoint","urlTemplate":"https:\/\/www.welovecycling.com\/es\/?s={search_term_string}"},"query-input":{"@type":"PropertyValueSpecification","valueRequired":true,"valueName":"search_term_string"}}],"inLanguage":"es-ES"},{"@type":"Person","@id":"https:\/\/www.welovecycling.com\/es\/#\/schema\/person\/deb61715b5812698ee79fb96f343ccd4","name":"We Love Cycling Spain","image":{"@type":"ImageObject","inLanguage":"es-ES","@id":"https:\/\/www.welovecycling.com\/es\/#\/schema\/person\/image\/","url":"https:\/\/secure.gravatar.com\/avatar\/c824b04e6df0e37a03219d0b6481672889df542894588964102459e46513159c?s=96&d=mm&r=g","contentUrl":"https:\/\/secure.gravatar.com\/avatar\/c824b04e6df0e37a03219d0b6481672889df542894588964102459e46513159c?s=96&d=mm&r=g","caption":"We Love Cycling Spain"},"url":"https:\/\/www.welovecycling.com\/es\/author\/amunoz\/"}]}},"_links":{"self":[{"href":"https:\/\/www.welovecycling.com\/es\/wp-json\/wp\/v2\/posts\/8093","targetHints":{"allow":["GET"]}}],"collection":[{"href":"https:\/\/www.welovecycling.com\/es\/wp-json\/wp\/v2\/posts"}],"about":[{"href":"https:\/\/www.welovecycling.com\/es\/wp-json\/wp\/v2\/types\/post"}],"author":[{"embeddable":true,"href":"https:\/\/www.welovecycling.com\/es\/wp-json\/wp\/v2\/users\/29"}],"replies":[{"embeddable":true,"href":"https:\/\/www.welovecycling.com\/es\/wp-json\/wp\/v2\/comments?post=8093"}],"version-history":[{"count":2,"href":"https:\/\/www.welovecycling.com\/es\/wp-json\/wp\/v2\/posts\/8093\/revisions"}],"predecessor-version":[{"id":8096,"href":"https:\/\/www.welovecycling.com\/es\/wp-json\/wp\/v2\/posts\/8093\/revisions\/8096"}],"wp:featuredmedia":[{"embeddable":true,"href":"https:\/\/www.welovecycling.com\/es\/wp-json\/wp\/v2\/media\/8097"}],"wp:attachment":[{"href":"https:\/\/www.welovecycling.com\/es\/wp-json\/wp\/v2\/media?parent=8093"}],"wp:term":[{"taxonomy":"category","embeddable":true,"href":"https:\/\/www.welovecycling.com\/es\/wp-json\/wp\/v2\/categories?post=8093"},{"taxonomy":"post_tag","embeddable":true,"href":"https:\/\/www.welovecycling.com\/es\/wp-json\/wp\/v2\/tags?post=8093"},{"taxonomy":"global-categories","embeddable":true,"href":"https:\/\/www.welovecycling.com\/es\/wp-json\/wp\/v2\/global-categories?post=8093"}],"curies":[{"name":"wp","href":"https:\/\/api.w.org\/{rel}","templated":true}]}}