{"id":8046,"date":"2021-08-27T09:03:17","date_gmt":"2021-08-27T07:03:17","guid":{"rendered":"https:\/\/www.welovecycling.com\/es\/?p=8046"},"modified":"2021-08-25T09:12:33","modified_gmt":"2021-08-25T07:12:33","slug":"peores-carriles-bici-del-mundo","status":"publish","type":"post","link":"https:\/\/www.welovecycling.com\/es\/2021\/08\/27\/peores-carriles-bici-del-mundo\/","title":{"rendered":"Los peores carriles bici del mundo. Aporta tu ayuda!"},"content":{"rendered":"<p><strong>Si hay algo que hemos aprendido durante nuestros a\u00f1os de reportaje sobre la escena ciclista es que a la gente le encantan los buenos carriles bici &#8211; y tienen una extra\u00f1a fascinaci\u00f3n por los peores carriles bici del mundo. Muchas capitales y \u00e1reas (sub)urbanas pueden tienen problemas de urbanizaci\u00f3n cuando se trata de crear una infraestructura adecuada para ciclistas y peatones y los resultados a veces nos hacen parar, sacudir la cabeza y tomar una foto con incredulidad. Y eso es exactamente lo que contamos.<\/strong><\/p>\n<p><!--more--><\/p>\n<p>No hace mucho nos propusimos un nuevo y audaz objetivo para la revista We Love Cycling: recopilar el mayor n\u00famero posible de los peores carriles bici del mundo y reunirlos en la mayor galer\u00eda de este tipo. As\u00ed naci\u00f3 esta galer\u00eda con los <a href=\"https:\/\/www.welovecycling.com\/wide\/worst-cycle-lane\/\">peor dise\u00f1ados y construidos<\/a>. Est\u00e1 impulsada exclusivamente por las aportaciones de los usuarios, lo que significa que t\u00fa tambi\u00e9n puedes contribuir a la creciente cartera de maravillas. De hecho, tu aportaci\u00f3n es esencial.<\/p>\n<figure id=\"attachment_8047\" aria-describedby=\"caption-attachment-8047\" style=\"width: 810px\" class=\"wp-caption alignnone\"><a href=\"https:\/\/d2p6e6u75xmxt8.cloudfront.net\/6\/2021\/08\/MadeinSlovakia_6118c1d15ca61.jpg\"><img loading=\"lazy\" decoding=\"async\" class=\"wp-image-8047 size-full\" src=\"https:\/\/d2p6e6u75xmxt8.cloudfront.net\/6\/2021\/08\/MadeinSlovakia_6118c1d15ca61.jpg\" alt=\"\" width=\"810\" height=\"810\" srcset=\"https:\/\/d2p6e6u75xmxt8.cloudfront.net\/6\/2021\/08\/MadeinSlovakia_6118c1d15ca61.jpg 810w, https:\/\/d2p6e6u75xmxt8.cloudfront.net\/6\/2021\/08\/MadeinSlovakia_6118c1d15ca61-300x300.jpg 300w, https:\/\/d2p6e6u75xmxt8.cloudfront.net\/6\/2021\/08\/MadeinSlovakia_6118c1d15ca61-150x150.jpg 150w, https:\/\/d2p6e6u75xmxt8.cloudfront.net\/6\/2021\/08\/MadeinSlovakia_6118c1d15ca61-768x768.jpg 768w\" sizes=\"auto, (max-width: 810px) 100vw, 810px\" \/><\/a><figcaption id=\"caption-attachment-8047\" class=\"wp-caption-text\">\u00bfTe has encontrado alguna vez con algo as\u00ed? Comparte la foto con nosotros.<\/figcaption><\/figure>\n<p>&nbsp;<\/p>\n<p>Tu aportaci\u00f3n no s\u00f3lo puede convertirse en la joya de la corona de la galer\u00eda (y de paso ganarte premios incre\u00edbles, como el casco POC Omne Air y otros), sino que puede formar parte de algo mucho m\u00e1s grande, ya que no pensamos detenernos en las fotos. Las fotos con m\u00e1s votos ser\u00e1n premiadas y las m\u00e1s descabelladas ser\u00e1n seleccionadas para convertirse en una amalgama real de las infraestructuras ciclistas m\u00e1s infernales que el mundo haya visto jam\u00e1s. As\u00ed es, tomaremos estos fracasos de carriles para bicicletas y los convertiremos en un circuito apretado que se pueda recorrer realmente. Y luego soltaremos a un grupo de profesionales del ciclismo, <a href=\"https:\/\/www.welovecycling.com\/es\/2018\/07\/07\/letape-2018\/\">influencers<\/a>, entusiastas y personas que se desplazan al trabajo para que lo prueben y te ofrezcan los resultados en una serie \u00fanica de v\u00eddeos y otros contenidos. Ser\u00e1 una absoluta delicia de ver, pero una pesadilla para nuestros valientes ciclistas, estamos seguros.<\/p>\n<p>\u00bfY qu\u00e9 mejor manera que el humor para abrir un debate sobre un tema tan complejo y sus soluciones?<\/p>\n<p>As\u00ed que, si has capturado algo que podr\u00eda ser clasificado como el carril bici del mundo, nos encantar\u00eda verlo &#8211; y qui\u00e9n sabe, \u00a1puede que sea seleccionado entre lo peor de lo peor y se construya! No te preocupes por la carretera y env\u00edanos tus mejores propuestas.<\/p>\n","protected":false},"excerpt":{"rendered":"<p>Si hay algo que hemos aprendido durante nuestros a\u00f1os de reportaje sobre la escena ciclista es que a la gente [&hellip;]<\/p>\n","protected":false},"author":29,"featured_media":8051,"comment_status":"open","ping_status":"open","sticky":false,"template":"","format":"standard","meta":{"footnotes":""},"categories":[7,9,6],"tags":[],"global-categories":[],"class_list":["post-8046","post","type-post","status-publish","format-standard","has-post-thumbnail","hentry","category-carretera","category-mtb-aventura","category-urban"],"yoast_head":"<!-- This site is optimized with the Yoast SEO Premium plugin v25.3 (Yoast SEO v25.9) - https:\/\/yoast.com\/wordpress\/plugins\/seo\/ -->\n<title>The Worst Cycle Lane in the World - We Love Cycling Magazine<\/title>\n<meta name=\"description\" content=\"Los peores carriles bici del mundo. Aporta tu ayuda! Hemos creado la galer\u00eda de los peores carriles bici y necesitamos tus fotos.\" \/>\n<meta name=\"robots\" content=\"index, follow, max-snippet:-1, max-image-preview:large, max-video-preview:-1\" \/>\n<link rel=\"canonical\" href=\"https:\/\/www.welovecycling.com\/es\/2021\/08\/27\/peores-carriles-bici-del-mundo\/\" \/>\n<meta property=\"og:locale\" content=\"es_ES\" \/>\n<meta property=\"og:type\" content=\"article\" \/>\n<meta property=\"og:title\" content=\"Los peores carriles bici del mundo. Aporta tu ayuda!\" \/>\n<meta property=\"og:description\" content=\"Los peores carriles bici del mundo. Aporta tu ayuda! Hemos creado la galer\u00eda de los peores carriles bici y necesitamos tus fotos.\" \/>\n<meta property=\"og:url\" content=\"https:\/\/www.welovecycling.com\/es\/2021\/08\/27\/peores-carriles-bici-del-mundo\/\" \/>\n<meta property=\"og:site_name\" content=\"\u0160koda We Love Cycling - Spain\" \/>\n<meta property=\"article:published_time\" content=\"2021-08-27T07:03:17+00:00\" \/>\n<meta property=\"og:image\" content=\"https:\/\/d2p6e6u75xmxt8.cloudfront.net\/6\/2021\/08\/WLC_WorstLane_KV_Desktop.jpg\" \/>\n\t<meta property=\"og:image:width\" content=\"1920\" \/>\n\t<meta property=\"og:image:height\" content=\"744\" \/>\n\t<meta property=\"og:image:type\" content=\"image\/jpeg\" \/>\n<meta name=\"author\" content=\"We Love Cycling Spain\" \/>\n<meta name=\"twitter:card\" content=\"summary_large_image\" \/>\n<meta name=\"twitter:title\" content=\"Los peores carriles bici del mundo. Aporta tu ayuda!\" \/>\n<meta name=\"twitter:description\" content=\"Los peores carriles bici del mundo. Aporta tu ayuda! Hemos creado la galer\u00eda de los peores carriles bici y necesitamos tus fotos.\" \/>\n<meta name=\"twitter:label1\" content=\"Written by\" \/>\n\t<meta name=\"twitter:data1\" content=\"We Love Cycling\" \/>\n\t<meta name=\"twitter:label2\" content=\"Est. reading time\" \/>\n\t<meta name=\"twitter:data2\" content=\"4\" \/>\n<script type=\"application\/ld+json\" class=\"yoast-schema-graph\">{\"@context\":\"https:\/\/schema.org\",\"@graph\":[{\"@type\":\"WebPage\",\"@id\":\"https:\/\/www.welovecycling.com\/es\/2021\/08\/27\/peores-carriles-bici-del-mundo\/\",\"url\":\"https:\/\/www.welovecycling.com\/es\/2021\/08\/27\/peores-carriles-bici-del-mundo\/\",\"name\":\"The Worst Cycle Lane in the World - We Love Cycling Magazine\",\"isPartOf\":{\"@id\":\"https:\/\/www.welovecycling.com\/es\/#website\"},\"primaryImageOfPage\":{\"@id\":\"https:\/\/www.welovecycling.com\/es\/2021\/08\/27\/peores-carriles-bici-del-mundo\/#primaryimage\"},\"image\":{\"@id\":\"https:\/\/www.welovecycling.com\/es\/2021\/08\/27\/peores-carriles-bici-del-mundo\/#primaryimage\"},\"thumbnailUrl\":\"https:\/\/d2p6e6u75xmxt8.cloudfront.net\/6\/2021\/08\/WLC_WorstLane_KV_Desktop.jpg\",\"datePublished\":\"2021-08-27T07:03:17+00:00\",\"author\":{\"@id\":\"https:\/\/www.welovecycling.com\/es\/#\/schema\/person\/deb61715b5812698ee79fb96f343ccd4\"},\"description\":\"Los peores carriles bici del mundo. Aporta tu ayuda! Hemos creado la galer\u00eda de los peores carriles bici y necesitamos tus fotos.\",\"breadcrumb\":{\"@id\":\"https:\/\/www.welovecycling.com\/es\/2021\/08\/27\/peores-carriles-bici-del-mundo\/#breadcrumb\"},\"inLanguage\":\"es-ES\",\"potentialAction\":[{\"@type\":\"ReadAction\",\"target\":[\"https:\/\/www.welovecycling.com\/es\/2021\/08\/27\/peores-carriles-bici-del-mundo\/\"]}]},{\"@type\":\"ImageObject\",\"inLanguage\":\"es-ES\",\"@id\":\"https:\/\/www.welovecycling.com\/es\/2021\/08\/27\/peores-carriles-bici-del-mundo\/#primaryimage\",\"url\":\"https:\/\/d2p6e6u75xmxt8.cloudfront.net\/6\/2021\/08\/WLC_WorstLane_KV_Desktop.jpg\",\"contentUrl\":\"https:\/\/d2p6e6u75xmxt8.cloudfront.net\/6\/2021\/08\/WLC_WorstLane_KV_Desktop.jpg\",\"width\":1920,\"height\":744,\"caption\":\"Worst Cycle Lane\"},{\"@type\":\"BreadcrumbList\",\"@id\":\"https:\/\/www.welovecycling.com\/es\/2021\/08\/27\/peores-carriles-bici-del-mundo\/#breadcrumb\",\"itemListElement\":[{\"@type\":\"ListItem\",\"position\":1,\"name\":\"Home\",\"item\":\"https:\/\/www.welovecycling.com\/es\/\"},{\"@type\":\"ListItem\",\"position\":2,\"name\":\"Los peores carriles bici del mundo. Aporta tu ayuda!\"}]},{\"@type\":\"WebSite\",\"@id\":\"https:\/\/www.welovecycling.com\/es\/#website\",\"url\":\"https:\/\/www.welovecycling.com\/es\/\",\"name\":\"\u0160koda We Love Cycling - Spain\",\"description\":\"\u0160koda WeLoveCycling Spain\",\"potentialAction\":[{\"@type\":\"SearchAction\",\"target\":{\"@type\":\"EntryPoint\",\"urlTemplate\":\"https:\/\/www.welovecycling.com\/es\/?s={search_term_string}\"},\"query-input\":{\"@type\":\"PropertyValueSpecification\",\"valueRequired\":true,\"valueName\":\"search_term_string\"}}],\"inLanguage\":\"es-ES\"},{\"@type\":\"Person\",\"@id\":\"https:\/\/www.welovecycling.com\/es\/#\/schema\/person\/deb61715b5812698ee79fb96f343ccd4\",\"name\":\"We Love Cycling Spain\",\"image\":{\"@type\":\"ImageObject\",\"inLanguage\":\"es-ES\",\"@id\":\"https:\/\/www.welovecycling.com\/es\/#\/schema\/person\/image\/\",\"url\":\"https:\/\/secure.gravatar.com\/avatar\/c824b04e6df0e37a03219d0b6481672889df542894588964102459e46513159c?s=96&d=mm&r=g\",\"contentUrl\":\"https:\/\/secure.gravatar.com\/avatar\/c824b04e6df0e37a03219d0b6481672889df542894588964102459e46513159c?s=96&d=mm&r=g\",\"caption\":\"We Love Cycling Spain\"},\"url\":\"https:\/\/www.welovecycling.com\/es\/author\/amunoz\/\"}]}<\/script>\n<!-- \/ Yoast SEO Premium plugin. -->","yoast_head_json":{"title":"The Worst Cycle Lane in the World - We Love Cycling Magazine","description":"Los peores carriles bici del mundo. Aporta tu ayuda! Hemos creado la galer\u00eda de los peores carriles bici y necesitamos tus fotos.","robots":{"index":"index","follow":"follow","max-snippet":"max-snippet:-1","max-image-preview":"max-image-preview:large","max-video-preview":"max-video-preview:-1"},"canonical":"https:\/\/www.welovecycling.com\/es\/2021\/08\/27\/peores-carriles-bici-del-mundo\/","og_locale":"es_ES","og_type":"article","og_title":"Los peores carriles bici del mundo. Aporta tu ayuda!","og_description":"Los peores carriles bici del mundo. Aporta tu ayuda! Hemos creado la galer\u00eda de los peores carriles bici y necesitamos tus fotos.","og_url":"https:\/\/www.welovecycling.com\/es\/2021\/08\/27\/peores-carriles-bici-del-mundo\/","og_site_name":"\u0160koda We Love Cycling - Spain","article_published_time":"2021-08-27T07:03:17+00:00","og_image":[{"width":1920,"height":744,"url":"https:\/\/d2p6e6u75xmxt8.cloudfront.net\/6\/2021\/08\/WLC_WorstLane_KV_Desktop.jpg","type":"image\/jpeg"}],"author":"We Love Cycling Spain","twitter_card":"summary_large_image","twitter_title":"Los peores carriles bici del mundo. Aporta tu ayuda!","twitter_description":"Los peores carriles bici del mundo. Aporta tu ayuda! Hemos creado la galer\u00eda de los peores carriles bici y necesitamos tus fotos.","twitter_misc":{"Written by":"We Love Cycling","Est. reading time":"4"},"schema":{"@context":"https:\/\/schema.org","@graph":[{"@type":"WebPage","@id":"https:\/\/www.welovecycling.com\/es\/2021\/08\/27\/peores-carriles-bici-del-mundo\/","url":"https:\/\/www.welovecycling.com\/es\/2021\/08\/27\/peores-carriles-bici-del-mundo\/","name":"The Worst Cycle Lane in the World - We Love Cycling Magazine","isPartOf":{"@id":"https:\/\/www.welovecycling.com\/es\/#website"},"primaryImageOfPage":{"@id":"https:\/\/www.welovecycling.com\/es\/2021\/08\/27\/peores-carriles-bici-del-mundo\/#primaryimage"},"image":{"@id":"https:\/\/www.welovecycling.com\/es\/2021\/08\/27\/peores-carriles-bici-del-mundo\/#primaryimage"},"thumbnailUrl":"https:\/\/d2p6e6u75xmxt8.cloudfront.net\/6\/2021\/08\/WLC_WorstLane_KV_Desktop.jpg","datePublished":"2021-08-27T07:03:17+00:00","author":{"@id":"https:\/\/www.welovecycling.com\/es\/#\/schema\/person\/deb61715b5812698ee79fb96f343ccd4"},"description":"Los peores carriles bici del mundo. Aporta tu ayuda! Hemos creado la galer\u00eda de los peores carriles bici y necesitamos tus fotos.","breadcrumb":{"@id":"https:\/\/www.welovecycling.com\/es\/2021\/08\/27\/peores-carriles-bici-del-mundo\/#breadcrumb"},"inLanguage":"es-ES","potentialAction":[{"@type":"ReadAction","target":["https:\/\/www.welovecycling.com\/es\/2021\/08\/27\/peores-carriles-bici-del-mundo\/"]}]},{"@type":"ImageObject","inLanguage":"es-ES","@id":"https:\/\/www.welovecycling.com\/es\/2021\/08\/27\/peores-carriles-bici-del-mundo\/#primaryimage","url":"https:\/\/d2p6e6u75xmxt8.cloudfront.net\/6\/2021\/08\/WLC_WorstLane_KV_Desktop.jpg","contentUrl":"https:\/\/d2p6e6u75xmxt8.cloudfront.net\/6\/2021\/08\/WLC_WorstLane_KV_Desktop.jpg","width":1920,"height":744,"caption":"Worst Cycle Lane"},{"@type":"BreadcrumbList","@id":"https:\/\/www.welovecycling.com\/es\/2021\/08\/27\/peores-carriles-bici-del-mundo\/#breadcrumb","itemListElement":[{"@type":"ListItem","position":1,"name":"Home","item":"https:\/\/www.welovecycling.com\/es\/"},{"@type":"ListItem","position":2,"name":"Los peores carriles bici del mundo. Aporta tu ayuda!"}]},{"@type":"WebSite","@id":"https:\/\/www.welovecycling.com\/es\/#website","url":"https:\/\/www.welovecycling.com\/es\/","name":"\u0160koda We Love Cycling - Spain","description":"\u0160koda WeLoveCycling Spain","potentialAction":[{"@type":"SearchAction","target":{"@type":"EntryPoint","urlTemplate":"https:\/\/www.welovecycling.com\/es\/?s={search_term_string}"},"query-input":{"@type":"PropertyValueSpecification","valueRequired":true,"valueName":"search_term_string"}}],"inLanguage":"es-ES"},{"@type":"Person","@id":"https:\/\/www.welovecycling.com\/es\/#\/schema\/person\/deb61715b5812698ee79fb96f343ccd4","name":"We Love Cycling Spain","image":{"@type":"ImageObject","inLanguage":"es-ES","@id":"https:\/\/www.welovecycling.com\/es\/#\/schema\/person\/image\/","url":"https:\/\/secure.gravatar.com\/avatar\/c824b04e6df0e37a03219d0b6481672889df542894588964102459e46513159c?s=96&d=mm&r=g","contentUrl":"https:\/\/secure.gravatar.com\/avatar\/c824b04e6df0e37a03219d0b6481672889df542894588964102459e46513159c?s=96&d=mm&r=g","caption":"We Love Cycling Spain"},"url":"https:\/\/www.welovecycling.com\/es\/author\/amunoz\/"}]}},"_links":{"self":[{"href":"https:\/\/www.welovecycling.com\/es\/wp-json\/wp\/v2\/posts\/8046","targetHints":{"allow":["GET"]}}],"collection":[{"href":"https:\/\/www.welovecycling.com\/es\/wp-json\/wp\/v2\/posts"}],"about":[{"href":"https:\/\/www.welovecycling.com\/es\/wp-json\/wp\/v2\/types\/post"}],"author":[{"embeddable":true,"href":"https:\/\/www.welovecycling.com\/es\/wp-json\/wp\/v2\/users\/29"}],"replies":[{"embeddable":true,"href":"https:\/\/www.welovecycling.com\/es\/wp-json\/wp\/v2\/comments?post=8046"}],"version-history":[{"count":2,"href":"https:\/\/www.welovecycling.com\/es\/wp-json\/wp\/v2\/posts\/8046\/revisions"}],"predecessor-version":[{"id":8056,"href":"https:\/\/www.welovecycling.com\/es\/wp-json\/wp\/v2\/posts\/8046\/revisions\/8056"}],"wp:featuredmedia":[{"embeddable":true,"href":"https:\/\/www.welovecycling.com\/es\/wp-json\/wp\/v2\/media\/8051"}],"wp:attachment":[{"href":"https:\/\/www.welovecycling.com\/es\/wp-json\/wp\/v2\/media?parent=8046"}],"wp:term":[{"taxonomy":"category","embeddable":true,"href":"https:\/\/www.welovecycling.com\/es\/wp-json\/wp\/v2\/categories?post=8046"},{"taxonomy":"post_tag","embeddable":true,"href":"https:\/\/www.welovecycling.com\/es\/wp-json\/wp\/v2\/tags?post=8046"},{"taxonomy":"global-categories","embeddable":true,"href":"https:\/\/www.welovecycling.com\/es\/wp-json\/wp\/v2\/global-categories?post=8046"}],"curies":[{"name":"wp","href":"https:\/\/api.w.org\/{rel}","templated":true}]}}