{"id":8045,"date":"2021-08-25T08:56:32","date_gmt":"2021-08-25T06:56:32","guid":{"rendered":"https:\/\/www.welovecycling.com\/es\/?p=8045"},"modified":"2021-08-25T08:56:32","modified_gmt":"2021-08-25T06:56:32","slug":"ciclismo-y-cafe","status":"publish","type":"post","link":"https:\/\/www.welovecycling.com\/es\/2021\/08\/25\/ciclismo-y-cafe\/","title":{"rendered":"Ciclismo y caf\u00e9. La parte m\u00e1s social de las grupettas"},"content":{"rendered":"<p><strong>Ciclismo y caf\u00e9. Parar en una cafeter\u00eda local en las etapas en grupo o disfrutar de un agradable descanso con cafe\u00edna en tu ruta en solitario es una parte maravillosa de la cultura ciclista. Las paradas en los caf\u00e9s son divertidas, apoyan a los negocios locales, te dan un plus y te ofrecen la oportunidad de socializar. Pero hay inconvenientes si no las haces bien. Vamos a repasar algunos consejos sobre c\u00f3mo integrarlos mejor en tu verano ciclista.<\/strong><\/p>\n<p><!--more--><\/p>\n<h2><strong>La parte social del ciclismo<\/strong><\/h2>\n<p>Puedes divertirte mucho montando en bicicleta solo. Pero cuando el ciclismo brilla de verdad es cuando se comparte con otros. Compartir historias, quejarse de las dificultades y planear aventuras mientras se toma un<a href=\"https:\/\/www.welovecycling.com\/es\/2021\/05\/07\/entrenamiento-y-cafeina\/\"> caf\u00e9<\/a> y una tostada es una parte importante. Y puede que incluso hagas nuevos amigos al tomar un caf\u00e9 en tu <a href=\"https:\/\/www.welovecycling.com\/es\/2017\/07\/12\/cafeterias-ciclistas-pedaladas-de-conversacion\/\">cafeter\u00eda local<\/a> de ciclismo. Sin duda, ciclismo y caf\u00e9 son una f\u00f3rmula casi perfecta.<\/p>\n<figure id=\"attachment_8048\" aria-describedby=\"caption-attachment-8048\" style=\"width: 1000px\" class=\"wp-caption alignnone\"><a href=\"https:\/\/d2p6e6u75xmxt8.cloudfront.net\/6\/2021\/08\/Cycling-coffee-break-profimedia-0556927231.jpg\"><img loading=\"lazy\" decoding=\"async\" class=\"wp-image-8048 size-full\" src=\"https:\/\/d2p6e6u75xmxt8.cloudfront.net\/6\/2021\/08\/Cycling-coffee-break-profimedia-0556927231.jpg\" alt=\"Cycling caf\u00e9\" width=\"1000\" height=\"666\" srcset=\"https:\/\/d2p6e6u75xmxt8.cloudfront.net\/6\/2021\/08\/Cycling-coffee-break-profimedia-0556927231.jpg 1000w, https:\/\/d2p6e6u75xmxt8.cloudfront.net\/6\/2021\/08\/Cycling-coffee-break-profimedia-0556927231-300x200.jpg 300w, https:\/\/d2p6e6u75xmxt8.cloudfront.net\/6\/2021\/08\/Cycling-coffee-break-profimedia-0556927231-768x511.jpg 768w, https:\/\/d2p6e6u75xmxt8.cloudfront.net\/6\/2021\/08\/Cycling-coffee-break-profimedia-0556927231-272x182.jpg 272w\" sizes=\"auto, (max-width: 1000px) 100vw, 1000px\" \/><\/a><figcaption id=\"caption-attachment-8048\" class=\"wp-caption-text\">No hay nada como una pausa para el caf\u00e9 con tus compa\u00f1eros de grupetta. \u00a9 Profimedia<\/figcaption><\/figure>\n<h2><strong><br \/>\nLas paradas al caf\u00e9, perfectas para los nuevos<\/strong><\/h2>\n<p>Las pausas para el caf\u00e9 tambi\u00e9n son excelentes para los nuevos ciclistas. No s\u00f3lo es una forma de entusiasmarlos e integrarlos en la comunidad ciclista. Las rutas que incluyen una pausa para el caf\u00e9 pueden ayudar a los nuevos ciclistas a progresar de las rutas m\u00e1s cortas a las m\u00e1s largas. La cafe\u00edna les da la energ\u00eda y el impulso de confianza necesarios para alcanzar el siguiente hito.<\/p>\n<p>Las razones para incluir paradas para el caf\u00e9 son claras. No es que muchos entusiastas del ciclismo necesiten ser convencidos. Pero no olvidemos que pueden influir en el resto de su recorrido.<\/p>\n<h2><strong>Es complicado volver con la misma energ\u00eda<\/strong><\/h2>\n<p>Una larga pausa para el caf\u00e9 indica a tu cuerpo que tu entrenamiento ha terminado y que la <a href=\"https:\/\/www.welovecycling.com\/wide\/2021\/06\/22\/breaking-through-a-training-plateau-recovery\/\">recuperaci\u00f3n<\/a> ha comenzado. Especialmente si tomas un postre dulce con tu caf\u00e9, tu cuerpo empezar\u00e1 a utilizar el az\u00facar para reponer el gluc\u00f3geno en tus m\u00fasculos. Esto hace que sea m\u00e1s dif\u00edcil para tu cuerpo y tu mente continuar con el mismo esfuerzo cuando vuelvas a montar.<\/p>\n<h2><strong>Demasiadas calor\u00edas te hacen m\u00e1s lento<\/strong><\/h2>\n<p>Si no te alimentas bien sobre la bicicleta, puedes llegar a la parada del caf\u00e9 con un gran d\u00e9ficit energ\u00e9tico. Esto puede llevarte a optar por un caf\u00e9 con mucho az\u00facar y crema y un gran trozo de pastel. Ingerir tantas calor\u00edas, sobre todo cuando muchas de ellas provienen de la grasa, es un gran esfuerzo para la digesti\u00f3n. Puede tener el efecto contrario y restarte energ\u00eda en lugar de d\u00e1rtela. Esta es otra raz\u00f3n para que la parada de ciclismo y caf\u00e9 sea m\u00e1s ligera si piensas seguir pedaleando despu\u00e9s.<\/p>\n<figure id=\"attachment_8050\" aria-describedby=\"caption-attachment-8050\" style=\"width: 1000px\" class=\"wp-caption alignnone\"><a href=\"https:\/\/d2p6e6u75xmxt8.cloudfront.net\/6\/2021\/08\/Cycling-cafe-profimedia-0613464725.jpg\"><img loading=\"lazy\" decoding=\"async\" class=\"wp-image-8050 size-full\" src=\"https:\/\/d2p6e6u75xmxt8.cloudfront.net\/6\/2021\/08\/Cycling-cafe-profimedia-0613464725.jpg\" alt=\"Cyclist caf\u00e9\" width=\"1000\" height=\"666\" srcset=\"https:\/\/d2p6e6u75xmxt8.cloudfront.net\/6\/2021\/08\/Cycling-cafe-profimedia-0613464725.jpg 1000w, https:\/\/d2p6e6u75xmxt8.cloudfront.net\/6\/2021\/08\/Cycling-cafe-profimedia-0613464725-300x200.jpg 300w, https:\/\/d2p6e6u75xmxt8.cloudfront.net\/6\/2021\/08\/Cycling-cafe-profimedia-0613464725-768x511.jpg 768w, https:\/\/d2p6e6u75xmxt8.cloudfront.net\/6\/2021\/08\/Cycling-cafe-profimedia-0613464725-272x182.jpg 272w\" sizes=\"auto, (max-width: 1000px) 100vw, 1000px\" \/><\/a><figcaption id=\"caption-attachment-8050\" class=\"wp-caption-text\">Mira cuantas calor\u00edas consumes durante la parada del caf\u00e9, podr\u00edan hacerte el efecto contrario. \u00a9 Profimedia<\/figcaption><\/figure>\n<h2><strong><br \/>\n\u00bfQu\u00e9 tipo de caf\u00e9 es m\u00e1s recomendable?<\/strong><\/h2>\n<p>El caf\u00e9 puede adoptar muchas formas y es importante elegir el adecuado para la ocasi\u00f3n.<\/p>\n<p>Si est\u00e1s montando en bicicleta y quieres algo que te d\u00e9 un empuj\u00f3n r\u00e1pido pero que no te frene, elige un espresso doble con az\u00facar.<br \/>\nPara salidas m\u00e1s largas y menos intensas, opta por un caf\u00e9 con leche, que suele aportar m\u00e1s carbohidratos y calor\u00edas que un espresso. Adem\u00e1s, te aporta un poco de prote\u00edna que te vendr\u00e1 muy bien en los trayectos m\u00e1s largos.<br \/>\nEvita opciones como el moca de chocolate blanco, el latte de caramelo y cualquier cosa que a\u00f1ada helado al caf\u00e9. Tanta grasa y calor\u00edas no te vendr\u00e1n bien a mitad de la ruta.<\/p>\n<h2><strong>Consejos para tu pr\u00f3xima parada al caf\u00e9<\/strong><\/h2>\n<p>Aparte de la elecci\u00f3n del caf\u00e9, es bueno tener en cuenta lo siguiente para disfrutar de tu parada de caf\u00e9 sin consecuencias negativas.<\/p>\n<p>Procura que la parada no dure m\u00e1s de 30 minutos.<br \/>\nHaz la parte intensa del entrenamiento antes de la parada.<br \/>\nUtil\u00edzala como una forma de interrumpir los recorridos de resistencia m\u00e1s largos.<br \/>\nElige caf\u00e9s menos cal\u00f3ricos y evita los pasteles y tartas grandes a mitad de recorrido<br \/>\nSi quieres darte un capricho dulce, haz la parada para el caf\u00e9 al final del recorrido.<\/p>\n","protected":false},"excerpt":{"rendered":"<p>Ciclismo y caf\u00e9. Parar en una cafeter\u00eda local en las etapas en grupo o disfrutar de un agradable descanso con [&hellip;]<\/p>\n","protected":false},"author":29,"featured_media":8053,"comment_status":"open","ping_status":"open","sticky":false,"template":"","format":"standard","meta":{"footnotes":""},"categories":[7,9],"tags":[2141],"global-categories":[],"class_list":["post-8045","post","type-post","status-publish","format-standard","has-post-thumbnail","hentry","category-carretera","category-mtb-aventura","tag-ciclismo-social"],"yoast_head":"<!-- This site is optimized with the Yoast SEO Premium plugin v25.3 (Yoast SEO v25.9) - https:\/\/yoast.com\/wordpress\/plugins\/seo\/ -->\n<title>Ciclismo y caf\u00e9. La parte m\u00e1s social de las grupettas<\/title>\n<meta name=\"description\" content=\"Ciclismo y caf\u00e9. La parte m\u00e1s social de las grupettas. Consejos para que la parada al caf\u00e9 no suponga el fin de la ruta.\" \/>\n<meta name=\"robots\" content=\"index, follow, max-snippet:-1, max-image-preview:large, max-video-preview:-1\" \/>\n<link rel=\"canonical\" href=\"https:\/\/www.welovecycling.com\/es\/2021\/08\/25\/ciclismo-y-cafe\/\" \/>\n<meta property=\"og:locale\" content=\"es_ES\" \/>\n<meta property=\"og:type\" content=\"article\" \/>\n<meta property=\"og:title\" content=\"Ciclismo y caf\u00e9. La parte m\u00e1s social de las grupettas\" \/>\n<meta property=\"og:description\" content=\"Ciclismo y caf\u00e9. La parte m\u00e1s social de las grupettas. Consejos para que la parada al caf\u00e9 no suponga el fin de la ruta.\" \/>\n<meta property=\"og:url\" content=\"https:\/\/www.welovecycling.com\/es\/2021\/08\/25\/ciclismo-y-cafe\/\" \/>\n<meta property=\"og:site_name\" content=\"\u0160koda We Love Cycling - Spain\" \/>\n<meta property=\"article:published_time\" content=\"2021-08-25T06:56:32+00:00\" \/>\n<meta property=\"og:image\" content=\"https:\/\/d2p6e6u75xmxt8.cloudfront.net\/6\/2021\/08\/Cyclist-cafe-profimedia-0619002554-CVR.jpg\" \/>\n\t<meta property=\"og:image:width\" content=\"1366\" \/>\n\t<meta property=\"og:image:height\" content=\"600\" \/>\n\t<meta property=\"og:image:type\" content=\"image\/jpeg\" \/>\n<meta name=\"author\" content=\"We Love Cycling Spain\" \/>\n<meta name=\"twitter:card\" content=\"summary_large_image\" \/>\n<meta name=\"twitter:title\" content=\"Ciclismo y caf\u00e9. La parte m\u00e1s social de las grupettas\" \/>\n<meta name=\"twitter:description\" content=\"Ciclismo y caf\u00e9. La parte m\u00e1s social de las grupettas. Consejos para que la parada al caf\u00e9 no suponga el fin de la ruta.\" \/>\n<meta name=\"twitter:label1\" content=\"Written by\" \/>\n\t<meta name=\"twitter:data1\" content=\"Ji\u0159\u00ed Kalo\u010d\" \/>\n\t<meta name=\"twitter:label2\" content=\"Est. reading time\" \/>\n\t<meta name=\"twitter:data2\" content=\"5\" \/>\n<script type=\"application\/ld+json\" class=\"yoast-schema-graph\">{\"@context\":\"https:\/\/schema.org\",\"@graph\":[{\"@type\":\"WebPage\",\"@id\":\"https:\/\/www.welovecycling.com\/es\/2021\/08\/25\/ciclismo-y-cafe\/\",\"url\":\"https:\/\/www.welovecycling.com\/es\/2021\/08\/25\/ciclismo-y-cafe\/\",\"name\":\"Ciclismo y caf\u00e9. La parte m\u00e1s social de las grupettas\",\"isPartOf\":{\"@id\":\"https:\/\/www.welovecycling.com\/es\/#website\"},\"primaryImageOfPage\":{\"@id\":\"https:\/\/www.welovecycling.com\/es\/2021\/08\/25\/ciclismo-y-cafe\/#primaryimage\"},\"image\":{\"@id\":\"https:\/\/www.welovecycling.com\/es\/2021\/08\/25\/ciclismo-y-cafe\/#primaryimage\"},\"thumbnailUrl\":\"https:\/\/d2p6e6u75xmxt8.cloudfront.net\/6\/2021\/08\/Cyclist-cafe-profimedia-0619002554-CVR.jpg\",\"datePublished\":\"2021-08-25T06:56:32+00:00\",\"author\":{\"@id\":\"https:\/\/www.welovecycling.com\/es\/#\/schema\/person\/deb61715b5812698ee79fb96f343ccd4\"},\"description\":\"Ciclismo y caf\u00e9. La parte m\u00e1s social de las grupettas. Consejos para que la parada al caf\u00e9 no suponga el fin de la ruta.\",\"breadcrumb\":{\"@id\":\"https:\/\/www.welovecycling.com\/es\/2021\/08\/25\/ciclismo-y-cafe\/#breadcrumb\"},\"inLanguage\":\"es-ES\",\"potentialAction\":[{\"@type\":\"ReadAction\",\"target\":[\"https:\/\/www.welovecycling.com\/es\/2021\/08\/25\/ciclismo-y-cafe\/\"]}]},{\"@type\":\"ImageObject\",\"inLanguage\":\"es-ES\",\"@id\":\"https:\/\/www.welovecycling.com\/es\/2021\/08\/25\/ciclismo-y-cafe\/#primaryimage\",\"url\":\"https:\/\/d2p6e6u75xmxt8.cloudfront.net\/6\/2021\/08\/Cyclist-cafe-profimedia-0619002554-CVR.jpg\",\"contentUrl\":\"https:\/\/d2p6e6u75xmxt8.cloudfront.net\/6\/2021\/08\/Cyclist-cafe-profimedia-0619002554-CVR.jpg\",\"width\":1366,\"height\":600,\"caption\":\"Cyclist cafe\"},{\"@type\":\"BreadcrumbList\",\"@id\":\"https:\/\/www.welovecycling.com\/es\/2021\/08\/25\/ciclismo-y-cafe\/#breadcrumb\",\"itemListElement\":[{\"@type\":\"ListItem\",\"position\":1,\"name\":\"Home\",\"item\":\"https:\/\/www.welovecycling.com\/es\/\"},{\"@type\":\"ListItem\",\"position\":2,\"name\":\"Ciclismo y caf\u00e9. La parte m\u00e1s social de las grupettas\"}]},{\"@type\":\"WebSite\",\"@id\":\"https:\/\/www.welovecycling.com\/es\/#website\",\"url\":\"https:\/\/www.welovecycling.com\/es\/\",\"name\":\"\u0160koda We Love Cycling - Spain\",\"description\":\"\u0160koda WeLoveCycling Spain\",\"potentialAction\":[{\"@type\":\"SearchAction\",\"target\":{\"@type\":\"EntryPoint\",\"urlTemplate\":\"https:\/\/www.welovecycling.com\/es\/?s={search_term_string}\"},\"query-input\":{\"@type\":\"PropertyValueSpecification\",\"valueRequired\":true,\"valueName\":\"search_term_string\"}}],\"inLanguage\":\"es-ES\"},{\"@type\":\"Person\",\"@id\":\"https:\/\/www.welovecycling.com\/es\/#\/schema\/person\/deb61715b5812698ee79fb96f343ccd4\",\"name\":\"We Love Cycling Spain\",\"image\":{\"@type\":\"ImageObject\",\"inLanguage\":\"es-ES\",\"@id\":\"https:\/\/www.welovecycling.com\/es\/#\/schema\/person\/image\/\",\"url\":\"https:\/\/secure.gravatar.com\/avatar\/c824b04e6df0e37a03219d0b6481672889df542894588964102459e46513159c?s=96&d=mm&r=g\",\"contentUrl\":\"https:\/\/secure.gravatar.com\/avatar\/c824b04e6df0e37a03219d0b6481672889df542894588964102459e46513159c?s=96&d=mm&r=g\",\"caption\":\"We Love Cycling Spain\"},\"url\":\"https:\/\/www.welovecycling.com\/es\/author\/amunoz\/\"}]}<\/script>\n<!-- \/ Yoast SEO Premium plugin. -->","yoast_head_json":{"title":"Ciclismo y caf\u00e9. La parte m\u00e1s social de las grupettas","description":"Ciclismo y caf\u00e9. La parte m\u00e1s social de las grupettas. Consejos para que la parada al caf\u00e9 no suponga el fin de la ruta.","robots":{"index":"index","follow":"follow","max-snippet":"max-snippet:-1","max-image-preview":"max-image-preview:large","max-video-preview":"max-video-preview:-1"},"canonical":"https:\/\/www.welovecycling.com\/es\/2021\/08\/25\/ciclismo-y-cafe\/","og_locale":"es_ES","og_type":"article","og_title":"Ciclismo y caf\u00e9. La parte m\u00e1s social de las grupettas","og_description":"Ciclismo y caf\u00e9. La parte m\u00e1s social de las grupettas. Consejos para que la parada al caf\u00e9 no suponga el fin de la ruta.","og_url":"https:\/\/www.welovecycling.com\/es\/2021\/08\/25\/ciclismo-y-cafe\/","og_site_name":"\u0160koda We Love Cycling - Spain","article_published_time":"2021-08-25T06:56:32+00:00","og_image":[{"width":1366,"height":600,"url":"https:\/\/d2p6e6u75xmxt8.cloudfront.net\/6\/2021\/08\/Cyclist-cafe-profimedia-0619002554-CVR.jpg","type":"image\/jpeg"}],"author":"We Love Cycling Spain","twitter_card":"summary_large_image","twitter_title":"Ciclismo y caf\u00e9. La parte m\u00e1s social de las grupettas","twitter_description":"Ciclismo y caf\u00e9. La parte m\u00e1s social de las grupettas. Consejos para que la parada al caf\u00e9 no suponga el fin de la ruta.","twitter_misc":{"Written by":"Ji\u0159\u00ed Kalo\u010d","Est. reading time":"5"},"schema":{"@context":"https:\/\/schema.org","@graph":[{"@type":"WebPage","@id":"https:\/\/www.welovecycling.com\/es\/2021\/08\/25\/ciclismo-y-cafe\/","url":"https:\/\/www.welovecycling.com\/es\/2021\/08\/25\/ciclismo-y-cafe\/","name":"Ciclismo y caf\u00e9. La parte m\u00e1s social de las grupettas","isPartOf":{"@id":"https:\/\/www.welovecycling.com\/es\/#website"},"primaryImageOfPage":{"@id":"https:\/\/www.welovecycling.com\/es\/2021\/08\/25\/ciclismo-y-cafe\/#primaryimage"},"image":{"@id":"https:\/\/www.welovecycling.com\/es\/2021\/08\/25\/ciclismo-y-cafe\/#primaryimage"},"thumbnailUrl":"https:\/\/d2p6e6u75xmxt8.cloudfront.net\/6\/2021\/08\/Cyclist-cafe-profimedia-0619002554-CVR.jpg","datePublished":"2021-08-25T06:56:32+00:00","author":{"@id":"https:\/\/www.welovecycling.com\/es\/#\/schema\/person\/deb61715b5812698ee79fb96f343ccd4"},"description":"Ciclismo y caf\u00e9. La parte m\u00e1s social de las grupettas. Consejos para que la parada al caf\u00e9 no suponga el fin de la ruta.","breadcrumb":{"@id":"https:\/\/www.welovecycling.com\/es\/2021\/08\/25\/ciclismo-y-cafe\/#breadcrumb"},"inLanguage":"es-ES","potentialAction":[{"@type":"ReadAction","target":["https:\/\/www.welovecycling.com\/es\/2021\/08\/25\/ciclismo-y-cafe\/"]}]},{"@type":"ImageObject","inLanguage":"es-ES","@id":"https:\/\/www.welovecycling.com\/es\/2021\/08\/25\/ciclismo-y-cafe\/#primaryimage","url":"https:\/\/d2p6e6u75xmxt8.cloudfront.net\/6\/2021\/08\/Cyclist-cafe-profimedia-0619002554-CVR.jpg","contentUrl":"https:\/\/d2p6e6u75xmxt8.cloudfront.net\/6\/2021\/08\/Cyclist-cafe-profimedia-0619002554-CVR.jpg","width":1366,"height":600,"caption":"Cyclist cafe"},{"@type":"BreadcrumbList","@id":"https:\/\/www.welovecycling.com\/es\/2021\/08\/25\/ciclismo-y-cafe\/#breadcrumb","itemListElement":[{"@type":"ListItem","position":1,"name":"Home","item":"https:\/\/www.welovecycling.com\/es\/"},{"@type":"ListItem","position":2,"name":"Ciclismo y caf\u00e9. La parte m\u00e1s social de las grupettas"}]},{"@type":"WebSite","@id":"https:\/\/www.welovecycling.com\/es\/#website","url":"https:\/\/www.welovecycling.com\/es\/","name":"\u0160koda We Love Cycling - Spain","description":"\u0160koda WeLoveCycling Spain","potentialAction":[{"@type":"SearchAction","target":{"@type":"EntryPoint","urlTemplate":"https:\/\/www.welovecycling.com\/es\/?s={search_term_string}"},"query-input":{"@type":"PropertyValueSpecification","valueRequired":true,"valueName":"search_term_string"}}],"inLanguage":"es-ES"},{"@type":"Person","@id":"https:\/\/www.welovecycling.com\/es\/#\/schema\/person\/deb61715b5812698ee79fb96f343ccd4","name":"We Love Cycling Spain","image":{"@type":"ImageObject","inLanguage":"es-ES","@id":"https:\/\/www.welovecycling.com\/es\/#\/schema\/person\/image\/","url":"https:\/\/secure.gravatar.com\/avatar\/c824b04e6df0e37a03219d0b6481672889df542894588964102459e46513159c?s=96&d=mm&r=g","contentUrl":"https:\/\/secure.gravatar.com\/avatar\/c824b04e6df0e37a03219d0b6481672889df542894588964102459e46513159c?s=96&d=mm&r=g","caption":"We Love Cycling Spain"},"url":"https:\/\/www.welovecycling.com\/es\/author\/amunoz\/"}]}},"_links":{"self":[{"href":"https:\/\/www.welovecycling.com\/es\/wp-json\/wp\/v2\/posts\/8045","targetHints":{"allow":["GET"]}}],"collection":[{"href":"https:\/\/www.welovecycling.com\/es\/wp-json\/wp\/v2\/posts"}],"about":[{"href":"https:\/\/www.welovecycling.com\/es\/wp-json\/wp\/v2\/types\/post"}],"author":[{"embeddable":true,"href":"https:\/\/www.welovecycling.com\/es\/wp-json\/wp\/v2\/users\/29"}],"replies":[{"embeddable":true,"href":"https:\/\/www.welovecycling.com\/es\/wp-json\/wp\/v2\/comments?post=8045"}],"version-history":[{"count":2,"href":"https:\/\/www.welovecycling.com\/es\/wp-json\/wp\/v2\/posts\/8045\/revisions"}],"predecessor-version":[{"id":8054,"href":"https:\/\/www.welovecycling.com\/es\/wp-json\/wp\/v2\/posts\/8045\/revisions\/8054"}],"wp:featuredmedia":[{"embeddable":true,"href":"https:\/\/www.welovecycling.com\/es\/wp-json\/wp\/v2\/media\/8053"}],"wp:attachment":[{"href":"https:\/\/www.welovecycling.com\/es\/wp-json\/wp\/v2\/media?parent=8045"}],"wp:term":[{"taxonomy":"category","embeddable":true,"href":"https:\/\/www.welovecycling.com\/es\/wp-json\/wp\/v2\/categories?post=8045"},{"taxonomy":"post_tag","embeddable":true,"href":"https:\/\/www.welovecycling.com\/es\/wp-json\/wp\/v2\/tags?post=8045"},{"taxonomy":"global-categories","embeddable":true,"href":"https:\/\/www.welovecycling.com\/es\/wp-json\/wp\/v2\/global-categories?post=8045"}],"curies":[{"name":"wp","href":"https:\/\/api.w.org\/{rel}","templated":true}]}}