{"id":8019,"date":"2021-08-20T13:51:05","date_gmt":"2021-08-20T11:51:05","guid":{"rendered":"https:\/\/www.welovecycling.com\/es\/?p=8019"},"modified":"2021-08-19T15:30:53","modified_gmt":"2021-08-19T13:30:53","slug":"edad-ciclismo-profesional","status":"publish","type":"post","link":"https:\/\/www.welovecycling.com\/es\/2021\/08\/20\/edad-ciclismo-profesional\/","title":{"rendered":"\u00bfEs la edad un factor clave para el ciclismo profesional?"},"content":{"rendered":"<p><strong>\u00bfCu\u00e1ndo es un deportista demasiado mayor para competir profesionalmente en ciclismo? \u00bfEs la edad en el ciclismo profesional el factor determinante o los resultados son la \u00fanica medida de la capacidad de un corredor para tener un impacto positivo? La respuesta no est\u00e1 clara en el pelot\u00f3n profesional moderno.<\/strong><\/p>\n<p><!--more--><\/p>\n<p>De hecho, los ganadores de las Grandes Vueltas actuales son cada vez m\u00e1s j\u00f3venes. Fen\u00f3menos como <a href=\"https:\/\/www.welovecycling.com\/es\/2021\/07\/19\/tadej-pogacar-el-principito-que-ya-es-rey-del-tour-de-francia\/\">Tadej Poga\u010dar<\/a> (21 a\u00f1os) y Egan Bernal (22 a\u00f1os) son ejemplos perfectos, cada uno de ellos a\u00f1adiendo una victoria en el Tour de Francia a su palmar\u00e9s a una edad en la que la mayor\u00eda de los corredores se est\u00e1n curtiendo en las filas profesionales.<\/p>\n<p>Antes de la explosi\u00f3n de esta generaci\u00f3n juvenil, la edad media del ganador del Tour de Francia era de 28 a\u00f1os, un hito en el que los ciclistas suelen alcanzar su punto \u00e1lgido. Entonces, \u00bfhan alcanzado ciclistas como Poga\u010dar y <a href=\"https:\/\/www.welovecycling.com\/es\/2019\/07\/29\/egan-bernal-tour-de-francia\/\">Bernal<\/a> su m\u00e1ximo rendimiento f\u00edsico antes de los 23 a\u00f1os? \u00bfO hay espacio para crecer?<\/p>\n<figure id=\"attachment_8022\" aria-describedby=\"caption-attachment-8022\" style=\"width: 1024px\" class=\"wp-caption alignnone\"><a href=\"https:\/\/d2p6e6u75xmxt8.cloudfront.net\/2\/2021\/07\/profimedia-0619640037.jpg\"><img loading=\"lazy\" decoding=\"async\" class=\"wp-image-8022 size-large\" src=\"https:\/\/d2p6e6u75xmxt8.cloudfront.net\/6\/2021\/08\/profimedia-0619640037-1024x683.jpg\" alt=\"Tadej Poga\u010dar\" width=\"1024\" height=\"683\" srcset=\"https:\/\/d2p6e6u75xmxt8.cloudfront.net\/6\/2021\/08\/profimedia-0619640037-1024x683.jpg 1024w, https:\/\/d2p6e6u75xmxt8.cloudfront.net\/6\/2021\/08\/profimedia-0619640037-300x200.jpg 300w, https:\/\/d2p6e6u75xmxt8.cloudfront.net\/6\/2021\/08\/profimedia-0619640037-768x512.jpg 768w, https:\/\/d2p6e6u75xmxt8.cloudfront.net\/6\/2021\/08\/profimedia-0619640037-1536x1024.jpg 1536w, https:\/\/d2p6e6u75xmxt8.cloudfront.net\/6\/2021\/08\/profimedia-0619640037-272x182.jpg 272w, https:\/\/d2p6e6u75xmxt8.cloudfront.net\/6\/2021\/08\/profimedia-0619640037.jpg 1800w\" sizes=\"auto, (max-width: 1024px) 100vw, 1024px\" \/><\/a><figcaption id=\"caption-attachment-8022\" class=\"wp-caption-text\">\u00bfPuede crecer m\u00e1s Pogacar? \u00a9 Profimedia<\/figcaption><\/figure>\n<p>Hasta la fecha, el ganador m\u00e1s veterano del Tour es el belga <a href=\"https:\/\/www.welovecycling.com\/wide\/2020\/11\/20\/legends-of-road-cycling\/\">Firmin Lambot<\/a>, que subi\u00f3 a lo m\u00e1s alto del podio en 1922 con 36 a\u00f1os. Y a pesar de la tierna edad de Poga\u010dar, no es el m\u00e1s joven. Ese t\u00edtulo corresponde al franc\u00e9s Henri Cornet en la v\u00edspera de su 20\u00ba cumplea\u00f1os en 1904. Se coron\u00f3 como vencedor despu\u00e9s de que los cuatro corredores que terminaron antes que \u00e9l fueran descalificados por la Uni\u00f3n Ciclista Francesa tras las denuncias de trampas.<\/p>\n<p>La tendencia en este deporte es encontrar una aguja en el pajar: el premio de un corredor joven y prometedor con la habilidad, madurez y resistencia de un veterano m\u00e1s experimentado. Pero hay un pu\u00f1ado de ciclistas mayores que siguen dejando huella a pesar de su edad. Veamos algunos ejemplos.<\/p>\n<h2><strong>Alejandro Valverde<\/strong><\/h2>\n<figure id=\"attachment_8024\" aria-describedby=\"caption-attachment-8024\" style=\"width: 1024px\" class=\"wp-caption alignnone\"><a href=\"https:\/\/d2p6e6u75xmxt8.cloudfront.net\/2\/2019\/12\/profimedia-0421577390.jpg\"><img loading=\"lazy\" decoding=\"async\" class=\"size-large wp-image-8024\" src=\"https:\/\/d2p6e6u75xmxt8.cloudfront.net\/6\/2021\/08\/profimedia-0421577390-1024x682.jpg\" alt=\"Alejandro Valverde\" width=\"1024\" height=\"682\" srcset=\"https:\/\/d2p6e6u75xmxt8.cloudfront.net\/6\/2021\/08\/profimedia-0421577390-1024x682.jpg 1024w, https:\/\/d2p6e6u75xmxt8.cloudfront.net\/6\/2021\/08\/profimedia-0421577390-300x200.jpg 300w, https:\/\/d2p6e6u75xmxt8.cloudfront.net\/6\/2021\/08\/profimedia-0421577390-768x511.jpg 768w, https:\/\/d2p6e6u75xmxt8.cloudfront.net\/6\/2021\/08\/profimedia-0421577390-272x182.jpg 272w, https:\/\/d2p6e6u75xmxt8.cloudfront.net\/6\/2021\/08\/profimedia-0421577390.jpg 1250w\" sizes=\"auto, (max-width: 1024px) 100vw, 1024px\" \/><\/a><figcaption id=\"caption-attachment-8024\" class=\"wp-caption-text\">Valverde (Movistar) en 2019. \u00a9 Profimedia<\/figcaption><\/figure>\n<p>&nbsp;<\/p>\n<p>Alejandro Valverde, nacido en 1980, es profesional desde 2002 y sigue en activo a sus 41 a\u00f1os. Es el corredor de m\u00e1s edad del ciclismo profesional a nivel World Tour desde hace dos a\u00f1os.<\/p>\n<p>Cuenta con 129 victorias hasta la fecha, incluyendo varias cl\u00e1sicas de primavera de un d\u00eda con adoquines de gran prestigio, m\u00faltiples victorias de etapa en Grandes Vueltas e incluso el t\u00edtulo de campe\u00f3n del mundo de 2018. Cuando el Bala corra en 2022, a los 42 a\u00f1os, estar\u00e1 a la par con el ex profesional alem\u00e1n Jens Voigt como el corredor del World Tour de mayor edad en competir en el Tour de Francia.<\/p>\n<p>La Vuelta 2021 es la 30\u00aa Gran Vuelta de Valverde. Ocupa el 9\u00ba puesto en la clasificaci\u00f3n de corredores de la UCI para 2021 y el 7\u00ba en la general. Impresionante.<\/p>\n<h2><strong>Mark Cavendish<\/strong><\/h2>\n<figure id=\"attachment_8025\" aria-describedby=\"caption-attachment-8025\" style=\"width: 1000px\" class=\"wp-caption alignnone\"><a href=\"https:\/\/d2p6e6u75xmxt8.cloudfront.net\/6\/2021\/08\/Mark-Cavendish-profimedia-0620584127.jpg\"><img loading=\"lazy\" decoding=\"async\" class=\"wp-image-8025 size-full\" src=\"https:\/\/d2p6e6u75xmxt8.cloudfront.net\/6\/2021\/08\/Mark-Cavendish-profimedia-0620584127.jpg\" alt=\"Mark Cavendish\" width=\"1000\" height=\"666\" srcset=\"https:\/\/d2p6e6u75xmxt8.cloudfront.net\/6\/2021\/08\/Mark-Cavendish-profimedia-0620584127.jpg 1000w, https:\/\/d2p6e6u75xmxt8.cloudfront.net\/6\/2021\/08\/Mark-Cavendish-profimedia-0620584127-300x200.jpg 300w, https:\/\/d2p6e6u75xmxt8.cloudfront.net\/6\/2021\/08\/Mark-Cavendish-profimedia-0620584127-768x511.jpg 768w, https:\/\/d2p6e6u75xmxt8.cloudfront.net\/6\/2021\/08\/Mark-Cavendish-profimedia-0620584127-272x182.jpg 272w\" sizes=\"auto, (max-width: 1000px) 100vw, 1000px\" \/><\/a><figcaption id=\"caption-attachment-8025\" class=\"wp-caption-text\">36 y sigue ganando \u00a9 Profimedia<\/figcaption><\/figure>\n<p>&nbsp;<\/p>\n<p>Si has seguido el Tour de Francia de este a\u00f1o habr\u00e1s visto al misil de Mann hacer historia en el Tour y en el ciclismo al igualar a Eddy Merckx en victorias de etapa en el TDF (34). Cav tiene 36 a\u00f1os y estaba en el ocaso de su carrera antes de ser llamado al TDF en el \u00faltimo momento para sustituir a Sam Bennett como velocista del Quick Step.<\/p>\n<p>La cobertura medi\u00e1tica asociada a sus cuatro victorias de etapa y al maillot verde apareci\u00f3 en las p\u00e1ginas deportivas de todo el mundo. Debe haber disfrutado demostr\u00e1ndose a s\u00ed mismo y a sus competidores que sigue siendo una amenaza como velocista. Queda por ver si Cav continuar\u00e1 en 2022, pero sospecho que querr\u00e1 ir a por esa 35\u00aa victoria y un r\u00e9cord. \u00bfQu\u00e9 opinas?<\/p>\n<h2><strong>Philippe Gilbert<\/strong><\/h2>\n<figure id=\"attachment_6326\" aria-describedby=\"caption-attachment-6326\" style=\"width: 1250px\" class=\"wp-caption alignnone\"><a href=\"https:\/\/d2p6e6u75xmxt8.cloudfront.net\/6\/2020\/06\/Philippe-Gilbert-CVR-profimedia-0506318164.jpg\"><img loading=\"lazy\" decoding=\"async\" class=\"size-full wp-image-6326\" src=\"https:\/\/d2p6e6u75xmxt8.cloudfront.net\/6\/2020\/06\/Philippe-Gilbert-CVR-profimedia-0506318164.jpg\" alt=\"Philippe Gilbert\" width=\"1250\" height=\"833\" \/><\/a><figcaption id=\"caption-attachment-6326\" class=\"wp-caption-text\">20 a\u00f1os en el pelot\u00f3n. \u00a9 Profimedia<\/figcaption><\/figure>\n<p>&nbsp;<\/p>\n<p><a href=\"https:\/\/www.welovecycling.com\/es\/2020\/06\/27\/philippe-gilbert\/\">Philippe Gilbert<\/a> lleva casi cerca de 20 a\u00f1os en el pelot\u00f3n profesional. Nacido en 1982, el corredor de 39 a\u00f1os ha acumulado una impresionante lista de victorias a lo largo de su carrera que incluye un t\u00edtulo de campe\u00f3n del mundo en 2012, la clasificaci\u00f3n general por puntos de la UCI en 2011, varias victorias de etapa en Grandes Vueltas y destacadas cl\u00e1sicas de un d\u00eda.<\/p>\n<p>El corredor del Lotto-Soudal ha anunciado su retirada al final de la temporada 2022. &#8220;En alg\u00fan momento, tengo que parar&#8221;, dijo. Aunque los resultados concretos no han llegado en las \u00faltimas temporadas, sigue siendo un miembro importante de la escuadra belga que influye en las carreras y en el \u00e9xito general del equipo.<\/p>\n<h2><strong>Richie Porte<\/strong><\/h2>\n<figure id=\"attachment_8026\" aria-describedby=\"caption-attachment-8026\" style=\"width: 1000px\" class=\"wp-caption alignnone\"><a href=\"https:\/\/d2p6e6u75xmxt8.cloudfront.net\/6\/2021\/08\/Richie-Porte-profimedia-0624445907.jpg\"><img loading=\"lazy\" decoding=\"async\" class=\"wp-image-8026 size-full\" src=\"https:\/\/d2p6e6u75xmxt8.cloudfront.net\/6\/2021\/08\/Richie-Porte-profimedia-0624445907.jpg\" alt=\"Richie Porte\" width=\"1000\" height=\"666\" srcset=\"https:\/\/d2p6e6u75xmxt8.cloudfront.net\/6\/2021\/08\/Richie-Porte-profimedia-0624445907.jpg 1000w, https:\/\/d2p6e6u75xmxt8.cloudfront.net\/6\/2021\/08\/Richie-Porte-profimedia-0624445907-300x200.jpg 300w, https:\/\/d2p6e6u75xmxt8.cloudfront.net\/6\/2021\/08\/Richie-Porte-profimedia-0624445907-768x511.jpg 768w, https:\/\/d2p6e6u75xmxt8.cloudfront.net\/6\/2021\/08\/Richie-Porte-profimedia-0624445907-272x182.jpg 272w\" sizes=\"auto, (max-width: 1000px) 100vw, 1000px\" \/><\/a><figcaption id=\"caption-attachment-8026\" class=\"wp-caption-text\">Porte en los Juegos de Tokio. \u00a9 Profimedia<\/figcaption><\/figure>\n<p>&nbsp;<\/p>\n<p>El australiano, de 36 a\u00f1os, ha corrido en algunos de los equipos m\u00e1s potentes del pelot\u00f3n. Fue superdom\u00e9stico del Team Sky entre 2012 y 2015, y su contribuci\u00f3n ayud\u00f3 a conseguir las victorias en el TDF de los campeones Bradley Wiggins (2012) y Chris Froome (2013,15).<\/p>\n<p>Porte dej\u00f3 el Team Sky para asumir el papel de jefe de equipo del BMC entre 2016 y 2018, y del Trek-Segafredo de 2019 a 2020. Durante este tiempo, gan\u00f3 la Vuelta a Suiza, fue segundo en el Tour de Romand\u00eda y termin\u00f3 tercero en el Tour de Francia de 2020 por detr\u00e1s de Tadej Poga\u010dar y Primo\u017e Rogli\u010d. Su rendimiento fue tan bueno que recibi\u00f3 un contrato de dos a\u00f1os para correr en el Ineos Grenadiers (antiguo Team Sky).<\/p>\n<p>Se rumorea que este movimiento fue una decisi\u00f3n consciente de volver a sus ra\u00edces como superdom\u00e9stico con luz verde para correr por s\u00ed mismo en ciertas carreras. En 2021, gan\u00f3 la Vuelta a Catalu\u00f1a, el <a href=\"https:\/\/www.welovecycling.com\/wide\/2021\/06\/07\/richie-porte-wins-criterium-du-dauphine-and-other-cool-news-from-the-world-of-cycling\/\">Criterium du Dauphin\u00e9<\/a>, y fue un contendiente para el TDF, pero perdi\u00f3 mucho tiempo despu\u00e9s de verse atrapado en las numerosas y grandes ca\u00eddas que tuvieron lugar en la primera semana de acci\u00f3n.<\/p>\n<h2><strong>Davide Rebellin<\/strong><\/h2>\n<figure id=\"attachment_8027\" aria-describedby=\"caption-attachment-8027\" style=\"width: 1000px\" class=\"wp-caption alignnone\"><a href=\"https:\/\/d2p6e6u75xmxt8.cloudfront.net\/6\/2021\/08\/Davide-Rebellin-profimedia-0330934902.jpg\"><img loading=\"lazy\" decoding=\"async\" class=\"size-full wp-image-8027\" src=\"https:\/\/d2p6e6u75xmxt8.cloudfront.net\/6\/2021\/08\/Davide-Rebellin-profimedia-0330934902.jpg\" alt=\"Davide Rebellin\" width=\"1000\" height=\"666\" srcset=\"https:\/\/d2p6e6u75xmxt8.cloudfront.net\/6\/2021\/08\/Davide-Rebellin-profimedia-0330934902.jpg 1000w, https:\/\/d2p6e6u75xmxt8.cloudfront.net\/6\/2021\/08\/Davide-Rebellin-profimedia-0330934902-300x200.jpg 300w, https:\/\/d2p6e6u75xmxt8.cloudfront.net\/6\/2021\/08\/Davide-Rebellin-profimedia-0330934902-768x511.jpg 768w, https:\/\/d2p6e6u75xmxt8.cloudfront.net\/6\/2021\/08\/Davide-Rebellin-profimedia-0330934902-272x182.jpg 272w\" sizes=\"auto, (max-width: 1000px) 100vw, 1000px\" \/><\/a><figcaption id=\"caption-attachment-8027\" class=\"wp-caption-text\">Davide Rebellin en la Vuelta a Asturias 2017. \u00a9 Profimedia<\/figcaption><\/figure>\n<p>&nbsp;<\/p>\n<p>Aunque ya no corre para un equipo World Tour, el italiano Davide Rebellin es, con diferencia, el corredor de m\u00e1s edad del ciclismo profesional. A sus 49 a\u00f1os, fue contratado para el a\u00f1o 2021 por el equipo continental italiano UCI Work Service Marchiol Vega. Rebellin cumple su 29\u00ba a\u00f1o consecutivo como profesional y llegar\u00e1 con 50 a\u00f1os.<\/p>\n<p>Naci\u00f3 en 1971 y se convirti\u00f3 en profesional en 1992, compitiendo con gente como Sean Kelly y Stephen Roche. Su palmar\u00e9s es muy amplio, coronado por una victoria de etapa en el Giro de Italia (1996), la Tirreno-Adri\u00e1tico (2001), la Par\u00eds-Niza (2008) y diversas carreras de un d\u00eda y cl\u00e1sicas como la Lieja-Bastogne-Lieja, la Amstel-Gold y la Flecha Valona en 2004. A continuaci\u00f3n, gan\u00f3 la Flecha Valona dos veces m\u00e1s, en 2007 y 2009.<\/p>\n<h2><strong>Chris Horner<\/strong><\/h2>\n<figure id=\"attachment_8028\" aria-describedby=\"caption-attachment-8028\" style=\"width: 1000px\" class=\"wp-caption alignnone\"><a href=\"https:\/\/d2p6e6u75xmxt8.cloudfront.net\/6\/2021\/08\/Chris-Horner-profimedia-0237650335.jpg\"><img loading=\"lazy\" decoding=\"async\" class=\"size-full wp-image-8028\" src=\"https:\/\/d2p6e6u75xmxt8.cloudfront.net\/6\/2021\/08\/Chris-Horner-profimedia-0237650335.jpg\" alt=\"Chris Horner\" width=\"1000\" height=\"666\" srcset=\"https:\/\/d2p6e6u75xmxt8.cloudfront.net\/6\/2021\/08\/Chris-Horner-profimedia-0237650335.jpg 1000w, https:\/\/d2p6e6u75xmxt8.cloudfront.net\/6\/2021\/08\/Chris-Horner-profimedia-0237650335-300x200.jpg 300w, https:\/\/d2p6e6u75xmxt8.cloudfront.net\/6\/2021\/08\/Chris-Horner-profimedia-0237650335-768x511.jpg 768w, https:\/\/d2p6e6u75xmxt8.cloudfront.net\/6\/2021\/08\/Chris-Horner-profimedia-0237650335-272x182.jpg 272w\" sizes=\"auto, (max-width: 1000px) 100vw, 1000px\" \/><\/a><figcaption id=\"caption-attachment-8028\" class=\"wp-caption-text\">Horner en La Vuelta de 2013. \u00a9 Profimedia<\/figcaption><\/figure>\n<p>Hay que felicitar al estadounidense Chris Horner, que est\u00e1 retirado, pero que se convirti\u00f3 en el ganador de mayor edad de una Gran Vuelta en 2013, a los 41 a\u00f1os, cuando corr\u00eda para el Radio Shack-Leopard Trek. Consolid\u00f3 su liderazgo frente a Vincenzo Nibali durante una etapa \u00e9pica en el m\u00edtico <a href=\"https:\/\/youtu.be\/mFHznUIur88\">Angliru,<\/a><\/p>\n<h2><strong>Las mujeres<\/strong><\/h2>\n<figure id=\"attachment_6478\" aria-describedby=\"caption-attachment-6478\" style=\"width: 1024px\" class=\"wp-caption alignnone\"><a href=\"https:\/\/d2p6e6u75xmxt8.cloudfront.net\/2\/2020\/08\/profimedia-0378093507-1.jpg\"><img loading=\"lazy\" decoding=\"async\" class=\"size-large wp-image-6478\" src=\"https:\/\/d2p6e6u75xmxt8.cloudfront.net\/6\/2020\/08\/profimedia-0378093507-1-1024x682.jpg\" alt=\"Annemiek Van Vleuten\" width=\"1024\" height=\"682\" srcset=\"https:\/\/d2p6e6u75xmxt8.cloudfront.net\/6\/2020\/08\/profimedia-0378093507-1-1024x682.jpg 1024w, https:\/\/d2p6e6u75xmxt8.cloudfront.net\/6\/2020\/08\/profimedia-0378093507-1-300x200.jpg 300w, https:\/\/d2p6e6u75xmxt8.cloudfront.net\/6\/2020\/08\/profimedia-0378093507-1-768x512.jpg 768w, https:\/\/d2p6e6u75xmxt8.cloudfront.net\/6\/2020\/08\/profimedia-0378093507-1-272x182.jpg 272w, https:\/\/d2p6e6u75xmxt8.cloudfront.net\/6\/2020\/08\/profimedia-0378093507-1.jpg 1250w\" sizes=\"auto, (max-width: 1024px) 100vw, 1024px\" \/><\/a><figcaption id=\"caption-attachment-6478\" class=\"wp-caption-text\">Annemiek Van Vleuten gana &#8216;La Course by Le Tour de France en 2018. \u00a9 Profimedia<\/figcaption><\/figure>\n<p>Tambi\u00e9n hay un amplio grupo de mujeros que desaf\u00eda los estereotipos de edad, atletas como la holandesa Annemiek <a href=\"https:\/\/www.welovecycling.com\/es\/2020\/07\/26\/durango-emakumeen-saria\/\">Van Vleuten<\/a>, que corre para el equipo femenino Movistar World Team. A sus 38 a\u00f1os, ha ganado el Giro Rosa, se coron\u00f3 campeona del mundo en 2019 y, m\u00e1s recientemente, se llev\u00f3 a casa la plata ol\u00edmpica en la carrera en ruta femenina, el oro en la contrarreloj individual en Tokio y la Cl\u00e1sica de San Sebasti\u00e1n inmediatamente despu\u00e9s.<\/p>\n<p><strong>Mavi Garc\u00eda<\/strong> (Espa\u00f1a, Al\u00e9 Ljubljana) y <strong>Trixi Worrack<\/strong> (Alemania, Trek-Segafredo) se unen a Van Vleuten como las corredoras m\u00e1s maduras del pelot\u00f3n femenino. Mav\u00ed tiene 37 a\u00f1os y ha sido varias veces campeona de Espa\u00f1a de ruta y contrarreloj. A sus 39 a\u00f1os, Trixi es ex campeona nacional de Alemania en ruta en 2003 y vencedora en 2005 de la Primavera Rosa (la Mil\u00e1n-San Remo femenina).<\/p>\n<p>\u00bfCu\u00e1l es su secreto? No se trata s\u00f3lo de evitar los efectos naturales del envejecimiento, sino de ser capaz de soportar las exigencias mentales y f\u00edsicas de las carreras profesionales de larga duraci\u00f3n. Algunos nacen con dotes fisiol\u00f3gicas que los hacen excepcionales. Pero creo que la respuesta est\u00e1 en un enfoque m\u00e1s hol\u00edstico, el de una combinaci\u00f3n de fortaleza mental, un profundo amor por el deporte, la camarader\u00eda y la emoci\u00f3n de la competici\u00f3n.<\/p>\n","protected":false},"excerpt":{"rendered":"<p>\u00bfCu\u00e1ndo es un deportista demasiado mayor para competir profesionalmente en ciclismo? \u00bfEs la edad en el ciclismo profesional el factor [&hellip;]<\/p>\n","protected":false},"author":29,"featured_media":8030,"comment_status":"open","ping_status":"open","sticky":false,"template":"","format":"standard","meta":{"footnotes":""},"categories":[7],"tags":[2140,2139],"global-categories":[],"class_list":["post-8019","post","type-post","status-publish","format-standard","has-post-thumbnail","hentry","category-carretera","tag-ciclismo-profesional","tag-edad-y-ciclismo"],"yoast_head":"<!-- This site is optimized with the Yoast SEO Premium plugin v25.3 (Yoast SEO v25.9) - https:\/\/yoast.com\/wordpress\/plugins\/seo\/ -->\n<title>\u00bfEs la edad un factor clave para el ciclismo profesional? -<\/title>\n<meta name=\"description\" content=\"\u00bfEs la edad un factor clave para el ciclismo profesional? En ciclismo se puede ser competitivo al m\u00e1ximo nivel con 20 y 40 a\u00f1os.\" \/>\n<meta name=\"robots\" content=\"index, follow, max-snippet:-1, max-image-preview:large, max-video-preview:-1\" \/>\n<link rel=\"canonical\" href=\"https:\/\/www.welovecycling.com\/es\/2021\/08\/20\/edad-ciclismo-profesional\/\" \/>\n<meta property=\"og:locale\" content=\"es_ES\" \/>\n<meta property=\"og:type\" content=\"article\" \/>\n<meta property=\"og:title\" content=\"\u00bfEs la edad un factor clave para el ciclismo profesional?\" \/>\n<meta property=\"og:description\" content=\"\u00bfEs la edad un factor clave para el ciclismo profesional? En ciclismo se puede ser competitivo al m\u00e1ximo nivel con 20 y 40 a\u00f1os.\" \/>\n<meta property=\"og:url\" content=\"https:\/\/www.welovecycling.com\/es\/2021\/08\/20\/edad-ciclismo-profesional\/\" \/>\n<meta property=\"og:site_name\" content=\"\u0160koda We Love Cycling - Spain\" \/>\n<meta property=\"article:published_time\" content=\"2021-08-20T11:51:05+00:00\" \/>\n<meta property=\"og:image\" content=\"https:\/\/d2p6e6u75xmxt8.cloudfront.net\/6\/2021\/08\/Tokyo-peloton-profimedia-0623070356-CvR.jpg\" \/>\n\t<meta property=\"og:image:width\" content=\"1366\" \/>\n\t<meta property=\"og:image:height\" content=\"600\" \/>\n\t<meta property=\"og:image:type\" content=\"image\/jpeg\" \/>\n<meta name=\"author\" content=\"We Love Cycling Spain\" \/>\n<meta name=\"twitter:card\" content=\"summary_large_image\" \/>\n<meta name=\"twitter:title\" content=\"\u00bfEs la edad un factor clave para el ciclismo profesional?\" \/>\n<meta name=\"twitter:description\" content=\"\u00bfEs la edad un factor clave para el ciclismo profesional? En ciclismo se puede ser competitivo al m\u00e1ximo nivel con 20 y 40 a\u00f1os.\" \/>\n<meta name=\"twitter:label1\" content=\"Written by\" \/>\n\t<meta name=\"twitter:data1\" content=\"Andrea Champredonde\" \/>\n\t<meta name=\"twitter:label2\" content=\"Est. reading time\" \/>\n\t<meta name=\"twitter:data2\" content=\"6\" \/>\n<script type=\"application\/ld+json\" class=\"yoast-schema-graph\">{\"@context\":\"https:\/\/schema.org\",\"@graph\":[{\"@type\":\"WebPage\",\"@id\":\"https:\/\/www.welovecycling.com\/es\/2021\/08\/20\/edad-ciclismo-profesional\/\",\"url\":\"https:\/\/www.welovecycling.com\/es\/2021\/08\/20\/edad-ciclismo-profesional\/\",\"name\":\"\u00bfEs la edad un factor clave para el ciclismo profesional? -\",\"isPartOf\":{\"@id\":\"https:\/\/www.welovecycling.com\/es\/#website\"},\"primaryImageOfPage\":{\"@id\":\"https:\/\/www.welovecycling.com\/es\/2021\/08\/20\/edad-ciclismo-profesional\/#primaryimage\"},\"image\":{\"@id\":\"https:\/\/www.welovecycling.com\/es\/2021\/08\/20\/edad-ciclismo-profesional\/#primaryimage\"},\"thumbnailUrl\":\"https:\/\/d2p6e6u75xmxt8.cloudfront.net\/6\/2021\/08\/Tokyo-peloton-profimedia-0623070356-CvR.jpg\",\"datePublished\":\"2021-08-20T11:51:05+00:00\",\"author\":{\"@id\":\"https:\/\/www.welovecycling.com\/es\/#\/schema\/person\/deb61715b5812698ee79fb96f343ccd4\"},\"description\":\"\u00bfEs la edad un factor clave para el ciclismo profesional? En ciclismo se puede ser competitivo al m\u00e1ximo nivel con 20 y 40 a\u00f1os.\",\"breadcrumb\":{\"@id\":\"https:\/\/www.welovecycling.com\/es\/2021\/08\/20\/edad-ciclismo-profesional\/#breadcrumb\"},\"inLanguage\":\"es-ES\",\"potentialAction\":[{\"@type\":\"ReadAction\",\"target\":[\"https:\/\/www.welovecycling.com\/es\/2021\/08\/20\/edad-ciclismo-profesional\/\"]}]},{\"@type\":\"ImageObject\",\"inLanguage\":\"es-ES\",\"@id\":\"https:\/\/www.welovecycling.com\/es\/2021\/08\/20\/edad-ciclismo-profesional\/#primaryimage\",\"url\":\"https:\/\/d2p6e6u75xmxt8.cloudfront.net\/6\/2021\/08\/Tokyo-peloton-profimedia-0623070356-CvR.jpg\",\"contentUrl\":\"https:\/\/d2p6e6u75xmxt8.cloudfront.net\/6\/2021\/08\/Tokyo-peloton-profimedia-0623070356-CvR.jpg\",\"width\":1366,\"height\":600},{\"@type\":\"BreadcrumbList\",\"@id\":\"https:\/\/www.welovecycling.com\/es\/2021\/08\/20\/edad-ciclismo-profesional\/#breadcrumb\",\"itemListElement\":[{\"@type\":\"ListItem\",\"position\":1,\"name\":\"Home\",\"item\":\"https:\/\/www.welovecycling.com\/es\/\"},{\"@type\":\"ListItem\",\"position\":2,\"name\":\"\u00bfEs la edad un factor clave para el ciclismo profesional?\"}]},{\"@type\":\"WebSite\",\"@id\":\"https:\/\/www.welovecycling.com\/es\/#website\",\"url\":\"https:\/\/www.welovecycling.com\/es\/\",\"name\":\"\u0160koda We Love Cycling - Spain\",\"description\":\"\u0160koda WeLoveCycling Spain\",\"potentialAction\":[{\"@type\":\"SearchAction\",\"target\":{\"@type\":\"EntryPoint\",\"urlTemplate\":\"https:\/\/www.welovecycling.com\/es\/?s={search_term_string}\"},\"query-input\":{\"@type\":\"PropertyValueSpecification\",\"valueRequired\":true,\"valueName\":\"search_term_string\"}}],\"inLanguage\":\"es-ES\"},{\"@type\":\"Person\",\"@id\":\"https:\/\/www.welovecycling.com\/es\/#\/schema\/person\/deb61715b5812698ee79fb96f343ccd4\",\"name\":\"We Love Cycling Spain\",\"image\":{\"@type\":\"ImageObject\",\"inLanguage\":\"es-ES\",\"@id\":\"https:\/\/www.welovecycling.com\/es\/#\/schema\/person\/image\/\",\"url\":\"https:\/\/secure.gravatar.com\/avatar\/c824b04e6df0e37a03219d0b6481672889df542894588964102459e46513159c?s=96&d=mm&r=g\",\"contentUrl\":\"https:\/\/secure.gravatar.com\/avatar\/c824b04e6df0e37a03219d0b6481672889df542894588964102459e46513159c?s=96&d=mm&r=g\",\"caption\":\"We Love Cycling Spain\"},\"url\":\"https:\/\/www.welovecycling.com\/es\/author\/amunoz\/\"}]}<\/script>\n<!-- \/ Yoast SEO Premium plugin. -->","yoast_head_json":{"title":"\u00bfEs la edad un factor clave para el ciclismo profesional? -","description":"\u00bfEs la edad un factor clave para el ciclismo profesional? En ciclismo se puede ser competitivo al m\u00e1ximo nivel con 20 y 40 a\u00f1os.","robots":{"index":"index","follow":"follow","max-snippet":"max-snippet:-1","max-image-preview":"max-image-preview:large","max-video-preview":"max-video-preview:-1"},"canonical":"https:\/\/www.welovecycling.com\/es\/2021\/08\/20\/edad-ciclismo-profesional\/","og_locale":"es_ES","og_type":"article","og_title":"\u00bfEs la edad un factor clave para el ciclismo profesional?","og_description":"\u00bfEs la edad un factor clave para el ciclismo profesional? En ciclismo se puede ser competitivo al m\u00e1ximo nivel con 20 y 40 a\u00f1os.","og_url":"https:\/\/www.welovecycling.com\/es\/2021\/08\/20\/edad-ciclismo-profesional\/","og_site_name":"\u0160koda We Love Cycling - Spain","article_published_time":"2021-08-20T11:51:05+00:00","og_image":[{"width":1366,"height":600,"url":"https:\/\/d2p6e6u75xmxt8.cloudfront.net\/6\/2021\/08\/Tokyo-peloton-profimedia-0623070356-CvR.jpg","type":"image\/jpeg"}],"author":"We Love Cycling Spain","twitter_card":"summary_large_image","twitter_title":"\u00bfEs la edad un factor clave para el ciclismo profesional?","twitter_description":"\u00bfEs la edad un factor clave para el ciclismo profesional? En ciclismo se puede ser competitivo al m\u00e1ximo nivel con 20 y 40 a\u00f1os.","twitter_misc":{"Written by":"Andrea Champredonde","Est. reading time":"6"},"schema":{"@context":"https:\/\/schema.org","@graph":[{"@type":"WebPage","@id":"https:\/\/www.welovecycling.com\/es\/2021\/08\/20\/edad-ciclismo-profesional\/","url":"https:\/\/www.welovecycling.com\/es\/2021\/08\/20\/edad-ciclismo-profesional\/","name":"\u00bfEs la edad un factor clave para el ciclismo profesional? -","isPartOf":{"@id":"https:\/\/www.welovecycling.com\/es\/#website"},"primaryImageOfPage":{"@id":"https:\/\/www.welovecycling.com\/es\/2021\/08\/20\/edad-ciclismo-profesional\/#primaryimage"},"image":{"@id":"https:\/\/www.welovecycling.com\/es\/2021\/08\/20\/edad-ciclismo-profesional\/#primaryimage"},"thumbnailUrl":"https:\/\/d2p6e6u75xmxt8.cloudfront.net\/6\/2021\/08\/Tokyo-peloton-profimedia-0623070356-CvR.jpg","datePublished":"2021-08-20T11:51:05+00:00","author":{"@id":"https:\/\/www.welovecycling.com\/es\/#\/schema\/person\/deb61715b5812698ee79fb96f343ccd4"},"description":"\u00bfEs la edad un factor clave para el ciclismo profesional? En ciclismo se puede ser competitivo al m\u00e1ximo nivel con 20 y 40 a\u00f1os.","breadcrumb":{"@id":"https:\/\/www.welovecycling.com\/es\/2021\/08\/20\/edad-ciclismo-profesional\/#breadcrumb"},"inLanguage":"es-ES","potentialAction":[{"@type":"ReadAction","target":["https:\/\/www.welovecycling.com\/es\/2021\/08\/20\/edad-ciclismo-profesional\/"]}]},{"@type":"ImageObject","inLanguage":"es-ES","@id":"https:\/\/www.welovecycling.com\/es\/2021\/08\/20\/edad-ciclismo-profesional\/#primaryimage","url":"https:\/\/d2p6e6u75xmxt8.cloudfront.net\/6\/2021\/08\/Tokyo-peloton-profimedia-0623070356-CvR.jpg","contentUrl":"https:\/\/d2p6e6u75xmxt8.cloudfront.net\/6\/2021\/08\/Tokyo-peloton-profimedia-0623070356-CvR.jpg","width":1366,"height":600},{"@type":"BreadcrumbList","@id":"https:\/\/www.welovecycling.com\/es\/2021\/08\/20\/edad-ciclismo-profesional\/#breadcrumb","itemListElement":[{"@type":"ListItem","position":1,"name":"Home","item":"https:\/\/www.welovecycling.com\/es\/"},{"@type":"ListItem","position":2,"name":"\u00bfEs la edad un factor clave para el ciclismo profesional?"}]},{"@type":"WebSite","@id":"https:\/\/www.welovecycling.com\/es\/#website","url":"https:\/\/www.welovecycling.com\/es\/","name":"\u0160koda We Love Cycling - Spain","description":"\u0160koda WeLoveCycling Spain","potentialAction":[{"@type":"SearchAction","target":{"@type":"EntryPoint","urlTemplate":"https:\/\/www.welovecycling.com\/es\/?s={search_term_string}"},"query-input":{"@type":"PropertyValueSpecification","valueRequired":true,"valueName":"search_term_string"}}],"inLanguage":"es-ES"},{"@type":"Person","@id":"https:\/\/www.welovecycling.com\/es\/#\/schema\/person\/deb61715b5812698ee79fb96f343ccd4","name":"We Love Cycling Spain","image":{"@type":"ImageObject","inLanguage":"es-ES","@id":"https:\/\/www.welovecycling.com\/es\/#\/schema\/person\/image\/","url":"https:\/\/secure.gravatar.com\/avatar\/c824b04e6df0e37a03219d0b6481672889df542894588964102459e46513159c?s=96&d=mm&r=g","contentUrl":"https:\/\/secure.gravatar.com\/avatar\/c824b04e6df0e37a03219d0b6481672889df542894588964102459e46513159c?s=96&d=mm&r=g","caption":"We Love Cycling Spain"},"url":"https:\/\/www.welovecycling.com\/es\/author\/amunoz\/"}]}},"_links":{"self":[{"href":"https:\/\/www.welovecycling.com\/es\/wp-json\/wp\/v2\/posts\/8019","targetHints":{"allow":["GET"]}}],"collection":[{"href":"https:\/\/www.welovecycling.com\/es\/wp-json\/wp\/v2\/posts"}],"about":[{"href":"https:\/\/www.welovecycling.com\/es\/wp-json\/wp\/v2\/types\/post"}],"author":[{"embeddable":true,"href":"https:\/\/www.welovecycling.com\/es\/wp-json\/wp\/v2\/users\/29"}],"replies":[{"embeddable":true,"href":"https:\/\/www.welovecycling.com\/es\/wp-json\/wp\/v2\/comments?post=8019"}],"version-history":[{"count":2,"href":"https:\/\/www.welovecycling.com\/es\/wp-json\/wp\/v2\/posts\/8019\/revisions"}],"predecessor-version":[{"id":8032,"href":"https:\/\/www.welovecycling.com\/es\/wp-json\/wp\/v2\/posts\/8019\/revisions\/8032"}],"wp:featuredmedia":[{"embeddable":true,"href":"https:\/\/www.welovecycling.com\/es\/wp-json\/wp\/v2\/media\/8030"}],"wp:attachment":[{"href":"https:\/\/www.welovecycling.com\/es\/wp-json\/wp\/v2\/media?parent=8019"}],"wp:term":[{"taxonomy":"category","embeddable":true,"href":"https:\/\/www.welovecycling.com\/es\/wp-json\/wp\/v2\/categories?post=8019"},{"taxonomy":"post_tag","embeddable":true,"href":"https:\/\/www.welovecycling.com\/es\/wp-json\/wp\/v2\/tags?post=8019"},{"taxonomy":"global-categories","embeddable":true,"href":"https:\/\/www.welovecycling.com\/es\/wp-json\/wp\/v2\/global-categories?post=8019"}],"curies":[{"name":"wp","href":"https:\/\/api.w.org\/{rel}","templated":true}]}}