{"id":7948,"date":"2021-08-04T12:10:17","date_gmt":"2021-08-04T10:10:17","guid":{"rendered":"https:\/\/www.welovecycling.com\/es\/?p=7948"},"modified":"2021-08-04T12:10:17","modified_gmt":"2021-08-04T10:10:17","slug":"calendario-world-tour-femenino-2022","status":"publish","type":"post","link":"https:\/\/www.welovecycling.com\/es\/2021\/08\/04\/calendario-world-tour-femenino-2022\/","title":{"rendered":"\u00bfQu\u00e9 podemos esperar del calendario world Tour femenino 2022?"},"content":{"rendered":"<p><strong>A principios de este verano la UCI public\u00f3 el calendario World Tour femenino 2022 e incluye algunas sorpresas muy agradables. Aunque todav\u00eda queda temporada ciclista femenina, ya podemos ver qu\u00e9 es lo que nos espera para 2022. As\u00ed que, tanto si eres una fan incondicional desde hace a\u00f1os como si acabas de descubrir el dinamismo y el espect\u00e1culo del pelot\u00f3n femenino, aqu\u00ed tienes una peque\u00f1a muestra de lo que te espera el a\u00f1o que viene.\u00a0<\/strong><\/p>\n<p><!--more--><\/p>\n<h2><strong>Inicios de temporada 2022<\/strong><\/h2>\n<p>El calendario World Tour Femenino 2022 comienza el 5 de marzo, con la cl\u00e1sica italiana Strade Bianche, y contar\u00e1 con 22 eventos en total, de ellos 10 son vueltas por etapas. A la primera prueba italiana le seguir\u00e1 una semana m\u00e1s tarde la Ronde van Drenthe, y eso es s\u00f3lo el comienzo de una primavera llena de acci\u00f3n. El Trofeo Alfredo Binda, la Oxyclean Classic Brugge-De Panne, la Gent-Wevelgem, el Tour de Flandes, la Par\u00eds-Roubaix, la Amstel Gold Race, la Flecha Valona y la Lieja-Bastogne-Lieja tambi\u00e9n figuran en el programa de la primera parte de la temporada.<\/p>\n<figure id=\"attachment_7949\" aria-describedby=\"caption-attachment-7949\" style=\"width: 1000px\" class=\"wp-caption alignnone\"><a href=\"https:\/\/d2p6e6u75xmxt8.cloudfront.net\/6\/2021\/08\/Liege-Bastogne-Liege-women-profimedia-0607785001.jpg\"><img loading=\"lazy\" decoding=\"async\" class=\"size-full wp-image-7949\" src=\"https:\/\/d2p6e6u75xmxt8.cloudfront.net\/6\/2021\/08\/Liege-Bastogne-Liege-women-profimedia-0607785001.jpg\" alt=\"Li\u00e8ge-Bastogne-Li\u00e8ge Women\" width=\"1000\" height=\"666\" srcset=\"https:\/\/d2p6e6u75xmxt8.cloudfront.net\/6\/2021\/08\/Liege-Bastogne-Liege-women-profimedia-0607785001.jpg 1000w, https:\/\/d2p6e6u75xmxt8.cloudfront.net\/6\/2021\/08\/Liege-Bastogne-Liege-women-profimedia-0607785001-300x200.jpg 300w, https:\/\/d2p6e6u75xmxt8.cloudfront.net\/6\/2021\/08\/Liege-Bastogne-Liege-women-profimedia-0607785001-768x511.jpg 768w, https:\/\/d2p6e6u75xmxt8.cloudfront.net\/6\/2021\/08\/Liege-Bastogne-Liege-women-profimedia-0607785001-272x182.jpg 272w\" sizes=\"auto, (max-width: 1000px) 100vw, 1000px\" \/><\/a><figcaption id=\"caption-attachment-7949\" class=\"wp-caption-text\">Demi Vollering gan\u00f3 la Li\u00e8ge-Bastogne-Li\u00e8ge 2021. \u00a9 Profimedia<\/figcaption><\/figure>\n<h2><strong><br \/>\nTour de Fracia femenino, comienza el show<\/strong><\/h2>\n<p>Por supuesto, la gran estrella del calendario del a\u00f1o que viene ser\u00e1 el primer <a href=\"https:\/\/www.welovecycling.com\/es\/2021\/07\/22\/tour-francia-femenino\/\">Tour de Francia Femenino<\/a>, la esperada oferta del promotor del Tour de Francia masculino a La carrera femenina se disputar\u00e1 del 24 al 31 de julio, una semana despu\u00e9s de la prueba masculina, y parece que sustituir\u00e1 a <a href=\"https:\/\/www.welovecycling.com\/es\/2019\/02\/02\/5-ciclistas-seguir-2019\/\">La Course<\/a>, de un d\u00eda de duraci\u00f3n (actualmente ausente del calendario).<\/p>\n<p>Aunque es notablemente m\u00e1s corta, con s\u00f3lo ocho d\u00edas de carrera, ASO ha prometido que la versi\u00f3n femenina de la carrera adoptar\u00e1, no obstante, los mismos c\u00f3digos, valores y s\u00edmbolos que la prueba masculina. Las mujeres abrir\u00e1n este acontecimiento hist\u00f3rico el mismo d\u00eda en que los hombres terminen la \u00faltima etapa de su carrera, terminando ambas en Par\u00eds, en los Campos El\u00edseos, el 24 de julio.<\/p>\n<p>Tal y como celebran muchos en la comunidad ciclista, la carrera femenina estar\u00e1 patrocinada por la plataforma global de fitness online Zwift. Como tal, la carrera recibir\u00e1 el nombre oficial de &#8220;Tour de France Femmes by Zwift&#8221; durante su asociaci\u00f3n inicial de cuatro a\u00f1os con la empresa.<\/p>\n<div class=\"embed-controller-wrapper\">\n<blockquote class=\"twitter-tweet\" data-width=\"500\" data-dnt=\"true\">\n<p lang=\"en\" dir=\"ltr\">\ud83d\udce2  WOMEN&#39;S TOUR DE FRANCE! \ud83d\udce2<\/p>\n<p>The ASO is launching a new women&#39;s race, the &quot;Tour de France Femmes avec Zwift,&quot; in 2022, with 8 stages and live TV broadcast.<\/p>\n<p>\ud83d\udd17 Find out more here: <a href=\"https:\/\/t.co\/tuH9js6xvu\">https:\/\/t.co\/tuH9js6xvu<\/a><a href=\"https:\/\/twitter.com\/hashtag\/tdf?src=hash&amp;ref_src=twsrc%5Etfw\">#tdf<\/a> <a href=\"https:\/\/twitter.com\/GoZwift?ref_src=twsrc%5Etfw\">@gozwift<\/a> <a href=\"https:\/\/twitter.com\/LeTour?ref_src=twsrc%5Etfw\">@letour<\/a> <a href=\"https:\/\/t.co\/l87D0obYKF\">pic.twitter.com\/l87D0obYKF<\/a><\/p>\n<p>&mdash; Voxwomen (@Voxwomen) <a href=\"https:\/\/twitter.com\/Voxwomen\/status\/1405541241627021314?ref_src=twsrc%5Etfw\">June 17, 2021<\/a><\/p><\/blockquote>\n<p><script async data-src=\"https:\/\/platform.twitter.com\/widgets.js\" charset=\"utf-8\"><\/script><\/div>\n<p>&#8220;Construir un evento como el Tour de France Femmes con Zwift significa ofrecer al ciclismo femenino un evento preparado para resaltar las cualidades deportivas de algunas corredoras excepcionales&#8221;, <a href=\"https:\/\/www.letourfemmes.fr\/en\/news\/2021\/the-tour-de-france-launches-the-tour-de-france-femmes-avec-zwift\/1291778\">dijo<\/a> Christian Prudhomme, director del Tour de France. Y a\u00f1adi\u00f3 que &#8220;el nacimiento de esta carrera representa la perspectiva de ver una carrera femenina ascender a la cima del deporte mundial&#8221;.<\/p>\n<p>Los detalles completos de la carrera femenina se anunciar\u00e1n el 14 de octubre, cuando se presente el Tour de Francia 2022 en el Palacio de Congresos de Par\u00eds.<\/p>\n<h2><strong>El Giro Rosa\u00a0<\/strong><\/h2>\n<p>Otro cambio emocionante en el calendario de 2022 es el regreso del Giro de Italia Donne al World Tour femenino. La carrera, m\u00e1s conocida (y amada) como el Giro Rosa, ha sido restaurada al estatus WWT despu\u00e9s de ser degradada al estatus 2.Pro en 2021. Es el favorito de los aficionados y ciclistas se disputar\u00e1 del 1 al 10 de julio, dos semanas antes del Tour de Francia Femenino.<\/p>\n<figure id=\"attachment_7950\" aria-describedby=\"caption-attachment-7950\" style=\"width: 1024px\" class=\"wp-caption alignnone\"><a href=\"https:\/\/d2p6e6u75xmxt8.cloudfront.net\/2\/2021\/07\/Giro-Donne-Women-profimedia-0619286746.jpg\"><img loading=\"lazy\" decoding=\"async\" class=\"size-large wp-image-7950\" src=\"https:\/\/d2p6e6u75xmxt8.cloudfront.net\/6\/2021\/08\/Giro-Donne-Women-profimedia-0619286746-1024x681.jpg\" alt=\"Giro Rosa\" width=\"1024\" height=\"681\" srcset=\"https:\/\/d2p6e6u75xmxt8.cloudfront.net\/6\/2021\/08\/Giro-Donne-Women-profimedia-0619286746-1024x681.jpg 1024w, https:\/\/d2p6e6u75xmxt8.cloudfront.net\/6\/2021\/08\/Giro-Donne-Women-profimedia-0619286746-300x199.jpg 300w, https:\/\/d2p6e6u75xmxt8.cloudfront.net\/6\/2021\/08\/Giro-Donne-Women-profimedia-0619286746-768x511.jpg 768w, https:\/\/d2p6e6u75xmxt8.cloudfront.net\/6\/2021\/08\/Giro-Donne-Women-profimedia-0619286746-272x182.jpg 272w, https:\/\/d2p6e6u75xmxt8.cloudfront.net\/6\/2021\/08\/Giro-Donne-Women-profimedia-0619286746.jpg 1250w\" sizes=\"auto, (max-width: 1024px) 100vw, 1024px\" \/><\/a><figcaption id=\"caption-attachment-7950\" class=\"wp-caption-text\">El Giro Rosa ser\u00e1 World Tour en 2022. \u00a9 Profimedia<\/figcaption><\/figure>\n<h2><strong><br \/>\nM\u00e1s carreras por etapas<\/strong><\/h2>\n<p>Adem\u00e1s de las nuevas incorporaciones, otras dos carreras por etapas ver\u00e1n aumentados sus d\u00edas de competici\u00f3n para la temporada 2022: el Ladies Tour of Norway se convertir\u00e1 en la Batalla del Norte y se desarrollar\u00e1 durante seis, en lugar de cuatro, d\u00edas en agosto, y el Ceratizit Challenge by La Vuelta pasa de tres a cuatro d\u00edas en septiembre.<\/p>\n<p>Adem\u00e1s, dos eventos que no hemos visto en unos a\u00f1os volver\u00e1n al calendario para 2022. As\u00ed, la Prudential RideLondon Classique de Gran Breta\u00f1a est\u00e1 programada para el 27-29 de mayo, y la carrera en ruta y contrarreloj Postnord V\u00e5rg\u00e5rda WestSweden est\u00e1 programada para el 6-7 de agosto.<\/p>\n<h2><strong>M\u00e1s equipos para competir<\/strong><\/h2>\n<p>Por \u00faltimo, una interesante modificaci\u00f3n de la estructura del calendario World Tour Femenino 2022 WWT\u00a0 tiene que ver con la forma en que se invita a los equipos a participar en las pruebas del UCI Women&#8217;s WorldTour. A partir de la pr\u00f3xima temporada, los organizadores de carreras deber\u00e1n invitar no s\u00f3lo a los 15 equipos femeninos del UCI WorldTour, sino tambi\u00e9n a los dos mejores equipos continentales femeninos de la UCI. Se trata de una noticia muy interesante para muchas nuevas promesas del ciclismo y, como afirma la UCI, el aumento del n\u00famero de equipos invitados de 15 a 17 &#8220;tiene como objetivo estimular el desarrollo de los equipos femeninos&#8221;.<\/p>\n<p>Sin duda, \u00a1es un objetivo al que podemos sumarnos! Puedes encontrar el calendario completo del WorldTour femenino de \u00e9lite aqu\u00ed.<\/p>\n","protected":false},"excerpt":{"rendered":"<p>A principios de este verano la UCI public\u00f3 el calendario World Tour femenino 2022 e incluye algunas sorpresas muy agradables. [&hellip;]<\/p>\n","protected":false},"author":29,"featured_media":7952,"comment_status":"open","ping_status":"open","sticky":false,"template":"","format":"standard","meta":{"footnotes":""},"categories":[7],"tags":[2129,900],"global-categories":[],"class_list":["post-7948","post","type-post","status-publish","format-standard","has-post-thumbnail","hentry","category-carretera","tag-calendario-ciclista-femenino-2022","tag-calendario-world-tour-femenino"],"yoast_head":"<!-- This site is optimized with the Yoast SEO Premium plugin v25.3 (Yoast SEO v25.9) - https:\/\/yoast.com\/wordpress\/plugins\/seo\/ -->\n<title>\u00bfQu\u00e9 podemos esperar del calendario world Tour femenino 2022?<\/title>\n<meta name=\"description\" content=\"\u00bfQu\u00e9 podemos esperar del calendario world Tour femenino 2022? Se incorpora el Tour de Francia y vuelve el Giro Rosa, adem\u00e1s de las cl\u00e1sicas.\" \/>\n<meta name=\"robots\" content=\"index, follow, max-snippet:-1, max-image-preview:large, max-video-preview:-1\" \/>\n<link rel=\"canonical\" href=\"https:\/\/www.welovecycling.com\/es\/2021\/08\/04\/calendario-world-tour-femenino-2022\/\" \/>\n<meta property=\"og:locale\" content=\"es_ES\" \/>\n<meta property=\"og:type\" content=\"article\" \/>\n<meta property=\"og:title\" content=\"\u00bfQu\u00e9 podemos esperar del calendario world Tour femenino 2022?\" \/>\n<meta property=\"og:description\" content=\"\u00bfQu\u00e9 podemos esperar del calendario world Tour femenino 2022? Se incorpora el Tour de Francia y vuelve el Giro Rosa, adem\u00e1s de las cl\u00e1sicas.\" \/>\n<meta property=\"og:url\" content=\"https:\/\/www.welovecycling.com\/es\/2021\/08\/04\/calendario-world-tour-femenino-2022\/\" \/>\n<meta property=\"og:site_name\" content=\"\u0160koda We Love Cycling - Spain\" \/>\n<meta property=\"article:published_time\" content=\"2021-08-04T10:10:17+00:00\" \/>\n<meta property=\"og:image\" content=\"https:\/\/d2p6e6u75xmxt8.cloudfront.net\/6\/2021\/08\/Strade-Bianche-Women-profimedia-0595622332-CVR.jpg\" \/>\n\t<meta property=\"og:image:width\" content=\"1366\" \/>\n\t<meta property=\"og:image:height\" content=\"600\" \/>\n\t<meta property=\"og:image:type\" content=\"image\/jpeg\" \/>\n<meta name=\"author\" content=\"We Love Cycling Spain\" \/>\n<meta name=\"twitter:card\" content=\"summary_large_image\" \/>\n<meta name=\"twitter:title\" content=\"\u00bfQu\u00e9 podemos esperar del calendario world Tour femenino 2022?\" \/>\n<meta name=\"twitter:description\" content=\"\u00bfQu\u00e9 podemos esperar del calendario world Tour femenino 2022? Se incorpora el Tour de Francia y vuelve el Giro Rosa, adem\u00e1s de las cl\u00e1sicas.\" \/>\n<meta name=\"twitter:label1\" content=\"Written by\" \/>\n\t<meta name=\"twitter:data1\" content=\"Megan Flottorp\" \/>\n\t<meta name=\"twitter:label2\" content=\"Est. reading time\" \/>\n\t<meta name=\"twitter:data2\" content=\"6\" \/>\n<script type=\"application\/ld+json\" class=\"yoast-schema-graph\">{\"@context\":\"https:\/\/schema.org\",\"@graph\":[{\"@type\":\"WebPage\",\"@id\":\"https:\/\/www.welovecycling.com\/es\/2021\/08\/04\/calendario-world-tour-femenino-2022\/\",\"url\":\"https:\/\/www.welovecycling.com\/es\/2021\/08\/04\/calendario-world-tour-femenino-2022\/\",\"name\":\"\u00bfQu\u00e9 podemos esperar del calendario world Tour femenino 2022?\",\"isPartOf\":{\"@id\":\"https:\/\/www.welovecycling.com\/es\/#website\"},\"primaryImageOfPage\":{\"@id\":\"https:\/\/www.welovecycling.com\/es\/2021\/08\/04\/calendario-world-tour-femenino-2022\/#primaryimage\"},\"image\":{\"@id\":\"https:\/\/www.welovecycling.com\/es\/2021\/08\/04\/calendario-world-tour-femenino-2022\/#primaryimage\"},\"thumbnailUrl\":\"https:\/\/d2p6e6u75xmxt8.cloudfront.net\/6\/2021\/08\/Strade-Bianche-Women-profimedia-0595622332-CVR.jpg\",\"datePublished\":\"2021-08-04T10:10:17+00:00\",\"author\":{\"@id\":\"https:\/\/www.welovecycling.com\/es\/#\/schema\/person\/deb61715b5812698ee79fb96f343ccd4\"},\"description\":\"\u00bfQu\u00e9 podemos esperar del calendario world Tour femenino 2022? Se incorpora el Tour de Francia y vuelve el Giro Rosa, adem\u00e1s de las cl\u00e1sicas.\",\"breadcrumb\":{\"@id\":\"https:\/\/www.welovecycling.com\/es\/2021\/08\/04\/calendario-world-tour-femenino-2022\/#breadcrumb\"},\"inLanguage\":\"es-ES\",\"potentialAction\":[{\"@type\":\"ReadAction\",\"target\":[\"https:\/\/www.welovecycling.com\/es\/2021\/08\/04\/calendario-world-tour-femenino-2022\/\"]}]},{\"@type\":\"ImageObject\",\"inLanguage\":\"es-ES\",\"@id\":\"https:\/\/www.welovecycling.com\/es\/2021\/08\/04\/calendario-world-tour-femenino-2022\/#primaryimage\",\"url\":\"https:\/\/d2p6e6u75xmxt8.cloudfront.net\/6\/2021\/08\/Strade-Bianche-Women-profimedia-0595622332-CVR.jpg\",\"contentUrl\":\"https:\/\/d2p6e6u75xmxt8.cloudfront.net\/6\/2021\/08\/Strade-Bianche-Women-profimedia-0595622332-CVR.jpg\",\"width\":1366,\"height\":600,\"caption\":\"Strade Bianche\"},{\"@type\":\"BreadcrumbList\",\"@id\":\"https:\/\/www.welovecycling.com\/es\/2021\/08\/04\/calendario-world-tour-femenino-2022\/#breadcrumb\",\"itemListElement\":[{\"@type\":\"ListItem\",\"position\":1,\"name\":\"Home\",\"item\":\"https:\/\/www.welovecycling.com\/es\/\"},{\"@type\":\"ListItem\",\"position\":2,\"name\":\"\u00bfQu\u00e9 podemos esperar del calendario world Tour femenino 2022?\"}]},{\"@type\":\"WebSite\",\"@id\":\"https:\/\/www.welovecycling.com\/es\/#website\",\"url\":\"https:\/\/www.welovecycling.com\/es\/\",\"name\":\"\u0160koda We Love Cycling - Spain\",\"description\":\"\u0160koda WeLoveCycling Spain\",\"potentialAction\":[{\"@type\":\"SearchAction\",\"target\":{\"@type\":\"EntryPoint\",\"urlTemplate\":\"https:\/\/www.welovecycling.com\/es\/?s={search_term_string}\"},\"query-input\":{\"@type\":\"PropertyValueSpecification\",\"valueRequired\":true,\"valueName\":\"search_term_string\"}}],\"inLanguage\":\"es-ES\"},{\"@type\":\"Person\",\"@id\":\"https:\/\/www.welovecycling.com\/es\/#\/schema\/person\/deb61715b5812698ee79fb96f343ccd4\",\"name\":\"We Love Cycling Spain\",\"image\":{\"@type\":\"ImageObject\",\"inLanguage\":\"es-ES\",\"@id\":\"https:\/\/www.welovecycling.com\/es\/#\/schema\/person\/image\/\",\"url\":\"https:\/\/secure.gravatar.com\/avatar\/c824b04e6df0e37a03219d0b6481672889df542894588964102459e46513159c?s=96&d=mm&r=g\",\"contentUrl\":\"https:\/\/secure.gravatar.com\/avatar\/c824b04e6df0e37a03219d0b6481672889df542894588964102459e46513159c?s=96&d=mm&r=g\",\"caption\":\"We Love Cycling Spain\"},\"url\":\"https:\/\/www.welovecycling.com\/es\/author\/amunoz\/\"}]}<\/script>\n<!-- \/ Yoast SEO Premium plugin. -->","yoast_head_json":{"title":"\u00bfQu\u00e9 podemos esperar del calendario world Tour femenino 2022?","description":"\u00bfQu\u00e9 podemos esperar del calendario world Tour femenino 2022? Se incorpora el Tour de Francia y vuelve el Giro Rosa, adem\u00e1s de las cl\u00e1sicas.","robots":{"index":"index","follow":"follow","max-snippet":"max-snippet:-1","max-image-preview":"max-image-preview:large","max-video-preview":"max-video-preview:-1"},"canonical":"https:\/\/www.welovecycling.com\/es\/2021\/08\/04\/calendario-world-tour-femenino-2022\/","og_locale":"es_ES","og_type":"article","og_title":"\u00bfQu\u00e9 podemos esperar del calendario world Tour femenino 2022?","og_description":"\u00bfQu\u00e9 podemos esperar del calendario world Tour femenino 2022? Se incorpora el Tour de Francia y vuelve el Giro Rosa, adem\u00e1s de las cl\u00e1sicas.","og_url":"https:\/\/www.welovecycling.com\/es\/2021\/08\/04\/calendario-world-tour-femenino-2022\/","og_site_name":"\u0160koda We Love Cycling - Spain","article_published_time":"2021-08-04T10:10:17+00:00","og_image":[{"width":1366,"height":600,"url":"https:\/\/d2p6e6u75xmxt8.cloudfront.net\/6\/2021\/08\/Strade-Bianche-Women-profimedia-0595622332-CVR.jpg","type":"image\/jpeg"}],"author":"We Love Cycling Spain","twitter_card":"summary_large_image","twitter_title":"\u00bfQu\u00e9 podemos esperar del calendario world Tour femenino 2022?","twitter_description":"\u00bfQu\u00e9 podemos esperar del calendario world Tour femenino 2022? Se incorpora el Tour de Francia y vuelve el Giro Rosa, adem\u00e1s de las cl\u00e1sicas.","twitter_misc":{"Written by":"Megan Flottorp","Est. reading time":"6"},"schema":{"@context":"https:\/\/schema.org","@graph":[{"@type":"WebPage","@id":"https:\/\/www.welovecycling.com\/es\/2021\/08\/04\/calendario-world-tour-femenino-2022\/","url":"https:\/\/www.welovecycling.com\/es\/2021\/08\/04\/calendario-world-tour-femenino-2022\/","name":"\u00bfQu\u00e9 podemos esperar del calendario world Tour femenino 2022?","isPartOf":{"@id":"https:\/\/www.welovecycling.com\/es\/#website"},"primaryImageOfPage":{"@id":"https:\/\/www.welovecycling.com\/es\/2021\/08\/04\/calendario-world-tour-femenino-2022\/#primaryimage"},"image":{"@id":"https:\/\/www.welovecycling.com\/es\/2021\/08\/04\/calendario-world-tour-femenino-2022\/#primaryimage"},"thumbnailUrl":"https:\/\/d2p6e6u75xmxt8.cloudfront.net\/6\/2021\/08\/Strade-Bianche-Women-profimedia-0595622332-CVR.jpg","datePublished":"2021-08-04T10:10:17+00:00","author":{"@id":"https:\/\/www.welovecycling.com\/es\/#\/schema\/person\/deb61715b5812698ee79fb96f343ccd4"},"description":"\u00bfQu\u00e9 podemos esperar del calendario world Tour femenino 2022? Se incorpora el Tour de Francia y vuelve el Giro Rosa, adem\u00e1s de las cl\u00e1sicas.","breadcrumb":{"@id":"https:\/\/www.welovecycling.com\/es\/2021\/08\/04\/calendario-world-tour-femenino-2022\/#breadcrumb"},"inLanguage":"es-ES","potentialAction":[{"@type":"ReadAction","target":["https:\/\/www.welovecycling.com\/es\/2021\/08\/04\/calendario-world-tour-femenino-2022\/"]}]},{"@type":"ImageObject","inLanguage":"es-ES","@id":"https:\/\/www.welovecycling.com\/es\/2021\/08\/04\/calendario-world-tour-femenino-2022\/#primaryimage","url":"https:\/\/d2p6e6u75xmxt8.cloudfront.net\/6\/2021\/08\/Strade-Bianche-Women-profimedia-0595622332-CVR.jpg","contentUrl":"https:\/\/d2p6e6u75xmxt8.cloudfront.net\/6\/2021\/08\/Strade-Bianche-Women-profimedia-0595622332-CVR.jpg","width":1366,"height":600,"caption":"Strade Bianche"},{"@type":"BreadcrumbList","@id":"https:\/\/www.welovecycling.com\/es\/2021\/08\/04\/calendario-world-tour-femenino-2022\/#breadcrumb","itemListElement":[{"@type":"ListItem","position":1,"name":"Home","item":"https:\/\/www.welovecycling.com\/es\/"},{"@type":"ListItem","position":2,"name":"\u00bfQu\u00e9 podemos esperar del calendario world Tour femenino 2022?"}]},{"@type":"WebSite","@id":"https:\/\/www.welovecycling.com\/es\/#website","url":"https:\/\/www.welovecycling.com\/es\/","name":"\u0160koda We Love Cycling - Spain","description":"\u0160koda WeLoveCycling Spain","potentialAction":[{"@type":"SearchAction","target":{"@type":"EntryPoint","urlTemplate":"https:\/\/www.welovecycling.com\/es\/?s={search_term_string}"},"query-input":{"@type":"PropertyValueSpecification","valueRequired":true,"valueName":"search_term_string"}}],"inLanguage":"es-ES"},{"@type":"Person","@id":"https:\/\/www.welovecycling.com\/es\/#\/schema\/person\/deb61715b5812698ee79fb96f343ccd4","name":"We Love Cycling Spain","image":{"@type":"ImageObject","inLanguage":"es-ES","@id":"https:\/\/www.welovecycling.com\/es\/#\/schema\/person\/image\/","url":"https:\/\/secure.gravatar.com\/avatar\/c824b04e6df0e37a03219d0b6481672889df542894588964102459e46513159c?s=96&d=mm&r=g","contentUrl":"https:\/\/secure.gravatar.com\/avatar\/c824b04e6df0e37a03219d0b6481672889df542894588964102459e46513159c?s=96&d=mm&r=g","caption":"We Love Cycling Spain"},"url":"https:\/\/www.welovecycling.com\/es\/author\/amunoz\/"}]}},"_links":{"self":[{"href":"https:\/\/www.welovecycling.com\/es\/wp-json\/wp\/v2\/posts\/7948","targetHints":{"allow":["GET"]}}],"collection":[{"href":"https:\/\/www.welovecycling.com\/es\/wp-json\/wp\/v2\/posts"}],"about":[{"href":"https:\/\/www.welovecycling.com\/es\/wp-json\/wp\/v2\/types\/post"}],"author":[{"embeddable":true,"href":"https:\/\/www.welovecycling.com\/es\/wp-json\/wp\/v2\/users\/29"}],"replies":[{"embeddable":true,"href":"https:\/\/www.welovecycling.com\/es\/wp-json\/wp\/v2\/comments?post=7948"}],"version-history":[{"count":2,"href":"https:\/\/www.welovecycling.com\/es\/wp-json\/wp\/v2\/posts\/7948\/revisions"}],"predecessor-version":[{"id":7953,"href":"https:\/\/www.welovecycling.com\/es\/wp-json\/wp\/v2\/posts\/7948\/revisions\/7953"}],"wp:featuredmedia":[{"embeddable":true,"href":"https:\/\/www.welovecycling.com\/es\/wp-json\/wp\/v2\/media\/7952"}],"wp:attachment":[{"href":"https:\/\/www.welovecycling.com\/es\/wp-json\/wp\/v2\/media?parent=7948"}],"wp:term":[{"taxonomy":"category","embeddable":true,"href":"https:\/\/www.welovecycling.com\/es\/wp-json\/wp\/v2\/categories?post=7948"},{"taxonomy":"post_tag","embeddable":true,"href":"https:\/\/www.welovecycling.com\/es\/wp-json\/wp\/v2\/tags?post=7948"},{"taxonomy":"global-categories","embeddable":true,"href":"https:\/\/www.welovecycling.com\/es\/wp-json\/wp\/v2\/global-categories?post=7948"}],"curies":[{"name":"wp","href":"https:\/\/api.w.org\/{rel}","templated":true}]}}