{"id":7936,"date":"2021-07-29T13:49:23","date_gmt":"2021-07-29T11:49:23","guid":{"rendered":"https:\/\/www.welovecycling.com\/es\/?p=7936"},"modified":"2021-07-28T19:12:39","modified_gmt":"2021-07-28T17:12:39","slug":"carrera-olimpica-femenina-ruta","status":"publish","type":"post","link":"https:\/\/www.welovecycling.com\/es\/2021\/07\/29\/carrera-olimpica-femenina-ruta\/","title":{"rendered":"La sorprendente carrera ol\u00edmpica femenina de ruta"},"content":{"rendered":"<p><strong>Todav\u00eda estamos tratando de procesar lo que sucedi\u00f3 en la carrera ol\u00edmpica femenina del domingo. En una de las victorias m\u00e1s sorprendentes de la historia de los Juegos Ol\u00edmpicos, la ciclista austriaca Anna Kiesenhofer se hizo con la medalla de oro en Tokio, mientras que Annemiek van Vleuten y Elisa Longo Borghini se hicieron con la plata y el bronce, respectivamente.\u00a0<\/strong><\/p>\n<p><!--more--><\/p>\n<p>Como ya sabeis, cuando van Vleuten cruz\u00f3 la l\u00ednea de meta, levant\u00f3 las manos para celebrar que hab\u00eda ganado la carrera, lo que provoc\u00f3 un momento inc\u00f3modo para todo el mundo, incluidas otras ciclistas como <a href=\"https:\/\/www.welovecycling.com\/es\/2020\/12\/01\/rivalidades-ciclistas\/\">Lizzie Deignan<\/a>, que la felicitaron por la victoria. Kiesenhofer, que lleva sin contrato profesional desde 2017 y que corr\u00eda sin compa\u00f1eras de equipo, hab\u00eda pasado mientras tanto por la l\u00ednea de meta hac\u00eda m\u00e1s de un minuto. Entonces, \u00bfqu\u00e9 pas\u00f3 para que ocurriese todo esto<span style=\"font-size: 16px;\">?<\/span><\/p>\n<div class=\"embed-controller-wrapper\">\n<blockquote class=\"twitter-tweet\" data-width=\"500\" data-dnt=\"true\">\n<p lang=\"en\" dir=\"ltr\">Happy to have a good night of sleep after yesterday&#39;s rollercoaster ride of emotions.<br \/>Out of a situation where we were racing for 4th&#8230; I won my first Olympic medal. Training and staying at <a href=\"https:\/\/twitter.com\/HotelInteralpen?ref_src=twsrc%5Etfw\">@hotelinteralpen<\/a> did it&#39;s work again. \ud83d\udcaaTime to look forward!<br \/>11.30-13.00 \ud83c\uddef\ud83c\uddf5 \/4.30-6.00\ud83c\uddf3\ud83c\uddf1 <a href=\"https:\/\/t.co\/wNiXF1sxB8\">pic.twitter.com\/wNiXF1sxB8<\/a><\/p>\n<p>&mdash; Annemiek van Vleuten (@AvVleuten) <a href=\"https:\/\/twitter.com\/AvVleuten\/status\/1419555047633874945?ref_src=twsrc%5Etfw\">July 26, 2021<\/a><\/p><\/blockquote>\n<p><script async data-src=\"https:\/\/platform.twitter.com\/widgets.js\" charset=\"utf-8\"><\/script><\/div>\n<h2><strong>Haz que se olviden de ti<\/strong><\/h2>\n<p>A pesar de la sorpresa, cualquiera que haya visto la carrera no discutir\u00e1 el dominio de Kiesenhofer y su merecida victoria. La ciclista de 30 a\u00f1os se lanz\u00f3 al ataque desde el principio de la carrera de 137 kil\u00f3metros hasta el Fuji International Speedway, y tuvo tanto \u00e9xito que acab\u00f3 yendo en solitario durante los \u00faltimos 40 kil\u00f3metros.<\/p>\n<p>Atac\u00f3 desde la ca\u00edda de la bandera junto con Carla Oberholzer, Vera Looser, Omer Shapira y Anna Plichta, y consigui\u00f3 una ventaja que lleg\u00f3 a ser de 11 minutos en un momento dado. Fue a falta de poco m\u00e1s de 50 km cuando Van Vleuten, por su parte, decidi\u00f3 lanzar un ataque.<\/p>\n<p>Sin embargo, result\u00f3 ser demasiado poco y demasiado tarde. En el paso de Kagosaka, Kiesenhofer realiz\u00f3 un movimiento que defini\u00f3 la carrera, dejando atr\u00e1s a las dos corredoras restantes de la escapada. En ese momento, el acuerdo estaba pr\u00e1cticamente cerrado. Y a pesar de sus esfuerzos, Van Vleuten se vio obligada a retroceder a falta de 25 km de carrera, y el grupo lleg\u00f3 al circuito de meta con Shapira, Plichta y Kiesenhofer todav\u00eda en cabeza.<\/p>\n<p>&nbsp;<\/p>\n<figure id=\"attachment_184767\" aria-describedby=\"caption-attachment-184767\" style=\"width: 1000px\" class=\"wp-caption alignnone\"><a href=\"https:\/\/d2p6e6u75xmxt8.cloudfront.net\/2\/2021\/07\/Anna-Kiesenhofer-profimedia-0623212918.jpg\"><img loading=\"lazy\" decoding=\"async\" class=\"size-full wp-image-184767\" src=\"https:\/\/d2p6e6u75xmxt8.cloudfront.net\/2\/2021\/07\/Anna-Kiesenhofer-profimedia-0623212918.jpg\" alt=\"Anna Kiesenhofer\" width=\"1000\" height=\"666\" \/><\/a><figcaption id=\"caption-attachment-184767\" class=\"wp-caption-text\">Kiesenhofer despu\u00e9s de su sorprendente victoria. \u00a9 Profimedia<\/figcaption><\/figure>\n<p>Con las dos fugadas atrapadas en los \u00faltimos 5 km, el equipo de los Pa\u00edses Bajos se prepar\u00f3 para la llegada, con Van Vleuten atacando en los \u00faltimos 2 km y Elisa Longo Borghini sigui\u00e9ndoles en la persecuci\u00f3n, sin darse cuenta de que su destino en la carrera ol\u00edmpica femenina ya estaba decidido.<\/p>\n<h2><strong>Fallo de comunicaci\u00f3n<\/strong><\/h2>\n<p>Por supuesto, sigue siendo dif\u00edcil imaginar que las holandesas hayan perdido por completo la noci\u00f3n de que Kiesenhofer iba en cabeza. Sin embargo, hay algunas cosas \u00fanicas en las carreras ol\u00edmpicas que contribuyeron a la confusi\u00f3n. Por ejemplo, en los Juegos Ol\u00edmpicos no se permite el uso de radios, a diferencia de lo que ocurre en otras carreras profesionales, lo que dificulta saber d\u00f3nde se encuentran los corredores en la carretera.<\/p>\n<p>En segundo lugar, el hecho de que el pelot\u00f3n estuviera formado por escuadras peque\u00f1as -s\u00f3lo cinco pa\u00edses ten\u00edan la dotaci\u00f3n completa de cuatro corredoras- probablemente contribuy\u00f3 al caos que provoc\u00f3 la confusi\u00f3n de Van Vleuten cuando cruz\u00f3 la meta 75 segundos despu\u00e9s de Kiesenhofer.<\/p>\n<p>&#8220;Estoy destrozada&#8221;, <a href=\"https:\/\/apnews.com\/article\/2020-tokyo-olympics-sports-austria-olympic-team-italy-olympic-team-netherlands-olympic-team-4b80096526a4273048ce3ba28a3b5007\">dijo Van Vleuten<\/a>. &#8220;A falta de cinco kil\u00f3metros, Marianne se acerc\u00f3 a m\u00ed, ninguna de nosotras sab\u00eda si toda la fuga estaba atrapada. Esto es un ejemplo de lo que ocurre si corres una carrera importante como \u00e9sta sin comunicaci\u00f3n&#8221;.<\/p>\n<div class=\"embed-controller-wrapper\">\n<blockquote class=\"twitter-tweet\" data-width=\"500\" data-dnt=\"true\">\n<p lang=\"en\" dir=\"ltr\">My story. A day later my thoughts about yesterday&#39;s rollercoaster in a row. One last look back on the road race. Now looking forward to the TT! <a href=\"https:\/\/t.co\/CnKWPop0EC\">https:\/\/t.co\/CnKWPop0EC<\/a> (Text in Dutch)<\/p>\n<p>\ud83d\udcf8: <a href=\"https:\/\/twitter.com\/bettiniphoto?ref_src=twsrc%5Etfw\">@bettiniphoto<\/a> <a href=\"https:\/\/t.co\/fOCdTrVPGL\">pic.twitter.com\/fOCdTrVPGL<\/a><\/p>\n<p>&mdash; Annemiek van Vleuten (@AvVleuten) <a href=\"https:\/\/twitter.com\/AvVleuten\/status\/1419579816676888578?ref_src=twsrc%5Etfw\">July 26, 2021<\/a><\/p><\/blockquote>\n<p><script async data-src=\"https:\/\/platform.twitter.com\/widgets.js\" charset=\"utf-8\"><\/script><\/div>\n<h2><strong>No es una buena imagen para el pelot\u00f3n femenino<\/strong><\/h2>\n<p>Las holandesas tampoco fueron las \u00fanicas que se confundieron. Lizzie Deignan, que termin\u00f3 11\u00aa para Gran Breta\u00f1a, felicit\u00f3 a Van Vleuten en sus entrevistas posteriores a la carrera antes de darse cuenta de la verdadera ganadora.<\/p>\n<p>&#8220;No s\u00e9 nada de ella&#8221;, dijo <a href=\"https:\/\/www.skysports.com\/olympics\/news\/15234\/12363727\/tokyo-2020-olympics-annemiek-van-vleuten-mistakes-cycling-road-race-silver-for-gold-anna-kiesenhofer-wins-for-austria\">Deignan sobre Kiesenhofer<\/a> despu\u00e9s de la carrera. &#8220;Definitivamente es una ganadora sorpresa&#8221;.<\/p>\n<p>&#8220;Hab\u00eda una gran falta de informaci\u00f3n&#8221;, a\u00f1adi\u00f3 Deignan. &#8220;Probablemente el dominio holand\u00e9s antes de la carrera jug\u00f3 en mi contra al final. Nadie se comprometi\u00f3. En mi posici\u00f3n de corredora \u00fanica, no hab\u00eda nada que pudiera hacer, y me sorprendi\u00f3 la falta de colaboraci\u00f3n&#8221;.<\/p>\n<p>Otras corredoras tuvieron palabras m\u00e1s contundentes sobre su opini\u00f3n acerca de la calidad de la carrera ol\u00edmpica femenina. Cecilie Uttrup Ludwig, la polifac\u00e9tica danesa que termin\u00f3 justo por delante de Deignan en la 10\u00aa posici\u00f3n, no estaba satisfecha con la forma en que se desarrollaron todas las cosas. &#8220;Es completamente absurdo&#8221;, dijo en declaraciones al medio dan\u00e9s Ekstra Bladet.<\/p>\n<div class=\"embed-controller-wrapper\">\n<blockquote class=\"twitter-tweet\" data-width=\"500\" data-dnt=\"true\">\n<p lang=\"en\" dir=\"ltr\">Konnichiwa from Japan\ud83d\udc4b\ud83c\udffb\ud83c\uddef\ud83c\uddf5\ud83c\udfd4<br \/>The danish dynamite duo are absolutely thrilled to represent our country on Sunday at the biggest sport event in the world\ud83e\udde8\ud83c\udde9\ud83c\uddf0\ud83c\udf0f\ud83d\ude0d The wait is almost over\u23f2\ud83d\ude4c\ud83c\udffb\ud83e\udd29<a href=\"https:\/\/twitter.com\/Tokyo2020?ref_src=twsrc%5Etfw\">@Tokyo2020<\/a> here we come\ud83d\udc99\ud83d\udda4\u2764\ufe0f\ud83d\udc9b\ud83d\udc9a <a href=\"https:\/\/twitter.com\/hashtag\/AllForDenmark?src=hash&amp;ref_src=twsrc%5Etfw\">#AllForDenmark<\/a> <a href=\"https:\/\/t.co\/0tQFFmgDSm\">pic.twitter.com\/0tQFFmgDSm<\/a><\/p>\n<p>&mdash; Cecilie Uttrup Ludwig (@CUttrupLudwig) <a href=\"https:\/\/twitter.com\/CUttrupLudwig\/status\/1417821068652204033?ref_src=twsrc%5Etfw\">July 21, 2021<\/a><\/p><\/blockquote>\n<p><script async data-src=\"https:\/\/platform.twitter.com\/widgets.js\" charset=\"utf-8\"><\/script><\/div>\n<p>M\u00e1s tarde, declar\u00f3 a la Corporaci\u00f3n Danesa de Radiodifusi\u00f3n (DR): &#8220;Si he de ser completamente honesta, esto [la carrera\/lo ocurrido] fue una mierda. Fue una representaci\u00f3n bastante mala del ciclismo femenino&#8221;.<\/p>\n<h2><strong>\u00bfQui\u00e9n es la ganadora?\u00a0<\/strong><\/h2>\n<p>La carrera del domingo demuestra que el pelot\u00f3n femenino es de todo menos predecible y que todav\u00eda hay espacio para las sorpresas, ya que este deporte sigue creciendo.<\/p>\n<p>\u00bfY qu\u00e9 hay de esta sorprendente campeona ol\u00edmpica? La ciclista austriaca, que se convirti\u00f3 en la primera ciclista austriaca en subir a lo m\u00e1s alto del podio ol\u00edmpico desde Adolf Schmal en los Juegos de 1896 en Atenas, tuvo un camino poco convencional hacia el oro en Tokio. A pesar de una prometedora carrera en sus inicios, dej\u00f3 el deporte en 2017 al no poder conseguir un equipo que la contratara.<\/p>\n<p>Regres\u00f3 varios a\u00f1os despu\u00e9s, en 2019, como ciclista amateur y gan\u00f3 los t\u00edtulos de campeona nacional austriaca de ruta y contrarreloj. Acab\u00f3 entrando en los Juegos Ol\u00edmpicos con un equipo comercial y sin contrato profesional. Aparte de sus aficiones ciclistas, es tambi\u00e9n doctora en matem\u00e1ticas y estudi\u00f3 en Viena y Cambridge antes de terminar su doctorado en Catalu\u00f1a en 2016. Actualmente compagina la docencia con la investigaci\u00f3n en la Universidad de Lausana.<\/p>\n<figure id=\"attachment_184769\" aria-describedby=\"caption-attachment-184769\" style=\"width: 1000px\" class=\"wp-caption alignnone\"><a href=\"https:\/\/d2p6e6u75xmxt8.cloudfront.net\/2\/2021\/07\/Anna-Kiesenhofer-Olympics-profimedia-0623289044.jpg\"><img loading=\"lazy\" decoding=\"async\" class=\"wp-image-184769 size-full\" src=\"https:\/\/d2p6e6u75xmxt8.cloudfront.net\/2\/2021\/07\/Anna-Kiesenhofer-Olympics-profimedia-0623289044.jpg\" alt=\"Anna Kiesenhofer\" width=\"1000\" height=\"666\" \/><\/a><figcaption id=\"caption-attachment-184769\" class=\"wp-caption-text\">Celebrando la victoria. \u00a9 Profimedia<\/figcaption><\/figure>\n<p>&nbsp;<\/p>\n<p>Un curr\u00edculum impresionante, incluso sin a\u00f1adir &#8220;medalla de oro ol\u00edmpica&#8221;. As\u00ed que, a pesar del aluvi\u00f3n de emociones que acabar\u00e1 caracterizando la carrera ol\u00edmpica femenina en ruta de este a\u00f1o, les dejamos con las palabras de la mujer que la gan\u00f3:<\/p>\n<p>&#8220;Hab\u00eda planeado atacar desde el kil\u00f3metro cero, y estaba contenta de poder ponerme al frente. Estoy contenta de no haber tenido demasiado miedo y haberme atrevido a hacerlo. He atacado y en el grupo hemos trabajado m\u00e1s o menos juntas. Vi que era el m\u00e1s fuerte, y sab\u00eda que pod\u00eda aprovechar la subida antes del largo descenso.<\/p>\n<p>Al final, s\u00f3lo intent\u00e9 llegar a la l\u00ednea. Mis piernas estaban completamente vac\u00edas. Nunca me hab\u00eda esforzado tanto en mi vida. Apenas pod\u00eda pedalear. Parec\u00eda que no me quedaba energ\u00eda en las piernas [&#8230;] Es incre\u00edble. Realmente he sacrificado mucho para este d\u00eda. No esperaba rendir as\u00ed. Yo tambi\u00e9n lo habr\u00eda sacrificado todo por quedar entre las 15 primeras, pero tener ahora este triunfo por todo el esfuerzo es una gran recompensa&#8221;.<\/p>\n<p>Felicitamos a Anna Kiesenhofer por su impresionante victoria y esperamos ver m\u00e1s en acci\u00f3n a la campeona ol\u00edmpica las pr\u00f3ximas semanas.<\/p>\n","protected":false},"excerpt":{"rendered":"<p>Todav\u00eda estamos tratando de procesar lo que sucedi\u00f3 en la carrera ol\u00edmpica femenina del domingo. En una de las victorias [&hellip;]<\/p>\n","protected":false},"author":29,"featured_media":184770,"comment_status":"open","ping_status":"open","sticky":false,"template":"","format":"standard","meta":{"footnotes":""},"categories":[7],"tags":[],"global-categories":[],"class_list":["post-7936","post","type-post","status-publish","format-standard","has-post-thumbnail","hentry","category-carretera"],"yoast_head":"<!-- This site is optimized with the Yoast SEO Premium plugin v25.3 (Yoast SEO v25.9) - https:\/\/yoast.com\/wordpress\/plugins\/seo\/ -->\n<title>La sorprendente carrera ol\u00edmpica femenina de ruta<\/title>\n<meta name=\"description\" content=\"La sorprendente carrera ol\u00edmpica femenina de ruta. Por qu\u00e9 se proclam\u00f3 campeona contra todo pron\u00f3stico la austr\u00edaca Kiesenhofer.\" \/>\n<meta name=\"robots\" content=\"index, follow, max-snippet:-1, max-image-preview:large, max-video-preview:-1\" \/>\n<link rel=\"canonical\" href=\"https:\/\/www.welovecycling.com\/es\/2021\/07\/29\/carrera-olimpica-femenina-ruta\/\" \/>\n<meta property=\"og:locale\" content=\"es_ES\" \/>\n<meta property=\"og:type\" content=\"article\" \/>\n<meta property=\"og:title\" content=\"La sorprendente carrera ol\u00edmpica femenina de ruta\" \/>\n<meta property=\"og:description\" content=\"La sorprendente carrera ol\u00edmpica femenina de ruta. Por qu\u00e9 se proclam\u00f3 campeona contra todo pron\u00f3stico la austr\u00edaca Kiesenhofer.\" \/>\n<meta property=\"og:url\" content=\"https:\/\/www.welovecycling.com\/es\/2021\/07\/29\/carrera-olimpica-femenina-ruta\/\" \/>\n<meta property=\"og:site_name\" content=\"\u0160koda We Love Cycling - Spain\" \/>\n<meta property=\"article:published_time\" content=\"2021-07-29T11:49:23+00:00\" \/>\n<meta name=\"author\" content=\"We Love Cycling Spain\" \/>\n<meta name=\"twitter:card\" content=\"summary_large_image\" \/>\n<meta name=\"twitter:title\" content=\"La sorprendente carrera ol\u00edmpica femenina de ruta\" \/>\n<meta name=\"twitter:description\" content=\"La sorprendente carrera ol\u00edmpica femenina de ruta. Por qu\u00e9 se proclam\u00f3 campeona contra todo pron\u00f3stico la austr\u00edaca Kiesenhofer.\" \/>\n<meta name=\"twitter:label1\" content=\"Written by\" \/>\n\t<meta name=\"twitter:data1\" content=\"Megan Flottorp\" \/>\n\t<meta name=\"twitter:label2\" content=\"Est. reading time\" \/>\n\t<meta name=\"twitter:data2\" content=\"6\" \/>\n<script type=\"application\/ld+json\" class=\"yoast-schema-graph\">{\"@context\":\"https:\/\/schema.org\",\"@graph\":[{\"@type\":\"WebPage\",\"@id\":\"https:\/\/www.welovecycling.com\/es\/2021\/07\/29\/carrera-olimpica-femenina-ruta\/\",\"url\":\"https:\/\/www.welovecycling.com\/es\/2021\/07\/29\/carrera-olimpica-femenina-ruta\/\",\"name\":\"La sorprendente carrera ol\u00edmpica femenina de ruta\",\"isPartOf\":{\"@id\":\"https:\/\/www.welovecycling.com\/es\/#website\"},\"primaryImageOfPage\":{\"@id\":\"https:\/\/www.welovecycling.com\/es\/2021\/07\/29\/carrera-olimpica-femenina-ruta\/#primaryimage\"},\"image\":{\"@id\":\"https:\/\/www.welovecycling.com\/es\/2021\/07\/29\/carrera-olimpica-femenina-ruta\/#primaryimage\"},\"thumbnailUrl\":\"\",\"datePublished\":\"2021-07-29T11:49:23+00:00\",\"author\":{\"@id\":\"https:\/\/www.welovecycling.com\/es\/#\/schema\/person\/deb61715b5812698ee79fb96f343ccd4\"},\"description\":\"La sorprendente carrera ol\u00edmpica femenina de ruta. Por qu\u00e9 se proclam\u00f3 campeona contra todo pron\u00f3stico la austr\u00edaca Kiesenhofer.\",\"breadcrumb\":{\"@id\":\"https:\/\/www.welovecycling.com\/es\/2021\/07\/29\/carrera-olimpica-femenina-ruta\/#breadcrumb\"},\"inLanguage\":\"es-ES\",\"potentialAction\":[{\"@type\":\"ReadAction\",\"target\":[\"https:\/\/www.welovecycling.com\/es\/2021\/07\/29\/carrera-olimpica-femenina-ruta\/\"]}]},{\"@type\":\"ImageObject\",\"inLanguage\":\"es-ES\",\"@id\":\"https:\/\/www.welovecycling.com\/es\/2021\/07\/29\/carrera-olimpica-femenina-ruta\/#primaryimage\",\"url\":\"\",\"contentUrl\":\"\"},{\"@type\":\"BreadcrumbList\",\"@id\":\"https:\/\/www.welovecycling.com\/es\/2021\/07\/29\/carrera-olimpica-femenina-ruta\/#breadcrumb\",\"itemListElement\":[{\"@type\":\"ListItem\",\"position\":1,\"name\":\"Home\",\"item\":\"https:\/\/www.welovecycling.com\/es\/\"},{\"@type\":\"ListItem\",\"position\":2,\"name\":\"La sorprendente carrera ol\u00edmpica femenina de ruta\"}]},{\"@type\":\"WebSite\",\"@id\":\"https:\/\/www.welovecycling.com\/es\/#website\",\"url\":\"https:\/\/www.welovecycling.com\/es\/\",\"name\":\"\u0160koda We Love Cycling - Spain\",\"description\":\"\u0160koda WeLoveCycling Spain\",\"potentialAction\":[{\"@type\":\"SearchAction\",\"target\":{\"@type\":\"EntryPoint\",\"urlTemplate\":\"https:\/\/www.welovecycling.com\/es\/?s={search_term_string}\"},\"query-input\":{\"@type\":\"PropertyValueSpecification\",\"valueRequired\":true,\"valueName\":\"search_term_string\"}}],\"inLanguage\":\"es-ES\"},{\"@type\":\"Person\",\"@id\":\"https:\/\/www.welovecycling.com\/es\/#\/schema\/person\/deb61715b5812698ee79fb96f343ccd4\",\"name\":\"We Love Cycling Spain\",\"image\":{\"@type\":\"ImageObject\",\"inLanguage\":\"es-ES\",\"@id\":\"https:\/\/www.welovecycling.com\/es\/#\/schema\/person\/image\/\",\"url\":\"https:\/\/secure.gravatar.com\/avatar\/c824b04e6df0e37a03219d0b6481672889df542894588964102459e46513159c?s=96&d=mm&r=g\",\"contentUrl\":\"https:\/\/secure.gravatar.com\/avatar\/c824b04e6df0e37a03219d0b6481672889df542894588964102459e46513159c?s=96&d=mm&r=g\",\"caption\":\"We Love Cycling Spain\"},\"url\":\"https:\/\/www.welovecycling.com\/es\/author\/amunoz\/\"}]}<\/script>\n<!-- \/ Yoast SEO Premium plugin. -->","yoast_head_json":{"title":"La sorprendente carrera ol\u00edmpica femenina de ruta","description":"La sorprendente carrera ol\u00edmpica femenina de ruta. Por qu\u00e9 se proclam\u00f3 campeona contra todo pron\u00f3stico la austr\u00edaca Kiesenhofer.","robots":{"index":"index","follow":"follow","max-snippet":"max-snippet:-1","max-image-preview":"max-image-preview:large","max-video-preview":"max-video-preview:-1"},"canonical":"https:\/\/www.welovecycling.com\/es\/2021\/07\/29\/carrera-olimpica-femenina-ruta\/","og_locale":"es_ES","og_type":"article","og_title":"La sorprendente carrera ol\u00edmpica femenina de ruta","og_description":"La sorprendente carrera ol\u00edmpica femenina de ruta. Por qu\u00e9 se proclam\u00f3 campeona contra todo pron\u00f3stico la austr\u00edaca Kiesenhofer.","og_url":"https:\/\/www.welovecycling.com\/es\/2021\/07\/29\/carrera-olimpica-femenina-ruta\/","og_site_name":"\u0160koda We Love Cycling - Spain","article_published_time":"2021-07-29T11:49:23+00:00","author":"We Love Cycling Spain","twitter_card":"summary_large_image","twitter_title":"La sorprendente carrera ol\u00edmpica femenina de ruta","twitter_description":"La sorprendente carrera ol\u00edmpica femenina de ruta. Por qu\u00e9 se proclam\u00f3 campeona contra todo pron\u00f3stico la austr\u00edaca Kiesenhofer.","twitter_misc":{"Written by":"Megan Flottorp","Est. reading time":"6"},"schema":{"@context":"https:\/\/schema.org","@graph":[{"@type":"WebPage","@id":"https:\/\/www.welovecycling.com\/es\/2021\/07\/29\/carrera-olimpica-femenina-ruta\/","url":"https:\/\/www.welovecycling.com\/es\/2021\/07\/29\/carrera-olimpica-femenina-ruta\/","name":"La sorprendente carrera ol\u00edmpica femenina de ruta","isPartOf":{"@id":"https:\/\/www.welovecycling.com\/es\/#website"},"primaryImageOfPage":{"@id":"https:\/\/www.welovecycling.com\/es\/2021\/07\/29\/carrera-olimpica-femenina-ruta\/#primaryimage"},"image":{"@id":"https:\/\/www.welovecycling.com\/es\/2021\/07\/29\/carrera-olimpica-femenina-ruta\/#primaryimage"},"thumbnailUrl":"","datePublished":"2021-07-29T11:49:23+00:00","author":{"@id":"https:\/\/www.welovecycling.com\/es\/#\/schema\/person\/deb61715b5812698ee79fb96f343ccd4"},"description":"La sorprendente carrera ol\u00edmpica femenina de ruta. Por qu\u00e9 se proclam\u00f3 campeona contra todo pron\u00f3stico la austr\u00edaca Kiesenhofer.","breadcrumb":{"@id":"https:\/\/www.welovecycling.com\/es\/2021\/07\/29\/carrera-olimpica-femenina-ruta\/#breadcrumb"},"inLanguage":"es-ES","potentialAction":[{"@type":"ReadAction","target":["https:\/\/www.welovecycling.com\/es\/2021\/07\/29\/carrera-olimpica-femenina-ruta\/"]}]},{"@type":"ImageObject","inLanguage":"es-ES","@id":"https:\/\/www.welovecycling.com\/es\/2021\/07\/29\/carrera-olimpica-femenina-ruta\/#primaryimage","url":"","contentUrl":""},{"@type":"BreadcrumbList","@id":"https:\/\/www.welovecycling.com\/es\/2021\/07\/29\/carrera-olimpica-femenina-ruta\/#breadcrumb","itemListElement":[{"@type":"ListItem","position":1,"name":"Home","item":"https:\/\/www.welovecycling.com\/es\/"},{"@type":"ListItem","position":2,"name":"La sorprendente carrera ol\u00edmpica femenina de ruta"}]},{"@type":"WebSite","@id":"https:\/\/www.welovecycling.com\/es\/#website","url":"https:\/\/www.welovecycling.com\/es\/","name":"\u0160koda We Love Cycling - Spain","description":"\u0160koda WeLoveCycling Spain","potentialAction":[{"@type":"SearchAction","target":{"@type":"EntryPoint","urlTemplate":"https:\/\/www.welovecycling.com\/es\/?s={search_term_string}"},"query-input":{"@type":"PropertyValueSpecification","valueRequired":true,"valueName":"search_term_string"}}],"inLanguage":"es-ES"},{"@type":"Person","@id":"https:\/\/www.welovecycling.com\/es\/#\/schema\/person\/deb61715b5812698ee79fb96f343ccd4","name":"We Love Cycling Spain","image":{"@type":"ImageObject","inLanguage":"es-ES","@id":"https:\/\/www.welovecycling.com\/es\/#\/schema\/person\/image\/","url":"https:\/\/secure.gravatar.com\/avatar\/c824b04e6df0e37a03219d0b6481672889df542894588964102459e46513159c?s=96&d=mm&r=g","contentUrl":"https:\/\/secure.gravatar.com\/avatar\/c824b04e6df0e37a03219d0b6481672889df542894588964102459e46513159c?s=96&d=mm&r=g","caption":"We Love Cycling Spain"},"url":"https:\/\/www.welovecycling.com\/es\/author\/amunoz\/"}]}},"_links":{"self":[{"href":"https:\/\/www.welovecycling.com\/es\/wp-json\/wp\/v2\/posts\/7936","targetHints":{"allow":["GET"]}}],"collection":[{"href":"https:\/\/www.welovecycling.com\/es\/wp-json\/wp\/v2\/posts"}],"about":[{"href":"https:\/\/www.welovecycling.com\/es\/wp-json\/wp\/v2\/types\/post"}],"author":[{"embeddable":true,"href":"https:\/\/www.welovecycling.com\/es\/wp-json\/wp\/v2\/users\/29"}],"replies":[{"embeddable":true,"href":"https:\/\/www.welovecycling.com\/es\/wp-json\/wp\/v2\/comments?post=7936"}],"version-history":[{"count":2,"href":"https:\/\/www.welovecycling.com\/es\/wp-json\/wp\/v2\/posts\/7936\/revisions"}],"predecessor-version":[{"id":7943,"href":"https:\/\/www.welovecycling.com\/es\/wp-json\/wp\/v2\/posts\/7936\/revisions\/7943"}],"wp:featuredmedia":[{"embeddable":true,"href":"https:\/\/www.welovecycling.com\/es\/wp-json\/"}],"wp:attachment":[{"href":"https:\/\/www.welovecycling.com\/es\/wp-json\/wp\/v2\/media?parent=7936"}],"wp:term":[{"taxonomy":"category","embeddable":true,"href":"https:\/\/www.welovecycling.com\/es\/wp-json\/wp\/v2\/categories?post=7936"},{"taxonomy":"post_tag","embeddable":true,"href":"https:\/\/www.welovecycling.com\/es\/wp-json\/wp\/v2\/tags?post=7936"},{"taxonomy":"global-categories","embeddable":true,"href":"https:\/\/www.welovecycling.com\/es\/wp-json\/wp\/v2\/global-categories?post=7936"}],"curies":[{"name":"wp","href":"https:\/\/api.w.org\/{rel}","templated":true}]}}