{"id":7914,"date":"2021-07-26T12:53:59","date_gmt":"2021-07-26T10:53:59","guid":{"rendered":"https:\/\/www.welovecycling.com\/es\/?p=7914"},"modified":"2021-07-26T13:03:08","modified_gmt":"2021-07-26T11:03:08","slug":"etape-tour-madrid","status":"publish","type":"post","link":"https:\/\/www.welovecycling.com\/es\/2021\/07\/26\/etape-tour-madrid\/","title":{"rendered":"L&#8217;Etape Tour Madrid, dentro del coraz\u00f3n del Tour de Francia"},"content":{"rendered":"<p><strong>Cuando escuchas la sinton\u00eda del podio del Tour de Francia siempre te sube un cosquilleo por las piernas. Si te pasa a las 08.00 de un s\u00e1bado entre Miguel Indurain, \u00d3scar Pereiro, Sara Mart\u00edn y otros 900 ciclistas m\u00e1s el efecto se multiplica. Y si a tu alrededor todo son banderas y maillots amarillos significa o que las cervezas de anoche te hicieron demasiado efecto, no te has despertado todav\u00eda y est\u00e1s so\u00f1ando con el Tour&#8230; o que est\u00e1s a punto de tomar la salida de La Etape du Tour Madrid en Villanueva del Pardillo.\u00a0<\/strong><\/p>\n<p><!--more--><\/p>\n<p>Porque el Tour, para los que no hemos corrido el Tour (y ya no tenemos opciones de hacerlo) es eso, un sue\u00f1o de verano para saltarnos la siesta en mitad de la can\u00edcula. Y si la organizaci\u00f3n nos trae a Madrid toda la &#8216;parafernalia&#8217; de la Grande Boucle en forma de cicloturista, pues hay que aprovecharla, \u00bfno? Que no todos los d\u00edas tienes al diablo <a href=\"https:\/\/www.welovecycling.com\/es\/2021\/06\/26\/razones-amamos-tour-de-francia\/\">Didi Senft<\/a> (s\u00ed, que apareci\u00f3 en los 90 y todo el mundo cre\u00eda que era fan de <a href=\"https:\/\/www.welovecycling.com\/es\/2021\/01\/29\/idolos-ciclistas-80-90\/\">Chiappucci<\/a>) d\u00e1ndote toques con el tridente mientras subes un puerto o esper\u00e1ndote en la l\u00ednea de meta para darte el \u00faltimo grito de \u00e1nimo.<br \/>\nLa organizaci\u00f3n hab\u00eda preparado dos recorridos para la primera edici\u00f3n de La Etape du Tour en Madrid. Discurr\u00edan por una de las zonas ciclistas menos conocidas de la regi\u00f3n y de \u00c1vila. Muchos puertos sin &#8216;nombres&#8217; y territorio comanche sin un metro llano. \u00bfComparaciones? Pues estilo Lieja-Bastogne-Lieja. El m\u00e1s largo de <a href=\"https:\/\/spain.letapebytourdefrance.com\/madrid\/la-prueba\/recorridos\/\">170 kil\u00f3metros y 3.000 metros de desnivel y la versi\u00f3n media de 115 y 2.000 metros acumulados<\/a>. M\u00e1s que suficiente para llegar a meta con hambre&#8230;<\/p>\n<h3><strong>COLOR TOUR DE FRANCIA<\/strong><\/h3>\n<p>Todo empezaba el viernes. Zona de recogida de dorsales con toda la infograf\u00eda del Tour. Los maillots del Tour, la zona de firmas, los carteles con el recorrido de las dos cicloturistas y sus puertos, una Pinarello roja para sortear, el diablo para hacerte una foto con \u00e9l. Ideal para imbuirte en el esp\u00edritu del Tour, por si hac\u00eda falta algo m\u00e1s. Igual que en los Village de Salida del resto de las cicloturistas con el sello <strong>Etape du Tour.<\/strong> La idea surgi\u00f3 hace dos d\u00e9cadas y consist\u00eda en que el Tour eleg\u00eda una de sus etapas de la edici\u00f3n de ese a\u00f1o y hac\u00eda una cicloturista por el mismo recorrido. Generalmente en<strong> Alpes o Pirineos. Ya saben, que si un a\u00f1o 4.500 metros de desnivel, que si 5.000 al otro&#8230;<\/strong><\/p>\n<p><a href=\"https:\/\/d2p6e6u75xmxt8.cloudfront.net\/6\/2021\/07\/etape-tour-spain-skoda-1.jpg\"><img loading=\"lazy\" decoding=\"async\" class=\"aligncenter size-large wp-image-7919\" src=\"https:\/\/d2p6e6u75xmxt8.cloudfront.net\/6\/2021\/07\/etape-tour-spain-skoda-1-915x1024.jpg\" alt=\"\" width=\"915\" height=\"1024\" srcset=\"https:\/\/d2p6e6u75xmxt8.cloudfront.net\/6\/2021\/07\/etape-tour-spain-skoda-1-915x1024.jpg 915w, https:\/\/d2p6e6u75xmxt8.cloudfront.net\/6\/2021\/07\/etape-tour-spain-skoda-1-268x300.jpg 268w, https:\/\/d2p6e6u75xmxt8.cloudfront.net\/6\/2021\/07\/etape-tour-spain-skoda-1-768x859.jpg 768w, https:\/\/d2p6e6u75xmxt8.cloudfront.net\/6\/2021\/07\/etape-tour-spain-skoda-1-1373x1536.jpg 1373w, https:\/\/d2p6e6u75xmxt8.cloudfront.net\/6\/2021\/07\/etape-tour-spain-skoda-1-1831x2048.jpg 1831w, https:\/\/d2p6e6u75xmxt8.cloudfront.net\/6\/2021\/07\/etape-tour-spain-skoda-1-1716x1920.jpg 1716w, https:\/\/d2p6e6u75xmxt8.cloudfront.net\/6\/2021\/07\/etape-tour-spain-skoda-1.jpg 1920w, https:\/\/d2p6e6u75xmxt8.cloudfront.net\/6\/2021\/07\/etape-tour-spain-skoda-1-1716x1920.jpg 1716w\" sizes=\"auto, (max-width: 915px) 100vw, 915px\" \/><\/a><\/p>\n<p>El caso es que fue calando entre los cicloturistas, como para no hacerlo, claro. Y en <strong>2019 ya tomaban la salida en la Etape du Tour Francia 16.000 ciclista<\/strong>s. Para entonces la franquicia ya hab\u00eda ampliado fronteras y hab\u00eda Etape du Tour en Australia, Argentina, M\u00e9xico, Alemania o Colombia. A Espa\u00f1a deber\u00eda haber llegado en 2020, pero por si no se hab\u00edan enterado hubo una pandemia y se aplaz\u00f3 hasta este verano de 2021.<\/p>\n<h3><strong>M\u00c1S PUERTOS QUE EN EL PERFIL&#8230;<\/strong><\/h3>\n<p>Ahora, con toma de temperatura antes de entrar en el caj\u00f3n y la mascarilla puesta hasta que se daba la salida (y el m\u00f3vil con la tele puesta para ver la carrera ol\u00edmpica de Jap\u00f3n),<strong> comenzaba la primera Etape du Tour Madrid desde Villanueva del Pardillo<\/strong>. Velocidad libre, con<strong> Strava lives<\/strong>, sin chip y con el tr\u00e1fico abierto, pero controlado. Es decir, que pod\u00edas correr tanto como quisieras (o m\u00e1s bien pudieses), pero siempre teniendo en cuenta que segu\u00eda sin ser una carrera.<\/p>\n<p>As\u00ed que el llano del inicio (el \u00fanico de todo el recorrido) hab\u00eda que aprovecharlo para calentar las piernas y no gastar demasiado. Rodar en pelot\u00f3n siempre ayuda. Porque pasado <strong>Quijorna se empezaba a poner la carretera cuesta arriba<\/strong>. \u00bfPero en el libro de ruta no pon\u00eda que los puertos empezaban m\u00e1s tarde? Si, ya, pero si en el kil\u00f3metro 25 est\u00e1s a 500 metros de altitud y en el 39 a 1.042 quiere decir que algo tienes que haber subido \u00bfno? En la <strong>carreras m\u00e1ster de El Escorial son puertos de segunda y de tercera<\/strong>&#8230; as\u00ed que hab\u00eda que meter m\u00e1s vatios que si fuese llano o en bajada.<\/p>\n<p><a href=\"https:\/\/d2p6e6u75xmxt8.cloudfront.net\/6\/2021\/07\/Etape-Tour-Spain-salida.jpg\"><img loading=\"lazy\" decoding=\"async\" class=\"aligncenter size-full wp-image-7920\" src=\"https:\/\/d2p6e6u75xmxt8.cloudfront.net\/6\/2021\/07\/Etape-Tour-Spain-salida.jpg\" alt=\"\" width=\"1024\" height=\"473\" srcset=\"https:\/\/d2p6e6u75xmxt8.cloudfront.net\/6\/2021\/07\/Etape-Tour-Spain-salida.jpg 1024w, https:\/\/d2p6e6u75xmxt8.cloudfront.net\/6\/2021\/07\/Etape-Tour-Spain-salida-300x139.jpg 300w, https:\/\/d2p6e6u75xmxt8.cloudfront.net\/6\/2021\/07\/Etape-Tour-Spain-salida-768x355.jpg 768w\" sizes=\"auto, (max-width: 1024px) 100vw, 1024px\" \/><\/a><\/p>\n<p>Descenso hasta Robledo de Chavela, giro a la derecha y camino de Valdequemada pues otra <strong>media docena de repechos,<\/strong> por si acaso cre\u00edan las piernas que iban a estar mucho tiempo sin dar pedales. Ah\u00ed, en el kil\u00f3metro<strong> 50 se divid\u00edan las dos versiones de la cicloturista<\/strong>. La m\u00e1s larga hacia la provincia de \u00c1vila para seguir sumando metros de desnivel antes del tramposo <strong>Arrebatacapas<\/strong>, ese puerto que despu\u00e9s de coronarlo tienes cinco kil\u00f3metros &#8216;llanos&#8217; que te echan abajo la moral.\u00a0 Y sobre todo <strong>El Mediano<\/strong>. Un desconocido para la competici\u00f3n y que tiene dos muros al 16% que nada tienen que envidiar a <strong>La Redoute<\/strong> (recuerden lo de Lieja, claro). Para la versi\u00f3n de 115 el siguiente puerto era <strong>La Escondida<\/strong>. Largo (12 kil\u00f3metros) pero sin grandes desniveles y dentro de un bosque apartado del mundo. Apuntado para futuras rutas por aqu\u00ed.<\/p>\n<h3><strong>AVITUALLAMIENTO Y DOS M\u00c1S&#8230;<\/strong><\/h3>\n<p>Las dos marchas se juntaban en el avituallamiento de <strong>Las Navas del Marqu\u00e9s<\/strong>. Si, justo en la plaza debajo de la <strong>Iglesia-Castillo<\/strong>. Perfecto para hacerse fotos (y para que aparezca el helic\u00f3ptero de la televisi\u00f3n francesa por encima y el Carlos de Andr\u00e9s de turno explique cuando se construy\u00f3 y qu\u00e9 funci\u00f3n ten\u00eda) y para recuperar energ\u00edas con <strong>Etixx y Kas<\/strong> (si es que hasta las marcas suenan a ciclismo y Tour de Francia).<\/p>\n<p>Quedaban las dos \u00faltimas &#8216;tachuelas&#8217;. Primero<strong> Santa Maria de la Alameda<\/strong>, con solo 5 kil\u00f3metros pero al 7,5% y con dos tramos por encima del 10% que acababan haciendo da\u00f1o. Y despu\u00e9s la <strong>&#8216;tendida&#8217; Paradilla,<\/strong> 4,6 kil\u00f3metros al 4,5% de media, que se hacen muy bien si no tienes m\u00e1s de 2.000 metros de desnivel acumulado en las piernas. Desde la cima solo quedaba bajar la <strong>Cruz Verde por Zarzalejo<\/strong> (con parada en el avituallamiento incluida) y dejar correr la bicicleta por terreno favorable.<\/p>\n<p><a href=\"https:\/\/d2p6e6u75xmxt8.cloudfront.net\/6\/2021\/07\/Etape-Tour-Spain.jpg\"><img loading=\"lazy\" decoding=\"async\" class=\"aligncenter size-full wp-image-7922\" src=\"https:\/\/d2p6e6u75xmxt8.cloudfront.net\/6\/2021\/07\/Etape-Tour-Spain.jpg\" alt=\"\" width=\"1024\" height=\"473\" srcset=\"https:\/\/d2p6e6u75xmxt8.cloudfront.net\/6\/2021\/07\/Etape-Tour-Spain.jpg 1024w, https:\/\/d2p6e6u75xmxt8.cloudfront.net\/6\/2021\/07\/Etape-Tour-Spain-300x139.jpg 300w, https:\/\/d2p6e6u75xmxt8.cloudfront.net\/6\/2021\/07\/Etape-Tour-Spain-768x355.jpg 768w\" sizes=\"auto, (max-width: 1024px) 100vw, 1024px\" \/><\/a><\/p>\n<p>Todo cuesta abajo. Bueno, no. Que esto es La Etape du Tour. Y ya sabes que la organizaci\u00f3n tiene que meter siempre <strong>un &#8216;repechito&#8217; antes de meta para que no llegue todo el pelot\u00f3n junto<\/strong> y para que a los que les sobran fuerzas puedan darse el \u00faltimo calent\u00f3n. Esta vez hab\u00eda dos. Uno de kil\u00f3metro y medio antes de llegar a Villanueva del Pardillo y otro de solo 500 metros a un paso de meta, pero con el extra del viento, que en ese momento le dio por soplar en plan huracanado y de cara, claro. Los \u00faltimos vatios para cruzar la meta, saludar al Diablo y recibir la <strong>medalla del Tour,<\/strong> que es de esas que guardas con cari\u00f1o en casa (y la pones al lado de la tele en el mes de julio) porque ya te sientes parte del Tour de Francia.<\/p>\n","protected":false},"excerpt":{"rendered":"<p>Cuando escuchas la sinton\u00eda del podio del Tour de Francia siempre te sube un cosquilleo por las piernas. Si te [&hellip;]<\/p>\n","protected":false},"author":29,"featured_media":7917,"comment_status":"open","ping_status":"open","sticky":false,"template":"","format":"standard","meta":{"footnotes":""},"categories":[7],"tags":[168,557],"global-categories":[1164],"class_list":["post-7914","post","type-post","status-publish","format-standard","has-post-thumbnail","hentry","category-carretera","tag-tour","tag-tour-de-francia","global-categories-cycling"],"yoast_head":"<!-- This site is optimized with the Yoast SEO Premium plugin v25.3 (Yoast SEO v25.9) - https:\/\/yoast.com\/wordpress\/plugins\/seo\/ -->\n<title>L&#039;Etape Tour Madrid, dentro del coraz\u00f3n del Tour de Francia -<\/title>\n<meta name=\"description\" content=\"L&#039;Etape Tour Madrid, dentro del coraz\u00f3n del Tour de Francia. As\u00ed fue la primera edici\u00f3n de la Etapa del Tour Spain en Villanueva del Pardillo\" \/>\n<meta name=\"robots\" content=\"index, follow, max-snippet:-1, max-image-preview:large, max-video-preview:-1\" \/>\n<link rel=\"canonical\" href=\"https:\/\/www.welovecycling.com\/es\/2021\/07\/26\/etape-tour-madrid\/\" \/>\n<meta property=\"og:locale\" content=\"es_ES\" \/>\n<meta property=\"og:type\" content=\"article\" \/>\n<meta property=\"og:title\" content=\"L&#039;Etape Tour Madrid, dentro del coraz\u00f3n del Tour de Francia\" \/>\n<meta property=\"og:description\" content=\"L&#039;Etape Tour Madrid, dentro del coraz\u00f3n del Tour de Francia. As\u00ed fue la primera edici\u00f3n de la Etapa del Tour Spain en Villanueva del Pardillo\" \/>\n<meta property=\"og:url\" content=\"https:\/\/www.welovecycling.com\/es\/2021\/07\/26\/etape-tour-madrid\/\" \/>\n<meta property=\"og:site_name\" content=\"\u0160koda We Love Cycling - Spain\" \/>\n<meta property=\"article:published_time\" content=\"2021-07-26T10:53:59+00:00\" \/>\n<meta property=\"article:modified_time\" content=\"2021-07-26T11:03:08+00:00\" \/>\n<meta property=\"og:image\" content=\"https:\/\/d2p6e6u75xmxt8.cloudfront.net\/6\/2021\/07\/Etape-Tour-Spain-salida2.jpg\" \/>\n\t<meta property=\"og:image:width\" content=\"1024\" \/>\n\t<meta property=\"og:image:height\" content=\"562\" \/>\n\t<meta property=\"og:image:type\" content=\"image\/jpeg\" \/>\n<meta name=\"author\" content=\"We Love Cycling Spain\" \/>\n<meta name=\"twitter:card\" content=\"summary_large_image\" \/>\n<meta name=\"twitter:title\" content=\"L&#039;Etape Tour Madrid, dentro del coraz\u00f3n del Tour de Francia\" \/>\n<meta name=\"twitter:description\" content=\"L&#039;Etape Tour Madrid, dentro del coraz\u00f3n del Tour de Francia. As\u00ed fue la primera edici\u00f3n de la Etapa del Tour Spain en Villanueva del Pardillo\" \/>\n<meta name=\"twitter:label1\" content=\"Written by\" \/>\n\t<meta name=\"twitter:data1\" content=\"Luis Ortega @Ciclored\" \/>\n\t<meta name=\"twitter:label2\" content=\"Est. reading time\" \/>\n\t<meta name=\"twitter:data2\" content=\"6 minutes\" \/>\n<script type=\"application\/ld+json\" class=\"yoast-schema-graph\">{\"@context\":\"https:\/\/schema.org\",\"@graph\":[{\"@type\":\"WebPage\",\"@id\":\"https:\/\/www.welovecycling.com\/es\/2021\/07\/26\/etape-tour-madrid\/\",\"url\":\"https:\/\/www.welovecycling.com\/es\/2021\/07\/26\/etape-tour-madrid\/\",\"name\":\"L'Etape Tour Madrid, dentro del coraz\u00f3n del Tour de Francia -\",\"isPartOf\":{\"@id\":\"https:\/\/www.welovecycling.com\/es\/#website\"},\"primaryImageOfPage\":{\"@id\":\"https:\/\/www.welovecycling.com\/es\/2021\/07\/26\/etape-tour-madrid\/#primaryimage\"},\"image\":{\"@id\":\"https:\/\/www.welovecycling.com\/es\/2021\/07\/26\/etape-tour-madrid\/#primaryimage\"},\"thumbnailUrl\":\"https:\/\/d2p6e6u75xmxt8.cloudfront.net\/6\/2021\/07\/Etape-Tour-Spain-salida2.jpg\",\"datePublished\":\"2021-07-26T10:53:59+00:00\",\"dateModified\":\"2021-07-26T11:03:08+00:00\",\"author\":{\"@id\":\"https:\/\/www.welovecycling.com\/es\/#\/schema\/person\/deb61715b5812698ee79fb96f343ccd4\"},\"description\":\"L'Etape Tour Madrid, dentro del coraz\u00f3n del Tour de Francia. As\u00ed fue la primera edici\u00f3n de la Etapa del Tour Spain en Villanueva del Pardillo\",\"breadcrumb\":{\"@id\":\"https:\/\/www.welovecycling.com\/es\/2021\/07\/26\/etape-tour-madrid\/#breadcrumb\"},\"inLanguage\":\"es-ES\",\"potentialAction\":[{\"@type\":\"ReadAction\",\"target\":[\"https:\/\/www.welovecycling.com\/es\/2021\/07\/26\/etape-tour-madrid\/\"]}]},{\"@type\":\"ImageObject\",\"inLanguage\":\"es-ES\",\"@id\":\"https:\/\/www.welovecycling.com\/es\/2021\/07\/26\/etape-tour-madrid\/#primaryimage\",\"url\":\"https:\/\/d2p6e6u75xmxt8.cloudfront.net\/6\/2021\/07\/Etape-Tour-Spain-salida2.jpg\",\"contentUrl\":\"https:\/\/d2p6e6u75xmxt8.cloudfront.net\/6\/2021\/07\/Etape-Tour-Spain-salida2.jpg\",\"width\":1024,\"height\":562},{\"@type\":\"BreadcrumbList\",\"@id\":\"https:\/\/www.welovecycling.com\/es\/2021\/07\/26\/etape-tour-madrid\/#breadcrumb\",\"itemListElement\":[{\"@type\":\"ListItem\",\"position\":1,\"name\":\"Home\",\"item\":\"https:\/\/www.welovecycling.com\/es\/\"},{\"@type\":\"ListItem\",\"position\":2,\"name\":\"L&#8217;Etape Tour Madrid, dentro del coraz\u00f3n del Tour de Francia\"}]},{\"@type\":\"WebSite\",\"@id\":\"https:\/\/www.welovecycling.com\/es\/#website\",\"url\":\"https:\/\/www.welovecycling.com\/es\/\",\"name\":\"\u0160koda We Love Cycling - Spain\",\"description\":\"\u0160koda WeLoveCycling Spain\",\"potentialAction\":[{\"@type\":\"SearchAction\",\"target\":{\"@type\":\"EntryPoint\",\"urlTemplate\":\"https:\/\/www.welovecycling.com\/es\/?s={search_term_string}\"},\"query-input\":{\"@type\":\"PropertyValueSpecification\",\"valueRequired\":true,\"valueName\":\"search_term_string\"}}],\"inLanguage\":\"es-ES\"},{\"@type\":\"Person\",\"@id\":\"https:\/\/www.welovecycling.com\/es\/#\/schema\/person\/deb61715b5812698ee79fb96f343ccd4\",\"name\":\"We Love Cycling Spain\",\"image\":{\"@type\":\"ImageObject\",\"inLanguage\":\"es-ES\",\"@id\":\"https:\/\/www.welovecycling.com\/es\/#\/schema\/person\/image\/\",\"url\":\"https:\/\/secure.gravatar.com\/avatar\/c824b04e6df0e37a03219d0b6481672889df542894588964102459e46513159c?s=96&d=mm&r=g\",\"contentUrl\":\"https:\/\/secure.gravatar.com\/avatar\/c824b04e6df0e37a03219d0b6481672889df542894588964102459e46513159c?s=96&d=mm&r=g\",\"caption\":\"We Love Cycling Spain\"},\"url\":\"https:\/\/www.welovecycling.com\/es\/author\/amunoz\/\"}]}<\/script>\n<!-- \/ Yoast SEO Premium plugin. -->","yoast_head_json":{"title":"L'Etape Tour Madrid, dentro del coraz\u00f3n del Tour de Francia -","description":"L'Etape Tour Madrid, dentro del coraz\u00f3n del Tour de Francia. As\u00ed fue la primera edici\u00f3n de la Etapa del Tour Spain en Villanueva del Pardillo","robots":{"index":"index","follow":"follow","max-snippet":"max-snippet:-1","max-image-preview":"max-image-preview:large","max-video-preview":"max-video-preview:-1"},"canonical":"https:\/\/www.welovecycling.com\/es\/2021\/07\/26\/etape-tour-madrid\/","og_locale":"es_ES","og_type":"article","og_title":"L'Etape Tour Madrid, dentro del coraz\u00f3n del Tour de Francia","og_description":"L'Etape Tour Madrid, dentro del coraz\u00f3n del Tour de Francia. As\u00ed fue la primera edici\u00f3n de la Etapa del Tour Spain en Villanueva del Pardillo","og_url":"https:\/\/www.welovecycling.com\/es\/2021\/07\/26\/etape-tour-madrid\/","og_site_name":"\u0160koda We Love Cycling - Spain","article_published_time":"2021-07-26T10:53:59+00:00","article_modified_time":"2021-07-26T11:03:08+00:00","og_image":[{"width":1024,"height":562,"url":"https:\/\/d2p6e6u75xmxt8.cloudfront.net\/6\/2021\/07\/Etape-Tour-Spain-salida2.jpg","type":"image\/jpeg"}],"author":"We Love Cycling Spain","twitter_card":"summary_large_image","twitter_title":"L'Etape Tour Madrid, dentro del coraz\u00f3n del Tour de Francia","twitter_description":"L'Etape Tour Madrid, dentro del coraz\u00f3n del Tour de Francia. As\u00ed fue la primera edici\u00f3n de la Etapa del Tour Spain en Villanueva del Pardillo","twitter_misc":{"Written by":"Luis Ortega @Ciclored","Est. reading time":"6 minutes"},"schema":{"@context":"https:\/\/schema.org","@graph":[{"@type":"WebPage","@id":"https:\/\/www.welovecycling.com\/es\/2021\/07\/26\/etape-tour-madrid\/","url":"https:\/\/www.welovecycling.com\/es\/2021\/07\/26\/etape-tour-madrid\/","name":"L'Etape Tour Madrid, dentro del coraz\u00f3n del Tour de Francia -","isPartOf":{"@id":"https:\/\/www.welovecycling.com\/es\/#website"},"primaryImageOfPage":{"@id":"https:\/\/www.welovecycling.com\/es\/2021\/07\/26\/etape-tour-madrid\/#primaryimage"},"image":{"@id":"https:\/\/www.welovecycling.com\/es\/2021\/07\/26\/etape-tour-madrid\/#primaryimage"},"thumbnailUrl":"https:\/\/d2p6e6u75xmxt8.cloudfront.net\/6\/2021\/07\/Etape-Tour-Spain-salida2.jpg","datePublished":"2021-07-26T10:53:59+00:00","dateModified":"2021-07-26T11:03:08+00:00","author":{"@id":"https:\/\/www.welovecycling.com\/es\/#\/schema\/person\/deb61715b5812698ee79fb96f343ccd4"},"description":"L'Etape Tour Madrid, dentro del coraz\u00f3n del Tour de Francia. As\u00ed fue la primera edici\u00f3n de la Etapa del Tour Spain en Villanueva del Pardillo","breadcrumb":{"@id":"https:\/\/www.welovecycling.com\/es\/2021\/07\/26\/etape-tour-madrid\/#breadcrumb"},"inLanguage":"es-ES","potentialAction":[{"@type":"ReadAction","target":["https:\/\/www.welovecycling.com\/es\/2021\/07\/26\/etape-tour-madrid\/"]}]},{"@type":"ImageObject","inLanguage":"es-ES","@id":"https:\/\/www.welovecycling.com\/es\/2021\/07\/26\/etape-tour-madrid\/#primaryimage","url":"https:\/\/d2p6e6u75xmxt8.cloudfront.net\/6\/2021\/07\/Etape-Tour-Spain-salida2.jpg","contentUrl":"https:\/\/d2p6e6u75xmxt8.cloudfront.net\/6\/2021\/07\/Etape-Tour-Spain-salida2.jpg","width":1024,"height":562},{"@type":"BreadcrumbList","@id":"https:\/\/www.welovecycling.com\/es\/2021\/07\/26\/etape-tour-madrid\/#breadcrumb","itemListElement":[{"@type":"ListItem","position":1,"name":"Home","item":"https:\/\/www.welovecycling.com\/es\/"},{"@type":"ListItem","position":2,"name":"L&#8217;Etape Tour Madrid, dentro del coraz\u00f3n del Tour de Francia"}]},{"@type":"WebSite","@id":"https:\/\/www.welovecycling.com\/es\/#website","url":"https:\/\/www.welovecycling.com\/es\/","name":"\u0160koda We Love Cycling - Spain","description":"\u0160koda WeLoveCycling Spain","potentialAction":[{"@type":"SearchAction","target":{"@type":"EntryPoint","urlTemplate":"https:\/\/www.welovecycling.com\/es\/?s={search_term_string}"},"query-input":{"@type":"PropertyValueSpecification","valueRequired":true,"valueName":"search_term_string"}}],"inLanguage":"es-ES"},{"@type":"Person","@id":"https:\/\/www.welovecycling.com\/es\/#\/schema\/person\/deb61715b5812698ee79fb96f343ccd4","name":"We Love Cycling Spain","image":{"@type":"ImageObject","inLanguage":"es-ES","@id":"https:\/\/www.welovecycling.com\/es\/#\/schema\/person\/image\/","url":"https:\/\/secure.gravatar.com\/avatar\/c824b04e6df0e37a03219d0b6481672889df542894588964102459e46513159c?s=96&d=mm&r=g","contentUrl":"https:\/\/secure.gravatar.com\/avatar\/c824b04e6df0e37a03219d0b6481672889df542894588964102459e46513159c?s=96&d=mm&r=g","caption":"We Love Cycling Spain"},"url":"https:\/\/www.welovecycling.com\/es\/author\/amunoz\/"}]}},"_links":{"self":[{"href":"https:\/\/www.welovecycling.com\/es\/wp-json\/wp\/v2\/posts\/7914","targetHints":{"allow":["GET"]}}],"collection":[{"href":"https:\/\/www.welovecycling.com\/es\/wp-json\/wp\/v2\/posts"}],"about":[{"href":"https:\/\/www.welovecycling.com\/es\/wp-json\/wp\/v2\/types\/post"}],"author":[{"embeddable":true,"href":"https:\/\/www.welovecycling.com\/es\/wp-json\/wp\/v2\/users\/29"}],"replies":[{"embeddable":true,"href":"https:\/\/www.welovecycling.com\/es\/wp-json\/wp\/v2\/comments?post=7914"}],"version-history":[{"count":2,"href":"https:\/\/www.welovecycling.com\/es\/wp-json\/wp\/v2\/posts\/7914\/revisions"}],"predecessor-version":[{"id":7924,"href":"https:\/\/www.welovecycling.com\/es\/wp-json\/wp\/v2\/posts\/7914\/revisions\/7924"}],"wp:featuredmedia":[{"embeddable":true,"href":"https:\/\/www.welovecycling.com\/es\/wp-json\/wp\/v2\/media\/7917"}],"wp:attachment":[{"href":"https:\/\/www.welovecycling.com\/es\/wp-json\/wp\/v2\/media?parent=7914"}],"wp:term":[{"taxonomy":"category","embeddable":true,"href":"https:\/\/www.welovecycling.com\/es\/wp-json\/wp\/v2\/categories?post=7914"},{"taxonomy":"post_tag","embeddable":true,"href":"https:\/\/www.welovecycling.com\/es\/wp-json\/wp\/v2\/tags?post=7914"},{"taxonomy":"global-categories","embeddable":true,"href":"https:\/\/www.welovecycling.com\/es\/wp-json\/wp\/v2\/global-categories?post=7914"}],"curies":[{"name":"wp","href":"https:\/\/api.w.org\/{rel}","templated":true}]}}