{"id":7893,"date":"2021-07-22T16:56:10","date_gmt":"2021-07-22T14:56:10","guid":{"rendered":"https:\/\/www.welovecycling.com\/es\/?p=7893"},"modified":"2021-07-16T17:46:28","modified_gmt":"2021-07-16T15:46:28","slug":"tour-francia-femenino","status":"publish","type":"post","link":"https:\/\/www.welovecycling.com\/es\/2021\/07\/22\/tour-francia-femenino\/","title":{"rendered":"El a\u00f1o que viene habr\u00e1 un Tour de Francia femenino. \u00bfQu\u00e9 significa esto para la comunidad ciclista?"},"content":{"rendered":"<p><strong>Hace tiempo que se reclama la creaci\u00f3n de un verdadero Tour de Francia femenino y We Love Cycling siempre lo ha apoyado abiertamente. As\u00ed que, naturalmente, nos entusiasmamos cuando el a\u00f1o pasado o\u00edmos por primera vez los rumores de que el Tour de Francia femenino volver\u00eda al calendario. Y a principios de esta primavera se confirm\u00f3. A partir de 2022, las mujeres correr\u00e1n por fin el Tour de Francia en todo su esplendor.<\/strong><\/p>\n<p><!--more--><\/p>\n<p>As\u00ed que, mientras celebramos la \u00e9pica del <a href=\"https:\/\/www.welovecycling.com\/es\/2021\/06\/25\/favoritos-al-tour-2021\/\">Tour de Francia<\/a> de este a\u00f1o, miramos con expectaci\u00f3n hacia el doble de acci\u00f3n de la pr\u00f3xima temporada. Por supuesto, las ciclistas est\u00e1n encantadas, y todos los miembros del sector deber\u00edan estar entusiasmados con la posibilidad de recibir el doble de cobertura del evento m\u00e1s emblem\u00e1tico de su deporte, pero \u00bfqu\u00e9 significa esta noticia para el aficionado medio al ciclismo? Mientras estamos inmersos en la marabunta de la Grande Boucle hemos pensado en compartir algunas reacciones de la comunidad sobre lo que significar\u00e1 tener un Tour de Francia femenino.<\/p>\n<div class=\"embed-controller-wrapper\">\n<blockquote class=\"twitter-tweet\" data-width=\"500\" data-dnt=\"true\">\n<p lang=\"en\" dir=\"ltr\">\ud83d\udce2  WOMEN&#39;S TOUR DE FRANCE! \ud83d\udce2<\/p>\n<p>The ASO is launching a new women&#39;s race, the &quot;Tour de France Femmes avec Zwift,&quot; in 2022, with 8 stages and live TV broadcast.<\/p>\n<p>\ud83d\udd17 Find out more here: <a href=\"https:\/\/t.co\/tuH9js6xvu\">https:\/\/t.co\/tuH9js6xvu<\/a><a href=\"https:\/\/twitter.com\/hashtag\/tdf?src=hash&amp;ref_src=twsrc%5Etfw\">#tdf<\/a> <a href=\"https:\/\/twitter.com\/GoZwift?ref_src=twsrc%5Etfw\">@gozwift<\/a> <a href=\"https:\/\/twitter.com\/LeTour?ref_src=twsrc%5Etfw\">@letour<\/a> <a href=\"https:\/\/t.co\/l87D0obYKF\">pic.twitter.com\/l87D0obYKF<\/a><\/p>\n<p>&mdash; Voxwomen (@Voxwomen) <a href=\"https:\/\/twitter.com\/Voxwomen\/status\/1405541241627021314?ref_src=twsrc%5Etfw\">June 17, 2021<\/a><\/p><\/blockquote>\n<p><script async data-src=\"https:\/\/platform.twitter.com\/widgets.js\" charset=\"utf-8\"><\/script><\/div>\n<p>&nbsp;<\/p>\n<p><strong><em>\u201c&#8221;Ahora las mujeres pueden participar en la prueba ciclista estrella del Tour de Francia, lo que inspirar\u00e1 a una nueva generaci\u00f3n de chicas a practicar este deporte\u201d<\/em><\/strong><\/p>\n<p>Nicola Miller se describe a s\u00ed misma como una &#8220;orientadora convertida en duatleta&#8221;.\u00a0Gan\u00f3 el Campeonato de Europa de duatl\u00f3n de 2018, por lo que su bicicleta es una parte bastante integral de su d\u00eda a d\u00eda. Como muchos otros, tambi\u00e9n recurri\u00f3 a<a href=\"https:\/\/www.welovecycling.com\/es\/2020\/03\/25\/como-mantener-la-forma-durante-la-cuarentena-tiempo-de-rodillo\/\"> Zwift<\/a> durante la pandemia, y como madre soltera y trabajadora con tres hijos y dos perros, atribuye al ciclismo el mantenimiento de su cordura. Sin embargo, adem\u00e1s de sus propios logros deportivos, Nicola es la principal fan y defensora de las actividades ciclistas de su hija. La hija de Nicola, Tammy, ha sido seleccionada recientemente para montar en bicicleta para Avid y est\u00e1 muy involucrada en la Zwift Premier League.\u00a0Mientras apoya la incipiente carrera de su hija en el ciclismo, Nicola est\u00e1 agradecida de ver c\u00f3mo aumenta la importancia del ciclismo femenino. Reflexionando sobre el significado de un Tour de Francia femenino, dijo:<\/p>\n<p>&#8220;Un Tour de Francia femenino es un revulsivo para el ciclismo femenino, otra victoria para la igualdad. Enhorabuena al equipo de Zwift por su patrocinio; su plataforma de carreras electr\u00f3nicas ha hecho mucho por el ciclismo femenino durante la pandemia. Las mujeres de todo el mundo han podido competir al m\u00e1s alto nivel en l\u00ednea, compaginando el cuidado y otras responsabilidades con un programa de carreras incre\u00edble. Gracias a ellas, ahora las mujeres pueden participar en la emblem\u00e1tica prueba ciclista del Tour de Francia, lo que inspirar\u00e1 a una nueva generaci\u00f3n de chicas a practicar este deporte.&#8221;<\/p>\n<p><em><strong>&#8220;Espero que esto motive a las mujeres a llevar su ciclismo al siguiente nivel y saber que se tomar\u00e1n en serio sus habilidades ciclistas&#8221;.<\/strong><\/em><\/p>\n<p>Marnie Reeves se uni\u00f3 al club de ciclismo de su pueblo durante el confinamiento del a\u00f1o pasado e inmediatamente redescubri\u00f3 el amor por el ciclismo que ten\u00eda cuando era ni\u00f1a. Al trabajar en un servicio de ambulancias, el club de ciclismo le proporcion\u00f3 algo en lo que centrarse aparte del estr\u00e9s y el caos del trabajo, y ha conseguido muchas cosas desde que se uni\u00f3 a \u00e9l, incluida su primera carrera de 160 km este verano. Atribuye su progreso a los compa\u00f1eros del club y ve el valor de que haya m\u00e1s miradas puestas en el deporte femenino profesional.<\/p>\n<figure id=\"attachment_7897\" aria-describedby=\"caption-attachment-7897\" style=\"width: 1000px\" class=\"wp-caption alignnone\"><a href=\"https:\/\/d2p6e6u75xmxt8.cloudfront.net\/6\/2021\/07\/Grande-Boucle-Feminine-Internationale-profimedia-0069152757.jpg\"><img loading=\"lazy\" decoding=\"async\" class=\"wp-image-7897 size-full\" src=\"https:\/\/d2p6e6u75xmxt8.cloudfront.net\/6\/2021\/07\/Grande-Boucle-Feminine-Internationale-profimedia-0069152757.jpg\" alt=\"Grande Boucle F\u00e9minine Internationale\" width=\"1000\" height=\"646\" srcset=\"https:\/\/d2p6e6u75xmxt8.cloudfront.net\/6\/2021\/07\/Grande-Boucle-Feminine-Internationale-profimedia-0069152757.jpg 1000w, https:\/\/d2p6e6u75xmxt8.cloudfront.net\/6\/2021\/07\/Grande-Boucle-Feminine-Internationale-profimedia-0069152757-300x194.jpg 300w, https:\/\/d2p6e6u75xmxt8.cloudfront.net\/6\/2021\/07\/Grande-Boucle-Feminine-Internationale-profimedia-0069152757-768x496.jpg 768w\" sizes=\"auto, (max-width: 1000px) 100vw, 1000px\" \/><\/a><figcaption id=\"caption-attachment-7897\" class=\"wp-caption-text\">Olga Slioussareva (R) gan\u00f3 la quinta etapa del primer Tour Femenino. \u00a9 Profimedia<\/figcaption><\/figure>\n<p>Marnie estaba muy emocionada al ver que esta iniciativa se reflejaba en los niveles m\u00e1s altos del ciclismo. Como ella misma explica, &#8220;\u00a1me emocion\u00e9 mucho cuando me enter\u00e9 de esta noticia! Es un gran paso en la direcci\u00f3n correcta para crear igualdad de oportunidades para las mujeres en el deporte. Espero que les motive para llevar su ciclismo al siguiente nivel y saber que se tomar\u00e1n en serio sus habilidades ciclistas.&#8221;<\/p>\n<p><strong><em>&#8220;Tengo la esperanza de que contribuya al avance de la igualdad de la mujer en los lugares en los que hace mucha falta\u201d<\/em><\/strong><\/p>\n<p>Despu\u00e9s de un viaje en bicicleta bastante desagradable al principio de la paternidad, Janet Herring decidi\u00f3 dar otra oportunidad al ciclismo hace seis a\u00f1os, a la edad de 54 a\u00f1os. Acababa de recuperarse de un tratamiento, de una operaci\u00f3n y de la quimioterapia, cuando un colega mayor le propuso que hicieran juntos el reto ciclista <a href=\"https:\/\/www.dream-challenges.com\/challenges\/women-v-cancer\/women-v-cancer-ride-the-night-london-2022\/\">Ride the Night<\/a> en Londres. Aunque no ten\u00eda bicicleta en ese momento, le intrig\u00f3 el reto y acab\u00f3 pidiendo prestada la bicicleta de su hija para el evento.<\/p>\n<p>Unos a\u00f1os m\u00e1s tarde, est\u00e1 totalmente enamorada de la libertad del ciclismo y desde entonces ha completado muchos recorridos de m\u00e1s de 160 kil\u00f3metros. Como ella misma describe, &#8220;para m\u00ed, la bicicleta es libertad, bienestar mental, recreo y una forma de estar en forma y pasar tiempo de calidad con mi marido y explorar el campo&#8221;.<\/p>\n<p>Con una conexi\u00f3n emocional tan profunda con el ciclismo, Janet se interes\u00f3 por el tratamiento de las ciclistas profesionales. Despu\u00e9s de ver Half the Road, un documental que detalla c\u00f3mo la UCI trata a las ciclistas, se le rompi\u00f3 el coraz\u00f3n al ver las dif\u00edciles circunstancias que muchas mujeres se ven obligadas a atravesar para poder perseguir su pasi\u00f3n. \u00bfSu reacci\u00f3n ante la noticia de un Tour de Francia? &#8220;\u00a1Bueno, POR FIN!&#8221;. Al hablar de lo que esto podr\u00eda significar para el futuro de este deporte, Janet es optimista:<\/p>\n<p>&#8220;Tengo la esperanza de que pueda significar una inversi\u00f3n en el ciclismo femenino y en los equipos ciclistas femeninos. Tengo la esperanza de que las j\u00f3venes ciclistas realicen ahora sus sue\u00f1os. Espero que los ciclistas profesionales masculinos defiendan a las ciclistas. Tengo la esperanza de que contribuya al avance de la igualdad de las mujeres en los lugares en los que falta&#8221;.<\/p>\n<figure id=\"attachment_7899\" aria-describedby=\"caption-attachment-7899\" style=\"width: 1000px\" class=\"wp-caption alignnone\"><a href=\"https:\/\/d2p6e6u75xmxt8.cloudfront.net\/6\/2021\/07\/Women-Cycling-profimedia-0069431566.jpg\"><img loading=\"lazy\" decoding=\"async\" class=\"wp-image-7899 size-full\" src=\"https:\/\/d2p6e6u75xmxt8.cloudfront.net\/6\/2021\/07\/Women-Cycling-profimedia-0069431566.jpg\" alt=\"Women's Race\" width=\"1000\" height=\"743\" srcset=\"https:\/\/d2p6e6u75xmxt8.cloudfront.net\/6\/2021\/07\/Women-Cycling-profimedia-0069431566.jpg 1000w, https:\/\/d2p6e6u75xmxt8.cloudfront.net\/6\/2021\/07\/Women-Cycling-profimedia-0069431566-300x223.jpg 300w, https:\/\/d2p6e6u75xmxt8.cloudfront.net\/6\/2021\/07\/Women-Cycling-profimedia-0069431566-768x571.jpg 768w\" sizes=\"auto, (max-width: 1000px) 100vw, 1000px\" \/><\/a><figcaption id=\"caption-attachment-7899\" class=\"wp-caption-text\">\u00a9 Profimedia<\/figcaption><\/figure>\n<p><strong><em><br \/>\n\u201cLas carreras femeninas merecen ser vistas, e incluso los esc\u00e9pticos no pueden negar que una mayor cobertura de las carreras ciclistas s\u00f3lo puede ser algo bueno.\u201d<\/em><\/strong><\/p>\n<p>Alec Curry es un ciclista brit\u00e1nico cuya po\u00e9tica descripci\u00f3n del deporte que ama se dirigir\u00e1 a cualquiera que haya encontrado su pasi\u00f3n sobre las dos ruedas. Para \u00e9l, &#8220;el ciclismo es una constante. La vida cambia, la gente cambia, pero el ciclismo siempre es ciclismo. No hay mejor manera de vivir los paisajes y no dejar m\u00e1s<a href=\"https:\/\/www.welovecycling.com\/es\/2018\/10\/04\/la-bicicleta-solucion-ciudades-mas-limpias\/\"> contaminaci\u00f3n<\/a> que el sudor. El ciclismo, para m\u00ed, es una forma de vida&#8221;. Y adem\u00e1s de pasar todo el tiempo posible sobre su bicicleta, le encanta ver las carreras por etapas y leer sobre la cultura y la historia de este deporte. Por eso, cuando se enter\u00f3 de que iba a haber un Tour de Francia femenino, pens\u00f3 que ya era hora: &#8220;Incluso los esc\u00e9pticos no pueden negar que una mayor cobertura de las carreras ciclistas s\u00f3lo puede ser algo bueno.<\/p>\n<p>Las corredoras tienen el mismo hambre de gloria que los hombres, pero menos oportunidades de estar en el escenario que merecen. Y eso se nota en las carreras. Los ataques a distancia, las llegadas al sprint, el ciclismo t\u00e1ctico, todo ello es un elemento b\u00e1sico de cada etapa y cada carrera. Creo que hay m\u00e1s actitud de &#8220;hazlo o mu\u00e9rete&#8221; en las carreras femeninas, porque si no est\u00e1s al frente liderando la carrera, no saldr\u00e1s en las c\u00e1maras promocionando a tu equipo&#8221;.<\/p>\n<p>Estamos de acuerdo en que si el pelot\u00f3n femenino ha demostrado algo, es que sabe c\u00f3mo organizar una carrera feroz. As\u00ed que, mientras el Tour de este a\u00f1o llega a su fin, felicitamos a todas las participantes estelares y esperamos animar tambi\u00e9n a las mujeres en 2022. Os mantendremos informados a medida que se revelen m\u00e1s detalles sobre el evento del pr\u00f3ximo a\u00f1o.<\/p>\n","protected":false},"excerpt":{"rendered":"<p>Hace tiempo que se reclama la creaci\u00f3n de un verdadero Tour de Francia femenino y We Love Cycling siempre lo [&hellip;]<\/p>\n","protected":false},"author":29,"featured_media":7902,"comment_status":"open","ping_status":"open","sticky":false,"template":"","format":"standard","meta":{"footnotes":""},"categories":[7],"tags":[],"global-categories":[],"class_list":["post-7893","post","type-post","status-publish","format-standard","has-post-thumbnail","hentry","category-carretera"],"yoast_head":"<!-- This site is optimized with the Yoast SEO Premium plugin v25.3 (Yoast SEO v25.9) - https:\/\/yoast.com\/wordpress\/plugins\/seo\/ -->\n<title>El a\u00f1o que viene habr\u00e1 un Tour de Francia femenino - We Love Cycling<\/title>\n<meta name=\"description\" content=\"El a\u00f1o que viene habr\u00e1 un Tour de Francia femenino. Qu\u00e9 piensan los aficionados sobre el Tour de Francia femenino de 2022.\" \/>\n<meta name=\"robots\" content=\"index, follow, max-snippet:-1, max-image-preview:large, max-video-preview:-1\" \/>\n<link rel=\"canonical\" href=\"https:\/\/www.welovecycling.com\/es\/2021\/07\/22\/tour-francia-femenino\/\" \/>\n<meta property=\"og:locale\" content=\"es_ES\" \/>\n<meta property=\"og:type\" content=\"article\" \/>\n<meta property=\"og:title\" content=\"El a\u00f1o que viene habr\u00e1 un Tour de Francia femenino\" \/>\n<meta property=\"og:description\" content=\"El a\u00f1o que viene habr\u00e1 un Tour de Francia femenino. Qu\u00e9 piensan los aficionados sobre el Tour de Francia femenino de 2022.\" \/>\n<meta property=\"og:url\" content=\"https:\/\/www.welovecycling.com\/es\/2021\/07\/22\/tour-francia-femenino\/\" \/>\n<meta property=\"og:site_name\" content=\"\u0160koda We Love Cycling - Spain\" \/>\n<meta property=\"article:published_time\" content=\"2021-07-22T14:56:10+00:00\" \/>\n<meta property=\"og:image\" content=\"https:\/\/d2p6e6u75xmxt8.cloudfront.net\/6\/2021\/07\/Womens-Peloton-profimedia-0617976051-CVR.jpg\" \/>\n\t<meta property=\"og:image:width\" content=\"1366\" \/>\n\t<meta property=\"og:image:height\" content=\"600\" \/>\n\t<meta property=\"og:image:type\" content=\"image\/jpeg\" \/>\n<meta name=\"author\" content=\"We Love Cycling Spain\" \/>\n<meta name=\"twitter:card\" content=\"summary_large_image\" \/>\n<meta name=\"twitter:title\" content=\"El a\u00f1o que viene habr\u00e1 un Tour de Francia femenino\" \/>\n<meta name=\"twitter:description\" content=\"El a\u00f1o que viene habr\u00e1 un Tour de Francia femenino. Qu\u00e9 piensan los aficionados sobre el Tour de Francia femenino de 2022.\" \/>\n<meta name=\"twitter:label1\" content=\"Written by\" \/>\n\t<meta name=\"twitter:data1\" content=\"Megan Flottorp\" \/>\n\t<meta name=\"twitter:label2\" content=\"Est. reading time\" \/>\n\t<meta name=\"twitter:data2\" content=\"6\" \/>\n<script type=\"application\/ld+json\" class=\"yoast-schema-graph\">{\"@context\":\"https:\/\/schema.org\",\"@graph\":[{\"@type\":\"WebPage\",\"@id\":\"https:\/\/www.welovecycling.com\/es\/2021\/07\/22\/tour-francia-femenino\/\",\"url\":\"https:\/\/www.welovecycling.com\/es\/2021\/07\/22\/tour-francia-femenino\/\",\"name\":\"El a\u00f1o que viene habr\u00e1 un Tour de Francia femenino - We Love Cycling\",\"isPartOf\":{\"@id\":\"https:\/\/www.welovecycling.com\/es\/#website\"},\"primaryImageOfPage\":{\"@id\":\"https:\/\/www.welovecycling.com\/es\/2021\/07\/22\/tour-francia-femenino\/#primaryimage\"},\"image\":{\"@id\":\"https:\/\/www.welovecycling.com\/es\/2021\/07\/22\/tour-francia-femenino\/#primaryimage\"},\"thumbnailUrl\":\"https:\/\/d2p6e6u75xmxt8.cloudfront.net\/6\/2021\/07\/Womens-Peloton-profimedia-0617976051-CVR.jpg\",\"datePublished\":\"2021-07-22T14:56:10+00:00\",\"author\":{\"@id\":\"https:\/\/www.welovecycling.com\/es\/#\/schema\/person\/deb61715b5812698ee79fb96f343ccd4\"},\"description\":\"El a\u00f1o que viene habr\u00e1 un Tour de Francia femenino. Qu\u00e9 piensan los aficionados sobre el Tour de Francia femenino de 2022.\",\"breadcrumb\":{\"@id\":\"https:\/\/www.welovecycling.com\/es\/2021\/07\/22\/tour-francia-femenino\/#breadcrumb\"},\"inLanguage\":\"es-ES\",\"potentialAction\":[{\"@type\":\"ReadAction\",\"target\":[\"https:\/\/www.welovecycling.com\/es\/2021\/07\/22\/tour-francia-femenino\/\"]}]},{\"@type\":\"ImageObject\",\"inLanguage\":\"es-ES\",\"@id\":\"https:\/\/www.welovecycling.com\/es\/2021\/07\/22\/tour-francia-femenino\/#primaryimage\",\"url\":\"https:\/\/d2p6e6u75xmxt8.cloudfront.net\/6\/2021\/07\/Womens-Peloton-profimedia-0617976051-CVR.jpg\",\"contentUrl\":\"https:\/\/d2p6e6u75xmxt8.cloudfront.net\/6\/2021\/07\/Womens-Peloton-profimedia-0617976051-CVR.jpg\",\"width\":1366,\"height\":600,\"caption\":\"Women's Race\"},{\"@type\":\"BreadcrumbList\",\"@id\":\"https:\/\/www.welovecycling.com\/es\/2021\/07\/22\/tour-francia-femenino\/#breadcrumb\",\"itemListElement\":[{\"@type\":\"ListItem\",\"position\":1,\"name\":\"Home\",\"item\":\"https:\/\/www.welovecycling.com\/es\/\"},{\"@type\":\"ListItem\",\"position\":2,\"name\":\"El a\u00f1o que viene habr\u00e1 un Tour de Francia femenino. \u00bfQu\u00e9 significa esto para la comunidad ciclista?\"}]},{\"@type\":\"WebSite\",\"@id\":\"https:\/\/www.welovecycling.com\/es\/#website\",\"url\":\"https:\/\/www.welovecycling.com\/es\/\",\"name\":\"\u0160koda We Love Cycling - Spain\",\"description\":\"\u0160koda WeLoveCycling Spain\",\"potentialAction\":[{\"@type\":\"SearchAction\",\"target\":{\"@type\":\"EntryPoint\",\"urlTemplate\":\"https:\/\/www.welovecycling.com\/es\/?s={search_term_string}\"},\"query-input\":{\"@type\":\"PropertyValueSpecification\",\"valueRequired\":true,\"valueName\":\"search_term_string\"}}],\"inLanguage\":\"es-ES\"},{\"@type\":\"Person\",\"@id\":\"https:\/\/www.welovecycling.com\/es\/#\/schema\/person\/deb61715b5812698ee79fb96f343ccd4\",\"name\":\"We Love Cycling Spain\",\"image\":{\"@type\":\"ImageObject\",\"inLanguage\":\"es-ES\",\"@id\":\"https:\/\/www.welovecycling.com\/es\/#\/schema\/person\/image\/\",\"url\":\"https:\/\/secure.gravatar.com\/avatar\/c824b04e6df0e37a03219d0b6481672889df542894588964102459e46513159c?s=96&d=mm&r=g\",\"contentUrl\":\"https:\/\/secure.gravatar.com\/avatar\/c824b04e6df0e37a03219d0b6481672889df542894588964102459e46513159c?s=96&d=mm&r=g\",\"caption\":\"We Love Cycling Spain\"},\"url\":\"https:\/\/www.welovecycling.com\/es\/author\/amunoz\/\"}]}<\/script>\n<!-- \/ Yoast SEO Premium plugin. -->","yoast_head_json":{"title":"El a\u00f1o que viene habr\u00e1 un Tour de Francia femenino - We Love Cycling","description":"El a\u00f1o que viene habr\u00e1 un Tour de Francia femenino. Qu\u00e9 piensan los aficionados sobre el Tour de Francia femenino de 2022.","robots":{"index":"index","follow":"follow","max-snippet":"max-snippet:-1","max-image-preview":"max-image-preview:large","max-video-preview":"max-video-preview:-1"},"canonical":"https:\/\/www.welovecycling.com\/es\/2021\/07\/22\/tour-francia-femenino\/","og_locale":"es_ES","og_type":"article","og_title":"El a\u00f1o que viene habr\u00e1 un Tour de Francia femenino","og_description":"El a\u00f1o que viene habr\u00e1 un Tour de Francia femenino. Qu\u00e9 piensan los aficionados sobre el Tour de Francia femenino de 2022.","og_url":"https:\/\/www.welovecycling.com\/es\/2021\/07\/22\/tour-francia-femenino\/","og_site_name":"\u0160koda We Love Cycling - Spain","article_published_time":"2021-07-22T14:56:10+00:00","og_image":[{"width":1366,"height":600,"url":"https:\/\/d2p6e6u75xmxt8.cloudfront.net\/6\/2021\/07\/Womens-Peloton-profimedia-0617976051-CVR.jpg","type":"image\/jpeg"}],"author":"We Love Cycling Spain","twitter_card":"summary_large_image","twitter_title":"El a\u00f1o que viene habr\u00e1 un Tour de Francia femenino","twitter_description":"El a\u00f1o que viene habr\u00e1 un Tour de Francia femenino. Qu\u00e9 piensan los aficionados sobre el Tour de Francia femenino de 2022.","twitter_misc":{"Written by":"Megan Flottorp","Est. reading time":"6"},"schema":{"@context":"https:\/\/schema.org","@graph":[{"@type":"WebPage","@id":"https:\/\/www.welovecycling.com\/es\/2021\/07\/22\/tour-francia-femenino\/","url":"https:\/\/www.welovecycling.com\/es\/2021\/07\/22\/tour-francia-femenino\/","name":"El a\u00f1o que viene habr\u00e1 un Tour de Francia femenino - We Love Cycling","isPartOf":{"@id":"https:\/\/www.welovecycling.com\/es\/#website"},"primaryImageOfPage":{"@id":"https:\/\/www.welovecycling.com\/es\/2021\/07\/22\/tour-francia-femenino\/#primaryimage"},"image":{"@id":"https:\/\/www.welovecycling.com\/es\/2021\/07\/22\/tour-francia-femenino\/#primaryimage"},"thumbnailUrl":"https:\/\/d2p6e6u75xmxt8.cloudfront.net\/6\/2021\/07\/Womens-Peloton-profimedia-0617976051-CVR.jpg","datePublished":"2021-07-22T14:56:10+00:00","author":{"@id":"https:\/\/www.welovecycling.com\/es\/#\/schema\/person\/deb61715b5812698ee79fb96f343ccd4"},"description":"El a\u00f1o que viene habr\u00e1 un Tour de Francia femenino. Qu\u00e9 piensan los aficionados sobre el Tour de Francia femenino de 2022.","breadcrumb":{"@id":"https:\/\/www.welovecycling.com\/es\/2021\/07\/22\/tour-francia-femenino\/#breadcrumb"},"inLanguage":"es-ES","potentialAction":[{"@type":"ReadAction","target":["https:\/\/www.welovecycling.com\/es\/2021\/07\/22\/tour-francia-femenino\/"]}]},{"@type":"ImageObject","inLanguage":"es-ES","@id":"https:\/\/www.welovecycling.com\/es\/2021\/07\/22\/tour-francia-femenino\/#primaryimage","url":"https:\/\/d2p6e6u75xmxt8.cloudfront.net\/6\/2021\/07\/Womens-Peloton-profimedia-0617976051-CVR.jpg","contentUrl":"https:\/\/d2p6e6u75xmxt8.cloudfront.net\/6\/2021\/07\/Womens-Peloton-profimedia-0617976051-CVR.jpg","width":1366,"height":600,"caption":"Women's Race"},{"@type":"BreadcrumbList","@id":"https:\/\/www.welovecycling.com\/es\/2021\/07\/22\/tour-francia-femenino\/#breadcrumb","itemListElement":[{"@type":"ListItem","position":1,"name":"Home","item":"https:\/\/www.welovecycling.com\/es\/"},{"@type":"ListItem","position":2,"name":"El a\u00f1o que viene habr\u00e1 un Tour de Francia femenino. \u00bfQu\u00e9 significa esto para la comunidad ciclista?"}]},{"@type":"WebSite","@id":"https:\/\/www.welovecycling.com\/es\/#website","url":"https:\/\/www.welovecycling.com\/es\/","name":"\u0160koda We Love Cycling - Spain","description":"\u0160koda WeLoveCycling Spain","potentialAction":[{"@type":"SearchAction","target":{"@type":"EntryPoint","urlTemplate":"https:\/\/www.welovecycling.com\/es\/?s={search_term_string}"},"query-input":{"@type":"PropertyValueSpecification","valueRequired":true,"valueName":"search_term_string"}}],"inLanguage":"es-ES"},{"@type":"Person","@id":"https:\/\/www.welovecycling.com\/es\/#\/schema\/person\/deb61715b5812698ee79fb96f343ccd4","name":"We Love Cycling Spain","image":{"@type":"ImageObject","inLanguage":"es-ES","@id":"https:\/\/www.welovecycling.com\/es\/#\/schema\/person\/image\/","url":"https:\/\/secure.gravatar.com\/avatar\/c824b04e6df0e37a03219d0b6481672889df542894588964102459e46513159c?s=96&d=mm&r=g","contentUrl":"https:\/\/secure.gravatar.com\/avatar\/c824b04e6df0e37a03219d0b6481672889df542894588964102459e46513159c?s=96&d=mm&r=g","caption":"We Love Cycling Spain"},"url":"https:\/\/www.welovecycling.com\/es\/author\/amunoz\/"}]}},"_links":{"self":[{"href":"https:\/\/www.welovecycling.com\/es\/wp-json\/wp\/v2\/posts\/7893","targetHints":{"allow":["GET"]}}],"collection":[{"href":"https:\/\/www.welovecycling.com\/es\/wp-json\/wp\/v2\/posts"}],"about":[{"href":"https:\/\/www.welovecycling.com\/es\/wp-json\/wp\/v2\/types\/post"}],"author":[{"embeddable":true,"href":"https:\/\/www.welovecycling.com\/es\/wp-json\/wp\/v2\/users\/29"}],"replies":[{"embeddable":true,"href":"https:\/\/www.welovecycling.com\/es\/wp-json\/wp\/v2\/comments?post=7893"}],"version-history":[{"count":2,"href":"https:\/\/www.welovecycling.com\/es\/wp-json\/wp\/v2\/posts\/7893\/revisions"}],"predecessor-version":[{"id":7907,"href":"https:\/\/www.welovecycling.com\/es\/wp-json\/wp\/v2\/posts\/7893\/revisions\/7907"}],"wp:featuredmedia":[{"embeddable":true,"href":"https:\/\/www.welovecycling.com\/es\/wp-json\/wp\/v2\/media\/7902"}],"wp:attachment":[{"href":"https:\/\/www.welovecycling.com\/es\/wp-json\/wp\/v2\/media?parent=7893"}],"wp:term":[{"taxonomy":"category","embeddable":true,"href":"https:\/\/www.welovecycling.com\/es\/wp-json\/wp\/v2\/categories?post=7893"},{"taxonomy":"post_tag","embeddable":true,"href":"https:\/\/www.welovecycling.com\/es\/wp-json\/wp\/v2\/tags?post=7893"},{"taxonomy":"global-categories","embeddable":true,"href":"https:\/\/www.welovecycling.com\/es\/wp-json\/wp\/v2\/global-categories?post=7893"}],"curies":[{"name":"wp","href":"https:\/\/api.w.org\/{rel}","templated":true}]}}