{"id":7885,"date":"2021-07-20T18:55:44","date_gmt":"2021-07-20T16:55:44","guid":{"rendered":"https:\/\/www.welovecycling.com\/es\/?p=7885"},"modified":"2021-07-19T16:58:55","modified_gmt":"2021-07-19T14:58:55","slug":"piernas-ciclistas-despues-tour","status":"publish","type":"post","link":"https:\/\/www.welovecycling.com\/es\/2021\/07\/20\/piernas-ciclistas-despues-tour\/","title":{"rendered":"Las piernas de los ciclistas despu\u00e9s del Tour. Una carretera de venas"},"content":{"rendered":"<p><strong>\u00bfHas visto esas piernas de los ciclistas despu\u00e9s del Tour de Francia con venas abultadas? \u00bfC\u00f3mo es posible? \u00bfPuede alg\u00fan ciclista entrenar sus m\u00fasculos para tener ese aspecto? Hay una explicaci\u00f3n perfectamente l\u00f3gica y normal para este fen\u00f3meno. Pero no te hagas ilusiones. Es realmente dif\u00edcil conseguir ese tipo de f\u00edsico.<\/strong><\/p>\n<p><!--more--><\/p>\n<p>Lo que se ve en esas im\u00e1genes de los ciclistas del<a href=\"https:\/\/www.welovecycling.com\/es\/2021\/07\/01\/etapas-tour-2021-alpes\/\"> Tour de Francia<\/a> es algo que nos ocurre a todos en cierta medida. Cuando haces ejercicio en condiciones de calor, el flujo sangu\u00edneo aumenta y las venas se dilatan. Pero es posible que no lo notes. Examinemos las principales diferencias entre t\u00fa y los profesionales que hacen que sus piernas parezcan tan diferentes en comparaci\u00f3n con las tuyas cuando haces <a href=\"https:\/\/www.welovecycling.com\/es\/2018\/01\/06\/los-cuatro-ejercicios-de-fuerza-que-necesitas-para-el-ciclismo\/\">ejercicio<\/a>.<\/p>\n<figure id=\"attachment_7887\" aria-describedby=\"caption-attachment-7887\" style=\"width: 1000px\" class=\"wp-caption alignnone\"><a href=\"https:\/\/d2p6e6u75xmxt8.cloudfront.net\/6\/2021\/07\/Cycling-legs-profimedia-0413800351.jpg\"><img loading=\"lazy\" decoding=\"async\" class=\"wp-image-7887 size-full\" src=\"https:\/\/d2p6e6u75xmxt8.cloudfront.net\/6\/2021\/07\/Cycling-legs-profimedia-0413800351.jpg\" alt=\"Cyclist legs\" width=\"1000\" height=\"738\" srcset=\"https:\/\/d2p6e6u75xmxt8.cloudfront.net\/6\/2021\/07\/Cycling-legs-profimedia-0413800351.jpg 1000w, https:\/\/d2p6e6u75xmxt8.cloudfront.net\/6\/2021\/07\/Cycling-legs-profimedia-0413800351-300x221.jpg 300w, https:\/\/d2p6e6u75xmxt8.cloudfront.net\/6\/2021\/07\/Cycling-legs-profimedia-0413800351-768x567.jpg 768w\" sizes=\"auto, (max-width: 1000px) 100vw, 1000px\" \/><\/a><figcaption id=\"caption-attachment-7887\" class=\"wp-caption-text\">\u00bfC\u00f3mo les salen esas venas a los ciclistas? \u00a9 Profimedia<\/figcaption><\/figure>\n<h2><strong><br \/>\nMuy poca grasa<\/strong><\/h2>\n<p>La raz\u00f3n m\u00e1s obvia por la que tus piernas no parecen tan venosas es la grasa corporal. El hombre activo medio puede tener alrededor de un 20% de grasa corporal, mientras que las mujeres tienen alrededor de <a href=\"https:\/\/www.welovecycling.com\/wide\/2020\/06\/11\/women-who-drink-2-3-coffees-a-day-have-less-body-fat\/\">un 25% de grasa corporal<\/a>. Los ciclistas profesionales del Tour de Francia tienen hasta un 6%. No hay ninguna capa visible de grasa que cubra sus venas. Pero a\u00fan as\u00ed, hay muchas personas delgadas y sus piernas no tienen este aspecto. Hay que profundizar m\u00e1s.<\/p>\n<h2><strong>Una red de riego sangu\u00edneo superalimentada<\/strong><\/h2>\n<p>El sistema vascular es tan importante como la delgadez si quieres tener unas piernas venosas. El agotador entrenamiento al que se someten los ciclistas de \u00e9lite pone a prueba su sistema vascular. Tienen que llevar mucha sangre oxigenada a los m\u00fasculos de las piernas y extraer la sangre desoxigenada hacia el coraz\u00f3n y los pulmones. Tanto las arterias como las venas tienen que aumentar su di\u00e1metro para poder hacerlo. Y tambi\u00e9n mejoran su dilataci\u00f3n, expandi\u00e9ndose cuando est\u00e1n bajo presi\u00f3n.<\/p>\n<div class=\"embed-controller-wrapper\">\n<blockquote class=\"twitter-tweet\" data-width=\"500\" data-dnt=\"true\">\n<p lang=\"en\" dir=\"ltr\">Meanwhile, on Instagram, one cyclist shows us what 16 stages of riding the Tour De France will do to your legs. <a href=\"https:\/\/t.co\/7HHgVS6uia\">pic.twitter.com\/7HHgVS6uia<\/a><\/p>\n<p>&mdash; Richard Conway (@richard_conway) <a href=\"https:\/\/twitter.com\/richard_conway\/status\/887445184275001345?ref_src=twsrc%5Etfw\">July 18, 2017<\/a><\/p><\/blockquote>\n<p><script async data-src=\"https:\/\/platform.twitter.com\/widgets.js\" charset=\"utf-8\"><\/script><\/div>\n<h2><strong>Volumen sangu\u00edneo elevado<\/strong><\/h2>\n<p>Tener un sistema vascular bien entrenado no producir\u00e1 un aspecto venoso si no hay suficiente cantidad de sangre para llenarlo. Una persona no entrenada tiene alrededor de cinco litros de sangre, unos 50-75 ml por kilo, o el 5-7% de la masa corporal. Un ciclista de resistencia de categor\u00eda mundial puede tener entre 7 y 8 litros, hasta 150 ml por kilo, o el 15% de la masa corporal. En otras palabras, esas venas abultadas se llenan con el doble de sangre que una persona media.<\/p>\n<h2><strong>El proceso de filtraci\u00f3n<\/strong><\/h2>\n<p>Hay un efecto m\u00e1s en juego. Cuando se hace ejercicio, la presi\u00f3n sangu\u00ednea aumenta, lo que puede forzar la entrada de l\u00edquido plasm\u00e1tico en los compartimentos que rodean los m\u00fasculos. Este proceso se conoce como filtraci\u00f3n y provoca la hinchaz\u00f3n y el endurecimiento del m\u00fasculo. Eso, a su vez, empuja las venas a\u00fan m\u00e1s cerca de la superficie de la piel. Por si todo esto no fuera suficiente, \u00a1todav\u00eda queda la gen\u00e9tica! Algunos ciclistas est\u00e1n simplemente m\u00e1s predispuestos gen\u00e9ticamente a tener piernas muy venosas.<\/p>\n<figure id=\"attachment_7888\" aria-describedby=\"caption-attachment-7888\" style=\"width: 1000px\" class=\"wp-caption alignnone\"><a href=\"https:\/\/d2p6e6u75xmxt8.cloudfront.net\/6\/2021\/07\/Veiny-legs-profimedia-0096443511.jpg\"><img loading=\"lazy\" decoding=\"async\" class=\"size-full wp-image-7888\" src=\"https:\/\/d2p6e6u75xmxt8.cloudfront.net\/6\/2021\/07\/Veiny-legs-profimedia-0096443511.jpg\" alt=\"Veiny legs\" width=\"1000\" height=\"666\" srcset=\"https:\/\/d2p6e6u75xmxt8.cloudfront.net\/6\/2021\/07\/Veiny-legs-profimedia-0096443511.jpg 1000w, https:\/\/d2p6e6u75xmxt8.cloudfront.net\/6\/2021\/07\/Veiny-legs-profimedia-0096443511-300x200.jpg 300w, https:\/\/d2p6e6u75xmxt8.cloudfront.net\/6\/2021\/07\/Veiny-legs-profimedia-0096443511-768x511.jpg 768w, https:\/\/d2p6e6u75xmxt8.cloudfront.net\/6\/2021\/07\/Veiny-legs-profimedia-0096443511-272x182.jpg 272w\" sizes=\"auto, (max-width: 1000px) 100vw, 1000px\" \/><\/a><figcaption id=\"caption-attachment-7888\" class=\"wp-caption-text\">Preparado para correr. \u00a9 Profimedia<\/figcaption><\/figure>\n<h2><strong><br \/>\n\u00bfDeber\u00edas intentar tener unas piernas as\u00ed?<\/strong><\/h2>\n<p>Eso depende de <a href=\"https:\/\/www.welovecycling.com\/es\/2020\/10\/04\/definir-objetivos-ciclistas\/\">tus objetivos<\/a>. Si buscas ese tipo de est\u00e9tica, puede ser una raz\u00f3n que merezca la pena para entrenar m\u00e1s duro. Pero mant\u00e9n tus expectativas realistas. Es probable que la mayor\u00eda de la gente nunca llegue a los niveles de las piernas de los ciclistas del Tour de Francia.<\/p>\n<p>Observar el aspecto de las piernas puede ser \u00fatil para ver el progreso. Unas cuantas venas m\u00e1s saliendo a la superficie son definitivamente un indicador de una mejor forma f\u00edsica, de una disminuci\u00f3n de la grasa corporal, o de ambas cosas.<\/p>\n","protected":false},"excerpt":{"rendered":"<p>\u00bfHas visto esas piernas de los ciclistas despu\u00e9s del Tour de Francia con venas abultadas? \u00bfC\u00f3mo es posible? \u00bfPuede alg\u00fan [&hellip;]<\/p>\n","protected":false},"author":29,"featured_media":7890,"comment_status":"open","ping_status":"open","sticky":false,"template":"","format":"standard","meta":{"footnotes":""},"categories":[7],"tags":[1941],"global-categories":[1164],"class_list":["post-7885","post","type-post","status-publish","format-standard","has-post-thumbnail","hentry","category-carretera","tag-tour-2021","global-categories-cycling"],"yoast_head":"<!-- This site is optimized with the Yoast SEO Premium plugin v25.3 (Yoast SEO v25.9) - https:\/\/yoast.com\/wordpress\/plugins\/seo\/ -->\n<title>Las piernas de los ciclistas despu\u00e9s del Tour. Una carretera de venas<\/title>\n<meta name=\"description\" content=\"Las piernas de los ciclistas despu\u00e9s del Tour. Las razones por las que casi todas parecen una carretera de venas.\" \/>\n<meta name=\"robots\" content=\"index, follow, max-snippet:-1, max-image-preview:large, max-video-preview:-1\" \/>\n<link rel=\"canonical\" href=\"https:\/\/www.welovecycling.com\/es\/2021\/07\/20\/piernas-ciclistas-despues-tour\/\" \/>\n<meta property=\"og:locale\" content=\"es_ES\" \/>\n<meta property=\"og:type\" content=\"article\" \/>\n<meta property=\"og:title\" content=\"Las piernas de los ciclistas despu\u00e9s del Tour. Una carretera de venas\" \/>\n<meta property=\"og:description\" content=\"Las piernas de los ciclistas despu\u00e9s del Tour. Las razones por las que casi todas parecen una carretera de venas.\" \/>\n<meta property=\"og:url\" content=\"https:\/\/www.welovecycling.com\/es\/2021\/07\/20\/piernas-ciclistas-despues-tour\/\" \/>\n<meta property=\"og:site_name\" content=\"\u0160koda We Love Cycling - Spain\" \/>\n<meta property=\"article:published_time\" content=\"2021-07-20T16:55:44+00:00\" \/>\n<meta property=\"og:image\" content=\"https:\/\/d2p6e6u75xmxt8.cloudfront.net\/6\/2021\/07\/Tour-de-France-2021-profimedia-0621448676-CVR.jpg\" \/>\n\t<meta property=\"og:image:width\" content=\"1366\" \/>\n\t<meta property=\"og:image:height\" content=\"600\" \/>\n\t<meta property=\"og:image:type\" content=\"image\/jpeg\" \/>\n<meta name=\"author\" content=\"We Love Cycling Spain\" \/>\n<meta name=\"twitter:card\" content=\"summary_large_image\" \/>\n<meta name=\"twitter:title\" content=\"Las piernas de los ciclistas despu\u00e9s del Tour\" \/>\n<meta name=\"twitter:description\" content=\"Las piernas de los ciclistas despu\u00e9s del Tour. Las razones por las que casi todas parecen una carretera de venas.\" \/>\n<meta name=\"twitter:label1\" content=\"Written by\" \/>\n\t<meta name=\"twitter:data1\" content=\"Jiri Kaloc\" \/>\n\t<meta name=\"twitter:label2\" content=\"Est. reading time\" \/>\n\t<meta name=\"twitter:data2\" content=\"5\" \/>\n<script type=\"application\/ld+json\" class=\"yoast-schema-graph\">{\"@context\":\"https:\/\/schema.org\",\"@graph\":[{\"@type\":\"WebPage\",\"@id\":\"https:\/\/www.welovecycling.com\/es\/2021\/07\/20\/piernas-ciclistas-despues-tour\/\",\"url\":\"https:\/\/www.welovecycling.com\/es\/2021\/07\/20\/piernas-ciclistas-despues-tour\/\",\"name\":\"Las piernas de los ciclistas despu\u00e9s del Tour. Una carretera de venas\",\"isPartOf\":{\"@id\":\"https:\/\/www.welovecycling.com\/es\/#website\"},\"primaryImageOfPage\":{\"@id\":\"https:\/\/www.welovecycling.com\/es\/2021\/07\/20\/piernas-ciclistas-despues-tour\/#primaryimage\"},\"image\":{\"@id\":\"https:\/\/www.welovecycling.com\/es\/2021\/07\/20\/piernas-ciclistas-despues-tour\/#primaryimage\"},\"thumbnailUrl\":\"https:\/\/d2p6e6u75xmxt8.cloudfront.net\/6\/2021\/07\/Tour-de-France-2021-profimedia-0621448676-CVR.jpg\",\"datePublished\":\"2021-07-20T16:55:44+00:00\",\"author\":{\"@id\":\"https:\/\/www.welovecycling.com\/es\/#\/schema\/person\/deb61715b5812698ee79fb96f343ccd4\"},\"description\":\"Las piernas de los ciclistas despu\u00e9s del Tour. Las razones por las que casi todas parecen una carretera de venas.\",\"breadcrumb\":{\"@id\":\"https:\/\/www.welovecycling.com\/es\/2021\/07\/20\/piernas-ciclistas-despues-tour\/#breadcrumb\"},\"inLanguage\":\"es-ES\",\"potentialAction\":[{\"@type\":\"ReadAction\",\"target\":[\"https:\/\/www.welovecycling.com\/es\/2021\/07\/20\/piernas-ciclistas-despues-tour\/\"]}]},{\"@type\":\"ImageObject\",\"inLanguage\":\"es-ES\",\"@id\":\"https:\/\/www.welovecycling.com\/es\/2021\/07\/20\/piernas-ciclistas-despues-tour\/#primaryimage\",\"url\":\"https:\/\/d2p6e6u75xmxt8.cloudfront.net\/6\/2021\/07\/Tour-de-France-2021-profimedia-0621448676-CVR.jpg\",\"contentUrl\":\"https:\/\/d2p6e6u75xmxt8.cloudfront.net\/6\/2021\/07\/Tour-de-France-2021-profimedia-0621448676-CVR.jpg\",\"width\":1366,\"height\":600,\"caption\":\"Pack of Tour de France Riders\"},{\"@type\":\"BreadcrumbList\",\"@id\":\"https:\/\/www.welovecycling.com\/es\/2021\/07\/20\/piernas-ciclistas-despues-tour\/#breadcrumb\",\"itemListElement\":[{\"@type\":\"ListItem\",\"position\":1,\"name\":\"Home\",\"item\":\"https:\/\/www.welovecycling.com\/es\/\"},{\"@type\":\"ListItem\",\"position\":2,\"name\":\"Las piernas de los ciclistas despu\u00e9s del Tour. Una carretera de venas\"}]},{\"@type\":\"WebSite\",\"@id\":\"https:\/\/www.welovecycling.com\/es\/#website\",\"url\":\"https:\/\/www.welovecycling.com\/es\/\",\"name\":\"\u0160koda We Love Cycling - Spain\",\"description\":\"\u0160koda WeLoveCycling Spain\",\"potentialAction\":[{\"@type\":\"SearchAction\",\"target\":{\"@type\":\"EntryPoint\",\"urlTemplate\":\"https:\/\/www.welovecycling.com\/es\/?s={search_term_string}\"},\"query-input\":{\"@type\":\"PropertyValueSpecification\",\"valueRequired\":true,\"valueName\":\"search_term_string\"}}],\"inLanguage\":\"es-ES\"},{\"@type\":\"Person\",\"@id\":\"https:\/\/www.welovecycling.com\/es\/#\/schema\/person\/deb61715b5812698ee79fb96f343ccd4\",\"name\":\"We Love Cycling Spain\",\"image\":{\"@type\":\"ImageObject\",\"inLanguage\":\"es-ES\",\"@id\":\"https:\/\/www.welovecycling.com\/es\/#\/schema\/person\/image\/\",\"url\":\"https:\/\/secure.gravatar.com\/avatar\/c824b04e6df0e37a03219d0b6481672889df542894588964102459e46513159c?s=96&d=mm&r=g\",\"contentUrl\":\"https:\/\/secure.gravatar.com\/avatar\/c824b04e6df0e37a03219d0b6481672889df542894588964102459e46513159c?s=96&d=mm&r=g\",\"caption\":\"We Love Cycling Spain\"},\"url\":\"https:\/\/www.welovecycling.com\/es\/author\/amunoz\/\"}]}<\/script>\n<!-- \/ Yoast SEO Premium plugin. -->","yoast_head_json":{"title":"Las piernas de los ciclistas despu\u00e9s del Tour. Una carretera de venas","description":"Las piernas de los ciclistas despu\u00e9s del Tour. Las razones por las que casi todas parecen una carretera de venas.","robots":{"index":"index","follow":"follow","max-snippet":"max-snippet:-1","max-image-preview":"max-image-preview:large","max-video-preview":"max-video-preview:-1"},"canonical":"https:\/\/www.welovecycling.com\/es\/2021\/07\/20\/piernas-ciclistas-despues-tour\/","og_locale":"es_ES","og_type":"article","og_title":"Las piernas de los ciclistas despu\u00e9s del Tour. Una carretera de venas","og_description":"Las piernas de los ciclistas despu\u00e9s del Tour. Las razones por las que casi todas parecen una carretera de venas.","og_url":"https:\/\/www.welovecycling.com\/es\/2021\/07\/20\/piernas-ciclistas-despues-tour\/","og_site_name":"\u0160koda We Love Cycling - Spain","article_published_time":"2021-07-20T16:55:44+00:00","og_image":[{"width":1366,"height":600,"url":"https:\/\/d2p6e6u75xmxt8.cloudfront.net\/6\/2021\/07\/Tour-de-France-2021-profimedia-0621448676-CVR.jpg","type":"image\/jpeg"}],"author":"We Love Cycling Spain","twitter_card":"summary_large_image","twitter_title":"Las piernas de los ciclistas despu\u00e9s del Tour","twitter_description":"Las piernas de los ciclistas despu\u00e9s del Tour. Las razones por las que casi todas parecen una carretera de venas.","twitter_misc":{"Written by":"Jiri Kaloc","Est. reading time":"5"},"schema":{"@context":"https:\/\/schema.org","@graph":[{"@type":"WebPage","@id":"https:\/\/www.welovecycling.com\/es\/2021\/07\/20\/piernas-ciclistas-despues-tour\/","url":"https:\/\/www.welovecycling.com\/es\/2021\/07\/20\/piernas-ciclistas-despues-tour\/","name":"Las piernas de los ciclistas despu\u00e9s del Tour. Una carretera de venas","isPartOf":{"@id":"https:\/\/www.welovecycling.com\/es\/#website"},"primaryImageOfPage":{"@id":"https:\/\/www.welovecycling.com\/es\/2021\/07\/20\/piernas-ciclistas-despues-tour\/#primaryimage"},"image":{"@id":"https:\/\/www.welovecycling.com\/es\/2021\/07\/20\/piernas-ciclistas-despues-tour\/#primaryimage"},"thumbnailUrl":"https:\/\/d2p6e6u75xmxt8.cloudfront.net\/6\/2021\/07\/Tour-de-France-2021-profimedia-0621448676-CVR.jpg","datePublished":"2021-07-20T16:55:44+00:00","author":{"@id":"https:\/\/www.welovecycling.com\/es\/#\/schema\/person\/deb61715b5812698ee79fb96f343ccd4"},"description":"Las piernas de los ciclistas despu\u00e9s del Tour. Las razones por las que casi todas parecen una carretera de venas.","breadcrumb":{"@id":"https:\/\/www.welovecycling.com\/es\/2021\/07\/20\/piernas-ciclistas-despues-tour\/#breadcrumb"},"inLanguage":"es-ES","potentialAction":[{"@type":"ReadAction","target":["https:\/\/www.welovecycling.com\/es\/2021\/07\/20\/piernas-ciclistas-despues-tour\/"]}]},{"@type":"ImageObject","inLanguage":"es-ES","@id":"https:\/\/www.welovecycling.com\/es\/2021\/07\/20\/piernas-ciclistas-despues-tour\/#primaryimage","url":"https:\/\/d2p6e6u75xmxt8.cloudfront.net\/6\/2021\/07\/Tour-de-France-2021-profimedia-0621448676-CVR.jpg","contentUrl":"https:\/\/d2p6e6u75xmxt8.cloudfront.net\/6\/2021\/07\/Tour-de-France-2021-profimedia-0621448676-CVR.jpg","width":1366,"height":600,"caption":"Pack of Tour de France Riders"},{"@type":"BreadcrumbList","@id":"https:\/\/www.welovecycling.com\/es\/2021\/07\/20\/piernas-ciclistas-despues-tour\/#breadcrumb","itemListElement":[{"@type":"ListItem","position":1,"name":"Home","item":"https:\/\/www.welovecycling.com\/es\/"},{"@type":"ListItem","position":2,"name":"Las piernas de los ciclistas despu\u00e9s del Tour. Una carretera de venas"}]},{"@type":"WebSite","@id":"https:\/\/www.welovecycling.com\/es\/#website","url":"https:\/\/www.welovecycling.com\/es\/","name":"\u0160koda We Love Cycling - Spain","description":"\u0160koda WeLoveCycling Spain","potentialAction":[{"@type":"SearchAction","target":{"@type":"EntryPoint","urlTemplate":"https:\/\/www.welovecycling.com\/es\/?s={search_term_string}"},"query-input":{"@type":"PropertyValueSpecification","valueRequired":true,"valueName":"search_term_string"}}],"inLanguage":"es-ES"},{"@type":"Person","@id":"https:\/\/www.welovecycling.com\/es\/#\/schema\/person\/deb61715b5812698ee79fb96f343ccd4","name":"We Love Cycling Spain","image":{"@type":"ImageObject","inLanguage":"es-ES","@id":"https:\/\/www.welovecycling.com\/es\/#\/schema\/person\/image\/","url":"https:\/\/secure.gravatar.com\/avatar\/c824b04e6df0e37a03219d0b6481672889df542894588964102459e46513159c?s=96&d=mm&r=g","contentUrl":"https:\/\/secure.gravatar.com\/avatar\/c824b04e6df0e37a03219d0b6481672889df542894588964102459e46513159c?s=96&d=mm&r=g","caption":"We Love Cycling Spain"},"url":"https:\/\/www.welovecycling.com\/es\/author\/amunoz\/"}]}},"_links":{"self":[{"href":"https:\/\/www.welovecycling.com\/es\/wp-json\/wp\/v2\/posts\/7885","targetHints":{"allow":["GET"]}}],"collection":[{"href":"https:\/\/www.welovecycling.com\/es\/wp-json\/wp\/v2\/posts"}],"about":[{"href":"https:\/\/www.welovecycling.com\/es\/wp-json\/wp\/v2\/types\/post"}],"author":[{"embeddable":true,"href":"https:\/\/www.welovecycling.com\/es\/wp-json\/wp\/v2\/users\/29"}],"replies":[{"embeddable":true,"href":"https:\/\/www.welovecycling.com\/es\/wp-json\/wp\/v2\/comments?post=7885"}],"version-history":[{"count":2,"href":"https:\/\/www.welovecycling.com\/es\/wp-json\/wp\/v2\/posts\/7885\/revisions"}],"predecessor-version":[{"id":7891,"href":"https:\/\/www.welovecycling.com\/es\/wp-json\/wp\/v2\/posts\/7885\/revisions\/7891"}],"wp:featuredmedia":[{"embeddable":true,"href":"https:\/\/www.welovecycling.com\/es\/wp-json\/wp\/v2\/media\/7890"}],"wp:attachment":[{"href":"https:\/\/www.welovecycling.com\/es\/wp-json\/wp\/v2\/media?parent=7885"}],"wp:term":[{"taxonomy":"category","embeddable":true,"href":"https:\/\/www.welovecycling.com\/es\/wp-json\/wp\/v2\/categories?post=7885"},{"taxonomy":"post_tag","embeddable":true,"href":"https:\/\/www.welovecycling.com\/es\/wp-json\/wp\/v2\/tags?post=7885"},{"taxonomy":"global-categories","embeddable":true,"href":"https:\/\/www.welovecycling.com\/es\/wp-json\/wp\/v2\/global-categories?post=7885"}],"curies":[{"name":"wp","href":"https:\/\/api.w.org\/{rel}","templated":true}]}}