{"id":7848,"date":"2021-07-13T09:07:05","date_gmt":"2021-07-13T07:07:05","guid":{"rendered":"https:\/\/www.welovecycling.com\/es\/?p=7848"},"modified":"2021-07-13T09:43:06","modified_gmt":"2021-07-13T07:43:06","slug":"pogacar-y-los-pirineos-un-uomo-al-comando-o-version-conservadora","status":"publish","type":"post","link":"https:\/\/www.welovecycling.com\/es\/2021\/07\/13\/pogacar-y-los-pirineos-un-uomo-al-comando-o-version-conservadora\/","title":{"rendered":"Pogacar y los Pirineos. \u00bfUn uomo solo al comando o versi\u00f3n conservadora?"},"content":{"rendered":"<p><strong>Pese a que los Pirineos ya tuvieron su aperitivo con la etapa de Andorra, la triple raci\u00f3n acapara el inter\u00e9s de la tercera semana. Tres jornadas de este a oeste es las que Pogacar, con sus rivales a m\u00e1s de cinco minutos, tiene que decidir si adopta la t\u00e1ctica Froome, Indurain o Anquetil, de guardar la ropa, o las &#8216;locuras&#8217; de Merckx, Hinault y Coppi, que se marchaban de sus rivales solo por el placer de ganar, cuando ya ten\u00edan todo a su favor.\u00a0<\/strong><\/p>\n<p><!--more--><\/p>\n<p>Tambi\u00e9n es cierto que el terreno no es el m\u00e1s propicio para la \u00e9pica de las locuras. Merckx, Hinault y Coppi lo hac\u00edan a 100 kil\u00f3metros de meta y con cuatro puertos por delante. Aquel m\u00edtico un <a href=\"https:\/\/www.youtube.com\/watch?v=3TnlhMRVysE\">Uomo solo al Comando del Giro<\/a> de Italia no se volver\u00e1 a repetir, pero este Pogacar tiene algo de ellos. Primero por su precocidad. Merckx e Hinault ganaron su primer Tour en el debut, igual que el esloveno y despu\u00e9s eran capaces de vencer en casi cualquier sitio. Lieja, Tirreno&#8230; lo mismo que est\u00e1 haciendo el ciclista del UAE. Y ojo, que desde Hinault en 1980 no hay ning\u00fan vencedor en la Decana que haya levantado los brazos en el primer caj\u00f3n de Par\u00eds (solo Andy Schleck, que no pudo hacerlo porque ese d\u00eda fue Contador el que celebr\u00f3 en Par\u00eds) y est\u00e1n los Armstrong, Indurain, Froome&#8230;<\/p>\n<p>Tambi\u00e9n es cierto que los dos, <strong>Hinault y Merckx,<\/strong> envejecieron prematuramente y pasada la treintena ya eran ciclistas con orgullo para dar guerra, pero sin las piernas de sus inicios. Adem\u00e1s el plan de Matxin para Pogacar en este 2021 pasa por la Vuelta en agosto (solo queda un mes), as\u00ed que cualquier ahorro durante el Tour le vendr\u00e1 bien.<\/p>\n<p><img loading=\"lazy\" decoding=\"async\" class=\"alignnone size-extra-large\" src=\"https:\/\/img.aso.fr\/core_app\/img-cycling-tdf-jpg\/pogacar\/31301\/0:0,1200:798-1000-0-70\/8b3c4\" width=\"1000\" height=\"665\" \/><\/p>\n<p><strong>Pogacar<\/strong> ya tuvo su jornada \u00e9pica camino de <a href=\"https:\/\/www.welovecycling.com\/es\/2021\/07\/01\/etapas-tour-2021-alpes\/\">Le Grand Bornard<\/a>, atacando como en tiempos pret\u00e9ritos y sacando diferencias que no se ve\u00edan desde hace 30 a\u00f1os. No estaba para responderle el ca\u00eddo Roglic y de la corte del Ineos solo <strong>Carapaz<\/strong>, que acab\u00f3 explotando y refugiandose con el resto de los nuevos rivales del esloveno. pudo hacer un t\u00edmido intento. Ha demostrado ser el m\u00e1s fuerte, pero una exhibici\u00f3n la \u00faltima semana, igual que hizo Nibali en su Tour, no le vendr\u00eda mal para reafirma que la ausencia de sus, a priori, rivales m\u00e1s directos, no reduce la val\u00eda de su triunfo.<\/p>\n<p>Pero vamos con las etapas de los Pirineos, porque tambi\u00e9n hay terreno para que los Vingegaard, Carapaz, Uran y M\u00e1s intenten pelear por el podio y, quiz\u00e1s, por el maillot amarillo si Pogacar desfallece, aunque a estas alturas de Tour no parece probable.<\/p>\n<h2><strong>Etapa 16, Martes 13 de julio. Pas de la Casa &#8211; Saint Gaudens (169 km y 3 puertos)<\/strong><\/h2>\n<p>Si hay una etapa en lo que queda de Tour perfecta para las emboscadas es esta. Se atraviesan los Pirineos hacia el oeste por un territorio que no tiene un cent\u00edmetro llano. Calor, porque no se llega a gran altitud, y tres puertos de monta\u00f1a que se van a convertir en un horno. Un buen terreno para probar de nuevo la val\u00eda del UAE y para intentar dejar solo a Pogacar y soltarle entre el descenso de <a href=\"https:\/\/www.letour.fr\/es\/etapa-16\">Portet de Aspet<\/a> y la meta en Saint Gaudens.<\/p>\n<p>Los 35 kil\u00f3metros iniciales son favorables, as\u00ed que para formar la fuga habr\u00e1 que ir a 80 por hora o esperar a las primeras rampas del Col de Port, que tiene 11,4 kil\u00f3metros al 5,1%. No es muy duro, pero se puede ir r\u00e1pido y aprovechar las dudas despu\u00e9s del d\u00eda de descanso. Despu\u00e9s el Col de la Core, muy similar al anterior, y por \u00faltimo el Portet de Aspet, m\u00e1s corto, 5,4 kil\u00f3metros, pero m\u00e1s empinado, 7,1% de media. Bajada y 20 kil\u00f3metros llanos hasta Saint Gaudens, salvo un repecho de 800 metros al 8,4% a siete de meta.<\/p>\n<p>Sobre el papel no es el d\u00eda m\u00e1s exigente de los que restan, pero si en el que los directores podr\u00e1n jugar con m\u00e1s &#8216;peones&#8217; disponibles.<\/p>\n<p><img loading=\"lazy\" decoding=\"async\" class=\"alignnone size-extra-large\" src=\"https:\/\/img.aso.fr\/core_app\/img-cycling-tdf-jpg\/16\/27240\/0:0,1500:904-960-0-90\/fb4fc\" width=\"960\" height=\"579\" \/><\/p>\n<h2><strong>Etapa 17, Mi\u00e9rcoles 14 de julio. Moret &#8211; Col du Portet (178 km y 3 puertos)<\/strong><\/h2>\n<p>La primera llegada en alto de los Pirineos es el dur\u00edsimo <a href=\"https:\/\/www.welovecycling.com\/es\/2018\/07\/24\/col-de-portet\/\">Col du Portet.\u00a0<\/a> Con 16 kil\u00f3metros al 8,7% y la meta a 2.215 metros est\u00e1 al nivel del Tourmalet (o incluso un poquito m\u00e1s, pero vamos a respetar la historia de su hermano de cordillera). Son 178 kil\u00f3metros de etapa, lo que har\u00edan pensar en una jornada \u00e9pica pirenaica como las de antes, pero en realidad han a\u00f1adido 113 kil\u00f3metros llanos y de repechos, los que hay desde Muret a Bagneres de Luchon, a aquella jornada de <a href=\"https:\/\/www.welovecycling.com\/es\/2018\/07\/26\/tour-desde-la-zona-vip\/\">65 kil\u00f3metros del Tour 2018<\/a> con parrilla de salida incluida.<\/p>\n<p>Antes de Bagneres podr\u00edan haber incluido <strong>Ment\u00e9, Bal\u00e9s o Portill\u00f3n,<\/strong> pero no. La fuga se har\u00e1 en el llano y la carrera se empezar\u00e1 a decidir en el <strong>Peyresourde<\/strong>, con sus 13 kil\u00f3metros al 7%. Bajada rapid\u00edsima al lago de Loundevielle y ascensi\u00f3n al siempre complicado <strong>Val Louron<\/strong>, all\u00ed donde Indurain se visti\u00f3 de amarillo en 1991. Los peligros vendr\u00e1n en el estrecho descenso hacia <a href=\"https:\/\/www.welovecycling.com\/es\/2019\/06\/18\/los-puertos-tour-saint-lary\/\">Saint Lary<\/a>, con carretera botosa y un pu\u00f1ado de curvas peligrosas que hicieron caer a Peter Sagan en aquel 2018, lo que ya es noticia.<\/p>\n<p>Y por \u00faltimo la segunda visita al Portet, que es la versi\u00f3n extendida de la subida a la estaci\u00f3n de Saint Lary Soulan con sus siete kil\u00f3metros iniciales desesperantes siempre al 10%. All\u00ed se puede romper la carretera antes del descansillo de transici\u00f3n hacia el <strong>Col du Portet<\/strong>, que tiene otros ocho kil\u00f3metros, siempre por encima del 9% y con carretera antigua y botosa. Y el \u00faltimo, al 10,2%.<\/p>\n<p><img loading=\"lazy\" decoding=\"async\" class=\"alignnone size-extra-large\" src=\"https:\/\/img.aso.fr\/core_app\/img-cycling-tdf-jpg\/17\/27241\/0:0,1500:904-960-0-90\/dbafd\" width=\"960\" height=\"579\" \/><\/p>\n<h2><strong>Etapa 18, Jueves 15 de julio. Pau &#8211; Luz Ardiden (130 km y 2 puertos)<\/strong><\/h2>\n<p>A la \u00faltima etapa de los Pirineos le pasa igual que la anterior. El aficionado ve salida en Pau y meta en<strong> Luz Ardiden pasando por el Tourmalet<\/strong> y evoca tiempos pret\u00e9ritos con jornadas largas y plagadas de puertos. En 2021 no ser\u00e1 as\u00ed. Solo 129 kil\u00f3metros\u00a0 y dos peque\u00f1as cotas de menos de tres, Notre Dame de Pietat y Loucrup, antes de llegar al Rey Tourmalet, que en esta edici\u00f3n se subir\u00e1 por su vertiente m\u00e1s dura, la de Sainte Marie de Campan (aunque tengo una disputa con Beloki que dice que es la de Bareges).<\/p>\n<p>Esta cara del <a href=\"https:\/\/www.welovecycling.com\/es\/2020\/09\/03\/tour-pirineos-1910\/\">Tourmalet<\/a> tiene un resumen sencillo. Cinco kil\u00f3metros iniciales hasta Gripp para ir a plato y echar mano de los gregarios metiendo velocidad, y 13 kil\u00f3metros siempre por encima del 8,5%, sin descansos y con tramos al 10 y 11%, como los dos kil\u00f3metros anteriores a la estaci\u00f3n de La Mongie y el \u00faltimo antes de coronar. Perfecto para agotar a cualquiera antes de bajar a Luz Saint Sauver para afrontar Luz Ardiden, la \u00faltima subida del Tour 2021.<\/p>\n<p>Por s\u00ed solo, 14 kil\u00f3metros al 7,5%, no parecen el puerto m\u00e1s adecuado para decidir el Tour, pero despu\u00e9s de tres semanas de esfuerzos y del Tourmalet acabar\u00e1 haciendo diferencias. Eso s\u00ed, todav\u00eda quedar\u00e1 la crono del pen\u00faltimo d\u00eda.<\/p>\n<p><img loading=\"lazy\" decoding=\"async\" class=\"alignnone size-extra-large\" src=\"https:\/\/img.aso.fr\/core_app\/img-cycling-tdf-jpg\/18\/27242\/0:0,1500:904-960-0-90\/d499c\" width=\"960\" height=\"579\" \/><\/p>\n","protected":false},"excerpt":{"rendered":"<p>Pese a que los Pirineos ya tuvieron su aperitivo con la etapa de Andorra, la triple raci\u00f3n acapara el inter\u00e9s [&hellip;]<\/p>\n","protected":false},"author":29,"featured_media":7850,"comment_status":"open","ping_status":"open","sticky":false,"template":"","format":"standard","meta":{"footnotes":""},"categories":[7],"tags":[1941],"global-categories":[1164],"class_list":["post-7848","post","type-post","status-publish","format-standard","has-post-thumbnail","hentry","category-carretera","tag-tour-2021","global-categories-cycling"],"yoast_head":"<!-- This site is optimized with the Yoast SEO Premium plugin v25.3 (Yoast SEO v25.9) - https:\/\/yoast.com\/wordpress\/plugins\/seo\/ -->\n<title>Pogacar y los Pirineos. \u00bfUn uomo solo al comando o versi\u00f3n conservadora? - \u0160koda We Love Cycling - Spain<\/title>\n<meta name=\"robots\" content=\"index, follow, max-snippet:-1, max-image-preview:large, max-video-preview:-1\" \/>\n<link rel=\"canonical\" href=\"https:\/\/www.welovecycling.com\/es\/2021\/07\/13\/pogacar-y-los-pirineos-un-uomo-al-comando-o-version-conservadora\/\" \/>\n<meta property=\"og:locale\" content=\"es_ES\" \/>\n<meta property=\"og:type\" content=\"article\" \/>\n<meta property=\"og:title\" content=\"Pogacar y los Pirineos. \u00bfUn uomo solo al comando o versi\u00f3n conservadora?\" \/>\n<meta property=\"og:description\" content=\"Pese a que los Pirineos ya tuvieron su aperitivo con la etapa de Andorra, la triple raci\u00f3n acapara el inter\u00e9s [&hellip;]\" \/>\n<meta property=\"og:url\" content=\"https:\/\/www.welovecycling.com\/es\/2021\/07\/13\/pogacar-y-los-pirineos-un-uomo-al-comando-o-version-conservadora\/\" \/>\n<meta property=\"og:site_name\" content=\"\u0160koda We Love Cycling - Spain\" \/>\n<meta property=\"article:published_time\" content=\"2021-07-13T07:07:05+00:00\" \/>\n<meta property=\"article:modified_time\" content=\"2021-07-13T07:43:06+00:00\" \/>\n<meta property=\"og:image\" content=\"https:\/\/d2p6e6u75xmxt8.cloudfront.net\/6\/2021\/07\/pogacar-Tour.jpg\" \/>\n\t<meta property=\"og:image:width\" content=\"1000\" \/>\n\t<meta property=\"og:image:height\" content=\"666\" \/>\n\t<meta property=\"og:image:type\" content=\"image\/jpeg\" \/>\n<meta name=\"author\" content=\"We Love Cycling Spain\" \/>\n<meta name=\"twitter:card\" content=\"summary_large_image\" \/>\n<meta name=\"twitter:label1\" content=\"Written by\" \/>\n\t<meta name=\"twitter:data1\" content=\"Luis Ortega @Ciclored\" \/>\n\t<meta name=\"twitter:label2\" content=\"Est. reading time\" \/>\n\t<meta name=\"twitter:data2\" content=\"6 minutes\" \/>\n<script type=\"application\/ld+json\" class=\"yoast-schema-graph\">{\"@context\":\"https:\/\/schema.org\",\"@graph\":[{\"@type\":\"WebPage\",\"@id\":\"https:\/\/www.welovecycling.com\/es\/2021\/07\/13\/pogacar-y-los-pirineos-un-uomo-al-comando-o-version-conservadora\/\",\"url\":\"https:\/\/www.welovecycling.com\/es\/2021\/07\/13\/pogacar-y-los-pirineos-un-uomo-al-comando-o-version-conservadora\/\",\"name\":\"Pogacar y los Pirineos. \u00bfUn uomo solo al comando o versi\u00f3n conservadora? - \u0160koda We Love Cycling - Spain\",\"isPartOf\":{\"@id\":\"https:\/\/www.welovecycling.com\/es\/#website\"},\"primaryImageOfPage\":{\"@id\":\"https:\/\/www.welovecycling.com\/es\/2021\/07\/13\/pogacar-y-los-pirineos-un-uomo-al-comando-o-version-conservadora\/#primaryimage\"},\"image\":{\"@id\":\"https:\/\/www.welovecycling.com\/es\/2021\/07\/13\/pogacar-y-los-pirineos-un-uomo-al-comando-o-version-conservadora\/#primaryimage\"},\"thumbnailUrl\":\"https:\/\/d2p6e6u75xmxt8.cloudfront.net\/6\/2021\/07\/pogacar-Tour.jpg\",\"datePublished\":\"2021-07-13T07:07:05+00:00\",\"dateModified\":\"2021-07-13T07:43:06+00:00\",\"author\":{\"@id\":\"https:\/\/www.welovecycling.com\/es\/#\/schema\/person\/deb61715b5812698ee79fb96f343ccd4\"},\"breadcrumb\":{\"@id\":\"https:\/\/www.welovecycling.com\/es\/2021\/07\/13\/pogacar-y-los-pirineos-un-uomo-al-comando-o-version-conservadora\/#breadcrumb\"},\"inLanguage\":\"es-ES\",\"potentialAction\":[{\"@type\":\"ReadAction\",\"target\":[\"https:\/\/www.welovecycling.com\/es\/2021\/07\/13\/pogacar-y-los-pirineos-un-uomo-al-comando-o-version-conservadora\/\"]}]},{\"@type\":\"ImageObject\",\"inLanguage\":\"es-ES\",\"@id\":\"https:\/\/www.welovecycling.com\/es\/2021\/07\/13\/pogacar-y-los-pirineos-un-uomo-al-comando-o-version-conservadora\/#primaryimage\",\"url\":\"https:\/\/d2p6e6u75xmxt8.cloudfront.net\/6\/2021\/07\/pogacar-Tour.jpg\",\"contentUrl\":\"https:\/\/d2p6e6u75xmxt8.cloudfront.net\/6\/2021\/07\/pogacar-Tour.jpg\",\"width\":1000,\"height\":666},{\"@type\":\"BreadcrumbList\",\"@id\":\"https:\/\/www.welovecycling.com\/es\/2021\/07\/13\/pogacar-y-los-pirineos-un-uomo-al-comando-o-version-conservadora\/#breadcrumb\",\"itemListElement\":[{\"@type\":\"ListItem\",\"position\":1,\"name\":\"Home\",\"item\":\"https:\/\/www.welovecycling.com\/es\/\"},{\"@type\":\"ListItem\",\"position\":2,\"name\":\"Pogacar y los Pirineos. \u00bfUn uomo solo al comando o versi\u00f3n conservadora?\"}]},{\"@type\":\"WebSite\",\"@id\":\"https:\/\/www.welovecycling.com\/es\/#website\",\"url\":\"https:\/\/www.welovecycling.com\/es\/\",\"name\":\"\u0160koda We Love Cycling - Spain\",\"description\":\"\u0160koda WeLoveCycling Spain\",\"potentialAction\":[{\"@type\":\"SearchAction\",\"target\":{\"@type\":\"EntryPoint\",\"urlTemplate\":\"https:\/\/www.welovecycling.com\/es\/?s={search_term_string}\"},\"query-input\":{\"@type\":\"PropertyValueSpecification\",\"valueRequired\":true,\"valueName\":\"search_term_string\"}}],\"inLanguage\":\"es-ES\"},{\"@type\":\"Person\",\"@id\":\"https:\/\/www.welovecycling.com\/es\/#\/schema\/person\/deb61715b5812698ee79fb96f343ccd4\",\"name\":\"We Love Cycling Spain\",\"image\":{\"@type\":\"ImageObject\",\"inLanguage\":\"es-ES\",\"@id\":\"https:\/\/www.welovecycling.com\/es\/#\/schema\/person\/image\/\",\"url\":\"https:\/\/secure.gravatar.com\/avatar\/c824b04e6df0e37a03219d0b6481672889df542894588964102459e46513159c?s=96&d=mm&r=g\",\"contentUrl\":\"https:\/\/secure.gravatar.com\/avatar\/c824b04e6df0e37a03219d0b6481672889df542894588964102459e46513159c?s=96&d=mm&r=g\",\"caption\":\"We Love Cycling Spain\"},\"url\":\"https:\/\/www.welovecycling.com\/es\/author\/amunoz\/\"}]}<\/script>\n<!-- \/ Yoast SEO Premium plugin. -->","yoast_head_json":{"title":"Pogacar y los Pirineos. \u00bfUn uomo solo al comando o versi\u00f3n conservadora? - \u0160koda We Love Cycling - Spain","robots":{"index":"index","follow":"follow","max-snippet":"max-snippet:-1","max-image-preview":"max-image-preview:large","max-video-preview":"max-video-preview:-1"},"canonical":"https:\/\/www.welovecycling.com\/es\/2021\/07\/13\/pogacar-y-los-pirineos-un-uomo-al-comando-o-version-conservadora\/","og_locale":"es_ES","og_type":"article","og_title":"Pogacar y los Pirineos. \u00bfUn uomo solo al comando o versi\u00f3n conservadora?","og_description":"Pese a que los Pirineos ya tuvieron su aperitivo con la etapa de Andorra, la triple raci\u00f3n acapara el inter\u00e9s [&hellip;]","og_url":"https:\/\/www.welovecycling.com\/es\/2021\/07\/13\/pogacar-y-los-pirineos-un-uomo-al-comando-o-version-conservadora\/","og_site_name":"\u0160koda We Love Cycling - Spain","article_published_time":"2021-07-13T07:07:05+00:00","article_modified_time":"2021-07-13T07:43:06+00:00","og_image":[{"width":1000,"height":666,"url":"https:\/\/d2p6e6u75xmxt8.cloudfront.net\/6\/2021\/07\/pogacar-Tour.jpg","type":"image\/jpeg"}],"author":"We Love Cycling Spain","twitter_card":"summary_large_image","twitter_misc":{"Written by":"Luis Ortega @Ciclored","Est. reading time":"6 minutes"},"schema":{"@context":"https:\/\/schema.org","@graph":[{"@type":"WebPage","@id":"https:\/\/www.welovecycling.com\/es\/2021\/07\/13\/pogacar-y-los-pirineos-un-uomo-al-comando-o-version-conservadora\/","url":"https:\/\/www.welovecycling.com\/es\/2021\/07\/13\/pogacar-y-los-pirineos-un-uomo-al-comando-o-version-conservadora\/","name":"Pogacar y los Pirineos. \u00bfUn uomo solo al comando o versi\u00f3n conservadora? - \u0160koda We Love Cycling - Spain","isPartOf":{"@id":"https:\/\/www.welovecycling.com\/es\/#website"},"primaryImageOfPage":{"@id":"https:\/\/www.welovecycling.com\/es\/2021\/07\/13\/pogacar-y-los-pirineos-un-uomo-al-comando-o-version-conservadora\/#primaryimage"},"image":{"@id":"https:\/\/www.welovecycling.com\/es\/2021\/07\/13\/pogacar-y-los-pirineos-un-uomo-al-comando-o-version-conservadora\/#primaryimage"},"thumbnailUrl":"https:\/\/d2p6e6u75xmxt8.cloudfront.net\/6\/2021\/07\/pogacar-Tour.jpg","datePublished":"2021-07-13T07:07:05+00:00","dateModified":"2021-07-13T07:43:06+00:00","author":{"@id":"https:\/\/www.welovecycling.com\/es\/#\/schema\/person\/deb61715b5812698ee79fb96f343ccd4"},"breadcrumb":{"@id":"https:\/\/www.welovecycling.com\/es\/2021\/07\/13\/pogacar-y-los-pirineos-un-uomo-al-comando-o-version-conservadora\/#breadcrumb"},"inLanguage":"es-ES","potentialAction":[{"@type":"ReadAction","target":["https:\/\/www.welovecycling.com\/es\/2021\/07\/13\/pogacar-y-los-pirineos-un-uomo-al-comando-o-version-conservadora\/"]}]},{"@type":"ImageObject","inLanguage":"es-ES","@id":"https:\/\/www.welovecycling.com\/es\/2021\/07\/13\/pogacar-y-los-pirineos-un-uomo-al-comando-o-version-conservadora\/#primaryimage","url":"https:\/\/d2p6e6u75xmxt8.cloudfront.net\/6\/2021\/07\/pogacar-Tour.jpg","contentUrl":"https:\/\/d2p6e6u75xmxt8.cloudfront.net\/6\/2021\/07\/pogacar-Tour.jpg","width":1000,"height":666},{"@type":"BreadcrumbList","@id":"https:\/\/www.welovecycling.com\/es\/2021\/07\/13\/pogacar-y-los-pirineos-un-uomo-al-comando-o-version-conservadora\/#breadcrumb","itemListElement":[{"@type":"ListItem","position":1,"name":"Home","item":"https:\/\/www.welovecycling.com\/es\/"},{"@type":"ListItem","position":2,"name":"Pogacar y los Pirineos. \u00bfUn uomo solo al comando o versi\u00f3n conservadora?"}]},{"@type":"WebSite","@id":"https:\/\/www.welovecycling.com\/es\/#website","url":"https:\/\/www.welovecycling.com\/es\/","name":"\u0160koda We Love Cycling - Spain","description":"\u0160koda WeLoveCycling Spain","potentialAction":[{"@type":"SearchAction","target":{"@type":"EntryPoint","urlTemplate":"https:\/\/www.welovecycling.com\/es\/?s={search_term_string}"},"query-input":{"@type":"PropertyValueSpecification","valueRequired":true,"valueName":"search_term_string"}}],"inLanguage":"es-ES"},{"@type":"Person","@id":"https:\/\/www.welovecycling.com\/es\/#\/schema\/person\/deb61715b5812698ee79fb96f343ccd4","name":"We Love Cycling Spain","image":{"@type":"ImageObject","inLanguage":"es-ES","@id":"https:\/\/www.welovecycling.com\/es\/#\/schema\/person\/image\/","url":"https:\/\/secure.gravatar.com\/avatar\/c824b04e6df0e37a03219d0b6481672889df542894588964102459e46513159c?s=96&d=mm&r=g","contentUrl":"https:\/\/secure.gravatar.com\/avatar\/c824b04e6df0e37a03219d0b6481672889df542894588964102459e46513159c?s=96&d=mm&r=g","caption":"We Love Cycling Spain"},"url":"https:\/\/www.welovecycling.com\/es\/author\/amunoz\/"}]}},"_links":{"self":[{"href":"https:\/\/www.welovecycling.com\/es\/wp-json\/wp\/v2\/posts\/7848","targetHints":{"allow":["GET"]}}],"collection":[{"href":"https:\/\/www.welovecycling.com\/es\/wp-json\/wp\/v2\/posts"}],"about":[{"href":"https:\/\/www.welovecycling.com\/es\/wp-json\/wp\/v2\/types\/post"}],"author":[{"embeddable":true,"href":"https:\/\/www.welovecycling.com\/es\/wp-json\/wp\/v2\/users\/29"}],"replies":[{"embeddable":true,"href":"https:\/\/www.welovecycling.com\/es\/wp-json\/wp\/v2\/comments?post=7848"}],"version-history":[{"count":2,"href":"https:\/\/www.welovecycling.com\/es\/wp-json\/wp\/v2\/posts\/7848\/revisions"}],"predecessor-version":[{"id":7865,"href":"https:\/\/www.welovecycling.com\/es\/wp-json\/wp\/v2\/posts\/7848\/revisions\/7865"}],"wp:featuredmedia":[{"embeddable":true,"href":"https:\/\/www.welovecycling.com\/es\/wp-json\/wp\/v2\/media\/7850"}],"wp:attachment":[{"href":"https:\/\/www.welovecycling.com\/es\/wp-json\/wp\/v2\/media?parent=7848"}],"wp:term":[{"taxonomy":"category","embeddable":true,"href":"https:\/\/www.welovecycling.com\/es\/wp-json\/wp\/v2\/categories?post=7848"},{"taxonomy":"post_tag","embeddable":true,"href":"https:\/\/www.welovecycling.com\/es\/wp-json\/wp\/v2\/tags?post=7848"},{"taxonomy":"global-categories","embeddable":true,"href":"https:\/\/www.welovecycling.com\/es\/wp-json\/wp\/v2\/global-categories?post=7848"}],"curies":[{"name":"wp","href":"https:\/\/api.w.org\/{rel}","templated":true}]}}