{"id":7833,"date":"2021-07-12T09:55:41","date_gmt":"2021-07-12T07:55:41","guid":{"rendered":"https:\/\/www.welovecycling.com\/es\/?p=7833"},"modified":"2021-07-12T09:55:41","modified_gmt":"2021-07-12T07:55:41","slug":"columna-tour","status":"publish","type":"post","link":"https:\/\/www.welovecycling.com\/es\/2021\/07\/12\/columna-tour\/","title":{"rendered":"La columna del Tour: Una segunda semana con sobresaltos"},"content":{"rendered":"<p><strong>Habr\u00eda sido bastante normal esperar que, tras una primera semana llena de ca\u00eddas, sobresaltos y dramatismo, el Tour de Francia perdiera algo de emoci\u00f3n al entrar en la segunda semana. Pero no es as\u00ed. Este es un Tour de Francia que sigue dando de s\u00ed.<\/strong><\/p>\n<p><!--more--><\/p>\n<p>S\u00ed, el Tour siempre es emocionante, pero lo que hemos vivido en las siete primeras etapas no tiene precedentes. Y algo de eso afect\u00f3 a lo que ocurri\u00f3 en la segunda semana, como la mayor sorpresa de la carrera hasta ahora, el abandono del subcampe\u00f3n del a\u00f1o pasado, <a href=\"https:\/\/www.cyclingnews.com\/riders\/primoz-roglic\/\">Primo\u017e Rogli\u010d<\/a>, del Jumbo-Visma. El esloveno de 31 a\u00f1os, uno de los principales favoritos antes de la carrera, se cay\u00f3 dos veces durante las tres primeras etapas del Tour. Su ca\u00edda en la 3\u00aa etapa fue especialmente da\u00f1ina y le dej\u00f3 realmente tocado.<\/p>\n<figure id=\"attachment_7839\" aria-describedby=\"caption-attachment-7839\" style=\"width: 1000px\" class=\"wp-caption alignnone\"><a href=\"https:\/\/d2p6e6u75xmxt8.cloudfront.net\/6\/2021\/07\/Roglic-2021-Tour-Stage-3-profimedia-0618351177.jpg\"><img loading=\"lazy\" decoding=\"async\" class=\"wp-image-7839 size-full\" src=\"https:\/\/d2p6e6u75xmxt8.cloudfront.net\/6\/2021\/07\/Roglic-2021-Tour-Stage-3-profimedia-0618351177.jpg\" alt=\"Rogli\u010d at stage 3\" width=\"1000\" height=\"678\" srcset=\"https:\/\/d2p6e6u75xmxt8.cloudfront.net\/6\/2021\/07\/Roglic-2021-Tour-Stage-3-profimedia-0618351177.jpg 1000w, https:\/\/d2p6e6u75xmxt8.cloudfront.net\/6\/2021\/07\/Roglic-2021-Tour-Stage-3-profimedia-0618351177-300x203.jpg 300w, https:\/\/d2p6e6u75xmxt8.cloudfront.net\/6\/2021\/07\/Roglic-2021-Tour-Stage-3-profimedia-0618351177-768x521.jpg 768w\" sizes=\"auto, (max-width: 1000px) 100vw, 1000px\" \/><\/a><figcaption id=\"caption-attachment-7839\" class=\"wp-caption-text\">Rogli\u010d after stage 3. \u00a9 Profimedia<\/figcaption><\/figure>\n<p>&nbsp;<\/p>\n<p>Aunque Rogli\u010d consigui\u00f3 aguantar en la contrarreloj individual de la etapa 4, cuando la carrera lleg\u00f3 a los Alpes, en la etapa 8, las lesiones se hicieron notar y termin\u00f3 la etapa en el \u00faltimo lugar de la clasificaci\u00f3n general, a m\u00e1s de 35 minutos de los l\u00edderes. Todav\u00eda d\u00e9bil y con una victoria en el Tour ya imposible, tom\u00f3 la prudente e inevitable decisi\u00f3n de abandonar la carrera.<\/p>\n<p>La etapa 8 tambi\u00e9n fue importante porque demostr\u00f3 que el Tour de Francia de 2021 solo lo puede ganar o perder Tadej Pogacar. Era la primera etapa de monta\u00f1a de la carrera y el ganador del maillot amarillo del a\u00f1o pasado decidi\u00f3 hacer su exhibici\u00f3n<\/p>\n<p>&#8220;Por la ma\u00f1ana no ten\u00edamos previsto que hoy atacase fuerte&#8221;, dijo despu\u00e9s. &#8220;Me siento muy bien con este tiempo y, antes de las tres \u00faltimas subidas, les dije a mis compa\u00f1eros que \u00edbamos a intentar destrozar la carrera porque ve\u00eda que todo el mundo estaba sufriendo&#8221;.<\/p>\n<div class=\"embed-controller-wrapper\">\n<blockquote class=\"twitter-tweet\" data-width=\"500\" data-dnt=\"true\">\n<p lang=\"en\" dir=\"ltr\">Fighting double Mont Ventoux be like \ud83e\udd75\ud83e\udd74\u2620\ufe0f<br \/>Congrats <a href=\"https:\/\/twitter.com\/WoutvanAert?ref_src=twsrc%5Etfw\">@woutvanaert<\/a> what a stage win \ud83d\udc4f. <br \/>Today the team saved me with all the water bottles, thanks guys @uae_team_emirates. <a href=\"https:\/\/t.co\/6CBI6EeIHZ\">https:\/\/t.co\/6CBI6EeIHZ<\/a><\/p>\n<p>&mdash; Tadej Poga\u010dar (@TamauPogi) <a href=\"https:\/\/twitter.com\/TamauPogi\/status\/1412851387361337348?ref_src=twsrc%5Etfw\">July 7, 2021<\/a><\/p><\/blockquote>\n<p><script async data-src=\"https:\/\/platform.twitter.com\/widgets.js\" charset=\"utf-8\"><\/script><\/div>\n<p>El tiempo era lluvioso y fresco, y tras un ritmo imponente de los compa\u00f1eros de equipo del<a href=\"https:\/\/en.wikipedia.org\/wiki\/UAE_Team_Emirates\"> UAE<\/a> Team Emirates, Davide Formolo, Rui Costa y Brandon McNulty, Poga\u010dar se march\u00f3 en solitario en lo que supuso una larga fuga de monta\u00f1a. Termin\u00f3 cuarto en la etapa, a 49 segundos del ganador, Dylan Teuns del Bahrain Victorious. Pero acab\u00f3 4 minutos y m\u00e1s por delante de sus rivales m\u00e1s serios del maillot amarillo, como Richard Carapaz del Ineos Grenadiers (su compa\u00f1ero de equipo Geraint Thomas perdi\u00f3 a\u00fan m\u00e1s tiempo) y Rigoberto Ur\u00e1n del equipo EF Education-Nippo.<\/p>\n<p>Hay que decir que el tan denostado equipo de Poga\u010dar ha sido una de las sorpresas positivas del Tour. A diferencia del a\u00f1o pasado, cuando gan\u00f3 la carrera pr\u00e1cticamente solo, este a\u00f1o ha estado generalmente rodeado de compa\u00f1eros de equipo, incluso en las subidas m\u00e1s duras.<\/p>\n<figure id=\"attachment_7841\" aria-describedby=\"caption-attachment-7841\" style=\"width: 1000px\" class=\"wp-caption alignnone\"><a href=\"https:\/\/d2p6e6u75xmxt8.cloudfront.net\/6\/2021\/07\/Pogacar-Stage-8-profimedia-0619410413.jpg\"><img loading=\"lazy\" decoding=\"async\" class=\"size-full wp-image-7841\" src=\"https:\/\/d2p6e6u75xmxt8.cloudfront.net\/6\/2021\/07\/Pogacar-Stage-8-profimedia-0619410413.jpg\" alt=\"Tadej Poga\u010dar\" width=\"1000\" height=\"666\" srcset=\"https:\/\/d2p6e6u75xmxt8.cloudfront.net\/6\/2021\/07\/Pogacar-Stage-8-profimedia-0619410413.jpg 1000w, https:\/\/d2p6e6u75xmxt8.cloudfront.net\/6\/2021\/07\/Pogacar-Stage-8-profimedia-0619410413-300x200.jpg 300w, https:\/\/d2p6e6u75xmxt8.cloudfront.net\/6\/2021\/07\/Pogacar-Stage-8-profimedia-0619410413-768x511.jpg 768w, https:\/\/d2p6e6u75xmxt8.cloudfront.net\/6\/2021\/07\/Pogacar-Stage-8-profimedia-0619410413-272x182.jpg 272w\" sizes=\"auto, (max-width: 1000px) 100vw, 1000px\" \/><\/a><figcaption id=\"caption-attachment-7841\" class=\"wp-caption-text\">Pogacar dominando el Tour. \u00a9 Profimedia<\/figcaption><\/figure>\n<p>Por lo tanto, esto no ser\u00e1 una sorpresa para nadie que est\u00e9 viendo el Tour, pero -salvo lesi\u00f3n, accidente o enfermedad- la carrera por el maillot amarillo est\u00e1 pr\u00e1cticamente terminada. Tampoco arruinar\u00e1 la emoci\u00f3n de la carrera ya que, como hemos visto hasta ahora, el recorrido de este a\u00f1o es un escenario perfecto para el drama de todo tipo. Pero, sobre todo con un buen equipo de apoyo, Poga\u010dar es de lejos el mejor corredor del Tour, tanto en monta\u00f1a como en contrarreloj. S\u00f3lo un fallo catastr\u00f3fico puede detener al esloveno de 22 a\u00f1os.<\/p>\n<p>Unas palabras sobre otro gran corredor, Wout van Aert, del Jumbo-Visma. Un d\u00eda despu\u00e9s de terminar muy cerca de Mark Cavendish en el sprint de la 10\u00aa etapa del martes, gan\u00f3 la 11\u00aa etapa, que inclu\u00eda dos ascensos al legendario <a href=\"https:\/\/www.welovecycling.com\/es\/2017\/11\/14\/el-velodromo-del-mont-ventoux\/\">Mont Ventoux<\/a>, en solitario en los \u00faltimos 11 km de la segunda ascensi\u00f3n.<\/p>\n<div class=\"embed-controller-wrapper\">\n<blockquote class=\"twitter-tweet\" data-width=\"500\" data-dnt=\"true\">\n<p lang=\"fr\" dir=\"ltr\">\ud83e\udd29  When you&#39;ve just conquered the mythical Mont Ventoux!<\/p>\n<p>\ud83e\udd29 Quand tu as dompt\u00e9 le mythique Mont Ventoux !<\/p>\n<p>\ud83d\udc4f <a href=\"https:\/\/twitter.com\/WoutvanAert?ref_src=twsrc%5Etfw\">@WoutvanAert<\/a> !<a href=\"https:\/\/twitter.com\/hashtag\/TDF2021?src=hash&amp;ref_src=twsrc%5Etfw\">#TDF2021<\/a> <a href=\"https:\/\/t.co\/PABtO8a0P4\">pic.twitter.com\/PABtO8a0P4<\/a><\/p>\n<p>&mdash; Tour de France\u2122 (@LeTour) <a href=\"https:\/\/twitter.com\/LeTour\/status\/1412826171776147463?ref_src=twsrc%5Etfw\">July 7, 2021<\/a><\/p><\/blockquote>\n<p><script async data-src=\"https:\/\/platform.twitter.com\/widgets.js\" charset=\"utf-8\"><\/script><\/div>\n<p>&#8220;Es probablemente mi mejor victoria&#8221;, dijo despu\u00e9s el tricampe\u00f3n del mundo de ciclocross. &#8220;Demuestra que si crees en ello, todo es posible&#8221;.<\/p>\n<p>Su equipo Jumbo-Visma ha tenido mucha mala suerte en este Tour, especialmente por las ca\u00eddas, y el mi\u00e9rcoles perdieron a otro corredor, el alem\u00e1n Tony Martin. Pero el equipo se vio animado por la victoria de etapa de van Aert y por la actuaci\u00f3n de otro joven corredor, el dan\u00e9s Jonas Vingegaard, de 24 a\u00f1os, que super\u00f3 a Poga\u010dar en el Mont Ventoux (aunque el esloveno le gan\u00f3 la partida en la l\u00ednea de meta) y ahora es tercero en la clasificaci\u00f3n general, a 5min 32s de Poga\u010dar. Ur\u00e1n es segundo en el ecuador del Tour, a 5 minutos y 18 segundos.<\/p>\n<p>Poga\u010dar admiti\u00f3 que &#8220;explot\u00f3&#8221; al intentar seguir a Vingegaard, lo que podr\u00eda haber animado a sus rivales si no hubiera conseguido alcanzar al dan\u00e9s y no perder tiempo con los dem\u00e1s corredores de la CG. Y a todo ello une la victoria de este domingo de Sepp Kuss en Andorra.<\/p>\n","protected":false},"excerpt":{"rendered":"<p>Habr\u00eda sido bastante normal esperar que, tras una primera semana llena de ca\u00eddas, sobresaltos y dramatismo, el Tour de Francia [&hellip;]<\/p>\n","protected":false},"author":29,"featured_media":7845,"comment_status":"open","ping_status":"open","sticky":false,"template":"","format":"standard","meta":{"footnotes":""},"categories":[7],"tags":[],"global-categories":[],"class_list":["post-7833","post","type-post","status-publish","format-standard","has-post-thumbnail","hentry","category-carretera"],"yoast_head":"<!-- This site is optimized with the Yoast SEO Premium plugin v25.3 (Yoast SEO v25.9) - https:\/\/yoast.com\/wordpress\/plugins\/seo\/ -->\n<title>La columna del Tour. Una segunda semana con sobresaltos<\/title>\n<meta name=\"description\" content=\"La columna del Tour. Una segunda semana con sobresaltos. Pogacar reafirm\u00f3 su liderato en la semana que se march\u00f3 Roglic.\" \/>\n<meta name=\"robots\" content=\"index, follow, max-snippet:-1, max-image-preview:large, max-video-preview:-1\" \/>\n<link rel=\"canonical\" href=\"https:\/\/www.welovecycling.com\/es\/2021\/07\/12\/columna-tour\/\" \/>\n<meta property=\"og:locale\" content=\"es_ES\" \/>\n<meta property=\"og:type\" content=\"article\" \/>\n<meta property=\"og:title\" content=\"La columna del Tour: Una segunda semana con sobresaltos\" \/>\n<meta property=\"og:description\" content=\"La columna del Tour. Una segunda semana con sobresaltos. Pogacar reafirm\u00f3 su liderato en la semana que se march\u00f3 Roglic.\" \/>\n<meta property=\"og:url\" content=\"https:\/\/www.welovecycling.com\/es\/2021\/07\/12\/columna-tour\/\" \/>\n<meta property=\"og:site_name\" content=\"\u0160koda We Love Cycling - Spain\" \/>\n<meta property=\"article:published_time\" content=\"2021-07-12T07:55:41+00:00\" \/>\n<meta property=\"og:image\" content=\"https:\/\/d2p6e6u75xmxt8.cloudfront.net\/6\/2021\/07\/Tour-de-France-2021-profimedia-0620216677-CVR.jpg\" \/>\n\t<meta property=\"og:image:width\" content=\"1366\" \/>\n\t<meta property=\"og:image:height\" content=\"600\" \/>\n\t<meta property=\"og:image:type\" content=\"image\/jpeg\" \/>\n<meta name=\"author\" content=\"We Love Cycling Spain\" \/>\n<meta name=\"twitter:card\" content=\"summary_large_image\" \/>\n<meta name=\"twitter:title\" content=\"La columna del Tour. Una segunda semana con sobresaltos\" \/>\n<meta name=\"twitter:description\" content=\"La columna del Tour. Una segunda semana con sobresaltos. Pogacar reafirm\u00f3 su liderato en la semana que se march\u00f3 Roglic.\" \/>\n<meta name=\"twitter:label1\" content=\"Written by\" \/>\n\t<meta name=\"twitter:data1\" content=\"Siegfried Mortkowitz\" \/>\n\t<meta name=\"twitter:label2\" content=\"Est. reading time\" \/>\n\t<meta name=\"twitter:data2\" content=\"5\" \/>\n<script type=\"application\/ld+json\" class=\"yoast-schema-graph\">{\"@context\":\"https:\/\/schema.org\",\"@graph\":[{\"@type\":\"WebPage\",\"@id\":\"https:\/\/www.welovecycling.com\/es\/2021\/07\/12\/columna-tour\/\",\"url\":\"https:\/\/www.welovecycling.com\/es\/2021\/07\/12\/columna-tour\/\",\"name\":\"La columna del Tour. Una segunda semana con sobresaltos\",\"isPartOf\":{\"@id\":\"https:\/\/www.welovecycling.com\/es\/#website\"},\"primaryImageOfPage\":{\"@id\":\"https:\/\/www.welovecycling.com\/es\/2021\/07\/12\/columna-tour\/#primaryimage\"},\"image\":{\"@id\":\"https:\/\/www.welovecycling.com\/es\/2021\/07\/12\/columna-tour\/#primaryimage\"},\"thumbnailUrl\":\"https:\/\/d2p6e6u75xmxt8.cloudfront.net\/6\/2021\/07\/Tour-de-France-2021-profimedia-0620216677-CVR.jpg\",\"datePublished\":\"2021-07-12T07:55:41+00:00\",\"author\":{\"@id\":\"https:\/\/www.welovecycling.com\/es\/#\/schema\/person\/deb61715b5812698ee79fb96f343ccd4\"},\"description\":\"La columna del Tour. Una segunda semana con sobresaltos. Pogacar reafirm\u00f3 su liderato en la semana que se march\u00f3 Roglic.\",\"breadcrumb\":{\"@id\":\"https:\/\/www.welovecycling.com\/es\/2021\/07\/12\/columna-tour\/#breadcrumb\"},\"inLanguage\":\"es-ES\",\"potentialAction\":[{\"@type\":\"ReadAction\",\"target\":[\"https:\/\/www.welovecycling.com\/es\/2021\/07\/12\/columna-tour\/\"]}]},{\"@type\":\"ImageObject\",\"inLanguage\":\"es-ES\",\"@id\":\"https:\/\/www.welovecycling.com\/es\/2021\/07\/12\/columna-tour\/#primaryimage\",\"url\":\"https:\/\/d2p6e6u75xmxt8.cloudfront.net\/6\/2021\/07\/Tour-de-France-2021-profimedia-0620216677-CVR.jpg\",\"contentUrl\":\"https:\/\/d2p6e6u75xmxt8.cloudfront.net\/6\/2021\/07\/Tour-de-France-2021-profimedia-0620216677-CVR.jpg\",\"width\":1366,\"height\":600,\"caption\":\"2021 Tour\"},{\"@type\":\"BreadcrumbList\",\"@id\":\"https:\/\/www.welovecycling.com\/es\/2021\/07\/12\/columna-tour\/#breadcrumb\",\"itemListElement\":[{\"@type\":\"ListItem\",\"position\":1,\"name\":\"Home\",\"item\":\"https:\/\/www.welovecycling.com\/es\/\"},{\"@type\":\"ListItem\",\"position\":2,\"name\":\"La columna del Tour: Una segunda semana con sobresaltos\"}]},{\"@type\":\"WebSite\",\"@id\":\"https:\/\/www.welovecycling.com\/es\/#website\",\"url\":\"https:\/\/www.welovecycling.com\/es\/\",\"name\":\"\u0160koda We Love Cycling - Spain\",\"description\":\"\u0160koda WeLoveCycling Spain\",\"potentialAction\":[{\"@type\":\"SearchAction\",\"target\":{\"@type\":\"EntryPoint\",\"urlTemplate\":\"https:\/\/www.welovecycling.com\/es\/?s={search_term_string}\"},\"query-input\":{\"@type\":\"PropertyValueSpecification\",\"valueRequired\":true,\"valueName\":\"search_term_string\"}}],\"inLanguage\":\"es-ES\"},{\"@type\":\"Person\",\"@id\":\"https:\/\/www.welovecycling.com\/es\/#\/schema\/person\/deb61715b5812698ee79fb96f343ccd4\",\"name\":\"We Love Cycling Spain\",\"image\":{\"@type\":\"ImageObject\",\"inLanguage\":\"es-ES\",\"@id\":\"https:\/\/www.welovecycling.com\/es\/#\/schema\/person\/image\/\",\"url\":\"https:\/\/secure.gravatar.com\/avatar\/c824b04e6df0e37a03219d0b6481672889df542894588964102459e46513159c?s=96&d=mm&r=g\",\"contentUrl\":\"https:\/\/secure.gravatar.com\/avatar\/c824b04e6df0e37a03219d0b6481672889df542894588964102459e46513159c?s=96&d=mm&r=g\",\"caption\":\"We Love Cycling Spain\"},\"url\":\"https:\/\/www.welovecycling.com\/es\/author\/amunoz\/\"}]}<\/script>\n<!-- \/ Yoast SEO Premium plugin. -->","yoast_head_json":{"title":"La columna del Tour. Una segunda semana con sobresaltos","description":"La columna del Tour. Una segunda semana con sobresaltos. Pogacar reafirm\u00f3 su liderato en la semana que se march\u00f3 Roglic.","robots":{"index":"index","follow":"follow","max-snippet":"max-snippet:-1","max-image-preview":"max-image-preview:large","max-video-preview":"max-video-preview:-1"},"canonical":"https:\/\/www.welovecycling.com\/es\/2021\/07\/12\/columna-tour\/","og_locale":"es_ES","og_type":"article","og_title":"La columna del Tour: Una segunda semana con sobresaltos","og_description":"La columna del Tour. Una segunda semana con sobresaltos. Pogacar reafirm\u00f3 su liderato en la semana que se march\u00f3 Roglic.","og_url":"https:\/\/www.welovecycling.com\/es\/2021\/07\/12\/columna-tour\/","og_site_name":"\u0160koda We Love Cycling - Spain","article_published_time":"2021-07-12T07:55:41+00:00","og_image":[{"width":1366,"height":600,"url":"https:\/\/d2p6e6u75xmxt8.cloudfront.net\/6\/2021\/07\/Tour-de-France-2021-profimedia-0620216677-CVR.jpg","type":"image\/jpeg"}],"author":"We Love Cycling Spain","twitter_card":"summary_large_image","twitter_title":"La columna del Tour. Una segunda semana con sobresaltos","twitter_description":"La columna del Tour. Una segunda semana con sobresaltos. Pogacar reafirm\u00f3 su liderato en la semana que se march\u00f3 Roglic.","twitter_misc":{"Written by":"Siegfried Mortkowitz","Est. reading time":"5"},"schema":{"@context":"https:\/\/schema.org","@graph":[{"@type":"WebPage","@id":"https:\/\/www.welovecycling.com\/es\/2021\/07\/12\/columna-tour\/","url":"https:\/\/www.welovecycling.com\/es\/2021\/07\/12\/columna-tour\/","name":"La columna del Tour. Una segunda semana con sobresaltos","isPartOf":{"@id":"https:\/\/www.welovecycling.com\/es\/#website"},"primaryImageOfPage":{"@id":"https:\/\/www.welovecycling.com\/es\/2021\/07\/12\/columna-tour\/#primaryimage"},"image":{"@id":"https:\/\/www.welovecycling.com\/es\/2021\/07\/12\/columna-tour\/#primaryimage"},"thumbnailUrl":"https:\/\/d2p6e6u75xmxt8.cloudfront.net\/6\/2021\/07\/Tour-de-France-2021-profimedia-0620216677-CVR.jpg","datePublished":"2021-07-12T07:55:41+00:00","author":{"@id":"https:\/\/www.welovecycling.com\/es\/#\/schema\/person\/deb61715b5812698ee79fb96f343ccd4"},"description":"La columna del Tour. Una segunda semana con sobresaltos. Pogacar reafirm\u00f3 su liderato en la semana que se march\u00f3 Roglic.","breadcrumb":{"@id":"https:\/\/www.welovecycling.com\/es\/2021\/07\/12\/columna-tour\/#breadcrumb"},"inLanguage":"es-ES","potentialAction":[{"@type":"ReadAction","target":["https:\/\/www.welovecycling.com\/es\/2021\/07\/12\/columna-tour\/"]}]},{"@type":"ImageObject","inLanguage":"es-ES","@id":"https:\/\/www.welovecycling.com\/es\/2021\/07\/12\/columna-tour\/#primaryimage","url":"https:\/\/d2p6e6u75xmxt8.cloudfront.net\/6\/2021\/07\/Tour-de-France-2021-profimedia-0620216677-CVR.jpg","contentUrl":"https:\/\/d2p6e6u75xmxt8.cloudfront.net\/6\/2021\/07\/Tour-de-France-2021-profimedia-0620216677-CVR.jpg","width":1366,"height":600,"caption":"2021 Tour"},{"@type":"BreadcrumbList","@id":"https:\/\/www.welovecycling.com\/es\/2021\/07\/12\/columna-tour\/#breadcrumb","itemListElement":[{"@type":"ListItem","position":1,"name":"Home","item":"https:\/\/www.welovecycling.com\/es\/"},{"@type":"ListItem","position":2,"name":"La columna del Tour: Una segunda semana con sobresaltos"}]},{"@type":"WebSite","@id":"https:\/\/www.welovecycling.com\/es\/#website","url":"https:\/\/www.welovecycling.com\/es\/","name":"\u0160koda We Love Cycling - Spain","description":"\u0160koda WeLoveCycling Spain","potentialAction":[{"@type":"SearchAction","target":{"@type":"EntryPoint","urlTemplate":"https:\/\/www.welovecycling.com\/es\/?s={search_term_string}"},"query-input":{"@type":"PropertyValueSpecification","valueRequired":true,"valueName":"search_term_string"}}],"inLanguage":"es-ES"},{"@type":"Person","@id":"https:\/\/www.welovecycling.com\/es\/#\/schema\/person\/deb61715b5812698ee79fb96f343ccd4","name":"We Love Cycling Spain","image":{"@type":"ImageObject","inLanguage":"es-ES","@id":"https:\/\/www.welovecycling.com\/es\/#\/schema\/person\/image\/","url":"https:\/\/secure.gravatar.com\/avatar\/c824b04e6df0e37a03219d0b6481672889df542894588964102459e46513159c?s=96&d=mm&r=g","contentUrl":"https:\/\/secure.gravatar.com\/avatar\/c824b04e6df0e37a03219d0b6481672889df542894588964102459e46513159c?s=96&d=mm&r=g","caption":"We Love Cycling Spain"},"url":"https:\/\/www.welovecycling.com\/es\/author\/amunoz\/"}]}},"_links":{"self":[{"href":"https:\/\/www.welovecycling.com\/es\/wp-json\/wp\/v2\/posts\/7833","targetHints":{"allow":["GET"]}}],"collection":[{"href":"https:\/\/www.welovecycling.com\/es\/wp-json\/wp\/v2\/posts"}],"about":[{"href":"https:\/\/www.welovecycling.com\/es\/wp-json\/wp\/v2\/types\/post"}],"author":[{"embeddable":true,"href":"https:\/\/www.welovecycling.com\/es\/wp-json\/wp\/v2\/users\/29"}],"replies":[{"embeddable":true,"href":"https:\/\/www.welovecycling.com\/es\/wp-json\/wp\/v2\/comments?post=7833"}],"version-history":[{"count":2,"href":"https:\/\/www.welovecycling.com\/es\/wp-json\/wp\/v2\/posts\/7833\/revisions"}],"predecessor-version":[{"id":7847,"href":"https:\/\/www.welovecycling.com\/es\/wp-json\/wp\/v2\/posts\/7833\/revisions\/7847"}],"wp:featuredmedia":[{"embeddable":true,"href":"https:\/\/www.welovecycling.com\/es\/wp-json\/wp\/v2\/media\/7845"}],"wp:attachment":[{"href":"https:\/\/www.welovecycling.com\/es\/wp-json\/wp\/v2\/media?parent=7833"}],"wp:term":[{"taxonomy":"category","embeddable":true,"href":"https:\/\/www.welovecycling.com\/es\/wp-json\/wp\/v2\/categories?post=7833"},{"taxonomy":"post_tag","embeddable":true,"href":"https:\/\/www.welovecycling.com\/es\/wp-json\/wp\/v2\/tags?post=7833"},{"taxonomy":"global-categories","embeddable":true,"href":"https:\/\/www.welovecycling.com\/es\/wp-json\/wp\/v2\/global-categories?post=7833"}],"curies":[{"name":"wp","href":"https:\/\/api.w.org\/{rel}","templated":true}]}}