{"id":7804,"date":"2021-07-10T16:00:12","date_gmt":"2021-07-10T14:00:12","guid":{"rendered":"https:\/\/www.welovecycling.com\/es\/?p=7804"},"modified":"2021-07-10T09:02:32","modified_gmt":"2021-07-10T07:02:32","slug":"historia-maillots-tour","status":"publish","type":"post","link":"https:\/\/www.welovecycling.com\/es\/2021\/07\/10\/historia-maillots-tour\/","title":{"rendered":"La historia de los maillots del Tour: As\u00ed se creo el verde de \u0160koda"},"content":{"rendered":"<p><strong>Hoy se da por sentado que los l\u00edderes de las distintas clasificaciones de una carrera ciclista de varias etapas llevan maillots de colores para distinguirse de los dem\u00e1s corredores. Pero, por supuesto, no siempre fue as\u00ed y hay una historia de los maillots del Tour. Durante la primera docena de a\u00f1os del Tour de Francia, cuando hab\u00eda pocos competidores y s\u00f3lo hab\u00eda que ganar la clasificaci\u00f3n general, el corredor que lideraba la carrera s\u00f3lo llevaba una tira de tela verde alrededor del brazo.<\/strong><\/p>\n<p><!--more--><\/p>\n<p>La idea del primer maillot del Tour de Francia se le ocurri\u00f3 al director de la carrera, Henri Desgrange, hacia el final de la edici\u00f3n de 1919. A los dos tercios de los 5.560 km de la carrera, y justo antes de los 325 km de la etapa 11, Desgrange decidi\u00f3 que el corredor l\u00edder deb\u00eda distinguirse m\u00e1s claramente de los dem\u00e1s corredores.<\/p>\n<figure id=\"attachment_7808\" aria-describedby=\"caption-attachment-7808\" style=\"width: 1000px\" class=\"wp-caption alignnone\"><a href=\"https:\/\/d2p6e6u75xmxt8.cloudfront.net\/6\/2021\/07\/Henri-Desgrange-profimedia-0287458553.jpg\"><img loading=\"lazy\" decoding=\"async\" class=\"wp-image-7808 size-full\" src=\"https:\/\/d2p6e6u75xmxt8.cloudfront.net\/6\/2021\/07\/Henri-Desgrange-profimedia-0287458553.jpg\" alt=\"Henri Desgrange\" width=\"1000\" height=\"715\" srcset=\"https:\/\/d2p6e6u75xmxt8.cloudfront.net\/6\/2021\/07\/Henri-Desgrange-profimedia-0287458553.jpg 1000w, https:\/\/d2p6e6u75xmxt8.cloudfront.net\/6\/2021\/07\/Henri-Desgrange-profimedia-0287458553-300x215.jpg 300w, https:\/\/d2p6e6u75xmxt8.cloudfront.net\/6\/2021\/07\/Henri-Desgrange-profimedia-0287458553-768x549.jpg 768w\" sizes=\"auto, (max-width: 1000px) 100vw, 1000px\" \/><\/a><figcaption id=\"caption-attachment-7808\" class=\"wp-caption-text\">Henri Desgrange (C) fue el primero que ide\u00f3 los maillots especiales del Tour. \u00a9 Profimedia<\/figcaption><\/figure>\n<p>Y as\u00ed, el 18 de julio, el l\u00edder de la carrera, el franc\u00e9s Eug\u00e8ne Christophe, se puso el primer maillot jaune del Tour de Francia. Sin embargo, la bicicleta de Christophe se<a href=\"https:\/\/www.welovecycling.com\/wide\/2020\/09\/10\/eugene-christophe-broken-fork-at-the-1913-tour\/\"> romper\u00eda en una horquilla<\/a> m\u00e1s adelante en la carrera y termin\u00f3 en segundo lugar tras el belga Firmin Lambot. Probablemente sea lo mejor, ya que Christophe dijo que odiaba el maillot amarillo porque los espectadores se burlaban de \u00e9l diciendo que parec\u00eda un canario.<\/p>\n<p>El color amarillo se eligi\u00f3 para el maillot de l\u00edder porque era el color del papel en el que se imprim\u00eda L&#8217;Auto-V\u00e9lo, el peri\u00f3dico patrocinador de la carrera (y predecesor del moderno semanario deportivo franc\u00e9s L&#8217;\u00c9quipe).<\/p>\n<p>En 1933, se a\u00f1adi\u00f3 una segunda clasificaci\u00f3n al Tour: el rey de la monta\u00f1a. \u00a0L&#8217;Auto-V\u00e9lo llevaba desde 1905 nombrando a un ciclista le meilleur grimpeur, el mejor escalador del Tour. Tras el Tour de 1933, Desgrange decidi\u00f3 que el rey de la monta\u00f1a del a\u00f1o, el espa\u00f1ol <a href=\"https:\/\/www.welovecycling.com\/es\/2019\/07\/23\/historias-del-galibier\/\">Vicente Trueba<\/a>, ser\u00eda reconocido oficialmente por el Tour y que, a partir de 1934, los corredores que alcanzaran las cimas en primer lugar recibir\u00edan una bonificaci\u00f3n por tiempo. Esto se convirti\u00f3 m\u00e1s tarde en un sistema de puntos basado en el orden de llegada a la cima y la dificultad de la subida.<\/p>\n<figure id=\"attachment_7811\" aria-describedby=\"caption-attachment-7811\" style=\"width: 1024px\" class=\"wp-caption alignnone\"><a href=\"https:\/\/d2p6e6u75xmxt8.cloudfront.net\/2\/2021\/06\/Vicente-Trueba-profimedia-0067984429.jpg\"><img loading=\"lazy\" decoding=\"async\" class=\"size-large wp-image-7811\" src=\"https:\/\/d2p6e6u75xmxt8.cloudfront.net\/6\/2021\/07\/Vicente-Trueba-profimedia-0067984429-1024x767.jpg\" alt=\"Vicente Trueba\" width=\"1024\" height=\"767\" srcset=\"https:\/\/d2p6e6u75xmxt8.cloudfront.net\/6\/2021\/07\/Vicente-Trueba-profimedia-0067984429-1024x767.jpg 1024w, https:\/\/d2p6e6u75xmxt8.cloudfront.net\/6\/2021\/07\/Vicente-Trueba-profimedia-0067984429-300x225.jpg 300w, https:\/\/d2p6e6u75xmxt8.cloudfront.net\/6\/2021\/07\/Vicente-Trueba-profimedia-0067984429-768x575.jpg 768w, https:\/\/d2p6e6u75xmxt8.cloudfront.net\/6\/2021\/07\/Vicente-Trueba-profimedia-0067984429.jpg 1250w\" sizes=\"auto, (max-width: 1024px) 100vw, 1024px\" \/><\/a><figcaption id=\"caption-attachment-7811\" class=\"wp-caption-text\">Vicente Trueba en el Tourmalet en el Tour de 1933. \u00a9 Profimedia<\/figcaption><\/figure>\n<p>&nbsp;<\/p>\n<p>Sin embargo, el distintivo maillot de lunares rojos y blancos del l\u00edder (maillot \u00e0 pois rouges) no se introdujo hasta 1975. El dise\u00f1o y el color del maillot fueron determinados de nuevo por su patrocinador, el fabricante de chocolate Chocolat Poulain, que ten\u00eda un logotipo rojo y blanco.<\/p>\n<p>El patrocinio tambi\u00e9n fue la raz\u00f3n del color del maillot verde (maillot vert) cuando los organizadores del Tour decidieron a\u00f1adir otra competici\u00f3n, la clasificaci\u00f3n por puntos, a la carrera. El color se inspir\u00f3 en el patrocinador del maillot, el fabricante de cortadoras de c\u00e9sped La Belle Jardini\u00e8re. El a\u00f1o 1953, la quincuag\u00e9sima edici\u00f3n del Tour de Francia, parec\u00eda una ocasi\u00f3n propicia para un nuevo tipo de competici\u00f3n. Sin embargo, el maillot no siempre ha sido verde. En 1968 fue rojo, para dar cabida a un nuevo patrocinador. Un a\u00f1o despu\u00e9s, el maillot volvi\u00f3 a ser verde y as\u00ed ha permanecido desde entonces.<\/p>\n<figure id=\"attachment_7815\" aria-describedby=\"caption-attachment-7815\" style=\"width: 1000px\" class=\"wp-caption alignnone\"><a href=\"https:\/\/d2p6e6u75xmxt8.cloudfront.net\/6\/2021\/07\/1978-Tour-profimedia-0020454086.jpg\"><img loading=\"lazy\" decoding=\"async\" class=\"size-full wp-image-7815\" src=\"https:\/\/d2p6e6u75xmxt8.cloudfront.net\/6\/2021\/07\/1978-Tour-profimedia-0020454086.jpg\" alt=\"1978 Tour\" width=\"1000\" height=\"699\" srcset=\"https:\/\/d2p6e6u75xmxt8.cloudfront.net\/6\/2021\/07\/1978-Tour-profimedia-0020454086.jpg 1000w, https:\/\/d2p6e6u75xmxt8.cloudfront.net\/6\/2021\/07\/1978-Tour-profimedia-0020454086-300x210.jpg 300w, https:\/\/d2p6e6u75xmxt8.cloudfront.net\/6\/2021\/07\/1978-Tour-profimedia-0020454086-768x537.jpg 768w\" sizes=\"auto, (max-width: 1000px) 100vw, 1000px\" \/><\/a><figcaption id=\"caption-attachment-7815\" class=\"wp-caption-text\">Todos los colores del Tour de 1978. Bernard Hinault con el maillot amarillo, Gerrie Knetermann, ganador de la \u00faltima etapa, el pol\u00edtico franc\u00e9s Maurice Couve de Murville (C), Freddy Maertens, con el maillot verde y el franc\u00e9s Mariano Mart\u00ednez, con el maillot de lunares rojos y blancos de mejor escalador. \u00a9 Profimedia<\/figcaption><\/figure>\n<p>&nbsp;<\/p>\n<p>A lo largo de los a\u00f1os, el Tour de Francia cont\u00f3 con diferentes patrocinadores hasta que en 2004 \u0160koda se convirti\u00f3 en el socio oficial del Tour de Francia y en su veh\u00edculo oficial. El compromiso de \u0160koda con el ciclismo se ha profundizado con el patrocinio del maillot verde de \u0160koda del &#8220;sprinter&#8221; cada a\u00f1o desde 2015.<\/p>\n<p>En los primeros a\u00f1os del maillot verde, los ciclistas solo recib\u00edan puntos de penalizaci\u00f3n por no terminar en un lugar alto, por lo que el ciclista con menos puntos recib\u00eda el maillot verde. A partir de 1959, el sistema se cambi\u00f3 a lo que es hoy: los ciclistas reciben puntos por quedar entre los primeros, siendo el primer puesto el que recibe m\u00e1s puntos y los puestos inferiores reciben sucesivamente menos puntos, de modo que el ciclista con m\u00e1s puntos lleva el maillot verde durante la carrera y en el podio de Par\u00eds tras la etapa final. Tambi\u00e9n se otorgan puntos por las posiciones en los sprints intermedios.<\/p>\n<figure id=\"attachment_5064\" aria-describedby=\"caption-attachment-5064\" style=\"width: 1024px\" class=\"wp-caption alignnone\"><a href=\"https:\/\/d2p6e6u75xmxt8.cloudfront.net\/2\/2019\/07\/Peter-Sagan-Tour-2019-profimedia-0456066878.jpg\"><img loading=\"lazy\" decoding=\"async\" class=\"wp-image-5064 size-large\" src=\"https:\/\/d2p6e6u75xmxt8.cloudfront.net\/6\/2019\/07\/Peter-Sagan-Tour-2019-profimedia-0456066878-1024x682.jpg\" alt=\"Peter Sagan\" width=\"1024\" height=\"682\" srcset=\"https:\/\/d2p6e6u75xmxt8.cloudfront.net\/6\/2019\/07\/Peter-Sagan-Tour-2019-profimedia-0456066878-1024x682.jpg 1024w, https:\/\/d2p6e6u75xmxt8.cloudfront.net\/6\/2019\/07\/Peter-Sagan-Tour-2019-profimedia-0456066878-300x200.jpg 300w, https:\/\/d2p6e6u75xmxt8.cloudfront.net\/6\/2019\/07\/Peter-Sagan-Tour-2019-profimedia-0456066878-768x512.jpg 768w, https:\/\/d2p6e6u75xmxt8.cloudfront.net\/6\/2019\/07\/Peter-Sagan-Tour-2019-profimedia-0456066878-272x182.jpg 272w, https:\/\/d2p6e6u75xmxt8.cloudfront.net\/6\/2019\/07\/Peter-Sagan-Tour-2019-profimedia-0456066878.jpg 1250w\" sizes=\"auto, (max-width: 1024px) 100vw, 1024px\" \/><\/a><figcaption id=\"caption-attachment-5064\" class=\"wp-caption-text\">\u00a0Peter Sagan con el maillot verde de \u0160koda. \u00a9 Profimedia, AFP<\/figcaption><\/figure>\n<p>El primer corredor que gan\u00f3 el maillot verde fue el suizo Fritz Sch\u00e4r. No es de extra\u00f1ar que su especialidad fuera el sprint, pero tambi\u00e9n era un decente ciclista polivalente. Un corredor que quiera ganar el maillot verde necesita un nivel razonable de polivalencia, ya que tendr\u00e1 que terminar dentro del l\u00edmite de tiempo en las etapas de monta\u00f1a para seguir en la competici\u00f3n y deber\u00eda ser capaz de disputar los sprints intermedios durante las etapas de monta\u00f1a tambi\u00e9n.<\/p>\n<p>Por ejemplo, el italiano <a href=\"https:\/\/en.wikipedia.org\/wiki\/Mario_Cipollini\">Mario Cipollini<\/a> fue uno de los mejores velocistas puros de su \u00e9poca, pero nunca gan\u00f3 el maillot verde del Tour de Francia porque no estaba dispuesto a superar las etapas de monta\u00f1a y terminar la carrera (aunque s\u00ed termin\u00f3 el Giro de Italia y gan\u00f3 su clasificaci\u00f3n por puntos en varias ocasiones).<\/p>\n<p>Como hay menos etapas de monta\u00f1a en el Tour que etapas llanas o monta\u00f1osas, el maillot verde lo suele ganar un velocista, como el alem\u00e1n Erik Zabel, seis veces ganador del maillot verde, o el eslovaco <a href=\"https:\/\/www.welovecycling.com\/es\/2020\/09\/06\/maillot-verde-skoda-tour-sagan\/\">Peter Sagan<\/a>, que ha ganado siete maillots verdes.<\/p>\n<p>Antes de 1953 ya se hab\u00eda probado la puntuaci\u00f3n en el Tour. De 1905 a 1912, el ganador de la clasificaci\u00f3n general no se decid\u00eda en funci\u00f3n del tiempo, sino con un sistema de puntos en el que las posiciones de las etapas diarias se traduc\u00edan en puntos. Pero juzgar la carrera por puntos desalentaba a los competidores a rodar con fuerza porque no hab\u00eda diferencia si terminaban con segundos u horas de retraso, por lo que tend\u00edan a rodar juntos a un ritmo relajado hasta cerca de la l\u00ednea de meta, donde esprintaban para llegar a la meta, tal y como se suelen correr las etapas planas del Tour hoy en d\u00eda.<\/p>\n","protected":false},"excerpt":{"rendered":"<p>Hoy se da por sentado que los l\u00edderes de las distintas clasificaciones de una carrera ciclista de varias etapas llevan [&hellip;]<\/p>\n","protected":false},"author":29,"featured_media":7822,"comment_status":"open","ping_status":"open","sticky":false,"template":"","format":"standard","meta":{"footnotes":""},"categories":[7],"tags":[],"global-categories":[],"class_list":["post-7804","post","type-post","status-publish","format-standard","has-post-thumbnail","hentry","category-carretera"],"yoast_head":"<!-- This site is optimized with the Yoast SEO Premium plugin v25.3 (Yoast SEO v25.9) - https:\/\/yoast.com\/wordpress\/plugins\/seo\/ -->\n<title>La historia de los maillots del Tour: As\u00ed se creo el verde de \u0160koda<\/title>\n<meta name=\"description\" content=\"La historia de los maillots del Tour: As\u00ed se creo el verde de \u0160koda. \u00bfPor qu\u00e9 cada maillot del Tour es de un color? Te lo explicamos.\" \/>\n<meta name=\"robots\" content=\"index, follow, max-snippet:-1, max-image-preview:large, max-video-preview:-1\" \/>\n<link rel=\"canonical\" href=\"https:\/\/www.welovecycling.com\/es\/2021\/07\/10\/historia-maillots-tour\/\" \/>\n<meta property=\"og:locale\" content=\"es_ES\" \/>\n<meta property=\"og:type\" content=\"article\" \/>\n<meta property=\"og:title\" content=\"La historia de los maillots del Tour: As\u00ed se creo el verde de \u0160koda\" \/>\n<meta property=\"og:description\" content=\"La historia de los maillots del Tour: As\u00ed se creo el verde de \u0160koda. \u00bfPor qu\u00e9 cada maillot del Tour es de un color? Te lo explicamos.\" \/>\n<meta property=\"og:url\" content=\"https:\/\/www.welovecycling.com\/es\/2021\/07\/10\/historia-maillots-tour\/\" \/>\n<meta property=\"og:site_name\" content=\"\u0160koda We Love Cycling - Spain\" \/>\n<meta property=\"article:published_time\" content=\"2021-07-10T14:00:12+00:00\" \/>\n<meta property=\"og:image\" content=\"https:\/\/d2p6e6u75xmxt8.cloudfront.net\/6\/2021\/07\/Peter-Sagan-Green-Jersey-profimedia-0456797088-CVR.jpg\" \/>\n\t<meta property=\"og:image:width\" content=\"1366\" \/>\n\t<meta property=\"og:image:height\" content=\"596\" \/>\n\t<meta property=\"og:image:type\" content=\"image\/jpeg\" \/>\n<meta name=\"author\" content=\"We Love Cycling Spain\" \/>\n<meta name=\"twitter:card\" content=\"summary_large_image\" \/>\n<meta name=\"twitter:title\" content=\"La historia de los maillots del Tour: As\u00ed se creo el verde de \u0160koda\" \/>\n<meta name=\"twitter:description\" content=\"La historia de los maillots del Tour: As\u00ed se creo el verde de \u0160koda. \u00bfPor qu\u00e9 cada maillot del Tour es de un color? Te lo explicamos.\" \/>\n<meta name=\"twitter:label1\" content=\"Written by\" \/>\n\t<meta name=\"twitter:data1\" content=\"We Love Cycling\" \/>\n\t<meta name=\"twitter:label2\" content=\"Est. reading time\" \/>\n\t<meta name=\"twitter:data2\" content=\"6\" \/>\n<script type=\"application\/ld+json\" class=\"yoast-schema-graph\">{\"@context\":\"https:\/\/schema.org\",\"@graph\":[{\"@type\":\"WebPage\",\"@id\":\"https:\/\/www.welovecycling.com\/es\/2021\/07\/10\/historia-maillots-tour\/\",\"url\":\"https:\/\/www.welovecycling.com\/es\/2021\/07\/10\/historia-maillots-tour\/\",\"name\":\"La historia de los maillots del Tour: As\u00ed se creo el verde de \u0160koda\",\"isPartOf\":{\"@id\":\"https:\/\/www.welovecycling.com\/es\/#website\"},\"primaryImageOfPage\":{\"@id\":\"https:\/\/www.welovecycling.com\/es\/2021\/07\/10\/historia-maillots-tour\/#primaryimage\"},\"image\":{\"@id\":\"https:\/\/www.welovecycling.com\/es\/2021\/07\/10\/historia-maillots-tour\/#primaryimage\"},\"thumbnailUrl\":\"https:\/\/d2p6e6u75xmxt8.cloudfront.net\/6\/2021\/07\/Peter-Sagan-Green-Jersey-profimedia-0456797088-CVR.jpg\",\"datePublished\":\"2021-07-10T14:00:12+00:00\",\"author\":{\"@id\":\"https:\/\/www.welovecycling.com\/es\/#\/schema\/person\/deb61715b5812698ee79fb96f343ccd4\"},\"description\":\"La historia de los maillots del Tour: As\u00ed se creo el verde de \u0160koda. \u00bfPor qu\u00e9 cada maillot del Tour es de un color? Te lo explicamos.\",\"breadcrumb\":{\"@id\":\"https:\/\/www.welovecycling.com\/es\/2021\/07\/10\/historia-maillots-tour\/#breadcrumb\"},\"inLanguage\":\"es-ES\",\"potentialAction\":[{\"@type\":\"ReadAction\",\"target\":[\"https:\/\/www.welovecycling.com\/es\/2021\/07\/10\/historia-maillots-tour\/\"]}]},{\"@type\":\"ImageObject\",\"inLanguage\":\"es-ES\",\"@id\":\"https:\/\/www.welovecycling.com\/es\/2021\/07\/10\/historia-maillots-tour\/#primaryimage\",\"url\":\"https:\/\/d2p6e6u75xmxt8.cloudfront.net\/6\/2021\/07\/Peter-Sagan-Green-Jersey-profimedia-0456797088-CVR.jpg\",\"contentUrl\":\"https:\/\/d2p6e6u75xmxt8.cloudfront.net\/6\/2021\/07\/Peter-Sagan-Green-Jersey-profimedia-0456797088-CVR.jpg\",\"width\":1366,\"height\":596,\"caption\":\"Peter Sagan in Green Jersey\"},{\"@type\":\"BreadcrumbList\",\"@id\":\"https:\/\/www.welovecycling.com\/es\/2021\/07\/10\/historia-maillots-tour\/#breadcrumb\",\"itemListElement\":[{\"@type\":\"ListItem\",\"position\":1,\"name\":\"Home\",\"item\":\"https:\/\/www.welovecycling.com\/es\/\"},{\"@type\":\"ListItem\",\"position\":2,\"name\":\"La historia de los maillots del Tour: As\u00ed se creo el verde de \u0160koda\"}]},{\"@type\":\"WebSite\",\"@id\":\"https:\/\/www.welovecycling.com\/es\/#website\",\"url\":\"https:\/\/www.welovecycling.com\/es\/\",\"name\":\"\u0160koda We Love Cycling - Spain\",\"description\":\"\u0160koda WeLoveCycling Spain\",\"potentialAction\":[{\"@type\":\"SearchAction\",\"target\":{\"@type\":\"EntryPoint\",\"urlTemplate\":\"https:\/\/www.welovecycling.com\/es\/?s={search_term_string}\"},\"query-input\":{\"@type\":\"PropertyValueSpecification\",\"valueRequired\":true,\"valueName\":\"search_term_string\"}}],\"inLanguage\":\"es-ES\"},{\"@type\":\"Person\",\"@id\":\"https:\/\/www.welovecycling.com\/es\/#\/schema\/person\/deb61715b5812698ee79fb96f343ccd4\",\"name\":\"We Love Cycling Spain\",\"image\":{\"@type\":\"ImageObject\",\"inLanguage\":\"es-ES\",\"@id\":\"https:\/\/www.welovecycling.com\/es\/#\/schema\/person\/image\/\",\"url\":\"https:\/\/secure.gravatar.com\/avatar\/c824b04e6df0e37a03219d0b6481672889df542894588964102459e46513159c?s=96&d=mm&r=g\",\"contentUrl\":\"https:\/\/secure.gravatar.com\/avatar\/c824b04e6df0e37a03219d0b6481672889df542894588964102459e46513159c?s=96&d=mm&r=g\",\"caption\":\"We Love Cycling Spain\"},\"url\":\"https:\/\/www.welovecycling.com\/es\/author\/amunoz\/\"}]}<\/script>\n<!-- \/ Yoast SEO Premium plugin. -->","yoast_head_json":{"title":"La historia de los maillots del Tour: As\u00ed se creo el verde de \u0160koda","description":"La historia de los maillots del Tour: As\u00ed se creo el verde de \u0160koda. \u00bfPor qu\u00e9 cada maillot del Tour es de un color? Te lo explicamos.","robots":{"index":"index","follow":"follow","max-snippet":"max-snippet:-1","max-image-preview":"max-image-preview:large","max-video-preview":"max-video-preview:-1"},"canonical":"https:\/\/www.welovecycling.com\/es\/2021\/07\/10\/historia-maillots-tour\/","og_locale":"es_ES","og_type":"article","og_title":"La historia de los maillots del Tour: As\u00ed se creo el verde de \u0160koda","og_description":"La historia de los maillots del Tour: As\u00ed se creo el verde de \u0160koda. \u00bfPor qu\u00e9 cada maillot del Tour es de un color? Te lo explicamos.","og_url":"https:\/\/www.welovecycling.com\/es\/2021\/07\/10\/historia-maillots-tour\/","og_site_name":"\u0160koda We Love Cycling - Spain","article_published_time":"2021-07-10T14:00:12+00:00","og_image":[{"width":1366,"height":596,"url":"https:\/\/d2p6e6u75xmxt8.cloudfront.net\/6\/2021\/07\/Peter-Sagan-Green-Jersey-profimedia-0456797088-CVR.jpg","type":"image\/jpeg"}],"author":"We Love Cycling Spain","twitter_card":"summary_large_image","twitter_title":"La historia de los maillots del Tour: As\u00ed se creo el verde de \u0160koda","twitter_description":"La historia de los maillots del Tour: As\u00ed se creo el verde de \u0160koda. \u00bfPor qu\u00e9 cada maillot del Tour es de un color? Te lo explicamos.","twitter_misc":{"Written by":"We Love Cycling","Est. reading time":"6"},"schema":{"@context":"https:\/\/schema.org","@graph":[{"@type":"WebPage","@id":"https:\/\/www.welovecycling.com\/es\/2021\/07\/10\/historia-maillots-tour\/","url":"https:\/\/www.welovecycling.com\/es\/2021\/07\/10\/historia-maillots-tour\/","name":"La historia de los maillots del Tour: As\u00ed se creo el verde de \u0160koda","isPartOf":{"@id":"https:\/\/www.welovecycling.com\/es\/#website"},"primaryImageOfPage":{"@id":"https:\/\/www.welovecycling.com\/es\/2021\/07\/10\/historia-maillots-tour\/#primaryimage"},"image":{"@id":"https:\/\/www.welovecycling.com\/es\/2021\/07\/10\/historia-maillots-tour\/#primaryimage"},"thumbnailUrl":"https:\/\/d2p6e6u75xmxt8.cloudfront.net\/6\/2021\/07\/Peter-Sagan-Green-Jersey-profimedia-0456797088-CVR.jpg","datePublished":"2021-07-10T14:00:12+00:00","author":{"@id":"https:\/\/www.welovecycling.com\/es\/#\/schema\/person\/deb61715b5812698ee79fb96f343ccd4"},"description":"La historia de los maillots del Tour: As\u00ed se creo el verde de \u0160koda. \u00bfPor qu\u00e9 cada maillot del Tour es de un color? Te lo explicamos.","breadcrumb":{"@id":"https:\/\/www.welovecycling.com\/es\/2021\/07\/10\/historia-maillots-tour\/#breadcrumb"},"inLanguage":"es-ES","potentialAction":[{"@type":"ReadAction","target":["https:\/\/www.welovecycling.com\/es\/2021\/07\/10\/historia-maillots-tour\/"]}]},{"@type":"ImageObject","inLanguage":"es-ES","@id":"https:\/\/www.welovecycling.com\/es\/2021\/07\/10\/historia-maillots-tour\/#primaryimage","url":"https:\/\/d2p6e6u75xmxt8.cloudfront.net\/6\/2021\/07\/Peter-Sagan-Green-Jersey-profimedia-0456797088-CVR.jpg","contentUrl":"https:\/\/d2p6e6u75xmxt8.cloudfront.net\/6\/2021\/07\/Peter-Sagan-Green-Jersey-profimedia-0456797088-CVR.jpg","width":1366,"height":596,"caption":"Peter Sagan in Green Jersey"},{"@type":"BreadcrumbList","@id":"https:\/\/www.welovecycling.com\/es\/2021\/07\/10\/historia-maillots-tour\/#breadcrumb","itemListElement":[{"@type":"ListItem","position":1,"name":"Home","item":"https:\/\/www.welovecycling.com\/es\/"},{"@type":"ListItem","position":2,"name":"La historia de los maillots del Tour: As\u00ed se creo el verde de \u0160koda"}]},{"@type":"WebSite","@id":"https:\/\/www.welovecycling.com\/es\/#website","url":"https:\/\/www.welovecycling.com\/es\/","name":"\u0160koda We Love Cycling - Spain","description":"\u0160koda WeLoveCycling Spain","potentialAction":[{"@type":"SearchAction","target":{"@type":"EntryPoint","urlTemplate":"https:\/\/www.welovecycling.com\/es\/?s={search_term_string}"},"query-input":{"@type":"PropertyValueSpecification","valueRequired":true,"valueName":"search_term_string"}}],"inLanguage":"es-ES"},{"@type":"Person","@id":"https:\/\/www.welovecycling.com\/es\/#\/schema\/person\/deb61715b5812698ee79fb96f343ccd4","name":"We Love Cycling Spain","image":{"@type":"ImageObject","inLanguage":"es-ES","@id":"https:\/\/www.welovecycling.com\/es\/#\/schema\/person\/image\/","url":"https:\/\/secure.gravatar.com\/avatar\/c824b04e6df0e37a03219d0b6481672889df542894588964102459e46513159c?s=96&d=mm&r=g","contentUrl":"https:\/\/secure.gravatar.com\/avatar\/c824b04e6df0e37a03219d0b6481672889df542894588964102459e46513159c?s=96&d=mm&r=g","caption":"We Love Cycling Spain"},"url":"https:\/\/www.welovecycling.com\/es\/author\/amunoz\/"}]}},"_links":{"self":[{"href":"https:\/\/www.welovecycling.com\/es\/wp-json\/wp\/v2\/posts\/7804","targetHints":{"allow":["GET"]}}],"collection":[{"href":"https:\/\/www.welovecycling.com\/es\/wp-json\/wp\/v2\/posts"}],"about":[{"href":"https:\/\/www.welovecycling.com\/es\/wp-json\/wp\/v2\/types\/post"}],"author":[{"embeddable":true,"href":"https:\/\/www.welovecycling.com\/es\/wp-json\/wp\/v2\/users\/29"}],"replies":[{"embeddable":true,"href":"https:\/\/www.welovecycling.com\/es\/wp-json\/wp\/v2\/comments?post=7804"}],"version-history":[{"count":2,"href":"https:\/\/www.welovecycling.com\/es\/wp-json\/wp\/v2\/posts\/7804\/revisions"}],"predecessor-version":[{"id":7832,"href":"https:\/\/www.welovecycling.com\/es\/wp-json\/wp\/v2\/posts\/7804\/revisions\/7832"}],"wp:featuredmedia":[{"embeddable":true,"href":"https:\/\/www.welovecycling.com\/es\/wp-json\/wp\/v2\/media\/7822"}],"wp:attachment":[{"href":"https:\/\/www.welovecycling.com\/es\/wp-json\/wp\/v2\/media?parent=7804"}],"wp:term":[{"taxonomy":"category","embeddable":true,"href":"https:\/\/www.welovecycling.com\/es\/wp-json\/wp\/v2\/categories?post=7804"},{"taxonomy":"post_tag","embeddable":true,"href":"https:\/\/www.welovecycling.com\/es\/wp-json\/wp\/v2\/tags?post=7804"},{"taxonomy":"global-categories","embeddable":true,"href":"https:\/\/www.welovecycling.com\/es\/wp-json\/wp\/v2\/global-categories?post=7804"}],"curies":[{"name":"wp","href":"https:\/\/api.w.org\/{rel}","templated":true}]}}