{"id":7803,"date":"2021-07-09T11:02:15","date_gmt":"2021-07-09T09:02:15","guid":{"rendered":"https:\/\/www.welovecycling.com\/es\/?p=7803"},"modified":"2021-07-07T23:19:41","modified_gmt":"2021-07-07T21:19:41","slug":"jan-ullrich","status":"publish","type":"post","link":"https:\/\/www.welovecycling.com\/es\/2021\/07\/09\/jan-ullrich\/","title":{"rendered":"El triunfo de un gregario. Jan Ullrich y el Tour 1997"},"content":{"rendered":"<p><strong>Ganar un Tour de Francia es un logro de la vida para cualquier l\u00edder de equipo y tambi\u00e9n para sus gregarios. \u00bfC\u00f3mo gan\u00f3 un Tour Jan Ullrich empezando como gregario? Fue una combinaci\u00f3n de talento excepcional, trabajo duro y estar en el lugar correcto en el momento adecuado.<\/strong><\/p>\n<p><!--more--><\/p>\n<p>Las rivalidades no son raras en el Tour, <a href=\"https:\/\/www.welovecycling.com\/es\/2020\/06\/15\/gino-bartali\/\">Bartali<\/a> y Coppi o <a href=\"https:\/\/www.welovecycling.com\/wide\/2020\/11\/27\/5-of-cyclings-classic-rivalries\/\">Hinault y LeMond<\/a> son ejemplos perfectos de dos grandes ciclistas compitiendo por el t\u00edtulo. Es mucho menos com\u00fan que se forme una rivalidad as\u00ed dentro de un equipo. Los equipos modernos del Tour de Francia suelen tener roles predefinidos para cada uno de sus corredores, y el equipo Telekom en el Tour de 1997 no fue una excepci\u00f3n. El l\u00edder del equipo y campe\u00f3n defensor de 1996, Bjarne Riis, era el que aspiraba a ganar la clasificaci\u00f3n general. Los dem\u00e1s corredores del equipo le apoyaban en este esfuerzo. Y el principal de ellos era Jan Ullrich, un supergregario, el corredor m\u00e1s importante para ayudar a Riis a ganar su segundo t\u00edtulo.<\/p>\n<figure id=\"attachment_7807\" aria-describedby=\"caption-attachment-7807\" style=\"width: 1000px\" class=\"wp-caption alignnone\"><a href=\"https:\/\/d2p6e6u75xmxt8.cloudfront.net\/6\/2021\/07\/Bjarne-Riis-profimedia-0068568979.jpg\"><img loading=\"lazy\" decoding=\"async\" class=\"wp-image-7807 size-full\" src=\"https:\/\/d2p6e6u75xmxt8.cloudfront.net\/6\/2021\/07\/Bjarne-Riis-profimedia-0068568979.jpg\" alt=\"Bjarne Riis\" width=\"1000\" height=\"860\" srcset=\"https:\/\/d2p6e6u75xmxt8.cloudfront.net\/6\/2021\/07\/Bjarne-Riis-profimedia-0068568979.jpg 1000w, https:\/\/d2p6e6u75xmxt8.cloudfront.net\/6\/2021\/07\/Bjarne-Riis-profimedia-0068568979-300x258.jpg 300w, https:\/\/d2p6e6u75xmxt8.cloudfront.net\/6\/2021\/07\/Bjarne-Riis-profimedia-0068568979-768x660.jpg 768w\" sizes=\"auto, (max-width: 1000px) 100vw, 1000px\" \/><\/a><figcaption id=\"caption-attachment-7807\" class=\"wp-caption-text\">Richard Virenque (R), Bjarne Riis (C) y Jan Ullrich (R) en el Tour del 97. \u00a9 Profimedia<\/figcaption><\/figure>\n<p>En las entrevistas previas a la carrera, Ullrich se mostr\u00f3 muy fiel: &#8220;Bjarne es nuestro capit\u00e1n. Todo gira en torno a \u00e9l. Le llevaremos a otro t\u00edtulo&#8221;. Pero no pudo evitar a\u00f1adir: &#8220;Si le pasara algo a Bjarne las cosas podr\u00edan cambiar&#8221;. Ullrich era 10 a\u00f1os m\u00e1s joven que Riis y mostraba un gran talento. Era claramente un futuro aspirante al oro del Tour de Francia. Incluso el director del Team Telekom, Walter Godefroot, tuvo dificultades para decidir qui\u00e9n deb\u00eda ir al Tour de 1997 como l\u00edder del equipo.<\/p>\n<p>Sin embargo, el equipo Telekom no era el \u00fanico que contaba con grandes aspirantes. El franc\u00e9s Richard Virenque, del Festina-Lotus, <a href=\"https:\/\/www.welovecycling.com\/es\/2018\/05\/21\/por-las-colinas-de-marco-pantani\/\">Marco Pantani<\/a>, del Mercatone Uno italiano, o Abraham Olano, que corr\u00eda para el equipo espa\u00f1ol Banesto, pudieron llevarse el t\u00edtulo del Tour a casa. Y ninguno de ellos tuvo que lidiar con un rival dentro de su propio equipo.<\/p>\n<p>La tensi\u00f3n dentro del equipo fue evidente desde la primera etapa. Un accidente de grupo a 11 km de la meta dividi\u00f3 al pelot\u00f3n. Ullrich se mantuvo en el grupo de cabeza, pero Riis se qued\u00f3 en el segundo grupo a un minuto de distancia. Todo el equipo Telekom esper\u00f3 al defensor del t\u00edtulo para ayudarle a terminar la carrera con fuerza. Ullrich fue la \u00fanica excepci\u00f3n. El director del equipo le dio luz verde para permanecer en el grupo de cabeza. Riis no estaba contento con esta decisi\u00f3n.<\/p>\n<figure id=\"attachment_7810\" aria-describedby=\"caption-attachment-7810\" style=\"width: 1024px\" class=\"wp-caption alignnone\"><a href=\"https:\/\/d2p6e6u75xmxt8.cloudfront.net\/2\/2021\/07\/Jan-Ullrich-Bjarne-Riis-profimedia-0068666402.jpg\"><img loading=\"lazy\" decoding=\"async\" class=\"size-large wp-image-7810\" src=\"https:\/\/d2p6e6u75xmxt8.cloudfront.net\/6\/2021\/07\/Jan-Ullrich-Bjarne-Riis-profimedia-0068666402-1024x901.jpg\" alt=\"1997 Tour\" width=\"1024\" height=\"901\" srcset=\"https:\/\/d2p6e6u75xmxt8.cloudfront.net\/6\/2021\/07\/Jan-Ullrich-Bjarne-Riis-profimedia-0068666402-1024x901.jpg 1024w, https:\/\/d2p6e6u75xmxt8.cloudfront.net\/6\/2021\/07\/Jan-Ullrich-Bjarne-Riis-profimedia-0068666402-300x264.jpg 300w, https:\/\/d2p6e6u75xmxt8.cloudfront.net\/6\/2021\/07\/Jan-Ullrich-Bjarne-Riis-profimedia-0068666402-768x676.jpg 768w, https:\/\/d2p6e6u75xmxt8.cloudfront.net\/6\/2021\/07\/Jan-Ullrich-Bjarne-Riis-profimedia-0068666402.jpg 1250w\" sizes=\"auto, (max-width: 1024px) 100vw, 1024px\" \/><\/a><figcaption id=\"caption-attachment-7810\" class=\"wp-caption-text\">El l\u00edder o el gregario \u00a9 Profimedia<\/figcaption><\/figure>\n<p>&nbsp;<\/p>\n<p>Ambos corredores mantuvieron una buena relaci\u00f3n durante varios d\u00edas hasta los <a href=\"https:\/\/www.welovecycling.com\/es\/2020\/09\/03\/tour-pirineos-1910\/\">Pirineos<\/a>. Ah\u00ed fue donde las cosas empezaron a cambiar. En la novena etapa, Virenque tom\u00f3 el mando y atac\u00f3 en la \u00faltima subida a Val Louron-Azet, despu\u00e9s de todo un d\u00eda de movimientos. Ullrich pudo responder, Riis se qued\u00f3 atr\u00e1s. Ullrich iba tan bien ese d\u00eda que parec\u00eda que pod\u00eda contraatacar f\u00e1cilmente y dejar de rueda a Virenque. Pero no se le dio el permiso, no todav\u00eda. A pesar de un d\u00e9ficit de 30 segundos en la meta, Riis segu\u00eda afirmando que era el l\u00edder. Pero empezaba a parecer que los hechos hablaban m\u00e1s que las palabras.<\/p>\n<p>La etapa 10 culmin\u00f3 con una subida de 32 km a Arcal\u00eds. A falta de unos 8 km, Riis empez\u00f3 a desfallecer y se solt\u00f3. Su esp\u00edritu de equipo fue m\u00e1s fuerte que su ego y mand\u00f3 a su compa\u00f1ero de equipo a seguir con estas palabras: &#8220;Si te sientes fuerte, ataca&#8221;.<\/p>\n<p>Jan Ullrich esper\u00f3 la confirmaci\u00f3n del director del equipo. Cuando Godefroot respondi\u00f3 con un &#8220;Ahora eres el l\u00edder&#8221;, Ullrich inici\u00f3 una persecuci\u00f3n. Alcanz\u00f3 a Pantani y a Virenque y pronto dej\u00f3 atr\u00e1s a ambos excelentes escaladores. Ullrich termin\u00f3 con un minuto de ventaja sobre todos. Riis estaba desolado tras perder 3 minutos y 30 segundos.<\/p>\n<figure id=\"attachment_7813\" aria-describedby=\"caption-attachment-7813\" style=\"width: 1000px\" class=\"wp-caption alignnone\"><a href=\"https:\/\/d2p6e6u75xmxt8.cloudfront.net\/6\/2021\/07\/Jan-Ullrich-profimedia-0068568978.jpg\"><img loading=\"lazy\" decoding=\"async\" class=\"size-full wp-image-7813\" src=\"https:\/\/d2p6e6u75xmxt8.cloudfront.net\/6\/2021\/07\/Jan-Ullrich-profimedia-0068568978.jpg\" alt=\"Jan Ullrich 1997\" width=\"1000\" height=\"648\" srcset=\"https:\/\/d2p6e6u75xmxt8.cloudfront.net\/6\/2021\/07\/Jan-Ullrich-profimedia-0068568978.jpg 1000w, https:\/\/d2p6e6u75xmxt8.cloudfront.net\/6\/2021\/07\/Jan-Ullrich-profimedia-0068568978-300x194.jpg 300w, https:\/\/d2p6e6u75xmxt8.cloudfront.net\/6\/2021\/07\/Jan-Ullrich-profimedia-0068568978-768x498.jpg 768w\" sizes=\"auto, (max-width: 1000px) 100vw, 1000px\" \/><\/a><figcaption id=\"caption-attachment-7813\" class=\"wp-caption-text\">Ullrich liderando el pelot\u00f3n en la \u00faltima subida de la etapa 15. \u00a9 Profimedia<\/figcaption><\/figure>\n<p>&nbsp;<\/p>\n<p>Ullrich coment\u00f3: &#8220;Estoy absolutamente agotado pero absolutamente feliz&#8221;. Riis admiti\u00f3 la derrota: &#8220;Jan estaba en gran forma hoy y estaba claro que ten\u00eda que atacar. Es importante para nosotros mantener el maillot amarillo. El Tour s\u00f3lo se puede ganar con la ayuda de tu equipo&#8221;.<\/p>\n<p>Ese d\u00eda naci\u00f3 una nueva estrella. &#8220;Voil\u00e1 le Patron&#8221;, dec\u00eda un titular de L&#8217;\u00c9quipe. Aqu\u00ed est\u00e1 el patr\u00f3n. Merckx e Indurain estaban de acuerdo: &#8220;Est\u00e1 decidido&#8221;. Hinault afirmaba: &#8220;Ha llegado una nueva era del ciclismo. Ullrich dominar\u00e1 durante siete u ocho a\u00f1os&#8221;. S\u00f3lo Virenque no ten\u00eda tantas ganas de aplaudir.<\/p>\n<p>La 12\u00aa etapa fue una contrarreloj con repechos en la que Ullrich sigui\u00f3 destacando. Dobl\u00f3 a Virenque, que sali\u00f3 antes que \u00e9l, y aument\u00f3 su ventaja a 5 minutos y 42 segundos. Alemania estaba en plena ciclo-man\u00eda celebrando a su nuevo gigante del Tour de Francia, como le llam\u00f3 el peri\u00f3dico Bild. Este joven ciclista logr\u00f3 lo que los pol\u00edticos no pudieron en los siete a\u00f1os transcurridos desde la reunificaci\u00f3n de Alemania. Su carrera conect\u00f3 el este y el oeste.<\/p>\n<p>Lo \u00fanico que se interpon\u00eda entre \u00e9l y el t\u00edtulo del Tour eran los Alpes. Marco Pantani gan\u00f3 la siguiente etapa que culmin\u00f3 con la m\u00edtica subida al Alpe d&#8217;Huez. Impulsado por la multitud, fue capaz de dejar atr\u00e1s a Riis, Virenque e incluso a Ullrich. Y la racha de mala suerte continu\u00f3 en la siguiente etapa.<\/p>\n<figure id=\"attachment_7816\" aria-describedby=\"caption-attachment-7816\" style=\"width: 1024px\" class=\"wp-caption alignnone\"><a href=\"https:\/\/d2p6e6u75xmxt8.cloudfront.net\/6\/2021\/07\/1997-Tour-Jan-Ullrich-profimedia-0068568920.jpg\"><img loading=\"lazy\" decoding=\"async\" class=\"size-full wp-image-7816\" src=\"https:\/\/d2p6e6u75xmxt8.cloudfront.net\/6\/2021\/07\/1997-Tour-Jan-Ullrich-profimedia-0068568920.jpg\" alt=\"1997 Tour\" width=\"1024\" height=\"809\" srcset=\"https:\/\/d2p6e6u75xmxt8.cloudfront.net\/6\/2021\/07\/1997-Tour-Jan-Ullrich-profimedia-0068568920.jpg 1024w, https:\/\/d2p6e6u75xmxt8.cloudfront.net\/6\/2021\/07\/1997-Tour-Jan-Ullrich-profimedia-0068568920-300x237.jpg 300w, https:\/\/d2p6e6u75xmxt8.cloudfront.net\/6\/2021\/07\/1997-Tour-Jan-Ullrich-profimedia-0068568920-768x607.jpg 768w\" sizes=\"auto, (max-width: 1024px) 100vw, 1024px\" \/><\/a><figcaption id=\"caption-attachment-7816\" class=\"wp-caption-text\">Stage 14 &#8211; Fernando Escartin (L), Richard Virenque (C) y Jan Ullrich (R) con el maillot amarillo. \u00a9 Profimedia<\/figcaption><\/figure>\n<p>&nbsp;<\/p>\n<p>Ullrich se cay\u00f3 al principio de la etapa 14 y el grupo de cabeza se alej\u00f3 de \u00e9l. Todo el equipo Telekom, incluido Riis, ahora en el papel de gregario, trabaj\u00f3 duro para devolver a Ullrich al frente de la carrera. Alcanzaron al \u00fanico l\u00edder de la etapa, Virenque, a falta de unos 21 km. Ullrich y Virenque se &#8216;pegaron&#8217; hasta el final, y el franc\u00e9s acab\u00f3 llev\u00e1ndose la victoria de etapa. La superestrella alemana coment\u00f3 m\u00e1s tarde: &#8220;\u00a1Lo que Bjarne ha hecho hoy por m\u00ed ha sido fant\u00e1stico! No puedo agradecerle lo suficiente. Ha demostrado realmente su car\u00e1cter&#8221;.<\/p>\n<p>Ullrich era l\u00edder con seis minutos y medio de ventaja y parec\u00eda que lo \u00fanico que pod\u00eda vencerle era su propio cuerpo. Y eso fue exactamente lo que empez\u00f3 a suceder. Ullrich estaba luchando contra un resfriado y un agotamiento creciente en los \u00faltimos d\u00edas. Reforzado por una visita sorpresa de su madre y su novia despu\u00e9s de la etapa 17, sigui\u00f3 luchando. Y funcion\u00f3. Incluso consigui\u00f3 ampliar su ventaja en la \u00faltima contrarreloj y volver a vencer a Virenque. El margen de victoria de Ullrich, de 9 minutos y 9 segundos, es el m\u00e1s alto desde 1984, cuando Fignon gan\u00f3 por 10 minutos. Tambi\u00e9n se convirti\u00f3 en el campe\u00f3n m\u00e1s joven despu\u00e9s de la guerra.<\/p>\n<p>&#8220;Termin\u00e9 segundo en el Tour de Francia del a\u00f1o pasado y ni siquiera mi cartero sab\u00eda qui\u00e9n era. Ahora las mujeres se me echan encima&#8221;, dijo Ullrich tras regresar a su pa\u00eds.<\/p>\n","protected":false},"excerpt":{"rendered":"<p>Ganar un Tour de Francia es un logro de la vida para cualquier l\u00edder de equipo y tambi\u00e9n para sus [&hellip;]<\/p>\n","protected":false},"author":29,"featured_media":7823,"comment_status":"open","ping_status":"open","sticky":false,"template":"","format":"standard","meta":{"footnotes":""},"categories":[7],"tags":[1941],"global-categories":[],"class_list":["post-7803","post","type-post","status-publish","format-standard","has-post-thumbnail","hentry","category-carretera","tag-tour-2021"],"yoast_head":"<!-- This site is optimized with the Yoast SEO Premium plugin v25.3 (Yoast SEO v25.9) - https:\/\/yoast.com\/wordpress\/plugins\/seo\/ -->\n<title>El triunfo de un gregario. Jan Ullrich y el Tour 1997<\/title>\n<meta name=\"description\" content=\"El triunfo de un gregario. Jan Ullrich y el Tour 1997. Asi gan\u00f3 el Tour de 1997 Jan Ullrich, que part\u00eda como un gregario del Telekom.\" \/>\n<meta name=\"robots\" content=\"index, follow, max-snippet:-1, max-image-preview:large, max-video-preview:-1\" \/>\n<link rel=\"canonical\" href=\"https:\/\/www.welovecycling.com\/es\/2021\/07\/09\/jan-ullrich\/\" \/>\n<meta property=\"og:locale\" content=\"es_ES\" \/>\n<meta property=\"og:type\" content=\"article\" \/>\n<meta property=\"og:title\" content=\"El triunfo de un gregario. Jan Ullrich y el Tour 1997\" \/>\n<meta property=\"og:description\" content=\"El triunfo de un gregario. Jan Ullrich y el Tour 1997. Asi gan\u00f3 el Tour de 1997 Jan Ullrich, que part\u00eda como un gregario del Telekom.\" \/>\n<meta property=\"og:url\" content=\"https:\/\/www.welovecycling.com\/es\/2021\/07\/09\/jan-ullrich\/\" \/>\n<meta property=\"og:site_name\" content=\"\u0160koda We Love Cycling - Spain\" \/>\n<meta property=\"article:published_time\" content=\"2021-07-09T09:02:15+00:00\" \/>\n<meta property=\"og:image\" content=\"https:\/\/d2p6e6u75xmxt8.cloudfront.net\/6\/2021\/07\/Jan-Ullrich-profimedia-0068570253-CVR.jpg\" \/>\n\t<meta property=\"og:image:width\" content=\"1366\" \/>\n\t<meta property=\"og:image:height\" content=\"600\" \/>\n\t<meta property=\"og:image:type\" content=\"image\/jpeg\" \/>\n<meta name=\"author\" content=\"We Love Cycling Spain\" \/>\n<meta name=\"twitter:card\" content=\"summary_large_image\" \/>\n<meta name=\"twitter:title\" content=\"El triunfo de un gregario. Jan Ullrich y el Tour 1997\" \/>\n<meta name=\"twitter:description\" content=\"El triunfo de un gregario. Jan Ullrich y el Tour 1997. Asi gan\u00f3 el Tour de 1997 Jan Ullrich, que part\u00eda como un gregario del Telekom.\" \/>\n<meta name=\"twitter:label1\" content=\"Written by\" \/>\n\t<meta name=\"twitter:data1\" content=\"Jiri Kaloc\" \/>\n\t<meta name=\"twitter:label2\" content=\"Est. reading time\" \/>\n\t<meta name=\"twitter:data2\" content=\"5\" \/>\n<script type=\"application\/ld+json\" class=\"yoast-schema-graph\">{\"@context\":\"https:\/\/schema.org\",\"@graph\":[{\"@type\":\"WebPage\",\"@id\":\"https:\/\/www.welovecycling.com\/es\/2021\/07\/09\/jan-ullrich\/\",\"url\":\"https:\/\/www.welovecycling.com\/es\/2021\/07\/09\/jan-ullrich\/\",\"name\":\"El triunfo de un gregario. Jan Ullrich y el Tour 1997\",\"isPartOf\":{\"@id\":\"https:\/\/www.welovecycling.com\/es\/#website\"},\"primaryImageOfPage\":{\"@id\":\"https:\/\/www.welovecycling.com\/es\/2021\/07\/09\/jan-ullrich\/#primaryimage\"},\"image\":{\"@id\":\"https:\/\/www.welovecycling.com\/es\/2021\/07\/09\/jan-ullrich\/#primaryimage\"},\"thumbnailUrl\":\"https:\/\/d2p6e6u75xmxt8.cloudfront.net\/6\/2021\/07\/Jan-Ullrich-profimedia-0068570253-CVR.jpg\",\"datePublished\":\"2021-07-09T09:02:15+00:00\",\"author\":{\"@id\":\"https:\/\/www.welovecycling.com\/es\/#\/schema\/person\/deb61715b5812698ee79fb96f343ccd4\"},\"description\":\"El triunfo de un gregario. Jan Ullrich y el Tour 1997. Asi gan\u00f3 el Tour de 1997 Jan Ullrich, que part\u00eda como un gregario del Telekom.\",\"breadcrumb\":{\"@id\":\"https:\/\/www.welovecycling.com\/es\/2021\/07\/09\/jan-ullrich\/#breadcrumb\"},\"inLanguage\":\"es-ES\",\"potentialAction\":[{\"@type\":\"ReadAction\",\"target\":[\"https:\/\/www.welovecycling.com\/es\/2021\/07\/09\/jan-ullrich\/\"]}]},{\"@type\":\"ImageObject\",\"inLanguage\":\"es-ES\",\"@id\":\"https:\/\/www.welovecycling.com\/es\/2021\/07\/09\/jan-ullrich\/#primaryimage\",\"url\":\"https:\/\/d2p6e6u75xmxt8.cloudfront.net\/6\/2021\/07\/Jan-Ullrich-profimedia-0068570253-CVR.jpg\",\"contentUrl\":\"https:\/\/d2p6e6u75xmxt8.cloudfront.net\/6\/2021\/07\/Jan-Ullrich-profimedia-0068570253-CVR.jpg\",\"width\":1366,\"height\":600,\"caption\":\"Jan Ullrich\"},{\"@type\":\"BreadcrumbList\",\"@id\":\"https:\/\/www.welovecycling.com\/es\/2021\/07\/09\/jan-ullrich\/#breadcrumb\",\"itemListElement\":[{\"@type\":\"ListItem\",\"position\":1,\"name\":\"Home\",\"item\":\"https:\/\/www.welovecycling.com\/es\/\"},{\"@type\":\"ListItem\",\"position\":2,\"name\":\"El triunfo de un gregario. Jan Ullrich y el Tour 1997\"}]},{\"@type\":\"WebSite\",\"@id\":\"https:\/\/www.welovecycling.com\/es\/#website\",\"url\":\"https:\/\/www.welovecycling.com\/es\/\",\"name\":\"\u0160koda We Love Cycling - Spain\",\"description\":\"\u0160koda WeLoveCycling Spain\",\"potentialAction\":[{\"@type\":\"SearchAction\",\"target\":{\"@type\":\"EntryPoint\",\"urlTemplate\":\"https:\/\/www.welovecycling.com\/es\/?s={search_term_string}\"},\"query-input\":{\"@type\":\"PropertyValueSpecification\",\"valueRequired\":true,\"valueName\":\"search_term_string\"}}],\"inLanguage\":\"es-ES\"},{\"@type\":\"Person\",\"@id\":\"https:\/\/www.welovecycling.com\/es\/#\/schema\/person\/deb61715b5812698ee79fb96f343ccd4\",\"name\":\"We Love Cycling Spain\",\"image\":{\"@type\":\"ImageObject\",\"inLanguage\":\"es-ES\",\"@id\":\"https:\/\/www.welovecycling.com\/es\/#\/schema\/person\/image\/\",\"url\":\"https:\/\/secure.gravatar.com\/avatar\/c824b04e6df0e37a03219d0b6481672889df542894588964102459e46513159c?s=96&d=mm&r=g\",\"contentUrl\":\"https:\/\/secure.gravatar.com\/avatar\/c824b04e6df0e37a03219d0b6481672889df542894588964102459e46513159c?s=96&d=mm&r=g\",\"caption\":\"We Love Cycling Spain\"},\"url\":\"https:\/\/www.welovecycling.com\/es\/author\/amunoz\/\"}]}<\/script>\n<!-- \/ Yoast SEO Premium plugin. -->","yoast_head_json":{"title":"El triunfo de un gregario. Jan Ullrich y el Tour 1997","description":"El triunfo de un gregario. Jan Ullrich y el Tour 1997. Asi gan\u00f3 el Tour de 1997 Jan Ullrich, que part\u00eda como un gregario del Telekom.","robots":{"index":"index","follow":"follow","max-snippet":"max-snippet:-1","max-image-preview":"max-image-preview:large","max-video-preview":"max-video-preview:-1"},"canonical":"https:\/\/www.welovecycling.com\/es\/2021\/07\/09\/jan-ullrich\/","og_locale":"es_ES","og_type":"article","og_title":"El triunfo de un gregario. Jan Ullrich y el Tour 1997","og_description":"El triunfo de un gregario. Jan Ullrich y el Tour 1997. Asi gan\u00f3 el Tour de 1997 Jan Ullrich, que part\u00eda como un gregario del Telekom.","og_url":"https:\/\/www.welovecycling.com\/es\/2021\/07\/09\/jan-ullrich\/","og_site_name":"\u0160koda We Love Cycling - Spain","article_published_time":"2021-07-09T09:02:15+00:00","og_image":[{"width":1366,"height":600,"url":"https:\/\/d2p6e6u75xmxt8.cloudfront.net\/6\/2021\/07\/Jan-Ullrich-profimedia-0068570253-CVR.jpg","type":"image\/jpeg"}],"author":"We Love Cycling Spain","twitter_card":"summary_large_image","twitter_title":"El triunfo de un gregario. Jan Ullrich y el Tour 1997","twitter_description":"El triunfo de un gregario. Jan Ullrich y el Tour 1997. Asi gan\u00f3 el Tour de 1997 Jan Ullrich, que part\u00eda como un gregario del Telekom.","twitter_misc":{"Written by":"Jiri Kaloc","Est. reading time":"5"},"schema":{"@context":"https:\/\/schema.org","@graph":[{"@type":"WebPage","@id":"https:\/\/www.welovecycling.com\/es\/2021\/07\/09\/jan-ullrich\/","url":"https:\/\/www.welovecycling.com\/es\/2021\/07\/09\/jan-ullrich\/","name":"El triunfo de un gregario. Jan Ullrich y el Tour 1997","isPartOf":{"@id":"https:\/\/www.welovecycling.com\/es\/#website"},"primaryImageOfPage":{"@id":"https:\/\/www.welovecycling.com\/es\/2021\/07\/09\/jan-ullrich\/#primaryimage"},"image":{"@id":"https:\/\/www.welovecycling.com\/es\/2021\/07\/09\/jan-ullrich\/#primaryimage"},"thumbnailUrl":"https:\/\/d2p6e6u75xmxt8.cloudfront.net\/6\/2021\/07\/Jan-Ullrich-profimedia-0068570253-CVR.jpg","datePublished":"2021-07-09T09:02:15+00:00","author":{"@id":"https:\/\/www.welovecycling.com\/es\/#\/schema\/person\/deb61715b5812698ee79fb96f343ccd4"},"description":"El triunfo de un gregario. Jan Ullrich y el Tour 1997. Asi gan\u00f3 el Tour de 1997 Jan Ullrich, que part\u00eda como un gregario del Telekom.","breadcrumb":{"@id":"https:\/\/www.welovecycling.com\/es\/2021\/07\/09\/jan-ullrich\/#breadcrumb"},"inLanguage":"es-ES","potentialAction":[{"@type":"ReadAction","target":["https:\/\/www.welovecycling.com\/es\/2021\/07\/09\/jan-ullrich\/"]}]},{"@type":"ImageObject","inLanguage":"es-ES","@id":"https:\/\/www.welovecycling.com\/es\/2021\/07\/09\/jan-ullrich\/#primaryimage","url":"https:\/\/d2p6e6u75xmxt8.cloudfront.net\/6\/2021\/07\/Jan-Ullrich-profimedia-0068570253-CVR.jpg","contentUrl":"https:\/\/d2p6e6u75xmxt8.cloudfront.net\/6\/2021\/07\/Jan-Ullrich-profimedia-0068570253-CVR.jpg","width":1366,"height":600,"caption":"Jan Ullrich"},{"@type":"BreadcrumbList","@id":"https:\/\/www.welovecycling.com\/es\/2021\/07\/09\/jan-ullrich\/#breadcrumb","itemListElement":[{"@type":"ListItem","position":1,"name":"Home","item":"https:\/\/www.welovecycling.com\/es\/"},{"@type":"ListItem","position":2,"name":"El triunfo de un gregario. Jan Ullrich y el Tour 1997"}]},{"@type":"WebSite","@id":"https:\/\/www.welovecycling.com\/es\/#website","url":"https:\/\/www.welovecycling.com\/es\/","name":"\u0160koda We Love Cycling - Spain","description":"\u0160koda WeLoveCycling Spain","potentialAction":[{"@type":"SearchAction","target":{"@type":"EntryPoint","urlTemplate":"https:\/\/www.welovecycling.com\/es\/?s={search_term_string}"},"query-input":{"@type":"PropertyValueSpecification","valueRequired":true,"valueName":"search_term_string"}}],"inLanguage":"es-ES"},{"@type":"Person","@id":"https:\/\/www.welovecycling.com\/es\/#\/schema\/person\/deb61715b5812698ee79fb96f343ccd4","name":"We Love Cycling Spain","image":{"@type":"ImageObject","inLanguage":"es-ES","@id":"https:\/\/www.welovecycling.com\/es\/#\/schema\/person\/image\/","url":"https:\/\/secure.gravatar.com\/avatar\/c824b04e6df0e37a03219d0b6481672889df542894588964102459e46513159c?s=96&d=mm&r=g","contentUrl":"https:\/\/secure.gravatar.com\/avatar\/c824b04e6df0e37a03219d0b6481672889df542894588964102459e46513159c?s=96&d=mm&r=g","caption":"We Love Cycling Spain"},"url":"https:\/\/www.welovecycling.com\/es\/author\/amunoz\/"}]}},"_links":{"self":[{"href":"https:\/\/www.welovecycling.com\/es\/wp-json\/wp\/v2\/posts\/7803","targetHints":{"allow":["GET"]}}],"collection":[{"href":"https:\/\/www.welovecycling.com\/es\/wp-json\/wp\/v2\/posts"}],"about":[{"href":"https:\/\/www.welovecycling.com\/es\/wp-json\/wp\/v2\/types\/post"}],"author":[{"embeddable":true,"href":"https:\/\/www.welovecycling.com\/es\/wp-json\/wp\/v2\/users\/29"}],"replies":[{"embeddable":true,"href":"https:\/\/www.welovecycling.com\/es\/wp-json\/wp\/v2\/comments?post=7803"}],"version-history":[{"count":2,"href":"https:\/\/www.welovecycling.com\/es\/wp-json\/wp\/v2\/posts\/7803\/revisions"}],"predecessor-version":[{"id":7831,"href":"https:\/\/www.welovecycling.com\/es\/wp-json\/wp\/v2\/posts\/7803\/revisions\/7831"}],"wp:featuredmedia":[{"embeddable":true,"href":"https:\/\/www.welovecycling.com\/es\/wp-json\/wp\/v2\/media\/7823"}],"wp:attachment":[{"href":"https:\/\/www.welovecycling.com\/es\/wp-json\/wp\/v2\/media?parent=7803"}],"wp:term":[{"taxonomy":"category","embeddable":true,"href":"https:\/\/www.welovecycling.com\/es\/wp-json\/wp\/v2\/categories?post=7803"},{"taxonomy":"post_tag","embeddable":true,"href":"https:\/\/www.welovecycling.com\/es\/wp-json\/wp\/v2\/tags?post=7803"},{"taxonomy":"global-categories","embeddable":true,"href":"https:\/\/www.welovecycling.com\/es\/wp-json\/wp\/v2\/global-categories?post=7803"}],"curies":[{"name":"wp","href":"https:\/\/api.w.org\/{rel}","templated":true}]}}