{"id":7788,"date":"2021-07-01T14:31:53","date_gmt":"2021-07-01T12:31:53","guid":{"rendered":"https:\/\/www.welovecycling.com\/es\/?p=7788"},"modified":"2021-06-29T23:59:33","modified_gmt":"2021-06-29T21:59:33","slug":"enyaq-iv-rojo-director-tour-francia","status":"publish","type":"post","link":"https:\/\/www.welovecycling.com\/es\/2021\/07\/01\/enyaq-iv-rojo-director-tour-francia\/","title":{"rendered":"C\u00f3mo se hace el ENYAQ iV Rojo del director del Tour de Francia"},"content":{"rendered":"<p><strong>Tard\u00e9 casi una hora en llegar a la sede de \u0160koda en Mlad\u00e1 Boleslav y luego otra media hora deportiva por carreteras rurales y estrechas. El lugar se llama Led\u010de. Hay que tener cuidado de no seguir la navegaci\u00f3n del GPS a ciegas, como hice yo, lo que dio lugar a un viaje al bosque y a terminar en medio de la nada.<\/strong><\/p>\n<p><!--more--><\/p>\n<p>&#8220;Lo mismo le ocurri\u00f3 a varias personas, incluido un camionero con un remolque largo. Tard\u00f3 casi una hora en volver usando s\u00f3lo los retrovisores&#8221;, dice el fundador de Best Modell, Martin Smutn\u00fd. Por suerte para m\u00ed, hoy me he olvidado de enganchar un remolque a mi coche.<\/p>\n<figure id=\"attachment_7789\" aria-describedby=\"caption-attachment-7789\" style=\"width: 1024px\" class=\"wp-caption alignnone\"><a href=\"https:\/\/d2p6e6u75xmxt8.cloudfront.net\/2\/2021\/06\/FM7B8660.jpg\"><img loading=\"lazy\" decoding=\"async\" class=\"wp-image-7789 size-large\" src=\"https:\/\/d2p6e6u75xmxt8.cloudfront.net\/6\/2021\/06\/FM7B8660-1024x683.jpg\" alt=\"\u0160koda ENYAQ iV\" width=\"1024\" height=\"683\" srcset=\"https:\/\/d2p6e6u75xmxt8.cloudfront.net\/6\/2021\/06\/FM7B8660-1024x683.jpg 1024w, https:\/\/d2p6e6u75xmxt8.cloudfront.net\/6\/2021\/06\/FM7B8660-300x200.jpg 300w, https:\/\/d2p6e6u75xmxt8.cloudfront.net\/6\/2021\/06\/FM7B8660-768x512.jpg 768w, https:\/\/d2p6e6u75xmxt8.cloudfront.net\/6\/2021\/06\/FM7B8660-272x182.jpg 272w, https:\/\/d2p6e6u75xmxt8.cloudfront.net\/6\/2021\/06\/FM7B8660.jpg 1182w\" sizes=\"auto, (max-width: 1024px) 100vw, 1024px\" \/><\/a><figcaption id=\"caption-attachment-7789\" class=\"wp-caption-text\">Esperando a la confirmaci\u00f3n.<\/figcaption><\/figure>\n<p>&nbsp;<\/p>\n<p>Best Modell es una discreta empresa checa con sede en un pueblo checo a\u00fan m\u00e1s discreto. Si al final llegas all\u00ed, es posible que ni siquiera te des cuenta de que la empresa est\u00e1 escondida detr\u00e1s de un patio delantero lleno de coches viejos y usados. De todos modos, no se desea llamar la atenci\u00f3n, ya que la mayor\u00eda de las actividades de la empresa entran en la categor\u00eda de &#8220;clasificadas&#8221; o incluso &#8220;ultrasecretas&#8221;.<\/p>\n<p>En un taller dividido en tres salas, se dise\u00f1an y dan forma a algunos de los futuros modelos de \u0160koda. Algunos de ellos se presentar\u00e1n dentro de cinco a\u00f1os, raz\u00f3n por la cual todos los visitantes deben dejar sus smartphones estrictamente apagados.<\/p>\n<p>El proyecto que me trajo aqu\u00ed, por el contrario, es algo que millones de aficionados al<a href=\"https:\/\/www.letour.fr\/en\/\"> Tour de Francia<\/a> ven en sus pantallas estos d\u00edas. El taller en el que voy a entrar es un lugar en el que se modifican los coches del director del Tour de Francia y de otros oficiales principales. Estos veh\u00edculos seguir\u00e1n a todo el pelot\u00f3n durante la prueba ciclista m\u00e1s famosa del mundo.<\/p>\n<figure id=\"attachment_7790\" aria-describedby=\"caption-attachment-7790\" style=\"width: 1024px\" class=\"wp-caption alignnone\"><a href=\"https:\/\/d2p6e6u75xmxt8.cloudfront.net\/2\/2021\/06\/Red-ENYAQ-iV.jpg\"><img loading=\"lazy\" decoding=\"async\" class=\"wp-image-7790 size-large\" src=\"https:\/\/d2p6e6u75xmxt8.cloudfront.net\/6\/2021\/06\/Red-ENYAQ-iV-1024x682.jpg\" alt=\"Red ENYAQ iV modification\" width=\"1024\" height=\"682\" srcset=\"https:\/\/d2p6e6u75xmxt8.cloudfront.net\/6\/2021\/06\/Red-ENYAQ-iV-1024x682.jpg 1024w, https:\/\/d2p6e6u75xmxt8.cloudfront.net\/6\/2021\/06\/Red-ENYAQ-iV-300x200.jpg 300w, https:\/\/d2p6e6u75xmxt8.cloudfront.net\/6\/2021\/06\/Red-ENYAQ-iV-768x512.jpg 768w, https:\/\/d2p6e6u75xmxt8.cloudfront.net\/6\/2021\/06\/Red-ENYAQ-iV-272x182.jpg 272w, https:\/\/d2p6e6u75xmxt8.cloudfront.net\/6\/2021\/06\/Red-ENYAQ-iV.jpg 1037w\" sizes=\"auto, (max-width: 1024px) 100vw, 1024px\" \/><\/a><figcaption id=\"caption-attachment-7790\" class=\"wp-caption-text\">Aqu\u00ed es donde ocurre la magia.<\/figcaption><\/figure>\n<p>&nbsp;<\/p>\n<p>El direct\u00f3n del Tour, <a href=\"https:\/\/www.welovecycling.com\/es\/2020\/09\/02\/skoda-enyaq-iv-electrico-tour-de-francia\/\">Christian Prudhomme<\/a> di\u00f3 la salida del Tour de Francia el 26 de junio desde uno de los iV de ENYAQ, oculto tras una verja con un cartel que reza: &#8220;Entrar acompa\u00f1ado s\u00f3lo por personal autorizado&#8221;. Con el amable permiso de Martin Smutn\u00fd, entro en la sala para encontrarme con una gran sorpresa.<\/p>\n<p>Mientras que en la televisi\u00f3n los coches son bonitos y brillantes, sus pobres carrocer\u00edas met\u00e1licas est\u00e1n ahora ocultas bajo un pl\u00e1stico semitransparente. Bastan unos pocos pasos m\u00e1s para dejarme completamente hipnotizado. Todos los coches est\u00e1n ahora desprovistos de su tapicer\u00eda. Al mirarlos m\u00e1s de cerca, descubro que la mayor parte del revestimiento interior ha desaparecido, con muchos cables, abrazaderas y juntas asomando por todos los rincones.<\/p>\n<div id='gallery-1' class='gallery galleryid-7788 gallery-columns-2 gallery-size-large'><figure class='gallery-item'>\n\t\t\t<div class='gallery-icon landscape'>\n\t\t\t\t<a href='https:\/\/d2p6e6u75xmxt8.cloudfront.net\/6\/2021\/06\/FM7B8685.jpg'><img loading=\"lazy\" decoding=\"async\" width=\"1024\" height=\"682\" src=\"https:\/\/d2p6e6u75xmxt8.cloudfront.net\/6\/2021\/06\/FM7B8685-1024x682.jpg\" class=\"attachment-large size-large\" alt=\"\" srcset=\"https:\/\/d2p6e6u75xmxt8.cloudfront.net\/6\/2021\/06\/FM7B8685-1024x682.jpg 1024w, https:\/\/d2p6e6u75xmxt8.cloudfront.net\/6\/2021\/06\/FM7B8685-300x200.jpg 300w, https:\/\/d2p6e6u75xmxt8.cloudfront.net\/6\/2021\/06\/FM7B8685-768x511.jpg 768w, https:\/\/d2p6e6u75xmxt8.cloudfront.net\/6\/2021\/06\/FM7B8685-272x182.jpg 272w, https:\/\/d2p6e6u75xmxt8.cloudfront.net\/6\/2021\/06\/FM7B8685.jpg 1275w\" sizes=\"auto, (max-width: 1024px) 100vw, 1024px\" \/><\/a>\n\t\t\t<\/div><\/figure><figure class='gallery-item'>\n\t\t\t<div class='gallery-icon landscape'>\n\t\t\t\t<a href='https:\/\/d2p6e6u75xmxt8.cloudfront.net\/6\/2021\/06\/FM7B8726.jpg'><img loading=\"lazy\" decoding=\"async\" width=\"1024\" height=\"682\" src=\"https:\/\/d2p6e6u75xmxt8.cloudfront.net\/6\/2021\/06\/FM7B8726-1024x682.jpg\" class=\"attachment-large size-large\" alt=\"Apparently, they did.\" srcset=\"https:\/\/d2p6e6u75xmxt8.cloudfront.net\/6\/2021\/06\/FM7B8726-1024x682.jpg 1024w, https:\/\/d2p6e6u75xmxt8.cloudfront.net\/6\/2021\/06\/FM7B8726-300x200.jpg 300w, https:\/\/d2p6e6u75xmxt8.cloudfront.net\/6\/2021\/06\/FM7B8726-768x512.jpg 768w, https:\/\/d2p6e6u75xmxt8.cloudfront.net\/6\/2021\/06\/FM7B8726-272x182.jpg 272w, https:\/\/d2p6e6u75xmxt8.cloudfront.net\/6\/2021\/06\/FM7B8726.jpg 1489w\" sizes=\"auto, (max-width: 1024px) 100vw, 1024px\" \/><\/a>\n\t\t\t<\/div><\/figure>\n\t\t<\/div>\n\n<p>&#8220;Pues s\u00ed, lo merec\u00edan&#8221;, me asegura el Sr. Smutn\u00fd. Todos los coches fueron desmontados hasta los huesos para que los dispositivos adicionales pudieran conectarse a la fuente de alimentaci\u00f3n de dos bater\u00edas adicionales. La lista de los dispositivos fue compuesta meticulosamente por los comisarios del Tour para convertir los ordinarios coches <a href=\"https:\/\/www.skoda-auto.com\/models\/range\/enyaq-iv\">\u0160koda ENYAQ iV<\/a> en oficinas m\u00f3viles sobre cuatro ruedas.<\/p>\n<p>Antes de que el Sr. Prudhomme pueda saludar a los espectadores a trav\u00e9s del techo solar, alguien tiene que recortarlo. En primer lugar, los t\u00e9cnicos tienen que desmontar todo el interior, recortar el hueco y cortar los refuerzos existentes, y despu\u00e9s soldar el techo solar, sellarlo y conectarlo a la red el\u00e9ctrica. Todo el techo est\u00e1 ahora a la espera de un nuevo revestimiento. Para que el director tenga algo a lo que agarrarse, las barras del techo est\u00e1n elevadas unos cent\u00edmetros para que pueda agarrarlas c\u00f3modamente.<\/p>\n<div id='gallery-2' class='gallery galleryid-7788 gallery-columns-2 gallery-size-large'><figure class='gallery-item'>\n\t\t\t<div class='gallery-icon landscape'>\n\t\t\t\t<a href='https:\/\/d2p6e6u75xmxt8.cloudfront.net\/6\/2021\/06\/FM7B8694.jpg'><img loading=\"lazy\" decoding=\"async\" width=\"1024\" height=\"682\" src=\"https:\/\/d2p6e6u75xmxt8.cloudfront.net\/6\/2021\/06\/FM7B8694-1024x682.jpg\" class=\"attachment-large size-large\" alt=\"The director&#039;s car in the making.\" srcset=\"https:\/\/d2p6e6u75xmxt8.cloudfront.net\/6\/2021\/06\/FM7B8694-1024x682.jpg 1024w, https:\/\/d2p6e6u75xmxt8.cloudfront.net\/6\/2021\/06\/FM7B8694-300x200.jpg 300w, https:\/\/d2p6e6u75xmxt8.cloudfront.net\/6\/2021\/06\/FM7B8694-768x512.jpg 768w, https:\/\/d2p6e6u75xmxt8.cloudfront.net\/6\/2021\/06\/FM7B8694-272x182.jpg 272w, https:\/\/d2p6e6u75xmxt8.cloudfront.net\/6\/2021\/06\/FM7B8694.jpg 1303w\" sizes=\"auto, (max-width: 1024px) 100vw, 1024px\" \/><\/a>\n\t\t\t<\/div><\/figure><figure class='gallery-item'>\n\t\t\t<div class='gallery-icon landscape'>\n\t\t\t\t<a href='https:\/\/d2p6e6u75xmxt8.cloudfront.net\/6\/2021\/06\/FM7B8799.jpg'><img loading=\"lazy\" decoding=\"async\" width=\"1024\" height=\"683\" src=\"https:\/\/d2p6e6u75xmxt8.cloudfront.net\/6\/2021\/06\/FM7B8799-1024x683.jpg\" class=\"attachment-large size-large\" alt=\"The additional devices need to be plugged into the power supply from two extra batteries.\" srcset=\"https:\/\/d2p6e6u75xmxt8.cloudfront.net\/6\/2021\/06\/FM7B8799-1024x683.jpg 1024w, https:\/\/d2p6e6u75xmxt8.cloudfront.net\/6\/2021\/06\/FM7B8799-300x200.jpg 300w, https:\/\/d2p6e6u75xmxt8.cloudfront.net\/6\/2021\/06\/FM7B8799-768x512.jpg 768w, https:\/\/d2p6e6u75xmxt8.cloudfront.net\/6\/2021\/06\/FM7B8799-272x182.jpg 272w, https:\/\/d2p6e6u75xmxt8.cloudfront.net\/6\/2021\/06\/FM7B8799.jpg 1434w\" sizes=\"auto, (max-width: 1024px) 100vw, 1024px\" \/><\/a>\n\t\t\t<\/div><\/figure>\n\t\t<\/div>\n\n<p>Adem\u00e1s del techo solar, se instalar\u00e1n una radio adicional, seis antenas, balizas y bocinas. La famosa nevera se encuentra entre los asientos traseros para acomodar dos botellas de champ\u00e1n que se servir\u00e1n a los invitados VIP durante la carrera. Se han colocado dos bater\u00edas de setenta y cinco amperios en un compartimento especial del maletero para alimentar todos los dispositivos adicionales.<\/p>\n<p>El equipo trabaja bajo una enorme presi\u00f3n. Debido a la experiencia del a\u00f1o pasado, los comisarios tienen ahora requisitos mucho m\u00e1s detallados.<\/p>\n<p>&#8220;Este a\u00f1o hemos tenido que encargarnos de radios nuevas y de todo el equipo, ya que los comisarios decidieron sustituir el modelo actual por Kenwood&#8221;, dice el Sr. Smutn\u00fd. Como estas radios no estaban disponibles en ning\u00fan lugar de Chequia, el distribuidor del equipo tuvo que comprar algunas en B\u00e9lgica y el resto en Canad\u00e1. Las antenas se adquirieron en Francia y las balizas se importaron de Italia. Adem\u00e1s, se ha modificado el aire acondicionado para que llegue m\u00e1s aire fr\u00edo a los asientos traseros.<\/p>\n<p><a href=\"https:\/\/d2p6e6u75xmxt8.cloudfront.net\/2\/2021\/06\/FM7B9025-scaled.jpg\"><img loading=\"lazy\" decoding=\"async\" class=\"alignnone size-large wp-image-7791\" src=\"https:\/\/d2p6e6u75xmxt8.cloudfront.net\/6\/2021\/06\/FM7B9025-scaled-1024x683.jpg\" alt=\"\u0160koda ENYAQ iV interior\" width=\"1024\" height=\"683\" srcset=\"https:\/\/d2p6e6u75xmxt8.cloudfront.net\/6\/2021\/06\/FM7B9025-scaled-1024x683.jpg 1024w, https:\/\/d2p6e6u75xmxt8.cloudfront.net\/6\/2021\/06\/FM7B9025-scaled-300x200.jpg 300w, https:\/\/d2p6e6u75xmxt8.cloudfront.net\/6\/2021\/06\/FM7B9025-scaled-768x512.jpg 768w, https:\/\/d2p6e6u75xmxt8.cloudfront.net\/6\/2021\/06\/FM7B9025-scaled-1536x1024.jpg 1536w, https:\/\/d2p6e6u75xmxt8.cloudfront.net\/6\/2021\/06\/FM7B9025-scaled-2048x1366.jpg 2048w, https:\/\/d2p6e6u75xmxt8.cloudfront.net\/6\/2021\/06\/FM7B9025-scaled-1920x1280.jpg 1920w, https:\/\/d2p6e6u75xmxt8.cloudfront.net\/6\/2021\/06\/FM7B9025-scaled-272x182.jpg 272w, https:\/\/d2p6e6u75xmxt8.cloudfront.net\/6\/2021\/06\/FM7B9025-scaled-1920x1280.jpg 1920w\" sizes=\"auto, (max-width: 1024px) 100vw, 1024px\" \/><\/a><\/p>\n<div id='gallery-3' class='gallery galleryid-7788 gallery-columns-2 gallery-size-large'><figure class='gallery-item'>\n\t\t\t<div class='gallery-icon landscape'>\n\t\t\t\t<a href='https:\/\/d2p6e6u75xmxt8.cloudfront.net\/6\/2021\/06\/FM7B8946.jpg'><img loading=\"lazy\" decoding=\"async\" width=\"1024\" height=\"683\" src=\"https:\/\/d2p6e6u75xmxt8.cloudfront.net\/6\/2021\/06\/FM7B8946-1024x683.jpg\" class=\"attachment-large size-large\" alt=\"\" srcset=\"https:\/\/d2p6e6u75xmxt8.cloudfront.net\/6\/2021\/06\/FM7B8946-1024x683.jpg 1024w, https:\/\/d2p6e6u75xmxt8.cloudfront.net\/6\/2021\/06\/FM7B8946-300x200.jpg 300w, https:\/\/d2p6e6u75xmxt8.cloudfront.net\/6\/2021\/06\/FM7B8946-768x512.jpg 768w, https:\/\/d2p6e6u75xmxt8.cloudfront.net\/6\/2021\/06\/FM7B8946-1536x1024.jpg 1536w, https:\/\/d2p6e6u75xmxt8.cloudfront.net\/6\/2021\/06\/FM7B8946-272x182.jpg 272w, https:\/\/d2p6e6u75xmxt8.cloudfront.net\/6\/2021\/06\/FM7B8946.jpg 1659w\" sizes=\"auto, (max-width: 1024px) 100vw, 1024px\" \/><\/a>\n\t\t\t<\/div><\/figure><figure class='gallery-item'>\n\t\t\t<div class='gallery-icon landscape'>\n\t\t\t\t<a href='https:\/\/d2p6e6u75xmxt8.cloudfront.net\/6\/2021\/06\/FM7B8958.jpg'><img loading=\"lazy\" decoding=\"async\" width=\"1024\" height=\"683\" src=\"https:\/\/d2p6e6u75xmxt8.cloudfront.net\/6\/2021\/06\/FM7B8958-1024x683.jpg\" class=\"attachment-large size-large\" alt=\"The car needs an additional radio.\" srcset=\"https:\/\/d2p6e6u75xmxt8.cloudfront.net\/6\/2021\/06\/FM7B8958-1024x683.jpg 1024w, https:\/\/d2p6e6u75xmxt8.cloudfront.net\/6\/2021\/06\/FM7B8958-300x200.jpg 300w, https:\/\/d2p6e6u75xmxt8.cloudfront.net\/6\/2021\/06\/FM7B8958-768x512.jpg 768w, https:\/\/d2p6e6u75xmxt8.cloudfront.net\/6\/2021\/06\/FM7B8958-1536x1024.jpg 1536w, https:\/\/d2p6e6u75xmxt8.cloudfront.net\/6\/2021\/06\/FM7B8958-272x182.jpg 272w, https:\/\/d2p6e6u75xmxt8.cloudfront.net\/6\/2021\/06\/FM7B8958.jpg 1914w\" sizes=\"auto, (max-width: 1024px) 100vw, 1024px\" \/><\/a>\n\t\t\t<\/div><\/figure>\n\t\t<\/div>\n\n<p>Tradicionalmente, la instalaci\u00f3n de un refrigerador entre los asientos traseros resultaba dif\u00edcil. La caja de refrigeraci\u00f3n se tapiz\u00f3 con el mismo cuero que cubre el resto del interior del coche. En el espacio entre los asientos traseros tambi\u00e9n hay un panel de control central hecho a medida, responsable del funcionamiento de todos los nuevos dispositivos. Esto incluye tambi\u00e9n tomas de corriente y cargadores: tanto USB como USB-C est\u00e1n disponibles para la tripulaci\u00f3n. El cambio exterior m\u00e1s significativo es la presencia de un portaestandarte publicitario montado en el cap\u00f3 delantero.<\/p>\n<p>Aunque parezca imposible en el momento de mi visita, los cuatro coches estar\u00e1n terminados en menos de cuatro d\u00edas. Todos los cables se conectar\u00e1n a las bater\u00edas y se ocultar\u00e1n tras el nuevo revestimiento. Incluso si se inspecciona de cerca, apenas se puede decir que las adaptaciones no vienen de f\u00e1brica, sino que han sido realizadas en un garaje relativamente peque\u00f1o por una empresa privada de personalizaci\u00f3n. Les deseamos buena suerte en su misi\u00f3n.<\/p>\n","protected":false},"excerpt":{"rendered":"<p>Tard\u00e9 casi una hora en llegar a la sede de \u0160koda en Mlad\u00e1 Boleslav y luego otra media hora deportiva [&hellip;]<\/p>\n","protected":false},"author":29,"featured_media":7793,"comment_status":"open","ping_status":"open","sticky":false,"template":"","format":"standard","meta":{"footnotes":""},"categories":[7],"tags":[1941],"global-categories":[],"class_list":["post-7788","post","type-post","status-publish","format-standard","has-post-thumbnail","hentry","category-carretera","tag-tour-2021"],"yoast_head":"<!-- This site is optimized with the Yoast SEO Premium plugin v25.3 (Yoast SEO v25.9) - https:\/\/yoast.com\/wordpress\/plugins\/seo\/ -->\n<title>C\u00f3mo se hace el ENYAQ iV Rojo del director del Tour de Francia<\/title>\n<meta name=\"description\" content=\"C\u00f3mo se hace el ENYAQ iV Rojo del director del Tour de Francia. La empresa que modifica los coches del Tour 2021.\" \/>\n<meta name=\"robots\" content=\"index, follow, max-snippet:-1, max-image-preview:large, max-video-preview:-1\" \/>\n<link rel=\"canonical\" href=\"https:\/\/www.welovecycling.com\/es\/2021\/07\/01\/enyaq-iv-rojo-director-tour-francia\/\" \/>\n<meta property=\"og:locale\" content=\"es_ES\" \/>\n<meta property=\"og:type\" content=\"article\" \/>\n<meta property=\"og:title\" content=\"C\u00f3mo se hace el ENYAQ iV Rojo del director del Tour de Francia\" \/>\n<meta property=\"og:description\" content=\"C\u00f3mo se hace el ENYAQ iV Rojo del director del Tour de Francia. La empresa que modifica los coches del Tour 2021.\" \/>\n<meta property=\"og:url\" content=\"https:\/\/www.welovecycling.com\/es\/2021\/07\/01\/enyaq-iv-rojo-director-tour-francia\/\" \/>\n<meta property=\"og:site_name\" content=\"\u0160koda We Love Cycling - Spain\" \/>\n<meta property=\"article:published_time\" content=\"2021-07-01T12:31:53+00:00\" \/>\n<meta property=\"og:image\" content=\"https:\/\/d2p6e6u75xmxt8.cloudfront.net\/6\/2021\/06\/ENYAQ-iV-CVR.jpg\" \/>\n\t<meta property=\"og:image:width\" content=\"1366\" \/>\n\t<meta property=\"og:image:height\" content=\"596\" \/>\n\t<meta property=\"og:image:type\" content=\"image\/jpeg\" \/>\n<meta name=\"author\" content=\"We Love Cycling Spain\" \/>\n<meta name=\"twitter:card\" content=\"summary_large_image\" \/>\n<meta name=\"twitter:title\" content=\"C\u00f3mo se hace el ENYAQ iV Rojo del director del Tour de Francia\" \/>\n<meta name=\"twitter:description\" content=\"C\u00f3mo se hace el ENYAQ iV Rojo del director del Tour de Francia. La empresa que modifica los coches del Tour 2021.\" \/>\n<meta name=\"twitter:label1\" content=\"Written by\" \/>\n\t<meta name=\"twitter:data1\" content=\"We Love Cycling\" \/>\n\t<meta name=\"twitter:label2\" content=\"Est. reading time\" \/>\n\t<meta name=\"twitter:data2\" content=\"6\" \/>\n<script type=\"application\/ld+json\" class=\"yoast-schema-graph\">{\"@context\":\"https:\/\/schema.org\",\"@graph\":[{\"@type\":\"WebPage\",\"@id\":\"https:\/\/www.welovecycling.com\/es\/2021\/07\/01\/enyaq-iv-rojo-director-tour-francia\/\",\"url\":\"https:\/\/www.welovecycling.com\/es\/2021\/07\/01\/enyaq-iv-rojo-director-tour-francia\/\",\"name\":\"C\u00f3mo se hace el ENYAQ iV Rojo del director del Tour de Francia\",\"isPartOf\":{\"@id\":\"https:\/\/www.welovecycling.com\/es\/#website\"},\"primaryImageOfPage\":{\"@id\":\"https:\/\/www.welovecycling.com\/es\/2021\/07\/01\/enyaq-iv-rojo-director-tour-francia\/#primaryimage\"},\"image\":{\"@id\":\"https:\/\/www.welovecycling.com\/es\/2021\/07\/01\/enyaq-iv-rojo-director-tour-francia\/#primaryimage\"},\"thumbnailUrl\":\"https:\/\/d2p6e6u75xmxt8.cloudfront.net\/6\/2021\/06\/ENYAQ-iV-CVR.jpg\",\"datePublished\":\"2021-07-01T12:31:53+00:00\",\"author\":{\"@id\":\"https:\/\/www.welovecycling.com\/es\/#\/schema\/person\/deb61715b5812698ee79fb96f343ccd4\"},\"description\":\"C\u00f3mo se hace el ENYAQ iV Rojo del director del Tour de Francia. La empresa que modifica los coches del Tour 2021.\",\"breadcrumb\":{\"@id\":\"https:\/\/www.welovecycling.com\/es\/2021\/07\/01\/enyaq-iv-rojo-director-tour-francia\/#breadcrumb\"},\"inLanguage\":\"es-ES\",\"potentialAction\":[{\"@type\":\"ReadAction\",\"target\":[\"https:\/\/www.welovecycling.com\/es\/2021\/07\/01\/enyaq-iv-rojo-director-tour-francia\/\"]}]},{\"@type\":\"ImageObject\",\"inLanguage\":\"es-ES\",\"@id\":\"https:\/\/www.welovecycling.com\/es\/2021\/07\/01\/enyaq-iv-rojo-director-tour-francia\/#primaryimage\",\"url\":\"https:\/\/d2p6e6u75xmxt8.cloudfront.net\/6\/2021\/06\/ENYAQ-iV-CVR.jpg\",\"contentUrl\":\"https:\/\/d2p6e6u75xmxt8.cloudfront.net\/6\/2021\/06\/ENYAQ-iV-CVR.jpg\",\"width\":1366,\"height\":596,\"caption\":\"\u0160koda ENYAQ iV\"},{\"@type\":\"BreadcrumbList\",\"@id\":\"https:\/\/www.welovecycling.com\/es\/2021\/07\/01\/enyaq-iv-rojo-director-tour-francia\/#breadcrumb\",\"itemListElement\":[{\"@type\":\"ListItem\",\"position\":1,\"name\":\"Home\",\"item\":\"https:\/\/www.welovecycling.com\/es\/\"},{\"@type\":\"ListItem\",\"position\":2,\"name\":\"C\u00f3mo se hace el ENYAQ iV Rojo del director del Tour de Francia\"}]},{\"@type\":\"WebSite\",\"@id\":\"https:\/\/www.welovecycling.com\/es\/#website\",\"url\":\"https:\/\/www.welovecycling.com\/es\/\",\"name\":\"\u0160koda We Love Cycling - Spain\",\"description\":\"\u0160koda WeLoveCycling Spain\",\"potentialAction\":[{\"@type\":\"SearchAction\",\"target\":{\"@type\":\"EntryPoint\",\"urlTemplate\":\"https:\/\/www.welovecycling.com\/es\/?s={search_term_string}\"},\"query-input\":{\"@type\":\"PropertyValueSpecification\",\"valueRequired\":true,\"valueName\":\"search_term_string\"}}],\"inLanguage\":\"es-ES\"},{\"@type\":\"Person\",\"@id\":\"https:\/\/www.welovecycling.com\/es\/#\/schema\/person\/deb61715b5812698ee79fb96f343ccd4\",\"name\":\"We Love Cycling Spain\",\"image\":{\"@type\":\"ImageObject\",\"inLanguage\":\"es-ES\",\"@id\":\"https:\/\/www.welovecycling.com\/es\/#\/schema\/person\/image\/\",\"url\":\"https:\/\/secure.gravatar.com\/avatar\/c824b04e6df0e37a03219d0b6481672889df542894588964102459e46513159c?s=96&d=mm&r=g\",\"contentUrl\":\"https:\/\/secure.gravatar.com\/avatar\/c824b04e6df0e37a03219d0b6481672889df542894588964102459e46513159c?s=96&d=mm&r=g\",\"caption\":\"We Love Cycling Spain\"},\"url\":\"https:\/\/www.welovecycling.com\/es\/author\/amunoz\/\"}]}<\/script>\n<!-- \/ Yoast SEO Premium plugin. -->","yoast_head_json":{"title":"C\u00f3mo se hace el ENYAQ iV Rojo del director del Tour de Francia","description":"C\u00f3mo se hace el ENYAQ iV Rojo del director del Tour de Francia. La empresa que modifica los coches del Tour 2021.","robots":{"index":"index","follow":"follow","max-snippet":"max-snippet:-1","max-image-preview":"max-image-preview:large","max-video-preview":"max-video-preview:-1"},"canonical":"https:\/\/www.welovecycling.com\/es\/2021\/07\/01\/enyaq-iv-rojo-director-tour-francia\/","og_locale":"es_ES","og_type":"article","og_title":"C\u00f3mo se hace el ENYAQ iV Rojo del director del Tour de Francia","og_description":"C\u00f3mo se hace el ENYAQ iV Rojo del director del Tour de Francia. La empresa que modifica los coches del Tour 2021.","og_url":"https:\/\/www.welovecycling.com\/es\/2021\/07\/01\/enyaq-iv-rojo-director-tour-francia\/","og_site_name":"\u0160koda We Love Cycling - Spain","article_published_time":"2021-07-01T12:31:53+00:00","og_image":[{"width":1366,"height":596,"url":"https:\/\/d2p6e6u75xmxt8.cloudfront.net\/6\/2021\/06\/ENYAQ-iV-CVR.jpg","type":"image\/jpeg"}],"author":"We Love Cycling Spain","twitter_card":"summary_large_image","twitter_title":"C\u00f3mo se hace el ENYAQ iV Rojo del director del Tour de Francia","twitter_description":"C\u00f3mo se hace el ENYAQ iV Rojo del director del Tour de Francia. La empresa que modifica los coches del Tour 2021.","twitter_misc":{"Written by":"We Love Cycling","Est. reading time":"6"},"schema":{"@context":"https:\/\/schema.org","@graph":[{"@type":"WebPage","@id":"https:\/\/www.welovecycling.com\/es\/2021\/07\/01\/enyaq-iv-rojo-director-tour-francia\/","url":"https:\/\/www.welovecycling.com\/es\/2021\/07\/01\/enyaq-iv-rojo-director-tour-francia\/","name":"C\u00f3mo se hace el ENYAQ iV Rojo del director del Tour de Francia","isPartOf":{"@id":"https:\/\/www.welovecycling.com\/es\/#website"},"primaryImageOfPage":{"@id":"https:\/\/www.welovecycling.com\/es\/2021\/07\/01\/enyaq-iv-rojo-director-tour-francia\/#primaryimage"},"image":{"@id":"https:\/\/www.welovecycling.com\/es\/2021\/07\/01\/enyaq-iv-rojo-director-tour-francia\/#primaryimage"},"thumbnailUrl":"https:\/\/d2p6e6u75xmxt8.cloudfront.net\/6\/2021\/06\/ENYAQ-iV-CVR.jpg","datePublished":"2021-07-01T12:31:53+00:00","author":{"@id":"https:\/\/www.welovecycling.com\/es\/#\/schema\/person\/deb61715b5812698ee79fb96f343ccd4"},"description":"C\u00f3mo se hace el ENYAQ iV Rojo del director del Tour de Francia. La empresa que modifica los coches del Tour 2021.","breadcrumb":{"@id":"https:\/\/www.welovecycling.com\/es\/2021\/07\/01\/enyaq-iv-rojo-director-tour-francia\/#breadcrumb"},"inLanguage":"es-ES","potentialAction":[{"@type":"ReadAction","target":["https:\/\/www.welovecycling.com\/es\/2021\/07\/01\/enyaq-iv-rojo-director-tour-francia\/"]}]},{"@type":"ImageObject","inLanguage":"es-ES","@id":"https:\/\/www.welovecycling.com\/es\/2021\/07\/01\/enyaq-iv-rojo-director-tour-francia\/#primaryimage","url":"https:\/\/d2p6e6u75xmxt8.cloudfront.net\/6\/2021\/06\/ENYAQ-iV-CVR.jpg","contentUrl":"https:\/\/d2p6e6u75xmxt8.cloudfront.net\/6\/2021\/06\/ENYAQ-iV-CVR.jpg","width":1366,"height":596,"caption":"\u0160koda ENYAQ iV"},{"@type":"BreadcrumbList","@id":"https:\/\/www.welovecycling.com\/es\/2021\/07\/01\/enyaq-iv-rojo-director-tour-francia\/#breadcrumb","itemListElement":[{"@type":"ListItem","position":1,"name":"Home","item":"https:\/\/www.welovecycling.com\/es\/"},{"@type":"ListItem","position":2,"name":"C\u00f3mo se hace el ENYAQ iV Rojo del director del Tour de Francia"}]},{"@type":"WebSite","@id":"https:\/\/www.welovecycling.com\/es\/#website","url":"https:\/\/www.welovecycling.com\/es\/","name":"\u0160koda We Love Cycling - Spain","description":"\u0160koda WeLoveCycling Spain","potentialAction":[{"@type":"SearchAction","target":{"@type":"EntryPoint","urlTemplate":"https:\/\/www.welovecycling.com\/es\/?s={search_term_string}"},"query-input":{"@type":"PropertyValueSpecification","valueRequired":true,"valueName":"search_term_string"}}],"inLanguage":"es-ES"},{"@type":"Person","@id":"https:\/\/www.welovecycling.com\/es\/#\/schema\/person\/deb61715b5812698ee79fb96f343ccd4","name":"We Love Cycling Spain","image":{"@type":"ImageObject","inLanguage":"es-ES","@id":"https:\/\/www.welovecycling.com\/es\/#\/schema\/person\/image\/","url":"https:\/\/secure.gravatar.com\/avatar\/c824b04e6df0e37a03219d0b6481672889df542894588964102459e46513159c?s=96&d=mm&r=g","contentUrl":"https:\/\/secure.gravatar.com\/avatar\/c824b04e6df0e37a03219d0b6481672889df542894588964102459e46513159c?s=96&d=mm&r=g","caption":"We Love Cycling Spain"},"url":"https:\/\/www.welovecycling.com\/es\/author\/amunoz\/"}]}},"_links":{"self":[{"href":"https:\/\/www.welovecycling.com\/es\/wp-json\/wp\/v2\/posts\/7788","targetHints":{"allow":["GET"]}}],"collection":[{"href":"https:\/\/www.welovecycling.com\/es\/wp-json\/wp\/v2\/posts"}],"about":[{"href":"https:\/\/www.welovecycling.com\/es\/wp-json\/wp\/v2\/types\/post"}],"author":[{"embeddable":true,"href":"https:\/\/www.welovecycling.com\/es\/wp-json\/wp\/v2\/users\/29"}],"replies":[{"embeddable":true,"href":"https:\/\/www.welovecycling.com\/es\/wp-json\/wp\/v2\/comments?post=7788"}],"version-history":[{"count":2,"href":"https:\/\/www.welovecycling.com\/es\/wp-json\/wp\/v2\/posts\/7788\/revisions"}],"predecessor-version":[{"id":7795,"href":"https:\/\/www.welovecycling.com\/es\/wp-json\/wp\/v2\/posts\/7788\/revisions\/7795"}],"wp:featuredmedia":[{"embeddable":true,"href":"https:\/\/www.welovecycling.com\/es\/wp-json\/wp\/v2\/media\/7793"}],"wp:attachment":[{"href":"https:\/\/www.welovecycling.com\/es\/wp-json\/wp\/v2\/media?parent=7788"}],"wp:term":[{"taxonomy":"category","embeddable":true,"href":"https:\/\/www.welovecycling.com\/es\/wp-json\/wp\/v2\/categories?post=7788"},{"taxonomy":"post_tag","embeddable":true,"href":"https:\/\/www.welovecycling.com\/es\/wp-json\/wp\/v2\/tags?post=7788"},{"taxonomy":"global-categories","embeddable":true,"href":"https:\/\/www.welovecycling.com\/es\/wp-json\/wp\/v2\/global-categories?post=7788"}],"curies":[{"name":"wp","href":"https:\/\/api.w.org\/{rel}","templated":true}]}}