{"id":7769,"date":"2021-07-03T19:58:10","date_gmt":"2021-07-03T17:58:10","guid":{"rendered":"https:\/\/www.welovecycling.com\/es\/?p=7769"},"modified":"2021-07-03T19:58:10","modified_gmt":"2021-07-03T17:58:10","slug":"coches-skoda-tour-de-francia","status":"publish","type":"post","link":"https:\/\/www.welovecycling.com\/es\/2021\/07\/03\/coches-skoda-tour-de-francia\/","title":{"rendered":"Los coches \u0160koda del Tour de Francia"},"content":{"rendered":"<p><strong>Si conoces la historia de \u0160koda sabr\u00e1s que ha estado inseparablemente ligada al ciclismo desde la fundaci\u00f3n de la empresa en 1895 como un peque\u00f1o taller de bicicletas llamado Laurin &amp; Klement. Hoy en d\u00eda, unos 250 veh\u00edculos con el distintivo de la flecha alada forman parte de la caravana del Tour de Francia. Esto ha sido as\u00ed desde 2004, cuando el fabricante de autom\u00f3viles se convirti\u00f3 en el socio oficial de veh\u00edculos de la carrera. Con cada corredor enfrent\u00e1ndose a casi 3.000 km en el sill\u00edn y el inmenso n\u00famero de visitantes anuales, una estructura de apoyo fuerte y \u00e1gil es esencial para el \u00e9xito de esta gran carrera. Los coches de \u0160koda representan una pieza importante en ese rompecabezas organizativo.<\/strong><\/p>\n<p><!--more--><\/p>\n<p><a href=\"https:\/\/www.letour.fr\/en\/\">La edici\u00f3n 2021 del Tour comenz\u00f3<\/a> el 26 de junio en Brest, en el noroeste de Francia, y termina, por supuesto, en los Campos El\u00edseos de Par\u00eds el 18 de julio. Es muy probable que, si lo est\u00e1 viendo, est\u00e9 a punto de presenciar un trozo de historia del ciclismo de carretera, ya que cada a\u00f1o se baten nuevos r\u00e9cords. Pero aunque la atenci\u00f3n se centra (con raz\u00f3n) en los ciclistas, el gran n\u00famero de personas y veh\u00edculos de apoyo, asistencia, equipo y tripulaci\u00f3n que participan es casi dif\u00edcil de comprender. Los coches de \u0160koda, en su mayor\u00eda modelos \u0160koda SUPERB, est\u00e1n tripulados por unos 300 conductores y 60 t\u00e9cnicos. Adem\u00e1s de proporcionar veh\u00edculos, el apoyo de \u0160koda al ciclismo se extiende al patrocinio de las clasificaciones por puntos del Maillot Verde del Tour desde 2015.<\/p>\n<p>Ahora, veamos los papeles espec\u00edficos que los coches de \u0160koda desempe\u00f1ar\u00e1n en este gran espect\u00e1culo itinerante en 2021, como ya hicieron varios a\u00f1os antes.<\/p>\n<h2><strong>El coche del director de carrera<\/strong><\/h2>\n<figure id=\"attachment_6588\" aria-describedby=\"caption-attachment-6588\" style=\"width: 1024px\" class=\"wp-caption alignnone\"><a href=\"https:\/\/d2p6e6u75xmxt8.cloudfront.net\/2\/2020\/09\/Enyaq-tdf-5.jpg\"><img loading=\"lazy\" decoding=\"async\" class=\"size-large wp-image-6588\" src=\"https:\/\/d2p6e6u75xmxt8.cloudfront.net\/6\/2020\/09\/Enyaq-tdf-5-1024x576.jpg\" alt=\"\u0160koda ENYAQ iV\" width=\"1024\" height=\"576\" srcset=\"https:\/\/d2p6e6u75xmxt8.cloudfront.net\/6\/2020\/09\/Enyaq-tdf-5-1024x576.jpg 1024w, https:\/\/d2p6e6u75xmxt8.cloudfront.net\/6\/2020\/09\/Enyaq-tdf-5-300x169.jpg 300w, https:\/\/d2p6e6u75xmxt8.cloudfront.net\/6\/2020\/09\/Enyaq-tdf-5-768x432.jpg 768w, https:\/\/d2p6e6u75xmxt8.cloudfront.net\/6\/2020\/09\/Enyaq-tdf-5.jpg 1458w\" sizes=\"auto, (max-width: 1024px) 100vw, 1024px\" \/><\/a><figcaption id=\"caption-attachment-6588\" class=\"wp-caption-text\">\u0160koda ENYAQ iV es el coche del director del Tour.<\/figcaption><\/figure>\n<p>&nbsp;<\/p>\n<p>Empecemos por la cima de la &#8220;jerarqu\u00eda&#8221; vehicular del Tour de Francia, ya que el llamativo coche rojo del director es probablemente el primero en el que te fijar\u00e1s cuando se lance y acompa\u00f1e en cada etapa. Cuando ves las calcoman\u00edas distintivas y el accesorio amarillo parecido a una gorra sobre el parabrisas en cualquier lugar cerca de la l\u00ednea de salida, contienes la respiraci\u00f3n mientras ves c\u00f3mo el techo de cristal panor\u00e1mico se desliza para permitir que el Sr. <a href=\"https:\/\/www.welovecycling.com\/wide\/2021\/02\/10\/christian-prudhomme-is-reasonably-optimistic-about-the-2021-racing-calendar\/\">Christian Prudhomme,<\/a> director de A.S.O. y del Tour, se ponga de pie en su coche y agite la bandera blanca en el &#8220;Kil\u00f3metro Cero&#8221;. Y a continuaci\u00f3n, se ponga en marcha la carrera.<\/p>\n<p>El<a href=\"https:\/\/www.skoda-auto.com\/models\/range\/superb-iv\"> \u0160koda SUPERB iV h\u00edbrido enchufable<\/a>, de color rojo terciopelo, debut\u00f3 como coche l\u00edder el a\u00f1o pasado y seguir\u00e1 acompa\u00f1ando al Sr. Prudhomme en 2021, ya que ha demostrado ser un compa\u00f1ero silencioso, eficiente y c\u00f3modo. En algunas etapas, cambiar\u00e1 de lugar con el recientemente presentado<a href=\"https:\/\/www.skoda-auto.com\/models\/range\/enyaq-iv\"> \u0160koda ENYAQ iV,<\/a> que tambi\u00e9n lleva la distintiva pintura roja, como ocurri\u00f3 el a\u00f1o pasado. Aunque los coches pueden parecerse a los t\u00edpicos \u0160koda por fuera, si se quitan todos los complementos y las seis antenas, el interior tambi\u00e9n es extraordinario, ya que ambos modelos se han ajustado ampliamente. En primer lugar, se observa un panel de control situado entre los asientos delanteros, que contiene una radio incorporada. El Sr. Prudhomme se sienta en la parte trasera y utiliza la radio para conectarse con sus comisarios de carrera en otros tres coches \u0160koda, y para comunicarse con cada uno de los coches del equipo para dar \u00f3rdenes, consejos y, si es necesario, el permiso para romper la fila. Adem\u00e1s de otros equipos de comunicaci\u00f3n hechos a medida, tambi\u00e9n hay una nevera para refrescos y soportes plegables para copas de champ\u00e1n para que el Sr. Prudhomme pueda agasajar a sus invitados VIP, como el presidente franc\u00e9s.<\/p>\n<p>https:\/\/www.youtube.com\/watch?time_continue=3&#038;v=KwOECbdUsOI&#038;feature=emb_title&#038;ab_channel=WeLoveCycling<\/p>\n<p>Citando una vez m\u00e1s al propio Sr. Prudhomme: &#8220;\u0160koda es un socio esencial para el Tour de Francia, as\u00ed como para las carreras que organizamos. Durante el Tour de Francia, el n\u00famero 1 rojo de \u0160koda es m\u00e1s que un coche, es una torre de control, una oficina y un amigo valioso y de confianza. Estamos encantados de ampliar esta cooperaci\u00f3n con un socio eficiente, fiable y din\u00e1mico.&#8221;<\/p>\n<p>Si quieres echar un vistazo al exclusivo interior del Red SUPERB iV, echa un vistazo a la <a href=\"https:\/\/www.welovecycling.com\/es\/2018\/07\/17\/red-superb-el-coche-del-director-del-tour\/\">experiencia exclusiva<\/a> de primera mano de uno de nuestros redactores del a\u00f1o pasado.<\/p>\n<h2><strong>Coche neutro<\/strong><\/h2>\n<p>Todos nos hemos acostumbrado a ver la asistencia con el alegre tono amarillo de los coches Mavic, y no es de extra\u00f1ar: debutaron en el Tour en 1977, pero este a\u00f1o ser\u00e1 diferente. El gigante japon\u00e9s de los componentes Shimano ha llegado a un acuerdo con A.S.O. para asumir la noble tarea de los coches de asistencia neutros. El color de toda la flota cambiar\u00e1 al azul el\u00e9ctrico, pero el modelo \u0160koda SUPERB iV se mantendr\u00e1.<\/p>\n<figure id=\"attachment_7776\" aria-describedby=\"caption-attachment-7776\" style=\"width: 1024px\" class=\"wp-caption alignnone\"><a href=\"https:\/\/d2p6e6u75xmxt8.cloudfront.net\/2\/2021\/06\/Shimano-neutral-vehicle-2.jpg\"><img loading=\"lazy\" decoding=\"async\" class=\"wp-image-7776 size-large\" src=\"https:\/\/d2p6e6u75xmxt8.cloudfront.net\/6\/2021\/06\/Shimano-neutral-vehicle-2-1024x683.jpg\" alt=\"Shimano neutral\" width=\"1024\" height=\"683\" srcset=\"https:\/\/d2p6e6u75xmxt8.cloudfront.net\/6\/2021\/06\/Shimano-neutral-vehicle-2-1024x683.jpg 1024w, https:\/\/d2p6e6u75xmxt8.cloudfront.net\/6\/2021\/06\/Shimano-neutral-vehicle-2-300x200.jpg 300w, https:\/\/d2p6e6u75xmxt8.cloudfront.net\/6\/2021\/06\/Shimano-neutral-vehicle-2-768x512.jpg 768w, https:\/\/d2p6e6u75xmxt8.cloudfront.net\/6\/2021\/06\/Shimano-neutral-vehicle-2-272x182.jpg 272w, https:\/\/d2p6e6u75xmxt8.cloudfront.net\/6\/2021\/06\/Shimano-neutral-vehicle-2.jpg 1063w\" sizes=\"auto, (max-width: 1024px) 100vw, 1024px\" \/><\/a><figcaption id=\"caption-attachment-7776\" class=\"wp-caption-text\">El coche neutro del Tour.<\/figcaption><\/figure>\n<p>Lo que no cambiar\u00e1, sin embargo, es el enfoque profesional y la disposici\u00f3n a ayudar a cualquier corredor con problemas. Los coches Mavic sol\u00edan llevar neum\u00e1ticos de repuesto, cadenas, bielas, bicicletas completas e incluso accesorios como chubasqueros, junto con un taller de bicicletas m\u00f3vil totalmente equipado y, naturalmente, un mec\u00e1nico en la parte trasera. No cabe duda de que Shimano garantizar\u00e1 todo eso y m\u00e1s. Como dicta la tradici\u00f3n y la previsi\u00f3n, un coche de apoyo siempre permanece cerca del coche l\u00edder de Christian Prudhomme con tres bicicletas especialmente ajustadas para los tres primeros contendientes de la clasificaci\u00f3n general, listas para salvar el d\u00eda si es necesario.<\/p>\n<p>Estamos seguros de que muchos recordar\u00e1n con cari\u00f1o los salvavidas amarillos porque han sido, a lo largo de los a\u00f1os, indispensables para el \u00e9xito y la seguridad de algunos grandes nombres como Jens Voigt y Rigoberto Ur\u00e1n. No obstante, la flota de color azul intenso de Shimano ser\u00e1 sin duda una digna sucesora.<\/p>\n<div class=\"embed-controller-wrapper\">\n<blockquote class=\"twitter-tweet\" data-width=\"500\" data-dnt=\"true\">\n<p lang=\"es\" dir=\"ltr\">\ud83c\uddea\ud83c\uddf8\ud83d\udee0 <a href=\"https:\/\/twitter.com\/shimanoes?ref_src=twsrc%5Etfw\">@shimanoes<\/a>, asistencia neutra en La Vuelta hasta 2024<\/p>\n<p>\ud83c\uddec\ud83c\udde7\ud83d\udee0 <a href=\"https:\/\/twitter.com\/ShimanoROAD?ref_src=twsrc%5Etfw\">@ShimanoROAD<\/a>, renews agreement with Unipublic for neutral assistance at La Vuelta until 2024<\/p>\n<p>&mdash; La Vuelta (@lavuelta) <a href=\"https:\/\/twitter.com\/lavuelta\/status\/1380430535307182080?ref_src=twsrc%5Etfw\">April 9, 2021<\/a><\/p><\/blockquote>\n<p><script async data-src=\"https:\/\/platform.twitter.com\/widgets.js\" charset=\"utf-8\"><\/script><\/div>\n<h2><strong>Coches de equipo<\/strong><\/h2>\n<p>Casi todos los coches del equipo son conducidos por un antiguo profesional del ciclismo o alguien con experiencia similar, y la raz\u00f3n es sencilla. No s\u00f3lo es necesario que los coches sigan de cerca el progreso de sus ciclistas, sino que cuando ocurre algo inesperado, como un accidente, el coche tiene que acelerar y pasar sin problemas por entre otros veh\u00edculos, motos, ciclistas y espectadores para llegar a los ciclistas afectados lo antes posible. Para ello, hay que conocer a fondo el Tour, el pelot\u00f3n y su ritmo.<\/p>\n<figure id=\"attachment_7780\" aria-describedby=\"caption-attachment-7780\" style=\"width: 1000px\" class=\"wp-caption alignnone\"><a href=\"https:\/\/d2p6e6u75xmxt8.cloudfront.net\/6\/2021\/06\/Medium-Trainingskamp-Alicante.jpg\"><img loading=\"lazy\" decoding=\"async\" class=\"wp-image-7780 size-full\" src=\"https:\/\/d2p6e6u75xmxt8.cloudfront.net\/6\/2021\/06\/Medium-Trainingskamp-Alicante.jpg\" alt=\"\u0160koda team car\" width=\"1000\" height=\"667\" srcset=\"https:\/\/d2p6e6u75xmxt8.cloudfront.net\/6\/2021\/06\/Medium-Trainingskamp-Alicante.jpg 1000w, https:\/\/d2p6e6u75xmxt8.cloudfront.net\/6\/2021\/06\/Medium-Trainingskamp-Alicante-300x200.jpg 300w, https:\/\/d2p6e6u75xmxt8.cloudfront.net\/6\/2021\/06\/Medium-Trainingskamp-Alicante-768x512.jpg 768w, https:\/\/d2p6e6u75xmxt8.cloudfront.net\/6\/2021\/06\/Medium-Trainingskamp-Alicante-272x182.jpg 272w\" sizes=\"auto, (max-width: 1000px) 100vw, 1000px\" \/><\/a><figcaption id=\"caption-attachment-7780\" class=\"wp-caption-text\">Los coches de equipo son irremplazables<\/figcaption><\/figure>\n<p>Adem\u00e1s, el orden de conducci\u00f3n de los coches de equipo -en su mayor\u00eda modelos <a href=\"https:\/\/www.skoda-auto.com\/models\/range\/octavia\">\u0160koda OCTAVIA<\/a> y \u0160koda SUPERB- est\u00e1 sujeto a un estricto orden basado en la clasificaci\u00f3n del corredor principal del equipo, que se actualiza antes de cada etapa. Cuanto mejor le vaya a tu equipo en cuanto a puntos, m\u00e1s cerca estar\u00e1 tu coche de equipo de la cabeza del pelot\u00f3n, lo que significa una distancia m\u00e1s corta y menos segundos perdidos al alcanzar a tus corredores. Y los segundos a menudo significan la victoria en el Tour. Como se ha mencionado, la \u00fanica autoridad que puede permitir que los coches de equipo rompan filas es Christian Prudhomme a trav\u00e9s de la radio bidireccional de su coche l\u00edder. Todos los coches de equipo tienen una l\u00ednea de comunicaci\u00f3n directa con \u00e9l. Sin esta confianza mutua, el apoyo y las r\u00e1pidas evaluaciones del Sr. Prudhomme de cualquier situaci\u00f3n, el extenso espect\u00e1culo que es el Tour de Francia ser\u00eda mucho m\u00e1s ca\u00f3tico.<\/p>\n<p>Y si los OCTAVIA y SUPERB del equipo no pueden asistir a sus corredores a tiempo, los coches de apoyo neutral de Shimano est\u00e1n siempre listos.<\/p>\n<h2><strong>Los coches VIP \u0160koda del programa de hospitalidad del Tour de Francia<\/strong><\/h2>\n<p>Los ganadores del Programa de Hospitalidad de \u0160koda tendr\u00e1n la oportunidad de pasear en el \u0160koda SUPERB iV.<\/p>\n<figure id=\"attachment_6564\" aria-describedby=\"caption-attachment-6564\" style=\"width: 1024px\" class=\"wp-caption alignnone\"><a href=\"https:\/\/d2p6e6u75xmxt8.cloudfront.net\/2\/2020\/08\/SKODA-SUPERB-iV-7.jpg\"><img loading=\"lazy\" decoding=\"async\" class=\"size-large wp-image-6564\" src=\"https:\/\/d2p6e6u75xmxt8.cloudfront.net\/6\/2020\/08\/SKODA-SUPERB-iV-7-1024x683.jpg\" alt=\"\u0160koda SUPERB iV\" width=\"1024\" height=\"683\" srcset=\"https:\/\/d2p6e6u75xmxt8.cloudfront.net\/6\/2020\/08\/SKODA-SUPERB-iV-7-1024x683.jpg 1024w, https:\/\/d2p6e6u75xmxt8.cloudfront.net\/6\/2020\/08\/SKODA-SUPERB-iV-7-300x200.jpg 300w, https:\/\/d2p6e6u75xmxt8.cloudfront.net\/6\/2020\/08\/SKODA-SUPERB-iV-7-768x512.jpg 768w, https:\/\/d2p6e6u75xmxt8.cloudfront.net\/6\/2020\/08\/SKODA-SUPERB-iV-7-272x182.jpg 272w, https:\/\/d2p6e6u75xmxt8.cloudfront.net\/6\/2020\/08\/SKODA-SUPERB-iV-7.jpg 1250w\" sizes=\"auto, (max-width: 1024px) 100vw, 1024px\" \/><\/a><figcaption id=\"caption-attachment-6564\" class=\"wp-caption-text\">Los ganadores del Programa de Hospitalidad de \u0160koda tendr\u00e1n la oportunidad de pasear en el \u0160koda SUPERB iV.<\/figcaption><\/figure>\n<p>Puede que sean una peque\u00f1a parte de la flota de veh\u00edculos del Tour, pero lo son todo para los ganadores del Programa de Hospitalidad VIP de \u0160koda. Por supuesto, nos referimos a los \u0160koda ENYAQ iV y a los \u0160koda SUPERB iV que les hacen de ch\u00f3fer para vivir una experiencia \u00fanica en la vida. Los afortunados que ganen nuestro concurso anual disfrutar\u00e1n de tres d\u00edas de proximidad a la &#8220;Madre de todas las carreras ciclistas&#8221;, con todos los gastos pagados, incluyendo un paseo en coche delante del pelot\u00f3n y un sobrevuelo en helic\u00f3ptero sobre los ciclistas y el impresionante paisaje franc\u00e9s. Los coches designados tienen incluso calcoman\u00edas con los nombres de los ganadores.<\/p>\n<p>Despu\u00e9s de un Tour virtual y uno con restricciones el a\u00f1o pasado, 2021 est\u00e1 preparado para traer de vuelta el Tour de Francia que todos recordamos: el hermoso circo lleno de sudor, garra, determinaci\u00f3n y alegr\u00eda. As\u00ed que, tanto si lo ve desde la barrera como si lo hace desde su casa frente a la pantalla, no deje de contemplar todo el esfuerzo y la inmensa dedicaci\u00f3n de las mujeres, los hombres y los veh\u00edculos que se encuentran entre bastidores.<\/p>\n","protected":false},"excerpt":{"rendered":"<p>Si conoces la historia de \u0160koda sabr\u00e1s que ha estado inseparablemente ligada al ciclismo desde la fundaci\u00f3n de la empresa [&hellip;]<\/p>\n","protected":false},"author":29,"featured_media":7785,"comment_status":"open","ping_status":"open","sticky":false,"template":"","format":"standard","meta":{"footnotes":""},"categories":[7],"tags":[1941,2123],"global-categories":[],"class_list":["post-7769","post","type-post","status-publish","format-standard","has-post-thumbnail","hentry","category-carretera","tag-tour-2021","tag-tour-france-2021"],"yoast_head":"<!-- This site is optimized with the Yoast SEO Premium plugin v25.3 (Yoast SEO v25.9) - https:\/\/yoast.com\/wordpress\/plugins\/seo\/ -->\n<title>Los coches \u0160koda del Tour de Francia - \u0160koda We Love Cycling - Spain<\/title>\n<meta name=\"description\" content=\"Los coches \u0160koda del Tour de Francia. Todos los coches que forman parte de la caravana del Tour de Francia 2021\" \/>\n<meta name=\"robots\" content=\"index, follow, max-snippet:-1, max-image-preview:large, max-video-preview:-1\" \/>\n<link rel=\"canonical\" href=\"https:\/\/www.welovecycling.com\/es\/2021\/07\/03\/coches-skoda-tour-de-francia\/\" \/>\n<meta property=\"og:locale\" content=\"es_ES\" \/>\n<meta property=\"og:type\" content=\"article\" \/>\n<meta property=\"og:title\" content=\"Los coches \u0160koda del Tour de Francia\" \/>\n<meta property=\"og:description\" content=\"Los coches \u0160koda del Tour de Francia. Todos los coches que forman parte de la caravana del Tour de Francia 2021\" \/>\n<meta property=\"og:url\" content=\"https:\/\/www.welovecycling.com\/es\/2021\/07\/03\/coches-skoda-tour-de-francia\/\" \/>\n<meta property=\"og:site_name\" content=\"\u0160koda We Love Cycling - Spain\" \/>\n<meta property=\"article:published_time\" content=\"2021-07-03T17:58:10+00:00\" \/>\n<meta property=\"og:image\" content=\"https:\/\/d2p6e6u75xmxt8.cloudfront.net\/6\/2021\/06\/Tour-de-France-SUPERB-profimedia-0558309229-CVR.jpg\" \/>\n\t<meta property=\"og:image:width\" content=\"1366\" \/>\n\t<meta property=\"og:image:height\" content=\"596\" \/>\n\t<meta property=\"og:image:type\" content=\"image\/jpeg\" \/>\n<meta name=\"author\" content=\"We Love Cycling Spain\" \/>\n<meta name=\"twitter:card\" content=\"summary_large_image\" \/>\n<meta name=\"twitter:title\" content=\"Los coches \u0160koda del Tour de Francia\" \/>\n<meta name=\"twitter:description\" content=\"Los coches \u0160koda del Tour de Francia. Todos los coches que forman parte de la caravana del Tour de Francia 2021\" \/>\n<meta name=\"twitter:label1\" content=\"Written by\" \/>\n\t<meta name=\"twitter:data1\" content=\"We Love Cycling\" \/>\n\t<meta name=\"twitter:label2\" content=\"Est. reading time\" \/>\n\t<meta name=\"twitter:data2\" content=\"6\" \/>\n<script type=\"application\/ld+json\" class=\"yoast-schema-graph\">{\"@context\":\"https:\/\/schema.org\",\"@graph\":[{\"@type\":\"WebPage\",\"@id\":\"https:\/\/www.welovecycling.com\/es\/2021\/07\/03\/coches-skoda-tour-de-francia\/\",\"url\":\"https:\/\/www.welovecycling.com\/es\/2021\/07\/03\/coches-skoda-tour-de-francia\/\",\"name\":\"Los coches \u0160koda del Tour de Francia - \u0160koda We Love Cycling - Spain\",\"isPartOf\":{\"@id\":\"https:\/\/www.welovecycling.com\/es\/#website\"},\"primaryImageOfPage\":{\"@id\":\"https:\/\/www.welovecycling.com\/es\/2021\/07\/03\/coches-skoda-tour-de-francia\/#primaryimage\"},\"image\":{\"@id\":\"https:\/\/www.welovecycling.com\/es\/2021\/07\/03\/coches-skoda-tour-de-francia\/#primaryimage\"},\"thumbnailUrl\":\"https:\/\/d2p6e6u75xmxt8.cloudfront.net\/6\/2021\/06\/Tour-de-France-SUPERB-profimedia-0558309229-CVR.jpg\",\"datePublished\":\"2021-07-03T17:58:10+00:00\",\"author\":{\"@id\":\"https:\/\/www.welovecycling.com\/es\/#\/schema\/person\/deb61715b5812698ee79fb96f343ccd4\"},\"description\":\"Los coches \u0160koda del Tour de Francia. Todos los coches que forman parte de la caravana del Tour de Francia 2021\",\"breadcrumb\":{\"@id\":\"https:\/\/www.welovecycling.com\/es\/2021\/07\/03\/coches-skoda-tour-de-francia\/#breadcrumb\"},\"inLanguage\":\"es-ES\",\"potentialAction\":[{\"@type\":\"ReadAction\",\"target\":[\"https:\/\/www.welovecycling.com\/es\/2021\/07\/03\/coches-skoda-tour-de-francia\/\"]}]},{\"@type\":\"ImageObject\",\"inLanguage\":\"es-ES\",\"@id\":\"https:\/\/www.welovecycling.com\/es\/2021\/07\/03\/coches-skoda-tour-de-francia\/#primaryimage\",\"url\":\"https:\/\/d2p6e6u75xmxt8.cloudfront.net\/6\/2021\/06\/Tour-de-France-SUPERB-profimedia-0558309229-CVR.jpg\",\"contentUrl\":\"https:\/\/d2p6e6u75xmxt8.cloudfront.net\/6\/2021\/06\/Tour-de-France-SUPERB-profimedia-0558309229-CVR.jpg\",\"width\":1366,\"height\":596,\"caption\":\"Tour de France\"},{\"@type\":\"BreadcrumbList\",\"@id\":\"https:\/\/www.welovecycling.com\/es\/2021\/07\/03\/coches-skoda-tour-de-francia\/#breadcrumb\",\"itemListElement\":[{\"@type\":\"ListItem\",\"position\":1,\"name\":\"Home\",\"item\":\"https:\/\/www.welovecycling.com\/es\/\"},{\"@type\":\"ListItem\",\"position\":2,\"name\":\"Los coches \u0160koda del Tour de Francia\"}]},{\"@type\":\"WebSite\",\"@id\":\"https:\/\/www.welovecycling.com\/es\/#website\",\"url\":\"https:\/\/www.welovecycling.com\/es\/\",\"name\":\"\u0160koda We Love Cycling - Spain\",\"description\":\"\u0160koda WeLoveCycling Spain\",\"potentialAction\":[{\"@type\":\"SearchAction\",\"target\":{\"@type\":\"EntryPoint\",\"urlTemplate\":\"https:\/\/www.welovecycling.com\/es\/?s={search_term_string}\"},\"query-input\":{\"@type\":\"PropertyValueSpecification\",\"valueRequired\":true,\"valueName\":\"search_term_string\"}}],\"inLanguage\":\"es-ES\"},{\"@type\":\"Person\",\"@id\":\"https:\/\/www.welovecycling.com\/es\/#\/schema\/person\/deb61715b5812698ee79fb96f343ccd4\",\"name\":\"We Love Cycling Spain\",\"image\":{\"@type\":\"ImageObject\",\"inLanguage\":\"es-ES\",\"@id\":\"https:\/\/www.welovecycling.com\/es\/#\/schema\/person\/image\/\",\"url\":\"https:\/\/secure.gravatar.com\/avatar\/c824b04e6df0e37a03219d0b6481672889df542894588964102459e46513159c?s=96&d=mm&r=g\",\"contentUrl\":\"https:\/\/secure.gravatar.com\/avatar\/c824b04e6df0e37a03219d0b6481672889df542894588964102459e46513159c?s=96&d=mm&r=g\",\"caption\":\"We Love Cycling Spain\"},\"url\":\"https:\/\/www.welovecycling.com\/es\/author\/amunoz\/\"}]}<\/script>\n<!-- \/ Yoast SEO Premium plugin. -->","yoast_head_json":{"title":"Los coches \u0160koda del Tour de Francia - \u0160koda We Love Cycling - Spain","description":"Los coches \u0160koda del Tour de Francia. Todos los coches que forman parte de la caravana del Tour de Francia 2021","robots":{"index":"index","follow":"follow","max-snippet":"max-snippet:-1","max-image-preview":"max-image-preview:large","max-video-preview":"max-video-preview:-1"},"canonical":"https:\/\/www.welovecycling.com\/es\/2021\/07\/03\/coches-skoda-tour-de-francia\/","og_locale":"es_ES","og_type":"article","og_title":"Los coches \u0160koda del Tour de Francia","og_description":"Los coches \u0160koda del Tour de Francia. Todos los coches que forman parte de la caravana del Tour de Francia 2021","og_url":"https:\/\/www.welovecycling.com\/es\/2021\/07\/03\/coches-skoda-tour-de-francia\/","og_site_name":"\u0160koda We Love Cycling - Spain","article_published_time":"2021-07-03T17:58:10+00:00","og_image":[{"width":1366,"height":596,"url":"https:\/\/d2p6e6u75xmxt8.cloudfront.net\/6\/2021\/06\/Tour-de-France-SUPERB-profimedia-0558309229-CVR.jpg","type":"image\/jpeg"}],"author":"We Love Cycling Spain","twitter_card":"summary_large_image","twitter_title":"Los coches \u0160koda del Tour de Francia","twitter_description":"Los coches \u0160koda del Tour de Francia. Todos los coches que forman parte de la caravana del Tour de Francia 2021","twitter_misc":{"Written by":"We Love Cycling","Est. reading time":"6"},"schema":{"@context":"https:\/\/schema.org","@graph":[{"@type":"WebPage","@id":"https:\/\/www.welovecycling.com\/es\/2021\/07\/03\/coches-skoda-tour-de-francia\/","url":"https:\/\/www.welovecycling.com\/es\/2021\/07\/03\/coches-skoda-tour-de-francia\/","name":"Los coches \u0160koda del Tour de Francia - \u0160koda We Love Cycling - Spain","isPartOf":{"@id":"https:\/\/www.welovecycling.com\/es\/#website"},"primaryImageOfPage":{"@id":"https:\/\/www.welovecycling.com\/es\/2021\/07\/03\/coches-skoda-tour-de-francia\/#primaryimage"},"image":{"@id":"https:\/\/www.welovecycling.com\/es\/2021\/07\/03\/coches-skoda-tour-de-francia\/#primaryimage"},"thumbnailUrl":"https:\/\/d2p6e6u75xmxt8.cloudfront.net\/6\/2021\/06\/Tour-de-France-SUPERB-profimedia-0558309229-CVR.jpg","datePublished":"2021-07-03T17:58:10+00:00","author":{"@id":"https:\/\/www.welovecycling.com\/es\/#\/schema\/person\/deb61715b5812698ee79fb96f343ccd4"},"description":"Los coches \u0160koda del Tour de Francia. Todos los coches que forman parte de la caravana del Tour de Francia 2021","breadcrumb":{"@id":"https:\/\/www.welovecycling.com\/es\/2021\/07\/03\/coches-skoda-tour-de-francia\/#breadcrumb"},"inLanguage":"es-ES","potentialAction":[{"@type":"ReadAction","target":["https:\/\/www.welovecycling.com\/es\/2021\/07\/03\/coches-skoda-tour-de-francia\/"]}]},{"@type":"ImageObject","inLanguage":"es-ES","@id":"https:\/\/www.welovecycling.com\/es\/2021\/07\/03\/coches-skoda-tour-de-francia\/#primaryimage","url":"https:\/\/d2p6e6u75xmxt8.cloudfront.net\/6\/2021\/06\/Tour-de-France-SUPERB-profimedia-0558309229-CVR.jpg","contentUrl":"https:\/\/d2p6e6u75xmxt8.cloudfront.net\/6\/2021\/06\/Tour-de-France-SUPERB-profimedia-0558309229-CVR.jpg","width":1366,"height":596,"caption":"Tour de France"},{"@type":"BreadcrumbList","@id":"https:\/\/www.welovecycling.com\/es\/2021\/07\/03\/coches-skoda-tour-de-francia\/#breadcrumb","itemListElement":[{"@type":"ListItem","position":1,"name":"Home","item":"https:\/\/www.welovecycling.com\/es\/"},{"@type":"ListItem","position":2,"name":"Los coches \u0160koda del Tour de Francia"}]},{"@type":"WebSite","@id":"https:\/\/www.welovecycling.com\/es\/#website","url":"https:\/\/www.welovecycling.com\/es\/","name":"\u0160koda We Love Cycling - Spain","description":"\u0160koda WeLoveCycling Spain","potentialAction":[{"@type":"SearchAction","target":{"@type":"EntryPoint","urlTemplate":"https:\/\/www.welovecycling.com\/es\/?s={search_term_string}"},"query-input":{"@type":"PropertyValueSpecification","valueRequired":true,"valueName":"search_term_string"}}],"inLanguage":"es-ES"},{"@type":"Person","@id":"https:\/\/www.welovecycling.com\/es\/#\/schema\/person\/deb61715b5812698ee79fb96f343ccd4","name":"We Love Cycling Spain","image":{"@type":"ImageObject","inLanguage":"es-ES","@id":"https:\/\/www.welovecycling.com\/es\/#\/schema\/person\/image\/","url":"https:\/\/secure.gravatar.com\/avatar\/c824b04e6df0e37a03219d0b6481672889df542894588964102459e46513159c?s=96&d=mm&r=g","contentUrl":"https:\/\/secure.gravatar.com\/avatar\/c824b04e6df0e37a03219d0b6481672889df542894588964102459e46513159c?s=96&d=mm&r=g","caption":"We Love Cycling Spain"},"url":"https:\/\/www.welovecycling.com\/es\/author\/amunoz\/"}]}},"_links":{"self":[{"href":"https:\/\/www.welovecycling.com\/es\/wp-json\/wp\/v2\/posts\/7769","targetHints":{"allow":["GET"]}}],"collection":[{"href":"https:\/\/www.welovecycling.com\/es\/wp-json\/wp\/v2\/posts"}],"about":[{"href":"https:\/\/www.welovecycling.com\/es\/wp-json\/wp\/v2\/types\/post"}],"author":[{"embeddable":true,"href":"https:\/\/www.welovecycling.com\/es\/wp-json\/wp\/v2\/users\/29"}],"replies":[{"embeddable":true,"href":"https:\/\/www.welovecycling.com\/es\/wp-json\/wp\/v2\/comments?post=7769"}],"version-history":[{"count":2,"href":"https:\/\/www.welovecycling.com\/es\/wp-json\/wp\/v2\/posts\/7769\/revisions"}],"predecessor-version":[{"id":7801,"href":"https:\/\/www.welovecycling.com\/es\/wp-json\/wp\/v2\/posts\/7769\/revisions\/7801"}],"wp:featuredmedia":[{"embeddable":true,"href":"https:\/\/www.welovecycling.com\/es\/wp-json\/wp\/v2\/media\/7785"}],"wp:attachment":[{"href":"https:\/\/www.welovecycling.com\/es\/wp-json\/wp\/v2\/media?parent=7769"}],"wp:term":[{"taxonomy":"category","embeddable":true,"href":"https:\/\/www.welovecycling.com\/es\/wp-json\/wp\/v2\/categories?post=7769"},{"taxonomy":"post_tag","embeddable":true,"href":"https:\/\/www.welovecycling.com\/es\/wp-json\/wp\/v2\/tags?post=7769"},{"taxonomy":"global-categories","embeddable":true,"href":"https:\/\/www.welovecycling.com\/es\/wp-json\/wp\/v2\/global-categories?post=7769"}],"curies":[{"name":"wp","href":"https:\/\/api.w.org\/{rel}","templated":true}]}}