{"id":7760,"date":"2021-06-28T11:46:58","date_gmt":"2021-06-28T09:46:58","guid":{"rendered":"https:\/\/www.welovecycling.com\/es\/?p=7760"},"modified":"2021-06-27T07:59:38","modified_gmt":"2021-06-27T05:59:38","slug":"programa-vip-tour-francia","status":"publish","type":"post","link":"https:\/\/www.welovecycling.com\/es\/2021\/06\/28\/programa-vip-tour-francia\/","title":{"rendered":"As\u00ed es vivir el programa VIP \u0160koda del Tour de Francia"},"content":{"rendered":"<p><strong>\u00bfGana grandes premios con \u0160koda? Bueno, por qu\u00e9 no. Al fin y al cabo soy un aficionado al Tour de Francia. Pas\u00e9 a leer la primera pregunta del concurso We Love Cycling y r\u00e1pidamente descubr\u00ed que no dominaba las ediciones de los a\u00f1os 70 de Le Tour como cre\u00eda.<\/strong><\/p>\n<p><!--more--><\/p>\n<p>Pero despu\u00e9s de unas cuantas b\u00fasquedas en Google y unos cuantos conocimientos nuevos complet\u00e9 el concurso. Luego segu\u00ed adelante y me olvid\u00e9 de \u00e9l. Menuda sorpresa me llev\u00e9 entonces, cuando lleg\u00f3 el correo electr\u00f3nico. <strong>EL CORREO ELECTR\u00d3NICO<\/strong>. &#8220;\u00a1Acabas de ganar una plaza en el<a href=\"https:\/\/www.welovecycling.com\/es\/2019\/07\/12\/pase-vip-tour-de-francia-skoda\/\"> Programa VIP <\/a><a href=\"https:\/\/www.welovecycling.com\/es\/2019\/07\/12\/pase-vip-tour-de-francia-skoda\/\">\u0160koda<\/a><a href=\"https:\/\/www.welovecycling.com\/es\/2019\/07\/12\/pase-vip-tour-de-francia-skoda\/\"> del Tour de Francia !<\/a>&#8221; \u00a1\u00bfQu\u00e9 he hecho?! Grit\u00e9 y casi se me cae encima el caf\u00e9 preparado con precisi\u00f3n quir\u00fargica (3 mg de cafe\u00edna por kg es lo que hago. \u00bfY t\u00fa?)<\/p>\n<p>&nbsp;<\/p>\n<lite-youtube videoid=S1hmT3nvZcM params=\"enablejsapi=1\" style=\"background-image: url('https:\/\/i.ytimg.com\/vi_webp\/S1hmT3nvZcM\/maxresdefault.webp');\"><\/lite-youtube>\n<p>Segu\u00ed leyendo algunos art\u00edculos de la p\u00e1gina web para ver a qu\u00e9 me iba a enfrentar. \u00bfHotel de lujo? \u00bfPase para el backstage? \u00bfUn helic\u00f3ptero? Empec\u00e9 a pasearme por el sal\u00f3n de mi casa y no pude reprimir el entusiasmo. Cambi\u00e9 mi camiseta por un maillot y me fui a trabajar montando en mi Colnago vintage ese d\u00eda. Mis compa\u00f1eros tambi\u00e9n estaban entusiasmados, y m\u00e1s a\u00fan despu\u00e9s de convencerme de que me duchara. Luego intercambi\u00e9 unos cuantos correos electr\u00f3nicos con la encantadora gente de We Love Cycling. Organizaron los hoteles y los billetes de avi\u00f3n, y empez\u00f3 la cuenta atr\u00e1s de mi programa vip del Tour de Francia.<\/p>\n<p>Despu\u00e9s de aterrizar en Francia, un joven y simp\u00e1tico caballero me recogi\u00f3 y hablamos del Tour y de c\u00f3mo estaba en camino de convertirse en piloto de helic\u00f3ptero. Quiz\u00e1 alg\u00fan d\u00eda te lleve sobre el pelot\u00f3n. Cuando llegamos al hotel, la gente del programa de hospitalidad me estaba esperando y fue muy amable. Recib\u00ed una bolsa de golosinas y un <a href=\"https:\/\/www.welovecycling.com\/es\/2020\/09\/06\/maillot-verde-skoda-tour-sagan\/\">maillot verde de \u0160koda con mi nombre<\/a>. Luego lleg\u00f3 la cena. Conoc\u00ed a los dem\u00e1s ganadores del concurso y a nuestros conductores VIP que nos iban a llevar durante el programa. Todos ellos eran ex profesionales, todos ellos habladores y dispuestos a responder a cualquier pregunta. Me enter\u00e9 de la existencia de Early Bird, el paseo matutino con todos los ex profesionales, incluido el ganador del Tour de Francia, <a href=\"https:\/\/www.welovecycling.com\/es\/2020\/06\/12\/andy-schleck\/\">Andy Schleck<\/a>. Nos fuimos a dormir muy emocionados por el d\u00eda que nos esperaba.<\/p>\n<figure id=\"attachment_6560\" aria-describedby=\"caption-attachment-6560\" style=\"width: 1024px\" class=\"wp-caption alignnone\"><a href=\"https:\/\/d2p6e6u75xmxt8.cloudfront.net\/6\/2020\/08\/IMG_0906-1024x575-1.jpg\"><img loading=\"lazy\" decoding=\"async\" class=\"wp-image-6560 size-full\" src=\"https:\/\/d2p6e6u75xmxt8.cloudfront.net\/6\/2020\/08\/IMG_0906-1024x575-1.jpg\" alt=\"Helicopter flight\" width=\"1024\" height=\"575\" srcset=\"https:\/\/d2p6e6u75xmxt8.cloudfront.net\/6\/2020\/08\/IMG_0906-1024x575-1.jpg 1024w, https:\/\/d2p6e6u75xmxt8.cloudfront.net\/6\/2020\/08\/IMG_0906-1024x575-1-300x168.jpg 300w, https:\/\/d2p6e6u75xmxt8.cloudfront.net\/6\/2020\/08\/IMG_0906-1024x575-1-768x431.jpg 768w\" sizes=\"auto, (max-width: 1024px) 100vw, 1024px\" \/><\/a><figcaption id=\"caption-attachment-6560\" class=\"wp-caption-text\">Viendo el Tour desde el helic\u00f3ptero.<\/figcaption><\/figure>\n<p>&nbsp;<\/p>\n<p>El recorrido de la ma\u00f1ana fue espl\u00e9ndido. Los ex profesionales incluso escucharon las historias de mi viaje en Colnago al trabajo y no se limitaron a dejarme tirado. Las bicicletas de carbono \u0160koda que montamos tambi\u00e9n eran geniales. Nunca las hab\u00eda visto.<\/p>\n<p>Despu\u00e9s de desayunar era hora de salir para el inicio de la etapa. Los \u0160koda SUPERB iV nos esperaban con nuestros nombres grabados en la parte trasera. Eso nos hizo sentir como verdaderos VIPs. Como todo esto ocurri\u00f3 antes de la pandemia de Covid, pudimos disfrutar de la zona VIP en la l\u00ednea de salida e incluso pasear por los autobuses del equipo. Nuestros conductores conoc\u00edan a la mayor\u00eda de los corredores, as\u00ed que los profesionales estaban encantados de pararse un momento a charlar. Fue sin duda uno de los mejores momentos de todo el viaje.<\/p>\n<p>https:\/\/www.youtube.com\/watch?v=KwOECbdUsOI&#038;t=1s&#038;ab_channel=WeLoveCycling<\/p>\n<p>&nbsp;<\/p>\n<p>A continuaci\u00f3n, nos llevaron por la ruta y nos dieron champ\u00e1n para ver pasar al pelot\u00f3n. A medida que los ciclistas pasaban, los helic\u00f3pteros empezaron a aterrizar y en pocos minutos subimos a bordo. <strong>Ver el pelot\u00f3n desde el aire y contemplar la hermosa campi\u00f1a francesa fue indescriptible<\/strong>. Despu\u00e9s de aterrizar, nos apresuramos a ponernos delante del pelot\u00f3n y disfrutamos de un agradable picnic junto a la carretera con una comida maravillosa. A continuaci\u00f3n, el \u0160koda SUPERB iV nos condujo hacia la l\u00ednea de meta. Fuimos saludados y animados por todos los aficionados que se alineaban alrededor de la ruta. En la meta, una vez m\u00e1s, nos dieron una copa de champ\u00e1n y vimos el sprint final. Exhaustos y llenos de alegr\u00eda, finalmente nos dirigimos al hotel para disfrutar de una gran cena y compartir nuestras historias hasta altas horas de la noche. A la ma\u00f1ana siguiente, nos llevaron al aeropuerto y nos despedimos.<\/p>\n<p>Al llegar a casa no pod\u00eda dejar de hablar. Y luego pas\u00f3 lo mismo en el trabajo. Y luego con mis amigos. Y luego en la salida del club. El programa de hospitalidad de \u0160koda es realmente una experiencia \u00fanica en la vida. Cualquiera que tenga la suerte de ir no la olvidar\u00e1. Conf\u00eda en m\u00ed<\/p>\n","protected":false},"excerpt":{"rendered":"<p>\u00bfGana grandes premios con \u0160koda? Bueno, por qu\u00e9 no. Al fin y al cabo soy un aficionado al Tour de [&hellip;]<\/p>\n","protected":false},"author":29,"featured_media":5076,"comment_status":"open","ping_status":"open","sticky":false,"template":"","format":"standard","meta":{"footnotes":""},"categories":[7],"tags":[168,1108],"global-categories":[],"class_list":["post-7760","post","type-post","status-publish","format-standard","has-post-thumbnail","hentry","category-carretera","tag-tour","tag-tour-francia"],"yoast_head":"<!-- This site is optimized with the Yoast SEO Premium plugin v25.3 (Yoast SEO v25.9) - https:\/\/yoast.com\/wordpress\/plugins\/seo\/ -->\n<title>As\u00ed es vivir el programa VIP \u0160koda del Tour de Francia<\/title>\n<meta name=\"description\" content=\"As\u00ed es vivir el programa VIP \u0160koda del Tour de Francia. Que incluye el programa vip para ver el Tour de Francia de \u0160koda\" \/>\n<meta name=\"robots\" content=\"index, follow, max-snippet:-1, max-image-preview:large, max-video-preview:-1\" \/>\n<link rel=\"canonical\" href=\"https:\/\/www.welovecycling.com\/es\/2021\/06\/28\/programa-vip-tour-francia\/\" \/>\n<meta property=\"og:locale\" content=\"es_ES\" \/>\n<meta property=\"og:type\" content=\"article\" \/>\n<meta property=\"og:title\" content=\"As\u00ed es vivir el programa VIP \u0160koda del Tour de Francia\" \/>\n<meta property=\"og:description\" content=\"As\u00ed es vivir el programa VIP \u0160koda del Tour de Francia. Que incluye el programa vip para ver el Tour de Francia de \u0160koda\" \/>\n<meta property=\"og:url\" content=\"https:\/\/www.welovecycling.com\/es\/2021\/06\/28\/programa-vip-tour-francia\/\" \/>\n<meta property=\"og:site_name\" content=\"\u0160koda We Love Cycling - Spain\" \/>\n<meta property=\"article:published_time\" content=\"2021-06-28T09:46:58+00:00\" \/>\n<meta property=\"og:image\" content=\"https:\/\/d2p6e6u75xmxt8.cloudfront.net\/6\/2019\/07\/FotorCreated.jpg\" \/>\n\t<meta property=\"og:image:width\" content=\"1375\" \/>\n\t<meta property=\"og:image:height\" content=\"600\" \/>\n\t<meta property=\"og:image:type\" content=\"image\/jpeg\" \/>\n<meta name=\"author\" content=\"We Love Cycling Spain\" \/>\n<meta name=\"twitter:card\" content=\"summary_large_image\" \/>\n<meta name=\"twitter:title\" content=\"As\u00ed es vivir el programa VIP \u0160koda del Tour de Francia\" \/>\n<meta name=\"twitter:description\" content=\"As\u00ed es vivir el programa VIP \u0160koda del Tour de Francia. Que incluye el programa vip para ver el Tour de Francia de \u0160koda\" \/>\n<meta name=\"twitter:label1\" content=\"Written by\" \/>\n\t<meta name=\"twitter:data1\" content=\"We Love Cycling\" \/>\n\t<meta name=\"twitter:label2\" content=\"Est. reading time\" \/>\n\t<meta name=\"twitter:data2\" content=\"5\" \/>\n<script type=\"application\/ld+json\" class=\"yoast-schema-graph\">{\"@context\":\"https:\/\/schema.org\",\"@graph\":[{\"@type\":\"WebPage\",\"@id\":\"https:\/\/www.welovecycling.com\/es\/2021\/06\/28\/programa-vip-tour-francia\/\",\"url\":\"https:\/\/www.welovecycling.com\/es\/2021\/06\/28\/programa-vip-tour-francia\/\",\"name\":\"As\u00ed es vivir el programa VIP \u0160koda del Tour de Francia\",\"isPartOf\":{\"@id\":\"https:\/\/www.welovecycling.com\/es\/#website\"},\"primaryImageOfPage\":{\"@id\":\"https:\/\/www.welovecycling.com\/es\/2021\/06\/28\/programa-vip-tour-francia\/#primaryimage\"},\"image\":{\"@id\":\"https:\/\/www.welovecycling.com\/es\/2021\/06\/28\/programa-vip-tour-francia\/#primaryimage\"},\"thumbnailUrl\":\"https:\/\/d2p6e6u75xmxt8.cloudfront.net\/6\/2019\/07\/FotorCreated.jpg\",\"datePublished\":\"2021-06-28T09:46:58+00:00\",\"author\":{\"@id\":\"https:\/\/www.welovecycling.com\/es\/#\/schema\/person\/deb61715b5812698ee79fb96f343ccd4\"},\"description\":\"As\u00ed es vivir el programa VIP \u0160koda del Tour de Francia. Que incluye el programa vip para ver el Tour de Francia de \u0160koda\",\"breadcrumb\":{\"@id\":\"https:\/\/www.welovecycling.com\/es\/2021\/06\/28\/programa-vip-tour-francia\/#breadcrumb\"},\"inLanguage\":\"es-ES\",\"potentialAction\":[{\"@type\":\"ReadAction\",\"target\":[\"https:\/\/www.welovecycling.com\/es\/2021\/06\/28\/programa-vip-tour-francia\/\"]}]},{\"@type\":\"ImageObject\",\"inLanguage\":\"es-ES\",\"@id\":\"https:\/\/www.welovecycling.com\/es\/2021\/06\/28\/programa-vip-tour-francia\/#primaryimage\",\"url\":\"https:\/\/d2p6e6u75xmxt8.cloudfront.net\/6\/2019\/07\/FotorCreated.jpg\",\"contentUrl\":\"https:\/\/d2p6e6u75xmxt8.cloudfront.net\/6\/2019\/07\/FotorCreated.jpg\",\"width\":1375,\"height\":600,\"caption\":\"The 2016 winners moments before the flyover.\"},{\"@type\":\"BreadcrumbList\",\"@id\":\"https:\/\/www.welovecycling.com\/es\/2021\/06\/28\/programa-vip-tour-francia\/#breadcrumb\",\"itemListElement\":[{\"@type\":\"ListItem\",\"position\":1,\"name\":\"Home\",\"item\":\"https:\/\/www.welovecycling.com\/es\/\"},{\"@type\":\"ListItem\",\"position\":2,\"name\":\"As\u00ed es vivir el programa VIP \u0160koda del Tour de Francia\"}]},{\"@type\":\"WebSite\",\"@id\":\"https:\/\/www.welovecycling.com\/es\/#website\",\"url\":\"https:\/\/www.welovecycling.com\/es\/\",\"name\":\"\u0160koda We Love Cycling - Spain\",\"description\":\"\u0160koda WeLoveCycling Spain\",\"potentialAction\":[{\"@type\":\"SearchAction\",\"target\":{\"@type\":\"EntryPoint\",\"urlTemplate\":\"https:\/\/www.welovecycling.com\/es\/?s={search_term_string}\"},\"query-input\":{\"@type\":\"PropertyValueSpecification\",\"valueRequired\":true,\"valueName\":\"search_term_string\"}}],\"inLanguage\":\"es-ES\"},{\"@type\":\"Person\",\"@id\":\"https:\/\/www.welovecycling.com\/es\/#\/schema\/person\/deb61715b5812698ee79fb96f343ccd4\",\"name\":\"We Love Cycling Spain\",\"image\":{\"@type\":\"ImageObject\",\"inLanguage\":\"es-ES\",\"@id\":\"https:\/\/www.welovecycling.com\/es\/#\/schema\/person\/image\/\",\"url\":\"https:\/\/secure.gravatar.com\/avatar\/c824b04e6df0e37a03219d0b6481672889df542894588964102459e46513159c?s=96&d=mm&r=g\",\"contentUrl\":\"https:\/\/secure.gravatar.com\/avatar\/c824b04e6df0e37a03219d0b6481672889df542894588964102459e46513159c?s=96&d=mm&r=g\",\"caption\":\"We Love Cycling Spain\"},\"url\":\"https:\/\/www.welovecycling.com\/es\/author\/amunoz\/\"}]}<\/script>\n<!-- \/ Yoast SEO Premium plugin. -->","yoast_head_json":{"title":"As\u00ed es vivir el programa VIP \u0160koda del Tour de Francia","description":"As\u00ed es vivir el programa VIP \u0160koda del Tour de Francia. Que incluye el programa vip para ver el Tour de Francia de \u0160koda","robots":{"index":"index","follow":"follow","max-snippet":"max-snippet:-1","max-image-preview":"max-image-preview:large","max-video-preview":"max-video-preview:-1"},"canonical":"https:\/\/www.welovecycling.com\/es\/2021\/06\/28\/programa-vip-tour-francia\/","og_locale":"es_ES","og_type":"article","og_title":"As\u00ed es vivir el programa VIP \u0160koda del Tour de Francia","og_description":"As\u00ed es vivir el programa VIP \u0160koda del Tour de Francia. Que incluye el programa vip para ver el Tour de Francia de \u0160koda","og_url":"https:\/\/www.welovecycling.com\/es\/2021\/06\/28\/programa-vip-tour-francia\/","og_site_name":"\u0160koda We Love Cycling - Spain","article_published_time":"2021-06-28T09:46:58+00:00","og_image":[{"width":1375,"height":600,"url":"https:\/\/d2p6e6u75xmxt8.cloudfront.net\/6\/2019\/07\/FotorCreated.jpg","type":"image\/jpeg"}],"author":"We Love Cycling Spain","twitter_card":"summary_large_image","twitter_title":"As\u00ed es vivir el programa VIP \u0160koda del Tour de Francia","twitter_description":"As\u00ed es vivir el programa VIP \u0160koda del Tour de Francia. Que incluye el programa vip para ver el Tour de Francia de \u0160koda","twitter_misc":{"Written by":"We Love Cycling","Est. reading time":"5"},"schema":{"@context":"https:\/\/schema.org","@graph":[{"@type":"WebPage","@id":"https:\/\/www.welovecycling.com\/es\/2021\/06\/28\/programa-vip-tour-francia\/","url":"https:\/\/www.welovecycling.com\/es\/2021\/06\/28\/programa-vip-tour-francia\/","name":"As\u00ed es vivir el programa VIP \u0160koda del Tour de Francia","isPartOf":{"@id":"https:\/\/www.welovecycling.com\/es\/#website"},"primaryImageOfPage":{"@id":"https:\/\/www.welovecycling.com\/es\/2021\/06\/28\/programa-vip-tour-francia\/#primaryimage"},"image":{"@id":"https:\/\/www.welovecycling.com\/es\/2021\/06\/28\/programa-vip-tour-francia\/#primaryimage"},"thumbnailUrl":"https:\/\/d2p6e6u75xmxt8.cloudfront.net\/6\/2019\/07\/FotorCreated.jpg","datePublished":"2021-06-28T09:46:58+00:00","author":{"@id":"https:\/\/www.welovecycling.com\/es\/#\/schema\/person\/deb61715b5812698ee79fb96f343ccd4"},"description":"As\u00ed es vivir el programa VIP \u0160koda del Tour de Francia. Que incluye el programa vip para ver el Tour de Francia de \u0160koda","breadcrumb":{"@id":"https:\/\/www.welovecycling.com\/es\/2021\/06\/28\/programa-vip-tour-francia\/#breadcrumb"},"inLanguage":"es-ES","potentialAction":[{"@type":"ReadAction","target":["https:\/\/www.welovecycling.com\/es\/2021\/06\/28\/programa-vip-tour-francia\/"]}]},{"@type":"ImageObject","inLanguage":"es-ES","@id":"https:\/\/www.welovecycling.com\/es\/2021\/06\/28\/programa-vip-tour-francia\/#primaryimage","url":"https:\/\/d2p6e6u75xmxt8.cloudfront.net\/6\/2019\/07\/FotorCreated.jpg","contentUrl":"https:\/\/d2p6e6u75xmxt8.cloudfront.net\/6\/2019\/07\/FotorCreated.jpg","width":1375,"height":600,"caption":"The 2016 winners moments before the flyover."},{"@type":"BreadcrumbList","@id":"https:\/\/www.welovecycling.com\/es\/2021\/06\/28\/programa-vip-tour-francia\/#breadcrumb","itemListElement":[{"@type":"ListItem","position":1,"name":"Home","item":"https:\/\/www.welovecycling.com\/es\/"},{"@type":"ListItem","position":2,"name":"As\u00ed es vivir el programa VIP \u0160koda del Tour de Francia"}]},{"@type":"WebSite","@id":"https:\/\/www.welovecycling.com\/es\/#website","url":"https:\/\/www.welovecycling.com\/es\/","name":"\u0160koda We Love Cycling - Spain","description":"\u0160koda WeLoveCycling Spain","potentialAction":[{"@type":"SearchAction","target":{"@type":"EntryPoint","urlTemplate":"https:\/\/www.welovecycling.com\/es\/?s={search_term_string}"},"query-input":{"@type":"PropertyValueSpecification","valueRequired":true,"valueName":"search_term_string"}}],"inLanguage":"es-ES"},{"@type":"Person","@id":"https:\/\/www.welovecycling.com\/es\/#\/schema\/person\/deb61715b5812698ee79fb96f343ccd4","name":"We Love Cycling Spain","image":{"@type":"ImageObject","inLanguage":"es-ES","@id":"https:\/\/www.welovecycling.com\/es\/#\/schema\/person\/image\/","url":"https:\/\/secure.gravatar.com\/avatar\/c824b04e6df0e37a03219d0b6481672889df542894588964102459e46513159c?s=96&d=mm&r=g","contentUrl":"https:\/\/secure.gravatar.com\/avatar\/c824b04e6df0e37a03219d0b6481672889df542894588964102459e46513159c?s=96&d=mm&r=g","caption":"We Love Cycling Spain"},"url":"https:\/\/www.welovecycling.com\/es\/author\/amunoz\/"}]}},"_links":{"self":[{"href":"https:\/\/www.welovecycling.com\/es\/wp-json\/wp\/v2\/posts\/7760","targetHints":{"allow":["GET"]}}],"collection":[{"href":"https:\/\/www.welovecycling.com\/es\/wp-json\/wp\/v2\/posts"}],"about":[{"href":"https:\/\/www.welovecycling.com\/es\/wp-json\/wp\/v2\/types\/post"}],"author":[{"embeddable":true,"href":"https:\/\/www.welovecycling.com\/es\/wp-json\/wp\/v2\/users\/29"}],"replies":[{"embeddable":true,"href":"https:\/\/www.welovecycling.com\/es\/wp-json\/wp\/v2\/comments?post=7760"}],"version-history":[{"count":2,"href":"https:\/\/www.welovecycling.com\/es\/wp-json\/wp\/v2\/posts\/7760\/revisions"}],"predecessor-version":[{"id":7764,"href":"https:\/\/www.welovecycling.com\/es\/wp-json\/wp\/v2\/posts\/7760\/revisions\/7764"}],"wp:featuredmedia":[{"embeddable":true,"href":"https:\/\/www.welovecycling.com\/es\/wp-json\/wp\/v2\/media\/5076"}],"wp:attachment":[{"href":"https:\/\/www.welovecycling.com\/es\/wp-json\/wp\/v2\/media?parent=7760"}],"wp:term":[{"taxonomy":"category","embeddable":true,"href":"https:\/\/www.welovecycling.com\/es\/wp-json\/wp\/v2\/categories?post=7760"},{"taxonomy":"post_tag","embeddable":true,"href":"https:\/\/www.welovecycling.com\/es\/wp-json\/wp\/v2\/tags?post=7760"},{"taxonomy":"global-categories","embeddable":true,"href":"https:\/\/www.welovecycling.com\/es\/wp-json\/wp\/v2\/global-categories?post=7760"}],"curies":[{"name":"wp","href":"https:\/\/api.w.org\/{rel}","templated":true}]}}